{"id":184863,"date":"2024-11-13T17:15:00","date_gmt":"2024-11-13T20:15:00","guid":{"rendered":"https:\/\/www.gaveanews.com\/?p=184863"},"modified":"2024-11-13T17:01:00","modified_gmt":"2024-11-13T20:01:00","slug":"joel-santana-indica-contratacao-para-fluminense-e-vasco","status":"publish","type":"post","link":"https:\/\/www.gaveanews.com\/index.php\/2024\/11\/13\/joel-santana-indica-contratacao-para-fluminense-e-vasco\/","title":{"rendered":"Joel Santana indica contrata\u00e7\u00e3o para Fluminense e Vasco"},"content":{"rendered":"\n<p>O experiente Joel Santana voltou a chamar aten\u00e7\u00e3o nas redes sociais com um coment\u00e1rio direto sobre o mercado de transfer\u00eancias. Durante um v\u00eddeo em seu canal no YouTube, o ex-treinador, conhecido como \u201cRei do Rio\u201d, recomendou a contrata\u00e7\u00e3o de um zagueiro para dois gigantes cariocas: Fluminense e Vasco da Gama. A sugest\u00e3o de Joel surpreendeu, mas veio acompanhada de argumentos contundentes.<\/p>\n\n\n\n<ul class=\"wp-block-list\">\n<li><a href=\"https:\/\/www.gaveanews.com\/index.php\/2024\/11\/13\/ele-estava-esquecido-no-vasco-mas-agora-vai-ganhar-mais-oportunidades\/\">Ele estava esquecido no Vasco mas agora vai ganhar mais oportunidades<\/a><\/li>\n\n\n\n<li><a href=\"https:\/\/www.gaveanews.com\/index.php\/2024\/11\/13\/veja-o-pensamento-de-arias-sobre-deixar-o-fluminense-para-jogar-no-cruzeiro\/\">Veja o pensamento de Arias sobre deixar o Fluminense para jogar no Cruzeiro<\/a><\/li>\n<\/ul>\n\n\n\n<h2 class=\"wp-block-heading\" id=\"h-marllon-o-zagueiro-aprovado-pelo-rei-do-rio\">Marllon: o zagueiro aprovado pelo Rei do Rio<\/h2>\n\n\n\n<p>Joel Santana indicou o zagueiro Marllon, atualmente no Cuiab\u00e1, como uma excelente op\u00e7\u00e3o para refor\u00e7ar a zaga do Vasco e do Fluminense. O defensor de 32 anos \u00e9 um velho conhecido de Joel, que trabalhou com ele no in\u00edcio de sua carreira, ainda nos tempos de Flamengo. \u201cO zagueiro do Cuiab\u00e1 \u00e9 bom. Joga no Vasco bem. E hoje o Fluminense t\u00e1 sem zagueiro. Quer um zagueiro? Contrata ele\u201d, afirmou Joel em seu canal.<\/p>\n\n\n\n<p>Vale destacar que Marllon tem passagem por clubes importantes, como Corinthians e Cruzeiro, o que demonstra sua experi\u00eancia no futebol brasileiro. Al\u00e9m disso, o ex-treinador n\u00e3o poupou elogios ao zagueiro, afirmando: \u201cFoi meu jogador, eu conhe\u00e7o. \u00c9 r\u00e1pido, \u00e9 esguio e na cabe\u00e7a ganha todas\u201d. Por isso, Joel acredita que Marllon seria uma adi\u00e7\u00e3o valiosa para ambas as equipes cariocas.<\/p>\n\n\n\n<figure class=\"wp-block-embed is-type-photo is-provider-flickr wp-block-embed-flickr\"><div class=\"wp-block-embed__wrapper\">\n<a href=\"https:\/\/www.flickr.com\/photos\/201155970@N03\/54138250155\/in\/dateposted-public\/\"><img loading=\"lazy\" decoding=\"async\" src=\"https:\/\/live.staticflickr.com\/65535\/54138250155_fb97bc29be_z.webp\" alt=\"imagem_2024-11-13_170035916\" width=\"640\" height=\"427\" \/><\/a>\n<\/div><\/figure>\n\n\n\n<h2 class=\"wp-block-heading\" id=\"h-criticas-a-defesa-do-vasco-e-analise-do-botafogo\">Cr\u00edticas \u00e0 defesa do Vasco e an\u00e1lise do Botafogo<\/h2>\n\n\n\n<p>Durante o v\u00eddeo, Joel Santana tamb\u00e9m n\u00e3o perdeu a oportunidade de criticar a atual dupla de zaga do Vasco, formada por Maicon e L\u00e9o Pel\u00e9. Dessa maneira, o ex-t\u00e9cnico refor\u00e7ou a necessidade de refor\u00e7os defensivos no elenco vasca\u00edno, sugerindo que Marllon poderia resolver os problemas observados na defesa.<\/p>\n\n\n\n<p>Al\u00e9m da an\u00e1lise sobre o zagueiro, Joel Santana comentou o empate sem gols entre Botafogo e Cuiab\u00e1, pelo Brasileir\u00e3o Betano. Cabe ressaltar que o resultado foi um trope\u00e7o para o Botafogo, que desperdi\u00e7ou uma chance importante de se aproximar do t\u00edtulo nacional. Sendo assim, Joel lamentou a oportunidade perdida pelo Fog\u00e3o, enfatizando a qualidade da atua\u00e7\u00e3o de Marllon na partida.<\/p>\n\n\n\n<p>Com isso, fica claro que Joel Santana v\u00ea potencial em Marllon para refor\u00e7ar grandes equipes do Rio de Janeiro, mostrando sua experi\u00eancia e olho cl\u00ednico para identificar talentos no futebol brasileiro.<\/p>\n","protected":false},"excerpt":{"rendered":"<p>O experiente Joel Santana voltou a chamar aten\u00e7\u00e3o nas redes sociais com um coment\u00e1rio direto sobre o mercado de transfer\u00eancias. Durante um v\u00eddeo em seu canal no YouTube, o ex-treinador, conhecido como \u201cRei do Rio\u201d, recomendou a contrata\u00e7\u00e3o de um zagueiro para dois gigantes cariocas: Fluminense e Vasco da Gama. A sugest\u00e3o de Joel surpreendeu, [&hellip;]<\/p>\n","protected":false},"author":24,"featured_media":75019,"comment_status":"open","ping_status":"closed","sticky":false,"template":"","format":"standard","meta":{"footnotes":""},"categories":[145,152],"tags":[],"class_list":["post-184863","post","type-post","status-publish","format-standard","has-post-thumbnail","hentry","category-fluminense","category-vasco"],"yoast_head":"<!-- This site is optimized with the Yoast SEO Premium plugin v24.2 (Yoast SEO v26.9) - https:\/\/yoast.com\/product\/yoast-seo-premium-wordpress\/ -->\n<title>Joel Santana indica contrata\u00e7\u00e3o para Fluminense e Vasco<\/title>\n<meta name=\"robots\" content=\"index, follow, max-snippet:-1, max-image-preview:large, max-video-preview:-1\" \/>\n<link rel=\"canonical\" href=\"https:\/\/www.gaveanews.com\/index.php\/2024\/11\/13\/joel-santana-indica-contratacao-para-fluminense-e-vasco\/\" \/>\n<meta property=\"og:locale\" content=\"pt_BR\" \/>\n<meta property=\"og:type\" content=\"article\" \/>\n<meta property=\"og:title\" content=\"Joel Santana indica contrata\u00e7\u00e3o para Fluminense e Vasco\" \/>\n<meta property=\"og:description\" content=\"O experiente Joel Santana voltou a chamar aten\u00e7\u00e3o nas redes sociais com um coment\u00e1rio direto sobre o mercado de transfer\u00eancias. Durante um v\u00eddeo em seu canal no YouTube, o ex-treinador, conhecido como \u201cRei do Rio\u201d, recomendou a contrata\u00e7\u00e3o de um zagueiro para dois gigantes cariocas: Fluminense e Vasco da Gama. A sugest\u00e3o de Joel surpreendeu, [&hellip;]\" \/>\n<meta property=\"og:url\" content=\"https:\/\/www.gaveanews.com\/index.php\/2024\/11\/13\/joel-santana-indica-contratacao-para-fluminense-e-vasco\/\" \/>\n<meta property=\"og:site_name\" content=\"G\u00e1vea News\" \/>\n<meta property=\"article:publisher\" content=\"https:\/\/facebook.com\/gaveaNews\/\" \/>\n<meta property=\"article:published_time\" content=\"2024-11-13T20:15:00+00:00\" \/>\n<meta property=\"og:image\" content=\"https:\/\/www.gaveanews.com\/wp-content\/uploads\/Joel-Santana-Ronaldinho-Gaucho-e-Deivid-durante-treinamento-do-Flamengo.webp\" \/>\n\t<meta property=\"og:image:width\" content=\"1086\" \/>\n\t<meta property=\"og:image:height\" content=\"652\" \/>\n\t<meta property=\"og:image:type\" content=\"image\/jpeg\" \/>\n<meta name=\"author\" content=\"Leandro Cardoso\" \/>\n<meta name=\"twitter:card\" content=\"summary_large_image\" \/>\n<meta name=\"twitter:label1\" content=\"Escrito por\" \/>\n\t<meta name=\"twitter:data1\" content=\"Leandro Cardoso\" \/>\n\t<meta name=\"twitter:label2\" content=\"Est. tempo de leitura\" \/>\n\t<meta name=\"twitter:data2\" content=\"3 minutos\" \/>\n<script type=\"application\/ld+json\" class=\"yoast-schema-graph\">{\"@context\":\"https:\/\/schema.org\",\"@graph\":[{\"@type\":\"NewsArticle\",\"@id\":\"https:\/\/www.gaveanews.com\/index.php\/2024\/11\/13\/joel-santana-indica-contratacao-para-fluminense-e-vasco\/#article\",\"isPartOf\":{\"@id\":\"https:\/\/www.gaveanews.com\/index.php\/2024\/11\/13\/joel-santana-indica-contratacao-para-fluminense-e-vasco\/\"},\"author\":{\"name\":\"Leandro Cardoso\",\"@id\":\"https:\/\/www.gaveanews.com\/#\/schema\/person\/2424ec6409bc3f068411fc5e4e9b6168\"},\"headline\":\"Joel Santana indica contrata\u00e7\u00e3o para Fluminense e Vasco\",\"datePublished\":\"2024-11-13T20:15:00+00:00\",\"mainEntityOfPage\":{\"@id\":\"https:\/\/www.gaveanews.com\/index.php\/2024\/11\/13\/joel-santana-indica-contratacao-para-fluminense-e-vasco\/\"},\"wordCount\":423,\"commentCount\":0,\"image\":{\"@id\":\"https:\/\/www.gaveanews.com\/index.php\/2024\/11\/13\/joel-santana-indica-contratacao-para-fluminense-e-vasco\/#primaryimage\"},\"thumbnailUrl\":\"https:\/\/www.gaveanews.com\/wp-content\/uploads\/Joel-Santana-Ronaldinho-Gaucho-e-Deivid-durante-treinamento-do-Flamengo.webp\",\"articleSection\":[\"Fluminense\",\"Vasco\"],\"inLanguage\":\"pt-BR\",\"potentialAction\":[{\"@type\":\"CommentAction\",\"name\":\"Comment\",\"target\":[\"https:\/\/www.gaveanews.com\/index.php\/2024\/11\/13\/joel-santana-indica-contratacao-para-fluminense-e-vasco\/#respond\"]}],\"copyrightYear\":\"2024\",\"copyrightHolder\":{\"@id\":\"https:\/\/www.gaveanews.com\/#organization\"}},{\"@type\":\"WebPage\",\"@id\":\"https:\/\/www.gaveanews.com\/index.php\/2024\/11\/13\/joel-santana-indica-contratacao-para-fluminense-e-vasco\/\",\"url\":\"https:\/\/www.gaveanews.com\/index.php\/2024\/11\/13\/joel-santana-indica-contratacao-para-fluminense-e-vasco\/\",\"name\":\"Joel Santana indica contrata\u00e7\u00e3o para Fluminense e Vasco\",\"isPartOf\":{\"@id\":\"https:\/\/www.gaveanews.com\/#website\"},\"primaryImageOfPage\":{\"@id\":\"https:\/\/www.gaveanews.com\/index.php\/2024\/11\/13\/joel-santana-indica-contratacao-para-fluminense-e-vasco\/#primaryimage\"},\"image\":{\"@id\":\"https:\/\/www.gaveanews.com\/index.php\/2024\/11\/13\/joel-santana-indica-contratacao-para-fluminense-e-vasco\/#primaryimage\"},\"thumbnailUrl\":\"https:\/\/www.gaveanews.com\/wp-content\/uploads\/Joel-Santana-Ronaldinho-Gaucho-e-Deivid-durante-treinamento-do-Flamengo.webp\",\"datePublished\":\"2024-11-13T20:15:00+00:00\",\"author\":{\"@id\":\"https:\/\/www.gaveanews.com\/#\/schema\/person\/2424ec6409bc3f068411fc5e4e9b6168\"},\"breadcrumb\":{\"@id\":\"https:\/\/www.gaveanews.com\/index.php\/2024\/11\/13\/joel-santana-indica-contratacao-para-fluminense-e-vasco\/#breadcrumb\"},\"inLanguage\":\"pt-BR\",\"potentialAction\":[{\"@type\":\"ReadAction\",\"target\":[\"https:\/\/www.gaveanews.com\/index.php\/2024\/11\/13\/joel-santana-indica-contratacao-para-fluminense-e-vasco\/\"]}]},{\"@type\":\"ImageObject\",\"inLanguage\":\"pt-BR\",\"@id\":\"https:\/\/www.gaveanews.com\/index.php\/2024\/11\/13\/joel-santana-indica-contratacao-para-fluminense-e-vasco\/#primaryimage\",\"url\":\"https:\/\/www.gaveanews.com\/wp-content\/uploads\/Joel-Santana-Ronaldinho-Gaucho-e-Deivid-durante-treinamento-do-Flamengo.webp\",\"contentUrl\":\"https:\/\/www.gaveanews.com\/wp-content\/uploads\/Joel-Santana-Ronaldinho-Gaucho-e-Deivid-durante-treinamento-do-Flamengo.webp\",\"width\":1086,\"height\":652,\"caption\":\"Joel Santana, Ronaldinho Ga\u00facho e Deivid durante treinamento do Flamengo (Foto: Reprodu\u00e7\u00e3o)\"},{\"@type\":\"BreadcrumbList\",\"@id\":\"https:\/\/www.gaveanews.com\/index.php\/2024\/11\/13\/joel-santana-indica-contratacao-para-fluminense-e-vasco\/#breadcrumb\",\"itemListElement\":[{\"@type\":\"ListItem\",\"position\":1,\"name\":\"Home\",\"item\":\"https:\/\/www.gaveanews.com\/\"},{\"@type\":\"ListItem\",\"position\":2,\"name\":\"Joel Santana indica contrata\u00e7\u00e3o para Fluminense e Vasco\"}]},{\"@type\":\"WebSite\",\"@id\":\"https:\/\/www.gaveanews.com\/#website\",\"url\":\"https:\/\/www.gaveanews.com\/\",\"name\":\"G\u00e1vea News\",\"description\":\"Veja todas as not\u00edcias sobre o Flamengo: Contrata\u00e7\u00f5es, categorias de base, resultados das partidas, tabela de classifica\u00e7\u00e3o, pr\u00f3ximos jogos!\",\"potentialAction\":[{\"@type\":\"SearchAction\",\"target\":{\"@type\":\"EntryPoint\",\"urlTemplate\":\"https:\/\/www.gaveanews.com\/?s={search_term_string}\"},\"query-input\":{\"@type\":\"PropertyValueSpecification\",\"valueRequired\":true,\"valueName\":\"search_term_string\"}}],\"inLanguage\":\"pt-BR\"},{\"@type\":\"Person\",\"@id\":\"https:\/\/www.gaveanews.com\/#\/schema\/person\/2424ec6409bc3f068411fc5e4e9b6168\",\"name\":\"Leandro Cardoso\",\"image\":{\"@type\":\"ImageObject\",\"inLanguage\":\"pt-BR\",\"@id\":\"https:\/\/www.gaveanews.com\/#\/schema\/person\/image\/\",\"url\":\"https:\/\/secure.gravatar.com\/avatar\/8ca179f9b55eefe9f376f5493ef25475bfa59fbc28ce937f6076ce20e523098f?s=96&d=mm&r=g\",\"contentUrl\":\"https:\/\/secure.gravatar.com\/avatar\/8ca179f9b55eefe9f376f5493ef25475bfa59fbc28ce937f6076ce20e523098f?s=96&d=mm&r=g\",\"caption\":\"Leandro Cardoso\"}}]}<\/script>\n<!-- \/ Yoast SEO Premium plugin. -->","yoast_head_json":{"title":"Joel Santana indica contrata\u00e7\u00e3o para Fluminense e Vasco","robots":{"index":"index","follow":"follow","max-snippet":"max-snippet:-1","max-image-preview":"max-image-preview:large","max-video-preview":"max-video-preview:-1"},"canonical":"https:\/\/www.gaveanews.com\/index.php\/2024\/11\/13\/joel-santana-indica-contratacao-para-fluminense-e-vasco\/","og_locale":"pt_BR","og_type":"article","og_title":"Joel Santana indica contrata\u00e7\u00e3o para Fluminense e Vasco","og_description":"O experiente Joel Santana voltou a chamar aten\u00e7\u00e3o nas redes sociais com um coment\u00e1rio direto sobre o mercado de transfer\u00eancias. Durante um v\u00eddeo em seu canal no YouTube, o ex-treinador, conhecido como \u201cRei do Rio\u201d, recomendou a contrata\u00e7\u00e3o de um zagueiro para dois gigantes cariocas: Fluminense e Vasco da Gama. A sugest\u00e3o de Joel surpreendeu, [&hellip;]","og_url":"https:\/\/www.gaveanews.com\/index.php\/2024\/11\/13\/joel-santana-indica-contratacao-para-fluminense-e-vasco\/","og_site_name":"G\u00e1vea News","article_publisher":"https:\/\/facebook.com\/gaveaNews\/","article_published_time":"2024-11-13T20:15:00+00:00","og_image":[{"width":1086,"height":652,"url":"https:\/\/www.gaveanews.com\/wp-content\/uploads\/Joel-Santana-Ronaldinho-Gaucho-e-Deivid-durante-treinamento-do-Flamengo.webp","type":"image\/jpeg"}],"author":"Leandro Cardoso","twitter_card":"summary_large_image","twitter_misc":{"Escrito por":"Leandro Cardoso","Est. tempo de leitura":"3 minutos"},"schema":{"@context":"https:\/\/schema.org","@graph":[{"@type":"NewsArticle","@id":"https:\/\/www.gaveanews.com\/index.php\/2024\/11\/13\/joel-santana-indica-contratacao-para-fluminense-e-vasco\/#article","isPartOf":{"@id":"https:\/\/www.gaveanews.com\/index.php\/2024\/11\/13\/joel-santana-indica-contratacao-para-fluminense-e-vasco\/"},"author":{"name":"Leandro Cardoso","@id":"https:\/\/www.gaveanews.com\/#\/schema\/person\/2424ec6409bc3f068411fc5e4e9b6168"},"headline":"Joel Santana indica contrata\u00e7\u00e3o para Fluminense e Vasco","datePublished":"2024-11-13T20:15:00+00:00","mainEntityOfPage":{"@id":"https:\/\/www.gaveanews.com\/index.php\/2024\/11\/13\/joel-santana-indica-contratacao-para-fluminense-e-vasco\/"},"wordCount":423,"commentCount":0,"image":{"@id":"https:\/\/www.gaveanews.com\/index.php\/2024\/11\/13\/joel-santana-indica-contratacao-para-fluminense-e-vasco\/#primaryimage"},"thumbnailUrl":"https:\/\/www.gaveanews.com\/wp-content\/uploads\/Joel-Santana-Ronaldinho-Gaucho-e-Deivid-durante-treinamento-do-Flamengo.webp","articleSection":["Fluminense","Vasco"],"inLanguage":"pt-BR","potentialAction":[{"@type":"CommentAction","name":"Comment","target":["https:\/\/www.gaveanews.com\/index.php\/2024\/11\/13\/joel-santana-indica-contratacao-para-fluminense-e-vasco\/#respond"]}],"copyrightYear":"2024","copyrightHolder":{"@id":"https:\/\/www.gaveanews.com\/#organization"}},{"@type":"WebPage","@id":"https:\/\/www.gaveanews.com\/index.php\/2024\/11\/13\/joel-santana-indica-contratacao-para-fluminense-e-vasco\/","url":"https:\/\/www.gaveanews.com\/index.php\/2024\/11\/13\/joel-santana-indica-contratacao-para-fluminense-e-vasco\/","name":"Joel Santana indica contrata\u00e7\u00e3o para Fluminense e Vasco","isPartOf":{"@id":"https:\/\/www.gaveanews.com\/#website"},"primaryImageOfPage":{"@id":"https:\/\/www.gaveanews.com\/index.php\/2024\/11\/13\/joel-santana-indica-contratacao-para-fluminense-e-vasco\/#primaryimage"},"image":{"@id":"https:\/\/www.gaveanews.com\/index.php\/2024\/11\/13\/joel-santana-indica-contratacao-para-fluminense-e-vasco\/#primaryimage"},"thumbnailUrl":"https:\/\/www.gaveanews.com\/wp-content\/uploads\/Joel-Santana-Ronaldinho-Gaucho-e-Deivid-durante-treinamento-do-Flamengo.webp","datePublished":"2024-11-13T20:15:00+00:00","author":{"@id":"https:\/\/www.gaveanews.com\/#\/schema\/person\/2424ec6409bc3f068411fc5e4e9b6168"},"breadcrumb":{"@id":"https:\/\/www.gaveanews.com\/index.php\/2024\/11\/13\/joel-santana-indica-contratacao-para-fluminense-e-vasco\/#breadcrumb"},"inLanguage":"pt-BR","potentialAction":[{"@type":"ReadAction","target":["https:\/\/www.gaveanews.com\/index.php\/2024\/11\/13\/joel-santana-indica-contratacao-para-fluminense-e-vasco\/"]}]},{"@type":"ImageObject","inLanguage":"pt-BR","@id":"https:\/\/www.gaveanews.com\/index.php\/2024\/11\/13\/joel-santana-indica-contratacao-para-fluminense-e-vasco\/#primaryimage","url":"https:\/\/www.gaveanews.com\/wp-content\/uploads\/Joel-Santana-Ronaldinho-Gaucho-e-Deivid-durante-treinamento-do-Flamengo.webp","contentUrl":"https:\/\/www.gaveanews.com\/wp-content\/uploads\/Joel-Santana-Ronaldinho-Gaucho-e-Deivid-durante-treinamento-do-Flamengo.webp","width":1086,"height":652,"caption":"Joel Santana, Ronaldinho Ga\u00facho e Deivid durante treinamento do Flamengo (Foto: Reprodu\u00e7\u00e3o)"},{"@type":"BreadcrumbList","@id":"https:\/\/www.gaveanews.com\/index.php\/2024\/11\/13\/joel-santana-indica-contratacao-para-fluminense-e-vasco\/#breadcrumb","itemListElement":[{"@type":"ListItem","position":1,"name":"Home","item":"https:\/\/www.gaveanews.com\/"},{"@type":"ListItem","position":2,"name":"Joel Santana indica contrata\u00e7\u00e3o para Fluminense e Vasco"}]},{"@type":"WebSite","@id":"https:\/\/www.gaveanews.com\/#website","url":"https:\/\/www.gaveanews.com\/","name":"G\u00e1vea News","description":"Veja todas as not\u00edcias sobre o Flamengo: Contrata\u00e7\u00f5es, categorias de base, resultados das partidas, tabela de classifica\u00e7\u00e3o, pr\u00f3ximos jogos!","potentialAction":[{"@type":"SearchAction","target":{"@type":"EntryPoint","urlTemplate":"https:\/\/www.gaveanews.com\/?s={search_term_string}"},"query-input":{"@type":"PropertyValueSpecification","valueRequired":true,"valueName":"search_term_string"}}],"inLanguage":"pt-BR"},{"@type":"Person","@id":"https:\/\/www.gaveanews.com\/#\/schema\/person\/2424ec6409bc3f068411fc5e4e9b6168","name":"Leandro Cardoso","image":{"@type":"ImageObject","inLanguage":"pt-BR","@id":"https:\/\/www.gaveanews.com\/#\/schema\/person\/image\/","url":"https:\/\/secure.gravatar.com\/avatar\/8ca179f9b55eefe9f376f5493ef25475bfa59fbc28ce937f6076ce20e523098f?s=96&d=mm&r=g","contentUrl":"https:\/\/secure.gravatar.com\/avatar\/8ca179f9b55eefe9f376f5493ef25475bfa59fbc28ce937f6076ce20e523098f?s=96&d=mm&r=g","caption":"Leandro Cardoso"}}]}},"_links":{"self":[{"href":"https:\/\/www.gaveanews.com\/index.php\/wp-json\/wp\/v2\/posts\/184863","targetHints":{"allow":["GET"]}}],"collection":[{"href":"https:\/\/www.gaveanews.com\/index.php\/wp-json\/wp\/v2\/posts"}],"about":[{"href":"https:\/\/www.gaveanews.com\/index.php\/wp-json\/wp\/v2\/types\/post"}],"author":[{"embeddable":true,"href":"https:\/\/www.gaveanews.com\/index.php\/wp-json\/wp\/v2\/users\/24"}],"replies":[{"embeddable":true,"href":"https:\/\/www.gaveanews.com\/index.php\/wp-json\/wp\/v2\/comments?post=184863"}],"version-history":[{"count":2,"href":"https:\/\/www.gaveanews.com\/index.php\/wp-json\/wp\/v2\/posts\/184863\/revisions"}],"predecessor-version":[{"id":184918,"href":"https:\/\/www.gaveanews.com\/index.php\/wp-json\/wp\/v2\/posts\/184863\/revisions\/184918"}],"wp:featuredmedia":[{"embeddable":true,"href":"https:\/\/www.gaveanews.com\/index.php\/wp-json\/wp\/v2\/media\/75019"}],"wp:attachment":[{"href":"https:\/\/www.gaveanews.com\/index.php\/wp-json\/wp\/v2\/media?parent=184863"}],"wp:term":[{"taxonomy":"category","embeddable":true,"href":"https:\/\/www.gaveanews.com\/index.php\/wp-json\/wp\/v2\/categories?post=184863"},{"taxonomy":"post_tag","embeddable":true,"href":"https:\/\/www.gaveanews.com\/index.php\/wp-json\/wp\/v2\/tags?post=184863"}],"curies":[{"name":"wp","href":"https:\/\/api.w.org\/{rel}","templated":true}]}}