{"id":184884,"date":"2024-11-13T16:25:16","date_gmt":"2024-11-13T19:25:16","guid":{"rendered":"https:\/\/www.gaveanews.com\/?p=184884"},"modified":"2024-11-13T17:02:36","modified_gmt":"2024-11-13T20:02:36","slug":"ancelotti-autoriza-e-real-madrid-vai-contratar-jogador-do-liverpool","status":"publish","type":"post","link":"https:\/\/www.gaveanews.com\/index.php\/2024\/11\/13\/ancelotti-autoriza-e-real-madrid-vai-contratar-jogador-do-liverpool\/","title":{"rendered":"Ancelotti autoriza e Real Madrid vai contratar jogador do Liverpool"},"content":{"rendered":"\n<p>O confronto entre Liverpool e Real Madrid, marcado para o dia 27 de novembro, promete ser um marco n\u00e3o s\u00f3 dentro de campo, mas tamb\u00e9m para o futuro do futebol europeu. O jogo, que ocorrer\u00e1 em Anfield, pode ser decisivo para o lateral-direito Alexander-Arnold, uma das maiores promessas do Liverpool, e para o planejamento de refor\u00e7os do Real Madrid. <\/p>\n\n\n\n<ul class=\"wp-block-list\">\n<li><a href=\"https:\/\/www.gaveanews.com\/index.php\/2024\/11\/13\/real-madrid-define-substituto-para-toni-kroos\/\">Real Madrid define substituto para Toni Kroos<\/a><\/li>\n\n\n\n<li><a href=\"https:\/\/www.gaveanews.com\/index.php\/2024\/10\/28\/real-madrid-barcelona-manchester-city-paris-saint-germain-liverpool-chelsea-manchester-united-bayern-de-munique-milan-porto-os-times-da-europa-mais-populares-no-brasil\/\">Real Madrid, Barcelona, Manchester City, Paris Saint-Germain, Liverpool, Chelsea, Manchester United, Bayern de Munique, Milan, Porto: os times da Europa mais populares no Brasil<\/a><\/li>\n<\/ul>\n\n\n\n<h2 class=\"wp-block-heading\" id=\"h-real-madrid-e-a-situacao-das-lesoes\">Real Madrid e a situa\u00e7\u00e3o das les\u00f5es<\/h2>\n\n\n\n<p>A recente sequ\u00eancia de les\u00f5es que afeta a defesa do Real Madrid colocou o clube em uma situa\u00e7\u00e3o delicada. Em especial, a lateral-direita e a posi\u00e7\u00e3o de zagueiro central est\u00e3o em desvantagem, com jogadores-chave como Milit\u00e3o e Alaba fora de combate devido a les\u00f5es graves. <\/p>\n\n\n\n<p>Isso porque, em menos de um ano, o clube enfrentou rupturas no ligamento cruzado de seus titulares, e agora se v\u00ea novamente sem op\u00e7\u00f5es em posi\u00e7\u00f5es essenciais para o seu sistema defensivo. Al\u00e9m disso, o Real Madrid, tradicionalmente resistente ao mercado de inverno, se v\u00ea for\u00e7ado a repensar essa estrat\u00e9gia. <\/p>\n\n\n\n<p>A situa\u00e7\u00e3o f\u00edsica de seus jogadores e as demandas de uma temporada cheia de desafios podem acelerar negocia\u00e7\u00f5es que antes eram planejadas para o ver\u00e3o, especialmente no caso de Alexander-Arnold, cujo nome j\u00e1 est\u00e1 na pauta das reuni\u00f5es do clube.<\/p>\n\n\n\n<h2 class=\"wp-block-heading\" id=\"h-alexander-arnold-quando-o-real-madrid-vai-agir\">Alexander-Arnold: Quando o Real Madrid vai agir?<\/h2>\n\n\n\n<p>Vale destacar que as conversas entre Liverpool e Real Madrid sobre o lateral brit\u00e2nico n\u00e3o s\u00e3o novidade. A transfer\u00eancia j\u00e1 vinha sendo discutida h\u00e1 algum tempo, mas a postura firme de Arnold em n\u00e3o renovar seu contrato com o clube ingl\u00eas pode acelerar o processo. <\/p>\n\n\n\n<figure class=\"wp-block-image size-large\"><img loading=\"lazy\" decoding=\"async\" width=\"1024\" height=\"682\" src=\"https:\/\/www.gaveanews.com\/wp-content\/uploads\/bryan.m19_1709245937257-1024x682.webp\" alt=\"\" class=\"wp-image-129342\" srcset=\"https:\/\/www.gaveanews.com\/wp-content\/uploads\/bryan.m19_1709245937257-1024x682.webp 1024w, https:\/\/www.gaveanews.com\/wp-content\/uploads\/bryan.m19_1709245937257-300x200.webp 300w, https:\/\/www.gaveanews.com\/wp-content\/uploads\/bryan.m19_1709245937257-768x511.webp 768w, https:\/\/www.gaveanews.com\/wp-content\/uploads\/bryan.m19_1709245937257-631x420.webp 631w, https:\/\/www.gaveanews.com\/wp-content\/uploads\/bryan.m19_1709245937257-1261x840.webp 1261w, https:\/\/www.gaveanews.com\/wp-content\/uploads\/bryan.m19_1709245937257-640x426.webp 640w, https:\/\/www.gaveanews.com\/wp-content\/uploads\/bryan.m19_1709245937257-1280x852.webp 1280w, https:\/\/www.gaveanews.com\/wp-content\/uploads\/bryan.m19_1709245937257-681x454.webp 681w, https:\/\/www.gaveanews.com\/wp-content\/uploads\/bryan.m19_1709245937257-1362x907.webp 1362w, https:\/\/www.gaveanews.com\/wp-content\/uploads\/bryan.m19_1709245937257-100x67.webp 100w, https:\/\/www.gaveanews.com\/wp-content\/uploads\/bryan.m19_1709245937257.webp 1440w\" sizes=\"auto, (max-width: 1024px) 100vw, 1024px\" \/><figcaption class=\"wp-element-caption\">Trent John Alexander-Arnold e Bryan Mbeumo em campo (Foto: Reprodu\u00e7\u00e3o\/Instagram)<\/figcaption><\/figure>\n\n\n\n<p>Dessa maneira, o Real Madrid se prepara para um movimento mais ousado, que pode se concretizar ainda em janeiro, um m\u00eas que tradicionalmente n\u00e3o \u00e9 atraente para o clube espanhol. No entanto, o timing para essa negocia\u00e7\u00e3o est\u00e1 intimamente ligado \u00e0 situa\u00e7\u00e3o do jogador e, claro, ao desempenho do Liverpool na temporada. <\/p>\n\n\n\n<p>O pr\u00f3prio Real Madrid, por isso, est\u00e1 analisando a quest\u00e3o de perto, aguardando as condi\u00e7\u00f5es ideais para fazer uma proposta irrecus\u00e1vel. &#8220;A sua posi\u00e7\u00e3o continua firme&#8221;, diz a MARCA sobre o desejo de Arnold de deixar Anfield.<\/p>\n\n\n\n<h2 class=\"wp-block-heading\" id=\"h-relacoes-estreitas-entre-os-clubes\">Rela\u00e7\u00f5es estreitas entre os clubes<\/h2>\n\n\n\n<p>Com isso, o fator relacional entra em cena. A boa rela\u00e7\u00e3o entre o Real Madrid e o Liverpool pode ser determinante para uma transa\u00e7\u00e3o bem-sucedida. Os clubes se consideram &#8220;irm\u00e3os&#8221; no cen\u00e1rio europeu e, por isso, um acordo para a contrata\u00e7\u00e3o de Arnold, mesmo que fora do padr\u00e3o habitual de negocia\u00e7\u00f5es madrilenas, n\u00e3o seria surpresa. A cortesia nas visitas e a confian\u00e7a m\u00fatua criam um ambiente favor\u00e1vel para que o neg\u00f3cio se concretize.<\/p>\n\n\n\n<h2 class=\"wp-block-heading\" id=\"h-o-futuro-de-ancelotti-e-suas-opcoes-no-mercado\">O futuro de Ancelotti e suas op\u00e7\u00f5es no mercado<\/h2>\n\n\n\n<p>Sendo assim, o Real Madrid se v\u00ea diante de um dilema. O time de Ancelotti necessita de refor\u00e7os, principalmente na lateral e na defesa, mas precisa equilibrar essa necessidade com a estrat\u00e9gia de longo prazo do clube. O nome de Arnold est\u00e1 na mesa, e a chegada de um novo lateral-direito ao Santiago Bernab\u00e9u poderia ser o impulso necess\u00e1rio para estabilizar o setor. <\/p>\n\n\n\n<p>Cabe ressaltar que, por enquanto, tudo depende da recupera\u00e7\u00e3o dos jogadores lesionados e de como as negocia\u00e7\u00f5es com o Liverpool evoluir\u00e3o nas pr\u00f3ximas semanas.<\/p>\n\n\n\n<p>Com isso, a janela de janeiro se aproxima, e o futuro de Alexander-Arnold pode ser decidido em um confronto de peso no cora\u00e7\u00e3o de Anfield. Se o Real Madrid conseguir antecipar a chegada do lateral, a temporada do clube pode ganhar um novo rumo, com a defesa mais robusta e com os refor\u00e7os certos para continuar a sua busca por t\u00edtulos.<\/p>\n","protected":false},"excerpt":{"rendered":"<p>O confronto entre Liverpool e Real Madrid, marcado para o dia 27 de novembro, promete ser um marco n\u00e3o s\u00f3 dentro de campo, mas tamb\u00e9m para o futuro do futebol europeu. O jogo, que ocorrer\u00e1 em Anfield, pode ser decisivo para o lateral-direito Alexander-Arnold, uma das maiores promessas do Liverpool, e para o planejamento de [&hellip;]<\/p>\n","protected":false},"author":24,"featured_media":119629,"comment_status":"open","ping_status":"closed","sticky":false,"template":"","format":"standard","meta":{"footnotes":""},"categories":[92,88],"tags":[],"class_list":["post-184884","post","type-post","status-publish","format-standard","has-post-thumbnail","hentry","category-liverpool","category-real-madrid"],"yoast_head":"<!-- This site is optimized with the Yoast SEO Premium plugin v24.2 (Yoast SEO v26.9) - https:\/\/yoast.com\/product\/yoast-seo-premium-wordpress\/ -->\n<title>Ancelotti autoriza e Real Madrid vai contratar jogador do Liverpool<\/title>\n<meta name=\"robots\" content=\"index, follow, max-snippet:-1, max-image-preview:large, max-video-preview:-1\" \/>\n<link rel=\"canonical\" href=\"https:\/\/www.gaveanews.com\/index.php\/2024\/11\/13\/ancelotti-autoriza-e-real-madrid-vai-contratar-jogador-do-liverpool\/\" \/>\n<meta property=\"og:locale\" content=\"pt_BR\" \/>\n<meta property=\"og:type\" content=\"article\" \/>\n<meta property=\"og:title\" content=\"Ancelotti autoriza e Real Madrid vai contratar jogador do Liverpool\" \/>\n<meta property=\"og:description\" content=\"O confronto entre Liverpool e Real Madrid, marcado para o dia 27 de novembro, promete ser um marco n\u00e3o s\u00f3 dentro de campo, mas tamb\u00e9m para o futuro do futebol europeu. O jogo, que ocorrer\u00e1 em Anfield, pode ser decisivo para o lateral-direito Alexander-Arnold, uma das maiores promessas do Liverpool, e para o planejamento de [&hellip;]\" \/>\n<meta property=\"og:url\" content=\"https:\/\/www.gaveanews.com\/index.php\/2024\/11\/13\/ancelotti-autoriza-e-real-madrid-vai-contratar-jogador-do-liverpool\/\" \/>\n<meta property=\"og:site_name\" content=\"G\u00e1vea News\" \/>\n<meta property=\"article:publisher\" content=\"https:\/\/facebook.com\/gaveaNews\/\" \/>\n<meta property=\"article:published_time\" content=\"2024-11-13T19:25:16+00:00\" \/>\n<meta property=\"article:modified_time\" content=\"2024-11-13T20:02:36+00:00\" \/>\n<meta property=\"og:image\" content=\"https:\/\/www.gaveanews.com\/wp-content\/uploads\/2023-04-29t184531z-1598421574-up1ej4t1g3tth-rtrmadp-3-soccer-spain-mad-uda-report.webp\" \/>\n\t<meta property=\"og:image:width\" content=\"984\" \/>\n\t<meta property=\"og:image:height\" content=\"678\" \/>\n\t<meta property=\"og:image:type\" content=\"image\/webp\" \/>\n<meta name=\"author\" content=\"Leandro Cardoso\" \/>\n<meta name=\"twitter:card\" content=\"summary_large_image\" \/>\n<meta name=\"twitter:label1\" content=\"Escrito por\" \/>\n\t<meta name=\"twitter:data1\" content=\"Leandro Cardoso\" \/>\n\t<meta name=\"twitter:label2\" content=\"Est. tempo de leitura\" \/>\n\t<meta name=\"twitter:data2\" content=\"4 minutos\" \/>\n<script type=\"application\/ld+json\" class=\"yoast-schema-graph\">{\"@context\":\"https:\/\/schema.org\",\"@graph\":[{\"@type\":\"NewsArticle\",\"@id\":\"https:\/\/www.gaveanews.com\/index.php\/2024\/11\/13\/ancelotti-autoriza-e-real-madrid-vai-contratar-jogador-do-liverpool\/#article\",\"isPartOf\":{\"@id\":\"https:\/\/www.gaveanews.com\/index.php\/2024\/11\/13\/ancelotti-autoriza-e-real-madrid-vai-contratar-jogador-do-liverpool\/\"},\"author\":{\"name\":\"Leandro Cardoso\",\"@id\":\"https:\/\/www.gaveanews.com\/#\/schema\/person\/2424ec6409bc3f068411fc5e4e9b6168\"},\"headline\":\"Ancelotti autoriza e Real Madrid vai contratar jogador do Liverpool\",\"datePublished\":\"2024-11-13T19:25:16+00:00\",\"dateModified\":\"2024-11-13T20:02:36+00:00\",\"mainEntityOfPage\":{\"@id\":\"https:\/\/www.gaveanews.com\/index.php\/2024\/11\/13\/ancelotti-autoriza-e-real-madrid-vai-contratar-jogador-do-liverpool\/\"},\"wordCount\":689,\"commentCount\":0,\"image\":{\"@id\":\"https:\/\/www.gaveanews.com\/index.php\/2024\/11\/13\/ancelotti-autoriza-e-real-madrid-vai-contratar-jogador-do-liverpool\/#primaryimage\"},\"thumbnailUrl\":\"https:\/\/www.gaveanews.com\/wp-content\/uploads\/2023-04-29t184531z-1598421574-up1ej4t1g3tth-rtrmadp-3-soccer-spain-mad-uda-report.webp\",\"articleSection\":[\"Liverpool\",\"Real Madrid\"],\"inLanguage\":\"pt-BR\",\"potentialAction\":[{\"@type\":\"CommentAction\",\"name\":\"Comment\",\"target\":[\"https:\/\/www.gaveanews.com\/index.php\/2024\/11\/13\/ancelotti-autoriza-e-real-madrid-vai-contratar-jogador-do-liverpool\/#respond\"]}],\"copyrightYear\":\"2024\",\"copyrightHolder\":{\"@id\":\"https:\/\/www.gaveanews.com\/#organization\"}},{\"@type\":\"WebPage\",\"@id\":\"https:\/\/www.gaveanews.com\/index.php\/2024\/11\/13\/ancelotti-autoriza-e-real-madrid-vai-contratar-jogador-do-liverpool\/\",\"url\":\"https:\/\/www.gaveanews.com\/index.php\/2024\/11\/13\/ancelotti-autoriza-e-real-madrid-vai-contratar-jogador-do-liverpool\/\",\"name\":\"Ancelotti autoriza e Real Madrid vai contratar jogador do Liverpool\",\"isPartOf\":{\"@id\":\"https:\/\/www.gaveanews.com\/#website\"},\"primaryImageOfPage\":{\"@id\":\"https:\/\/www.gaveanews.com\/index.php\/2024\/11\/13\/ancelotti-autoriza-e-real-madrid-vai-contratar-jogador-do-liverpool\/#primaryimage\"},\"image\":{\"@id\":\"https:\/\/www.gaveanews.com\/index.php\/2024\/11\/13\/ancelotti-autoriza-e-real-madrid-vai-contratar-jogador-do-liverpool\/#primaryimage\"},\"thumbnailUrl\":\"https:\/\/www.gaveanews.com\/wp-content\/uploads\/2023-04-29t184531z-1598421574-up1ej4t1g3tth-rtrmadp-3-soccer-spain-mad-uda-report.webp\",\"datePublished\":\"2024-11-13T19:25:16+00:00\",\"dateModified\":\"2024-11-13T20:02:36+00:00\",\"author\":{\"@id\":\"https:\/\/www.gaveanews.com\/#\/schema\/person\/2424ec6409bc3f068411fc5e4e9b6168\"},\"breadcrumb\":{\"@id\":\"https:\/\/www.gaveanews.com\/index.php\/2024\/11\/13\/ancelotti-autoriza-e-real-madrid-vai-contratar-jogador-do-liverpool\/#breadcrumb\"},\"inLanguage\":\"pt-BR\",\"potentialAction\":[{\"@type\":\"ReadAction\",\"target\":[\"https:\/\/www.gaveanews.com\/index.php\/2024\/11\/13\/ancelotti-autoriza-e-real-madrid-vai-contratar-jogador-do-liverpool\/\"]}]},{\"@type\":\"ImageObject\",\"inLanguage\":\"pt-BR\",\"@id\":\"https:\/\/www.gaveanews.com\/index.php\/2024\/11\/13\/ancelotti-autoriza-e-real-madrid-vai-contratar-jogador-do-liverpool\/#primaryimage\",\"url\":\"https:\/\/www.gaveanews.com\/wp-content\/uploads\/2023-04-29t184531z-1598421574-up1ej4t1g3tth-rtrmadp-3-soccer-spain-mad-uda-report.webp\",\"contentUrl\":\"https:\/\/www.gaveanews.com\/wp-content\/uploads\/2023-04-29t184531z-1598421574-up1ej4t1g3tth-rtrmadp-3-soccer-spain-mad-uda-report.webp\",\"width\":984,\"height\":678,\"caption\":\"Carlo Ancelotti, t\u00e9cnico do Real Madrid (Foto: Reuters)\"},{\"@type\":\"BreadcrumbList\",\"@id\":\"https:\/\/www.gaveanews.com\/index.php\/2024\/11\/13\/ancelotti-autoriza-e-real-madrid-vai-contratar-jogador-do-liverpool\/#breadcrumb\",\"itemListElement\":[{\"@type\":\"ListItem\",\"position\":1,\"name\":\"Home\",\"item\":\"https:\/\/www.gaveanews.com\/\"},{\"@type\":\"ListItem\",\"position\":2,\"name\":\"Ancelotti autoriza e Real Madrid vai contratar jogador do Liverpool\"}]},{\"@type\":\"WebSite\",\"@id\":\"https:\/\/www.gaveanews.com\/#website\",\"url\":\"https:\/\/www.gaveanews.com\/\",\"name\":\"G\u00e1vea News\",\"description\":\"Veja todas as not\u00edcias sobre o Flamengo: Contrata\u00e7\u00f5es, categorias de base, resultados das partidas, tabela de classifica\u00e7\u00e3o, pr\u00f3ximos jogos!\",\"potentialAction\":[{\"@type\":\"SearchAction\",\"target\":{\"@type\":\"EntryPoint\",\"urlTemplate\":\"https:\/\/www.gaveanews.com\/?s={search_term_string}\"},\"query-input\":{\"@type\":\"PropertyValueSpecification\",\"valueRequired\":true,\"valueName\":\"search_term_string\"}}],\"inLanguage\":\"pt-BR\"},{\"@type\":\"Person\",\"@id\":\"https:\/\/www.gaveanews.com\/#\/schema\/person\/2424ec6409bc3f068411fc5e4e9b6168\",\"name\":\"Leandro Cardoso\",\"image\":{\"@type\":\"ImageObject\",\"inLanguage\":\"pt-BR\",\"@id\":\"https:\/\/www.gaveanews.com\/#\/schema\/person\/image\/\",\"url\":\"https:\/\/secure.gravatar.com\/avatar\/8ca179f9b55eefe9f376f5493ef25475bfa59fbc28ce937f6076ce20e523098f?s=96&d=mm&r=g\",\"contentUrl\":\"https:\/\/secure.gravatar.com\/avatar\/8ca179f9b55eefe9f376f5493ef25475bfa59fbc28ce937f6076ce20e523098f?s=96&d=mm&r=g\",\"caption\":\"Leandro Cardoso\"}}]}<\/script>\n<!-- \/ Yoast SEO Premium plugin. -->","yoast_head_json":{"title":"Ancelotti autoriza e Real Madrid vai contratar jogador do Liverpool","robots":{"index":"index","follow":"follow","max-snippet":"max-snippet:-1","max-image-preview":"max-image-preview:large","max-video-preview":"max-video-preview:-1"},"canonical":"https:\/\/www.gaveanews.com\/index.php\/2024\/11\/13\/ancelotti-autoriza-e-real-madrid-vai-contratar-jogador-do-liverpool\/","og_locale":"pt_BR","og_type":"article","og_title":"Ancelotti autoriza e Real Madrid vai contratar jogador do Liverpool","og_description":"O confronto entre Liverpool e Real Madrid, marcado para o dia 27 de novembro, promete ser um marco n\u00e3o s\u00f3 dentro de campo, mas tamb\u00e9m para o futuro do futebol europeu. O jogo, que ocorrer\u00e1 em Anfield, pode ser decisivo para o lateral-direito Alexander-Arnold, uma das maiores promessas do Liverpool, e para o planejamento de [&hellip;]","og_url":"https:\/\/www.gaveanews.com\/index.php\/2024\/11\/13\/ancelotti-autoriza-e-real-madrid-vai-contratar-jogador-do-liverpool\/","og_site_name":"G\u00e1vea News","article_publisher":"https:\/\/facebook.com\/gaveaNews\/","article_published_time":"2024-11-13T19:25:16+00:00","article_modified_time":"2024-11-13T20:02:36+00:00","og_image":[{"width":984,"height":678,"url":"https:\/\/www.gaveanews.com\/wp-content\/uploads\/2023-04-29t184531z-1598421574-up1ej4t1g3tth-rtrmadp-3-soccer-spain-mad-uda-report.webp","type":"image\/webp"}],"author":"Leandro Cardoso","twitter_card":"summary_large_image","twitter_misc":{"Escrito por":"Leandro Cardoso","Est. tempo de leitura":"4 minutos"},"schema":{"@context":"https:\/\/schema.org","@graph":[{"@type":"NewsArticle","@id":"https:\/\/www.gaveanews.com\/index.php\/2024\/11\/13\/ancelotti-autoriza-e-real-madrid-vai-contratar-jogador-do-liverpool\/#article","isPartOf":{"@id":"https:\/\/www.gaveanews.com\/index.php\/2024\/11\/13\/ancelotti-autoriza-e-real-madrid-vai-contratar-jogador-do-liverpool\/"},"author":{"name":"Leandro Cardoso","@id":"https:\/\/www.gaveanews.com\/#\/schema\/person\/2424ec6409bc3f068411fc5e4e9b6168"},"headline":"Ancelotti autoriza e Real Madrid vai contratar jogador do Liverpool","datePublished":"2024-11-13T19:25:16+00:00","dateModified":"2024-11-13T20:02:36+00:00","mainEntityOfPage":{"@id":"https:\/\/www.gaveanews.com\/index.php\/2024\/11\/13\/ancelotti-autoriza-e-real-madrid-vai-contratar-jogador-do-liverpool\/"},"wordCount":689,"commentCount":0,"image":{"@id":"https:\/\/www.gaveanews.com\/index.php\/2024\/11\/13\/ancelotti-autoriza-e-real-madrid-vai-contratar-jogador-do-liverpool\/#primaryimage"},"thumbnailUrl":"https:\/\/www.gaveanews.com\/wp-content\/uploads\/2023-04-29t184531z-1598421574-up1ej4t1g3tth-rtrmadp-3-soccer-spain-mad-uda-report.webp","articleSection":["Liverpool","Real Madrid"],"inLanguage":"pt-BR","potentialAction":[{"@type":"CommentAction","name":"Comment","target":["https:\/\/www.gaveanews.com\/index.php\/2024\/11\/13\/ancelotti-autoriza-e-real-madrid-vai-contratar-jogador-do-liverpool\/#respond"]}],"copyrightYear":"2024","copyrightHolder":{"@id":"https:\/\/www.gaveanews.com\/#organization"}},{"@type":"WebPage","@id":"https:\/\/www.gaveanews.com\/index.php\/2024\/11\/13\/ancelotti-autoriza-e-real-madrid-vai-contratar-jogador-do-liverpool\/","url":"https:\/\/www.gaveanews.com\/index.php\/2024\/11\/13\/ancelotti-autoriza-e-real-madrid-vai-contratar-jogador-do-liverpool\/","name":"Ancelotti autoriza e Real Madrid vai contratar jogador do Liverpool","isPartOf":{"@id":"https:\/\/www.gaveanews.com\/#website"},"primaryImageOfPage":{"@id":"https:\/\/www.gaveanews.com\/index.php\/2024\/11\/13\/ancelotti-autoriza-e-real-madrid-vai-contratar-jogador-do-liverpool\/#primaryimage"},"image":{"@id":"https:\/\/www.gaveanews.com\/index.php\/2024\/11\/13\/ancelotti-autoriza-e-real-madrid-vai-contratar-jogador-do-liverpool\/#primaryimage"},"thumbnailUrl":"https:\/\/www.gaveanews.com\/wp-content\/uploads\/2023-04-29t184531z-1598421574-up1ej4t1g3tth-rtrmadp-3-soccer-spain-mad-uda-report.webp","datePublished":"2024-11-13T19:25:16+00:00","dateModified":"2024-11-13T20:02:36+00:00","author":{"@id":"https:\/\/www.gaveanews.com\/#\/schema\/person\/2424ec6409bc3f068411fc5e4e9b6168"},"breadcrumb":{"@id":"https:\/\/www.gaveanews.com\/index.php\/2024\/11\/13\/ancelotti-autoriza-e-real-madrid-vai-contratar-jogador-do-liverpool\/#breadcrumb"},"inLanguage":"pt-BR","potentialAction":[{"@type":"ReadAction","target":["https:\/\/www.gaveanews.com\/index.php\/2024\/11\/13\/ancelotti-autoriza-e-real-madrid-vai-contratar-jogador-do-liverpool\/"]}]},{"@type":"ImageObject","inLanguage":"pt-BR","@id":"https:\/\/www.gaveanews.com\/index.php\/2024\/11\/13\/ancelotti-autoriza-e-real-madrid-vai-contratar-jogador-do-liverpool\/#primaryimage","url":"https:\/\/www.gaveanews.com\/wp-content\/uploads\/2023-04-29t184531z-1598421574-up1ej4t1g3tth-rtrmadp-3-soccer-spain-mad-uda-report.webp","contentUrl":"https:\/\/www.gaveanews.com\/wp-content\/uploads\/2023-04-29t184531z-1598421574-up1ej4t1g3tth-rtrmadp-3-soccer-spain-mad-uda-report.webp","width":984,"height":678,"caption":"Carlo Ancelotti, t\u00e9cnico do Real Madrid (Foto: Reuters)"},{"@type":"BreadcrumbList","@id":"https:\/\/www.gaveanews.com\/index.php\/2024\/11\/13\/ancelotti-autoriza-e-real-madrid-vai-contratar-jogador-do-liverpool\/#breadcrumb","itemListElement":[{"@type":"ListItem","position":1,"name":"Home","item":"https:\/\/www.gaveanews.com\/"},{"@type":"ListItem","position":2,"name":"Ancelotti autoriza e Real Madrid vai contratar jogador do Liverpool"}]},{"@type":"WebSite","@id":"https:\/\/www.gaveanews.com\/#website","url":"https:\/\/www.gaveanews.com\/","name":"G\u00e1vea News","description":"Veja todas as not\u00edcias sobre o Flamengo: Contrata\u00e7\u00f5es, categorias de base, resultados das partidas, tabela de classifica\u00e7\u00e3o, pr\u00f3ximos jogos!","potentialAction":[{"@type":"SearchAction","target":{"@type":"EntryPoint","urlTemplate":"https:\/\/www.gaveanews.com\/?s={search_term_string}"},"query-input":{"@type":"PropertyValueSpecification","valueRequired":true,"valueName":"search_term_string"}}],"inLanguage":"pt-BR"},{"@type":"Person","@id":"https:\/\/www.gaveanews.com\/#\/schema\/person\/2424ec6409bc3f068411fc5e4e9b6168","name":"Leandro Cardoso","image":{"@type":"ImageObject","inLanguage":"pt-BR","@id":"https:\/\/www.gaveanews.com\/#\/schema\/person\/image\/","url":"https:\/\/secure.gravatar.com\/avatar\/8ca179f9b55eefe9f376f5493ef25475bfa59fbc28ce937f6076ce20e523098f?s=96&d=mm&r=g","contentUrl":"https:\/\/secure.gravatar.com\/avatar\/8ca179f9b55eefe9f376f5493ef25475bfa59fbc28ce937f6076ce20e523098f?s=96&d=mm&r=g","caption":"Leandro Cardoso"}}]}},"_links":{"self":[{"href":"https:\/\/www.gaveanews.com\/index.php\/wp-json\/wp\/v2\/posts\/184884","targetHints":{"allow":["GET"]}}],"collection":[{"href":"https:\/\/www.gaveanews.com\/index.php\/wp-json\/wp\/v2\/posts"}],"about":[{"href":"https:\/\/www.gaveanews.com\/index.php\/wp-json\/wp\/v2\/types\/post"}],"author":[{"embeddable":true,"href":"https:\/\/www.gaveanews.com\/index.php\/wp-json\/wp\/v2\/users\/24"}],"replies":[{"embeddable":true,"href":"https:\/\/www.gaveanews.com\/index.php\/wp-json\/wp\/v2\/comments?post=184884"}],"version-history":[{"count":2,"href":"https:\/\/www.gaveanews.com\/index.php\/wp-json\/wp\/v2\/posts\/184884\/revisions"}],"predecessor-version":[{"id":184920,"href":"https:\/\/www.gaveanews.com\/index.php\/wp-json\/wp\/v2\/posts\/184884\/revisions\/184920"}],"wp:featuredmedia":[{"embeddable":true,"href":"https:\/\/www.gaveanews.com\/index.php\/wp-json\/wp\/v2\/media\/119629"}],"wp:attachment":[{"href":"https:\/\/www.gaveanews.com\/index.php\/wp-json\/wp\/v2\/media?parent=184884"}],"wp:term":[{"taxonomy":"category","embeddable":true,"href":"https:\/\/www.gaveanews.com\/index.php\/wp-json\/wp\/v2\/categories?post=184884"},{"taxonomy":"post_tag","embeddable":true,"href":"https:\/\/www.gaveanews.com\/index.php\/wp-json\/wp\/v2\/tags?post=184884"}],"curies":[{"name":"wp","href":"https:\/\/api.w.org\/{rel}","templated":true}]}}