{"id":184900,"date":"2024-11-13T16:48:35","date_gmt":"2024-11-13T19:48:35","guid":{"rendered":"https:\/\/www.gaveanews.com\/?p=184900"},"modified":"2024-11-13T16:48:52","modified_gmt":"2024-11-13T19:48:52","slug":"saiu-veja-a-escalacao-do-flamengo-para-o-jogo-contra-o-atletico-mg-8","status":"publish","type":"post","link":"https:\/\/www.gaveanews.com\/index.php\/2024\/11\/13\/saiu-veja-a-escalacao-do-flamengo-para-o-jogo-contra-o-atletico-mg-8\/","title":{"rendered":"Saiu! Veja a escala\u00e7\u00e3o do Flamengo para o jogo contra o Atl\u00e9tico-MG"},"content":{"rendered":"\n<div id='blockjuicebar'><\/div>\n\n\n\n<p>Nesta quarta-feira, Flamengo e Atl\u00e9tico-MG se enfrentam \u00e0s 20h (hor\u00e1rio de Bras\u00edlia), no Maracan\u00e3, pela 33\u00aa rodada do Campeonato Brasileiro.<\/p>\n\n\n\n<p>Ap\u00f3s a recente conquista da Copa do Brasil, o Flamengo chega motivado, apesar do afastamento de Gabigol, ocorrido nesta semana. J\u00e1 o Atl\u00e9tico-MG, ainda sentindo a derrota na final da Copa do Brasil, busca recupera\u00e7\u00e3o no Brasileir\u00e3o, onde ocupa o 11\u00ba lugar com 41 pontos, mirando a zona de classifica\u00e7\u00e3o para a Libertadores.<\/p>\n\n\n\n<h2 class=\"wp-block-heading\" id=\"h-superodd-para-flamengo-x-atletico-mg\"><a href=\"https:\/\/playpix.com\/affiliates\/?btag=1834855_l311754\">SuperOdd para Flamengo x Atl\u00e9tico-MG<\/a><\/h2>\n\n\n\n<p>Em parceria com a PlayPix, estamos trazendo uma SuperOdd exclusiva para o confronto decisivo entre Flamengo e Atl\u00e9tico-MG no Brasileir\u00e3o! Apostando na vit\u00f3ria do Flamengo e em mais de 9,5 escanteios durante a partida, voc\u00ea tem a chance de multiplicar seus ganhos com uma SuperOdd de 3.50. <a href=\"https:\/\/playpix.com\/affiliates\/?btag=1834855_l311754\"><strong>Clique aqui e fa\u00e7a o seu dep\u00f3sito agora mesmo!<\/strong><\/a><\/p>\n\n\n\n<!DOCTYPE html>\n<html lang=\"pt-br\">\n<head>\n    <title>SuperOdd &#8211; Card de Aposta<\/title>\n    <style>\n        \/* Estilos gerais *\/\n        body {\n            margin: 0;\n            padding: 0;\n            font-family: 'Helvetica Neue', Arial, sans-serif;\n            background-color: #f5f5f5;\n            \/* Assegura que o conte\u00fado seja vis\u00edvel *\/\n            overflow-x: hidden;\n            overflow-y: visible;\n        }\n\n        \/* Container do cart\u00e3o *\/\n        .unique-bet-card-container {\n            display: flex;\n            justify-content: center; \/* Centraliza o cart\u00e3o *\/\n            overflow-x: auto;\n            overflow-y: visible;\n            scroll-snap-type: x mandatory;\n            -webkit-overflow-scrolling: touch;\n            margin: 20px 0;\n            padding: 10px;\n            padding-bottom: 30px;\n        }\n\n        .unique-bet-card {\n            flex: 0 0 80%;\n            max-width: 280px;\n            background-color: #ffffff;\n            border-radius: 10px;\n            box-shadow: 0 4px 12px rgba(0, 0, 0, 0.1);\n            overflow: hidden;\n            position: relative;\n            scroll-snap-align: center;\n            margin: 0; \/* Remove margens laterais *\/\n        }\n\n        \/* Elementos do cart\u00e3o *\/\n        .unique-bet-card .unique-bet-count {\n            text-align: center;\n            background-color: rgba(255, 165, 0, 0.9);\n            color: #fff;\n            padding: 5px 10px;\n            border-radius: 20px;\n            font-size: 12px;\n            display: flex;\n            justify-content: center;\n            align-items: center;\n            font-weight: bold;\n            margin: 10px auto;\n            width: fit-content;\n        }\n\n        .unique-bet-card .unique-bet-count i {\n            margin-right: 5px;\n            font-style: normal;\n        }\n\n        .unique-bet-card header {\n            text-align: center;\n            padding: 8px;\n        }\n\n        .unique-bet-card header .unique-match-info {\n            font-weight: bold;\n            color: #333;\n            font-size: 14px;\n            margin-bottom: 5px;\n        }\n\n        .unique-bet-card header .unique-match-info .unique-details-info {\n            display: flex;\n            justify-content: center;\n            font-size: 11px;\n            color: #666;\n            margin-top: 5px;\n        }\n\n        .unique-bet-card header .unique-match-info .unique-details-info span {\n            margin: 0 5px;\n            display: flex;\n            align-items: center;\n        }\n\n        .unique-bet-card header .unique-match-info .unique-details-info span i {\n            margin-right: 3px;\n            font-style: normal;\n        }\n\n        .unique-bet-card .unique-details {\n            padding: 0 15px;\n            margin-bottom: 10px;\n            min-height: 60px;\n        }\n\n        .unique-bet-card .unique-details ul {\n            list-style-type: none;\n            padding-left: 0;\n            margin: 0;\n        }\n\n        .unique-bet-card .unique-details ul li {\n            font-size: 13px;\n            color: #CC1C1C;\n            margin-bottom: 2px;\n            text-align: center;\n            font-weight: bold;\n            line-height: 1.2;\n        }\n\n        .unique-bet-card .unique-odd {\n            font-size: 20px;\n            font-weight: bold;\n            color: #CC1C1C;\n            text-align: center;\n            margin-bottom: 10px;\n        }\n\n        .unique-bet-card .unique-action-button {\n            display: block;\n            width: calc(100% - 30px);\n            background-color: #CC1C1C;\n            color: #ffffff;\n            text-align: center;\n            padding: 10px 0;\n            border-radius: 5px;\n            text-decoration: none;\n            font-size: 16px;\n            font-weight: bold;\n            margin: 0 auto 15px auto;\n            transition: background-color 0.3s ease;\n        }\n\n        .unique-bet-card .unique-action-button:hover {\n            background-color: #a81616;\n        }\n\n        \/* Garantir que o cart\u00e3o tenha a altura consistente *\/\n        .unique-bet-card {\n            display: flex;\n            flex-direction: column;\n            justify-content: space-between;\n            min-height: 330px;\n        }\n\n        \/* Ajuste para telas maiores *\/\n        @media (min-width: 768px) {\n            .unique-bet-card-container {\n                justify-content: center;\n            }\n            .unique-bet-card {\n                flex: 0 0 250px;\n            }\n        }\n    <\/style>\n<\/head>\n<body>\n\n<div class=\"unique-bet-card-container\">\n\n    <div class=\"unique-bet-card\">\n        <div class=\"unique-bet-count\">\n            <i>\ud83d\udd25<\/i> +238 apostas\n        <\/div>\n        <header>\n            <div class=\"unique-match-info\">\n                Flamengo x Atl\u00e9tico-MG\n                <div class=\"unique-details-info\">\n                    <span><i>\u23f0<\/i>20:00<\/span>\n                    <span>|<\/span>\n                    <span><i>\ud83c\udfc6<\/i>Brasileir\u00e3o<\/span>\n                <\/div>\n            <\/div>\n        <\/header>\n        <div class=\"unique-details\">\n            <ul>\n                <li>Flamengo vence<\/li>\n                <li>+9,5 escanteios<\/li>\n               \n                \n            <\/ul>\n        <\/div>\n        <div class=\"unique-odd\">\n            Odd: 3.50\n        <\/div>\n        <a href=\"https:\/\/playpix.com\/affiliates\/?btag=1834855_l311754\" class=\"unique-action-button\">Aposte agora!<\/a>\n    <\/div>\n\n<\/div>\n<\/body>\n<\/html>\n\n\n\n<p>E tem mais! Ao realizar seu primeiro dep\u00f3sito, voc\u00ea ganha um b\u00f4nus de 100% de at\u00e9 R$ 500 para turbinar suas apostas e aumentar suas chances de vit\u00f3ria. <a href=\"https:\/\/playpix.com\/affiliates\/?btag=1834855_l311754\"><strong>Deposite agora mesmo!<\/strong><\/a><\/p>\n\n\n\n<h2 class=\"wp-block-heading\" id=\"h-transmissao-do-jogo\">Transmiss\u00e3o do jogo<\/h2>\n\n\n\n<p>A partida ser\u00e1 transmitida ao vivo pelo canal Premiere para todo o Brasil.<\/p>\n\n\n\n<h2 class=\"wp-block-heading\" id=\"h-desfalques-do-flamengo\">Desfalques do Flamengo<\/h2>\n\n\n\n<p>O Flamengo conta com uma s\u00e9rie de desfalques importantes para a partida: L\u00e9o Ortiz, Gerson, Plata, e Varela est\u00e3o convocados; Pulgar, De la Cruz, Carlinhos e Arrascaeta est\u00e3o sob cuidados m\u00e9dicos; Allan est\u00e1 suspenso; Gabigol foi afastado, enquanto Pedro e Vi\u00f1a est\u00e3o fora da temporada, e Everton Cebolinha ainda se recupera de uma les\u00e3o grave.<\/p>\n\n\n\n<h2 class=\"wp-block-heading\" id=\"h-escalacao-oficial\">Escala\u00e7\u00e3o oficial<\/h2>\n\n\n\n<p>Rossi, Fabr\u00edcio Bruno, David Luiz e L\u00e9o Pereira; Wesley, Evertton Ara\u00fajo, Alcaraz, Matheus Gon\u00e7alves e Alex Sandro; Michael e Bruno Henrique.<\/p>\n\n\n\n<h2 class=\"wp-block-heading\" id=\"h-banco-de-reservas\">Banco de reservas<\/h2>\n\n\n\n<p><em>Em instantes&#8230;<\/em><\/p>\n\n\n\n<h2 class=\"wp-block-heading\" id=\"h-arbitragem\">Arbitragem<\/h2>\n\n\n\n<p>A arbitragem da partida ser\u00e1 composta por Davi de Oliveira Lacerda (ES) como \u00e1rbitro principal, Alessandro Alvaro Rocha de Matos (BA) como assistente 1, Henrique Neu Ribeiro (SC) como assistente 2, com o VAR a cargo de Gilberto Rodrigues Castro Junior (PE) e Clovis Amaral da Silva (PE) no AVAR.<\/p>\n","protected":false},"excerpt":{"rendered":"<p>Nesta quarta-feira, Flamengo e Atl\u00e9tico-MG se enfrentam \u00e0s 20h (hor\u00e1rio de Bras\u00edlia), no Maracan\u00e3, pela 33\u00aa rodada do Campeonato Brasileiro. Ap\u00f3s a recente conquista da Copa do Brasil, o Flamengo chega motivado, apesar do afastamento de Gabigol, ocorrido nesta semana. J\u00e1 o Atl\u00e9tico-MG, ainda sentindo a derrota na final da Copa do Brasil, busca recupera\u00e7\u00e3o [&hellip;]<\/p>\n","protected":false},"author":15,"featured_media":156094,"comment_status":"open","ping_status":"closed","sticky":false,"template":"","format":"standard","meta":{"footnotes":""},"categories":[1],"tags":[],"class_list":["post-184900","post","type-post","status-publish","format-standard","has-post-thumbnail","hentry","category-flamengo"],"yoast_head":"<!-- This site is optimized with the Yoast SEO Premium plugin v24.2 (Yoast SEO v26.9) - https:\/\/yoast.com\/product\/yoast-seo-premium-wordpress\/ -->\n<title>Saiu! Veja a escala\u00e7\u00e3o do Flamengo para o jogo contra o Atl\u00e9tico-MG<\/title>\n<meta name=\"robots\" content=\"index, follow, max-snippet:-1, max-image-preview:large, max-video-preview:-1\" \/>\n<link rel=\"canonical\" href=\"https:\/\/www.gaveanews.com\/index.php\/2024\/11\/13\/saiu-veja-a-escalacao-do-flamengo-para-o-jogo-contra-o-atletico-mg-8\/\" \/>\n<meta property=\"og:locale\" content=\"pt_BR\" \/>\n<meta property=\"og:type\" content=\"article\" \/>\n<meta property=\"og:title\" content=\"Saiu! Veja a escala\u00e7\u00e3o do Flamengo para o jogo contra o Atl\u00e9tico-MG\" \/>\n<meta property=\"og:description\" content=\"Nesta quarta-feira, Flamengo e Atl\u00e9tico-MG se enfrentam \u00e0s 20h (hor\u00e1rio de Bras\u00edlia), no Maracan\u00e3, pela 33\u00aa rodada do Campeonato Brasileiro. Ap\u00f3s a recente conquista da Copa do Brasil, o Flamengo chega motivado, apesar do afastamento de Gabigol, ocorrido nesta semana. J\u00e1 o Atl\u00e9tico-MG, ainda sentindo a derrota na final da Copa do Brasil, busca recupera\u00e7\u00e3o [&hellip;]\" \/>\n<meta property=\"og:url\" content=\"https:\/\/www.gaveanews.com\/index.php\/2024\/11\/13\/saiu-veja-a-escalacao-do-flamengo-para-o-jogo-contra-o-atletico-mg-8\/\" \/>\n<meta property=\"og:site_name\" content=\"G\u00e1vea News\" \/>\n<meta property=\"article:publisher\" content=\"https:\/\/facebook.com\/gaveaNews\/\" \/>\n<meta property=\"article:published_time\" content=\"2024-11-13T19:48:35+00:00\" \/>\n<meta property=\"article:modified_time\" content=\"2024-11-13T19:48:52+00:00\" \/>\n<meta property=\"og:image\" content=\"https:\/\/www.gaveanews.com\/wp-content\/uploads\/Escalacao-oficial-do-Flamengo-1.webp\" \/>\n\t<meta property=\"og:image:width\" content=\"1280\" \/>\n\t<meta property=\"og:image:height\" content=\"720\" \/>\n\t<meta property=\"og:image:type\" content=\"image\/webp\" \/>\n<meta name=\"author\" content=\"Henrique Machado\" \/>\n<meta name=\"twitter:card\" content=\"summary_large_image\" \/>\n<meta name=\"twitter:label1\" content=\"Escrito por\" \/>\n\t<meta name=\"twitter:data1\" content=\"Henrique Machado\" \/>\n\t<meta name=\"twitter:label2\" content=\"Est. tempo de leitura\" \/>\n\t<meta name=\"twitter:data2\" content=\"3 minutos\" \/>\n<script type=\"application\/ld+json\" class=\"yoast-schema-graph\">{\"@context\":\"https:\/\/schema.org\",\"@graph\":[{\"@type\":\"NewsArticle\",\"@id\":\"https:\/\/www.gaveanews.com\/index.php\/2024\/11\/13\/saiu-veja-a-escalacao-do-flamengo-para-o-jogo-contra-o-atletico-mg-8\/#article\",\"isPartOf\":{\"@id\":\"https:\/\/www.gaveanews.com\/index.php\/2024\/11\/13\/saiu-veja-a-escalacao-do-flamengo-para-o-jogo-contra-o-atletico-mg-8\/\"},\"author\":{\"name\":\"Henrique Machado\",\"@id\":\"https:\/\/www.gaveanews.com\/#\/schema\/person\/fd07635ec039ec3ba74ad18ec8a6dbd6\"},\"headline\":\"Saiu! Veja a escala\u00e7\u00e3o do Flamengo para o jogo contra o Atl\u00e9tico-MG\",\"datePublished\":\"2024-11-13T19:48:35+00:00\",\"dateModified\":\"2024-11-13T19:48:52+00:00\",\"mainEntityOfPage\":{\"@id\":\"https:\/\/www.gaveanews.com\/index.php\/2024\/11\/13\/saiu-veja-a-escalacao-do-flamengo-para-o-jogo-contra-o-atletico-mg-8\/\"},\"wordCount\":372,\"commentCount\":0,\"image\":{\"@id\":\"https:\/\/www.gaveanews.com\/index.php\/2024\/11\/13\/saiu-veja-a-escalacao-do-flamengo-para-o-jogo-contra-o-atletico-mg-8\/#primaryimage\"},\"thumbnailUrl\":\"https:\/\/www.gaveanews.com\/wp-content\/uploads\/Escalacao-oficial-do-Flamengo-1.webp\",\"articleSection\":[\"Flamengo\"],\"inLanguage\":\"pt-BR\",\"potentialAction\":[{\"@type\":\"CommentAction\",\"name\":\"Comment\",\"target\":[\"https:\/\/www.gaveanews.com\/index.php\/2024\/11\/13\/saiu-veja-a-escalacao-do-flamengo-para-o-jogo-contra-o-atletico-mg-8\/#respond\"]}],\"copyrightYear\":\"2024\",\"copyrightHolder\":{\"@id\":\"https:\/\/www.gaveanews.com\/#organization\"}},{\"@type\":\"WebPage\",\"@id\":\"https:\/\/www.gaveanews.com\/index.php\/2024\/11\/13\/saiu-veja-a-escalacao-do-flamengo-para-o-jogo-contra-o-atletico-mg-8\/\",\"url\":\"https:\/\/www.gaveanews.com\/index.php\/2024\/11\/13\/saiu-veja-a-escalacao-do-flamengo-para-o-jogo-contra-o-atletico-mg-8\/\",\"name\":\"Saiu! Veja a escala\u00e7\u00e3o do Flamengo para o jogo contra o Atl\u00e9tico-MG\",\"isPartOf\":{\"@id\":\"https:\/\/www.gaveanews.com\/#website\"},\"primaryImageOfPage\":{\"@id\":\"https:\/\/www.gaveanews.com\/index.php\/2024\/11\/13\/saiu-veja-a-escalacao-do-flamengo-para-o-jogo-contra-o-atletico-mg-8\/#primaryimage\"},\"image\":{\"@id\":\"https:\/\/www.gaveanews.com\/index.php\/2024\/11\/13\/saiu-veja-a-escalacao-do-flamengo-para-o-jogo-contra-o-atletico-mg-8\/#primaryimage\"},\"thumbnailUrl\":\"https:\/\/www.gaveanews.com\/wp-content\/uploads\/Escalacao-oficial-do-Flamengo-1.webp\",\"datePublished\":\"2024-11-13T19:48:35+00:00\",\"dateModified\":\"2024-11-13T19:48:52+00:00\",\"author\":{\"@id\":\"https:\/\/www.gaveanews.com\/#\/schema\/person\/fd07635ec039ec3ba74ad18ec8a6dbd6\"},\"breadcrumb\":{\"@id\":\"https:\/\/www.gaveanews.com\/index.php\/2024\/11\/13\/saiu-veja-a-escalacao-do-flamengo-para-o-jogo-contra-o-atletico-mg-8\/#breadcrumb\"},\"inLanguage\":\"pt-BR\",\"potentialAction\":[{\"@type\":\"ReadAction\",\"target\":[\"https:\/\/www.gaveanews.com\/index.php\/2024\/11\/13\/saiu-veja-a-escalacao-do-flamengo-para-o-jogo-contra-o-atletico-mg-8\/\"]}]},{\"@type\":\"ImageObject\",\"inLanguage\":\"pt-BR\",\"@id\":\"https:\/\/www.gaveanews.com\/index.php\/2024\/11\/13\/saiu-veja-a-escalacao-do-flamengo-para-o-jogo-contra-o-atletico-mg-8\/#primaryimage\",\"url\":\"https:\/\/www.gaveanews.com\/wp-content\/uploads\/Escalacao-oficial-do-Flamengo-1.webp\",\"contentUrl\":\"https:\/\/www.gaveanews.com\/wp-content\/uploads\/Escalacao-oficial-do-Flamengo-1.webp\",\"width\":1280,\"height\":720,\"caption\":\"Escala\u00e7\u00e3o oficial do Flamengo (Imagem: Editoria de arte\/G\u00e1vea News\/Henrique Machado)\"},{\"@type\":\"BreadcrumbList\",\"@id\":\"https:\/\/www.gaveanews.com\/index.php\/2024\/11\/13\/saiu-veja-a-escalacao-do-flamengo-para-o-jogo-contra-o-atletico-mg-8\/#breadcrumb\",\"itemListElement\":[{\"@type\":\"ListItem\",\"position\":1,\"name\":\"Home\",\"item\":\"https:\/\/www.gaveanews.com\/\"},{\"@type\":\"ListItem\",\"position\":2,\"name\":\"Saiu! Veja a escala\u00e7\u00e3o do Flamengo para o jogo contra o Atl\u00e9tico-MG\"}]},{\"@type\":\"WebSite\",\"@id\":\"https:\/\/www.gaveanews.com\/#website\",\"url\":\"https:\/\/www.gaveanews.com\/\",\"name\":\"G\u00e1vea News\",\"description\":\"Veja todas as not\u00edcias sobre o Flamengo: Contrata\u00e7\u00f5es, categorias de base, resultados das partidas, tabela de classifica\u00e7\u00e3o, pr\u00f3ximos jogos!\",\"potentialAction\":[{\"@type\":\"SearchAction\",\"target\":{\"@type\":\"EntryPoint\",\"urlTemplate\":\"https:\/\/www.gaveanews.com\/?s={search_term_string}\"},\"query-input\":{\"@type\":\"PropertyValueSpecification\",\"valueRequired\":true,\"valueName\":\"search_term_string\"}}],\"inLanguage\":\"pt-BR\"},{\"@type\":\"Person\",\"@id\":\"https:\/\/www.gaveanews.com\/#\/schema\/person\/fd07635ec039ec3ba74ad18ec8a6dbd6\",\"name\":\"Henrique Machado\",\"image\":{\"@type\":\"ImageObject\",\"inLanguage\":\"pt-BR\",\"@id\":\"https:\/\/www.gaveanews.com\/#\/schema\/person\/image\/\",\"url\":\"https:\/\/secure.gravatar.com\/avatar\/b95e35997e01d9800c1b6184bd79d4d898d370a3fce2584f5c77b907d5c7d9e9?s=96&d=mm&r=g\",\"contentUrl\":\"https:\/\/secure.gravatar.com\/avatar\/b95e35997e01d9800c1b6184bd79d4d898d370a3fce2584f5c77b907d5c7d9e9?s=96&d=mm&r=g\",\"caption\":\"Henrique Machado\"}}]}<\/script>\n<!-- \/ Yoast SEO Premium plugin. -->","yoast_head_json":{"title":"Saiu! Veja a escala\u00e7\u00e3o do Flamengo para o jogo contra o Atl\u00e9tico-MG","robots":{"index":"index","follow":"follow","max-snippet":"max-snippet:-1","max-image-preview":"max-image-preview:large","max-video-preview":"max-video-preview:-1"},"canonical":"https:\/\/www.gaveanews.com\/index.php\/2024\/11\/13\/saiu-veja-a-escalacao-do-flamengo-para-o-jogo-contra-o-atletico-mg-8\/","og_locale":"pt_BR","og_type":"article","og_title":"Saiu! Veja a escala\u00e7\u00e3o do Flamengo para o jogo contra o Atl\u00e9tico-MG","og_description":"Nesta quarta-feira, Flamengo e Atl\u00e9tico-MG se enfrentam \u00e0s 20h (hor\u00e1rio de Bras\u00edlia), no Maracan\u00e3, pela 33\u00aa rodada do Campeonato Brasileiro. Ap\u00f3s a recente conquista da Copa do Brasil, o Flamengo chega motivado, apesar do afastamento de Gabigol, ocorrido nesta semana. J\u00e1 o Atl\u00e9tico-MG, ainda sentindo a derrota na final da Copa do Brasil, busca recupera\u00e7\u00e3o [&hellip;]","og_url":"https:\/\/www.gaveanews.com\/index.php\/2024\/11\/13\/saiu-veja-a-escalacao-do-flamengo-para-o-jogo-contra-o-atletico-mg-8\/","og_site_name":"G\u00e1vea News","article_publisher":"https:\/\/facebook.com\/gaveaNews\/","article_published_time":"2024-11-13T19:48:35+00:00","article_modified_time":"2024-11-13T19:48:52+00:00","og_image":[{"width":1280,"height":720,"url":"https:\/\/www.gaveanews.com\/wp-content\/uploads\/Escalacao-oficial-do-Flamengo-1.webp","type":"image\/webp"}],"author":"Henrique Machado","twitter_card":"summary_large_image","twitter_misc":{"Escrito por":"Henrique Machado","Est. tempo de leitura":"3 minutos"},"schema":{"@context":"https:\/\/schema.org","@graph":[{"@type":"NewsArticle","@id":"https:\/\/www.gaveanews.com\/index.php\/2024\/11\/13\/saiu-veja-a-escalacao-do-flamengo-para-o-jogo-contra-o-atletico-mg-8\/#article","isPartOf":{"@id":"https:\/\/www.gaveanews.com\/index.php\/2024\/11\/13\/saiu-veja-a-escalacao-do-flamengo-para-o-jogo-contra-o-atletico-mg-8\/"},"author":{"name":"Henrique Machado","@id":"https:\/\/www.gaveanews.com\/#\/schema\/person\/fd07635ec039ec3ba74ad18ec8a6dbd6"},"headline":"Saiu! Veja a escala\u00e7\u00e3o do Flamengo para o jogo contra o Atl\u00e9tico-MG","datePublished":"2024-11-13T19:48:35+00:00","dateModified":"2024-11-13T19:48:52+00:00","mainEntityOfPage":{"@id":"https:\/\/www.gaveanews.com\/index.php\/2024\/11\/13\/saiu-veja-a-escalacao-do-flamengo-para-o-jogo-contra-o-atletico-mg-8\/"},"wordCount":372,"commentCount":0,"image":{"@id":"https:\/\/www.gaveanews.com\/index.php\/2024\/11\/13\/saiu-veja-a-escalacao-do-flamengo-para-o-jogo-contra-o-atletico-mg-8\/#primaryimage"},"thumbnailUrl":"https:\/\/www.gaveanews.com\/wp-content\/uploads\/Escalacao-oficial-do-Flamengo-1.webp","articleSection":["Flamengo"],"inLanguage":"pt-BR","potentialAction":[{"@type":"CommentAction","name":"Comment","target":["https:\/\/www.gaveanews.com\/index.php\/2024\/11\/13\/saiu-veja-a-escalacao-do-flamengo-para-o-jogo-contra-o-atletico-mg-8\/#respond"]}],"copyrightYear":"2024","copyrightHolder":{"@id":"https:\/\/www.gaveanews.com\/#organization"}},{"@type":"WebPage","@id":"https:\/\/www.gaveanews.com\/index.php\/2024\/11\/13\/saiu-veja-a-escalacao-do-flamengo-para-o-jogo-contra-o-atletico-mg-8\/","url":"https:\/\/www.gaveanews.com\/index.php\/2024\/11\/13\/saiu-veja-a-escalacao-do-flamengo-para-o-jogo-contra-o-atletico-mg-8\/","name":"Saiu! Veja a escala\u00e7\u00e3o do Flamengo para o jogo contra o Atl\u00e9tico-MG","isPartOf":{"@id":"https:\/\/www.gaveanews.com\/#website"},"primaryImageOfPage":{"@id":"https:\/\/www.gaveanews.com\/index.php\/2024\/11\/13\/saiu-veja-a-escalacao-do-flamengo-para-o-jogo-contra-o-atletico-mg-8\/#primaryimage"},"image":{"@id":"https:\/\/www.gaveanews.com\/index.php\/2024\/11\/13\/saiu-veja-a-escalacao-do-flamengo-para-o-jogo-contra-o-atletico-mg-8\/#primaryimage"},"thumbnailUrl":"https:\/\/www.gaveanews.com\/wp-content\/uploads\/Escalacao-oficial-do-Flamengo-1.webp","datePublished":"2024-11-13T19:48:35+00:00","dateModified":"2024-11-13T19:48:52+00:00","author":{"@id":"https:\/\/www.gaveanews.com\/#\/schema\/person\/fd07635ec039ec3ba74ad18ec8a6dbd6"},"breadcrumb":{"@id":"https:\/\/www.gaveanews.com\/index.php\/2024\/11\/13\/saiu-veja-a-escalacao-do-flamengo-para-o-jogo-contra-o-atletico-mg-8\/#breadcrumb"},"inLanguage":"pt-BR","potentialAction":[{"@type":"ReadAction","target":["https:\/\/www.gaveanews.com\/index.php\/2024\/11\/13\/saiu-veja-a-escalacao-do-flamengo-para-o-jogo-contra-o-atletico-mg-8\/"]}]},{"@type":"ImageObject","inLanguage":"pt-BR","@id":"https:\/\/www.gaveanews.com\/index.php\/2024\/11\/13\/saiu-veja-a-escalacao-do-flamengo-para-o-jogo-contra-o-atletico-mg-8\/#primaryimage","url":"https:\/\/www.gaveanews.com\/wp-content\/uploads\/Escalacao-oficial-do-Flamengo-1.webp","contentUrl":"https:\/\/www.gaveanews.com\/wp-content\/uploads\/Escalacao-oficial-do-Flamengo-1.webp","width":1280,"height":720,"caption":"Escala\u00e7\u00e3o oficial do Flamengo (Imagem: Editoria de arte\/G\u00e1vea News\/Henrique Machado)"},{"@type":"BreadcrumbList","@id":"https:\/\/www.gaveanews.com\/index.php\/2024\/11\/13\/saiu-veja-a-escalacao-do-flamengo-para-o-jogo-contra-o-atletico-mg-8\/#breadcrumb","itemListElement":[{"@type":"ListItem","position":1,"name":"Home","item":"https:\/\/www.gaveanews.com\/"},{"@type":"ListItem","position":2,"name":"Saiu! Veja a escala\u00e7\u00e3o do Flamengo para o jogo contra o Atl\u00e9tico-MG"}]},{"@type":"WebSite","@id":"https:\/\/www.gaveanews.com\/#website","url":"https:\/\/www.gaveanews.com\/","name":"G\u00e1vea News","description":"Veja todas as not\u00edcias sobre o Flamengo: Contrata\u00e7\u00f5es, categorias de base, resultados das partidas, tabela de classifica\u00e7\u00e3o, pr\u00f3ximos jogos!","potentialAction":[{"@type":"SearchAction","target":{"@type":"EntryPoint","urlTemplate":"https:\/\/www.gaveanews.com\/?s={search_term_string}"},"query-input":{"@type":"PropertyValueSpecification","valueRequired":true,"valueName":"search_term_string"}}],"inLanguage":"pt-BR"},{"@type":"Person","@id":"https:\/\/www.gaveanews.com\/#\/schema\/person\/fd07635ec039ec3ba74ad18ec8a6dbd6","name":"Henrique Machado","image":{"@type":"ImageObject","inLanguage":"pt-BR","@id":"https:\/\/www.gaveanews.com\/#\/schema\/person\/image\/","url":"https:\/\/secure.gravatar.com\/avatar\/b95e35997e01d9800c1b6184bd79d4d898d370a3fce2584f5c77b907d5c7d9e9?s=96&d=mm&r=g","contentUrl":"https:\/\/secure.gravatar.com\/avatar\/b95e35997e01d9800c1b6184bd79d4d898d370a3fce2584f5c77b907d5c7d9e9?s=96&d=mm&r=g","caption":"Henrique Machado"}}]}},"_links":{"self":[{"href":"https:\/\/www.gaveanews.com\/index.php\/wp-json\/wp\/v2\/posts\/184900","targetHints":{"allow":["GET"]}}],"collection":[{"href":"https:\/\/www.gaveanews.com\/index.php\/wp-json\/wp\/v2\/posts"}],"about":[{"href":"https:\/\/www.gaveanews.com\/index.php\/wp-json\/wp\/v2\/types\/post"}],"author":[{"embeddable":true,"href":"https:\/\/www.gaveanews.com\/index.php\/wp-json\/wp\/v2\/users\/15"}],"replies":[{"embeddable":true,"href":"https:\/\/www.gaveanews.com\/index.php\/wp-json\/wp\/v2\/comments?post=184900"}],"version-history":[{"count":3,"href":"https:\/\/www.gaveanews.com\/index.php\/wp-json\/wp\/v2\/posts\/184900\/revisions"}],"predecessor-version":[{"id":184912,"href":"https:\/\/www.gaveanews.com\/index.php\/wp-json\/wp\/v2\/posts\/184900\/revisions\/184912"}],"wp:featuredmedia":[{"embeddable":true,"href":"https:\/\/www.gaveanews.com\/index.php\/wp-json\/wp\/v2\/media\/156094"}],"wp:attachment":[{"href":"https:\/\/www.gaveanews.com\/index.php\/wp-json\/wp\/v2\/media?parent=184900"}],"wp:term":[{"taxonomy":"category","embeddable":true,"href":"https:\/\/www.gaveanews.com\/index.php\/wp-json\/wp\/v2\/categories?post=184900"},{"taxonomy":"post_tag","embeddable":true,"href":"https:\/\/www.gaveanews.com\/index.php\/wp-json\/wp\/v2\/tags?post=184900"}],"curies":[{"name":"wp","href":"https:\/\/api.w.org\/{rel}","templated":true}]}}