{"id":184903,"date":"2024-11-13T22:00:00","date_gmt":"2024-11-14T01:00:00","guid":{"rendered":"https:\/\/www.gaveanews.com\/?p=184903"},"modified":"2024-11-13T16:47:42","modified_gmt":"2024-11-13T19:47:42","slug":"jorge-sampaoli-pede-a-contratacao-de-titular-do-flamengo","status":"publish","type":"post","link":"https:\/\/www.gaveanews.com\/index.php\/2024\/11\/13\/jorge-sampaoli-pede-a-contratacao-de-titular-do-flamengo\/","title":{"rendered":"Jorge Sampaoli pede a contrata\u00e7\u00e3o de titular do Flamengo"},"content":{"rendered":"\n<h2 class=\"wp-block-heading\" id=\"h-tecnico-argentino-quer-a-contratacao-de-fabricio-bruno\">T\u00e9cnico argentino quer a contrata\u00e7\u00e3o de Fabr\u00edcio Bruno<\/h2>\n\n\n\n<p>Recentemente apresentado ao Rennes, Jorge Sampaoli j\u00e1 volta seus olhos para o futebol brasileiro em busca de refor\u00e7os para a sua equipe. O t\u00e9cnico argentino solicitou ao clube a aquisi\u00e7\u00e3o do defensor Fabr\u00edcio Bruno, ambos do Flamengo. No entanto, por enquanto, nenhuma proposta foi feita, uma vez que a janela de transfer\u00eancias est\u00e1 fechada. As informa\u00e7\u00f5es s\u00e3o do Ge.<\/p>\n\n\n\n<ul class=\"wp-block-list\">\n<li><a href=\"https:\/\/www.gaveanews.com\/index.php\/2024\/11\/13\/flamengo-entra-para-historia-da-copa-do-brasil-entenda\/\">Flamengo entra para hist\u00f3ria da Copa do Brasil; entenda<\/a><\/li>\n\n\n\n<li><a href=\"https:\/\/www.gaveanews.com\/index.php\/2024\/11\/13\/ex-tecnico-do-flamengo-manda-recado-para-tite-2\/\">Ex-t\u00e9cnico do Flamengo manda recado para Tite<br><\/a><\/li>\n<\/ul>\n\n\n\n<p>Fabr\u00edcio Bruno, zagueiro de 28 anos e antigo interesse do Rennes, foi titular indiscut\u00edvel durante a passagem de Sampaoli pelo Flamengo e tem v\u00ednculo com o Rubro-Negro at\u00e9 2028. O clube franc\u00eas chegou a fazer uma oferta de 14 milh\u00f5es de euros (cerca de R$ 85,7 milh\u00f5es) por ele na \u00faltima janela de transfer\u00eancias, mas a proposta foi recusada. Depois disso, o Rennes optou por contratar Mika Faye, que era do Barcelona.<\/p>\n\n\n\n<p>O treinador argentino deixou o Flamengo em setembro do ano passado, e Fabr\u00edcio Bruno acumula convoca\u00e7\u00f5es para a sele\u00e7\u00e3o brasileira, o que reacendeu o interesse europeu.<\/p>\n\n\n\n<figure class=\"wp-block-image size-full\"><img loading=\"lazy\" decoding=\"async\" width=\"512\" height=\"341\" src=\"https:\/\/www.gaveanews.com\/wp-content\/uploads\/Fabricio-Bruno-durante-jogo-contra-o-Palmeiras-pela-Copa-do-Brasil-no-Allianz-Parque.webp\" alt=\"\" class=\"wp-image-157226\" srcset=\"https:\/\/www.gaveanews.com\/wp-content\/uploads\/Fabricio-Bruno-durante-jogo-contra-o-Palmeiras-pela-Copa-do-Brasil-no-Allianz-Parque.webp 512w, https:\/\/www.gaveanews.com\/wp-content\/uploads\/Fabricio-Bruno-durante-jogo-contra-o-Palmeiras-pela-Copa-do-Brasil-no-Allianz-Parque-300x200.webp 300w, https:\/\/www.gaveanews.com\/wp-content\/uploads\/Fabricio-Bruno-durante-jogo-contra-o-Palmeiras-pela-Copa-do-Brasil-no-Allianz-Parque-100x67.webp 100w\" sizes=\"auto, (max-width: 512px) 100vw, 512px\" \/><figcaption class=\"wp-element-caption\">Fabricio Bruno (Fotos: Gilvan de Souza\/Flamengo)<\/figcaption><\/figure>\n\n\n\n<p>O defensor come\u00e7ou sua carreira no Cruzeiro e, ap\u00f3s passagens bem-sucedidas por Chapecoense e Red Bull Bragantino, transferiu-se para o clube do Rio de Janeiro em fevereiro de 2022. Sua habilidade defensiva, for\u00e7a f\u00edsica e percep\u00e7\u00e3o t\u00e1tica fizeram dele uma op\u00e7\u00e3o recorrente para a defesa do Flamengo, particularmente sob a lideran\u00e7a de Sampaoli.<\/p>\n\n\n\n<p>No per\u00edodo em que trabalhou com Sampaoli no Flamengo, Fabr\u00edcio Bruno se destacou como o jogador de linha mais utilizado, tendo jogado em 31 dos 32 jogos sob o comando do treinador. Esta regularidade e confian\u00e7a s\u00e3o sinais evidentes do valor que o treinador atribui ao zagueiro. Embora o Flamengo tenha um contrato at\u00e9 dezembro de 2028, o interesse do Rennes n\u00e3o \u00e9 uma surpresa, levando em conta o hist\u00f3rico favor\u00e1vel entre o atleta e o treinador.<\/p>\n\n\n\n<p>A eventual sa\u00edda de Fabr\u00edcio Bruno constitui um grande obst\u00e1culo para o Flamengo. O clube, que nos \u00faltimos anos se estabeleceu como uma das principais for\u00e7as do futebol da Am\u00e9rica do Sul, pode encontrar obst\u00e1culos para substituir jogadores de tamanha import\u00e2ncia. Al\u00e9m do efeito t\u00e9cnico, a partida dos atletas for\u00e7aria a gest\u00e3o a agir de forma \u00e1gil no mercado para refor\u00e7ar o time.<\/p>\n\n\n\n<p>Em termos financeiros, uma venda pode ser vantajosa. O Flamengo poderia empregar os fundos arrecadados para fazer novas aquisi\u00e7\u00f5es ou at\u00e9 mesmo melhorar a infraestrutura do clube. No entanto, a aus\u00eancia de atletas essenciais pode impactar diretamente o rendimento esportivo, particularmente em um per\u00edodo em que o clube disputa t\u00edtulos em diversas competi\u00e7\u00f5es.<\/p>\n\n\n\n<p>\u00c9 fundamental para o Flamengo encontrar um equil\u00edbrio entre preservar a competitividade no esporte e assegurar a estabilidade financeira do clube. Ser\u00e1 necess\u00e1rio um bom gerenciamento das negocia\u00e7\u00f5es com o Rennes, levando em conta n\u00e3o somente o montante financeiro, mas tamb\u00e9m a possibilidade de reinvestimento e planejamento esportivo.<\/p>\n","protected":false},"excerpt":{"rendered":"<p>T\u00e9cnico argentino quer a contrata\u00e7\u00e3o de Fabr\u00edcio Bruno Recentemente apresentado ao Rennes, Jorge Sampaoli j\u00e1 volta seus olhos para o futebol brasileiro em busca de refor\u00e7os para a sua equipe. O t\u00e9cnico argentino solicitou ao clube a aquisi\u00e7\u00e3o do defensor Fabr\u00edcio Bruno, ambos do Flamengo. No entanto, por enquanto, nenhuma proposta foi feita, uma vez [&hellip;]<\/p>\n","protected":false},"author":16,"featured_media":104923,"comment_status":"open","ping_status":"closed","sticky":false,"template":"","format":"standard","meta":{"footnotes":""},"categories":[1],"tags":[],"class_list":["post-184903","post","type-post","status-publish","format-standard","has-post-thumbnail","hentry","category-flamengo"],"yoast_head":"<!-- This site is optimized with the Yoast SEO Premium plugin v24.2 (Yoast SEO v26.9) - https:\/\/yoast.com\/product\/yoast-seo-premium-wordpress\/ -->\n<title>Jorge Sampaoli pede a contrata\u00e7\u00e3o de titular do Flamengo<\/title>\n<meta name=\"description\" content=\"Jorge Sampaoli pede a contrata\u00e7\u00e3o de titular do Flamengo\" \/>\n<meta name=\"robots\" content=\"index, follow, max-snippet:-1, max-image-preview:large, max-video-preview:-1\" \/>\n<link rel=\"canonical\" href=\"https:\/\/www.gaveanews.com\/index.php\/2024\/11\/13\/jorge-sampaoli-pede-a-contratacao-de-titular-do-flamengo\/\" \/>\n<meta property=\"og:locale\" content=\"pt_BR\" \/>\n<meta property=\"og:type\" content=\"article\" \/>\n<meta property=\"og:title\" content=\"Jorge Sampaoli pede a contrata\u00e7\u00e3o de titular do Flamengo\" \/>\n<meta property=\"og:description\" content=\"Jorge Sampaoli pede a contrata\u00e7\u00e3o de titular do Flamengo\" \/>\n<meta property=\"og:url\" content=\"https:\/\/www.gaveanews.com\/index.php\/2024\/11\/13\/jorge-sampaoli-pede-a-contratacao-de-titular-do-flamengo\/\" \/>\n<meta property=\"og:site_name\" content=\"G\u00e1vea News\" \/>\n<meta property=\"article:publisher\" content=\"https:\/\/facebook.com\/gaveaNews\/\" \/>\n<meta property=\"article:published_time\" content=\"2024-11-14T01:00:00+00:00\" \/>\n<meta property=\"og:image\" content=\"https:\/\/www.gaveanews.com\/wp-content\/uploads\/Sampaoli-Flamengo.webp\" \/>\n\t<meta property=\"og:image:width\" content=\"1450\" \/>\n\t<meta property=\"og:image:height\" content=\"966\" \/>\n\t<meta property=\"og:image:type\" content=\"image\/jpeg\" \/>\n<meta name=\"author\" content=\"D\u00e9bora Figueiredo\" \/>\n<meta name=\"twitter:card\" content=\"summary_large_image\" \/>\n<meta name=\"twitter:label1\" content=\"Escrito por\" \/>\n\t<meta name=\"twitter:data1\" content=\"D\u00e9bora Figueiredo\" \/>\n\t<meta name=\"twitter:label2\" content=\"Est. tempo de leitura\" \/>\n\t<meta name=\"twitter:data2\" content=\"4 minutos\" \/>\n<script type=\"application\/ld+json\" class=\"yoast-schema-graph\">{\"@context\":\"https:\/\/schema.org\",\"@graph\":[{\"@type\":\"NewsArticle\",\"@id\":\"https:\/\/www.gaveanews.com\/index.php\/2024\/11\/13\/jorge-sampaoli-pede-a-contratacao-de-titular-do-flamengo\/#article\",\"isPartOf\":{\"@id\":\"https:\/\/www.gaveanews.com\/index.php\/2024\/11\/13\/jorge-sampaoli-pede-a-contratacao-de-titular-do-flamengo\/\"},\"author\":{\"name\":\"D\u00e9bora Figueiredo\",\"@id\":\"https:\/\/www.gaveanews.com\/#\/schema\/person\/37122681a8575a5c8db05a56f099a5e4\"},\"headline\":\"Jorge Sampaoli pede a contrata\u00e7\u00e3o de titular do Flamengo\",\"datePublished\":\"2024-11-14T01:00:00+00:00\",\"mainEntityOfPage\":{\"@id\":\"https:\/\/www.gaveanews.com\/index.php\/2024\/11\/13\/jorge-sampaoli-pede-a-contratacao-de-titular-do-flamengo\/\"},\"wordCount\":541,\"commentCount\":0,\"image\":{\"@id\":\"https:\/\/www.gaveanews.com\/index.php\/2024\/11\/13\/jorge-sampaoli-pede-a-contratacao-de-titular-do-flamengo\/#primaryimage\"},\"thumbnailUrl\":\"https:\/\/www.gaveanews.com\/wp-content\/uploads\/Sampaoli-Flamengo.webp\",\"articleSection\":[\"Flamengo\"],\"inLanguage\":\"pt-BR\",\"potentialAction\":[{\"@type\":\"CommentAction\",\"name\":\"Comment\",\"target\":[\"https:\/\/www.gaveanews.com\/index.php\/2024\/11\/13\/jorge-sampaoli-pede-a-contratacao-de-titular-do-flamengo\/#respond\"]}],\"copyrightYear\":\"2024\",\"copyrightHolder\":{\"@id\":\"https:\/\/www.gaveanews.com\/#organization\"}},{\"@type\":\"WebPage\",\"@id\":\"https:\/\/www.gaveanews.com\/index.php\/2024\/11\/13\/jorge-sampaoli-pede-a-contratacao-de-titular-do-flamengo\/\",\"url\":\"https:\/\/www.gaveanews.com\/index.php\/2024\/11\/13\/jorge-sampaoli-pede-a-contratacao-de-titular-do-flamengo\/\",\"name\":\"Jorge Sampaoli pede a contrata\u00e7\u00e3o de titular do Flamengo\",\"isPartOf\":{\"@id\":\"https:\/\/www.gaveanews.com\/#website\"},\"primaryImageOfPage\":{\"@id\":\"https:\/\/www.gaveanews.com\/index.php\/2024\/11\/13\/jorge-sampaoli-pede-a-contratacao-de-titular-do-flamengo\/#primaryimage\"},\"image\":{\"@id\":\"https:\/\/www.gaveanews.com\/index.php\/2024\/11\/13\/jorge-sampaoli-pede-a-contratacao-de-titular-do-flamengo\/#primaryimage\"},\"thumbnailUrl\":\"https:\/\/www.gaveanews.com\/wp-content\/uploads\/Sampaoli-Flamengo.webp\",\"datePublished\":\"2024-11-14T01:00:00+00:00\",\"author\":{\"@id\":\"https:\/\/www.gaveanews.com\/#\/schema\/person\/37122681a8575a5c8db05a56f099a5e4\"},\"description\":\"Jorge Sampaoli pede a contrata\u00e7\u00e3o de titular do Flamengo\",\"breadcrumb\":{\"@id\":\"https:\/\/www.gaveanews.com\/index.php\/2024\/11\/13\/jorge-sampaoli-pede-a-contratacao-de-titular-do-flamengo\/#breadcrumb\"},\"inLanguage\":\"pt-BR\",\"potentialAction\":[{\"@type\":\"ReadAction\",\"target\":[\"https:\/\/www.gaveanews.com\/index.php\/2024\/11\/13\/jorge-sampaoli-pede-a-contratacao-de-titular-do-flamengo\/\"]}]},{\"@type\":\"ImageObject\",\"inLanguage\":\"pt-BR\",\"@id\":\"https:\/\/www.gaveanews.com\/index.php\/2024\/11\/13\/jorge-sampaoli-pede-a-contratacao-de-titular-do-flamengo\/#primaryimage\",\"url\":\"https:\/\/www.gaveanews.com\/wp-content\/uploads\/Sampaoli-Flamengo.webp\",\"contentUrl\":\"https:\/\/www.gaveanews.com\/wp-content\/uploads\/Sampaoli-Flamengo.webp\",\"width\":1450,\"height\":966,\"caption\":\"Jorge Sampaoli comandando o Flamengo (Foto: Pressinphoto\/Icon Sport)\"},{\"@type\":\"BreadcrumbList\",\"@id\":\"https:\/\/www.gaveanews.com\/index.php\/2024\/11\/13\/jorge-sampaoli-pede-a-contratacao-de-titular-do-flamengo\/#breadcrumb\",\"itemListElement\":[{\"@type\":\"ListItem\",\"position\":1,\"name\":\"Home\",\"item\":\"https:\/\/www.gaveanews.com\/\"},{\"@type\":\"ListItem\",\"position\":2,\"name\":\"Jorge Sampaoli pede a contrata\u00e7\u00e3o de titular do Flamengo\"}]},{\"@type\":\"WebSite\",\"@id\":\"https:\/\/www.gaveanews.com\/#website\",\"url\":\"https:\/\/www.gaveanews.com\/\",\"name\":\"G\u00e1vea News\",\"description\":\"Veja todas as not\u00edcias sobre o Flamengo: Contrata\u00e7\u00f5es, categorias de base, resultados das partidas, tabela de classifica\u00e7\u00e3o, pr\u00f3ximos jogos!\",\"potentialAction\":[{\"@type\":\"SearchAction\",\"target\":{\"@type\":\"EntryPoint\",\"urlTemplate\":\"https:\/\/www.gaveanews.com\/?s={search_term_string}\"},\"query-input\":{\"@type\":\"PropertyValueSpecification\",\"valueRequired\":true,\"valueName\":\"search_term_string\"}}],\"inLanguage\":\"pt-BR\"},{\"@type\":\"Person\",\"@id\":\"https:\/\/www.gaveanews.com\/#\/schema\/person\/37122681a8575a5c8db05a56f099a5e4\",\"name\":\"D\u00e9bora Figueiredo\",\"image\":{\"@type\":\"ImageObject\",\"inLanguage\":\"pt-BR\",\"@id\":\"https:\/\/www.gaveanews.com\/#\/schema\/person\/image\/\",\"url\":\"https:\/\/secure.gravatar.com\/avatar\/1f44802859351588499d26f52aed1d15796ce17e67602895b72837c08018868d?s=96&d=mm&r=g\",\"contentUrl\":\"https:\/\/secure.gravatar.com\/avatar\/1f44802859351588499d26f52aed1d15796ce17e67602895b72837c08018868d?s=96&d=mm&r=g\",\"caption\":\"D\u00e9bora Figueiredo\"}}]}<\/script>\n<!-- \/ Yoast SEO Premium plugin. -->","yoast_head_json":{"title":"Jorge Sampaoli pede a contrata\u00e7\u00e3o de titular do Flamengo","description":"Jorge Sampaoli pede a contrata\u00e7\u00e3o de titular do Flamengo","robots":{"index":"index","follow":"follow","max-snippet":"max-snippet:-1","max-image-preview":"max-image-preview:large","max-video-preview":"max-video-preview:-1"},"canonical":"https:\/\/www.gaveanews.com\/index.php\/2024\/11\/13\/jorge-sampaoli-pede-a-contratacao-de-titular-do-flamengo\/","og_locale":"pt_BR","og_type":"article","og_title":"Jorge Sampaoli pede a contrata\u00e7\u00e3o de titular do Flamengo","og_description":"Jorge Sampaoli pede a contrata\u00e7\u00e3o de titular do Flamengo","og_url":"https:\/\/www.gaveanews.com\/index.php\/2024\/11\/13\/jorge-sampaoli-pede-a-contratacao-de-titular-do-flamengo\/","og_site_name":"G\u00e1vea News","article_publisher":"https:\/\/facebook.com\/gaveaNews\/","article_published_time":"2024-11-14T01:00:00+00:00","og_image":[{"width":1450,"height":966,"url":"https:\/\/www.gaveanews.com\/wp-content\/uploads\/Sampaoli-Flamengo.webp","type":"image\/jpeg"}],"author":"D\u00e9bora Figueiredo","twitter_card":"summary_large_image","twitter_misc":{"Escrito por":"D\u00e9bora Figueiredo","Est. tempo de leitura":"4 minutos"},"schema":{"@context":"https:\/\/schema.org","@graph":[{"@type":"NewsArticle","@id":"https:\/\/www.gaveanews.com\/index.php\/2024\/11\/13\/jorge-sampaoli-pede-a-contratacao-de-titular-do-flamengo\/#article","isPartOf":{"@id":"https:\/\/www.gaveanews.com\/index.php\/2024\/11\/13\/jorge-sampaoli-pede-a-contratacao-de-titular-do-flamengo\/"},"author":{"name":"D\u00e9bora Figueiredo","@id":"https:\/\/www.gaveanews.com\/#\/schema\/person\/37122681a8575a5c8db05a56f099a5e4"},"headline":"Jorge Sampaoli pede a contrata\u00e7\u00e3o de titular do Flamengo","datePublished":"2024-11-14T01:00:00+00:00","mainEntityOfPage":{"@id":"https:\/\/www.gaveanews.com\/index.php\/2024\/11\/13\/jorge-sampaoli-pede-a-contratacao-de-titular-do-flamengo\/"},"wordCount":541,"commentCount":0,"image":{"@id":"https:\/\/www.gaveanews.com\/index.php\/2024\/11\/13\/jorge-sampaoli-pede-a-contratacao-de-titular-do-flamengo\/#primaryimage"},"thumbnailUrl":"https:\/\/www.gaveanews.com\/wp-content\/uploads\/Sampaoli-Flamengo.webp","articleSection":["Flamengo"],"inLanguage":"pt-BR","potentialAction":[{"@type":"CommentAction","name":"Comment","target":["https:\/\/www.gaveanews.com\/index.php\/2024\/11\/13\/jorge-sampaoli-pede-a-contratacao-de-titular-do-flamengo\/#respond"]}],"copyrightYear":"2024","copyrightHolder":{"@id":"https:\/\/www.gaveanews.com\/#organization"}},{"@type":"WebPage","@id":"https:\/\/www.gaveanews.com\/index.php\/2024\/11\/13\/jorge-sampaoli-pede-a-contratacao-de-titular-do-flamengo\/","url":"https:\/\/www.gaveanews.com\/index.php\/2024\/11\/13\/jorge-sampaoli-pede-a-contratacao-de-titular-do-flamengo\/","name":"Jorge Sampaoli pede a contrata\u00e7\u00e3o de titular do Flamengo","isPartOf":{"@id":"https:\/\/www.gaveanews.com\/#website"},"primaryImageOfPage":{"@id":"https:\/\/www.gaveanews.com\/index.php\/2024\/11\/13\/jorge-sampaoli-pede-a-contratacao-de-titular-do-flamengo\/#primaryimage"},"image":{"@id":"https:\/\/www.gaveanews.com\/index.php\/2024\/11\/13\/jorge-sampaoli-pede-a-contratacao-de-titular-do-flamengo\/#primaryimage"},"thumbnailUrl":"https:\/\/www.gaveanews.com\/wp-content\/uploads\/Sampaoli-Flamengo.webp","datePublished":"2024-11-14T01:00:00+00:00","author":{"@id":"https:\/\/www.gaveanews.com\/#\/schema\/person\/37122681a8575a5c8db05a56f099a5e4"},"description":"Jorge Sampaoli pede a contrata\u00e7\u00e3o de titular do Flamengo","breadcrumb":{"@id":"https:\/\/www.gaveanews.com\/index.php\/2024\/11\/13\/jorge-sampaoli-pede-a-contratacao-de-titular-do-flamengo\/#breadcrumb"},"inLanguage":"pt-BR","potentialAction":[{"@type":"ReadAction","target":["https:\/\/www.gaveanews.com\/index.php\/2024\/11\/13\/jorge-sampaoli-pede-a-contratacao-de-titular-do-flamengo\/"]}]},{"@type":"ImageObject","inLanguage":"pt-BR","@id":"https:\/\/www.gaveanews.com\/index.php\/2024\/11\/13\/jorge-sampaoli-pede-a-contratacao-de-titular-do-flamengo\/#primaryimage","url":"https:\/\/www.gaveanews.com\/wp-content\/uploads\/Sampaoli-Flamengo.webp","contentUrl":"https:\/\/www.gaveanews.com\/wp-content\/uploads\/Sampaoli-Flamengo.webp","width":1450,"height":966,"caption":"Jorge Sampaoli comandando o Flamengo (Foto: Pressinphoto\/Icon Sport)"},{"@type":"BreadcrumbList","@id":"https:\/\/www.gaveanews.com\/index.php\/2024\/11\/13\/jorge-sampaoli-pede-a-contratacao-de-titular-do-flamengo\/#breadcrumb","itemListElement":[{"@type":"ListItem","position":1,"name":"Home","item":"https:\/\/www.gaveanews.com\/"},{"@type":"ListItem","position":2,"name":"Jorge Sampaoli pede a contrata\u00e7\u00e3o de titular do Flamengo"}]},{"@type":"WebSite","@id":"https:\/\/www.gaveanews.com\/#website","url":"https:\/\/www.gaveanews.com\/","name":"G\u00e1vea News","description":"Veja todas as not\u00edcias sobre o Flamengo: Contrata\u00e7\u00f5es, categorias de base, resultados das partidas, tabela de classifica\u00e7\u00e3o, pr\u00f3ximos jogos!","potentialAction":[{"@type":"SearchAction","target":{"@type":"EntryPoint","urlTemplate":"https:\/\/www.gaveanews.com\/?s={search_term_string}"},"query-input":{"@type":"PropertyValueSpecification","valueRequired":true,"valueName":"search_term_string"}}],"inLanguage":"pt-BR"},{"@type":"Person","@id":"https:\/\/www.gaveanews.com\/#\/schema\/person\/37122681a8575a5c8db05a56f099a5e4","name":"D\u00e9bora Figueiredo","image":{"@type":"ImageObject","inLanguage":"pt-BR","@id":"https:\/\/www.gaveanews.com\/#\/schema\/person\/image\/","url":"https:\/\/secure.gravatar.com\/avatar\/1f44802859351588499d26f52aed1d15796ce17e67602895b72837c08018868d?s=96&d=mm&r=g","contentUrl":"https:\/\/secure.gravatar.com\/avatar\/1f44802859351588499d26f52aed1d15796ce17e67602895b72837c08018868d?s=96&d=mm&r=g","caption":"D\u00e9bora Figueiredo"}}]}},"_links":{"self":[{"href":"https:\/\/www.gaveanews.com\/index.php\/wp-json\/wp\/v2\/posts\/184903","targetHints":{"allow":["GET"]}}],"collection":[{"href":"https:\/\/www.gaveanews.com\/index.php\/wp-json\/wp\/v2\/posts"}],"about":[{"href":"https:\/\/www.gaveanews.com\/index.php\/wp-json\/wp\/v2\/types\/post"}],"author":[{"embeddable":true,"href":"https:\/\/www.gaveanews.com\/index.php\/wp-json\/wp\/v2\/users\/16"}],"replies":[{"embeddable":true,"href":"https:\/\/www.gaveanews.com\/index.php\/wp-json\/wp\/v2\/comments?post=184903"}],"version-history":[{"count":1,"href":"https:\/\/www.gaveanews.com\/index.php\/wp-json\/wp\/v2\/posts\/184903\/revisions"}],"predecessor-version":[{"id":184907,"href":"https:\/\/www.gaveanews.com\/index.php\/wp-json\/wp\/v2\/posts\/184903\/revisions\/184907"}],"wp:featuredmedia":[{"embeddable":true,"href":"https:\/\/www.gaveanews.com\/index.php\/wp-json\/wp\/v2\/media\/104923"}],"wp:attachment":[{"href":"https:\/\/www.gaveanews.com\/index.php\/wp-json\/wp\/v2\/media?parent=184903"}],"wp:term":[{"taxonomy":"category","embeddable":true,"href":"https:\/\/www.gaveanews.com\/index.php\/wp-json\/wp\/v2\/categories?post=184903"},{"taxonomy":"post_tag","embeddable":true,"href":"https:\/\/www.gaveanews.com\/index.php\/wp-json\/wp\/v2\/tags?post=184903"}],"curies":[{"name":"wp","href":"https:\/\/api.w.org\/{rel}","templated":true}]}}