{"id":184909,"date":"2024-11-13T20:25:00","date_gmt":"2024-11-13T23:25:00","guid":{"rendered":"https:\/\/www.gaveanews.com\/?p=184909"},"modified":"2024-11-13T19:40:21","modified_gmt":"2024-11-13T22:40:21","slug":"romario-vai-voltar-a-vestir-a-camisa-do-barcelona","status":"publish","type":"post","link":"https:\/\/www.gaveanews.com\/index.php\/2024\/11\/13\/romario-vai-voltar-a-vestir-a-camisa-do-barcelona\/","title":{"rendered":"Rom\u00e1rio vai voltar a vestir a camisa do Barcelona"},"content":{"rendered":"\n<p>Em um reencontro emocionante, o \u00eddolo Rom\u00e1rio vai voltar a vestir a camisa do Barcelona neste domingo, 17 de novembro, para um amistoso beneficente que promete emocionar os f\u00e3s de futebol. A partida, que ser\u00e1 exibida exclusivamente pelo SporTV, coloca o atacante brasileiro em campo ao lado de outros grandes craques no evento que re\u00fane lendas do futebol mundial.<\/p>\n\n\n\n<ul class=\"wp-block-list\">\n<li><a href=\"https:\/\/www.gaveanews.com\/index.php\/2024\/11\/13\/ele-foi-convocado-para-a-selecao-e-agora-e-disputado-por-real-madrid-e-barcelona\/\">Ele foi convocado para a sele\u00e7\u00e3o e agora \u00e9 disputado por Real Madrid e Barcelona<\/a><\/li>\n\n\n\n<li><a href=\"https:\/\/www.gaveanews.com\/index.php\/2024\/11\/13\/lewandowski-impediu-chegada-de-reforco-ao-barcelona\/\">Lewandowski impediu chegada de refor\u00e7o ao Barcelona<\/a><\/li>\n<\/ul>\n\n\n\n<h2 class=\"wp-block-heading\" id=\"h-o-grande-retorno-de-romario-ao-barca\">O grande retorno de Rom\u00e1rio ao Bar\u00e7a<\/h2>\n\n\n\n<p>Trinta anos depois de sua passagem pelo clube catal\u00e3o, Rom\u00e1rio se junta ao time de lendas do Barcelona para uma partida especial em Curitiba, no Paran\u00e1. O amistoso \u00e9 parte de uma iniciativa beneficente entre a equipe &#8220;Pel\u00e9 Pequeno Pr\u00edncipe&#8221; e o &#8220;Bar\u00e7a Legends&#8221;. <\/p>\n\n\n\n<p>Al\u00e9m de Rom\u00e1rio, outros grandes nomes do futebol estar\u00e3o em campo, como os ex-jogadores Francesco Coco, Sergi Barjuan, Javier Saviola, e os brasileiros Edmilson, Rivaldo e Giovanni. Sendo assim, o reencontro de Rom\u00e1rio com a camisa azul e vermelha do Barcelona \u00e9 um dos momentos mais aguardados da partida.<\/p>\n\n\n\n<h2 class=\"wp-block-heading\" id=\"h-craques-historicos-no-time-adversario\">Craques hist\u00f3ricos no time advers\u00e1rio<\/h2>\n\n\n\n<p>Do outro lado, a Sele\u00e7\u00e3o Pel\u00e9 Pequeno Pr\u00edncipe Legends, comandada pelo t\u00e9cnico Mano Menezes, promete uma verdadeira aula de futebol com \u00eddolos como Cafu, Amaral, Djalminha, Diego Lugano, Andr\u00e9s D&#8217;Alessandro, Fernando Prass, Miranda e Paulo C\u00e9sar Tinga. <\/p>\n\n\n\n<p>Al\u00e9m disso, os comentaristas de esportes da Globo, como Ricardinho, Grafite, Richarlyson e Alex Meschini, tamb\u00e9m far\u00e3o parte dessa sele\u00e7\u00e3o de estrelas. Isso porque, o evento re\u00fane algumas das maiores figuras do futebol nacional e internacional, proporcionando aos torcedores um espet\u00e1culo inesquec\u00edvel.<\/p>\n\n\n\n<h2 class=\"wp-block-heading\" id=\"h-transmissao-e-objetivo-beneficente\">Transmiss\u00e3o e objetivo beneficente<\/h2>\n\n\n\n<p>O amistoso ser\u00e1 transmitido ao vivo pelo Sportv, a partir das 19h30, com narra\u00e7\u00e3o de Vin\u00edcius Rodrigues e os coment\u00e1rios de Paulo Nunes e Felipe Bastos. Vale destacar que toda a renda obtida com a venda dos ingressos ser\u00e1 revertida para as atividades de assist\u00eancia e pesquisa do Complexo Pequeno Pr\u00edncipe, que apoia crian\u00e7as e adolescentes em tratamento m\u00e9dico e de sa\u00fade. Dessa maneira, al\u00e9m do espet\u00e1culo esportivo, a partida se torna uma importante a\u00e7\u00e3o social.<\/p>\n\n\n\n<p>Com isso, o amistoso beneficente entre as lendas do Barcelona e a Sele\u00e7\u00e3o Pel\u00e9 Pequeno Pr\u00edncipe promete ser mais do que uma simples partida de futebol, mas um evento repleto de emo\u00e7\u00e3o, nostalgia e solidariedade. N\u00e3o perca a oportunidade de reviver os momentos gloriosos de Rom\u00e1rio com a camisa do Bar\u00e7a e ainda contribuir para uma causa nobre.<\/p>\n","protected":false},"excerpt":{"rendered":"<p>Em um reencontro emocionante, o \u00eddolo Rom\u00e1rio vai voltar a vestir a camisa do Barcelona neste domingo, 17 de novembro, para um amistoso beneficente que promete emocionar os f\u00e3s de futebol. A partida, que ser\u00e1 exibida exclusivamente pelo SporTV, coloca o atacante brasileiro em campo ao lado de outros grandes craques no evento que re\u00fane [&hellip;]<\/p>\n","protected":false},"author":24,"featured_media":69741,"comment_status":"open","ping_status":"closed","sticky":false,"template":"","format":"standard","meta":{"footnotes":""},"categories":[87,1,145,152],"tags":[],"class_list":["post-184909","post","type-post","status-publish","format-standard","has-post-thumbnail","hentry","category-barcelona","category-flamengo","category-fluminense","category-vasco"],"yoast_head":"<!-- This site is optimized with the Yoast SEO Premium plugin v24.2 (Yoast SEO v26.9) - https:\/\/yoast.com\/product\/yoast-seo-premium-wordpress\/ -->\n<title>Rom\u00e1rio vai voltar a vestir a camisa do Barcelona<\/title>\n<meta name=\"robots\" content=\"index, follow, max-snippet:-1, max-image-preview:large, max-video-preview:-1\" \/>\n<link rel=\"canonical\" href=\"https:\/\/www.gaveanews.com\/index.php\/2024\/11\/13\/romario-vai-voltar-a-vestir-a-camisa-do-barcelona\/\" \/>\n<meta property=\"og:locale\" content=\"pt_BR\" \/>\n<meta property=\"og:type\" content=\"article\" \/>\n<meta property=\"og:title\" content=\"Rom\u00e1rio vai voltar a vestir a camisa do Barcelona\" \/>\n<meta property=\"og:description\" content=\"Em um reencontro emocionante, o \u00eddolo Rom\u00e1rio vai voltar a vestir a camisa do Barcelona neste domingo, 17 de novembro, para um amistoso beneficente que promete emocionar os f\u00e3s de futebol. A partida, que ser\u00e1 exibida exclusivamente pelo SporTV, coloca o atacante brasileiro em campo ao lado de outros grandes craques no evento que re\u00fane [&hellip;]\" \/>\n<meta property=\"og:url\" content=\"https:\/\/www.gaveanews.com\/index.php\/2024\/11\/13\/romario-vai-voltar-a-vestir-a-camisa-do-barcelona\/\" \/>\n<meta property=\"og:site_name\" content=\"G\u00e1vea News\" \/>\n<meta property=\"article:publisher\" content=\"https:\/\/facebook.com\/gaveaNews\/\" \/>\n<meta property=\"article:published_time\" content=\"2024-11-13T23:25:00+00:00\" \/>\n<meta property=\"og:image\" content=\"https:\/\/www.gaveanews.com\/wp-content\/uploads\/Romario-pede-silencio-aos-rivais-apos-marcar-um-gol-com-a-camisa-do-Flamengo.webp\" \/>\n\t<meta property=\"og:image:width\" content=\"1280\" \/>\n\t<meta property=\"og:image:height\" content=\"720\" \/>\n\t<meta property=\"og:image:type\" content=\"image\/webp\" \/>\n<meta name=\"author\" content=\"Leandro Cardoso\" \/>\n<meta name=\"twitter:card\" content=\"summary_large_image\" \/>\n<meta name=\"twitter:label1\" content=\"Escrito por\" \/>\n\t<meta name=\"twitter:data1\" content=\"Leandro Cardoso\" \/>\n\t<meta name=\"twitter:label2\" content=\"Est. tempo de leitura\" \/>\n\t<meta name=\"twitter:data2\" content=\"3 minutos\" \/>\n<script type=\"application\/ld+json\" class=\"yoast-schema-graph\">{\"@context\":\"https:\/\/schema.org\",\"@graph\":[{\"@type\":\"NewsArticle\",\"@id\":\"https:\/\/www.gaveanews.com\/index.php\/2024\/11\/13\/romario-vai-voltar-a-vestir-a-camisa-do-barcelona\/#article\",\"isPartOf\":{\"@id\":\"https:\/\/www.gaveanews.com\/index.php\/2024\/11\/13\/romario-vai-voltar-a-vestir-a-camisa-do-barcelona\/\"},\"author\":{\"name\":\"Leandro Cardoso\",\"@id\":\"https:\/\/www.gaveanews.com\/#\/schema\/person\/2424ec6409bc3f068411fc5e4e9b6168\"},\"headline\":\"Rom\u00e1rio vai voltar a vestir a camisa do Barcelona\",\"datePublished\":\"2024-11-13T23:25:00+00:00\",\"mainEntityOfPage\":{\"@id\":\"https:\/\/www.gaveanews.com\/index.php\/2024\/11\/13\/romario-vai-voltar-a-vestir-a-camisa-do-barcelona\/\"},\"wordCount\":457,\"commentCount\":0,\"image\":{\"@id\":\"https:\/\/www.gaveanews.com\/index.php\/2024\/11\/13\/romario-vai-voltar-a-vestir-a-camisa-do-barcelona\/#primaryimage\"},\"thumbnailUrl\":\"https:\/\/www.gaveanews.com\/wp-content\/uploads\/Romario-pede-silencio-aos-rivais-apos-marcar-um-gol-com-a-camisa-do-Flamengo.webp\",\"articleSection\":[\"Barcelona\",\"Flamengo\",\"Fluminense\",\"Vasco\"],\"inLanguage\":\"pt-BR\",\"potentialAction\":[{\"@type\":\"CommentAction\",\"name\":\"Comment\",\"target\":[\"https:\/\/www.gaveanews.com\/index.php\/2024\/11\/13\/romario-vai-voltar-a-vestir-a-camisa-do-barcelona\/#respond\"]}],\"copyrightYear\":\"2024\",\"copyrightHolder\":{\"@id\":\"https:\/\/www.gaveanews.com\/#organization\"}},{\"@type\":\"WebPage\",\"@id\":\"https:\/\/www.gaveanews.com\/index.php\/2024\/11\/13\/romario-vai-voltar-a-vestir-a-camisa-do-barcelona\/\",\"url\":\"https:\/\/www.gaveanews.com\/index.php\/2024\/11\/13\/romario-vai-voltar-a-vestir-a-camisa-do-barcelona\/\",\"name\":\"Rom\u00e1rio vai voltar a vestir a camisa do Barcelona\",\"isPartOf\":{\"@id\":\"https:\/\/www.gaveanews.com\/#website\"},\"primaryImageOfPage\":{\"@id\":\"https:\/\/www.gaveanews.com\/index.php\/2024\/11\/13\/romario-vai-voltar-a-vestir-a-camisa-do-barcelona\/#primaryimage\"},\"image\":{\"@id\":\"https:\/\/www.gaveanews.com\/index.php\/2024\/11\/13\/romario-vai-voltar-a-vestir-a-camisa-do-barcelona\/#primaryimage\"},\"thumbnailUrl\":\"https:\/\/www.gaveanews.com\/wp-content\/uploads\/Romario-pede-silencio-aos-rivais-apos-marcar-um-gol-com-a-camisa-do-Flamengo.webp\",\"datePublished\":\"2024-11-13T23:25:00+00:00\",\"author\":{\"@id\":\"https:\/\/www.gaveanews.com\/#\/schema\/person\/2424ec6409bc3f068411fc5e4e9b6168\"},\"breadcrumb\":{\"@id\":\"https:\/\/www.gaveanews.com\/index.php\/2024\/11\/13\/romario-vai-voltar-a-vestir-a-camisa-do-barcelona\/#breadcrumb\"},\"inLanguage\":\"pt-BR\",\"potentialAction\":[{\"@type\":\"ReadAction\",\"target\":[\"https:\/\/www.gaveanews.com\/index.php\/2024\/11\/13\/romario-vai-voltar-a-vestir-a-camisa-do-barcelona\/\"]}]},{\"@type\":\"ImageObject\",\"inLanguage\":\"pt-BR\",\"@id\":\"https:\/\/www.gaveanews.com\/index.php\/2024\/11\/13\/romario-vai-voltar-a-vestir-a-camisa-do-barcelona\/#primaryimage\",\"url\":\"https:\/\/www.gaveanews.com\/wp-content\/uploads\/Romario-pede-silencio-aos-rivais-apos-marcar-um-gol-com-a-camisa-do-Flamengo.webp\",\"contentUrl\":\"https:\/\/www.gaveanews.com\/wp-content\/uploads\/Romario-pede-silencio-aos-rivais-apos-marcar-um-gol-com-a-camisa-do-Flamengo.webp\",\"width\":1280,\"height\":720,\"caption\":\"Rom\u00e1rio pede sil\u00eancio aos rivais ap\u00f3s marcar um gol com a camisa do Flamengo (Foto: Divulga\u00e7\u00e3o)\"},{\"@type\":\"BreadcrumbList\",\"@id\":\"https:\/\/www.gaveanews.com\/index.php\/2024\/11\/13\/romario-vai-voltar-a-vestir-a-camisa-do-barcelona\/#breadcrumb\",\"itemListElement\":[{\"@type\":\"ListItem\",\"position\":1,\"name\":\"Home\",\"item\":\"https:\/\/www.gaveanews.com\/\"},{\"@type\":\"ListItem\",\"position\":2,\"name\":\"Rom\u00e1rio vai voltar a vestir a camisa do Barcelona\"}]},{\"@type\":\"WebSite\",\"@id\":\"https:\/\/www.gaveanews.com\/#website\",\"url\":\"https:\/\/www.gaveanews.com\/\",\"name\":\"G\u00e1vea News\",\"description\":\"Veja todas as not\u00edcias sobre o Flamengo: Contrata\u00e7\u00f5es, categorias de base, resultados das partidas, tabela de classifica\u00e7\u00e3o, pr\u00f3ximos jogos!\",\"potentialAction\":[{\"@type\":\"SearchAction\",\"target\":{\"@type\":\"EntryPoint\",\"urlTemplate\":\"https:\/\/www.gaveanews.com\/?s={search_term_string}\"},\"query-input\":{\"@type\":\"PropertyValueSpecification\",\"valueRequired\":true,\"valueName\":\"search_term_string\"}}],\"inLanguage\":\"pt-BR\"},{\"@type\":\"Person\",\"@id\":\"https:\/\/www.gaveanews.com\/#\/schema\/person\/2424ec6409bc3f068411fc5e4e9b6168\",\"name\":\"Leandro Cardoso\",\"image\":{\"@type\":\"ImageObject\",\"inLanguage\":\"pt-BR\",\"@id\":\"https:\/\/www.gaveanews.com\/#\/schema\/person\/image\/\",\"url\":\"https:\/\/secure.gravatar.com\/avatar\/8ca179f9b55eefe9f376f5493ef25475bfa59fbc28ce937f6076ce20e523098f?s=96&d=mm&r=g\",\"contentUrl\":\"https:\/\/secure.gravatar.com\/avatar\/8ca179f9b55eefe9f376f5493ef25475bfa59fbc28ce937f6076ce20e523098f?s=96&d=mm&r=g\",\"caption\":\"Leandro Cardoso\"}}]}<\/script>\n<!-- \/ Yoast SEO Premium plugin. -->","yoast_head_json":{"title":"Rom\u00e1rio vai voltar a vestir a camisa do Barcelona","robots":{"index":"index","follow":"follow","max-snippet":"max-snippet:-1","max-image-preview":"max-image-preview:large","max-video-preview":"max-video-preview:-1"},"canonical":"https:\/\/www.gaveanews.com\/index.php\/2024\/11\/13\/romario-vai-voltar-a-vestir-a-camisa-do-barcelona\/","og_locale":"pt_BR","og_type":"article","og_title":"Rom\u00e1rio vai voltar a vestir a camisa do Barcelona","og_description":"Em um reencontro emocionante, o \u00eddolo Rom\u00e1rio vai voltar a vestir a camisa do Barcelona neste domingo, 17 de novembro, para um amistoso beneficente que promete emocionar os f\u00e3s de futebol. A partida, que ser\u00e1 exibida exclusivamente pelo SporTV, coloca o atacante brasileiro em campo ao lado de outros grandes craques no evento que re\u00fane [&hellip;]","og_url":"https:\/\/www.gaveanews.com\/index.php\/2024\/11\/13\/romario-vai-voltar-a-vestir-a-camisa-do-barcelona\/","og_site_name":"G\u00e1vea News","article_publisher":"https:\/\/facebook.com\/gaveaNews\/","article_published_time":"2024-11-13T23:25:00+00:00","og_image":[{"width":1280,"height":720,"url":"https:\/\/www.gaveanews.com\/wp-content\/uploads\/Romario-pede-silencio-aos-rivais-apos-marcar-um-gol-com-a-camisa-do-Flamengo.webp","type":"image\/webp"}],"author":"Leandro Cardoso","twitter_card":"summary_large_image","twitter_misc":{"Escrito por":"Leandro Cardoso","Est. tempo de leitura":"3 minutos"},"schema":{"@context":"https:\/\/schema.org","@graph":[{"@type":"NewsArticle","@id":"https:\/\/www.gaveanews.com\/index.php\/2024\/11\/13\/romario-vai-voltar-a-vestir-a-camisa-do-barcelona\/#article","isPartOf":{"@id":"https:\/\/www.gaveanews.com\/index.php\/2024\/11\/13\/romario-vai-voltar-a-vestir-a-camisa-do-barcelona\/"},"author":{"name":"Leandro Cardoso","@id":"https:\/\/www.gaveanews.com\/#\/schema\/person\/2424ec6409bc3f068411fc5e4e9b6168"},"headline":"Rom\u00e1rio vai voltar a vestir a camisa do Barcelona","datePublished":"2024-11-13T23:25:00+00:00","mainEntityOfPage":{"@id":"https:\/\/www.gaveanews.com\/index.php\/2024\/11\/13\/romario-vai-voltar-a-vestir-a-camisa-do-barcelona\/"},"wordCount":457,"commentCount":0,"image":{"@id":"https:\/\/www.gaveanews.com\/index.php\/2024\/11\/13\/romario-vai-voltar-a-vestir-a-camisa-do-barcelona\/#primaryimage"},"thumbnailUrl":"https:\/\/www.gaveanews.com\/wp-content\/uploads\/Romario-pede-silencio-aos-rivais-apos-marcar-um-gol-com-a-camisa-do-Flamengo.webp","articleSection":["Barcelona","Flamengo","Fluminense","Vasco"],"inLanguage":"pt-BR","potentialAction":[{"@type":"CommentAction","name":"Comment","target":["https:\/\/www.gaveanews.com\/index.php\/2024\/11\/13\/romario-vai-voltar-a-vestir-a-camisa-do-barcelona\/#respond"]}],"copyrightYear":"2024","copyrightHolder":{"@id":"https:\/\/www.gaveanews.com\/#organization"}},{"@type":"WebPage","@id":"https:\/\/www.gaveanews.com\/index.php\/2024\/11\/13\/romario-vai-voltar-a-vestir-a-camisa-do-barcelona\/","url":"https:\/\/www.gaveanews.com\/index.php\/2024\/11\/13\/romario-vai-voltar-a-vestir-a-camisa-do-barcelona\/","name":"Rom\u00e1rio vai voltar a vestir a camisa do Barcelona","isPartOf":{"@id":"https:\/\/www.gaveanews.com\/#website"},"primaryImageOfPage":{"@id":"https:\/\/www.gaveanews.com\/index.php\/2024\/11\/13\/romario-vai-voltar-a-vestir-a-camisa-do-barcelona\/#primaryimage"},"image":{"@id":"https:\/\/www.gaveanews.com\/index.php\/2024\/11\/13\/romario-vai-voltar-a-vestir-a-camisa-do-barcelona\/#primaryimage"},"thumbnailUrl":"https:\/\/www.gaveanews.com\/wp-content\/uploads\/Romario-pede-silencio-aos-rivais-apos-marcar-um-gol-com-a-camisa-do-Flamengo.webp","datePublished":"2024-11-13T23:25:00+00:00","author":{"@id":"https:\/\/www.gaveanews.com\/#\/schema\/person\/2424ec6409bc3f068411fc5e4e9b6168"},"breadcrumb":{"@id":"https:\/\/www.gaveanews.com\/index.php\/2024\/11\/13\/romario-vai-voltar-a-vestir-a-camisa-do-barcelona\/#breadcrumb"},"inLanguage":"pt-BR","potentialAction":[{"@type":"ReadAction","target":["https:\/\/www.gaveanews.com\/index.php\/2024\/11\/13\/romario-vai-voltar-a-vestir-a-camisa-do-barcelona\/"]}]},{"@type":"ImageObject","inLanguage":"pt-BR","@id":"https:\/\/www.gaveanews.com\/index.php\/2024\/11\/13\/romario-vai-voltar-a-vestir-a-camisa-do-barcelona\/#primaryimage","url":"https:\/\/www.gaveanews.com\/wp-content\/uploads\/Romario-pede-silencio-aos-rivais-apos-marcar-um-gol-com-a-camisa-do-Flamengo.webp","contentUrl":"https:\/\/www.gaveanews.com\/wp-content\/uploads\/Romario-pede-silencio-aos-rivais-apos-marcar-um-gol-com-a-camisa-do-Flamengo.webp","width":1280,"height":720,"caption":"Rom\u00e1rio pede sil\u00eancio aos rivais ap\u00f3s marcar um gol com a camisa do Flamengo (Foto: Divulga\u00e7\u00e3o)"},{"@type":"BreadcrumbList","@id":"https:\/\/www.gaveanews.com\/index.php\/2024\/11\/13\/romario-vai-voltar-a-vestir-a-camisa-do-barcelona\/#breadcrumb","itemListElement":[{"@type":"ListItem","position":1,"name":"Home","item":"https:\/\/www.gaveanews.com\/"},{"@type":"ListItem","position":2,"name":"Rom\u00e1rio vai voltar a vestir a camisa do Barcelona"}]},{"@type":"WebSite","@id":"https:\/\/www.gaveanews.com\/#website","url":"https:\/\/www.gaveanews.com\/","name":"G\u00e1vea News","description":"Veja todas as not\u00edcias sobre o Flamengo: Contrata\u00e7\u00f5es, categorias de base, resultados das partidas, tabela de classifica\u00e7\u00e3o, pr\u00f3ximos jogos!","potentialAction":[{"@type":"SearchAction","target":{"@type":"EntryPoint","urlTemplate":"https:\/\/www.gaveanews.com\/?s={search_term_string}"},"query-input":{"@type":"PropertyValueSpecification","valueRequired":true,"valueName":"search_term_string"}}],"inLanguage":"pt-BR"},{"@type":"Person","@id":"https:\/\/www.gaveanews.com\/#\/schema\/person\/2424ec6409bc3f068411fc5e4e9b6168","name":"Leandro Cardoso","image":{"@type":"ImageObject","inLanguage":"pt-BR","@id":"https:\/\/www.gaveanews.com\/#\/schema\/person\/image\/","url":"https:\/\/secure.gravatar.com\/avatar\/8ca179f9b55eefe9f376f5493ef25475bfa59fbc28ce937f6076ce20e523098f?s=96&d=mm&r=g","contentUrl":"https:\/\/secure.gravatar.com\/avatar\/8ca179f9b55eefe9f376f5493ef25475bfa59fbc28ce937f6076ce20e523098f?s=96&d=mm&r=g","caption":"Leandro Cardoso"}}]}},"_links":{"self":[{"href":"https:\/\/www.gaveanews.com\/index.php\/wp-json\/wp\/v2\/posts\/184909","targetHints":{"allow":["GET"]}}],"collection":[{"href":"https:\/\/www.gaveanews.com\/index.php\/wp-json\/wp\/v2\/posts"}],"about":[{"href":"https:\/\/www.gaveanews.com\/index.php\/wp-json\/wp\/v2\/types\/post"}],"author":[{"embeddable":true,"href":"https:\/\/www.gaveanews.com\/index.php\/wp-json\/wp\/v2\/users\/24"}],"replies":[{"embeddable":true,"href":"https:\/\/www.gaveanews.com\/index.php\/wp-json\/wp\/v2\/comments?post=184909"}],"version-history":[{"count":1,"href":"https:\/\/www.gaveanews.com\/index.php\/wp-json\/wp\/v2\/posts\/184909\/revisions"}],"predecessor-version":[{"id":184914,"href":"https:\/\/www.gaveanews.com\/index.php\/wp-json\/wp\/v2\/posts\/184909\/revisions\/184914"}],"wp:featuredmedia":[{"embeddable":true,"href":"https:\/\/www.gaveanews.com\/index.php\/wp-json\/wp\/v2\/media\/69741"}],"wp:attachment":[{"href":"https:\/\/www.gaveanews.com\/index.php\/wp-json\/wp\/v2\/media?parent=184909"}],"wp:term":[{"taxonomy":"category","embeddable":true,"href":"https:\/\/www.gaveanews.com\/index.php\/wp-json\/wp\/v2\/categories?post=184909"},{"taxonomy":"post_tag","embeddable":true,"href":"https:\/\/www.gaveanews.com\/index.php\/wp-json\/wp\/v2\/tags?post=184909"}],"curies":[{"name":"wp","href":"https:\/\/api.w.org\/{rel}","templated":true}]}}