{"id":184929,"date":"2024-11-13T19:15:00","date_gmt":"2024-11-13T22:15:00","guid":{"rendered":"https:\/\/www.gaveanews.com\/?p=184929"},"modified":"2024-11-13T19:09:07","modified_gmt":"2024-11-13T22:09:07","slug":"conmebol-toma-atitude-importante-direcionada-a-torcida-do-botafogo","status":"publish","type":"post","link":"https:\/\/www.gaveanews.com\/index.php\/2024\/11\/13\/conmebol-toma-atitude-importante-direcionada-a-torcida-do-botafogo\/","title":{"rendered":"Conmebol toma atitude importante direcionada a torcida do Botafogo"},"content":{"rendered":"\n<p>A Conmebol anunciou uma novidade empolgante para a final da Libertadores de 2024, que promete agitar Buenos Aires nos dias que antecedem o confronto entre Botafogo e Atl\u00e9tico-MG. De 27 a 29 de novembro, a Fanzone oficial ser\u00e1 realizada no Paseo Costero, em Vicente L\u00f3pez, oferecendo um espa\u00e7o de entretenimento e intera\u00e7\u00e3o para as torcidas. Al\u00e9m disso, o evento ser\u00e1 gratuito e aberto ao p\u00fablico, das 17h \u00e0s 23h, proporcionando uma experi\u00eancia \u00fanica para os f\u00e3s.<\/p>\n\n\n\n<ul class=\"wp-block-list\">\n<li><a href=\"https:\/\/www.gaveanews.com\/index.php\/2024\/11\/13\/luiz-henrique-vai-sair-do-botafogo-em-2025\/\">Luiz Henrique vai sair do Botafogo em 2025?<\/a><\/li>\n\n\n\n<li><a href=\"https:\/\/www.gaveanews.com\/index.php\/2024\/11\/13\/a-declaracao-de-john-textor-sobre-o-futuro-de-almada-do-botafogo\/\">A declara\u00e7\u00e3o de John Textor sobre o futuro de Almada, do Botafogo<\/a><\/li>\n<\/ul>\n\n\n\n<h2 class=\"wp-block-heading\" id=\"h-fanzone-muito-mais-que-uma-simples-festa\">Fanzone: muito mais que uma simples festa<\/h2>\n\n\n\n<p>A Fanzone em Buenos Aires ser\u00e1 um ponto de encontro para os torcedores, oferecendo uma variedade de atra\u00e7\u00f5es que v\u00e3o al\u00e9m do futebol. O objetivo \u00e9 criar um ambiente familiar e descontra\u00eddo, permitindo que os f\u00e3s aproveitem a atmosfera da final da Libertadores de uma maneira diferente. <\/p>\n\n\n\n<p>Entre as atividades, haver\u00e1 o &#8220;Museu do Torcedor&#8221;, onde os apaixonados pelo futebol poder\u00e3o reviver a hist\u00f3ria da competi\u00e7\u00e3o. Cabe ressaltar que esse espa\u00e7o \u00e9 uma homenagem \u00e0 cultura futebol\u00edstica sul-americana.<\/p>\n\n\n\n<h2 class=\"wp-block-heading\" id=\"h-gastronomia-diversao-e-fotos-inesqueciveis\">Gastronomia, divers\u00e3o e fotos inesquec\u00edveis<\/h2>\n\n\n\n<p>Para agradar a todos os p\u00fablicos, o evento contar\u00e1 com um P\u00e1tio Gastron\u00f4mico. Dessa maneira, os torcedores poder\u00e3o experimentar pratos t\u00edpicos da culin\u00e1ria local em um ambiente descontra\u00eddo. Al\u00e9m disso, o Miniest\u00e1dio promete ser uma das atra\u00e7\u00f5es mais concorridas, oferecendo atividades como futebol-t\u00eanis e desafios de chutes na trave, proporcionando divers\u00e3o para todas as idades. <\/p>\n\n\n\n<p>Vale destacar que a \u00e1rea &#8220;No Look dos seus \u00cddolos&#8221; ser\u00e1 um espa\u00e7o criativo, onde os f\u00e3s poder\u00e3o pentear o cabelo como seus jogadores favoritos.<\/p>\n\n\n\n<h2 class=\"wp-block-heading\" id=\"h-momentos-especiais-para-os-torcedores\">Momentos especiais para os torcedores<\/h2>\n\n\n\n<p>A Fanzone tamb\u00e9m ter\u00e1 uma \u00c1rea Infantil, chamada de Notifut, com um mini parque e espa\u00e7o para colorir, pensado especialmente para as crian\u00e7as. Por isso, fam\u00edlias inteiras poder\u00e3o aproveitar o evento sem preocupa\u00e7\u00f5es. Outro destaque ser\u00e1 a oportunidade de tirar fotos com o trof\u00e9u da Libertadores, uma chance de registrar um momento inesquec\u00edvel da final de 2024.<\/p>\n\n\n\n<p>Com isso, a Conmebol demonstra preocupa\u00e7\u00e3o em proporcionar uma experi\u00eancia memor\u00e1vel para os torcedores de Botafogo e Atl\u00e9tico-MG. Sendo assim, o evento promete ser um verdadeiro espet\u00e1culo fora dos gramados, aumentando ainda mais a expectativa para a decis\u00e3o.<\/p>\n","protected":false},"excerpt":{"rendered":"<p>A Conmebol anunciou uma novidade empolgante para a final da Libertadores de 2024, que promete agitar Buenos Aires nos dias que antecedem o confronto entre Botafogo e Atl\u00e9tico-MG. De 27 a 29 de novembro, a Fanzone oficial ser\u00e1 realizada no Paseo Costero, em Vicente L\u00f3pez, oferecendo um espa\u00e7o de entretenimento e intera\u00e7\u00e3o para as torcidas. [&hellip;]<\/p>\n","protected":false},"author":24,"featured_media":158965,"comment_status":"open","ping_status":"closed","sticky":false,"template":"","format":"standard","meta":{"footnotes":""},"categories":[138],"tags":[],"class_list":["post-184929","post","type-post","status-publish","format-standard","has-post-thumbnail","hentry","category-botafogo"],"yoast_head":"<!-- This site is optimized with the Yoast SEO Premium plugin v24.2 (Yoast SEO v26.9) - https:\/\/yoast.com\/product\/yoast-seo-premium-wordpress\/ -->\n<title>Conmebol toma atitude importante direcionada a torcida do Botafogo<\/title>\n<meta name=\"robots\" content=\"index, follow, max-snippet:-1, max-image-preview:large, max-video-preview:-1\" \/>\n<link rel=\"canonical\" href=\"https:\/\/www.gaveanews.com\/index.php\/2024\/11\/13\/conmebol-toma-atitude-importante-direcionada-a-torcida-do-botafogo\/\" \/>\n<meta property=\"og:locale\" content=\"pt_BR\" \/>\n<meta property=\"og:type\" content=\"article\" \/>\n<meta property=\"og:title\" content=\"Conmebol toma atitude importante direcionada a torcida do Botafogo\" \/>\n<meta property=\"og:description\" content=\"A Conmebol anunciou uma novidade empolgante para a final da Libertadores de 2024, que promete agitar Buenos Aires nos dias que antecedem o confronto entre Botafogo e Atl\u00e9tico-MG. De 27 a 29 de novembro, a Fanzone oficial ser\u00e1 realizada no Paseo Costero, em Vicente L\u00f3pez, oferecendo um espa\u00e7o de entretenimento e intera\u00e7\u00e3o para as torcidas. [&hellip;]\" \/>\n<meta property=\"og:url\" content=\"https:\/\/www.gaveanews.com\/index.php\/2024\/11\/13\/conmebol-toma-atitude-importante-direcionada-a-torcida-do-botafogo\/\" \/>\n<meta property=\"og:site_name\" content=\"G\u00e1vea News\" \/>\n<meta property=\"article:publisher\" content=\"https:\/\/facebook.com\/gaveaNews\/\" \/>\n<meta property=\"article:published_time\" content=\"2024-11-13T22:15:00+00:00\" \/>\n<meta property=\"og:image\" content=\"https:\/\/www.gaveanews.com\/wp-content\/uploads\/53924402764_6b4493792f_o-e1723743312178.webp\" \/>\n\t<meta property=\"og:image:width\" content=\"1220\" \/>\n\t<meta property=\"og:image:height\" content=\"674\" \/>\n\t<meta property=\"og:image:type\" content=\"image\/webp\" \/>\n<meta name=\"author\" content=\"Leandro Cardoso\" \/>\n<meta name=\"twitter:card\" content=\"summary_large_image\" \/>\n<meta name=\"twitter:label1\" content=\"Escrito por\" \/>\n\t<meta name=\"twitter:data1\" content=\"Leandro Cardoso\" \/>\n\t<meta name=\"twitter:label2\" content=\"Est. tempo de leitura\" \/>\n\t<meta name=\"twitter:data2\" content=\"3 minutos\" \/>\n<script type=\"application\/ld+json\" class=\"yoast-schema-graph\">{\"@context\":\"https:\/\/schema.org\",\"@graph\":[{\"@type\":\"NewsArticle\",\"@id\":\"https:\/\/www.gaveanews.com\/index.php\/2024\/11\/13\/conmebol-toma-atitude-importante-direcionada-a-torcida-do-botafogo\/#article\",\"isPartOf\":{\"@id\":\"https:\/\/www.gaveanews.com\/index.php\/2024\/11\/13\/conmebol-toma-atitude-importante-direcionada-a-torcida-do-botafogo\/\"},\"author\":{\"name\":\"Leandro Cardoso\",\"@id\":\"https:\/\/www.gaveanews.com\/#\/schema\/person\/2424ec6409bc3f068411fc5e4e9b6168\"},\"headline\":\"Conmebol toma atitude importante direcionada a torcida do Botafogo\",\"datePublished\":\"2024-11-13T22:15:00+00:00\",\"mainEntityOfPage\":{\"@id\":\"https:\/\/www.gaveanews.com\/index.php\/2024\/11\/13\/conmebol-toma-atitude-importante-direcionada-a-torcida-do-botafogo\/\"},\"wordCount\":417,\"commentCount\":0,\"image\":{\"@id\":\"https:\/\/www.gaveanews.com\/index.php\/2024\/11\/13\/conmebol-toma-atitude-importante-direcionada-a-torcida-do-botafogo\/#primaryimage\"},\"thumbnailUrl\":\"https:\/\/www.gaveanews.com\/wp-content\/uploads\/53924402764_6b4493792f_o-e1723743312178.webp\",\"articleSection\":[\"Botafogo\"],\"inLanguage\":\"pt-BR\",\"potentialAction\":[{\"@type\":\"CommentAction\",\"name\":\"Comment\",\"target\":[\"https:\/\/www.gaveanews.com\/index.php\/2024\/11\/13\/conmebol-toma-atitude-importante-direcionada-a-torcida-do-botafogo\/#respond\"]}],\"copyrightYear\":\"2024\",\"copyrightHolder\":{\"@id\":\"https:\/\/www.gaveanews.com\/#organization\"}},{\"@type\":\"WebPage\",\"@id\":\"https:\/\/www.gaveanews.com\/index.php\/2024\/11\/13\/conmebol-toma-atitude-importante-direcionada-a-torcida-do-botafogo\/\",\"url\":\"https:\/\/www.gaveanews.com\/index.php\/2024\/11\/13\/conmebol-toma-atitude-importante-direcionada-a-torcida-do-botafogo\/\",\"name\":\"Conmebol toma atitude importante direcionada a torcida do Botafogo\",\"isPartOf\":{\"@id\":\"https:\/\/www.gaveanews.com\/#website\"},\"primaryImageOfPage\":{\"@id\":\"https:\/\/www.gaveanews.com\/index.php\/2024\/11\/13\/conmebol-toma-atitude-importante-direcionada-a-torcida-do-botafogo\/#primaryimage\"},\"image\":{\"@id\":\"https:\/\/www.gaveanews.com\/index.php\/2024\/11\/13\/conmebol-toma-atitude-importante-direcionada-a-torcida-do-botafogo\/#primaryimage\"},\"thumbnailUrl\":\"https:\/\/www.gaveanews.com\/wp-content\/uploads\/53924402764_6b4493792f_o-e1723743312178.webp\",\"datePublished\":\"2024-11-13T22:15:00+00:00\",\"author\":{\"@id\":\"https:\/\/www.gaveanews.com\/#\/schema\/person\/2424ec6409bc3f068411fc5e4e9b6168\"},\"breadcrumb\":{\"@id\":\"https:\/\/www.gaveanews.com\/index.php\/2024\/11\/13\/conmebol-toma-atitude-importante-direcionada-a-torcida-do-botafogo\/#breadcrumb\"},\"inLanguage\":\"pt-BR\",\"potentialAction\":[{\"@type\":\"ReadAction\",\"target\":[\"https:\/\/www.gaveanews.com\/index.php\/2024\/11\/13\/conmebol-toma-atitude-importante-direcionada-a-torcida-do-botafogo\/\"]}]},{\"@type\":\"ImageObject\",\"inLanguage\":\"pt-BR\",\"@id\":\"https:\/\/www.gaveanews.com\/index.php\/2024\/11\/13\/conmebol-toma-atitude-importante-direcionada-a-torcida-do-botafogo\/#primaryimage\",\"url\":\"https:\/\/www.gaveanews.com\/wp-content\/uploads\/53924402764_6b4493792f_o-e1723743312178.webp\",\"contentUrl\":\"https:\/\/www.gaveanews.com\/wp-content\/uploads\/53924402764_6b4493792f_o-e1723743312178.webp\",\"width\":1220,\"height\":674,\"caption\":\"Torcida do Botafogo no jogo contra o Palmeiras pela Libertadores - Foto: Botafogo\/Flickr\"},{\"@type\":\"BreadcrumbList\",\"@id\":\"https:\/\/www.gaveanews.com\/index.php\/2024\/11\/13\/conmebol-toma-atitude-importante-direcionada-a-torcida-do-botafogo\/#breadcrumb\",\"itemListElement\":[{\"@type\":\"ListItem\",\"position\":1,\"name\":\"Home\",\"item\":\"https:\/\/www.gaveanews.com\/\"},{\"@type\":\"ListItem\",\"position\":2,\"name\":\"Conmebol toma atitude importante direcionada a torcida do Botafogo\"}]},{\"@type\":\"WebSite\",\"@id\":\"https:\/\/www.gaveanews.com\/#website\",\"url\":\"https:\/\/www.gaveanews.com\/\",\"name\":\"G\u00e1vea News\",\"description\":\"Veja todas as not\u00edcias sobre o Flamengo: Contrata\u00e7\u00f5es, categorias de base, resultados das partidas, tabela de classifica\u00e7\u00e3o, pr\u00f3ximos jogos!\",\"potentialAction\":[{\"@type\":\"SearchAction\",\"target\":{\"@type\":\"EntryPoint\",\"urlTemplate\":\"https:\/\/www.gaveanews.com\/?s={search_term_string}\"},\"query-input\":{\"@type\":\"PropertyValueSpecification\",\"valueRequired\":true,\"valueName\":\"search_term_string\"}}],\"inLanguage\":\"pt-BR\"},{\"@type\":\"Person\",\"@id\":\"https:\/\/www.gaveanews.com\/#\/schema\/person\/2424ec6409bc3f068411fc5e4e9b6168\",\"name\":\"Leandro Cardoso\",\"image\":{\"@type\":\"ImageObject\",\"inLanguage\":\"pt-BR\",\"@id\":\"https:\/\/www.gaveanews.com\/#\/schema\/person\/image\/\",\"url\":\"https:\/\/secure.gravatar.com\/avatar\/8ca179f9b55eefe9f376f5493ef25475bfa59fbc28ce937f6076ce20e523098f?s=96&d=mm&r=g\",\"contentUrl\":\"https:\/\/secure.gravatar.com\/avatar\/8ca179f9b55eefe9f376f5493ef25475bfa59fbc28ce937f6076ce20e523098f?s=96&d=mm&r=g\",\"caption\":\"Leandro Cardoso\"}}]}<\/script>\n<!-- \/ Yoast SEO Premium plugin. -->","yoast_head_json":{"title":"Conmebol toma atitude importante direcionada a torcida do Botafogo","robots":{"index":"index","follow":"follow","max-snippet":"max-snippet:-1","max-image-preview":"max-image-preview:large","max-video-preview":"max-video-preview:-1"},"canonical":"https:\/\/www.gaveanews.com\/index.php\/2024\/11\/13\/conmebol-toma-atitude-importante-direcionada-a-torcida-do-botafogo\/","og_locale":"pt_BR","og_type":"article","og_title":"Conmebol toma atitude importante direcionada a torcida do Botafogo","og_description":"A Conmebol anunciou uma novidade empolgante para a final da Libertadores de 2024, que promete agitar Buenos Aires nos dias que antecedem o confronto entre Botafogo e Atl\u00e9tico-MG. De 27 a 29 de novembro, a Fanzone oficial ser\u00e1 realizada no Paseo Costero, em Vicente L\u00f3pez, oferecendo um espa\u00e7o de entretenimento e intera\u00e7\u00e3o para as torcidas. [&hellip;]","og_url":"https:\/\/www.gaveanews.com\/index.php\/2024\/11\/13\/conmebol-toma-atitude-importante-direcionada-a-torcida-do-botafogo\/","og_site_name":"G\u00e1vea News","article_publisher":"https:\/\/facebook.com\/gaveaNews\/","article_published_time":"2024-11-13T22:15:00+00:00","og_image":[{"width":1220,"height":674,"url":"https:\/\/www.gaveanews.com\/wp-content\/uploads\/53924402764_6b4493792f_o-e1723743312178.webp","type":"image\/webp"}],"author":"Leandro Cardoso","twitter_card":"summary_large_image","twitter_misc":{"Escrito por":"Leandro Cardoso","Est. tempo de leitura":"3 minutos"},"schema":{"@context":"https:\/\/schema.org","@graph":[{"@type":"NewsArticle","@id":"https:\/\/www.gaveanews.com\/index.php\/2024\/11\/13\/conmebol-toma-atitude-importante-direcionada-a-torcida-do-botafogo\/#article","isPartOf":{"@id":"https:\/\/www.gaveanews.com\/index.php\/2024\/11\/13\/conmebol-toma-atitude-importante-direcionada-a-torcida-do-botafogo\/"},"author":{"name":"Leandro Cardoso","@id":"https:\/\/www.gaveanews.com\/#\/schema\/person\/2424ec6409bc3f068411fc5e4e9b6168"},"headline":"Conmebol toma atitude importante direcionada a torcida do Botafogo","datePublished":"2024-11-13T22:15:00+00:00","mainEntityOfPage":{"@id":"https:\/\/www.gaveanews.com\/index.php\/2024\/11\/13\/conmebol-toma-atitude-importante-direcionada-a-torcida-do-botafogo\/"},"wordCount":417,"commentCount":0,"image":{"@id":"https:\/\/www.gaveanews.com\/index.php\/2024\/11\/13\/conmebol-toma-atitude-importante-direcionada-a-torcida-do-botafogo\/#primaryimage"},"thumbnailUrl":"https:\/\/www.gaveanews.com\/wp-content\/uploads\/53924402764_6b4493792f_o-e1723743312178.webp","articleSection":["Botafogo"],"inLanguage":"pt-BR","potentialAction":[{"@type":"CommentAction","name":"Comment","target":["https:\/\/www.gaveanews.com\/index.php\/2024\/11\/13\/conmebol-toma-atitude-importante-direcionada-a-torcida-do-botafogo\/#respond"]}],"copyrightYear":"2024","copyrightHolder":{"@id":"https:\/\/www.gaveanews.com\/#organization"}},{"@type":"WebPage","@id":"https:\/\/www.gaveanews.com\/index.php\/2024\/11\/13\/conmebol-toma-atitude-importante-direcionada-a-torcida-do-botafogo\/","url":"https:\/\/www.gaveanews.com\/index.php\/2024\/11\/13\/conmebol-toma-atitude-importante-direcionada-a-torcida-do-botafogo\/","name":"Conmebol toma atitude importante direcionada a torcida do Botafogo","isPartOf":{"@id":"https:\/\/www.gaveanews.com\/#website"},"primaryImageOfPage":{"@id":"https:\/\/www.gaveanews.com\/index.php\/2024\/11\/13\/conmebol-toma-atitude-importante-direcionada-a-torcida-do-botafogo\/#primaryimage"},"image":{"@id":"https:\/\/www.gaveanews.com\/index.php\/2024\/11\/13\/conmebol-toma-atitude-importante-direcionada-a-torcida-do-botafogo\/#primaryimage"},"thumbnailUrl":"https:\/\/www.gaveanews.com\/wp-content\/uploads\/53924402764_6b4493792f_o-e1723743312178.webp","datePublished":"2024-11-13T22:15:00+00:00","author":{"@id":"https:\/\/www.gaveanews.com\/#\/schema\/person\/2424ec6409bc3f068411fc5e4e9b6168"},"breadcrumb":{"@id":"https:\/\/www.gaveanews.com\/index.php\/2024\/11\/13\/conmebol-toma-atitude-importante-direcionada-a-torcida-do-botafogo\/#breadcrumb"},"inLanguage":"pt-BR","potentialAction":[{"@type":"ReadAction","target":["https:\/\/www.gaveanews.com\/index.php\/2024\/11\/13\/conmebol-toma-atitude-importante-direcionada-a-torcida-do-botafogo\/"]}]},{"@type":"ImageObject","inLanguage":"pt-BR","@id":"https:\/\/www.gaveanews.com\/index.php\/2024\/11\/13\/conmebol-toma-atitude-importante-direcionada-a-torcida-do-botafogo\/#primaryimage","url":"https:\/\/www.gaveanews.com\/wp-content\/uploads\/53924402764_6b4493792f_o-e1723743312178.webp","contentUrl":"https:\/\/www.gaveanews.com\/wp-content\/uploads\/53924402764_6b4493792f_o-e1723743312178.webp","width":1220,"height":674,"caption":"Torcida do Botafogo no jogo contra o Palmeiras pela Libertadores - Foto: Botafogo\/Flickr"},{"@type":"BreadcrumbList","@id":"https:\/\/www.gaveanews.com\/index.php\/2024\/11\/13\/conmebol-toma-atitude-importante-direcionada-a-torcida-do-botafogo\/#breadcrumb","itemListElement":[{"@type":"ListItem","position":1,"name":"Home","item":"https:\/\/www.gaveanews.com\/"},{"@type":"ListItem","position":2,"name":"Conmebol toma atitude importante direcionada a torcida do Botafogo"}]},{"@type":"WebSite","@id":"https:\/\/www.gaveanews.com\/#website","url":"https:\/\/www.gaveanews.com\/","name":"G\u00e1vea News","description":"Veja todas as not\u00edcias sobre o Flamengo: Contrata\u00e7\u00f5es, categorias de base, resultados das partidas, tabela de classifica\u00e7\u00e3o, pr\u00f3ximos jogos!","potentialAction":[{"@type":"SearchAction","target":{"@type":"EntryPoint","urlTemplate":"https:\/\/www.gaveanews.com\/?s={search_term_string}"},"query-input":{"@type":"PropertyValueSpecification","valueRequired":true,"valueName":"search_term_string"}}],"inLanguage":"pt-BR"},{"@type":"Person","@id":"https:\/\/www.gaveanews.com\/#\/schema\/person\/2424ec6409bc3f068411fc5e4e9b6168","name":"Leandro Cardoso","image":{"@type":"ImageObject","inLanguage":"pt-BR","@id":"https:\/\/www.gaveanews.com\/#\/schema\/person\/image\/","url":"https:\/\/secure.gravatar.com\/avatar\/8ca179f9b55eefe9f376f5493ef25475bfa59fbc28ce937f6076ce20e523098f?s=96&d=mm&r=g","contentUrl":"https:\/\/secure.gravatar.com\/avatar\/8ca179f9b55eefe9f376f5493ef25475bfa59fbc28ce937f6076ce20e523098f?s=96&d=mm&r=g","caption":"Leandro Cardoso"}}]}},"_links":{"self":[{"href":"https:\/\/www.gaveanews.com\/index.php\/wp-json\/wp\/v2\/posts\/184929","targetHints":{"allow":["GET"]}}],"collection":[{"href":"https:\/\/www.gaveanews.com\/index.php\/wp-json\/wp\/v2\/posts"}],"about":[{"href":"https:\/\/www.gaveanews.com\/index.php\/wp-json\/wp\/v2\/types\/post"}],"author":[{"embeddable":true,"href":"https:\/\/www.gaveanews.com\/index.php\/wp-json\/wp\/v2\/users\/24"}],"replies":[{"embeddable":true,"href":"https:\/\/www.gaveanews.com\/index.php\/wp-json\/wp\/v2\/comments?post=184929"}],"version-history":[{"count":2,"href":"https:\/\/www.gaveanews.com\/index.php\/wp-json\/wp\/v2\/posts\/184929\/revisions"}],"predecessor-version":[{"id":184995,"href":"https:\/\/www.gaveanews.com\/index.php\/wp-json\/wp\/v2\/posts\/184929\/revisions\/184995"}],"wp:featuredmedia":[{"embeddable":true,"href":"https:\/\/www.gaveanews.com\/index.php\/wp-json\/wp\/v2\/media\/158965"}],"wp:attachment":[{"href":"https:\/\/www.gaveanews.com\/index.php\/wp-json\/wp\/v2\/media?parent=184929"}],"wp:term":[{"taxonomy":"category","embeddable":true,"href":"https:\/\/www.gaveanews.com\/index.php\/wp-json\/wp\/v2\/categories?post=184929"},{"taxonomy":"post_tag","embeddable":true,"href":"https:\/\/www.gaveanews.com\/index.php\/wp-json\/wp\/v2\/tags?post=184929"}],"curies":[{"name":"wp","href":"https:\/\/api.w.org\/{rel}","templated":true}]}}