{"id":184939,"date":"2024-11-14T12:00:00","date_gmt":"2024-11-14T15:00:00","guid":{"rendered":"https:\/\/www.gaveanews.com\/?p=184939"},"modified":"2024-11-14T11:00:45","modified_gmt":"2024-11-14T14:00:45","slug":"dorival-junior-fica-impressionado-com-jogador-do-flamengo","status":"publish","type":"post","link":"https:\/\/www.gaveanews.com\/index.php\/2024\/11\/14\/dorival-junior-fica-impressionado-com-jogador-do-flamengo\/","title":{"rendered":"Dorival J\u00fanior fica impressionado com jogador do Flamengo"},"content":{"rendered":"\n<p>A convoca\u00e7\u00e3o do zagueiro L\u00e9o Ortiz para a Sele\u00e7\u00e3o Brasileira na Data FIFA de novembro chamou a aten\u00e7\u00e3o do p\u00fablico e da imprensa. Ap\u00f3s um per\u00edodo de destaque pelo Flamengo, o defensor voltou a ser lembrado por Dorival J\u00fanior.&nbsp;<\/p>\n\n\n\n<ul class=\"wp-block-list\">\n<li><a href=\"https:\/\/www.gaveanews.com\/index.php\/2024\/11\/13\/brasil-x-venezuela-vidente-crava-resultado\/\">Brasil x Venezuela; vidente crava resultado<\/a><\/li>\n\n\n\n<li><a href=\"https:\/\/www.gaveanews.com\/index.php\/2024\/11\/13\/declaracao-de-lucas-moura-recado-para-dorival-e-reforco-para-2025-as-ultimas-noticias-do-sao-paulo\/\">Declara\u00e7\u00e3o de Lucas Moura, recado para Dorival e refor\u00e7o para 2025: as \u00faltimas not\u00edcias do S\u00e3o Paulo<\/a><\/li>\n<\/ul>\n\n\n\n<p>O treinador demonstrou grande apre\u00e7o pelo atleta, a ponto de cogitar sua convoca\u00e7\u00e3o at\u00e9 quando ele era reserva no Flamengo.&nbsp;<\/p>\n\n\n\n<p>Vale destacar que Ortiz chega para substituir \u00c9der Milit\u00e3o, lesionado no \u00faltimo jogo pelo Real Madrid.<\/p>\n\n\n\n<h2 class=\"wp-block-heading\" id=\"h-a-confianca-de-dorival-junior-em-leo-ortiz\">A confian\u00e7a de Dorival J\u00fanior em L\u00e9o Ortiz<\/h2>\n\n\n\n<p>Mesmo durante o tempo em que era reserva, L\u00e9o Ortiz chamou a aten\u00e7\u00e3o da comiss\u00e3o t\u00e9cnica da Sele\u00e7\u00e3o Brasileira. Dorival J\u00fanior, admirador do futebol t\u00e9cnico e preciso do zagueiro, chegou a cogitar sua convoca\u00e7\u00e3o antes.&nbsp;<\/p>\n\n\n\n<p>No entanto, o treinador optou por aguardar, j\u00e1 que prefere chamar atletas que estejam atuando como titulares. Dessa maneira, Ortiz foi convocado somente ap\u00f3s consolidar-se na equipe do Flamengo e com a les\u00e3o inesperada de Milit\u00e3o.<\/p>\n\n\n\n<p>Cabe ressaltar que, na \u00faltima lista, Dorival ficou em d\u00favida entre Ortiz e Murillo, zagueiro do Nottingham Forest. A escolha acabou sendo por Murillo, mas a oportunidade para Ortiz surgiu rapidamente com o problema f\u00edsico de Milit\u00e3o.<\/p>\n\n\n\n<h2 class=\"wp-block-heading\" id=\"h-zagueiro-mais-tecnico-da-convocacao\">Zagueiro mais t\u00e9cnico da convoca\u00e7\u00e3o<\/h2>\n\n\n\n<p>A comiss\u00e3o t\u00e9cnica da Sele\u00e7\u00e3o v\u00ea L\u00e9o Ortiz como o zagueiro mais t\u00e9cnico entre os convocados atuais. Al\u00e9m disso, suas habilidades de passe e lan\u00e7amento s\u00e3o vistas como diferenciais importantes para a constru\u00e7\u00e3o de jogadas da equipe.&nbsp;<\/p>\n\n\n\n<p>Sendo assim, a expectativa \u00e9 que Ortiz traga equil\u00edbrio e seguran\u00e7a para o setor defensivo.<\/p>\n\n\n\n<h2 class=\"wp-block-heading\" id=\"h-retorno-a-selecao-em-momento-especial\">Retorno \u00e0 Sele\u00e7\u00e3o em momento especial<\/h2>\n\n\n\n<p>Ap\u00f3s comemorar a conquista da Copa do Brasil pelo Flamengo, L\u00e9o Ortiz se apresentou \u00e0 Sele\u00e7\u00e3o em Bel\u00e9m e celebrou o retorno.&nbsp;<\/p>\n\n\n\n<p>&#8220;Muito feliz por voltar \u00e0 sele\u00e7\u00e3o. \u00c9 um momento importante da minha vida. L\u00f3gico que triste por vir por causa de uma les\u00e3o de um companheiro, n\u00e9? O Milit\u00e3o infelizmente teve essa les\u00e3o, mas venho aqui para dar conta do recado&#8221;, afirmou o zagueiro.<\/p>\n","protected":false},"excerpt":{"rendered":"<p>A convoca\u00e7\u00e3o do zagueiro L\u00e9o Ortiz para a Sele\u00e7\u00e3o Brasileira na Data FIFA de novembro chamou a aten\u00e7\u00e3o do p\u00fablico e da imprensa. Ap\u00f3s um per\u00edodo de destaque pelo Flamengo, o defensor voltou a ser lembrado por Dorival J\u00fanior.&nbsp; O treinador demonstrou grande apre\u00e7o pelo atleta, a ponto de cogitar sua convoca\u00e7\u00e3o at\u00e9 quando ele [&hellip;]<\/p>\n","protected":false},"author":25,"featured_media":142254,"comment_status":"open","ping_status":"closed","sticky":false,"template":"","format":"standard","meta":{"footnotes":""},"categories":[1],"tags":[],"class_list":["post-184939","post","type-post","status-publish","format-standard","has-post-thumbnail","hentry","category-flamengo"],"yoast_head":"<!-- This site is optimized with the Yoast SEO Premium plugin v24.2 (Yoast SEO v26.9) - https:\/\/yoast.com\/product\/yoast-seo-premium-wordpress\/ -->\n<title>Dorival J\u00fanior fica impressionado com jogador do Flamengo<\/title>\n<meta name=\"robots\" content=\"index, follow, max-snippet:-1, max-image-preview:large, max-video-preview:-1\" \/>\n<link rel=\"canonical\" href=\"https:\/\/www.gaveanews.com\/index.php\/2024\/11\/14\/dorival-junior-fica-impressionado-com-jogador-do-flamengo\/\" \/>\n<meta property=\"og:locale\" content=\"pt_BR\" \/>\n<meta property=\"og:type\" content=\"article\" \/>\n<meta property=\"og:title\" content=\"Dorival J\u00fanior fica impressionado com jogador do Flamengo\" \/>\n<meta property=\"og:description\" content=\"A convoca\u00e7\u00e3o do zagueiro L\u00e9o Ortiz para a Sele\u00e7\u00e3o Brasileira na Data FIFA de novembro chamou a aten\u00e7\u00e3o do p\u00fablico e da imprensa. Ap\u00f3s um per\u00edodo de destaque pelo Flamengo, o defensor voltou a ser lembrado por Dorival J\u00fanior.&nbsp; O treinador demonstrou grande apre\u00e7o pelo atleta, a ponto de cogitar sua convoca\u00e7\u00e3o at\u00e9 quando ele [&hellip;]\" \/>\n<meta property=\"og:url\" content=\"https:\/\/www.gaveanews.com\/index.php\/2024\/11\/14\/dorival-junior-fica-impressionado-com-jogador-do-flamengo\/\" \/>\n<meta property=\"og:site_name\" content=\"G\u00e1vea News\" \/>\n<meta property=\"article:publisher\" content=\"https:\/\/facebook.com\/gaveaNews\/\" \/>\n<meta property=\"article:published_time\" content=\"2024-11-14T15:00:00+00:00\" \/>\n<meta name=\"author\" content=\"Rafaela Ladeira\" \/>\n<meta name=\"twitter:card\" content=\"summary_large_image\" \/>\n<meta name=\"twitter:label1\" content=\"Escrito por\" \/>\n\t<meta name=\"twitter:data1\" content=\"Rafaela Ladeira\" \/>\n\t<meta name=\"twitter:label2\" content=\"Est. tempo de leitura\" \/>\n\t<meta name=\"twitter:data2\" content=\"3 minutos\" \/>\n<script type=\"application\/ld+json\" class=\"yoast-schema-graph\">{\"@context\":\"https:\/\/schema.org\",\"@graph\":[{\"@type\":\"NewsArticle\",\"@id\":\"https:\/\/www.gaveanews.com\/index.php\/2024\/11\/14\/dorival-junior-fica-impressionado-com-jogador-do-flamengo\/#article\",\"isPartOf\":{\"@id\":\"https:\/\/www.gaveanews.com\/index.php\/2024\/11\/14\/dorival-junior-fica-impressionado-com-jogador-do-flamengo\/\"},\"author\":{\"name\":\"Rafaela Ladeira\",\"@id\":\"https:\/\/www.gaveanews.com\/#\/schema\/person\/0eb3e3fe1754f0205218538adbe8f5ed\"},\"headline\":\"Dorival J\u00fanior fica impressionado com jogador do Flamengo\",\"datePublished\":\"2024-11-14T15:00:00+00:00\",\"mainEntityOfPage\":{\"@id\":\"https:\/\/www.gaveanews.com\/index.php\/2024\/11\/14\/dorival-junior-fica-impressionado-com-jogador-do-flamengo\/\"},\"wordCount\":406,\"commentCount\":0,\"image\":{\"@id\":\"https:\/\/www.gaveanews.com\/index.php\/2024\/11\/14\/dorival-junior-fica-impressionado-com-jogador-do-flamengo\/#primaryimage\"},\"thumbnailUrl\":\"https:\/\/www.gaveanews.com\/wp-content\/uploads\/2.avif\",\"articleSection\":[\"Flamengo\"],\"inLanguage\":\"pt-BR\",\"potentialAction\":[{\"@type\":\"CommentAction\",\"name\":\"Comment\",\"target\":[\"https:\/\/www.gaveanews.com\/index.php\/2024\/11\/14\/dorival-junior-fica-impressionado-com-jogador-do-flamengo\/#respond\"]}],\"copyrightYear\":\"2024\",\"copyrightHolder\":{\"@id\":\"https:\/\/www.gaveanews.com\/#organization\"}},{\"@type\":\"WebPage\",\"@id\":\"https:\/\/www.gaveanews.com\/index.php\/2024\/11\/14\/dorival-junior-fica-impressionado-com-jogador-do-flamengo\/\",\"url\":\"https:\/\/www.gaveanews.com\/index.php\/2024\/11\/14\/dorival-junior-fica-impressionado-com-jogador-do-flamengo\/\",\"name\":\"Dorival J\u00fanior fica impressionado com jogador do Flamengo\",\"isPartOf\":{\"@id\":\"https:\/\/www.gaveanews.com\/#website\"},\"primaryImageOfPage\":{\"@id\":\"https:\/\/www.gaveanews.com\/index.php\/2024\/11\/14\/dorival-junior-fica-impressionado-com-jogador-do-flamengo\/#primaryimage\"},\"image\":{\"@id\":\"https:\/\/www.gaveanews.com\/index.php\/2024\/11\/14\/dorival-junior-fica-impressionado-com-jogador-do-flamengo\/#primaryimage\"},\"thumbnailUrl\":\"https:\/\/www.gaveanews.com\/wp-content\/uploads\/2.avif\",\"datePublished\":\"2024-11-14T15:00:00+00:00\",\"author\":{\"@id\":\"https:\/\/www.gaveanews.com\/#\/schema\/person\/0eb3e3fe1754f0205218538adbe8f5ed\"},\"breadcrumb\":{\"@id\":\"https:\/\/www.gaveanews.com\/index.php\/2024\/11\/14\/dorival-junior-fica-impressionado-com-jogador-do-flamengo\/#breadcrumb\"},\"inLanguage\":\"pt-BR\",\"potentialAction\":[{\"@type\":\"ReadAction\",\"target\":[\"https:\/\/www.gaveanews.com\/index.php\/2024\/11\/14\/dorival-junior-fica-impressionado-com-jogador-do-flamengo\/\"]}]},{\"@type\":\"ImageObject\",\"inLanguage\":\"pt-BR\",\"@id\":\"https:\/\/www.gaveanews.com\/index.php\/2024\/11\/14\/dorival-junior-fica-impressionado-com-jogador-do-flamengo\/#primaryimage\",\"url\":\"https:\/\/www.gaveanews.com\/wp-content\/uploads\/2.avif\",\"contentUrl\":\"https:\/\/www.gaveanews.com\/wp-content\/uploads\/2.avif\",\"width\":984,\"height\":656,\"caption\":\"Dorival J\u00fanior \u2014 Foto: Andr\u00e9 Dur\u00e3o\"},{\"@type\":\"BreadcrumbList\",\"@id\":\"https:\/\/www.gaveanews.com\/index.php\/2024\/11\/14\/dorival-junior-fica-impressionado-com-jogador-do-flamengo\/#breadcrumb\",\"itemListElement\":[{\"@type\":\"ListItem\",\"position\":1,\"name\":\"Home\",\"item\":\"https:\/\/www.gaveanews.com\/\"},{\"@type\":\"ListItem\",\"position\":2,\"name\":\"Dorival J\u00fanior fica impressionado com jogador do Flamengo\"}]},{\"@type\":\"WebSite\",\"@id\":\"https:\/\/www.gaveanews.com\/#website\",\"url\":\"https:\/\/www.gaveanews.com\/\",\"name\":\"G\u00e1vea News\",\"description\":\"Veja todas as not\u00edcias sobre o Flamengo: Contrata\u00e7\u00f5es, categorias de base, resultados das partidas, tabela de classifica\u00e7\u00e3o, pr\u00f3ximos jogos!\",\"potentialAction\":[{\"@type\":\"SearchAction\",\"target\":{\"@type\":\"EntryPoint\",\"urlTemplate\":\"https:\/\/www.gaveanews.com\/?s={search_term_string}\"},\"query-input\":{\"@type\":\"PropertyValueSpecification\",\"valueRequired\":true,\"valueName\":\"search_term_string\"}}],\"inLanguage\":\"pt-BR\"},{\"@type\":\"Person\",\"@id\":\"https:\/\/www.gaveanews.com\/#\/schema\/person\/0eb3e3fe1754f0205218538adbe8f5ed\",\"name\":\"Rafaela Ladeira\",\"image\":{\"@type\":\"ImageObject\",\"inLanguage\":\"pt-BR\",\"@id\":\"https:\/\/www.gaveanews.com\/#\/schema\/person\/image\/\",\"url\":\"https:\/\/secure.gravatar.com\/avatar\/c31f513acffd85eacab5730cbdfdbbf59f21ba5aeada8cd890acea879fbb2455?s=96&d=mm&r=g\",\"contentUrl\":\"https:\/\/secure.gravatar.com\/avatar\/c31f513acffd85eacab5730cbdfdbbf59f21ba5aeada8cd890acea879fbb2455?s=96&d=mm&r=g\",\"caption\":\"Rafaela Ladeira\"}}]}<\/script>\n<!-- \/ Yoast SEO Premium plugin. -->","yoast_head_json":{"title":"Dorival J\u00fanior fica impressionado com jogador do Flamengo","robots":{"index":"index","follow":"follow","max-snippet":"max-snippet:-1","max-image-preview":"max-image-preview:large","max-video-preview":"max-video-preview:-1"},"canonical":"https:\/\/www.gaveanews.com\/index.php\/2024\/11\/14\/dorival-junior-fica-impressionado-com-jogador-do-flamengo\/","og_locale":"pt_BR","og_type":"article","og_title":"Dorival J\u00fanior fica impressionado com jogador do Flamengo","og_description":"A convoca\u00e7\u00e3o do zagueiro L\u00e9o Ortiz para a Sele\u00e7\u00e3o Brasileira na Data FIFA de novembro chamou a aten\u00e7\u00e3o do p\u00fablico e da imprensa. Ap\u00f3s um per\u00edodo de destaque pelo Flamengo, o defensor voltou a ser lembrado por Dorival J\u00fanior.&nbsp; O treinador demonstrou grande apre\u00e7o pelo atleta, a ponto de cogitar sua convoca\u00e7\u00e3o at\u00e9 quando ele [&hellip;]","og_url":"https:\/\/www.gaveanews.com\/index.php\/2024\/11\/14\/dorival-junior-fica-impressionado-com-jogador-do-flamengo\/","og_site_name":"G\u00e1vea News","article_publisher":"https:\/\/facebook.com\/gaveaNews\/","article_published_time":"2024-11-14T15:00:00+00:00","author":"Rafaela Ladeira","twitter_card":"summary_large_image","twitter_misc":{"Escrito por":"Rafaela Ladeira","Est. tempo de leitura":"3 minutos"},"schema":{"@context":"https:\/\/schema.org","@graph":[{"@type":"NewsArticle","@id":"https:\/\/www.gaveanews.com\/index.php\/2024\/11\/14\/dorival-junior-fica-impressionado-com-jogador-do-flamengo\/#article","isPartOf":{"@id":"https:\/\/www.gaveanews.com\/index.php\/2024\/11\/14\/dorival-junior-fica-impressionado-com-jogador-do-flamengo\/"},"author":{"name":"Rafaela Ladeira","@id":"https:\/\/www.gaveanews.com\/#\/schema\/person\/0eb3e3fe1754f0205218538adbe8f5ed"},"headline":"Dorival J\u00fanior fica impressionado com jogador do Flamengo","datePublished":"2024-11-14T15:00:00+00:00","mainEntityOfPage":{"@id":"https:\/\/www.gaveanews.com\/index.php\/2024\/11\/14\/dorival-junior-fica-impressionado-com-jogador-do-flamengo\/"},"wordCount":406,"commentCount":0,"image":{"@id":"https:\/\/www.gaveanews.com\/index.php\/2024\/11\/14\/dorival-junior-fica-impressionado-com-jogador-do-flamengo\/#primaryimage"},"thumbnailUrl":"https:\/\/www.gaveanews.com\/wp-content\/uploads\/2.avif","articleSection":["Flamengo"],"inLanguage":"pt-BR","potentialAction":[{"@type":"CommentAction","name":"Comment","target":["https:\/\/www.gaveanews.com\/index.php\/2024\/11\/14\/dorival-junior-fica-impressionado-com-jogador-do-flamengo\/#respond"]}],"copyrightYear":"2024","copyrightHolder":{"@id":"https:\/\/www.gaveanews.com\/#organization"}},{"@type":"WebPage","@id":"https:\/\/www.gaveanews.com\/index.php\/2024\/11\/14\/dorival-junior-fica-impressionado-com-jogador-do-flamengo\/","url":"https:\/\/www.gaveanews.com\/index.php\/2024\/11\/14\/dorival-junior-fica-impressionado-com-jogador-do-flamengo\/","name":"Dorival J\u00fanior fica impressionado com jogador do Flamengo","isPartOf":{"@id":"https:\/\/www.gaveanews.com\/#website"},"primaryImageOfPage":{"@id":"https:\/\/www.gaveanews.com\/index.php\/2024\/11\/14\/dorival-junior-fica-impressionado-com-jogador-do-flamengo\/#primaryimage"},"image":{"@id":"https:\/\/www.gaveanews.com\/index.php\/2024\/11\/14\/dorival-junior-fica-impressionado-com-jogador-do-flamengo\/#primaryimage"},"thumbnailUrl":"https:\/\/www.gaveanews.com\/wp-content\/uploads\/2.avif","datePublished":"2024-11-14T15:00:00+00:00","author":{"@id":"https:\/\/www.gaveanews.com\/#\/schema\/person\/0eb3e3fe1754f0205218538adbe8f5ed"},"breadcrumb":{"@id":"https:\/\/www.gaveanews.com\/index.php\/2024\/11\/14\/dorival-junior-fica-impressionado-com-jogador-do-flamengo\/#breadcrumb"},"inLanguage":"pt-BR","potentialAction":[{"@type":"ReadAction","target":["https:\/\/www.gaveanews.com\/index.php\/2024\/11\/14\/dorival-junior-fica-impressionado-com-jogador-do-flamengo\/"]}]},{"@type":"ImageObject","inLanguage":"pt-BR","@id":"https:\/\/www.gaveanews.com\/index.php\/2024\/11\/14\/dorival-junior-fica-impressionado-com-jogador-do-flamengo\/#primaryimage","url":"https:\/\/www.gaveanews.com\/wp-content\/uploads\/2.avif","contentUrl":"https:\/\/www.gaveanews.com\/wp-content\/uploads\/2.avif","width":984,"height":656,"caption":"Dorival J\u00fanior \u2014 Foto: Andr\u00e9 Dur\u00e3o"},{"@type":"BreadcrumbList","@id":"https:\/\/www.gaveanews.com\/index.php\/2024\/11\/14\/dorival-junior-fica-impressionado-com-jogador-do-flamengo\/#breadcrumb","itemListElement":[{"@type":"ListItem","position":1,"name":"Home","item":"https:\/\/www.gaveanews.com\/"},{"@type":"ListItem","position":2,"name":"Dorival J\u00fanior fica impressionado com jogador do Flamengo"}]},{"@type":"WebSite","@id":"https:\/\/www.gaveanews.com\/#website","url":"https:\/\/www.gaveanews.com\/","name":"G\u00e1vea News","description":"Veja todas as not\u00edcias sobre o Flamengo: Contrata\u00e7\u00f5es, categorias de base, resultados das partidas, tabela de classifica\u00e7\u00e3o, pr\u00f3ximos jogos!","potentialAction":[{"@type":"SearchAction","target":{"@type":"EntryPoint","urlTemplate":"https:\/\/www.gaveanews.com\/?s={search_term_string}"},"query-input":{"@type":"PropertyValueSpecification","valueRequired":true,"valueName":"search_term_string"}}],"inLanguage":"pt-BR"},{"@type":"Person","@id":"https:\/\/www.gaveanews.com\/#\/schema\/person\/0eb3e3fe1754f0205218538adbe8f5ed","name":"Rafaela Ladeira","image":{"@type":"ImageObject","inLanguage":"pt-BR","@id":"https:\/\/www.gaveanews.com\/#\/schema\/person\/image\/","url":"https:\/\/secure.gravatar.com\/avatar\/c31f513acffd85eacab5730cbdfdbbf59f21ba5aeada8cd890acea879fbb2455?s=96&d=mm&r=g","contentUrl":"https:\/\/secure.gravatar.com\/avatar\/c31f513acffd85eacab5730cbdfdbbf59f21ba5aeada8cd890acea879fbb2455?s=96&d=mm&r=g","caption":"Rafaela Ladeira"}}]}},"_links":{"self":[{"href":"https:\/\/www.gaveanews.com\/index.php\/wp-json\/wp\/v2\/posts\/184939","targetHints":{"allow":["GET"]}}],"collection":[{"href":"https:\/\/www.gaveanews.com\/index.php\/wp-json\/wp\/v2\/posts"}],"about":[{"href":"https:\/\/www.gaveanews.com\/index.php\/wp-json\/wp\/v2\/types\/post"}],"author":[{"embeddable":true,"href":"https:\/\/www.gaveanews.com\/index.php\/wp-json\/wp\/v2\/users\/25"}],"replies":[{"embeddable":true,"href":"https:\/\/www.gaveanews.com\/index.php\/wp-json\/wp\/v2\/comments?post=184939"}],"version-history":[{"count":1,"href":"https:\/\/www.gaveanews.com\/index.php\/wp-json\/wp\/v2\/posts\/184939\/revisions"}],"predecessor-version":[{"id":184941,"href":"https:\/\/www.gaveanews.com\/index.php\/wp-json\/wp\/v2\/posts\/184939\/revisions\/184941"}],"wp:featuredmedia":[{"embeddable":true,"href":"https:\/\/www.gaveanews.com\/index.php\/wp-json\/wp\/v2\/media\/142254"}],"wp:attachment":[{"href":"https:\/\/www.gaveanews.com\/index.php\/wp-json\/wp\/v2\/media?parent=184939"}],"wp:term":[{"taxonomy":"category","embeddable":true,"href":"https:\/\/www.gaveanews.com\/index.php\/wp-json\/wp\/v2\/categories?post=184939"},{"taxonomy":"post_tag","embeddable":true,"href":"https:\/\/www.gaveanews.com\/index.php\/wp-json\/wp\/v2\/tags?post=184939"}],"curies":[{"name":"wp","href":"https:\/\/api.w.org\/{rel}","templated":true}]}}