{"id":184943,"date":"2024-11-13T20:40:00","date_gmt":"2024-11-13T23:40:00","guid":{"rendered":"https:\/\/www.gaveanews.com\/?p=184943"},"modified":"2024-11-13T19:43:07","modified_gmt":"2024-11-13T22:43:07","slug":"sergio-ramos-vai-voltar-para-o-real-madrid","status":"publish","type":"post","link":"https:\/\/www.gaveanews.com\/index.php\/2024\/11\/13\/sergio-ramos-vai-voltar-para-o-real-madrid\/","title":{"rendered":"Sergio Ramos vai voltar para o Real Madrid?"},"content":{"rendered":"\n<p>Com a les\u00e3o de \u00c9der Milit\u00e3o e o time precisando refor\u00e7ar a defesa, uma d\u00favida surge na mente dos torcedores do Real Madrid: ser\u00e1 que Sergio Ramos voltar\u00e1 ao clube? Apesar da especula\u00e7\u00e3o e do apoio de \u00eddolos como Guti, o cen\u00e1rio para um retorno do lend\u00e1rio zagueiro espanhol parece improv\u00e1vel. O Real Madrid j\u00e1 tem outros planos para a pr\u00f3xima janela de transfer\u00eancias.<\/p>\n\n\n\n<ul class=\"wp-block-list\">\n<li><a href=\"https:\/\/www.gaveanews.com\/index.php\/2024\/11\/13\/real-madrid-define-substituto-para-toni-kroos\/\">Real Madrid define substituto para Toni Kroos<\/a><\/li>\n\n\n\n<li><a href=\"https:\/\/www.gaveanews.com\/index.php\/2024\/11\/13\/ele-foi-convocado-para-a-selecao-e-agora-e-disputado-por-real-madrid-e-barcelona\/\">Ele foi convocado para a sele\u00e7\u00e3o e agora \u00e9 disputado por Real Madrid e Barcelona<\/a><\/li>\n<\/ul>\n\n\n\n<h2 class=\"wp-block-heading\" id=\"h-militao-fora-de-combate-a-crise-na-defesa-do-real-madrid\">Milit\u00e3o fora de combate: a crise na defesa do Real Madrid<\/h2>\n\n\n\n<p>O zagueiro brasileiro \u00c9der Milit\u00e3o rompeu o ligamento cruzado anterior do joelho durante a vit\u00f3ria do Real Madrid contra o Osasuna por 4 a 0. Por isso, o jogador ficar\u00e1 afastado dos gramados pelos pr\u00f3ximos nove meses, uma perda significativa para a equipe de Carlo Ancelotti. Sendo assim, surgiram rumores sobre a possibilidade de trazer de volta Sergio Ramos, atualmente sem clube ap\u00f3s sua sa\u00edda do Sevilla.<\/p>\n\n\n\n<p>No entanto, o Real Madrid descartou essa ideia. Isso porque a dire\u00e7\u00e3o do clube acredita que a forma f\u00edsica de Ramos, agora com 38 anos e sem disputar uma partida oficial desde a temporada 2023\/24, n\u00e3o est\u00e1 \u00e0 altura das exig\u00eancias do futebol de elite.<\/p>\n\n\n\n<h2 class=\"wp-block-heading\" id=\"h-laporte-vira-prioridade-para-janeiro\">Laporte vira prioridade para janeiro<\/h2>\n\n\n\n<p>Ao inv\u00e9s de apostar em um retorno de Sergio Ramos, o Real Madrid tem outro nome como foco principal: Aymeric Laporte. O defensor, atualmente no Al-Nassr, \u00e9 visto como a melhor op\u00e7\u00e3o para refor\u00e7ar o setor defensivo dos merengues. Al\u00e9m disso, cabe ressaltar que Laporte foi cogitado pelo Real Madrid na \u00faltima janela de transfer\u00eancias, mas o clube decidiu esperar.<\/p>\n\n\n\n<p>Portanto, o Real Madrid pretende agir com cautela e aguardar a abertura da pr\u00f3xima janela em janeiro para fechar uma poss\u00edvel contrata\u00e7\u00e3o. Dessa maneira, a chegada de Laporte seria uma solu\u00e7\u00e3o mais segura e de longo prazo para a defesa, visando n\u00e3o apenas a La Liga, mas tamb\u00e9m a Champions League.<\/p>\n\n\n\n<h2 class=\"wp-block-heading\" id=\"h-proximos-desafios-no-calendario-do-real-madrid\">Pr\u00f3ximos desafios no calend\u00e1rio do Real Madrid<\/h2>\n\n\n\n<p>Com isso, o time de Carlo Ancelotti ter\u00e1 que se virar com o elenco atual enquanto aguarda o refor\u00e7o. O Real Madrid enfrentar\u00e1 o Legan\u00e9s no retorno da La Liga, no dia 24 de novembro, seguido pelo confronto decisivo contra o Liverpool pela Champions League, em 27 de novembro. Resta saber se o clube conseguir\u00e1 superar esses desafios sem grandes danos \u00e0 defesa.<\/p>\n","protected":false},"excerpt":{"rendered":"<p>Com a les\u00e3o de \u00c9der Milit\u00e3o e o time precisando refor\u00e7ar a defesa, uma d\u00favida surge na mente dos torcedores do Real Madrid: ser\u00e1 que Sergio Ramos voltar\u00e1 ao clube? Apesar da especula\u00e7\u00e3o e do apoio de \u00eddolos como Guti, o cen\u00e1rio para um retorno do lend\u00e1rio zagueiro espanhol parece improv\u00e1vel. O Real Madrid j\u00e1 [&hellip;]<\/p>\n","protected":false},"author":24,"featured_media":165630,"comment_status":"open","ping_status":"closed","sticky":false,"template":"","format":"standard","meta":{"footnotes":""},"categories":[88],"tags":[],"class_list":["post-184943","post","type-post","status-publish","format-standard","has-post-thumbnail","hentry","category-real-madrid"],"yoast_head":"<!-- This site is optimized with the Yoast SEO Premium plugin v24.2 (Yoast SEO v26.9) - https:\/\/yoast.com\/product\/yoast-seo-premium-wordpress\/ -->\n<title>Sergio Ramos vai voltar para o Real Madrid?<\/title>\n<meta name=\"robots\" content=\"index, follow, max-snippet:-1, max-image-preview:large, max-video-preview:-1\" \/>\n<link rel=\"canonical\" href=\"https:\/\/www.gaveanews.com\/index.php\/2024\/11\/13\/sergio-ramos-vai-voltar-para-o-real-madrid\/\" \/>\n<meta property=\"og:locale\" content=\"pt_BR\" \/>\n<meta property=\"og:type\" content=\"article\" \/>\n<meta property=\"og:title\" content=\"Sergio Ramos vai voltar para o Real Madrid?\" \/>\n<meta property=\"og:description\" content=\"Com a les\u00e3o de \u00c9der Milit\u00e3o e o time precisando refor\u00e7ar a defesa, uma d\u00favida surge na mente dos torcedores do Real Madrid: ser\u00e1 que Sergio Ramos voltar\u00e1 ao clube? Apesar da especula\u00e7\u00e3o e do apoio de \u00eddolos como Guti, o cen\u00e1rio para um retorno do lend\u00e1rio zagueiro espanhol parece improv\u00e1vel. O Real Madrid j\u00e1 [&hellip;]\" \/>\n<meta property=\"og:url\" content=\"https:\/\/www.gaveanews.com\/index.php\/2024\/11\/13\/sergio-ramos-vai-voltar-para-o-real-madrid\/\" \/>\n<meta property=\"og:site_name\" content=\"G\u00e1vea News\" \/>\n<meta property=\"article:publisher\" content=\"https:\/\/facebook.com\/gaveaNews\/\" \/>\n<meta property=\"article:published_time\" content=\"2024-11-13T23:40:00+00:00\" \/>\n<meta property=\"og:image\" content=\"https:\/\/www.gaveanews.com\/wp-content\/uploads\/Sergio-Ramos-zagueiro-espanhol.webp\" \/>\n\t<meta property=\"og:image:width\" content=\"1440\" \/>\n\t<meta property=\"og:image:height\" content=\"1080\" \/>\n\t<meta property=\"og:image:type\" content=\"image\/webp\" \/>\n<meta name=\"author\" content=\"Leandro Cardoso\" \/>\n<meta name=\"twitter:card\" content=\"summary_large_image\" \/>\n<meta name=\"twitter:label1\" content=\"Escrito por\" \/>\n\t<meta name=\"twitter:data1\" content=\"Leandro Cardoso\" \/>\n\t<meta name=\"twitter:label2\" content=\"Est. tempo de leitura\" \/>\n\t<meta name=\"twitter:data2\" content=\"3 minutos\" \/>\n<script type=\"application\/ld+json\" class=\"yoast-schema-graph\">{\"@context\":\"https:\/\/schema.org\",\"@graph\":[{\"@type\":\"NewsArticle\",\"@id\":\"https:\/\/www.gaveanews.com\/index.php\/2024\/11\/13\/sergio-ramos-vai-voltar-para-o-real-madrid\/#article\",\"isPartOf\":{\"@id\":\"https:\/\/www.gaveanews.com\/index.php\/2024\/11\/13\/sergio-ramos-vai-voltar-para-o-real-madrid\/\"},\"author\":{\"name\":\"Leandro Cardoso\",\"@id\":\"https:\/\/www.gaveanews.com\/#\/schema\/person\/2424ec6409bc3f068411fc5e4e9b6168\"},\"headline\":\"Sergio Ramos vai voltar para o Real Madrid?\",\"datePublished\":\"2024-11-13T23:40:00+00:00\",\"mainEntityOfPage\":{\"@id\":\"https:\/\/www.gaveanews.com\/index.php\/2024\/11\/13\/sergio-ramos-vai-voltar-para-o-real-madrid\/\"},\"wordCount\":429,\"commentCount\":0,\"image\":{\"@id\":\"https:\/\/www.gaveanews.com\/index.php\/2024\/11\/13\/sergio-ramos-vai-voltar-para-o-real-madrid\/#primaryimage\"},\"thumbnailUrl\":\"https:\/\/www.gaveanews.com\/wp-content\/uploads\/Sergio-Ramos-zagueiro-espanhol.webp\",\"articleSection\":[\"Real Madrid\"],\"inLanguage\":\"pt-BR\",\"potentialAction\":[{\"@type\":\"CommentAction\",\"name\":\"Comment\",\"target\":[\"https:\/\/www.gaveanews.com\/index.php\/2024\/11\/13\/sergio-ramos-vai-voltar-para-o-real-madrid\/#respond\"]}],\"copyrightYear\":\"2024\",\"copyrightHolder\":{\"@id\":\"https:\/\/www.gaveanews.com\/#organization\"}},{\"@type\":\"WebPage\",\"@id\":\"https:\/\/www.gaveanews.com\/index.php\/2024\/11\/13\/sergio-ramos-vai-voltar-para-o-real-madrid\/\",\"url\":\"https:\/\/www.gaveanews.com\/index.php\/2024\/11\/13\/sergio-ramos-vai-voltar-para-o-real-madrid\/\",\"name\":\"Sergio Ramos vai voltar para o Real Madrid?\",\"isPartOf\":{\"@id\":\"https:\/\/www.gaveanews.com\/#website\"},\"primaryImageOfPage\":{\"@id\":\"https:\/\/www.gaveanews.com\/index.php\/2024\/11\/13\/sergio-ramos-vai-voltar-para-o-real-madrid\/#primaryimage\"},\"image\":{\"@id\":\"https:\/\/www.gaveanews.com\/index.php\/2024\/11\/13\/sergio-ramos-vai-voltar-para-o-real-madrid\/#primaryimage\"},\"thumbnailUrl\":\"https:\/\/www.gaveanews.com\/wp-content\/uploads\/Sergio-Ramos-zagueiro-espanhol.webp\",\"datePublished\":\"2024-11-13T23:40:00+00:00\",\"author\":{\"@id\":\"https:\/\/www.gaveanews.com\/#\/schema\/person\/2424ec6409bc3f068411fc5e4e9b6168\"},\"breadcrumb\":{\"@id\":\"https:\/\/www.gaveanews.com\/index.php\/2024\/11\/13\/sergio-ramos-vai-voltar-para-o-real-madrid\/#breadcrumb\"},\"inLanguage\":\"pt-BR\",\"potentialAction\":[{\"@type\":\"ReadAction\",\"target\":[\"https:\/\/www.gaveanews.com\/index.php\/2024\/11\/13\/sergio-ramos-vai-voltar-para-o-real-madrid\/\"]}]},{\"@type\":\"ImageObject\",\"inLanguage\":\"pt-BR\",\"@id\":\"https:\/\/www.gaveanews.com\/index.php\/2024\/11\/13\/sergio-ramos-vai-voltar-para-o-real-madrid\/#primaryimage\",\"url\":\"https:\/\/www.gaveanews.com\/wp-content\/uploads\/Sergio-Ramos-zagueiro-espanhol.webp\",\"contentUrl\":\"https:\/\/www.gaveanews.com\/wp-content\/uploads\/Sergio-Ramos-zagueiro-espanhol.webp\",\"width\":1440,\"height\":1080,\"caption\":\"Sergio Ramos, zagueiro espanhol (Foto: Reprodu\u00e7\u00e3o\/Instagram)\"},{\"@type\":\"BreadcrumbList\",\"@id\":\"https:\/\/www.gaveanews.com\/index.php\/2024\/11\/13\/sergio-ramos-vai-voltar-para-o-real-madrid\/#breadcrumb\",\"itemListElement\":[{\"@type\":\"ListItem\",\"position\":1,\"name\":\"Home\",\"item\":\"https:\/\/www.gaveanews.com\/\"},{\"@type\":\"ListItem\",\"position\":2,\"name\":\"Sergio Ramos vai voltar para o Real Madrid?\"}]},{\"@type\":\"WebSite\",\"@id\":\"https:\/\/www.gaveanews.com\/#website\",\"url\":\"https:\/\/www.gaveanews.com\/\",\"name\":\"G\u00e1vea News\",\"description\":\"Veja todas as not\u00edcias sobre o Flamengo: Contrata\u00e7\u00f5es, categorias de base, resultados das partidas, tabela de classifica\u00e7\u00e3o, pr\u00f3ximos jogos!\",\"potentialAction\":[{\"@type\":\"SearchAction\",\"target\":{\"@type\":\"EntryPoint\",\"urlTemplate\":\"https:\/\/www.gaveanews.com\/?s={search_term_string}\"},\"query-input\":{\"@type\":\"PropertyValueSpecification\",\"valueRequired\":true,\"valueName\":\"search_term_string\"}}],\"inLanguage\":\"pt-BR\"},{\"@type\":\"Person\",\"@id\":\"https:\/\/www.gaveanews.com\/#\/schema\/person\/2424ec6409bc3f068411fc5e4e9b6168\",\"name\":\"Leandro Cardoso\",\"image\":{\"@type\":\"ImageObject\",\"inLanguage\":\"pt-BR\",\"@id\":\"https:\/\/www.gaveanews.com\/#\/schema\/person\/image\/\",\"url\":\"https:\/\/secure.gravatar.com\/avatar\/8ca179f9b55eefe9f376f5493ef25475bfa59fbc28ce937f6076ce20e523098f?s=96&d=mm&r=g\",\"contentUrl\":\"https:\/\/secure.gravatar.com\/avatar\/8ca179f9b55eefe9f376f5493ef25475bfa59fbc28ce937f6076ce20e523098f?s=96&d=mm&r=g\",\"caption\":\"Leandro Cardoso\"}}]}<\/script>\n<!-- \/ Yoast SEO Premium plugin. -->","yoast_head_json":{"title":"Sergio Ramos vai voltar para o Real Madrid?","robots":{"index":"index","follow":"follow","max-snippet":"max-snippet:-1","max-image-preview":"max-image-preview:large","max-video-preview":"max-video-preview:-1"},"canonical":"https:\/\/www.gaveanews.com\/index.php\/2024\/11\/13\/sergio-ramos-vai-voltar-para-o-real-madrid\/","og_locale":"pt_BR","og_type":"article","og_title":"Sergio Ramos vai voltar para o Real Madrid?","og_description":"Com a les\u00e3o de \u00c9der Milit\u00e3o e o time precisando refor\u00e7ar a defesa, uma d\u00favida surge na mente dos torcedores do Real Madrid: ser\u00e1 que Sergio Ramos voltar\u00e1 ao clube? Apesar da especula\u00e7\u00e3o e do apoio de \u00eddolos como Guti, o cen\u00e1rio para um retorno do lend\u00e1rio zagueiro espanhol parece improv\u00e1vel. O Real Madrid j\u00e1 [&hellip;]","og_url":"https:\/\/www.gaveanews.com\/index.php\/2024\/11\/13\/sergio-ramos-vai-voltar-para-o-real-madrid\/","og_site_name":"G\u00e1vea News","article_publisher":"https:\/\/facebook.com\/gaveaNews\/","article_published_time":"2024-11-13T23:40:00+00:00","og_image":[{"width":1440,"height":1080,"url":"https:\/\/www.gaveanews.com\/wp-content\/uploads\/Sergio-Ramos-zagueiro-espanhol.webp","type":"image\/webp"}],"author":"Leandro Cardoso","twitter_card":"summary_large_image","twitter_misc":{"Escrito por":"Leandro Cardoso","Est. tempo de leitura":"3 minutos"},"schema":{"@context":"https:\/\/schema.org","@graph":[{"@type":"NewsArticle","@id":"https:\/\/www.gaveanews.com\/index.php\/2024\/11\/13\/sergio-ramos-vai-voltar-para-o-real-madrid\/#article","isPartOf":{"@id":"https:\/\/www.gaveanews.com\/index.php\/2024\/11\/13\/sergio-ramos-vai-voltar-para-o-real-madrid\/"},"author":{"name":"Leandro Cardoso","@id":"https:\/\/www.gaveanews.com\/#\/schema\/person\/2424ec6409bc3f068411fc5e4e9b6168"},"headline":"Sergio Ramos vai voltar para o Real Madrid?","datePublished":"2024-11-13T23:40:00+00:00","mainEntityOfPage":{"@id":"https:\/\/www.gaveanews.com\/index.php\/2024\/11\/13\/sergio-ramos-vai-voltar-para-o-real-madrid\/"},"wordCount":429,"commentCount":0,"image":{"@id":"https:\/\/www.gaveanews.com\/index.php\/2024\/11\/13\/sergio-ramos-vai-voltar-para-o-real-madrid\/#primaryimage"},"thumbnailUrl":"https:\/\/www.gaveanews.com\/wp-content\/uploads\/Sergio-Ramos-zagueiro-espanhol.webp","articleSection":["Real Madrid"],"inLanguage":"pt-BR","potentialAction":[{"@type":"CommentAction","name":"Comment","target":["https:\/\/www.gaveanews.com\/index.php\/2024\/11\/13\/sergio-ramos-vai-voltar-para-o-real-madrid\/#respond"]}],"copyrightYear":"2024","copyrightHolder":{"@id":"https:\/\/www.gaveanews.com\/#organization"}},{"@type":"WebPage","@id":"https:\/\/www.gaveanews.com\/index.php\/2024\/11\/13\/sergio-ramos-vai-voltar-para-o-real-madrid\/","url":"https:\/\/www.gaveanews.com\/index.php\/2024\/11\/13\/sergio-ramos-vai-voltar-para-o-real-madrid\/","name":"Sergio Ramos vai voltar para o Real Madrid?","isPartOf":{"@id":"https:\/\/www.gaveanews.com\/#website"},"primaryImageOfPage":{"@id":"https:\/\/www.gaveanews.com\/index.php\/2024\/11\/13\/sergio-ramos-vai-voltar-para-o-real-madrid\/#primaryimage"},"image":{"@id":"https:\/\/www.gaveanews.com\/index.php\/2024\/11\/13\/sergio-ramos-vai-voltar-para-o-real-madrid\/#primaryimage"},"thumbnailUrl":"https:\/\/www.gaveanews.com\/wp-content\/uploads\/Sergio-Ramos-zagueiro-espanhol.webp","datePublished":"2024-11-13T23:40:00+00:00","author":{"@id":"https:\/\/www.gaveanews.com\/#\/schema\/person\/2424ec6409bc3f068411fc5e4e9b6168"},"breadcrumb":{"@id":"https:\/\/www.gaveanews.com\/index.php\/2024\/11\/13\/sergio-ramos-vai-voltar-para-o-real-madrid\/#breadcrumb"},"inLanguage":"pt-BR","potentialAction":[{"@type":"ReadAction","target":["https:\/\/www.gaveanews.com\/index.php\/2024\/11\/13\/sergio-ramos-vai-voltar-para-o-real-madrid\/"]}]},{"@type":"ImageObject","inLanguage":"pt-BR","@id":"https:\/\/www.gaveanews.com\/index.php\/2024\/11\/13\/sergio-ramos-vai-voltar-para-o-real-madrid\/#primaryimage","url":"https:\/\/www.gaveanews.com\/wp-content\/uploads\/Sergio-Ramos-zagueiro-espanhol.webp","contentUrl":"https:\/\/www.gaveanews.com\/wp-content\/uploads\/Sergio-Ramos-zagueiro-espanhol.webp","width":1440,"height":1080,"caption":"Sergio Ramos, zagueiro espanhol (Foto: Reprodu\u00e7\u00e3o\/Instagram)"},{"@type":"BreadcrumbList","@id":"https:\/\/www.gaveanews.com\/index.php\/2024\/11\/13\/sergio-ramos-vai-voltar-para-o-real-madrid\/#breadcrumb","itemListElement":[{"@type":"ListItem","position":1,"name":"Home","item":"https:\/\/www.gaveanews.com\/"},{"@type":"ListItem","position":2,"name":"Sergio Ramos vai voltar para o Real Madrid?"}]},{"@type":"WebSite","@id":"https:\/\/www.gaveanews.com\/#website","url":"https:\/\/www.gaveanews.com\/","name":"G\u00e1vea News","description":"Veja todas as not\u00edcias sobre o Flamengo: Contrata\u00e7\u00f5es, categorias de base, resultados das partidas, tabela de classifica\u00e7\u00e3o, pr\u00f3ximos jogos!","potentialAction":[{"@type":"SearchAction","target":{"@type":"EntryPoint","urlTemplate":"https:\/\/www.gaveanews.com\/?s={search_term_string}"},"query-input":{"@type":"PropertyValueSpecification","valueRequired":true,"valueName":"search_term_string"}}],"inLanguage":"pt-BR"},{"@type":"Person","@id":"https:\/\/www.gaveanews.com\/#\/schema\/person\/2424ec6409bc3f068411fc5e4e9b6168","name":"Leandro Cardoso","image":{"@type":"ImageObject","inLanguage":"pt-BR","@id":"https:\/\/www.gaveanews.com\/#\/schema\/person\/image\/","url":"https:\/\/secure.gravatar.com\/avatar\/8ca179f9b55eefe9f376f5493ef25475bfa59fbc28ce937f6076ce20e523098f?s=96&d=mm&r=g","contentUrl":"https:\/\/secure.gravatar.com\/avatar\/8ca179f9b55eefe9f376f5493ef25475bfa59fbc28ce937f6076ce20e523098f?s=96&d=mm&r=g","caption":"Leandro Cardoso"}}]}},"_links":{"self":[{"href":"https:\/\/www.gaveanews.com\/index.php\/wp-json\/wp\/v2\/posts\/184943","targetHints":{"allow":["GET"]}}],"collection":[{"href":"https:\/\/www.gaveanews.com\/index.php\/wp-json\/wp\/v2\/posts"}],"about":[{"href":"https:\/\/www.gaveanews.com\/index.php\/wp-json\/wp\/v2\/types\/post"}],"author":[{"embeddable":true,"href":"https:\/\/www.gaveanews.com\/index.php\/wp-json\/wp\/v2\/users\/24"}],"replies":[{"embeddable":true,"href":"https:\/\/www.gaveanews.com\/index.php\/wp-json\/wp\/v2\/comments?post=184943"}],"version-history":[{"count":1,"href":"https:\/\/www.gaveanews.com\/index.php\/wp-json\/wp\/v2\/posts\/184943\/revisions"}],"predecessor-version":[{"id":184944,"href":"https:\/\/www.gaveanews.com\/index.php\/wp-json\/wp\/v2\/posts\/184943\/revisions\/184944"}],"wp:featuredmedia":[{"embeddable":true,"href":"https:\/\/www.gaveanews.com\/index.php\/wp-json\/wp\/v2\/media\/165630"}],"wp:attachment":[{"href":"https:\/\/www.gaveanews.com\/index.php\/wp-json\/wp\/v2\/media?parent=184943"}],"wp:term":[{"taxonomy":"category","embeddable":true,"href":"https:\/\/www.gaveanews.com\/index.php\/wp-json\/wp\/v2\/categories?post=184943"},{"taxonomy":"post_tag","embeddable":true,"href":"https:\/\/www.gaveanews.com\/index.php\/wp-json\/wp\/v2\/tags?post=184943"}],"curies":[{"name":"wp","href":"https:\/\/api.w.org\/{rel}","templated":true}]}}