{"id":184951,"date":"2024-11-13T20:50:00","date_gmt":"2024-11-13T23:50:00","guid":{"rendered":"https:\/\/www.gaveanews.com\/?p=184951"},"modified":"2024-11-13T19:48:21","modified_gmt":"2024-11-13T22:48:21","slug":"vasco-recebe-otima-noticia-nos-bastidores","status":"publish","type":"post","link":"https:\/\/www.gaveanews.com\/index.php\/2024\/11\/13\/vasco-recebe-otima-noticia-nos-bastidores\/","title":{"rendered":"Vasco recebe \u00f3tima not\u00edcia nos bastidores"},"content":{"rendered":"\n<p>O Vasco da Gama conseguiu uma importante vit\u00f3ria buscando a reestrutura\u00e7\u00e3o financeira do clube desde que a 777 Partners foi destitu\u00edda. Na \u00faltima ter\u00e7a-feira, a Justi\u00e7a concedeu a prorroga\u00e7\u00e3o da suspens\u00e3o das penhoras e cobran\u00e7as de d\u00edvidas da SAF.<\/p>\n\n\n\n<ul class=\"wp-block-list\">\n<li><a href=\"https:\/\/www.gaveanews.com\/index.php\/2024\/11\/13\/ele-estava-esquecido-no-vasco-mas-agora-vai-ganhar-mais-oportunidades\/\">Ele estava esquecido no Vasco mas agora vai ganhar mais oportunidades<\/a><\/li>\n\n\n\n<li><a href=\"https:\/\/www.gaveanews.com\/index.php\/2024\/11\/13\/joel-santana-indica-contratacao-para-fluminense-e-vasco\/\">Joel Santana indica contrata\u00e7\u00e3o para Fluminense e Vasco<\/a><\/li>\n<\/ul>\n\n\n\n<p>Na \u00faltima ter\u00e7a-feira (12\/11), o juiz Paulo Assed Estefan, da 4\u00aa Vara Empresarial do Rio de Janeiro decidiu pela extens\u00e3o do prazo da suspens\u00e3o das penhoras e cobran\u00e7as de d\u00edvidas do Vasco da Gama por mais 30 dias, portanto, at\u00e9 22 de dezembro.<\/p>\n\n\n\n<p>O clube havia entrado com o pedido pela prorroga\u00e7\u00e3o na semana passada, pois negocia com diversos credores em processo de media\u00e7\u00e3o junto \u00e0 Funda\u00e7\u00e3o Get\u00falio Vargas (FGV).<\/p>\n\n\n\n<p>A decis\u00e3o da Justi\u00e7a, na verdade, \u00e9 uma extens\u00e3o de uma medida cautelar de suspens\u00e3o que impede a penhora dos bens do clube expedida pelo juiz e que tinha validade at\u00e9 dia 23 de novembro. O Vasco informou que pelo menos 50 credores j\u00e1 tinham passado por ao menos um processo de media\u00e7\u00e3o at\u00e9 o come\u00e7o deste m\u00eas e se espera que todos os 175 credores se re\u00fanam com o clube e com a FGV at\u00e9 o dia 29.<\/p>\n\n\n\n<p>A vit\u00f3ria \u00e9 de suma import\u00e2ncia para a reestrutura\u00e7\u00e3o financeira proposta pelo presidente Pedrinho, que pretende equalizar as pend\u00eancias judiciais e financeiras do Vasco. Como ainda n\u00e3o existe um comprador para as a\u00e7\u00f5es da SAF, a diretoria administrativa busca solu\u00e7\u00f5es para o clube se tornar auto-sustent\u00e1vel.<\/p>\n\n\n\n<p>Com o planejamento para a pr\u00f3xima temporada \u00e0 vista, Pedrinho dar\u00e1 uma entrevista coletiva na pr\u00f3xima quinta-feira (14\/11), \u00e0s 15 horas, em S\u00e3o Janu\u00e1rio. Ele deve responder quest\u00f5es referentes \u00e0 administra\u00e7\u00e3o da SAF e tamb\u00e9m do desempenho esportivo da equipe.&nbsp;<\/p>\n\n\n\n<p>O Vasco venceu apenas dois dos \u00faltimos doze jogos e \u00e9 o 9\u00b0 colocado do Campeonato Brasileiro, com 43 pontos. A equipe comandada por Rafael Paiva s\u00f3 volta a entrar em campo no pr\u00f3ximo dia 21, em uma partida v\u00e1lida pela 34\u00aa rodada do Brasileir\u00e3o.<\/p>\n","protected":false},"excerpt":{"rendered":"<p>O Vasco da Gama conseguiu uma importante vit\u00f3ria buscando a reestrutura\u00e7\u00e3o financeira do clube desde que a 777 Partners foi destitu\u00edda. Na \u00faltima ter\u00e7a-feira, a Justi\u00e7a concedeu a prorroga\u00e7\u00e3o da suspens\u00e3o das penhoras e cobran\u00e7as de d\u00edvidas da SAF. Na \u00faltima ter\u00e7a-feira (12\/11), o juiz Paulo Assed Estefan, da 4\u00aa Vara Empresarial do Rio de [&hellip;]<\/p>\n","protected":false},"author":29,"featured_media":146559,"comment_status":"open","ping_status":"closed","sticky":false,"template":"","format":"standard","meta":{"footnotes":""},"categories":[152],"tags":[],"class_list":["post-184951","post","type-post","status-publish","format-standard","has-post-thumbnail","hentry","category-vasco"],"yoast_head":"<!-- This site is optimized with the Yoast SEO Premium plugin v24.2 (Yoast SEO v26.9) - https:\/\/yoast.com\/product\/yoast-seo-premium-wordpress\/ -->\n<title>Vasco recebe \u00f3tima not\u00edcia nos bastidores<\/title>\n<meta name=\"robots\" content=\"index, follow, max-snippet:-1, max-image-preview:large, max-video-preview:-1\" \/>\n<link rel=\"canonical\" href=\"https:\/\/www.gaveanews.com\/index.php\/2024\/11\/13\/vasco-recebe-otima-noticia-nos-bastidores\/\" \/>\n<meta property=\"og:locale\" content=\"pt_BR\" \/>\n<meta property=\"og:type\" content=\"article\" \/>\n<meta property=\"og:title\" content=\"Vasco recebe \u00f3tima not\u00edcia nos bastidores\" \/>\n<meta property=\"og:description\" content=\"O Vasco da Gama conseguiu uma importante vit\u00f3ria buscando a reestrutura\u00e7\u00e3o financeira do clube desde que a 777 Partners foi destitu\u00edda. Na \u00faltima ter\u00e7a-feira, a Justi\u00e7a concedeu a prorroga\u00e7\u00e3o da suspens\u00e3o das penhoras e cobran\u00e7as de d\u00edvidas da SAF. Na \u00faltima ter\u00e7a-feira (12\/11), o juiz Paulo Assed Estefan, da 4\u00aa Vara Empresarial do Rio de [&hellip;]\" \/>\n<meta property=\"og:url\" content=\"https:\/\/www.gaveanews.com\/index.php\/2024\/11\/13\/vasco-recebe-otima-noticia-nos-bastidores\/\" \/>\n<meta property=\"og:site_name\" content=\"G\u00e1vea News\" \/>\n<meta property=\"article:publisher\" content=\"https:\/\/facebook.com\/gaveaNews\/\" \/>\n<meta property=\"article:published_time\" content=\"2024-11-13T23:50:00+00:00\" \/>\n<meta property=\"og:image\" content=\"https:\/\/www.gaveanews.com\/wp-content\/uploads\/Pedrinho-presidente-do-Vasco.webp\" \/>\n\t<meta property=\"og:image:width\" content=\"1024\" \/>\n\t<meta property=\"og:image:height\" content=\"562\" \/>\n\t<meta property=\"og:image:type\" content=\"image\/jpeg\" \/>\n<meta name=\"author\" content=\"Marco Menezes\" \/>\n<meta name=\"twitter:card\" content=\"summary_large_image\" \/>\n<meta name=\"twitter:label1\" content=\"Escrito por\" \/>\n\t<meta name=\"twitter:data1\" content=\"Marco Menezes\" \/>\n\t<meta name=\"twitter:label2\" content=\"Est. tempo de leitura\" \/>\n\t<meta name=\"twitter:data2\" content=\"3 minutos\" \/>\n<script type=\"application\/ld+json\" class=\"yoast-schema-graph\">{\"@context\":\"https:\/\/schema.org\",\"@graph\":[{\"@type\":\"NewsArticle\",\"@id\":\"https:\/\/www.gaveanews.com\/index.php\/2024\/11\/13\/vasco-recebe-otima-noticia-nos-bastidores\/#article\",\"isPartOf\":{\"@id\":\"https:\/\/www.gaveanews.com\/index.php\/2024\/11\/13\/vasco-recebe-otima-noticia-nos-bastidores\/\"},\"author\":{\"name\":\"Marco Menezes\",\"@id\":\"https:\/\/www.gaveanews.com\/#\/schema\/person\/a9f62fe75380c6bada1b2fc49bc23d69\"},\"headline\":\"Vasco recebe \u00f3tima not\u00edcia nos bastidores\",\"datePublished\":\"2024-11-13T23:50:00+00:00\",\"mainEntityOfPage\":{\"@id\":\"https:\/\/www.gaveanews.com\/index.php\/2024\/11\/13\/vasco-recebe-otima-noticia-nos-bastidores\/\"},\"wordCount\":370,\"commentCount\":0,\"image\":{\"@id\":\"https:\/\/www.gaveanews.com\/index.php\/2024\/11\/13\/vasco-recebe-otima-noticia-nos-bastidores\/#primaryimage\"},\"thumbnailUrl\":\"https:\/\/www.gaveanews.com\/wp-content\/uploads\/Pedrinho-presidente-do-Vasco.webp\",\"articleSection\":[\"Vasco\"],\"inLanguage\":\"pt-BR\",\"potentialAction\":[{\"@type\":\"CommentAction\",\"name\":\"Comment\",\"target\":[\"https:\/\/www.gaveanews.com\/index.php\/2024\/11\/13\/vasco-recebe-otima-noticia-nos-bastidores\/#respond\"]}],\"copyrightYear\":\"2024\",\"copyrightHolder\":{\"@id\":\"https:\/\/www.gaveanews.com\/#organization\"}},{\"@type\":\"WebPage\",\"@id\":\"https:\/\/www.gaveanews.com\/index.php\/2024\/11\/13\/vasco-recebe-otima-noticia-nos-bastidores\/\",\"url\":\"https:\/\/www.gaveanews.com\/index.php\/2024\/11\/13\/vasco-recebe-otima-noticia-nos-bastidores\/\",\"name\":\"Vasco recebe \u00f3tima not\u00edcia nos bastidores\",\"isPartOf\":{\"@id\":\"https:\/\/www.gaveanews.com\/#website\"},\"primaryImageOfPage\":{\"@id\":\"https:\/\/www.gaveanews.com\/index.php\/2024\/11\/13\/vasco-recebe-otima-noticia-nos-bastidores\/#primaryimage\"},\"image\":{\"@id\":\"https:\/\/www.gaveanews.com\/index.php\/2024\/11\/13\/vasco-recebe-otima-noticia-nos-bastidores\/#primaryimage\"},\"thumbnailUrl\":\"https:\/\/www.gaveanews.com\/wp-content\/uploads\/Pedrinho-presidente-do-Vasco.webp\",\"datePublished\":\"2024-11-13T23:50:00+00:00\",\"author\":{\"@id\":\"https:\/\/www.gaveanews.com\/#\/schema\/person\/a9f62fe75380c6bada1b2fc49bc23d69\"},\"breadcrumb\":{\"@id\":\"https:\/\/www.gaveanews.com\/index.php\/2024\/11\/13\/vasco-recebe-otima-noticia-nos-bastidores\/#breadcrumb\"},\"inLanguage\":\"pt-BR\",\"potentialAction\":[{\"@type\":\"ReadAction\",\"target\":[\"https:\/\/www.gaveanews.com\/index.php\/2024\/11\/13\/vasco-recebe-otima-noticia-nos-bastidores\/\"]}]},{\"@type\":\"ImageObject\",\"inLanguage\":\"pt-BR\",\"@id\":\"https:\/\/www.gaveanews.com\/index.php\/2024\/11\/13\/vasco-recebe-otima-noticia-nos-bastidores\/#primaryimage\",\"url\":\"https:\/\/www.gaveanews.com\/wp-content\/uploads\/Pedrinho-presidente-do-Vasco.webp\",\"contentUrl\":\"https:\/\/www.gaveanews.com\/wp-content\/uploads\/Pedrinho-presidente-do-Vasco.webp\",\"width\":1024,\"height\":562,\"caption\":\"Pedrinho, presidente do Vasco (Foto: Reprodu\u00e7\u00e3o\/Vasco TV)\"},{\"@type\":\"BreadcrumbList\",\"@id\":\"https:\/\/www.gaveanews.com\/index.php\/2024\/11\/13\/vasco-recebe-otima-noticia-nos-bastidores\/#breadcrumb\",\"itemListElement\":[{\"@type\":\"ListItem\",\"position\":1,\"name\":\"Home\",\"item\":\"https:\/\/www.gaveanews.com\/\"},{\"@type\":\"ListItem\",\"position\":2,\"name\":\"Vasco recebe \u00f3tima not\u00edcia nos bastidores\"}]},{\"@type\":\"WebSite\",\"@id\":\"https:\/\/www.gaveanews.com\/#website\",\"url\":\"https:\/\/www.gaveanews.com\/\",\"name\":\"G\u00e1vea News\",\"description\":\"Veja todas as not\u00edcias sobre o Flamengo: Contrata\u00e7\u00f5es, categorias de base, resultados das partidas, tabela de classifica\u00e7\u00e3o, pr\u00f3ximos jogos!\",\"potentialAction\":[{\"@type\":\"SearchAction\",\"target\":{\"@type\":\"EntryPoint\",\"urlTemplate\":\"https:\/\/www.gaveanews.com\/?s={search_term_string}\"},\"query-input\":{\"@type\":\"PropertyValueSpecification\",\"valueRequired\":true,\"valueName\":\"search_term_string\"}}],\"inLanguage\":\"pt-BR\"},{\"@type\":\"Person\",\"@id\":\"https:\/\/www.gaveanews.com\/#\/schema\/person\/a9f62fe75380c6bada1b2fc49bc23d69\",\"name\":\"Marco Menezes\",\"image\":{\"@type\":\"ImageObject\",\"inLanguage\":\"pt-BR\",\"@id\":\"https:\/\/www.gaveanews.com\/#\/schema\/person\/image\/\",\"url\":\"https:\/\/secure.gravatar.com\/avatar\/a1d148ae17fc8bfc5dbccffd07979e8bd2c9ba494221779de86ec2c7907b71ec?s=96&d=mm&r=g\",\"contentUrl\":\"https:\/\/secure.gravatar.com\/avatar\/a1d148ae17fc8bfc5dbccffd07979e8bd2c9ba494221779de86ec2c7907b71ec?s=96&d=mm&r=g\",\"caption\":\"Marco Menezes\"}}]}<\/script>\n<!-- \/ Yoast SEO Premium plugin. -->","yoast_head_json":{"title":"Vasco recebe \u00f3tima not\u00edcia nos bastidores","robots":{"index":"index","follow":"follow","max-snippet":"max-snippet:-1","max-image-preview":"max-image-preview:large","max-video-preview":"max-video-preview:-1"},"canonical":"https:\/\/www.gaveanews.com\/index.php\/2024\/11\/13\/vasco-recebe-otima-noticia-nos-bastidores\/","og_locale":"pt_BR","og_type":"article","og_title":"Vasco recebe \u00f3tima not\u00edcia nos bastidores","og_description":"O Vasco da Gama conseguiu uma importante vit\u00f3ria buscando a reestrutura\u00e7\u00e3o financeira do clube desde que a 777 Partners foi destitu\u00edda. Na \u00faltima ter\u00e7a-feira, a Justi\u00e7a concedeu a prorroga\u00e7\u00e3o da suspens\u00e3o das penhoras e cobran\u00e7as de d\u00edvidas da SAF. Na \u00faltima ter\u00e7a-feira (12\/11), o juiz Paulo Assed Estefan, da 4\u00aa Vara Empresarial do Rio de [&hellip;]","og_url":"https:\/\/www.gaveanews.com\/index.php\/2024\/11\/13\/vasco-recebe-otima-noticia-nos-bastidores\/","og_site_name":"G\u00e1vea News","article_publisher":"https:\/\/facebook.com\/gaveaNews\/","article_published_time":"2024-11-13T23:50:00+00:00","og_image":[{"width":1024,"height":562,"url":"https:\/\/www.gaveanews.com\/wp-content\/uploads\/Pedrinho-presidente-do-Vasco.webp","type":"image\/jpeg"}],"author":"Marco Menezes","twitter_card":"summary_large_image","twitter_misc":{"Escrito por":"Marco Menezes","Est. tempo de leitura":"3 minutos"},"schema":{"@context":"https:\/\/schema.org","@graph":[{"@type":"NewsArticle","@id":"https:\/\/www.gaveanews.com\/index.php\/2024\/11\/13\/vasco-recebe-otima-noticia-nos-bastidores\/#article","isPartOf":{"@id":"https:\/\/www.gaveanews.com\/index.php\/2024\/11\/13\/vasco-recebe-otima-noticia-nos-bastidores\/"},"author":{"name":"Marco Menezes","@id":"https:\/\/www.gaveanews.com\/#\/schema\/person\/a9f62fe75380c6bada1b2fc49bc23d69"},"headline":"Vasco recebe \u00f3tima not\u00edcia nos bastidores","datePublished":"2024-11-13T23:50:00+00:00","mainEntityOfPage":{"@id":"https:\/\/www.gaveanews.com\/index.php\/2024\/11\/13\/vasco-recebe-otima-noticia-nos-bastidores\/"},"wordCount":370,"commentCount":0,"image":{"@id":"https:\/\/www.gaveanews.com\/index.php\/2024\/11\/13\/vasco-recebe-otima-noticia-nos-bastidores\/#primaryimage"},"thumbnailUrl":"https:\/\/www.gaveanews.com\/wp-content\/uploads\/Pedrinho-presidente-do-Vasco.webp","articleSection":["Vasco"],"inLanguage":"pt-BR","potentialAction":[{"@type":"CommentAction","name":"Comment","target":["https:\/\/www.gaveanews.com\/index.php\/2024\/11\/13\/vasco-recebe-otima-noticia-nos-bastidores\/#respond"]}],"copyrightYear":"2024","copyrightHolder":{"@id":"https:\/\/www.gaveanews.com\/#organization"}},{"@type":"WebPage","@id":"https:\/\/www.gaveanews.com\/index.php\/2024\/11\/13\/vasco-recebe-otima-noticia-nos-bastidores\/","url":"https:\/\/www.gaveanews.com\/index.php\/2024\/11\/13\/vasco-recebe-otima-noticia-nos-bastidores\/","name":"Vasco recebe \u00f3tima not\u00edcia nos bastidores","isPartOf":{"@id":"https:\/\/www.gaveanews.com\/#website"},"primaryImageOfPage":{"@id":"https:\/\/www.gaveanews.com\/index.php\/2024\/11\/13\/vasco-recebe-otima-noticia-nos-bastidores\/#primaryimage"},"image":{"@id":"https:\/\/www.gaveanews.com\/index.php\/2024\/11\/13\/vasco-recebe-otima-noticia-nos-bastidores\/#primaryimage"},"thumbnailUrl":"https:\/\/www.gaveanews.com\/wp-content\/uploads\/Pedrinho-presidente-do-Vasco.webp","datePublished":"2024-11-13T23:50:00+00:00","author":{"@id":"https:\/\/www.gaveanews.com\/#\/schema\/person\/a9f62fe75380c6bada1b2fc49bc23d69"},"breadcrumb":{"@id":"https:\/\/www.gaveanews.com\/index.php\/2024\/11\/13\/vasco-recebe-otima-noticia-nos-bastidores\/#breadcrumb"},"inLanguage":"pt-BR","potentialAction":[{"@type":"ReadAction","target":["https:\/\/www.gaveanews.com\/index.php\/2024\/11\/13\/vasco-recebe-otima-noticia-nos-bastidores\/"]}]},{"@type":"ImageObject","inLanguage":"pt-BR","@id":"https:\/\/www.gaveanews.com\/index.php\/2024\/11\/13\/vasco-recebe-otima-noticia-nos-bastidores\/#primaryimage","url":"https:\/\/www.gaveanews.com\/wp-content\/uploads\/Pedrinho-presidente-do-Vasco.webp","contentUrl":"https:\/\/www.gaveanews.com\/wp-content\/uploads\/Pedrinho-presidente-do-Vasco.webp","width":1024,"height":562,"caption":"Pedrinho, presidente do Vasco (Foto: Reprodu\u00e7\u00e3o\/Vasco TV)"},{"@type":"BreadcrumbList","@id":"https:\/\/www.gaveanews.com\/index.php\/2024\/11\/13\/vasco-recebe-otima-noticia-nos-bastidores\/#breadcrumb","itemListElement":[{"@type":"ListItem","position":1,"name":"Home","item":"https:\/\/www.gaveanews.com\/"},{"@type":"ListItem","position":2,"name":"Vasco recebe \u00f3tima not\u00edcia nos bastidores"}]},{"@type":"WebSite","@id":"https:\/\/www.gaveanews.com\/#website","url":"https:\/\/www.gaveanews.com\/","name":"G\u00e1vea News","description":"Veja todas as not\u00edcias sobre o Flamengo: Contrata\u00e7\u00f5es, categorias de base, resultados das partidas, tabela de classifica\u00e7\u00e3o, pr\u00f3ximos jogos!","potentialAction":[{"@type":"SearchAction","target":{"@type":"EntryPoint","urlTemplate":"https:\/\/www.gaveanews.com\/?s={search_term_string}"},"query-input":{"@type":"PropertyValueSpecification","valueRequired":true,"valueName":"search_term_string"}}],"inLanguage":"pt-BR"},{"@type":"Person","@id":"https:\/\/www.gaveanews.com\/#\/schema\/person\/a9f62fe75380c6bada1b2fc49bc23d69","name":"Marco Menezes","image":{"@type":"ImageObject","inLanguage":"pt-BR","@id":"https:\/\/www.gaveanews.com\/#\/schema\/person\/image\/","url":"https:\/\/secure.gravatar.com\/avatar\/a1d148ae17fc8bfc5dbccffd07979e8bd2c9ba494221779de86ec2c7907b71ec?s=96&d=mm&r=g","contentUrl":"https:\/\/secure.gravatar.com\/avatar\/a1d148ae17fc8bfc5dbccffd07979e8bd2c9ba494221779de86ec2c7907b71ec?s=96&d=mm&r=g","caption":"Marco Menezes"}}]}},"_links":{"self":[{"href":"https:\/\/www.gaveanews.com\/index.php\/wp-json\/wp\/v2\/posts\/184951","targetHints":{"allow":["GET"]}}],"collection":[{"href":"https:\/\/www.gaveanews.com\/index.php\/wp-json\/wp\/v2\/posts"}],"about":[{"href":"https:\/\/www.gaveanews.com\/index.php\/wp-json\/wp\/v2\/types\/post"}],"author":[{"embeddable":true,"href":"https:\/\/www.gaveanews.com\/index.php\/wp-json\/wp\/v2\/users\/29"}],"replies":[{"embeddable":true,"href":"https:\/\/www.gaveanews.com\/index.php\/wp-json\/wp\/v2\/comments?post=184951"}],"version-history":[{"count":1,"href":"https:\/\/www.gaveanews.com\/index.php\/wp-json\/wp\/v2\/posts\/184951\/revisions"}],"predecessor-version":[{"id":184953,"href":"https:\/\/www.gaveanews.com\/index.php\/wp-json\/wp\/v2\/posts\/184951\/revisions\/184953"}],"wp:featuredmedia":[{"embeddable":true,"href":"https:\/\/www.gaveanews.com\/index.php\/wp-json\/wp\/v2\/media\/146559"}],"wp:attachment":[{"href":"https:\/\/www.gaveanews.com\/index.php\/wp-json\/wp\/v2\/media?parent=184951"}],"wp:term":[{"taxonomy":"category","embeddable":true,"href":"https:\/\/www.gaveanews.com\/index.php\/wp-json\/wp\/v2\/categories?post=184951"},{"taxonomy":"post_tag","embeddable":true,"href":"https:\/\/www.gaveanews.com\/index.php\/wp-json\/wp\/v2\/tags?post=184951"}],"curies":[{"name":"wp","href":"https:\/\/api.w.org\/{rel}","templated":true}]}}