{"id":184965,"date":"2024-11-13T21:40:00","date_gmt":"2024-11-14T00:40:00","guid":{"rendered":"https:\/\/www.gaveanews.com\/?p=184965"},"modified":"2024-11-13T21:04:28","modified_gmt":"2024-11-14T00:04:28","slug":"368-milhoes-atletico-mg-prepara-venda-para-a-europa","status":"publish","type":"post","link":"https:\/\/www.gaveanews.com\/index.php\/2024\/11\/13\/368-milhoes-atletico-mg-prepara-venda-para-a-europa\/","title":{"rendered":"368 milh\u00f5es: Atl\u00e9tico-MG prepara venda para a Europa"},"content":{"rendered":"\n<p>O Atl\u00e9tico-MG vira suas aten\u00e7\u00f5es para a final da Copa Libertadores, marcada para 30 de novembro, em que enfrentar\u00e1 o Botafogo em busca do bicampeonato continental. Sob o comando de Gabriel Milito, o Galo encara a decis\u00e3o com foco total, mas sem deixar de lado as obriga\u00e7\u00f5es do Campeonato Brasileiro, onde ainda precisa garantir uma boa posi\u00e7\u00e3o na tabela.<\/p>\n\n\n\n<ul class=\"wp-block-list\">\n<li><a href=\"https:\/\/www.gaveanews.com\/index.php\/2024\/11\/13\/a-declaracao-de-pvc-direcionada-a-deyverson-do-atletico-mg\/\">A declara\u00e7\u00e3o de PVC direcionada a Deyverson, do Atl\u00e9tico-MG<\/a><\/li>\n\n\n\n<li><a href=\"https:\/\/www.gaveanews.com\/index.php\/2024\/11\/13\/isso-foi-o-que-o-ceo-do-atletico-mg-disse-apos-caos-na-arena-mrv\/\">Isso foi o que o CEO do Atl\u00e9tico-MG disse ap\u00f3s caos na Arena MRV<\/a><\/li>\n<\/ul>\n\n\n\n<p>Paralelamente aos preparativos para os jogos, o clube lida com quest\u00f5es extracampo que podem influenciar o elenco para a pr\u00f3xima temporada. Um dos casos que demanda aten\u00e7\u00e3o \u00e9 o do goleiro Everson, que despertou o interesse do Bahia, clube que faz parte do Grupo City. Para evitar a sa\u00edda de uma de suas pe\u00e7as-chave, o Atl\u00e9tico-MG j\u00e1 iniciou tratativas para renovar o contrato do jogador e blindar sua perman\u00eancia.<\/p>\n\n\n\n<p>Outro nome que chamou aten\u00e7\u00e3o na reta final da temporada \u00e9 o meia-atacante Alisson. De acordo com a Ag\u00eancia RTI Esporte, a final da Copa do Brasil, disputada na Arena MRV, serviu como vitrine para que representantes de clubes europeus, incluindo Roma e Sevilla, avaliassem o jogador. Alisson entrou em campo aos 24 minutos do segundo tempo, sendo observado de perto pelos olheiros que ocupavam um dos principais camarotes do est\u00e1dio.<\/p>\n\n\n\n<p>O interesse por Alisson n\u00e3o \u00e9 recente. Os clubes europeus come\u00e7aram a monitorar o jogador ainda na fase de grupos da Copa Libertadores, na partida contra o Caracas, e tamb\u00e9m em um confronto pelo Brasileir\u00e3o diante do Bahia. O meia-atacante, que tem contrato com o Atl\u00e9tico-MG at\u00e9 dezembro de 2027, \u00e9 visto como uma promessa com potencial para atuar em grandes ligas do futebol europeu.<\/p>\n\n\n\n<p>Apesar do interesse crescente, o Atl\u00e9tico-MG mant\u00e9m uma postura aberta para negocia\u00e7\u00f5es, mas n\u00e3o pretende facilitar a sa\u00edda de Alisson. A multa rescis\u00f3ria estipulada para liberar o jogador \u00e9 alta, chegando a 60 milh\u00f5es de euros (cerca de R$ 368,1 milh\u00f5es). Essa cifra reflete a confian\u00e7a do clube no valor de seu atleta, embora a diretoria n\u00e3o tenha a inten\u00e7\u00e3o de travar as conversas.<\/p>\n\n\n\n<p>Com a pr\u00f3xima janela de transfer\u00eancias prevista para janeiro de 2025, o Galo aguarda com expectativa os movimentos do mercado. Enquanto prioriza as competi\u00e7\u00f5es que tem pela frente, o clube tamb\u00e9m mant\u00e9m em mente a possibilidade de refor\u00e7ar seus cofres com a venda de jogadores, sem tratar nenhum atleta como inegoci\u00e1vel.<\/p>\n","protected":false},"excerpt":{"rendered":"<p>O Atl\u00e9tico-MG vira suas aten\u00e7\u00f5es para a final da Copa Libertadores, marcada para 30 de novembro, em que enfrentar\u00e1 o Botafogo em busca do bicampeonato continental. Sob o comando de Gabriel Milito, o Galo encara a decis\u00e3o com foco total, mas sem deixar de lado as obriga\u00e7\u00f5es do Campeonato Brasileiro, onde ainda precisa garantir uma [&hellip;]<\/p>\n","protected":false},"author":23,"featured_media":153999,"comment_status":"open","ping_status":"closed","sticky":false,"template":"","format":"standard","meta":{"footnotes":""},"categories":[136],"tags":[],"class_list":["post-184965","post","type-post","status-publish","format-standard","has-post-thumbnail","hentry","category-atletico-mg"],"yoast_head":"<!-- This site is optimized with the Yoast SEO Premium plugin v24.2 (Yoast SEO v26.9) - https:\/\/yoast.com\/product\/yoast-seo-premium-wordpress\/ -->\n<title>368 milh\u00f5es: Atl\u00e9tico-MG prepara venda para a Europa<\/title>\n<meta name=\"robots\" content=\"index, follow, max-snippet:-1, max-image-preview:large, max-video-preview:-1\" \/>\n<link rel=\"canonical\" href=\"https:\/\/www.gaveanews.com\/index.php\/2024\/11\/13\/368-milhoes-atletico-mg-prepara-venda-para-a-europa\/\" \/>\n<meta property=\"og:locale\" content=\"pt_BR\" \/>\n<meta property=\"og:type\" content=\"article\" \/>\n<meta property=\"og:title\" content=\"368 milh\u00f5es: Atl\u00e9tico-MG prepara venda para a Europa\" \/>\n<meta property=\"og:description\" content=\"O Atl\u00e9tico-MG vira suas aten\u00e7\u00f5es para a final da Copa Libertadores, marcada para 30 de novembro, em que enfrentar\u00e1 o Botafogo em busca do bicampeonato continental. Sob o comando de Gabriel Milito, o Galo encara a decis\u00e3o com foco total, mas sem deixar de lado as obriga\u00e7\u00f5es do Campeonato Brasileiro, onde ainda precisa garantir uma [&hellip;]\" \/>\n<meta property=\"og:url\" content=\"https:\/\/www.gaveanews.com\/index.php\/2024\/11\/13\/368-milhoes-atletico-mg-prepara-venda-para-a-europa\/\" \/>\n<meta property=\"og:site_name\" content=\"G\u00e1vea News\" \/>\n<meta property=\"article:publisher\" content=\"https:\/\/facebook.com\/gaveaNews\/\" \/>\n<meta property=\"article:published_time\" content=\"2024-11-14T00:40:00+00:00\" \/>\n<meta property=\"og:image\" content=\"https:\/\/www.gaveanews.com\/wp-content\/uploads\/Estadio-do-Atletico-MG.webp\" \/>\n\t<meta property=\"og:image:width\" content=\"900\" \/>\n\t<meta property=\"og:image:height\" content=\"600\" \/>\n\t<meta property=\"og:image:type\" content=\"image\/webp\" \/>\n<meta name=\"author\" content=\"Leandro Azevedo\" \/>\n<meta name=\"twitter:card\" content=\"summary_large_image\" \/>\n<meta name=\"twitter:label1\" content=\"Escrito por\" \/>\n\t<meta name=\"twitter:data1\" content=\"Leandro Azevedo\" \/>\n\t<meta name=\"twitter:label2\" content=\"Est. tempo de leitura\" \/>\n\t<meta name=\"twitter:data2\" content=\"3 minutos\" \/>\n<script type=\"application\/ld+json\" class=\"yoast-schema-graph\">{\"@context\":\"https:\/\/schema.org\",\"@graph\":[{\"@type\":\"NewsArticle\",\"@id\":\"https:\/\/www.gaveanews.com\/index.php\/2024\/11\/13\/368-milhoes-atletico-mg-prepara-venda-para-a-europa\/#article\",\"isPartOf\":{\"@id\":\"https:\/\/www.gaveanews.com\/index.php\/2024\/11\/13\/368-milhoes-atletico-mg-prepara-venda-para-a-europa\/\"},\"author\":{\"name\":\"Leandro Azevedo\",\"@id\":\"https:\/\/www.gaveanews.com\/#\/schema\/person\/2877169f354c4596cf5aab74ea7c56a8\"},\"headline\":\"368 milh\u00f5es: Atl\u00e9tico-MG prepara venda para a Europa\",\"datePublished\":\"2024-11-14T00:40:00+00:00\",\"mainEntityOfPage\":{\"@id\":\"https:\/\/www.gaveanews.com\/index.php\/2024\/11\/13\/368-milhoes-atletico-mg-prepara-venda-para-a-europa\/\"},\"wordCount\":442,\"commentCount\":0,\"image\":{\"@id\":\"https:\/\/www.gaveanews.com\/index.php\/2024\/11\/13\/368-milhoes-atletico-mg-prepara-venda-para-a-europa\/#primaryimage\"},\"thumbnailUrl\":\"https:\/\/www.gaveanews.com\/wp-content\/uploads\/Estadio-do-Atletico-MG.webp\",\"articleSection\":[\"Atl\u00e9tico-MG\"],\"inLanguage\":\"pt-BR\",\"potentialAction\":[{\"@type\":\"CommentAction\",\"name\":\"Comment\",\"target\":[\"https:\/\/www.gaveanews.com\/index.php\/2024\/11\/13\/368-milhoes-atletico-mg-prepara-venda-para-a-europa\/#respond\"]}],\"copyrightYear\":\"2024\",\"copyrightHolder\":{\"@id\":\"https:\/\/www.gaveanews.com\/#organization\"}},{\"@type\":\"WebPage\",\"@id\":\"https:\/\/www.gaveanews.com\/index.php\/2024\/11\/13\/368-milhoes-atletico-mg-prepara-venda-para-a-europa\/\",\"url\":\"https:\/\/www.gaveanews.com\/index.php\/2024\/11\/13\/368-milhoes-atletico-mg-prepara-venda-para-a-europa\/\",\"name\":\"368 milh\u00f5es: Atl\u00e9tico-MG prepara venda para a Europa\",\"isPartOf\":{\"@id\":\"https:\/\/www.gaveanews.com\/#website\"},\"primaryImageOfPage\":{\"@id\":\"https:\/\/www.gaveanews.com\/index.php\/2024\/11\/13\/368-milhoes-atletico-mg-prepara-venda-para-a-europa\/#primaryimage\"},\"image\":{\"@id\":\"https:\/\/www.gaveanews.com\/index.php\/2024\/11\/13\/368-milhoes-atletico-mg-prepara-venda-para-a-europa\/#primaryimage\"},\"thumbnailUrl\":\"https:\/\/www.gaveanews.com\/wp-content\/uploads\/Estadio-do-Atletico-MG.webp\",\"datePublished\":\"2024-11-14T00:40:00+00:00\",\"author\":{\"@id\":\"https:\/\/www.gaveanews.com\/#\/schema\/person\/2877169f354c4596cf5aab74ea7c56a8\"},\"breadcrumb\":{\"@id\":\"https:\/\/www.gaveanews.com\/index.php\/2024\/11\/13\/368-milhoes-atletico-mg-prepara-venda-para-a-europa\/#breadcrumb\"},\"inLanguage\":\"pt-BR\",\"potentialAction\":[{\"@type\":\"ReadAction\",\"target\":[\"https:\/\/www.gaveanews.com\/index.php\/2024\/11\/13\/368-milhoes-atletico-mg-prepara-venda-para-a-europa\/\"]}]},{\"@type\":\"ImageObject\",\"inLanguage\":\"pt-BR\",\"@id\":\"https:\/\/www.gaveanews.com\/index.php\/2024\/11\/13\/368-milhoes-atletico-mg-prepara-venda-para-a-europa\/#primaryimage\",\"url\":\"https:\/\/www.gaveanews.com\/wp-content\/uploads\/Estadio-do-Atletico-MG.webp\",\"contentUrl\":\"https:\/\/www.gaveanews.com\/wp-content\/uploads\/Estadio-do-Atletico-MG.webp\",\"width\":900,\"height\":600,\"caption\":\"Arena MRV, est\u00e1dio do Atl\u00e9tico-MG (Foto: Reprodu\u00e7\u00e3o\/Atl\u00e9tico)\"},{\"@type\":\"BreadcrumbList\",\"@id\":\"https:\/\/www.gaveanews.com\/index.php\/2024\/11\/13\/368-milhoes-atletico-mg-prepara-venda-para-a-europa\/#breadcrumb\",\"itemListElement\":[{\"@type\":\"ListItem\",\"position\":1,\"name\":\"Home\",\"item\":\"https:\/\/www.gaveanews.com\/\"},{\"@type\":\"ListItem\",\"position\":2,\"name\":\"368 milh\u00f5es: Atl\u00e9tico-MG prepara venda para a Europa\"}]},{\"@type\":\"WebSite\",\"@id\":\"https:\/\/www.gaveanews.com\/#website\",\"url\":\"https:\/\/www.gaveanews.com\/\",\"name\":\"G\u00e1vea News\",\"description\":\"Veja todas as not\u00edcias sobre o Flamengo: Contrata\u00e7\u00f5es, categorias de base, resultados das partidas, tabela de classifica\u00e7\u00e3o, pr\u00f3ximos jogos!\",\"potentialAction\":[{\"@type\":\"SearchAction\",\"target\":{\"@type\":\"EntryPoint\",\"urlTemplate\":\"https:\/\/www.gaveanews.com\/?s={search_term_string}\"},\"query-input\":{\"@type\":\"PropertyValueSpecification\",\"valueRequired\":true,\"valueName\":\"search_term_string\"}}],\"inLanguage\":\"pt-BR\"},{\"@type\":\"Person\",\"@id\":\"https:\/\/www.gaveanews.com\/#\/schema\/person\/2877169f354c4596cf5aab74ea7c56a8\",\"name\":\"Leandro Azevedo\",\"image\":{\"@type\":\"ImageObject\",\"inLanguage\":\"pt-BR\",\"@id\":\"https:\/\/www.gaveanews.com\/#\/schema\/person\/image\/\",\"url\":\"https:\/\/secure.gravatar.com\/avatar\/e2f72eb6d986a41d592a85e4e36a6c6170e9ea8a1f433dfc29d0011a8968f89c?s=96&d=mm&r=g\",\"contentUrl\":\"https:\/\/secure.gravatar.com\/avatar\/e2f72eb6d986a41d592a85e4e36a6c6170e9ea8a1f433dfc29d0011a8968f89c?s=96&d=mm&r=g\",\"caption\":\"Leandro Azevedo\"}}]}<\/script>\n<!-- \/ Yoast SEO Premium plugin. -->","yoast_head_json":{"title":"368 milh\u00f5es: Atl\u00e9tico-MG prepara venda para a Europa","robots":{"index":"index","follow":"follow","max-snippet":"max-snippet:-1","max-image-preview":"max-image-preview:large","max-video-preview":"max-video-preview:-1"},"canonical":"https:\/\/www.gaveanews.com\/index.php\/2024\/11\/13\/368-milhoes-atletico-mg-prepara-venda-para-a-europa\/","og_locale":"pt_BR","og_type":"article","og_title":"368 milh\u00f5es: Atl\u00e9tico-MG prepara venda para a Europa","og_description":"O Atl\u00e9tico-MG vira suas aten\u00e7\u00f5es para a final da Copa Libertadores, marcada para 30 de novembro, em que enfrentar\u00e1 o Botafogo em busca do bicampeonato continental. Sob o comando de Gabriel Milito, o Galo encara a decis\u00e3o com foco total, mas sem deixar de lado as obriga\u00e7\u00f5es do Campeonato Brasileiro, onde ainda precisa garantir uma [&hellip;]","og_url":"https:\/\/www.gaveanews.com\/index.php\/2024\/11\/13\/368-milhoes-atletico-mg-prepara-venda-para-a-europa\/","og_site_name":"G\u00e1vea News","article_publisher":"https:\/\/facebook.com\/gaveaNews\/","article_published_time":"2024-11-14T00:40:00+00:00","og_image":[{"width":900,"height":600,"url":"https:\/\/www.gaveanews.com\/wp-content\/uploads\/Estadio-do-Atletico-MG.webp","type":"image\/webp"}],"author":"Leandro Azevedo","twitter_card":"summary_large_image","twitter_misc":{"Escrito por":"Leandro Azevedo","Est. tempo de leitura":"3 minutos"},"schema":{"@context":"https:\/\/schema.org","@graph":[{"@type":"NewsArticle","@id":"https:\/\/www.gaveanews.com\/index.php\/2024\/11\/13\/368-milhoes-atletico-mg-prepara-venda-para-a-europa\/#article","isPartOf":{"@id":"https:\/\/www.gaveanews.com\/index.php\/2024\/11\/13\/368-milhoes-atletico-mg-prepara-venda-para-a-europa\/"},"author":{"name":"Leandro Azevedo","@id":"https:\/\/www.gaveanews.com\/#\/schema\/person\/2877169f354c4596cf5aab74ea7c56a8"},"headline":"368 milh\u00f5es: Atl\u00e9tico-MG prepara venda para a Europa","datePublished":"2024-11-14T00:40:00+00:00","mainEntityOfPage":{"@id":"https:\/\/www.gaveanews.com\/index.php\/2024\/11\/13\/368-milhoes-atletico-mg-prepara-venda-para-a-europa\/"},"wordCount":442,"commentCount":0,"image":{"@id":"https:\/\/www.gaveanews.com\/index.php\/2024\/11\/13\/368-milhoes-atletico-mg-prepara-venda-para-a-europa\/#primaryimage"},"thumbnailUrl":"https:\/\/www.gaveanews.com\/wp-content\/uploads\/Estadio-do-Atletico-MG.webp","articleSection":["Atl\u00e9tico-MG"],"inLanguage":"pt-BR","potentialAction":[{"@type":"CommentAction","name":"Comment","target":["https:\/\/www.gaveanews.com\/index.php\/2024\/11\/13\/368-milhoes-atletico-mg-prepara-venda-para-a-europa\/#respond"]}],"copyrightYear":"2024","copyrightHolder":{"@id":"https:\/\/www.gaveanews.com\/#organization"}},{"@type":"WebPage","@id":"https:\/\/www.gaveanews.com\/index.php\/2024\/11\/13\/368-milhoes-atletico-mg-prepara-venda-para-a-europa\/","url":"https:\/\/www.gaveanews.com\/index.php\/2024\/11\/13\/368-milhoes-atletico-mg-prepara-venda-para-a-europa\/","name":"368 milh\u00f5es: Atl\u00e9tico-MG prepara venda para a Europa","isPartOf":{"@id":"https:\/\/www.gaveanews.com\/#website"},"primaryImageOfPage":{"@id":"https:\/\/www.gaveanews.com\/index.php\/2024\/11\/13\/368-milhoes-atletico-mg-prepara-venda-para-a-europa\/#primaryimage"},"image":{"@id":"https:\/\/www.gaveanews.com\/index.php\/2024\/11\/13\/368-milhoes-atletico-mg-prepara-venda-para-a-europa\/#primaryimage"},"thumbnailUrl":"https:\/\/www.gaveanews.com\/wp-content\/uploads\/Estadio-do-Atletico-MG.webp","datePublished":"2024-11-14T00:40:00+00:00","author":{"@id":"https:\/\/www.gaveanews.com\/#\/schema\/person\/2877169f354c4596cf5aab74ea7c56a8"},"breadcrumb":{"@id":"https:\/\/www.gaveanews.com\/index.php\/2024\/11\/13\/368-milhoes-atletico-mg-prepara-venda-para-a-europa\/#breadcrumb"},"inLanguage":"pt-BR","potentialAction":[{"@type":"ReadAction","target":["https:\/\/www.gaveanews.com\/index.php\/2024\/11\/13\/368-milhoes-atletico-mg-prepara-venda-para-a-europa\/"]}]},{"@type":"ImageObject","inLanguage":"pt-BR","@id":"https:\/\/www.gaveanews.com\/index.php\/2024\/11\/13\/368-milhoes-atletico-mg-prepara-venda-para-a-europa\/#primaryimage","url":"https:\/\/www.gaveanews.com\/wp-content\/uploads\/Estadio-do-Atletico-MG.webp","contentUrl":"https:\/\/www.gaveanews.com\/wp-content\/uploads\/Estadio-do-Atletico-MG.webp","width":900,"height":600,"caption":"Arena MRV, est\u00e1dio do Atl\u00e9tico-MG (Foto: Reprodu\u00e7\u00e3o\/Atl\u00e9tico)"},{"@type":"BreadcrumbList","@id":"https:\/\/www.gaveanews.com\/index.php\/2024\/11\/13\/368-milhoes-atletico-mg-prepara-venda-para-a-europa\/#breadcrumb","itemListElement":[{"@type":"ListItem","position":1,"name":"Home","item":"https:\/\/www.gaveanews.com\/"},{"@type":"ListItem","position":2,"name":"368 milh\u00f5es: Atl\u00e9tico-MG prepara venda para a Europa"}]},{"@type":"WebSite","@id":"https:\/\/www.gaveanews.com\/#website","url":"https:\/\/www.gaveanews.com\/","name":"G\u00e1vea News","description":"Veja todas as not\u00edcias sobre o Flamengo: Contrata\u00e7\u00f5es, categorias de base, resultados das partidas, tabela de classifica\u00e7\u00e3o, pr\u00f3ximos jogos!","potentialAction":[{"@type":"SearchAction","target":{"@type":"EntryPoint","urlTemplate":"https:\/\/www.gaveanews.com\/?s={search_term_string}"},"query-input":{"@type":"PropertyValueSpecification","valueRequired":true,"valueName":"search_term_string"}}],"inLanguage":"pt-BR"},{"@type":"Person","@id":"https:\/\/www.gaveanews.com\/#\/schema\/person\/2877169f354c4596cf5aab74ea7c56a8","name":"Leandro Azevedo","image":{"@type":"ImageObject","inLanguage":"pt-BR","@id":"https:\/\/www.gaveanews.com\/#\/schema\/person\/image\/","url":"https:\/\/secure.gravatar.com\/avatar\/e2f72eb6d986a41d592a85e4e36a6c6170e9ea8a1f433dfc29d0011a8968f89c?s=96&d=mm&r=g","contentUrl":"https:\/\/secure.gravatar.com\/avatar\/e2f72eb6d986a41d592a85e4e36a6c6170e9ea8a1f433dfc29d0011a8968f89c?s=96&d=mm&r=g","caption":"Leandro Azevedo"}}]}},"_links":{"self":[{"href":"https:\/\/www.gaveanews.com\/index.php\/wp-json\/wp\/v2\/posts\/184965","targetHints":{"allow":["GET"]}}],"collection":[{"href":"https:\/\/www.gaveanews.com\/index.php\/wp-json\/wp\/v2\/posts"}],"about":[{"href":"https:\/\/www.gaveanews.com\/index.php\/wp-json\/wp\/v2\/types\/post"}],"author":[{"embeddable":true,"href":"https:\/\/www.gaveanews.com\/index.php\/wp-json\/wp\/v2\/users\/23"}],"replies":[{"embeddable":true,"href":"https:\/\/www.gaveanews.com\/index.php\/wp-json\/wp\/v2\/comments?post=184965"}],"version-history":[{"count":2,"href":"https:\/\/www.gaveanews.com\/index.php\/wp-json\/wp\/v2\/posts\/184965\/revisions"}],"predecessor-version":[{"id":185049,"href":"https:\/\/www.gaveanews.com\/index.php\/wp-json\/wp\/v2\/posts\/184965\/revisions\/185049"}],"wp:featuredmedia":[{"embeddable":true,"href":"https:\/\/www.gaveanews.com\/index.php\/wp-json\/wp\/v2\/media\/153999"}],"wp:attachment":[{"href":"https:\/\/www.gaveanews.com\/index.php\/wp-json\/wp\/v2\/media?parent=184965"}],"wp:term":[{"taxonomy":"category","embeddable":true,"href":"https:\/\/www.gaveanews.com\/index.php\/wp-json\/wp\/v2\/categories?post=184965"},{"taxonomy":"post_tag","embeddable":true,"href":"https:\/\/www.gaveanews.com\/index.php\/wp-json\/wp\/v2\/tags?post=184965"}],"curies":[{"name":"wp","href":"https:\/\/api.w.org\/{rel}","templated":true}]}}