{"id":185103,"date":"2024-11-13T22:59:36","date_gmt":"2024-11-14T01:59:36","guid":{"rendered":"https:\/\/www.gaveanews.com\/?p=185103"},"modified":"2024-11-13T23:05:06","modified_gmt":"2024-11-14T02:05:06","slug":"a-declaracao-de-filipe-luis-sobre-afastamento-de-gabigol","status":"publish","type":"post","link":"https:\/\/www.gaveanews.com\/index.php\/2024\/11\/13\/a-declaracao-de-filipe-luis-sobre-afastamento-de-gabigol\/","title":{"rendered":"A declara\u00e7\u00e3o de Filipe Lu\u00eds sobre afastamento de Gabigol"},"content":{"rendered":"\n<p>Nesta quarta-feira (13), o Flamengo recebeu o Atl\u00e9tico-MG, no Maracan\u00e3, para a disputa de um jogo v\u00e1lido pela 33\u00aa rodada do Campeonato Brasileiro. A partida marcou o reencontro das equipe p\u00f3s final da Copa do Brasil e terminou em 0 a 0, mas o grande foco das aten\u00e7\u00f5es foi um motivo extracampo: o afastamento de Gabigol.<\/p>\n\n\n\n<ul class=\"wp-block-list\">\n<li><a href=\"https:\/\/www.gaveanews.com\/index.php\/2024\/11\/12\/gabigol-emite-nota-oficial-apos-ser-afastado-pelo-flamengo\/\">Gabigol emite nota oficial ap\u00f3s ser afastado pelo Flamengo<\/a><\/li>\n\n\n\n<li><a href=\"https:\/\/www.gaveanews.com\/index.php\/2024\/11\/12\/flamengo-emite-nota-oficial-sobre-futuro-de-gabigol\/\">Flamengo emite nota oficial sobre futuro de Gabigol<\/a><\/li>\n<\/ul>\n\n\n\n<p>Na \u00faltima ter\u00e7a-feira (12), o Flamengo emitiu uma nota informando que Gabriel Barbosa seria afastado para &#8220;manter a harmonia&#8221; do grupo e &#8220;dar tranquilidade&#8221; para Filipe Lu\u00eds. Ap\u00f3s o comuicado, not\u00edcias deram conta de que epis\u00f3dios de indisciplina do atacnte com o t\u00e9cnico teriam motivado o afastamento, e ap\u00f3s a partida desta quarta (13), Filipe falou sobre o assunto.<\/p>\n\n\n\n<p>Ao final do confronto, antes da abertura da coletiva, Filipe se pronunciou de maneira sucinta. Agradeceu \u00e0 diretoria pela confian\u00e7a, agradeceu a Gabigol, falou que n\u00e3o teve rela\u00e7\u00e3o com a decis\u00e3o de afastar o atacante e revelou estar muito triste com o tema.<\/p>\n\n\n\n<p>\u2014 <em>Como sei que est\u00e3o todos esperando que eu fale sobre o assunto, e primeiro quero dizer que me entristece profundamente ter que falar de um assunto desse depois de ser campe\u00e3o da Copa do Brasil. Sou extremamente grato a essa diretoria por ter confiado em mim em 2019, por ter acreditado em mim, por ter me colocado aqui. Sou extremanente grato ao Gabriel por tudo que ele fez pelo clube e por mim<\/em> -, disse, antes de prosseguir:<\/p>\n\n\n\n<p>\u2014 <em>Sobre o afatasmento do Gabriel, foi devido a um epis\u00f3dio ocorrido na final. Eu fui comunicado pelo vice-presidente Marcos Braz de que ele n\u00e3o seria relacionado para esse jogo e para os pr\u00f3ximos at\u00e9 segunda ordem. Esse \u00e9 um assunto total do Marcos Braz e ele vai explicar para voc\u00eas no momento em que achar oportuno. \u00c9 um assunto do Braz e \u00e9 isso, esse \u00e9 meu pronunciamento sobre o assunto.<\/em><\/p>\n\n\n\n<p>\u2014 <em>Me entristece muito porque n\u00e3o queria que sujasse o t\u00edtulo maravilhoso e incr\u00edvel que esse grupo conquistou por nenhum motivo extracampo. Espero que o assunto se resolva o quanto antes poss\u00edvel porque todos os torcedores merecem que o Flaemgo sempre esteja bem<\/em> -, pontuou.<\/p>\n\n\n\n<p>O caso<\/p>\n\n\n\n<p>Not\u00edcias deram conta de que algumas atitudes de Gabigol motivaram o afastamento. Uma delas teria sido a declara\u00e7\u00e3o do atacante p\u00f3s t\u00edtulo, ao vivo, em tv aberta, dizendo que n\u00e3o ficaria no Flamengo para 2024 e criticado a forma como a diretoria tratou o seu processo de renova\u00e7\u00e3o, segundo ele, de maneira desrespeitosa.<\/p>\n\n\n\n<p>Tamb\u00e9m foi divulgado que Gabigol teria ficado revoltado com a substitui\u00e7\u00e3o na final, quando deu lugar para Bruno Henrique, e tendo dito, ainda no vesti\u00e1rio: &#8220;t\u00e1 de sacanagem que ele vai me tirar&#8221;. Al\u00e9m disso, segundo informa\u00e7\u00f5es, Gabriel teria se recusado a participar do tradicional banho de gelo no treinador ap\u00f3s o t\u00edtulo.<\/p>\n\n\n\n<p>Outra atitude teria sido uma festa realizada por Gabigol, em sua casa, para comemorar o t\u00edtulo da Copa do Brasil, no mesmo hor\u00e1rio da celebra\u00e7\u00e3o oficial do clube. O jogaador teria convidado os companheiros, mas nenhum marcou presen\u00e7a e todos foram ao festejo oficial. <\/p>\n\n\n\n<p>Ap\u00f3s a nota do Flamengo, Gabigol se manifestou. Disse que havia treinado normalmente entre os titulares, que a decis\u00e3o foi da diretoria, e que ele estava \u00e0 disposi\u00e7\u00e3o do clube at\u00e9 o fim do contrato. <\/p>\n","protected":false},"excerpt":{"rendered":"<p>Nesta quarta-feira (13), o Flamengo recebeu o Atl\u00e9tico-MG, no Maracan\u00e3, para a disputa de um jogo v\u00e1lido pela 33\u00aa rodada do Campeonato Brasileiro. A partida marcou o reencontro das equipe p\u00f3s final da Copa do Brasil e terminou em 0 a 0, mas o grande foco das aten\u00e7\u00f5es foi um motivo extracampo: o afastamento de [&hellip;]<\/p>\n","protected":false},"author":18,"featured_media":171957,"comment_status":"open","ping_status":"closed","sticky":false,"template":"","format":"standard","meta":{"footnotes":""},"categories":[1],"tags":[],"class_list":["post-185103","post","type-post","status-publish","format-standard","has-post-thumbnail","hentry","category-flamengo"],"yoast_head":"<!-- This site is optimized with the Yoast SEO Premium plugin v24.2 (Yoast SEO v26.9) - https:\/\/yoast.com\/product\/yoast-seo-premium-wordpress\/ -->\n<title>A declara\u00e7\u00e3o de Filipe Lu\u00eds sobre afastamento de Gabigol<\/title>\n<meta name=\"robots\" content=\"index, follow, max-snippet:-1, max-image-preview:large, max-video-preview:-1\" \/>\n<link rel=\"canonical\" href=\"https:\/\/www.gaveanews.com\/index.php\/2024\/11\/13\/a-declaracao-de-filipe-luis-sobre-afastamento-de-gabigol\/\" \/>\n<meta property=\"og:locale\" content=\"pt_BR\" \/>\n<meta property=\"og:type\" content=\"article\" \/>\n<meta property=\"og:title\" content=\"A declara\u00e7\u00e3o de Filipe Lu\u00eds sobre afastamento de Gabigol\" \/>\n<meta property=\"og:description\" content=\"Nesta quarta-feira (13), o Flamengo recebeu o Atl\u00e9tico-MG, no Maracan\u00e3, para a disputa de um jogo v\u00e1lido pela 33\u00aa rodada do Campeonato Brasileiro. A partida marcou o reencontro das equipe p\u00f3s final da Copa do Brasil e terminou em 0 a 0, mas o grande foco das aten\u00e7\u00f5es foi um motivo extracampo: o afastamento de [&hellip;]\" \/>\n<meta property=\"og:url\" content=\"https:\/\/www.gaveanews.com\/index.php\/2024\/11\/13\/a-declaracao-de-filipe-luis-sobre-afastamento-de-gabigol\/\" \/>\n<meta property=\"og:site_name\" content=\"G\u00e1vea News\" \/>\n<meta property=\"article:publisher\" content=\"https:\/\/facebook.com\/gaveaNews\/\" \/>\n<meta property=\"article:published_time\" content=\"2024-11-14T01:59:36+00:00\" \/>\n<meta property=\"article:modified_time\" content=\"2024-11-14T02:05:06+00:00\" \/>\n<meta property=\"og:image\" content=\"https:\/\/www.gaveanews.com\/wp-content\/uploads\/Filipe-Luis-durante-jogo-entre-o-Flamengo-x-Bahia.webp\" \/>\n\t<meta property=\"og:image:width\" content=\"342\" \/>\n\t<meta property=\"og:image:height\" content=\"338\" \/>\n\t<meta property=\"og:image:type\" content=\"image\/jpeg\" \/>\n<meta name=\"author\" content=\"Paula Silva\" \/>\n<meta name=\"twitter:card\" content=\"summary_large_image\" \/>\n<meta name=\"twitter:label1\" content=\"Escrito por\" \/>\n\t<meta name=\"twitter:data1\" content=\"Paula Silva\" \/>\n\t<meta name=\"twitter:label2\" content=\"Est. tempo de leitura\" \/>\n\t<meta name=\"twitter:data2\" content=\"4 minutos\" \/>\n<script type=\"application\/ld+json\" class=\"yoast-schema-graph\">{\"@context\":\"https:\/\/schema.org\",\"@graph\":[{\"@type\":\"NewsArticle\",\"@id\":\"https:\/\/www.gaveanews.com\/index.php\/2024\/11\/13\/a-declaracao-de-filipe-luis-sobre-afastamento-de-gabigol\/#article\",\"isPartOf\":{\"@id\":\"https:\/\/www.gaveanews.com\/index.php\/2024\/11\/13\/a-declaracao-de-filipe-luis-sobre-afastamento-de-gabigol\/\"},\"author\":{\"name\":\"Paula Silva\",\"@id\":\"https:\/\/www.gaveanews.com\/#\/schema\/person\/daf63eec72e1164eb13dc35096c2b8da\"},\"headline\":\"A declara\u00e7\u00e3o de Filipe Lu\u00eds sobre afastamento de Gabigol\",\"datePublished\":\"2024-11-14T01:59:36+00:00\",\"dateModified\":\"2024-11-14T02:05:06+00:00\",\"mainEntityOfPage\":{\"@id\":\"https:\/\/www.gaveanews.com\/index.php\/2024\/11\/13\/a-declaracao-de-filipe-luis-sobre-afastamento-de-gabigol\/\"},\"wordCount\":598,\"commentCount\":0,\"image\":{\"@id\":\"https:\/\/www.gaveanews.com\/index.php\/2024\/11\/13\/a-declaracao-de-filipe-luis-sobre-afastamento-de-gabigol\/#primaryimage\"},\"thumbnailUrl\":\"https:\/\/www.gaveanews.com\/wp-content\/uploads\/Filipe-Luis-durante-jogo-entre-o-Flamengo-x-Bahia.webp\",\"articleSection\":[\"Flamengo\"],\"inLanguage\":\"pt-BR\",\"potentialAction\":[{\"@type\":\"CommentAction\",\"name\":\"Comment\",\"target\":[\"https:\/\/www.gaveanews.com\/index.php\/2024\/11\/13\/a-declaracao-de-filipe-luis-sobre-afastamento-de-gabigol\/#respond\"]}],\"copyrightYear\":\"2024\",\"copyrightHolder\":{\"@id\":\"https:\/\/www.gaveanews.com\/#organization\"}},{\"@type\":\"WebPage\",\"@id\":\"https:\/\/www.gaveanews.com\/index.php\/2024\/11\/13\/a-declaracao-de-filipe-luis-sobre-afastamento-de-gabigol\/\",\"url\":\"https:\/\/www.gaveanews.com\/index.php\/2024\/11\/13\/a-declaracao-de-filipe-luis-sobre-afastamento-de-gabigol\/\",\"name\":\"A declara\u00e7\u00e3o de Filipe Lu\u00eds sobre afastamento de Gabigol\",\"isPartOf\":{\"@id\":\"https:\/\/www.gaveanews.com\/#website\"},\"primaryImageOfPage\":{\"@id\":\"https:\/\/www.gaveanews.com\/index.php\/2024\/11\/13\/a-declaracao-de-filipe-luis-sobre-afastamento-de-gabigol\/#primaryimage\"},\"image\":{\"@id\":\"https:\/\/www.gaveanews.com\/index.php\/2024\/11\/13\/a-declaracao-de-filipe-luis-sobre-afastamento-de-gabigol\/#primaryimage\"},\"thumbnailUrl\":\"https:\/\/www.gaveanews.com\/wp-content\/uploads\/Filipe-Luis-durante-jogo-entre-o-Flamengo-x-Bahia.webp\",\"datePublished\":\"2024-11-14T01:59:36+00:00\",\"dateModified\":\"2024-11-14T02:05:06+00:00\",\"author\":{\"@id\":\"https:\/\/www.gaveanews.com\/#\/schema\/person\/daf63eec72e1164eb13dc35096c2b8da\"},\"breadcrumb\":{\"@id\":\"https:\/\/www.gaveanews.com\/index.php\/2024\/11\/13\/a-declaracao-de-filipe-luis-sobre-afastamento-de-gabigol\/#breadcrumb\"},\"inLanguage\":\"pt-BR\",\"potentialAction\":[{\"@type\":\"ReadAction\",\"target\":[\"https:\/\/www.gaveanews.com\/index.php\/2024\/11\/13\/a-declaracao-de-filipe-luis-sobre-afastamento-de-gabigol\/\"]}]},{\"@type\":\"ImageObject\",\"inLanguage\":\"pt-BR\",\"@id\":\"https:\/\/www.gaveanews.com\/index.php\/2024\/11\/13\/a-declaracao-de-filipe-luis-sobre-afastamento-de-gabigol\/#primaryimage\",\"url\":\"https:\/\/www.gaveanews.com\/wp-content\/uploads\/Filipe-Luis-durante-jogo-entre-o-Flamengo-x-Bahia.webp\",\"contentUrl\":\"https:\/\/www.gaveanews.com\/wp-content\/uploads\/Filipe-Luis-durante-jogo-entre-o-Flamengo-x-Bahia.webp\",\"width\":342,\"height\":338,\"caption\":\"Filipe Lu\u00eds durante jogo entre o Flamengo x Bahia (Foto: Gilvan de Souza\/CRF)\"},{\"@type\":\"BreadcrumbList\",\"@id\":\"https:\/\/www.gaveanews.com\/index.php\/2024\/11\/13\/a-declaracao-de-filipe-luis-sobre-afastamento-de-gabigol\/#breadcrumb\",\"itemListElement\":[{\"@type\":\"ListItem\",\"position\":1,\"name\":\"Home\",\"item\":\"https:\/\/www.gaveanews.com\/\"},{\"@type\":\"ListItem\",\"position\":2,\"name\":\"A declara\u00e7\u00e3o de Filipe Lu\u00eds sobre afastamento de Gabigol\"}]},{\"@type\":\"WebSite\",\"@id\":\"https:\/\/www.gaveanews.com\/#website\",\"url\":\"https:\/\/www.gaveanews.com\/\",\"name\":\"G\u00e1vea News\",\"description\":\"Veja todas as not\u00edcias sobre o Flamengo: Contrata\u00e7\u00f5es, categorias de base, resultados das partidas, tabela de classifica\u00e7\u00e3o, pr\u00f3ximos jogos!\",\"potentialAction\":[{\"@type\":\"SearchAction\",\"target\":{\"@type\":\"EntryPoint\",\"urlTemplate\":\"https:\/\/www.gaveanews.com\/?s={search_term_string}\"},\"query-input\":{\"@type\":\"PropertyValueSpecification\",\"valueRequired\":true,\"valueName\":\"search_term_string\"}}],\"inLanguage\":\"pt-BR\"},{\"@type\":\"Person\",\"@id\":\"https:\/\/www.gaveanews.com\/#\/schema\/person\/daf63eec72e1164eb13dc35096c2b8da\",\"name\":\"Paula Silva\",\"image\":{\"@type\":\"ImageObject\",\"inLanguage\":\"pt-BR\",\"@id\":\"https:\/\/www.gaveanews.com\/#\/schema\/person\/image\/\",\"url\":\"https:\/\/secure.gravatar.com\/avatar\/eda381c845527cc5d64c13b901833cda29d97500ba040d3e6461f76f51d163bb?s=96&d=mm&r=g\",\"contentUrl\":\"https:\/\/secure.gravatar.com\/avatar\/eda381c845527cc5d64c13b901833cda29d97500ba040d3e6461f76f51d163bb?s=96&d=mm&r=g\",\"caption\":\"Paula Silva\"}}]}<\/script>\n<!-- \/ Yoast SEO Premium plugin. -->","yoast_head_json":{"title":"A declara\u00e7\u00e3o de Filipe Lu\u00eds sobre afastamento de Gabigol","robots":{"index":"index","follow":"follow","max-snippet":"max-snippet:-1","max-image-preview":"max-image-preview:large","max-video-preview":"max-video-preview:-1"},"canonical":"https:\/\/www.gaveanews.com\/index.php\/2024\/11\/13\/a-declaracao-de-filipe-luis-sobre-afastamento-de-gabigol\/","og_locale":"pt_BR","og_type":"article","og_title":"A declara\u00e7\u00e3o de Filipe Lu\u00eds sobre afastamento de Gabigol","og_description":"Nesta quarta-feira (13), o Flamengo recebeu o Atl\u00e9tico-MG, no Maracan\u00e3, para a disputa de um jogo v\u00e1lido pela 33\u00aa rodada do Campeonato Brasileiro. A partida marcou o reencontro das equipe p\u00f3s final da Copa do Brasil e terminou em 0 a 0, mas o grande foco das aten\u00e7\u00f5es foi um motivo extracampo: o afastamento de [&hellip;]","og_url":"https:\/\/www.gaveanews.com\/index.php\/2024\/11\/13\/a-declaracao-de-filipe-luis-sobre-afastamento-de-gabigol\/","og_site_name":"G\u00e1vea News","article_publisher":"https:\/\/facebook.com\/gaveaNews\/","article_published_time":"2024-11-14T01:59:36+00:00","article_modified_time":"2024-11-14T02:05:06+00:00","og_image":[{"width":342,"height":338,"url":"https:\/\/www.gaveanews.com\/wp-content\/uploads\/Filipe-Luis-durante-jogo-entre-o-Flamengo-x-Bahia.webp","type":"image\/jpeg"}],"author":"Paula Silva","twitter_card":"summary_large_image","twitter_misc":{"Escrito por":"Paula Silva","Est. tempo de leitura":"4 minutos"},"schema":{"@context":"https:\/\/schema.org","@graph":[{"@type":"NewsArticle","@id":"https:\/\/www.gaveanews.com\/index.php\/2024\/11\/13\/a-declaracao-de-filipe-luis-sobre-afastamento-de-gabigol\/#article","isPartOf":{"@id":"https:\/\/www.gaveanews.com\/index.php\/2024\/11\/13\/a-declaracao-de-filipe-luis-sobre-afastamento-de-gabigol\/"},"author":{"name":"Paula Silva","@id":"https:\/\/www.gaveanews.com\/#\/schema\/person\/daf63eec72e1164eb13dc35096c2b8da"},"headline":"A declara\u00e7\u00e3o de Filipe Lu\u00eds sobre afastamento de Gabigol","datePublished":"2024-11-14T01:59:36+00:00","dateModified":"2024-11-14T02:05:06+00:00","mainEntityOfPage":{"@id":"https:\/\/www.gaveanews.com\/index.php\/2024\/11\/13\/a-declaracao-de-filipe-luis-sobre-afastamento-de-gabigol\/"},"wordCount":598,"commentCount":0,"image":{"@id":"https:\/\/www.gaveanews.com\/index.php\/2024\/11\/13\/a-declaracao-de-filipe-luis-sobre-afastamento-de-gabigol\/#primaryimage"},"thumbnailUrl":"https:\/\/www.gaveanews.com\/wp-content\/uploads\/Filipe-Luis-durante-jogo-entre-o-Flamengo-x-Bahia.webp","articleSection":["Flamengo"],"inLanguage":"pt-BR","potentialAction":[{"@type":"CommentAction","name":"Comment","target":["https:\/\/www.gaveanews.com\/index.php\/2024\/11\/13\/a-declaracao-de-filipe-luis-sobre-afastamento-de-gabigol\/#respond"]}],"copyrightYear":"2024","copyrightHolder":{"@id":"https:\/\/www.gaveanews.com\/#organization"}},{"@type":"WebPage","@id":"https:\/\/www.gaveanews.com\/index.php\/2024\/11\/13\/a-declaracao-de-filipe-luis-sobre-afastamento-de-gabigol\/","url":"https:\/\/www.gaveanews.com\/index.php\/2024\/11\/13\/a-declaracao-de-filipe-luis-sobre-afastamento-de-gabigol\/","name":"A declara\u00e7\u00e3o de Filipe Lu\u00eds sobre afastamento de Gabigol","isPartOf":{"@id":"https:\/\/www.gaveanews.com\/#website"},"primaryImageOfPage":{"@id":"https:\/\/www.gaveanews.com\/index.php\/2024\/11\/13\/a-declaracao-de-filipe-luis-sobre-afastamento-de-gabigol\/#primaryimage"},"image":{"@id":"https:\/\/www.gaveanews.com\/index.php\/2024\/11\/13\/a-declaracao-de-filipe-luis-sobre-afastamento-de-gabigol\/#primaryimage"},"thumbnailUrl":"https:\/\/www.gaveanews.com\/wp-content\/uploads\/Filipe-Luis-durante-jogo-entre-o-Flamengo-x-Bahia.webp","datePublished":"2024-11-14T01:59:36+00:00","dateModified":"2024-11-14T02:05:06+00:00","author":{"@id":"https:\/\/www.gaveanews.com\/#\/schema\/person\/daf63eec72e1164eb13dc35096c2b8da"},"breadcrumb":{"@id":"https:\/\/www.gaveanews.com\/index.php\/2024\/11\/13\/a-declaracao-de-filipe-luis-sobre-afastamento-de-gabigol\/#breadcrumb"},"inLanguage":"pt-BR","potentialAction":[{"@type":"ReadAction","target":["https:\/\/www.gaveanews.com\/index.php\/2024\/11\/13\/a-declaracao-de-filipe-luis-sobre-afastamento-de-gabigol\/"]}]},{"@type":"ImageObject","inLanguage":"pt-BR","@id":"https:\/\/www.gaveanews.com\/index.php\/2024\/11\/13\/a-declaracao-de-filipe-luis-sobre-afastamento-de-gabigol\/#primaryimage","url":"https:\/\/www.gaveanews.com\/wp-content\/uploads\/Filipe-Luis-durante-jogo-entre-o-Flamengo-x-Bahia.webp","contentUrl":"https:\/\/www.gaveanews.com\/wp-content\/uploads\/Filipe-Luis-durante-jogo-entre-o-Flamengo-x-Bahia.webp","width":342,"height":338,"caption":"Filipe Lu\u00eds durante jogo entre o Flamengo x Bahia (Foto: Gilvan de Souza\/CRF)"},{"@type":"BreadcrumbList","@id":"https:\/\/www.gaveanews.com\/index.php\/2024\/11\/13\/a-declaracao-de-filipe-luis-sobre-afastamento-de-gabigol\/#breadcrumb","itemListElement":[{"@type":"ListItem","position":1,"name":"Home","item":"https:\/\/www.gaveanews.com\/"},{"@type":"ListItem","position":2,"name":"A declara\u00e7\u00e3o de Filipe Lu\u00eds sobre afastamento de Gabigol"}]},{"@type":"WebSite","@id":"https:\/\/www.gaveanews.com\/#website","url":"https:\/\/www.gaveanews.com\/","name":"G\u00e1vea News","description":"Veja todas as not\u00edcias sobre o Flamengo: Contrata\u00e7\u00f5es, categorias de base, resultados das partidas, tabela de classifica\u00e7\u00e3o, pr\u00f3ximos jogos!","potentialAction":[{"@type":"SearchAction","target":{"@type":"EntryPoint","urlTemplate":"https:\/\/www.gaveanews.com\/?s={search_term_string}"},"query-input":{"@type":"PropertyValueSpecification","valueRequired":true,"valueName":"search_term_string"}}],"inLanguage":"pt-BR"},{"@type":"Person","@id":"https:\/\/www.gaveanews.com\/#\/schema\/person\/daf63eec72e1164eb13dc35096c2b8da","name":"Paula Silva","image":{"@type":"ImageObject","inLanguage":"pt-BR","@id":"https:\/\/www.gaveanews.com\/#\/schema\/person\/image\/","url":"https:\/\/secure.gravatar.com\/avatar\/eda381c845527cc5d64c13b901833cda29d97500ba040d3e6461f76f51d163bb?s=96&d=mm&r=g","contentUrl":"https:\/\/secure.gravatar.com\/avatar\/eda381c845527cc5d64c13b901833cda29d97500ba040d3e6461f76f51d163bb?s=96&d=mm&r=g","caption":"Paula Silva"}}]}},"_links":{"self":[{"href":"https:\/\/www.gaveanews.com\/index.php\/wp-json\/wp\/v2\/posts\/185103","targetHints":{"allow":["GET"]}}],"collection":[{"href":"https:\/\/www.gaveanews.com\/index.php\/wp-json\/wp\/v2\/posts"}],"about":[{"href":"https:\/\/www.gaveanews.com\/index.php\/wp-json\/wp\/v2\/types\/post"}],"author":[{"embeddable":true,"href":"https:\/\/www.gaveanews.com\/index.php\/wp-json\/wp\/v2\/users\/18"}],"replies":[{"embeddable":true,"href":"https:\/\/www.gaveanews.com\/index.php\/wp-json\/wp\/v2\/comments?post=185103"}],"version-history":[{"count":2,"href":"https:\/\/www.gaveanews.com\/index.php\/wp-json\/wp\/v2\/posts\/185103\/revisions"}],"predecessor-version":[{"id":185109,"href":"https:\/\/www.gaveanews.com\/index.php\/wp-json\/wp\/v2\/posts\/185103\/revisions\/185109"}],"wp:featuredmedia":[{"embeddable":true,"href":"https:\/\/www.gaveanews.com\/index.php\/wp-json\/wp\/v2\/media\/171957"}],"wp:attachment":[{"href":"https:\/\/www.gaveanews.com\/index.php\/wp-json\/wp\/v2\/media?parent=185103"}],"wp:term":[{"taxonomy":"category","embeddable":true,"href":"https:\/\/www.gaveanews.com\/index.php\/wp-json\/wp\/v2\/categories?post=185103"},{"taxonomy":"post_tag","embeddable":true,"href":"https:\/\/www.gaveanews.com\/index.php\/wp-json\/wp\/v2\/tags?post=185103"}],"curies":[{"name":"wp","href":"https:\/\/api.w.org\/{rel}","templated":true}]}}