{"id":185115,"date":"2024-11-14T04:05:00","date_gmt":"2024-11-14T07:05:00","guid":{"rendered":"https:\/\/www.gaveanews.com\/?p=185115"},"modified":"2024-11-14T01:40:00","modified_gmt":"2024-11-14T04:40:00","slug":"futuro-de-almada-declaracao-de-lucas-e-premiacao-milionaria-as-ultimas-noticias-do-botafogo","status":"publish","type":"post","link":"https:\/\/www.gaveanews.com\/index.php\/2024\/11\/14\/futuro-de-almada-declaracao-de-lucas-e-premiacao-milionaria-as-ultimas-noticias-do-botafogo\/","title":{"rendered":"Futuro de Almada, declara\u00e7\u00e3o de Lucas e premia\u00e7\u00e3o milion\u00e1ria: as \u00faltimas not\u00edcias do Botafogo"},"content":{"rendered":"\n<p>Nas \u00faltimas horas, o foco das not\u00edcias sobre o Botafogo se concentram nos bastidores do clube, com destaques como a declara\u00e7\u00e3o de Lucas e premia\u00e7\u00e3o milion\u00e1ria.<\/p>\n\n\n\n<p>Por conta deste contexto, leia abaixo um resumo preparado pela equipe do portal G\u00e1vea News para lhe manter muito bem informado!<\/p>\n\n\n\n<h2 class=\"wp-block-heading\" id=\"h-premiacao-milionaria\">Premia\u00e7\u00e3o milion\u00e1ria<\/h2>\n\n\n\n<p>Na reta final do Campeonato Brasileiro de 2024, o Botafogo lidera a disputa pelo t\u00edtulo e pela premia\u00e7\u00e3o milion\u00e1ria de R$ 48,6 milh\u00f5es destinada ao primeiro colocado, seguido de perto pelo Palmeiras. No total, a Globo ir\u00e1 distribuir R$ 481,6 milh\u00f5es entre os 16 primeiros da competi\u00e7\u00e3o, com a premia\u00e7\u00e3o variando entre R$ 48,6 milh\u00f5es para o campe\u00e3o e R$ 16,3 milh\u00f5es para o \u00faltimo time que evitar o rebaixamento. <strong><a href=\"https:\/\/www.gaveanews.com\/index.php\/2024\/11\/13\/caminhao-de-dinheiro-botafogo-e-palmeiras-disputam-premiacao-milionaria-no-brasileirao\/\">(leia a mat\u00e9ria completa)<\/a><\/strong><\/p>\n\n\n\n<figure class=\"wp-block-image size-full\"><img loading=\"lazy\" decoding=\"async\" width=\"690\" height=\"470\" src=\"https:\/\/www.gaveanews.com\/wp-content\/uploads\/taca-brasileiro-.webp\" alt=\"\" class=\"wp-image-114117\" srcset=\"https:\/\/www.gaveanews.com\/wp-content\/uploads\/taca-brasileiro-.webp 690w, https:\/\/www.gaveanews.com\/wp-content\/uploads\/taca-brasileiro--300x204.webp 300w, https:\/\/www.gaveanews.com\/wp-content\/uploads\/taca-brasileiro--617x420.webp 617w, https:\/\/www.gaveanews.com\/wp-content\/uploads\/taca-brasileiro--640x436.webp 640w, https:\/\/www.gaveanews.com\/wp-content\/uploads\/taca-brasileiro--681x464.webp 681w, https:\/\/www.gaveanews.com\/wp-content\/uploads\/taca-brasileiro--100x68.webp 100w\" sizes=\"auto, (max-width: 690px) 100vw, 690px\" \/><\/figure>\n\n\n\n<p>Al\u00e9m do t\u00edtulo nacional, o Botafogo est\u00e1 prestes a disputar a final da Copa Libertadores, onde tamb\u00e9m est\u00e3o em jogo pr\u00eamios substanciais. A fase de grupos da Libertadores oferece R$ 15 milh\u00f5es, com b\u00f4nus de R$ 1,66 milh\u00e3o por vit\u00f3ria. Nas etapas seguintes, os valores aumentam, atingindo R$ 35,2 milh\u00f5es para o vice-campe\u00e3o e R$ 115,7 milh\u00f5es para o campe\u00e3o, somando-se \u00e0s poss\u00edveis conquistas no Brasileir\u00e3o.<\/p>\n\n\n\n<p>A disputa financeira entre Botafogo e Palmeiras reflete a import\u00e2ncia de um bom posicionamento no Brasileir\u00e3o, que, al\u00e9m de garantir uma premia\u00e7\u00e3o robusta, tamb\u00e9m refor\u00e7a a proje\u00e7\u00e3o internacional dos clubes na Libertadores. Essas cifras ilustram o impacto financeiro das competi\u00e7\u00f5es para os times e seu potencial de impulsionar investimentos e contrata\u00e7\u00f5es nas pr\u00f3ximas temporadas.<\/p>\n\n\n\n<h2 class=\"wp-block-heading\" id=\"h-declaracao-de-lucas\">Declara\u00e7\u00e3o de Lucas<\/h2>\n\n\n\n<p>Lucas Moura, atacante do S\u00e3o Paulo, teceu elogios a dois jovens talentos do futebol brasileiro: Est\u00eav\u00e3o, do Palmeiras, e Luiz Henrique, do Botafogo. Em entrevista ao Charla Podcast, Lucas descreveu Est\u00eav\u00e3o como um jogador extremamente promissor, comparando-o ao talento de Vinicius Junior. J\u00e1 sobre Luiz Henrique, destacou suas qualidades f\u00edsicas e t\u00e9cnicas, elogiando sua habilidade no drible e impon\u00eancia em campo, caracter\u00edsticas que o impressionaram tanto em confrontos no Campeonato Brasileiro quanto na Sele\u00e7\u00e3o. <strong><a href=\"https:\/\/www.gaveanews.com\/index.php\/2024\/11\/13\/estevao-x-luiz-henrique-a-declaracao-de-lucas-moura-do-sao-paulo\/\">(leia a mat\u00e9ria completa)<\/a><\/strong><\/p>\n\n\n\n<figure class=\"wp-block-image size-large\"><img loading=\"lazy\" decoding=\"async\" width=\"820\" height=\"1024\" src=\"https:\/\/www.gaveanews.com\/wp-content\/uploads\/Lucas-Moura-corre-e-vibra-apos-marcar-um-gol-pelo-Sao-Paulo-no-estadio-do-Morumbi-820x1024.webp\" alt=\"\" class=\"wp-image-157849\" srcset=\"https:\/\/www.gaveanews.com\/wp-content\/uploads\/Lucas-Moura-corre-e-vibra-apos-marcar-um-gol-pelo-Sao-Paulo-no-estadio-do-Morumbi-820x1024.webp 820w, https:\/\/www.gaveanews.com\/wp-content\/uploads\/Lucas-Moura-corre-e-vibra-apos-marcar-um-gol-pelo-Sao-Paulo-no-estadio-do-Morumbi-240x300.webp 240w, https:\/\/www.gaveanews.com\/wp-content\/uploads\/Lucas-Moura-corre-e-vibra-apos-marcar-um-gol-pelo-Sao-Paulo-no-estadio-do-Morumbi-768x960.webp 768w, https:\/\/www.gaveanews.com\/wp-content\/uploads\/Lucas-Moura-corre-e-vibra-apos-marcar-um-gol-pelo-Sao-Paulo-no-estadio-do-Morumbi-336x420.webp 336w, https:\/\/www.gaveanews.com\/wp-content\/uploads\/Lucas-Moura-corre-e-vibra-apos-marcar-um-gol-pelo-Sao-Paulo-no-estadio-do-Morumbi-672x840.webp 672w, https:\/\/www.gaveanews.com\/wp-content\/uploads\/Lucas-Moura-corre-e-vibra-apos-marcar-um-gol-pelo-Sao-Paulo-no-estadio-do-Morumbi-640x800.webp 640w, https:\/\/www.gaveanews.com\/wp-content\/uploads\/Lucas-Moura-corre-e-vibra-apos-marcar-um-gol-pelo-Sao-Paulo-no-estadio-do-Morumbi-681x851.webp 681w, https:\/\/www.gaveanews.com\/wp-content\/uploads\/Lucas-Moura-corre-e-vibra-apos-marcar-um-gol-pelo-Sao-Paulo-no-estadio-do-Morumbi-100x125.webp 100w, https:\/\/www.gaveanews.com\/wp-content\/uploads\/Lucas-Moura-corre-e-vibra-apos-marcar-um-gol-pelo-Sao-Paulo-no-estadio-do-Morumbi.webp 1066w\" sizes=\"auto, (max-width: 820px) 100vw, 820px\" \/><figcaption class=\"wp-element-caption\">Lucas Moura corre e vibra ap\u00f3s marcar um gol pelo S\u00e3o Paulo no est\u00e1dio do Morumbi (Foto: Reprodu\u00e7\u00e3o\/Instagram)<\/figcaption><\/figure>\n\n\n\n<p>Est\u00eav\u00e3o, uma das promessas do Palmeiras, recentemente assinou com o Chelsea, explicando que optou pelo clube ingl\u00eas devido ao projeto de desenvolvimento oferecido, apesar do interesse de outras pot\u00eancias como o Barcelona. <\/p>\n\n\n\n<p>F\u00e3 do Bar\u00e7a desde crian\u00e7a, ele revelou que a estrutura de forma\u00e7\u00e3o e a abordagem do Chelsea para desenvolver jovens talentos foram determinantes para sua escolha. A decis\u00e3o foi pautada no desejo de evoluir em um ambiente prop\u00edcio ao aprimoramento de seu futebol.<\/p>\n\n\n\n<p>O jovem enfatizou que seu v\u00ednculo com o Chelsea j\u00e1 existia antes da negocia\u00e7\u00e3o, pois acompanha o clube h\u00e1 algum tempo. Para ele, o projeto ingl\u00eas se alinha com suas ambi\u00e7\u00f5es de carreira, oferecendo um espa\u00e7o ideal para crescimento e destaque. Essa escolha reflete a confian\u00e7a de Est\u00eav\u00e3o no planejamento e no compromisso do Chelsea com o sucesso de seus jovens jogadores.<\/p>\n\n\n\n<h2 class=\"wp-block-heading\" id=\"h-futuro-de-almada\">Futuro de Almada<\/h2>\n\n\n\n<p>John Textor, propriet\u00e1rio do Botafogo, comentou sobre o futuro de Thiago Almada no clube, destacando que o argentino, inicialmente visto como um potencial refor\u00e7o para o Lyon, tem demonstrado um grande desempenho e adaptabilidade ao futebol brasileiro. Almada rapidamente se tornou um dos principais nomes do Botafogo, e Textor revelou que o jogador expressou desejo de conquistar t\u00edtulos no Brasil antes de uma poss\u00edvel ida \u00e0 Europa. Textor enfatizou que, apesar de seus planos iniciais, a perman\u00eancia de Almada est\u00e1 alinhada com o ambiente favor\u00e1vel que o atleta encontrou no clube carioca. <strong><a href=\"https:\/\/www.gaveanews.com\/index.php\/2024\/11\/13\/a-declaracao-de-john-textor-sobre-o-futuro-de-almada-do-botafogo\/\">(leia a mat\u00e9ria completa)<\/a><\/strong><\/p>\n\n\n\n<figure class=\"wp-block-image size-full\"><img loading=\"lazy\" decoding=\"async\" width=\"984\" height=\"656\" src=\"https:\/\/www.gaveanews.com\/wp-content\/uploads\/Thiago-Almada-e-apresentado-pelo-Botafogo.webp\" alt=\"\" class=\"wp-image-168201\" srcset=\"https:\/\/www.gaveanews.com\/wp-content\/uploads\/Thiago-Almada-e-apresentado-pelo-Botafogo.webp 984w, https:\/\/www.gaveanews.com\/wp-content\/uploads\/Thiago-Almada-e-apresentado-pelo-Botafogo-300x200.webp 300w, https:\/\/www.gaveanews.com\/wp-content\/uploads\/Thiago-Almada-e-apresentado-pelo-Botafogo-768x512.webp 768w, https:\/\/www.gaveanews.com\/wp-content\/uploads\/Thiago-Almada-e-apresentado-pelo-Botafogo-630x420.webp 630w, https:\/\/www.gaveanews.com\/wp-content\/uploads\/Thiago-Almada-e-apresentado-pelo-Botafogo-640x427.webp 640w, https:\/\/www.gaveanews.com\/wp-content\/uploads\/Thiago-Almada-e-apresentado-pelo-Botafogo-681x454.webp 681w, https:\/\/www.gaveanews.com\/wp-content\/uploads\/Thiago-Almada-e-apresentado-pelo-Botafogo-100x67.webp 100w\" sizes=\"auto, (max-width: 984px) 100vw, 984px\" \/><figcaption class=\"wp-element-caption\">Thiago Almada \u00e9 apresentado pelo Botafogo (Foto: Vitor Silva\/Botafogo)<\/figcaption><\/figure>\n\n\n\n<p>Textor relatou que conheceu Almada atrav\u00e9s de indica\u00e7\u00f5es e analisou cuidadosamente suas habilidades antes de traz\u00ea-lo ao Botafogo. Ele confessou ter certas reservas em rela\u00e7\u00e3o \u00e0 liga americana (MLS), onde Almada jogava, mas foi convencido pelo talento excepcional do jogador. Desde a contrata\u00e7\u00e3o, Almada tem demonstrado um comprometimento com o projeto do Botafogo, com foco em contribuir para o sucesso do clube e aproveitar a proximidade com sua fam\u00edlia no Brasil.<\/p>\n\n\n\n<p>Ainda que uma transfer\u00eancia para o futebol europeu permane\u00e7a uma possibilidade futura, Almada planeja aproveitar o momento no Botafogo, onde se sente valorizado e motivado a alcan\u00e7ar novos trof\u00e9us. A continuidade de Almada no clube evidencia o empenho de Textor em fortalecer o elenco, proporcionando ao jogador um ambiente competitivo e est\u00e1vel que apoia suas ambi\u00e7\u00f5es profissionais.<\/p>\n","protected":false},"excerpt":{"rendered":"<p>Nas \u00faltimas horas, o foco das not\u00edcias sobre o Botafogo se concentram nos bastidores do clube, com destaques como a declara\u00e7\u00e3o de Lucas e premia\u00e7\u00e3o milion\u00e1ria. Por conta deste contexto, leia abaixo um resumo preparado pela equipe do portal G\u00e1vea News para lhe manter muito bem informado! Premia\u00e7\u00e3o milion\u00e1ria Na reta final do Campeonato Brasileiro [&hellip;]<\/p>\n","protected":false},"author":27,"featured_media":120619,"comment_status":"open","ping_status":"closed","sticky":false,"template":"","format":"standard","meta":{"footnotes":""},"categories":[138],"tags":[],"class_list":["post-185115","post","type-post","status-publish","format-standard","has-post-thumbnail","hentry","category-botafogo"],"yoast_head":"<!-- This site is optimized with the Yoast SEO Premium plugin v24.2 (Yoast SEO v26.9) - https:\/\/yoast.com\/product\/yoast-seo-premium-wordpress\/ -->\n<title>Futuro de Almada, declara\u00e7\u00e3o de Lucas e premia\u00e7\u00e3o milion\u00e1ria: as \u00faltimas not\u00edcias do Botafogo<\/title>\n<meta name=\"robots\" content=\"index, follow, max-snippet:-1, max-image-preview:large, max-video-preview:-1\" \/>\n<link rel=\"canonical\" href=\"https:\/\/www.gaveanews.com\/index.php\/2024\/11\/14\/futuro-de-almada-declaracao-de-lucas-e-premiacao-milionaria-as-ultimas-noticias-do-botafogo\/\" \/>\n<meta property=\"og:locale\" content=\"pt_BR\" \/>\n<meta property=\"og:type\" content=\"article\" \/>\n<meta property=\"og:title\" content=\"Futuro de Almada, declara\u00e7\u00e3o de Lucas e premia\u00e7\u00e3o milion\u00e1ria: as \u00faltimas not\u00edcias do Botafogo\" \/>\n<meta property=\"og:description\" content=\"Nas \u00faltimas horas, o foco das not\u00edcias sobre o Botafogo se concentram nos bastidores do clube, com destaques como a declara\u00e7\u00e3o de Lucas e premia\u00e7\u00e3o milion\u00e1ria. Por conta deste contexto, leia abaixo um resumo preparado pela equipe do portal G\u00e1vea News para lhe manter muito bem informado! Premia\u00e7\u00e3o milion\u00e1ria Na reta final do Campeonato Brasileiro [&hellip;]\" \/>\n<meta property=\"og:url\" content=\"https:\/\/www.gaveanews.com\/index.php\/2024\/11\/14\/futuro-de-almada-declaracao-de-lucas-e-premiacao-milionaria-as-ultimas-noticias-do-botafogo\/\" \/>\n<meta property=\"og:site_name\" content=\"G\u00e1vea News\" \/>\n<meta property=\"article:publisher\" content=\"https:\/\/facebook.com\/gaveaNews\/\" \/>\n<meta property=\"article:published_time\" content=\"2024-11-14T07:05:00+00:00\" \/>\n<meta property=\"og:image\" content=\"https:\/\/www.gaveanews.com\/wp-content\/uploads\/botafogoescudo.webp\" \/>\n\t<meta property=\"og:image:width\" content=\"900\" \/>\n\t<meta property=\"og:image:height\" content=\"600\" \/>\n\t<meta property=\"og:image:type\" content=\"image\/webp\" \/>\n<meta name=\"author\" content=\"Matheus Felipe\" \/>\n<meta name=\"twitter:card\" content=\"summary_large_image\" \/>\n<meta name=\"twitter:label1\" content=\"Escrito por\" \/>\n\t<meta name=\"twitter:data1\" content=\"Matheus Felipe\" \/>\n\t<meta name=\"twitter:label2\" content=\"Est. tempo de leitura\" \/>\n\t<meta name=\"twitter:data2\" content=\"5 minutos\" \/>\n<script type=\"application\/ld+json\" class=\"yoast-schema-graph\">{\"@context\":\"https:\/\/schema.org\",\"@graph\":[{\"@type\":\"NewsArticle\",\"@id\":\"https:\/\/www.gaveanews.com\/index.php\/2024\/11\/14\/futuro-de-almada-declaracao-de-lucas-e-premiacao-milionaria-as-ultimas-noticias-do-botafogo\/#article\",\"isPartOf\":{\"@id\":\"https:\/\/www.gaveanews.com\/index.php\/2024\/11\/14\/futuro-de-almada-declaracao-de-lucas-e-premiacao-milionaria-as-ultimas-noticias-do-botafogo\/\"},\"author\":{\"name\":\"Matheus Felipe\",\"@id\":\"https:\/\/www.gaveanews.com\/#\/schema\/person\/8207cd4627f56151707418bfc835b2fb\"},\"headline\":\"Futuro de Almada, declara\u00e7\u00e3o de Lucas e premia\u00e7\u00e3o milion\u00e1ria: as \u00faltimas not\u00edcias do Botafogo\",\"datePublished\":\"2024-11-14T07:05:00+00:00\",\"mainEntityOfPage\":{\"@id\":\"https:\/\/www.gaveanews.com\/index.php\/2024\/11\/14\/futuro-de-almada-declaracao-de-lucas-e-premiacao-milionaria-as-ultimas-noticias-do-botafogo\/\"},\"wordCount\":817,\"commentCount\":0,\"image\":{\"@id\":\"https:\/\/www.gaveanews.com\/index.php\/2024\/11\/14\/futuro-de-almada-declaracao-de-lucas-e-premiacao-milionaria-as-ultimas-noticias-do-botafogo\/#primaryimage\"},\"thumbnailUrl\":\"https:\/\/www.gaveanews.com\/wp-content\/uploads\/botafogoescudo.webp\",\"articleSection\":[\"Botafogo\"],\"inLanguage\":\"pt-BR\",\"potentialAction\":[{\"@type\":\"CommentAction\",\"name\":\"Comment\",\"target\":[\"https:\/\/www.gaveanews.com\/index.php\/2024\/11\/14\/futuro-de-almada-declaracao-de-lucas-e-premiacao-milionaria-as-ultimas-noticias-do-botafogo\/#respond\"]}],\"copyrightYear\":\"2024\",\"copyrightHolder\":{\"@id\":\"https:\/\/www.gaveanews.com\/#organization\"}},{\"@type\":\"WebPage\",\"@id\":\"https:\/\/www.gaveanews.com\/index.php\/2024\/11\/14\/futuro-de-almada-declaracao-de-lucas-e-premiacao-milionaria-as-ultimas-noticias-do-botafogo\/\",\"url\":\"https:\/\/www.gaveanews.com\/index.php\/2024\/11\/14\/futuro-de-almada-declaracao-de-lucas-e-premiacao-milionaria-as-ultimas-noticias-do-botafogo\/\",\"name\":\"Futuro de Almada, declara\u00e7\u00e3o de Lucas e premia\u00e7\u00e3o milion\u00e1ria: as \u00faltimas not\u00edcias do Botafogo\",\"isPartOf\":{\"@id\":\"https:\/\/www.gaveanews.com\/#website\"},\"primaryImageOfPage\":{\"@id\":\"https:\/\/www.gaveanews.com\/index.php\/2024\/11\/14\/futuro-de-almada-declaracao-de-lucas-e-premiacao-milionaria-as-ultimas-noticias-do-botafogo\/#primaryimage\"},\"image\":{\"@id\":\"https:\/\/www.gaveanews.com\/index.php\/2024\/11\/14\/futuro-de-almada-declaracao-de-lucas-e-premiacao-milionaria-as-ultimas-noticias-do-botafogo\/#primaryimage\"},\"thumbnailUrl\":\"https:\/\/www.gaveanews.com\/wp-content\/uploads\/botafogoescudo.webp\",\"datePublished\":\"2024-11-14T07:05:00+00:00\",\"author\":{\"@id\":\"https:\/\/www.gaveanews.com\/#\/schema\/person\/8207cd4627f56151707418bfc835b2fb\"},\"breadcrumb\":{\"@id\":\"https:\/\/www.gaveanews.com\/index.php\/2024\/11\/14\/futuro-de-almada-declaracao-de-lucas-e-premiacao-milionaria-as-ultimas-noticias-do-botafogo\/#breadcrumb\"},\"inLanguage\":\"pt-BR\",\"potentialAction\":[{\"@type\":\"ReadAction\",\"target\":[\"https:\/\/www.gaveanews.com\/index.php\/2024\/11\/14\/futuro-de-almada-declaracao-de-lucas-e-premiacao-milionaria-as-ultimas-noticias-do-botafogo\/\"]}]},{\"@type\":\"ImageObject\",\"inLanguage\":\"pt-BR\",\"@id\":\"https:\/\/www.gaveanews.com\/index.php\/2024\/11\/14\/futuro-de-almada-declaracao-de-lucas-e-premiacao-milionaria-as-ultimas-noticias-do-botafogo\/#primaryimage\",\"url\":\"https:\/\/www.gaveanews.com\/wp-content\/uploads\/botafogoescudo.webp\",\"contentUrl\":\"https:\/\/www.gaveanews.com\/wp-content\/uploads\/botafogoescudo.webp\",\"width\":900,\"height\":600,\"caption\":\"Escudo do Botafogo (Foto: Reprodu\u00e7\u00e3o)\"},{\"@type\":\"BreadcrumbList\",\"@id\":\"https:\/\/www.gaveanews.com\/index.php\/2024\/11\/14\/futuro-de-almada-declaracao-de-lucas-e-premiacao-milionaria-as-ultimas-noticias-do-botafogo\/#breadcrumb\",\"itemListElement\":[{\"@type\":\"ListItem\",\"position\":1,\"name\":\"Home\",\"item\":\"https:\/\/www.gaveanews.com\/\"},{\"@type\":\"ListItem\",\"position\":2,\"name\":\"Futuro de Almada, declara\u00e7\u00e3o de Lucas e premia\u00e7\u00e3o milion\u00e1ria: as \u00faltimas not\u00edcias do Botafogo\"}]},{\"@type\":\"WebSite\",\"@id\":\"https:\/\/www.gaveanews.com\/#website\",\"url\":\"https:\/\/www.gaveanews.com\/\",\"name\":\"G\u00e1vea News\",\"description\":\"Veja todas as not\u00edcias sobre o Flamengo: Contrata\u00e7\u00f5es, categorias de base, resultados das partidas, tabela de classifica\u00e7\u00e3o, pr\u00f3ximos jogos!\",\"potentialAction\":[{\"@type\":\"SearchAction\",\"target\":{\"@type\":\"EntryPoint\",\"urlTemplate\":\"https:\/\/www.gaveanews.com\/?s={search_term_string}\"},\"query-input\":{\"@type\":\"PropertyValueSpecification\",\"valueRequired\":true,\"valueName\":\"search_term_string\"}}],\"inLanguage\":\"pt-BR\"},{\"@type\":\"Person\",\"@id\":\"https:\/\/www.gaveanews.com\/#\/schema\/person\/8207cd4627f56151707418bfc835b2fb\",\"name\":\"Matheus Felipe\",\"image\":{\"@type\":\"ImageObject\",\"inLanguage\":\"pt-BR\",\"@id\":\"https:\/\/www.gaveanews.com\/#\/schema\/person\/image\/\",\"url\":\"https:\/\/secure.gravatar.com\/avatar\/a452ffbed9130f726358b298bb3a99ce4bd3c5338411f8440e87e14d74c7c087?s=96&d=mm&r=g\",\"contentUrl\":\"https:\/\/secure.gravatar.com\/avatar\/a452ffbed9130f726358b298bb3a99ce4bd3c5338411f8440e87e14d74c7c087?s=96&d=mm&r=g\",\"caption\":\"Matheus Felipe\"}}]}<\/script>\n<!-- \/ Yoast SEO Premium plugin. -->","yoast_head_json":{"title":"Futuro de Almada, declara\u00e7\u00e3o de Lucas e premia\u00e7\u00e3o milion\u00e1ria: as \u00faltimas not\u00edcias do Botafogo","robots":{"index":"index","follow":"follow","max-snippet":"max-snippet:-1","max-image-preview":"max-image-preview:large","max-video-preview":"max-video-preview:-1"},"canonical":"https:\/\/www.gaveanews.com\/index.php\/2024\/11\/14\/futuro-de-almada-declaracao-de-lucas-e-premiacao-milionaria-as-ultimas-noticias-do-botafogo\/","og_locale":"pt_BR","og_type":"article","og_title":"Futuro de Almada, declara\u00e7\u00e3o de Lucas e premia\u00e7\u00e3o milion\u00e1ria: as \u00faltimas not\u00edcias do Botafogo","og_description":"Nas \u00faltimas horas, o foco das not\u00edcias sobre o Botafogo se concentram nos bastidores do clube, com destaques como a declara\u00e7\u00e3o de Lucas e premia\u00e7\u00e3o milion\u00e1ria. Por conta deste contexto, leia abaixo um resumo preparado pela equipe do portal G\u00e1vea News para lhe manter muito bem informado! Premia\u00e7\u00e3o milion\u00e1ria Na reta final do Campeonato Brasileiro [&hellip;]","og_url":"https:\/\/www.gaveanews.com\/index.php\/2024\/11\/14\/futuro-de-almada-declaracao-de-lucas-e-premiacao-milionaria-as-ultimas-noticias-do-botafogo\/","og_site_name":"G\u00e1vea News","article_publisher":"https:\/\/facebook.com\/gaveaNews\/","article_published_time":"2024-11-14T07:05:00+00:00","og_image":[{"width":900,"height":600,"url":"https:\/\/www.gaveanews.com\/wp-content\/uploads\/botafogoescudo.webp","type":"image\/webp"}],"author":"Matheus Felipe","twitter_card":"summary_large_image","twitter_misc":{"Escrito por":"Matheus Felipe","Est. tempo de leitura":"5 minutos"},"schema":{"@context":"https:\/\/schema.org","@graph":[{"@type":"NewsArticle","@id":"https:\/\/www.gaveanews.com\/index.php\/2024\/11\/14\/futuro-de-almada-declaracao-de-lucas-e-premiacao-milionaria-as-ultimas-noticias-do-botafogo\/#article","isPartOf":{"@id":"https:\/\/www.gaveanews.com\/index.php\/2024\/11\/14\/futuro-de-almada-declaracao-de-lucas-e-premiacao-milionaria-as-ultimas-noticias-do-botafogo\/"},"author":{"name":"Matheus Felipe","@id":"https:\/\/www.gaveanews.com\/#\/schema\/person\/8207cd4627f56151707418bfc835b2fb"},"headline":"Futuro de Almada, declara\u00e7\u00e3o de Lucas e premia\u00e7\u00e3o milion\u00e1ria: as \u00faltimas not\u00edcias do Botafogo","datePublished":"2024-11-14T07:05:00+00:00","mainEntityOfPage":{"@id":"https:\/\/www.gaveanews.com\/index.php\/2024\/11\/14\/futuro-de-almada-declaracao-de-lucas-e-premiacao-milionaria-as-ultimas-noticias-do-botafogo\/"},"wordCount":817,"commentCount":0,"image":{"@id":"https:\/\/www.gaveanews.com\/index.php\/2024\/11\/14\/futuro-de-almada-declaracao-de-lucas-e-premiacao-milionaria-as-ultimas-noticias-do-botafogo\/#primaryimage"},"thumbnailUrl":"https:\/\/www.gaveanews.com\/wp-content\/uploads\/botafogoescudo.webp","articleSection":["Botafogo"],"inLanguage":"pt-BR","potentialAction":[{"@type":"CommentAction","name":"Comment","target":["https:\/\/www.gaveanews.com\/index.php\/2024\/11\/14\/futuro-de-almada-declaracao-de-lucas-e-premiacao-milionaria-as-ultimas-noticias-do-botafogo\/#respond"]}],"copyrightYear":"2024","copyrightHolder":{"@id":"https:\/\/www.gaveanews.com\/#organization"}},{"@type":"WebPage","@id":"https:\/\/www.gaveanews.com\/index.php\/2024\/11\/14\/futuro-de-almada-declaracao-de-lucas-e-premiacao-milionaria-as-ultimas-noticias-do-botafogo\/","url":"https:\/\/www.gaveanews.com\/index.php\/2024\/11\/14\/futuro-de-almada-declaracao-de-lucas-e-premiacao-milionaria-as-ultimas-noticias-do-botafogo\/","name":"Futuro de Almada, declara\u00e7\u00e3o de Lucas e premia\u00e7\u00e3o milion\u00e1ria: as \u00faltimas not\u00edcias do Botafogo","isPartOf":{"@id":"https:\/\/www.gaveanews.com\/#website"},"primaryImageOfPage":{"@id":"https:\/\/www.gaveanews.com\/index.php\/2024\/11\/14\/futuro-de-almada-declaracao-de-lucas-e-premiacao-milionaria-as-ultimas-noticias-do-botafogo\/#primaryimage"},"image":{"@id":"https:\/\/www.gaveanews.com\/index.php\/2024\/11\/14\/futuro-de-almada-declaracao-de-lucas-e-premiacao-milionaria-as-ultimas-noticias-do-botafogo\/#primaryimage"},"thumbnailUrl":"https:\/\/www.gaveanews.com\/wp-content\/uploads\/botafogoescudo.webp","datePublished":"2024-11-14T07:05:00+00:00","author":{"@id":"https:\/\/www.gaveanews.com\/#\/schema\/person\/8207cd4627f56151707418bfc835b2fb"},"breadcrumb":{"@id":"https:\/\/www.gaveanews.com\/index.php\/2024\/11\/14\/futuro-de-almada-declaracao-de-lucas-e-premiacao-milionaria-as-ultimas-noticias-do-botafogo\/#breadcrumb"},"inLanguage":"pt-BR","potentialAction":[{"@type":"ReadAction","target":["https:\/\/www.gaveanews.com\/index.php\/2024\/11\/14\/futuro-de-almada-declaracao-de-lucas-e-premiacao-milionaria-as-ultimas-noticias-do-botafogo\/"]}]},{"@type":"ImageObject","inLanguage":"pt-BR","@id":"https:\/\/www.gaveanews.com\/index.php\/2024\/11\/14\/futuro-de-almada-declaracao-de-lucas-e-premiacao-milionaria-as-ultimas-noticias-do-botafogo\/#primaryimage","url":"https:\/\/www.gaveanews.com\/wp-content\/uploads\/botafogoescudo.webp","contentUrl":"https:\/\/www.gaveanews.com\/wp-content\/uploads\/botafogoescudo.webp","width":900,"height":600,"caption":"Escudo do Botafogo (Foto: Reprodu\u00e7\u00e3o)"},{"@type":"BreadcrumbList","@id":"https:\/\/www.gaveanews.com\/index.php\/2024\/11\/14\/futuro-de-almada-declaracao-de-lucas-e-premiacao-milionaria-as-ultimas-noticias-do-botafogo\/#breadcrumb","itemListElement":[{"@type":"ListItem","position":1,"name":"Home","item":"https:\/\/www.gaveanews.com\/"},{"@type":"ListItem","position":2,"name":"Futuro de Almada, declara\u00e7\u00e3o de Lucas e premia\u00e7\u00e3o milion\u00e1ria: as \u00faltimas not\u00edcias do Botafogo"}]},{"@type":"WebSite","@id":"https:\/\/www.gaveanews.com\/#website","url":"https:\/\/www.gaveanews.com\/","name":"G\u00e1vea News","description":"Veja todas as not\u00edcias sobre o Flamengo: Contrata\u00e7\u00f5es, categorias de base, resultados das partidas, tabela de classifica\u00e7\u00e3o, pr\u00f3ximos jogos!","potentialAction":[{"@type":"SearchAction","target":{"@type":"EntryPoint","urlTemplate":"https:\/\/www.gaveanews.com\/?s={search_term_string}"},"query-input":{"@type":"PropertyValueSpecification","valueRequired":true,"valueName":"search_term_string"}}],"inLanguage":"pt-BR"},{"@type":"Person","@id":"https:\/\/www.gaveanews.com\/#\/schema\/person\/8207cd4627f56151707418bfc835b2fb","name":"Matheus Felipe","image":{"@type":"ImageObject","inLanguage":"pt-BR","@id":"https:\/\/www.gaveanews.com\/#\/schema\/person\/image\/","url":"https:\/\/secure.gravatar.com\/avatar\/a452ffbed9130f726358b298bb3a99ce4bd3c5338411f8440e87e14d74c7c087?s=96&d=mm&r=g","contentUrl":"https:\/\/secure.gravatar.com\/avatar\/a452ffbed9130f726358b298bb3a99ce4bd3c5338411f8440e87e14d74c7c087?s=96&d=mm&r=g","caption":"Matheus Felipe"}}]}},"_links":{"self":[{"href":"https:\/\/www.gaveanews.com\/index.php\/wp-json\/wp\/v2\/posts\/185115","targetHints":{"allow":["GET"]}}],"collection":[{"href":"https:\/\/www.gaveanews.com\/index.php\/wp-json\/wp\/v2\/posts"}],"about":[{"href":"https:\/\/www.gaveanews.com\/index.php\/wp-json\/wp\/v2\/types\/post"}],"author":[{"embeddable":true,"href":"https:\/\/www.gaveanews.com\/index.php\/wp-json\/wp\/v2\/users\/27"}],"replies":[{"embeddable":true,"href":"https:\/\/www.gaveanews.com\/index.php\/wp-json\/wp\/v2\/comments?post=185115"}],"version-history":[{"count":1,"href":"https:\/\/www.gaveanews.com\/index.php\/wp-json\/wp\/v2\/posts\/185115\/revisions"}],"predecessor-version":[{"id":185119,"href":"https:\/\/www.gaveanews.com\/index.php\/wp-json\/wp\/v2\/posts\/185115\/revisions\/185119"}],"wp:featuredmedia":[{"embeddable":true,"href":"https:\/\/www.gaveanews.com\/index.php\/wp-json\/wp\/v2\/media\/120619"}],"wp:attachment":[{"href":"https:\/\/www.gaveanews.com\/index.php\/wp-json\/wp\/v2\/media?parent=185115"}],"wp:term":[{"taxonomy":"category","embeddable":true,"href":"https:\/\/www.gaveanews.com\/index.php\/wp-json\/wp\/v2\/categories?post=185115"},{"taxonomy":"post_tag","embeddable":true,"href":"https:\/\/www.gaveanews.com\/index.php\/wp-json\/wp\/v2\/tags?post=185115"}],"curies":[{"name":"wp","href":"https:\/\/api.w.org\/{rel}","templated":true}]}}