{"id":185201,"date":"2024-11-14T04:20:00","date_gmt":"2024-11-14T07:20:00","guid":{"rendered":"https:\/\/www.gaveanews.com\/?p=185201"},"modified":"2024-11-14T01:45:46","modified_gmt":"2024-11-14T04:45:46","slug":"saida-de-john-arias-internacional-atravessa-negociacao-e-retorno-de-meia-em-2025-as-ultimas-noticias-do-fluminense","status":"publish","type":"post","link":"https:\/\/www.gaveanews.com\/index.php\/2024\/11\/14\/saida-de-john-arias-internacional-atravessa-negociacao-e-retorno-de-meia-em-2025-as-ultimas-noticias-do-fluminense\/","title":{"rendered":"Sa\u00edda de John Arias, Internacional atravessa negocia\u00e7\u00e3o e retorno de meia em 2025: as \u00faltimas not\u00edcias do Fluminense"},"content":{"rendered":"\n<p>Nas \u00faltimas horas, o foco das not\u00edcias sobre o Fluminense se concentram nos bastidores do clube, com destaques como o Internacional atravessa negocia\u00e7\u00e3o e retorno de meia em 2025.<\/p>\n\n\n\n<p>Por conta deste contexto, leia abaixo um resumo preparado pela equipe do portal G\u00e1vea News para lhe manter muito bem informado!<\/p>\n\n\n\n<h2 class=\"wp-block-heading\" id=\"h-retorno-de-meia-em-2025\">Retorno de meia em 2025<\/h2>\n\n\n\n<p>O meia Yago Ferreira retornar\u00e1 ao Fluminense em 2025, ap\u00f3s uma passagem discreta pelo Coritiba na S\u00e9rie B, onde atuou em apenas cinco partidas e fez uma assist\u00eancia. Com o Coritiba fora da disputa pelo acesso, o clube decidiu antecipar o retorno do jogador ao Fluminense. Revelado nas categorias de base de Xer\u00e9m, Yago teve seu contrato renovado at\u00e9 o final de 2025 e \u00e9 visto como uma op\u00e7\u00e3o promissora pelo t\u00e9cnico Mano Menezes, principalmente com a recente sa\u00edda de Terans do radar imediato da equipe. <strong><a href=\"https:\/\/www.gaveanews.com\/index.php\/2024\/11\/13\/meia-retornara-ao-fluminense-em-2025\/\">(leia a mat\u00e9ria completa)<\/a><\/strong><\/p>\n\n\n\n<figure class=\"wp-block-image size-full is-resized\"><img loading=\"lazy\" decoding=\"async\" width=\"885\" height=\"656\" src=\"https:\/\/www.gaveanews.com\/wp-content\/uploads\/Yago-Ferreira-pelo-Coritiba.webp\" alt=\"\" class=\"wp-image-185099\" style=\"width:700px;height:auto\" srcset=\"https:\/\/www.gaveanews.com\/wp-content\/uploads\/Yago-Ferreira-pelo-Coritiba.webp 885w, https:\/\/www.gaveanews.com\/wp-content\/uploads\/Yago-Ferreira-pelo-Coritiba-300x222.webp 300w, https:\/\/www.gaveanews.com\/wp-content\/uploads\/Yago-Ferreira-pelo-Coritiba-768x569.webp 768w, https:\/\/www.gaveanews.com\/wp-content\/uploads\/Yago-Ferreira-pelo-Coritiba-567x420.webp 567w, https:\/\/www.gaveanews.com\/wp-content\/uploads\/Yago-Ferreira-pelo-Coritiba-80x60.webp 80w, https:\/\/www.gaveanews.com\/wp-content\/uploads\/Yago-Ferreira-pelo-Coritiba-160x120.webp 160w, https:\/\/www.gaveanews.com\/wp-content\/uploads\/Yago-Ferreira-pelo-Coritiba-100x74.webp 100w, https:\/\/www.gaveanews.com\/wp-content\/uploads\/Yago-Ferreira-pelo-Coritiba-640x474.webp 640w, https:\/\/www.gaveanews.com\/wp-content\/uploads\/Yago-Ferreira-pelo-Coritiba-681x505.webp 681w\" sizes=\"auto, (max-width: 885px) 100vw, 885px\" \/><figcaption class=\"wp-element-caption\">Yago Ferreira pelo Coritiba (Foto: JP Pacheco\/Coritiba)<\/figcaption><\/figure>\n\n\n\n<p>Internamente, Yago \u00e9 valorizado por suas qualidades de finaliza\u00e7\u00e3o e precis\u00e3o nos passes, caracter\u00edsticas que podem ser \u00fateis para fortalecer o meio-campo tricolor. Com o Fluminense em uma posi\u00e7\u00e3o delicada no Brasileir\u00e3o, ocupando o 14\u00ba lugar com 37 pontos, apenas um ponto acima da zona de rebaixamento, o t\u00e9cnico Mano Menezes busca alternativas para aumentar a competitividade do time na reta final do campeonato.<\/p>\n\n\n\n<p>O pr\u00f3ximo jogo, contra o Fortaleza no Maracan\u00e3, ser\u00e1 decisivo para o Fluminense, que precisa de uma vit\u00f3ria para se afastar do Z-4. A expectativa \u00e9 que Yago Ferreira possa aproveitar as oportunidades no elenco principal e contribuir com a equipe tanto na reta final desta temporada quanto na pr\u00f3xima, mostrando seu valor e potencial para o futuro do clube.<\/p>\n\n\n\n<h2 class=\"wp-block-heading\" id=\"h-internacional-atravessa-negociacao\">Internacional atravessa negocia\u00e7\u00e3o<\/h2>\n\n\n\n<p>O Internacional pode atravessar uma negocia\u00e7\u00e3o do Fluminense pelo atacante paraguaio Isidro Pitta, atualmente destaque no Cuiab\u00e1. Pitta, que marcou 21 gols em 58 partidas na temporada de 2024, chamou aten\u00e7\u00e3o de ambos os clubes da S\u00e9rie A. Contudo, com o risco de rebaixamento e limita\u00e7\u00f5es financeiras, o Fluminense encontra dificuldades para avan\u00e7ar nas tratativas. O Inter, classificado para a Libertadores e em busca de refor\u00e7os, tem melhores condi\u00e7\u00f5es para fechar o acordo. <strong><a href=\"https:\/\/www.gaveanews.com\/index.php\/2024\/11\/13\/internacional-pode-atravessar-negociacao-do-fluminense\/\">(leia a mat\u00e9ria completa)<\/a><\/strong><\/p>\n\n\n\n<figure class=\"wp-block-image size-large\"><img loading=\"lazy\" decoding=\"async\" width=\"1024\" height=\"640\" src=\"https:\/\/www.gaveanews.com\/wp-content\/uploads\/Escudo-do-Internacional-1024x640.webp\" alt=\"\" class=\"wp-image-173600\" srcset=\"https:\/\/www.gaveanews.com\/wp-content\/uploads\/Escudo-do-Internacional-1024x640.webp 1024w, https:\/\/www.gaveanews.com\/wp-content\/uploads\/Escudo-do-Internacional-300x188.webp 300w, https:\/\/www.gaveanews.com\/wp-content\/uploads\/Escudo-do-Internacional-768x480.webp 768w, https:\/\/www.gaveanews.com\/wp-content\/uploads\/Escudo-do-Internacional-1536x960.webp 1536w, https:\/\/www.gaveanews.com\/wp-content\/uploads\/Escudo-do-Internacional-672x420.webp 672w, https:\/\/www.gaveanews.com\/wp-content\/uploads\/Escudo-do-Internacional-1344x840.webp 1344w, https:\/\/www.gaveanews.com\/wp-content\/uploads\/Escudo-do-Internacional-640x400.webp 640w, https:\/\/www.gaveanews.com\/wp-content\/uploads\/Escudo-do-Internacional-1280x800.webp 1280w, https:\/\/www.gaveanews.com\/wp-content\/uploads\/Escudo-do-Internacional-681x426.webp 681w, https:\/\/www.gaveanews.com\/wp-content\/uploads\/Escudo-do-Internacional-1362x851.webp 1362w, https:\/\/www.gaveanews.com\/wp-content\/uploads\/Escudo-do-Internacional-100x63.webp 100w, https:\/\/www.gaveanews.com\/wp-content\/uploads\/Escudo-do-Internacional.webp 1728w\" sizes=\"auto, (max-width: 1024px) 100vw, 1024px\" \/><figcaption class=\"wp-element-caption\">Escudo do Internacional<\/figcaption><\/figure>\n\n\n\n<p>A poss\u00edvel queda do Cuiab\u00e1 para a S\u00e9rie B torna mais vi\u00e1vel a sa\u00edda de Pitta, cujo contrato vai at\u00e9 2026. Caso o Cuiab\u00e1 seja rebaixado, as finan\u00e7as do clube podem ficar comprometidas, o que facilitaria a negocia\u00e7\u00e3o. <\/p>\n\n\n\n<p>Al\u00e9m disso, a estabilidade do Internacional no Brasileir\u00e3o e seu planejamento para competi\u00e7\u00f5es internacionais fazem do Colorado um destino atraente para o atacante.<\/p>\n\n\n\n<p>O Fluminense, por outro lado, prioriza a perman\u00eancia na S\u00e9rie A e pode focar em refor\u00e7os mais acess\u00edveis caso enfrente o rebaixamento. Assim, o Internacional desponta como favorito para garantir o centroavante, que se destacou por sua presen\u00e7a de \u00e1rea e convoca\u00e7\u00f5es recentes para a sele\u00e7\u00e3o paraguaia, perfil que o torna uma pe\u00e7a desejada entre clubes da elite do futebol brasileiro.<\/p>\n\n\n\n<h2 class=\"wp-block-heading\" id=\"h-saida-de-john-arias\">Sa\u00edda de John Arias<\/h2>\n\n\n\n<p>O Cruzeiro est\u00e1 interessado em contratar Jhon Arias, atacante do Fluminense, a pedido do t\u00e9cnico Fernando Diniz, que j\u00e1 trabalhou com o jogador no clube carioca. Entretanto, o Fluminense \u00e9 resistente a negociar Arias com equipes brasileiras, preferindo transferi-lo apenas para o exterior. O presidente do Fluminense, M\u00e1rio Bittencourt, reafirmou que s\u00f3 considerar\u00e1 propostas de clubes internacionais, pois o contrato de Arias com o tricolor vai at\u00e9 agosto de 2026, o que dificulta uma transfer\u00eancia para um rival nacional como o Cruzeiro. <strong><a href=\"https:\/\/www.gaveanews.com\/index.php\/2024\/11\/13\/jhon-arias-vai-assinar-com-o-cruzeiro\/\">(leia a mat\u00e9ria completa)<\/a><\/strong><\/p>\n\n\n\n<figure class=\"wp-block-image size-full\"><img loading=\"lazy\" decoding=\"async\" width=\"700\" height=\"467\" src=\"https:\/\/www.gaveanews.com\/wp-content\/uploads\/arias-fluminense-by-marcelo-goncalves-flu-editada-700x467.jpg.webp\" alt=\"\" class=\"wp-image-144307\" srcset=\"https:\/\/www.gaveanews.com\/wp-content\/uploads\/arias-fluminense-by-marcelo-goncalves-flu-editada-700x467.jpg.webp 700w, https:\/\/www.gaveanews.com\/wp-content\/uploads\/arias-fluminense-by-marcelo-goncalves-flu-editada-700x467.jpg-300x200.webp 300w, https:\/\/www.gaveanews.com\/wp-content\/uploads\/arias-fluminense-by-marcelo-goncalves-flu-editada-700x467.jpg-630x420.webp 630w, https:\/\/www.gaveanews.com\/wp-content\/uploads\/arias-fluminense-by-marcelo-goncalves-flu-editada-700x467.jpg-640x427.webp 640w, https:\/\/www.gaveanews.com\/wp-content\/uploads\/arias-fluminense-by-marcelo-goncalves-flu-editada-700x467.jpg-681x454.webp 681w, https:\/\/www.gaveanews.com\/wp-content\/uploads\/arias-fluminense-by-marcelo-goncalves-flu-editada-700x467.jpg-100x67.webp 100w\" sizes=\"auto, (max-width: 700px) 100vw, 700px\" \/><figcaption class=\"wp-element-caption\">Foto: Marcelo Gon\u00e7alves\/Fluminense<\/figcaption><\/figure>\n\n\n\n<p>Anteriormente, o Galatasaray, da Turquia, apresentou uma proposta de 12 milh\u00f5es de euros por Arias, que foi recusada pelo Fluminense. Essa decis\u00e3o gerou descontentamento no atleta e em seu staff, j\u00e1 que o clube havia se comprometido a considerar ofertas acima de 10 milh\u00f5es de euros. Apesar disso, o Fluminense justificou que iniciou negocia\u00e7\u00f5es com o clube turco, mas as tratativas n\u00e3o avan\u00e7aram devido a diverg\u00eancias financeiras.<\/p>\n\n\n\n<p>Arias \u00e9 um dos principais jogadores do Fluminense, liderando a artilharia do time em 2024 com 13 gols. O jogador j\u00e1 expressou seu desejo de atuar no futebol europeu, e o clube prometeu respeitar esse interesse. Assim, enquanto o Cruzeiro tenta refor\u00e7ar seu elenco, a posi\u00e7\u00e3o firme do Fluminense em manter Arias at\u00e9 que surja uma proposta internacional significativa pode dificultar a negocia\u00e7\u00e3o para clubes brasileiros.<\/p>\n","protected":false},"excerpt":{"rendered":"<p>Nas \u00faltimas horas, o foco das not\u00edcias sobre o Fluminense se concentram nos bastidores do clube, com destaques como o Internacional atravessa negocia\u00e7\u00e3o e retorno de meia em 2025. Por conta deste contexto, leia abaixo um resumo preparado pela equipe do portal G\u00e1vea News para lhe manter muito bem informado! Retorno de meia em 2025 [&hellip;]<\/p>\n","protected":false},"author":27,"featured_media":139474,"comment_status":"open","ping_status":"closed","sticky":false,"template":"","format":"standard","meta":{"footnotes":""},"categories":[145],"tags":[],"class_list":["post-185201","post","type-post","status-publish","format-standard","has-post-thumbnail","hentry","category-fluminense"],"yoast_head":"<!-- This site is optimized with the Yoast SEO Premium plugin v24.2 (Yoast SEO v26.9) - https:\/\/yoast.com\/product\/yoast-seo-premium-wordpress\/ -->\n<title>Sa\u00edda de John Arias, Internacional atravessa negocia\u00e7\u00e3o e retorno de meia em 2025: as \u00faltimas not\u00edcias do Fluminense<\/title>\n<meta name=\"robots\" content=\"index, follow, max-snippet:-1, max-image-preview:large, max-video-preview:-1\" \/>\n<link rel=\"canonical\" href=\"https:\/\/www.gaveanews.com\/index.php\/2024\/11\/14\/saida-de-john-arias-internacional-atravessa-negociacao-e-retorno-de-meia-em-2025-as-ultimas-noticias-do-fluminense\/\" \/>\n<meta property=\"og:locale\" content=\"pt_BR\" \/>\n<meta property=\"og:type\" content=\"article\" \/>\n<meta property=\"og:title\" content=\"Sa\u00edda de John Arias, Internacional atravessa negocia\u00e7\u00e3o e retorno de meia em 2025: as \u00faltimas not\u00edcias do Fluminense\" \/>\n<meta property=\"og:description\" content=\"Nas \u00faltimas horas, o foco das not\u00edcias sobre o Fluminense se concentram nos bastidores do clube, com destaques como o Internacional atravessa negocia\u00e7\u00e3o e retorno de meia em 2025. Por conta deste contexto, leia abaixo um resumo preparado pela equipe do portal G\u00e1vea News para lhe manter muito bem informado! Retorno de meia em 2025 [&hellip;]\" \/>\n<meta property=\"og:url\" content=\"https:\/\/www.gaveanews.com\/index.php\/2024\/11\/14\/saida-de-john-arias-internacional-atravessa-negociacao-e-retorno-de-meia-em-2025-as-ultimas-noticias-do-fluminense\/\" \/>\n<meta property=\"og:site_name\" content=\"G\u00e1vea News\" \/>\n<meta property=\"article:publisher\" content=\"https:\/\/facebook.com\/gaveaNews\/\" \/>\n<meta property=\"article:published_time\" content=\"2024-11-14T07:20:00+00:00\" \/>\n<meta property=\"og:image\" content=\"https:\/\/www.gaveanews.com\/wp-content\/uploads\/Bandeira-Fluminense.webp\" \/>\n\t<meta property=\"og:image:width\" content=\"700\" \/>\n\t<meta property=\"og:image:height\" content=\"438\" \/>\n\t<meta property=\"og:image:type\" content=\"image\/jpeg\" \/>\n<meta name=\"author\" content=\"Matheus Felipe\" \/>\n<meta name=\"twitter:card\" content=\"summary_large_image\" \/>\n<meta name=\"twitter:label1\" content=\"Escrito por\" \/>\n\t<meta name=\"twitter:data1\" content=\"Matheus Felipe\" \/>\n\t<meta name=\"twitter:label2\" content=\"Est. tempo de leitura\" \/>\n\t<meta name=\"twitter:data2\" content=\"5 minutos\" \/>\n<script type=\"application\/ld+json\" class=\"yoast-schema-graph\">{\"@context\":\"https:\/\/schema.org\",\"@graph\":[{\"@type\":\"NewsArticle\",\"@id\":\"https:\/\/www.gaveanews.com\/index.php\/2024\/11\/14\/saida-de-john-arias-internacional-atravessa-negociacao-e-retorno-de-meia-em-2025-as-ultimas-noticias-do-fluminense\/#article\",\"isPartOf\":{\"@id\":\"https:\/\/www.gaveanews.com\/index.php\/2024\/11\/14\/saida-de-john-arias-internacional-atravessa-negociacao-e-retorno-de-meia-em-2025-as-ultimas-noticias-do-fluminense\/\"},\"author\":{\"name\":\"Matheus Felipe\",\"@id\":\"https:\/\/www.gaveanews.com\/#\/schema\/person\/8207cd4627f56151707418bfc835b2fb\"},\"headline\":\"Sa\u00edda de John Arias, Internacional atravessa negocia\u00e7\u00e3o e retorno de meia em 2025: as \u00faltimas not\u00edcias do Fluminense\",\"datePublished\":\"2024-11-14T07:20:00+00:00\",\"mainEntityOfPage\":{\"@id\":\"https:\/\/www.gaveanews.com\/index.php\/2024\/11\/14\/saida-de-john-arias-internacional-atravessa-negociacao-e-retorno-de-meia-em-2025-as-ultimas-noticias-do-fluminense\/\"},\"wordCount\":771,\"commentCount\":0,\"image\":{\"@id\":\"https:\/\/www.gaveanews.com\/index.php\/2024\/11\/14\/saida-de-john-arias-internacional-atravessa-negociacao-e-retorno-de-meia-em-2025-as-ultimas-noticias-do-fluminense\/#primaryimage\"},\"thumbnailUrl\":\"https:\/\/www.gaveanews.com\/wp-content\/uploads\/Bandeira-Fluminense.webp\",\"articleSection\":[\"Fluminense\"],\"inLanguage\":\"pt-BR\",\"potentialAction\":[{\"@type\":\"CommentAction\",\"name\":\"Comment\",\"target\":[\"https:\/\/www.gaveanews.com\/index.php\/2024\/11\/14\/saida-de-john-arias-internacional-atravessa-negociacao-e-retorno-de-meia-em-2025-as-ultimas-noticias-do-fluminense\/#respond\"]}],\"copyrightYear\":\"2024\",\"copyrightHolder\":{\"@id\":\"https:\/\/www.gaveanews.com\/#organization\"}},{\"@type\":\"WebPage\",\"@id\":\"https:\/\/www.gaveanews.com\/index.php\/2024\/11\/14\/saida-de-john-arias-internacional-atravessa-negociacao-e-retorno-de-meia-em-2025-as-ultimas-noticias-do-fluminense\/\",\"url\":\"https:\/\/www.gaveanews.com\/index.php\/2024\/11\/14\/saida-de-john-arias-internacional-atravessa-negociacao-e-retorno-de-meia-em-2025-as-ultimas-noticias-do-fluminense\/\",\"name\":\"Sa\u00edda de John Arias, Internacional atravessa negocia\u00e7\u00e3o e retorno de meia em 2025: as \u00faltimas not\u00edcias do Fluminense\",\"isPartOf\":{\"@id\":\"https:\/\/www.gaveanews.com\/#website\"},\"primaryImageOfPage\":{\"@id\":\"https:\/\/www.gaveanews.com\/index.php\/2024\/11\/14\/saida-de-john-arias-internacional-atravessa-negociacao-e-retorno-de-meia-em-2025-as-ultimas-noticias-do-fluminense\/#primaryimage\"},\"image\":{\"@id\":\"https:\/\/www.gaveanews.com\/index.php\/2024\/11\/14\/saida-de-john-arias-internacional-atravessa-negociacao-e-retorno-de-meia-em-2025-as-ultimas-noticias-do-fluminense\/#primaryimage\"},\"thumbnailUrl\":\"https:\/\/www.gaveanews.com\/wp-content\/uploads\/Bandeira-Fluminense.webp\",\"datePublished\":\"2024-11-14T07:20:00+00:00\",\"author\":{\"@id\":\"https:\/\/www.gaveanews.com\/#\/schema\/person\/8207cd4627f56151707418bfc835b2fb\"},\"breadcrumb\":{\"@id\":\"https:\/\/www.gaveanews.com\/index.php\/2024\/11\/14\/saida-de-john-arias-internacional-atravessa-negociacao-e-retorno-de-meia-em-2025-as-ultimas-noticias-do-fluminense\/#breadcrumb\"},\"inLanguage\":\"pt-BR\",\"potentialAction\":[{\"@type\":\"ReadAction\",\"target\":[\"https:\/\/www.gaveanews.com\/index.php\/2024\/11\/14\/saida-de-john-arias-internacional-atravessa-negociacao-e-retorno-de-meia-em-2025-as-ultimas-noticias-do-fluminense\/\"]}]},{\"@type\":\"ImageObject\",\"inLanguage\":\"pt-BR\",\"@id\":\"https:\/\/www.gaveanews.com\/index.php\/2024\/11\/14\/saida-de-john-arias-internacional-atravessa-negociacao-e-retorno-de-meia-em-2025-as-ultimas-noticias-do-fluminense\/#primaryimage\",\"url\":\"https:\/\/www.gaveanews.com\/wp-content\/uploads\/Bandeira-Fluminense.webp\",\"contentUrl\":\"https:\/\/www.gaveanews.com\/wp-content\/uploads\/Bandeira-Fluminense.webp\",\"width\":700,\"height\":438,\"caption\":\"Bandeira Fluminense\"},{\"@type\":\"BreadcrumbList\",\"@id\":\"https:\/\/www.gaveanews.com\/index.php\/2024\/11\/14\/saida-de-john-arias-internacional-atravessa-negociacao-e-retorno-de-meia-em-2025-as-ultimas-noticias-do-fluminense\/#breadcrumb\",\"itemListElement\":[{\"@type\":\"ListItem\",\"position\":1,\"name\":\"Home\",\"item\":\"https:\/\/www.gaveanews.com\/\"},{\"@type\":\"ListItem\",\"position\":2,\"name\":\"Sa\u00edda de John Arias, Internacional atravessa negocia\u00e7\u00e3o e retorno de meia em 2025: as \u00faltimas not\u00edcias do Fluminense\"}]},{\"@type\":\"WebSite\",\"@id\":\"https:\/\/www.gaveanews.com\/#website\",\"url\":\"https:\/\/www.gaveanews.com\/\",\"name\":\"G\u00e1vea News\",\"description\":\"Veja todas as not\u00edcias sobre o Flamengo: Contrata\u00e7\u00f5es, categorias de base, resultados das partidas, tabela de classifica\u00e7\u00e3o, pr\u00f3ximos jogos!\",\"potentialAction\":[{\"@type\":\"SearchAction\",\"target\":{\"@type\":\"EntryPoint\",\"urlTemplate\":\"https:\/\/www.gaveanews.com\/?s={search_term_string}\"},\"query-input\":{\"@type\":\"PropertyValueSpecification\",\"valueRequired\":true,\"valueName\":\"search_term_string\"}}],\"inLanguage\":\"pt-BR\"},{\"@type\":\"Person\",\"@id\":\"https:\/\/www.gaveanews.com\/#\/schema\/person\/8207cd4627f56151707418bfc835b2fb\",\"name\":\"Matheus Felipe\",\"image\":{\"@type\":\"ImageObject\",\"inLanguage\":\"pt-BR\",\"@id\":\"https:\/\/www.gaveanews.com\/#\/schema\/person\/image\/\",\"url\":\"https:\/\/secure.gravatar.com\/avatar\/a452ffbed9130f726358b298bb3a99ce4bd3c5338411f8440e87e14d74c7c087?s=96&d=mm&r=g\",\"contentUrl\":\"https:\/\/secure.gravatar.com\/avatar\/a452ffbed9130f726358b298bb3a99ce4bd3c5338411f8440e87e14d74c7c087?s=96&d=mm&r=g\",\"caption\":\"Matheus Felipe\"}}]}<\/script>\n<!-- \/ Yoast SEO Premium plugin. -->","yoast_head_json":{"title":"Sa\u00edda de John Arias, Internacional atravessa negocia\u00e7\u00e3o e retorno de meia em 2025: as \u00faltimas not\u00edcias do Fluminense","robots":{"index":"index","follow":"follow","max-snippet":"max-snippet:-1","max-image-preview":"max-image-preview:large","max-video-preview":"max-video-preview:-1"},"canonical":"https:\/\/www.gaveanews.com\/index.php\/2024\/11\/14\/saida-de-john-arias-internacional-atravessa-negociacao-e-retorno-de-meia-em-2025-as-ultimas-noticias-do-fluminense\/","og_locale":"pt_BR","og_type":"article","og_title":"Sa\u00edda de John Arias, Internacional atravessa negocia\u00e7\u00e3o e retorno de meia em 2025: as \u00faltimas not\u00edcias do Fluminense","og_description":"Nas \u00faltimas horas, o foco das not\u00edcias sobre o Fluminense se concentram nos bastidores do clube, com destaques como o Internacional atravessa negocia\u00e7\u00e3o e retorno de meia em 2025. Por conta deste contexto, leia abaixo um resumo preparado pela equipe do portal G\u00e1vea News para lhe manter muito bem informado! Retorno de meia em 2025 [&hellip;]","og_url":"https:\/\/www.gaveanews.com\/index.php\/2024\/11\/14\/saida-de-john-arias-internacional-atravessa-negociacao-e-retorno-de-meia-em-2025-as-ultimas-noticias-do-fluminense\/","og_site_name":"G\u00e1vea News","article_publisher":"https:\/\/facebook.com\/gaveaNews\/","article_published_time":"2024-11-14T07:20:00+00:00","og_image":[{"width":700,"height":438,"url":"https:\/\/www.gaveanews.com\/wp-content\/uploads\/Bandeira-Fluminense.webp","type":"image\/jpeg"}],"author":"Matheus Felipe","twitter_card":"summary_large_image","twitter_misc":{"Escrito por":"Matheus Felipe","Est. tempo de leitura":"5 minutos"},"schema":{"@context":"https:\/\/schema.org","@graph":[{"@type":"NewsArticle","@id":"https:\/\/www.gaveanews.com\/index.php\/2024\/11\/14\/saida-de-john-arias-internacional-atravessa-negociacao-e-retorno-de-meia-em-2025-as-ultimas-noticias-do-fluminense\/#article","isPartOf":{"@id":"https:\/\/www.gaveanews.com\/index.php\/2024\/11\/14\/saida-de-john-arias-internacional-atravessa-negociacao-e-retorno-de-meia-em-2025-as-ultimas-noticias-do-fluminense\/"},"author":{"name":"Matheus Felipe","@id":"https:\/\/www.gaveanews.com\/#\/schema\/person\/8207cd4627f56151707418bfc835b2fb"},"headline":"Sa\u00edda de John Arias, Internacional atravessa negocia\u00e7\u00e3o e retorno de meia em 2025: as \u00faltimas not\u00edcias do Fluminense","datePublished":"2024-11-14T07:20:00+00:00","mainEntityOfPage":{"@id":"https:\/\/www.gaveanews.com\/index.php\/2024\/11\/14\/saida-de-john-arias-internacional-atravessa-negociacao-e-retorno-de-meia-em-2025-as-ultimas-noticias-do-fluminense\/"},"wordCount":771,"commentCount":0,"image":{"@id":"https:\/\/www.gaveanews.com\/index.php\/2024\/11\/14\/saida-de-john-arias-internacional-atravessa-negociacao-e-retorno-de-meia-em-2025-as-ultimas-noticias-do-fluminense\/#primaryimage"},"thumbnailUrl":"https:\/\/www.gaveanews.com\/wp-content\/uploads\/Bandeira-Fluminense.webp","articleSection":["Fluminense"],"inLanguage":"pt-BR","potentialAction":[{"@type":"CommentAction","name":"Comment","target":["https:\/\/www.gaveanews.com\/index.php\/2024\/11\/14\/saida-de-john-arias-internacional-atravessa-negociacao-e-retorno-de-meia-em-2025-as-ultimas-noticias-do-fluminense\/#respond"]}],"copyrightYear":"2024","copyrightHolder":{"@id":"https:\/\/www.gaveanews.com\/#organization"}},{"@type":"WebPage","@id":"https:\/\/www.gaveanews.com\/index.php\/2024\/11\/14\/saida-de-john-arias-internacional-atravessa-negociacao-e-retorno-de-meia-em-2025-as-ultimas-noticias-do-fluminense\/","url":"https:\/\/www.gaveanews.com\/index.php\/2024\/11\/14\/saida-de-john-arias-internacional-atravessa-negociacao-e-retorno-de-meia-em-2025-as-ultimas-noticias-do-fluminense\/","name":"Sa\u00edda de John Arias, Internacional atravessa negocia\u00e7\u00e3o e retorno de meia em 2025: as \u00faltimas not\u00edcias do Fluminense","isPartOf":{"@id":"https:\/\/www.gaveanews.com\/#website"},"primaryImageOfPage":{"@id":"https:\/\/www.gaveanews.com\/index.php\/2024\/11\/14\/saida-de-john-arias-internacional-atravessa-negociacao-e-retorno-de-meia-em-2025-as-ultimas-noticias-do-fluminense\/#primaryimage"},"image":{"@id":"https:\/\/www.gaveanews.com\/index.php\/2024\/11\/14\/saida-de-john-arias-internacional-atravessa-negociacao-e-retorno-de-meia-em-2025-as-ultimas-noticias-do-fluminense\/#primaryimage"},"thumbnailUrl":"https:\/\/www.gaveanews.com\/wp-content\/uploads\/Bandeira-Fluminense.webp","datePublished":"2024-11-14T07:20:00+00:00","author":{"@id":"https:\/\/www.gaveanews.com\/#\/schema\/person\/8207cd4627f56151707418bfc835b2fb"},"breadcrumb":{"@id":"https:\/\/www.gaveanews.com\/index.php\/2024\/11\/14\/saida-de-john-arias-internacional-atravessa-negociacao-e-retorno-de-meia-em-2025-as-ultimas-noticias-do-fluminense\/#breadcrumb"},"inLanguage":"pt-BR","potentialAction":[{"@type":"ReadAction","target":["https:\/\/www.gaveanews.com\/index.php\/2024\/11\/14\/saida-de-john-arias-internacional-atravessa-negociacao-e-retorno-de-meia-em-2025-as-ultimas-noticias-do-fluminense\/"]}]},{"@type":"ImageObject","inLanguage":"pt-BR","@id":"https:\/\/www.gaveanews.com\/index.php\/2024\/11\/14\/saida-de-john-arias-internacional-atravessa-negociacao-e-retorno-de-meia-em-2025-as-ultimas-noticias-do-fluminense\/#primaryimage","url":"https:\/\/www.gaveanews.com\/wp-content\/uploads\/Bandeira-Fluminense.webp","contentUrl":"https:\/\/www.gaveanews.com\/wp-content\/uploads\/Bandeira-Fluminense.webp","width":700,"height":438,"caption":"Bandeira Fluminense"},{"@type":"BreadcrumbList","@id":"https:\/\/www.gaveanews.com\/index.php\/2024\/11\/14\/saida-de-john-arias-internacional-atravessa-negociacao-e-retorno-de-meia-em-2025-as-ultimas-noticias-do-fluminense\/#breadcrumb","itemListElement":[{"@type":"ListItem","position":1,"name":"Home","item":"https:\/\/www.gaveanews.com\/"},{"@type":"ListItem","position":2,"name":"Sa\u00edda de John Arias, Internacional atravessa negocia\u00e7\u00e3o e retorno de meia em 2025: as \u00faltimas not\u00edcias do Fluminense"}]},{"@type":"WebSite","@id":"https:\/\/www.gaveanews.com\/#website","url":"https:\/\/www.gaveanews.com\/","name":"G\u00e1vea News","description":"Veja todas as not\u00edcias sobre o Flamengo: Contrata\u00e7\u00f5es, categorias de base, resultados das partidas, tabela de classifica\u00e7\u00e3o, pr\u00f3ximos jogos!","potentialAction":[{"@type":"SearchAction","target":{"@type":"EntryPoint","urlTemplate":"https:\/\/www.gaveanews.com\/?s={search_term_string}"},"query-input":{"@type":"PropertyValueSpecification","valueRequired":true,"valueName":"search_term_string"}}],"inLanguage":"pt-BR"},{"@type":"Person","@id":"https:\/\/www.gaveanews.com\/#\/schema\/person\/8207cd4627f56151707418bfc835b2fb","name":"Matheus Felipe","image":{"@type":"ImageObject","inLanguage":"pt-BR","@id":"https:\/\/www.gaveanews.com\/#\/schema\/person\/image\/","url":"https:\/\/secure.gravatar.com\/avatar\/a452ffbed9130f726358b298bb3a99ce4bd3c5338411f8440e87e14d74c7c087?s=96&d=mm&r=g","contentUrl":"https:\/\/secure.gravatar.com\/avatar\/a452ffbed9130f726358b298bb3a99ce4bd3c5338411f8440e87e14d74c7c087?s=96&d=mm&r=g","caption":"Matheus Felipe"}}]}},"_links":{"self":[{"href":"https:\/\/www.gaveanews.com\/index.php\/wp-json\/wp\/v2\/posts\/185201","targetHints":{"allow":["GET"]}}],"collection":[{"href":"https:\/\/www.gaveanews.com\/index.php\/wp-json\/wp\/v2\/posts"}],"about":[{"href":"https:\/\/www.gaveanews.com\/index.php\/wp-json\/wp\/v2\/types\/post"}],"author":[{"embeddable":true,"href":"https:\/\/www.gaveanews.com\/index.php\/wp-json\/wp\/v2\/users\/27"}],"replies":[{"embeddable":true,"href":"https:\/\/www.gaveanews.com\/index.php\/wp-json\/wp\/v2\/comments?post=185201"}],"version-history":[{"count":1,"href":"https:\/\/www.gaveanews.com\/index.php\/wp-json\/wp\/v2\/posts\/185201\/revisions"}],"predecessor-version":[{"id":185203,"href":"https:\/\/www.gaveanews.com\/index.php\/wp-json\/wp\/v2\/posts\/185201\/revisions\/185203"}],"wp:featuredmedia":[{"embeddable":true,"href":"https:\/\/www.gaveanews.com\/index.php\/wp-json\/wp\/v2\/media\/139474"}],"wp:attachment":[{"href":"https:\/\/www.gaveanews.com\/index.php\/wp-json\/wp\/v2\/media?parent=185201"}],"wp:term":[{"taxonomy":"category","embeddable":true,"href":"https:\/\/www.gaveanews.com\/index.php\/wp-json\/wp\/v2\/categories?post=185201"},{"taxonomy":"post_tag","embeddable":true,"href":"https:\/\/www.gaveanews.com\/index.php\/wp-json\/wp\/v2\/tags?post=185201"}],"curies":[{"name":"wp","href":"https:\/\/api.w.org\/{rel}","templated":true}]}}