{"id":185261,"date":"2024-11-14T13:25:00","date_gmt":"2024-11-14T16:25:00","guid":{"rendered":"https:\/\/www.gaveanews.com\/?p=185261"},"modified":"2024-11-14T13:03:36","modified_gmt":"2024-11-14T16:03:36","slug":"corinthians-confirma-a-sua-mais-nova-contratacao","status":"publish","type":"post","link":"https:\/\/www.gaveanews.com\/index.php\/2024\/11\/14\/corinthians-confirma-a-sua-mais-nova-contratacao\/","title":{"rendered":"Corinthians confirma a sua mais nova contrata\u00e7\u00e3o"},"content":{"rendered":"\n<p>O Corinthians \u00e9 um clube que abrange in\u00fameras modalidades, n\u00e3o apenas o futebol masculino profissional. Tendo isso em vista, a equipe paulista fez uma nova contrata\u00e7\u00e3o para a sua equipe de eSports, que s\u00e3o, resumidamente, esportes eletr\u00f4nicos.<\/p>\n\n\n\n<p>O Corinthians anunciou na manh\u00e3 desta quinta-feira (14) o MC Jotap\u00ea como novo refor\u00e7o da equipe de eSports do clube.<\/p>\n\n\n\n<ul class=\"wp-block-list\">\n<li><a href=\"https:\/\/www.gaveanews.com\/index.php\/2024\/11\/14\/super-reforco-para-2025-grupos-do-paulistao-e-declaracao-de-augusto-melo-as-ultimas-noticias-corinthians\/\">Super refor\u00e7o para 2025, grupos do Paulist\u00e3o e declara\u00e7\u00e3o de Augusto Melo: as \u00faltimas not\u00edcias Corinthians<\/a><\/li>\n\n\n\n<li><a href=\"https:\/\/www.gaveanews.com\/index.php\/2024\/11\/14\/atacante-convocada-corinthians-na-final-e-assistencias-de-rodrigo-garro-as-ultimas-noticias-do-corinthians\/\">Atacante convocada, Corinthians na final e assist\u00eancias de Rodrigo Garro: as \u00faltimas not\u00edcias do Corinthians<\/a><\/li>\n<\/ul>\n\n\n\n<p>O artista celebrou a paix\u00e3o pelo Corinthians e comentou estar motivado a representar o clube que ele torce desde crian\u00e7a:<\/p>\n\n\n\n<p>\u201cAp\u00f3s contato via rede social, o convite para integrar a equipe ocorreu de forma oficial. Sou Corinthians desde que me entendo por gente gra\u00e7as \u00e0 paix\u00e3o do meu pai. Tamb\u00e9m sempre enfatizei esse amor. N\u00e3o pude ser jogador, mas representar o Tim\u00e3o veio de alguma forma na minha vida. Ra\u00e7a, vontade e determina\u00e7\u00e3o n\u00e3o ir\u00e3o faltar\u201d, vibra Jotap\u00ea.<\/p>\n\n\n\n<figure class=\"wp-block-embed is-type-photo is-provider-flickr wp-block-embed-flickr\"><div class=\"wp-block-embed__wrapper\">\n<a href=\"https:\/\/www.flickr.com\/photos\/201155970@N03\/54138711202\/in\/dateposted-public\/\"><img loading=\"lazy\" decoding=\"async\" src=\"https:\/\/live.staticflickr.com\/65535\/54138711202_a1c6b8259b_z.webp\" alt=\"imagem_2024-11-14_130306180\" width=\"640\" height=\"360\" \/><\/a>\n<\/div><\/figure>\n\n\n\n<p>Nas redes sociais, Mc Jotap\u00ea comemorou a oportunidade:<\/p>\n\n\n\n<p>\u201cJotap\u00ea, o primeiro MC da hist\u00f3ria do\u00a0Corinthians E\u2013Sports! Venho comunicar a voc\u00eas que, de hoje em diante, oficialmente, eu sou um atleta de Freestyle do Corinthians E-Sports. Confesso que assimilar tudo isso est\u00e1 sendo um processo muito louco de ser vivido. Sou corintiano desde que me entendo por gente, gra\u00e7as a paix\u00e3o do meu pai e tamb\u00e9m sempre fiz quest\u00e3o de enfatizar esse amor nas ruas. Quando o sonho do futebol foi frustrado, parecia n\u00e3o haver mais maneiras de representar esse clube\u2026 mas o Senhor tinha um plano. Eu lhes prometo de antem\u00e3o: ra\u00e7a, vontade e determina\u00e7\u00e3o. E um lembrete: time nenhum \u00e9 feito por um jogador apenas. Vai Corinthians!\u201d<\/p>\n\n\n\n<p>O Corinthians tem movimentado a \u00e1rea de esportes eletr\u00f4nicos com o intuito de ser uma pot\u00eancia dentro. Recentemente foi divulgado que o foco s\u00e3o as olimp\u00edadas da modalidade, em 2025.<\/p>\n\n\n\n<h2 class=\"wp-block-heading\" id=\"h-qual-a-proxima-partida-do-corinthians\">Qual a pr\u00f3xima partida do Corinthians?<\/h2>\n\n\n\n<p>O Corinthians retorna a campo no pr\u00f3ximo dia 20 de novembro para enfrentar o Cruzeiro pelo Campeonato Brasileiro de futebol masculino profissional.<\/p>\n","protected":false},"excerpt":{"rendered":"<p>O Corinthians \u00e9 um clube que abrange in\u00fameras modalidades, n\u00e3o apenas o futebol masculino profissional. Tendo isso em vista, a equipe paulista fez uma nova contrata\u00e7\u00e3o para a sua equipe de eSports, que s\u00e3o, resumidamente, esportes eletr\u00f4nicos. O Corinthians anunciou na manh\u00e3 desta quinta-feira (14) o MC Jotap\u00ea como novo refor\u00e7o da equipe de eSports [&hellip;]<\/p>\n","protected":false},"author":19,"featured_media":154473,"comment_status":"open","ping_status":"closed","sticky":false,"template":"","format":"standard","meta":{"footnotes":""},"categories":[141],"tags":[],"class_list":["post-185261","post","type-post","status-publish","format-standard","has-post-thumbnail","hentry","category-corinthians"],"yoast_head":"<!-- This site is optimized with the Yoast SEO Premium plugin v24.2 (Yoast SEO v26.9) - https:\/\/yoast.com\/product\/yoast-seo-premium-wordpress\/ -->\n<title>Corinthians confirma a sua mais nova contrata\u00e7\u00e3o<\/title>\n<meta name=\"robots\" content=\"index, follow, max-snippet:-1, max-image-preview:large, max-video-preview:-1\" \/>\n<link rel=\"canonical\" href=\"https:\/\/www.gaveanews.com\/index.php\/2024\/11\/14\/corinthians-confirma-a-sua-mais-nova-contratacao\/\" \/>\n<meta property=\"og:locale\" content=\"pt_BR\" \/>\n<meta property=\"og:type\" content=\"article\" \/>\n<meta property=\"og:title\" content=\"Corinthians confirma a sua mais nova contrata\u00e7\u00e3o\" \/>\n<meta property=\"og:description\" content=\"O Corinthians \u00e9 um clube que abrange in\u00fameras modalidades, n\u00e3o apenas o futebol masculino profissional. Tendo isso em vista, a equipe paulista fez uma nova contrata\u00e7\u00e3o para a sua equipe de eSports, que s\u00e3o, resumidamente, esportes eletr\u00f4nicos. O Corinthians anunciou na manh\u00e3 desta quinta-feira (14) o MC Jotap\u00ea como novo refor\u00e7o da equipe de eSports [&hellip;]\" \/>\n<meta property=\"og:url\" content=\"https:\/\/www.gaveanews.com\/index.php\/2024\/11\/14\/corinthians-confirma-a-sua-mais-nova-contratacao\/\" \/>\n<meta property=\"og:site_name\" content=\"G\u00e1vea News\" \/>\n<meta property=\"article:publisher\" content=\"https:\/\/facebook.com\/gaveaNews\/\" \/>\n<meta property=\"article:published_time\" content=\"2024-11-14T16:25:00+00:00\" \/>\n<meta property=\"og:image\" content=\"https:\/\/www.gaveanews.com\/wp-content\/uploads\/Escudo-do-Corinthians-na-Neo-Quimica-Arena.webp\" \/>\n\t<meta property=\"og:image:width\" content=\"1440\" \/>\n\t<meta property=\"og:image:height\" content=\"959\" \/>\n\t<meta property=\"og:image:type\" content=\"image\/jpeg\" \/>\n<meta name=\"author\" content=\"Bruno Zanchetta\" \/>\n<meta name=\"twitter:card\" content=\"summary_large_image\" \/>\n<meta name=\"twitter:label1\" content=\"Escrito por\" \/>\n\t<meta name=\"twitter:data1\" content=\"Bruno Zanchetta\" \/>\n\t<meta name=\"twitter:label2\" content=\"Est. tempo de leitura\" \/>\n\t<meta name=\"twitter:data2\" content=\"3 minutos\" \/>\n<script type=\"application\/ld+json\" class=\"yoast-schema-graph\">{\"@context\":\"https:\/\/schema.org\",\"@graph\":[{\"@type\":\"NewsArticle\",\"@id\":\"https:\/\/www.gaveanews.com\/index.php\/2024\/11\/14\/corinthians-confirma-a-sua-mais-nova-contratacao\/#article\",\"isPartOf\":{\"@id\":\"https:\/\/www.gaveanews.com\/index.php\/2024\/11\/14\/corinthians-confirma-a-sua-mais-nova-contratacao\/\"},\"author\":{\"name\":\"Bruno Zanchetta\",\"@id\":\"https:\/\/www.gaveanews.com\/#\/schema\/person\/32fddefab25b466689f181be346cd98c\"},\"headline\":\"Corinthians confirma a sua mais nova contrata\u00e7\u00e3o\",\"datePublished\":\"2024-11-14T16:25:00+00:00\",\"mainEntityOfPage\":{\"@id\":\"https:\/\/www.gaveanews.com\/index.php\/2024\/11\/14\/corinthians-confirma-a-sua-mais-nova-contratacao\/\"},\"wordCount\":393,\"commentCount\":0,\"image\":{\"@id\":\"https:\/\/www.gaveanews.com\/index.php\/2024\/11\/14\/corinthians-confirma-a-sua-mais-nova-contratacao\/#primaryimage\"},\"thumbnailUrl\":\"https:\/\/www.gaveanews.com\/wp-content\/uploads\/Escudo-do-Corinthians-na-Neo-Quimica-Arena.webp\",\"articleSection\":[\"Corinthians\"],\"inLanguage\":\"pt-BR\",\"potentialAction\":[{\"@type\":\"CommentAction\",\"name\":\"Comment\",\"target\":[\"https:\/\/www.gaveanews.com\/index.php\/2024\/11\/14\/corinthians-confirma-a-sua-mais-nova-contratacao\/#respond\"]}],\"copyrightYear\":\"2024\",\"copyrightHolder\":{\"@id\":\"https:\/\/www.gaveanews.com\/#organization\"}},{\"@type\":\"WebPage\",\"@id\":\"https:\/\/www.gaveanews.com\/index.php\/2024\/11\/14\/corinthians-confirma-a-sua-mais-nova-contratacao\/\",\"url\":\"https:\/\/www.gaveanews.com\/index.php\/2024\/11\/14\/corinthians-confirma-a-sua-mais-nova-contratacao\/\",\"name\":\"Corinthians confirma a sua mais nova contrata\u00e7\u00e3o\",\"isPartOf\":{\"@id\":\"https:\/\/www.gaveanews.com\/#website\"},\"primaryImageOfPage\":{\"@id\":\"https:\/\/www.gaveanews.com\/index.php\/2024\/11\/14\/corinthians-confirma-a-sua-mais-nova-contratacao\/#primaryimage\"},\"image\":{\"@id\":\"https:\/\/www.gaveanews.com\/index.php\/2024\/11\/14\/corinthians-confirma-a-sua-mais-nova-contratacao\/#primaryimage\"},\"thumbnailUrl\":\"https:\/\/www.gaveanews.com\/wp-content\/uploads\/Escudo-do-Corinthians-na-Neo-Quimica-Arena.webp\",\"datePublished\":\"2024-11-14T16:25:00+00:00\",\"author\":{\"@id\":\"https:\/\/www.gaveanews.com\/#\/schema\/person\/32fddefab25b466689f181be346cd98c\"},\"breadcrumb\":{\"@id\":\"https:\/\/www.gaveanews.com\/index.php\/2024\/11\/14\/corinthians-confirma-a-sua-mais-nova-contratacao\/#breadcrumb\"},\"inLanguage\":\"pt-BR\",\"potentialAction\":[{\"@type\":\"ReadAction\",\"target\":[\"https:\/\/www.gaveanews.com\/index.php\/2024\/11\/14\/corinthians-confirma-a-sua-mais-nova-contratacao\/\"]}]},{\"@type\":\"ImageObject\",\"inLanguage\":\"pt-BR\",\"@id\":\"https:\/\/www.gaveanews.com\/index.php\/2024\/11\/14\/corinthians-confirma-a-sua-mais-nova-contratacao\/#primaryimage\",\"url\":\"https:\/\/www.gaveanews.com\/wp-content\/uploads\/Escudo-do-Corinthians-na-Neo-Quimica-Arena.webp\",\"contentUrl\":\"https:\/\/www.gaveanews.com\/wp-content\/uploads\/Escudo-do-Corinthians-na-Neo-Quimica-Arena.webp\",\"width\":1440,\"height\":959,\"caption\":\"Escudo do Corinthians na N\u00e9o Qu\u00edmica Arena (Foto Reprodu\u00e7\u00e3o\/Instagram)\"},{\"@type\":\"BreadcrumbList\",\"@id\":\"https:\/\/www.gaveanews.com\/index.php\/2024\/11\/14\/corinthians-confirma-a-sua-mais-nova-contratacao\/#breadcrumb\",\"itemListElement\":[{\"@type\":\"ListItem\",\"position\":1,\"name\":\"Home\",\"item\":\"https:\/\/www.gaveanews.com\/\"},{\"@type\":\"ListItem\",\"position\":2,\"name\":\"Corinthians confirma a sua mais nova contrata\u00e7\u00e3o\"}]},{\"@type\":\"WebSite\",\"@id\":\"https:\/\/www.gaveanews.com\/#website\",\"url\":\"https:\/\/www.gaveanews.com\/\",\"name\":\"G\u00e1vea News\",\"description\":\"Veja todas as not\u00edcias sobre o Flamengo: Contrata\u00e7\u00f5es, categorias de base, resultados das partidas, tabela de classifica\u00e7\u00e3o, pr\u00f3ximos jogos!\",\"potentialAction\":[{\"@type\":\"SearchAction\",\"target\":{\"@type\":\"EntryPoint\",\"urlTemplate\":\"https:\/\/www.gaveanews.com\/?s={search_term_string}\"},\"query-input\":{\"@type\":\"PropertyValueSpecification\",\"valueRequired\":true,\"valueName\":\"search_term_string\"}}],\"inLanguage\":\"pt-BR\"},{\"@type\":\"Person\",\"@id\":\"https:\/\/www.gaveanews.com\/#\/schema\/person\/32fddefab25b466689f181be346cd98c\",\"name\":\"Bruno Zanchetta\",\"image\":{\"@type\":\"ImageObject\",\"inLanguage\":\"pt-BR\",\"@id\":\"https:\/\/www.gaveanews.com\/#\/schema\/person\/image\/\",\"url\":\"https:\/\/secure.gravatar.com\/avatar\/3ba2d39f8a912ad65276975a996d6ad8d9e3dd13448684be8dc4d7c17099d2ee?s=96&d=mm&r=g\",\"contentUrl\":\"https:\/\/secure.gravatar.com\/avatar\/3ba2d39f8a912ad65276975a996d6ad8d9e3dd13448684be8dc4d7c17099d2ee?s=96&d=mm&r=g\",\"caption\":\"Bruno Zanchetta\"}}]}<\/script>\n<!-- \/ Yoast SEO Premium plugin. -->","yoast_head_json":{"title":"Corinthians confirma a sua mais nova contrata\u00e7\u00e3o","robots":{"index":"index","follow":"follow","max-snippet":"max-snippet:-1","max-image-preview":"max-image-preview:large","max-video-preview":"max-video-preview:-1"},"canonical":"https:\/\/www.gaveanews.com\/index.php\/2024\/11\/14\/corinthians-confirma-a-sua-mais-nova-contratacao\/","og_locale":"pt_BR","og_type":"article","og_title":"Corinthians confirma a sua mais nova contrata\u00e7\u00e3o","og_description":"O Corinthians \u00e9 um clube que abrange in\u00fameras modalidades, n\u00e3o apenas o futebol masculino profissional. Tendo isso em vista, a equipe paulista fez uma nova contrata\u00e7\u00e3o para a sua equipe de eSports, que s\u00e3o, resumidamente, esportes eletr\u00f4nicos. O Corinthians anunciou na manh\u00e3 desta quinta-feira (14) o MC Jotap\u00ea como novo refor\u00e7o da equipe de eSports [&hellip;]","og_url":"https:\/\/www.gaveanews.com\/index.php\/2024\/11\/14\/corinthians-confirma-a-sua-mais-nova-contratacao\/","og_site_name":"G\u00e1vea News","article_publisher":"https:\/\/facebook.com\/gaveaNews\/","article_published_time":"2024-11-14T16:25:00+00:00","og_image":[{"width":1440,"height":959,"url":"https:\/\/www.gaveanews.com\/wp-content\/uploads\/Escudo-do-Corinthians-na-Neo-Quimica-Arena.webp","type":"image\/jpeg"}],"author":"Bruno Zanchetta","twitter_card":"summary_large_image","twitter_misc":{"Escrito por":"Bruno Zanchetta","Est. tempo de leitura":"3 minutos"},"schema":{"@context":"https:\/\/schema.org","@graph":[{"@type":"NewsArticle","@id":"https:\/\/www.gaveanews.com\/index.php\/2024\/11\/14\/corinthians-confirma-a-sua-mais-nova-contratacao\/#article","isPartOf":{"@id":"https:\/\/www.gaveanews.com\/index.php\/2024\/11\/14\/corinthians-confirma-a-sua-mais-nova-contratacao\/"},"author":{"name":"Bruno Zanchetta","@id":"https:\/\/www.gaveanews.com\/#\/schema\/person\/32fddefab25b466689f181be346cd98c"},"headline":"Corinthians confirma a sua mais nova contrata\u00e7\u00e3o","datePublished":"2024-11-14T16:25:00+00:00","mainEntityOfPage":{"@id":"https:\/\/www.gaveanews.com\/index.php\/2024\/11\/14\/corinthians-confirma-a-sua-mais-nova-contratacao\/"},"wordCount":393,"commentCount":0,"image":{"@id":"https:\/\/www.gaveanews.com\/index.php\/2024\/11\/14\/corinthians-confirma-a-sua-mais-nova-contratacao\/#primaryimage"},"thumbnailUrl":"https:\/\/www.gaveanews.com\/wp-content\/uploads\/Escudo-do-Corinthians-na-Neo-Quimica-Arena.webp","articleSection":["Corinthians"],"inLanguage":"pt-BR","potentialAction":[{"@type":"CommentAction","name":"Comment","target":["https:\/\/www.gaveanews.com\/index.php\/2024\/11\/14\/corinthians-confirma-a-sua-mais-nova-contratacao\/#respond"]}],"copyrightYear":"2024","copyrightHolder":{"@id":"https:\/\/www.gaveanews.com\/#organization"}},{"@type":"WebPage","@id":"https:\/\/www.gaveanews.com\/index.php\/2024\/11\/14\/corinthians-confirma-a-sua-mais-nova-contratacao\/","url":"https:\/\/www.gaveanews.com\/index.php\/2024\/11\/14\/corinthians-confirma-a-sua-mais-nova-contratacao\/","name":"Corinthians confirma a sua mais nova contrata\u00e7\u00e3o","isPartOf":{"@id":"https:\/\/www.gaveanews.com\/#website"},"primaryImageOfPage":{"@id":"https:\/\/www.gaveanews.com\/index.php\/2024\/11\/14\/corinthians-confirma-a-sua-mais-nova-contratacao\/#primaryimage"},"image":{"@id":"https:\/\/www.gaveanews.com\/index.php\/2024\/11\/14\/corinthians-confirma-a-sua-mais-nova-contratacao\/#primaryimage"},"thumbnailUrl":"https:\/\/www.gaveanews.com\/wp-content\/uploads\/Escudo-do-Corinthians-na-Neo-Quimica-Arena.webp","datePublished":"2024-11-14T16:25:00+00:00","author":{"@id":"https:\/\/www.gaveanews.com\/#\/schema\/person\/32fddefab25b466689f181be346cd98c"},"breadcrumb":{"@id":"https:\/\/www.gaveanews.com\/index.php\/2024\/11\/14\/corinthians-confirma-a-sua-mais-nova-contratacao\/#breadcrumb"},"inLanguage":"pt-BR","potentialAction":[{"@type":"ReadAction","target":["https:\/\/www.gaveanews.com\/index.php\/2024\/11\/14\/corinthians-confirma-a-sua-mais-nova-contratacao\/"]}]},{"@type":"ImageObject","inLanguage":"pt-BR","@id":"https:\/\/www.gaveanews.com\/index.php\/2024\/11\/14\/corinthians-confirma-a-sua-mais-nova-contratacao\/#primaryimage","url":"https:\/\/www.gaveanews.com\/wp-content\/uploads\/Escudo-do-Corinthians-na-Neo-Quimica-Arena.webp","contentUrl":"https:\/\/www.gaveanews.com\/wp-content\/uploads\/Escudo-do-Corinthians-na-Neo-Quimica-Arena.webp","width":1440,"height":959,"caption":"Escudo do Corinthians na N\u00e9o Qu\u00edmica Arena (Foto Reprodu\u00e7\u00e3o\/Instagram)"},{"@type":"BreadcrumbList","@id":"https:\/\/www.gaveanews.com\/index.php\/2024\/11\/14\/corinthians-confirma-a-sua-mais-nova-contratacao\/#breadcrumb","itemListElement":[{"@type":"ListItem","position":1,"name":"Home","item":"https:\/\/www.gaveanews.com\/"},{"@type":"ListItem","position":2,"name":"Corinthians confirma a sua mais nova contrata\u00e7\u00e3o"}]},{"@type":"WebSite","@id":"https:\/\/www.gaveanews.com\/#website","url":"https:\/\/www.gaveanews.com\/","name":"G\u00e1vea News","description":"Veja todas as not\u00edcias sobre o Flamengo: Contrata\u00e7\u00f5es, categorias de base, resultados das partidas, tabela de classifica\u00e7\u00e3o, pr\u00f3ximos jogos!","potentialAction":[{"@type":"SearchAction","target":{"@type":"EntryPoint","urlTemplate":"https:\/\/www.gaveanews.com\/?s={search_term_string}"},"query-input":{"@type":"PropertyValueSpecification","valueRequired":true,"valueName":"search_term_string"}}],"inLanguage":"pt-BR"},{"@type":"Person","@id":"https:\/\/www.gaveanews.com\/#\/schema\/person\/32fddefab25b466689f181be346cd98c","name":"Bruno Zanchetta","image":{"@type":"ImageObject","inLanguage":"pt-BR","@id":"https:\/\/www.gaveanews.com\/#\/schema\/person\/image\/","url":"https:\/\/secure.gravatar.com\/avatar\/3ba2d39f8a912ad65276975a996d6ad8d9e3dd13448684be8dc4d7c17099d2ee?s=96&d=mm&r=g","contentUrl":"https:\/\/secure.gravatar.com\/avatar\/3ba2d39f8a912ad65276975a996d6ad8d9e3dd13448684be8dc4d7c17099d2ee?s=96&d=mm&r=g","caption":"Bruno Zanchetta"}}]}},"_links":{"self":[{"href":"https:\/\/www.gaveanews.com\/index.php\/wp-json\/wp\/v2\/posts\/185261","targetHints":{"allow":["GET"]}}],"collection":[{"href":"https:\/\/www.gaveanews.com\/index.php\/wp-json\/wp\/v2\/posts"}],"about":[{"href":"https:\/\/www.gaveanews.com\/index.php\/wp-json\/wp\/v2\/types\/post"}],"author":[{"embeddable":true,"href":"https:\/\/www.gaveanews.com\/index.php\/wp-json\/wp\/v2\/users\/19"}],"replies":[{"embeddable":true,"href":"https:\/\/www.gaveanews.com\/index.php\/wp-json\/wp\/v2\/comments?post=185261"}],"version-history":[{"count":3,"href":"https:\/\/www.gaveanews.com\/index.php\/wp-json\/wp\/v2\/posts\/185261\/revisions"}],"predecessor-version":[{"id":185330,"href":"https:\/\/www.gaveanews.com\/index.php\/wp-json\/wp\/v2\/posts\/185261\/revisions\/185330"}],"wp:featuredmedia":[{"embeddable":true,"href":"https:\/\/www.gaveanews.com\/index.php\/wp-json\/wp\/v2\/media\/154473"}],"wp:attachment":[{"href":"https:\/\/www.gaveanews.com\/index.php\/wp-json\/wp\/v2\/media?parent=185261"}],"wp:term":[{"taxonomy":"category","embeddable":true,"href":"https:\/\/www.gaveanews.com\/index.php\/wp-json\/wp\/v2\/categories?post=185261"},{"taxonomy":"post_tag","embeddable":true,"href":"https:\/\/www.gaveanews.com\/index.php\/wp-json\/wp\/v2\/tags?post=185261"}],"curies":[{"name":"wp","href":"https:\/\/api.w.org\/{rel}","templated":true}]}}