{"id":185303,"date":"2024-11-14T14:55:51","date_gmt":"2024-11-14T17:55:51","guid":{"rendered":"https:\/\/www.gaveanews.com\/?p=185303"},"modified":"2024-11-14T14:51:29","modified_gmt":"2024-11-14T17:51:29","slug":"vegetti-vai-renovar-com-o-vasco-2","status":"publish","type":"post","link":"https:\/\/www.gaveanews.com\/index.php\/2024\/11\/14\/vegetti-vai-renovar-com-o-vasco-2\/","title":{"rendered":"Vegetti vai renovar com o Vasco?"},"content":{"rendered":"\n<p>Vegetti \u00e9 um dos maiores nomes do Vasco na temporada, mas, aos 36 anos, o argentino j\u00e1 deve come\u00e7ar a transi\u00e7\u00e3o para o fim de sua carreira.<\/p>\n\n\n\n<p>Os n\u00fameros do Vegetti at\u00e9 o momento s\u00e3o bem expressivos, e ajudaram o Vasco a n\u00e3o brigar pelo rebaixamento e est\u00e3o levando o Cruzmaltino rumo a uma competi\u00e7\u00e3o continental.<\/p>\n\n\n\n<ul class=\"wp-block-list\">\n<li><a href=\"https:\/\/www.gaveanews.com\/index.php\/2024\/11\/14\/boa-noticia-nos-bastidores-declaracao-de-edmundo-e-os-goleiros-com-mais-defesas-as-ultimas-noticias-do-vasco\/\">Boa not\u00edcia nos bastidores, declara\u00e7\u00e3o de Edmundo e os goleiros com mais defesas: as \u00faltimas not\u00edcias do Vasco<\/a><\/li>\n\n\n\n<li><a href=\"https:\/\/www.gaveanews.com\/index.php\/2024\/11\/14\/reforco-no-exterior-jogador-dispensado-e-atleta-volta-a-ter-oportunidades-as-ultimas-noticias-do-vasco\/\">Refor\u00e7o no exterior, jogador dispensado e atleta volta a ter oportunidades: as \u00faltimas not\u00edcias do Vasco<\/a><\/li>\n<\/ul>\n\n\n\n<h2 class=\"wp-block-heading\" id=\"h-os-numeros-de-vegetti-pelo-vasco-em-2024\">Os n\u00fameros de Vegetti pelo Vasco em 2024:<\/h2>\n\n\n\n<ul class=\"wp-block-list\">\n<li>49 jogos<\/li>\n\n\n\n<li>20 gols<\/li>\n\n\n\n<li>3 assist\u00eancias<\/li>\n\n\n\n<li>11 cart\u00f5es amarelos<\/li>\n\n\n\n<li>4.210 minutos jogados<\/li>\n<\/ul>\n\n\n\n<p>O Vasco sinalizou a Vegetti que aceita fazer altera\u00e7\u00f5es em seu contrato, mas, as conversas devem ter andamento apenas ap\u00f3s o final do Campeonato Brasileiro.<\/p>\n\n\n\n<p>Segundo o GE, Vegetti tem o interesse de se aposentar no Vasco e sinalizou Pedrinho para que ele o ajude a cumprir esse desejo.<\/p>\n\n\n\n<p>O Vasco entende que Vegetti \u00e9 um dos principais nomes do clube e quer fazer uma manuten\u00e7\u00e3o do contrato com melhorias, algo que j\u00e1 foi feito no in\u00edcio da temporada.<\/p>\n\n\n\n<p>Vegetti tem v\u00ednculo at\u00e9 o fim de 2025 com renova\u00e7\u00e3o autom\u00e1tica at\u00e9 2026 caso cumpra 60% das partidas pelo clube, algo considerado tranquilo para o Vasco.<\/p>\n\n\n\n<p>Vegetti foi o artilheiro da Copa do Brasil desse ano, campeonato que o Vasco chegou a semifinal depois de 11 anos.<\/p>\n\n\n\n<h2 class=\"wp-block-heading\" id=\"h-qual-a-proxima-partida-do-vasco\">Qual a pr\u00f3xima partida do Vasco?<\/h2>\n\n\n\n<p>Ap\u00f3s perder por 3 a 0 para o Fortaleza na \u00faltima partida, o Vasco retorna a campo no pr\u00f3ximo dia 21 de novembro para mais um jogo bastante complicado.<\/p>\n\n\n\n<p>O Vasco vai enfrentar a forte equipe do Internacional, que vem em uma excelente sequ\u00eancia de jogos no Brasileir\u00e3o e agora est\u00e1 em 4\u00aa colocada.<\/p>\n\n\n\n<p>Matematicamente o Internacional ainda tem chance de t\u00edtulo, apesar de ser bem dif\u00edcil tirar a diferen\u00e7a do Botafogo.<\/p>\n","protected":false},"excerpt":{"rendered":"<p>Vegetti \u00e9 um dos maiores nomes do Vasco na temporada, mas, aos 36 anos, o argentino j\u00e1 deve come\u00e7ar a transi\u00e7\u00e3o para o fim de sua carreira. Os n\u00fameros do Vegetti at\u00e9 o momento s\u00e3o bem expressivos, e ajudaram o Vasco a n\u00e3o brigar pelo rebaixamento e est\u00e3o levando o Cruzmaltino rumo a uma competi\u00e7\u00e3o [&hellip;]<\/p>\n","protected":false},"author":19,"featured_media":146070,"comment_status":"open","ping_status":"closed","sticky":false,"template":"","format":"standard","meta":{"footnotes":""},"categories":[152],"tags":[],"class_list":["post-185303","post","type-post","status-publish","format-standard","has-post-thumbnail","hentry","category-vasco"],"yoast_head":"<!-- This site is optimized with the Yoast SEO Premium plugin v24.2 (Yoast SEO v26.9) - https:\/\/yoast.com\/product\/yoast-seo-premium-wordpress\/ -->\n<title>Vegetti vai renovar com o Vasco?<\/title>\n<meta name=\"robots\" content=\"index, follow, max-snippet:-1, max-image-preview:large, max-video-preview:-1\" \/>\n<link rel=\"canonical\" href=\"https:\/\/www.gaveanews.com\/index.php\/2024\/11\/14\/vegetti-vai-renovar-com-o-vasco-2\/\" \/>\n<meta property=\"og:locale\" content=\"pt_BR\" \/>\n<meta property=\"og:type\" content=\"article\" \/>\n<meta property=\"og:title\" content=\"Vegetti vai renovar com o Vasco?\" \/>\n<meta property=\"og:description\" content=\"Vegetti \u00e9 um dos maiores nomes do Vasco na temporada, mas, aos 36 anos, o argentino j\u00e1 deve come\u00e7ar a transi\u00e7\u00e3o para o fim de sua carreira. Os n\u00fameros do Vegetti at\u00e9 o momento s\u00e3o bem expressivos, e ajudaram o Vasco a n\u00e3o brigar pelo rebaixamento e est\u00e3o levando o Cruzmaltino rumo a uma competi\u00e7\u00e3o [&hellip;]\" \/>\n<meta property=\"og:url\" content=\"https:\/\/www.gaveanews.com\/index.php\/2024\/11\/14\/vegetti-vai-renovar-com-o-vasco-2\/\" \/>\n<meta property=\"og:site_name\" content=\"G\u00e1vea News\" \/>\n<meta property=\"article:publisher\" content=\"https:\/\/facebook.com\/gaveaNews\/\" \/>\n<meta property=\"article:published_time\" content=\"2024-11-14T17:55:51+00:00\" \/>\n<meta name=\"author\" content=\"Bruno Zanchetta\" \/>\n<meta name=\"twitter:card\" content=\"summary_large_image\" \/>\n<meta name=\"twitter:label1\" content=\"Escrito por\" \/>\n\t<meta name=\"twitter:data1\" content=\"Bruno Zanchetta\" \/>\n\t<meta name=\"twitter:label2\" content=\"Est. tempo de leitura\" \/>\n\t<meta name=\"twitter:data2\" content=\"2 minutos\" \/>\n<script type=\"application\/ld+json\" class=\"yoast-schema-graph\">{\"@context\":\"https:\/\/schema.org\",\"@graph\":[{\"@type\":\"NewsArticle\",\"@id\":\"https:\/\/www.gaveanews.com\/index.php\/2024\/11\/14\/vegetti-vai-renovar-com-o-vasco-2\/#article\",\"isPartOf\":{\"@id\":\"https:\/\/www.gaveanews.com\/index.php\/2024\/11\/14\/vegetti-vai-renovar-com-o-vasco-2\/\"},\"author\":{\"name\":\"Bruno Zanchetta\",\"@id\":\"https:\/\/www.gaveanews.com\/#\/schema\/person\/32fddefab25b466689f181be346cd98c\"},\"headline\":\"Vegetti vai renovar com o Vasco?\",\"datePublished\":\"2024-11-14T17:55:51+00:00\",\"mainEntityOfPage\":{\"@id\":\"https:\/\/www.gaveanews.com\/index.php\/2024\/11\/14\/vegetti-vai-renovar-com-o-vasco-2\/\"},\"wordCount\":333,\"commentCount\":0,\"image\":{\"@id\":\"https:\/\/www.gaveanews.com\/index.php\/2024\/11\/14\/vegetti-vai-renovar-com-o-vasco-2\/#primaryimage\"},\"thumbnailUrl\":\"https:\/\/www.gaveanews.com\/wp-content\/uploads\/Pablo-Vegetti-em-acao-pelo-Vasco.avif\",\"articleSection\":[\"Vasco\"],\"inLanguage\":\"pt-BR\",\"potentialAction\":[{\"@type\":\"CommentAction\",\"name\":\"Comment\",\"target\":[\"https:\/\/www.gaveanews.com\/index.php\/2024\/11\/14\/vegetti-vai-renovar-com-o-vasco-2\/#respond\"]}],\"copyrightYear\":\"2024\",\"copyrightHolder\":{\"@id\":\"https:\/\/www.gaveanews.com\/#organization\"}},{\"@type\":\"WebPage\",\"@id\":\"https:\/\/www.gaveanews.com\/index.php\/2024\/11\/14\/vegetti-vai-renovar-com-o-vasco-2\/\",\"url\":\"https:\/\/www.gaveanews.com\/index.php\/2024\/11\/14\/vegetti-vai-renovar-com-o-vasco-2\/\",\"name\":\"Vegetti vai renovar com o Vasco?\",\"isPartOf\":{\"@id\":\"https:\/\/www.gaveanews.com\/#website\"},\"primaryImageOfPage\":{\"@id\":\"https:\/\/www.gaveanews.com\/index.php\/2024\/11\/14\/vegetti-vai-renovar-com-o-vasco-2\/#primaryimage\"},\"image\":{\"@id\":\"https:\/\/www.gaveanews.com\/index.php\/2024\/11\/14\/vegetti-vai-renovar-com-o-vasco-2\/#primaryimage\"},\"thumbnailUrl\":\"https:\/\/www.gaveanews.com\/wp-content\/uploads\/Pablo-Vegetti-em-acao-pelo-Vasco.avif\",\"datePublished\":\"2024-11-14T17:55:51+00:00\",\"author\":{\"@id\":\"https:\/\/www.gaveanews.com\/#\/schema\/person\/32fddefab25b466689f181be346cd98c\"},\"breadcrumb\":{\"@id\":\"https:\/\/www.gaveanews.com\/index.php\/2024\/11\/14\/vegetti-vai-renovar-com-o-vasco-2\/#breadcrumb\"},\"inLanguage\":\"pt-BR\",\"potentialAction\":[{\"@type\":\"ReadAction\",\"target\":[\"https:\/\/www.gaveanews.com\/index.php\/2024\/11\/14\/vegetti-vai-renovar-com-o-vasco-2\/\"]}]},{\"@type\":\"ImageObject\",\"inLanguage\":\"pt-BR\",\"@id\":\"https:\/\/www.gaveanews.com\/index.php\/2024\/11\/14\/vegetti-vai-renovar-com-o-vasco-2\/#primaryimage\",\"url\":\"https:\/\/www.gaveanews.com\/wp-content\/uploads\/Pablo-Vegetti-em-acao-pelo-Vasco.avif\",\"contentUrl\":\"https:\/\/www.gaveanews.com\/wp-content\/uploads\/Pablo-Vegetti-em-acao-pelo-Vasco.avif\",\"width\":900,\"height\":600,\"caption\":\"Pablo Vegetti em a\u00e7\u00e3o pelo Vasco (Foto: Leandro Amorim\/Vasco)\"},{\"@type\":\"BreadcrumbList\",\"@id\":\"https:\/\/www.gaveanews.com\/index.php\/2024\/11\/14\/vegetti-vai-renovar-com-o-vasco-2\/#breadcrumb\",\"itemListElement\":[{\"@type\":\"ListItem\",\"position\":1,\"name\":\"Home\",\"item\":\"https:\/\/www.gaveanews.com\/\"},{\"@type\":\"ListItem\",\"position\":2,\"name\":\"Vegetti vai renovar com o Vasco?\"}]},{\"@type\":\"WebSite\",\"@id\":\"https:\/\/www.gaveanews.com\/#website\",\"url\":\"https:\/\/www.gaveanews.com\/\",\"name\":\"G\u00e1vea News\",\"description\":\"Veja todas as not\u00edcias sobre o Flamengo: Contrata\u00e7\u00f5es, categorias de base, resultados das partidas, tabela de classifica\u00e7\u00e3o, pr\u00f3ximos jogos!\",\"potentialAction\":[{\"@type\":\"SearchAction\",\"target\":{\"@type\":\"EntryPoint\",\"urlTemplate\":\"https:\/\/www.gaveanews.com\/?s={search_term_string}\"},\"query-input\":{\"@type\":\"PropertyValueSpecification\",\"valueRequired\":true,\"valueName\":\"search_term_string\"}}],\"inLanguage\":\"pt-BR\"},{\"@type\":\"Person\",\"@id\":\"https:\/\/www.gaveanews.com\/#\/schema\/person\/32fddefab25b466689f181be346cd98c\",\"name\":\"Bruno Zanchetta\",\"image\":{\"@type\":\"ImageObject\",\"inLanguage\":\"pt-BR\",\"@id\":\"https:\/\/www.gaveanews.com\/#\/schema\/person\/image\/\",\"url\":\"https:\/\/secure.gravatar.com\/avatar\/3ba2d39f8a912ad65276975a996d6ad8d9e3dd13448684be8dc4d7c17099d2ee?s=96&d=mm&r=g\",\"contentUrl\":\"https:\/\/secure.gravatar.com\/avatar\/3ba2d39f8a912ad65276975a996d6ad8d9e3dd13448684be8dc4d7c17099d2ee?s=96&d=mm&r=g\",\"caption\":\"Bruno Zanchetta\"}}]}<\/script>\n<!-- \/ Yoast SEO Premium plugin. -->","yoast_head_json":{"title":"Vegetti vai renovar com o Vasco?","robots":{"index":"index","follow":"follow","max-snippet":"max-snippet:-1","max-image-preview":"max-image-preview:large","max-video-preview":"max-video-preview:-1"},"canonical":"https:\/\/www.gaveanews.com\/index.php\/2024\/11\/14\/vegetti-vai-renovar-com-o-vasco-2\/","og_locale":"pt_BR","og_type":"article","og_title":"Vegetti vai renovar com o Vasco?","og_description":"Vegetti \u00e9 um dos maiores nomes do Vasco na temporada, mas, aos 36 anos, o argentino j\u00e1 deve come\u00e7ar a transi\u00e7\u00e3o para o fim de sua carreira. Os n\u00fameros do Vegetti at\u00e9 o momento s\u00e3o bem expressivos, e ajudaram o Vasco a n\u00e3o brigar pelo rebaixamento e est\u00e3o levando o Cruzmaltino rumo a uma competi\u00e7\u00e3o [&hellip;]","og_url":"https:\/\/www.gaveanews.com\/index.php\/2024\/11\/14\/vegetti-vai-renovar-com-o-vasco-2\/","og_site_name":"G\u00e1vea News","article_publisher":"https:\/\/facebook.com\/gaveaNews\/","article_published_time":"2024-11-14T17:55:51+00:00","author":"Bruno Zanchetta","twitter_card":"summary_large_image","twitter_misc":{"Escrito por":"Bruno Zanchetta","Est. tempo de leitura":"2 minutos"},"schema":{"@context":"https:\/\/schema.org","@graph":[{"@type":"NewsArticle","@id":"https:\/\/www.gaveanews.com\/index.php\/2024\/11\/14\/vegetti-vai-renovar-com-o-vasco-2\/#article","isPartOf":{"@id":"https:\/\/www.gaveanews.com\/index.php\/2024\/11\/14\/vegetti-vai-renovar-com-o-vasco-2\/"},"author":{"name":"Bruno Zanchetta","@id":"https:\/\/www.gaveanews.com\/#\/schema\/person\/32fddefab25b466689f181be346cd98c"},"headline":"Vegetti vai renovar com o Vasco?","datePublished":"2024-11-14T17:55:51+00:00","mainEntityOfPage":{"@id":"https:\/\/www.gaveanews.com\/index.php\/2024\/11\/14\/vegetti-vai-renovar-com-o-vasco-2\/"},"wordCount":333,"commentCount":0,"image":{"@id":"https:\/\/www.gaveanews.com\/index.php\/2024\/11\/14\/vegetti-vai-renovar-com-o-vasco-2\/#primaryimage"},"thumbnailUrl":"https:\/\/www.gaveanews.com\/wp-content\/uploads\/Pablo-Vegetti-em-acao-pelo-Vasco.avif","articleSection":["Vasco"],"inLanguage":"pt-BR","potentialAction":[{"@type":"CommentAction","name":"Comment","target":["https:\/\/www.gaveanews.com\/index.php\/2024\/11\/14\/vegetti-vai-renovar-com-o-vasco-2\/#respond"]}],"copyrightYear":"2024","copyrightHolder":{"@id":"https:\/\/www.gaveanews.com\/#organization"}},{"@type":"WebPage","@id":"https:\/\/www.gaveanews.com\/index.php\/2024\/11\/14\/vegetti-vai-renovar-com-o-vasco-2\/","url":"https:\/\/www.gaveanews.com\/index.php\/2024\/11\/14\/vegetti-vai-renovar-com-o-vasco-2\/","name":"Vegetti vai renovar com o Vasco?","isPartOf":{"@id":"https:\/\/www.gaveanews.com\/#website"},"primaryImageOfPage":{"@id":"https:\/\/www.gaveanews.com\/index.php\/2024\/11\/14\/vegetti-vai-renovar-com-o-vasco-2\/#primaryimage"},"image":{"@id":"https:\/\/www.gaveanews.com\/index.php\/2024\/11\/14\/vegetti-vai-renovar-com-o-vasco-2\/#primaryimage"},"thumbnailUrl":"https:\/\/www.gaveanews.com\/wp-content\/uploads\/Pablo-Vegetti-em-acao-pelo-Vasco.avif","datePublished":"2024-11-14T17:55:51+00:00","author":{"@id":"https:\/\/www.gaveanews.com\/#\/schema\/person\/32fddefab25b466689f181be346cd98c"},"breadcrumb":{"@id":"https:\/\/www.gaveanews.com\/index.php\/2024\/11\/14\/vegetti-vai-renovar-com-o-vasco-2\/#breadcrumb"},"inLanguage":"pt-BR","potentialAction":[{"@type":"ReadAction","target":["https:\/\/www.gaveanews.com\/index.php\/2024\/11\/14\/vegetti-vai-renovar-com-o-vasco-2\/"]}]},{"@type":"ImageObject","inLanguage":"pt-BR","@id":"https:\/\/www.gaveanews.com\/index.php\/2024\/11\/14\/vegetti-vai-renovar-com-o-vasco-2\/#primaryimage","url":"https:\/\/www.gaveanews.com\/wp-content\/uploads\/Pablo-Vegetti-em-acao-pelo-Vasco.avif","contentUrl":"https:\/\/www.gaveanews.com\/wp-content\/uploads\/Pablo-Vegetti-em-acao-pelo-Vasco.avif","width":900,"height":600,"caption":"Pablo Vegetti em a\u00e7\u00e3o pelo Vasco (Foto: Leandro Amorim\/Vasco)"},{"@type":"BreadcrumbList","@id":"https:\/\/www.gaveanews.com\/index.php\/2024\/11\/14\/vegetti-vai-renovar-com-o-vasco-2\/#breadcrumb","itemListElement":[{"@type":"ListItem","position":1,"name":"Home","item":"https:\/\/www.gaveanews.com\/"},{"@type":"ListItem","position":2,"name":"Vegetti vai renovar com o Vasco?"}]},{"@type":"WebSite","@id":"https:\/\/www.gaveanews.com\/#website","url":"https:\/\/www.gaveanews.com\/","name":"G\u00e1vea News","description":"Veja todas as not\u00edcias sobre o Flamengo: Contrata\u00e7\u00f5es, categorias de base, resultados das partidas, tabela de classifica\u00e7\u00e3o, pr\u00f3ximos jogos!","potentialAction":[{"@type":"SearchAction","target":{"@type":"EntryPoint","urlTemplate":"https:\/\/www.gaveanews.com\/?s={search_term_string}"},"query-input":{"@type":"PropertyValueSpecification","valueRequired":true,"valueName":"search_term_string"}}],"inLanguage":"pt-BR"},{"@type":"Person","@id":"https:\/\/www.gaveanews.com\/#\/schema\/person\/32fddefab25b466689f181be346cd98c","name":"Bruno Zanchetta","image":{"@type":"ImageObject","inLanguage":"pt-BR","@id":"https:\/\/www.gaveanews.com\/#\/schema\/person\/image\/","url":"https:\/\/secure.gravatar.com\/avatar\/3ba2d39f8a912ad65276975a996d6ad8d9e3dd13448684be8dc4d7c17099d2ee?s=96&d=mm&r=g","contentUrl":"https:\/\/secure.gravatar.com\/avatar\/3ba2d39f8a912ad65276975a996d6ad8d9e3dd13448684be8dc4d7c17099d2ee?s=96&d=mm&r=g","caption":"Bruno Zanchetta"}}]}},"_links":{"self":[{"href":"https:\/\/www.gaveanews.com\/index.php\/wp-json\/wp\/v2\/posts\/185303","targetHints":{"allow":["GET"]}}],"collection":[{"href":"https:\/\/www.gaveanews.com\/index.php\/wp-json\/wp\/v2\/posts"}],"about":[{"href":"https:\/\/www.gaveanews.com\/index.php\/wp-json\/wp\/v2\/types\/post"}],"author":[{"embeddable":true,"href":"https:\/\/www.gaveanews.com\/index.php\/wp-json\/wp\/v2\/users\/19"}],"replies":[{"embeddable":true,"href":"https:\/\/www.gaveanews.com\/index.php\/wp-json\/wp\/v2\/comments?post=185303"}],"version-history":[{"count":2,"href":"https:\/\/www.gaveanews.com\/index.php\/wp-json\/wp\/v2\/posts\/185303\/revisions"}],"predecessor-version":[{"id":185379,"href":"https:\/\/www.gaveanews.com\/index.php\/wp-json\/wp\/v2\/posts\/185303\/revisions\/185379"}],"wp:featuredmedia":[{"embeddable":true,"href":"https:\/\/www.gaveanews.com\/index.php\/wp-json\/wp\/v2\/media\/146070"}],"wp:attachment":[{"href":"https:\/\/www.gaveanews.com\/index.php\/wp-json\/wp\/v2\/media?parent=185303"}],"wp:term":[{"taxonomy":"category","embeddable":true,"href":"https:\/\/www.gaveanews.com\/index.php\/wp-json\/wp\/v2\/categories?post=185303"},{"taxonomy":"post_tag","embeddable":true,"href":"https:\/\/www.gaveanews.com\/index.php\/wp-json\/wp\/v2\/tags?post=185303"}],"curies":[{"name":"wp","href":"https:\/\/api.w.org\/{rel}","templated":true}]}}