{"id":185308,"date":"2024-11-14T13:00:00","date_gmt":"2024-11-14T16:00:00","guid":{"rendered":"https:\/\/www.gaveanews.com\/?p=185308"},"modified":"2024-11-14T12:19:00","modified_gmt":"2024-11-14T15:19:00","slug":"filipe-luis-e-sincero-ao-falar-sobre-penalti-perdido-por-david-luiz","status":"publish","type":"post","link":"https:\/\/www.gaveanews.com\/index.php\/2024\/11\/14\/filipe-luis-e-sincero-ao-falar-sobre-penalti-perdido-por-david-luiz\/","title":{"rendered":"Filipe Lu\u00eds \u00e9 sincero ao falar sobre p\u00eanalti perdido por David Luiz"},"content":{"rendered":"\n<h2 class=\"wp-block-heading\" id=\"h-filipe-luis-defende-david-luiz\">Filipe Lu\u00eds defende David Luiz\u00a0<\/h2>\n\n\n\n<p>Al\u00e9m de comentar sobre o afastamento de Gabigol, o treinador Filipe Lu\u00eds analisou o desempenho de sua equipe no empate sem gols contra o Atl\u00e9tico-MG, ocorrido nesta quarta-feira no Maracan\u00e3, pela 34\u00aa rodada do Campeonato Brasileiro. Um dos t\u00f3picos mais discutidos foi a decis\u00e3o de colocar David Luiz como cobrador do p\u00eanalti que o Flamengo teve durante a partida, que foi defendido por Everson. O t\u00e9cnico explicou a raz\u00e3o pela qual o zagueiro assumiu essa responsabilidade.<\/p>\n\n\n\n<ul class=\"wp-block-list\">\n<li><a href=\"https:\/\/www.gaveanews.com\/index.php\/2024\/11\/14\/flamengo-faz-historia-declaracao-de-david-luiz-e-recado-de-ronaldo-angelim-as-ultimas-noticias-do-mais-querido\/\">Flamengo faz hist\u00f3ria, declara\u00e7\u00e3o de David Luiz e recado de Ronaldo Angelim: as \u00faltimas not\u00edcias do Mais querido<\/a><\/li>\n\n\n\n<li><a href=\"https:\/\/www.gaveanews.com\/index.php\/2024\/11\/14\/jogadores-se-irritam-com-gabigol-declaracao-de-filipe-luis-e-situacao-de-de-la-cruz-e-arrascaeta-as-ultimas-noticias-do-flamengo\/\">Jogadores se irritam com Gabigol, declara\u00e7\u00e3o de Filipe Lu\u00eds e situa\u00e7\u00e3o de De La Cruz e Arrascaeta: as \u00faltimas not\u00edcias do Flamengo<br><\/a><\/li>\n<\/ul>\n\n\n\n<p><em>\u2014 Participo de todas as escolhas do meu time. At\u00e9 os arremessos de lateral. O David Luiz e o Alcaraz eram os dois batedores de hoje. O David treina p\u00eanalti todos os dias. Tem uma m\u00e9dia de acertos incr\u00edvel. Acredito que o Everson conhecia ele, algo assim. Mas isso \u00e9 absolutamente normal. O Charly poderia ter errado o p\u00eanalti. Todos est\u00e3o sujeitos a isso. Eu tenho confian\u00e7a nos batedores que eu escolho. Vejo ele treinar e sei da capacidade que ele tem. Ele bateu p\u00eanalti em final de Champions League, declarou.<\/em><\/p>\n\n\n\n<h2 class=\"wp-block-heading\" id=\"h-como-foi-o-lance\">Como foi o lance?<\/h2>\n\n\n\n<p>Wesley tomou a posse da bola no setor ofensivo, avan\u00e7ou para a \u00e1rea e foi derrubado por Lyanco. Claramente um p\u00eanalti. David Luiz se ofereceu para cobrar, enquanto Charly Alcaraz se aproximou do defensor e solicitou que ele executasse a cobran\u00e7a. O argentino tamb\u00e9m tem um bom desempenho nas cobran\u00e7as de falta pelo Flamengo, marcando dois gols contra Bahia e Internacional. No entanto, o atleta experiente venceu o embate.<\/p>\n\n\n\n<figure class=\"wp-block-image size-full\"><img loading=\"lazy\" decoding=\"async\" width=\"900\" height=\"600\" src=\"https:\/\/www.gaveanews.com\/wp-content\/uploads\/david-luiz-flamengo-gol.webp\" alt=\"\" class=\"wp-image-146118\" srcset=\"https:\/\/www.gaveanews.com\/wp-content\/uploads\/david-luiz-flamengo-gol.webp 900w, https:\/\/www.gaveanews.com\/wp-content\/uploads\/david-luiz-flamengo-gol-300x200.webp 300w, https:\/\/www.gaveanews.com\/wp-content\/uploads\/david-luiz-flamengo-gol-768x512.webp 768w, https:\/\/www.gaveanews.com\/wp-content\/uploads\/david-luiz-flamengo-gol-630x420.webp 630w, https:\/\/www.gaveanews.com\/wp-content\/uploads\/david-luiz-flamengo-gol-640x427.webp 640w, https:\/\/www.gaveanews.com\/wp-content\/uploads\/david-luiz-flamengo-gol-681x454.webp 681w, https:\/\/www.gaveanews.com\/wp-content\/uploads\/david-luiz-flamengo-gol-100x67.webp 100w\" sizes=\"auto, (max-width: 900px) 100vw, 900px\" \/><figcaption class=\"wp-element-caption\">David Luiz marca gol pelo Flamengo (Foto: Gilvan de Souza\/Flamengo)<\/figcaption><\/figure>\n\n\n\n<p>Alcaraz det\u00e9m 100% de sucesso nos p\u00eanaltis com a camisa do Flamengo, enquanto David Luiz det\u00e9m apenas 40% na carreira. Afinal, esta foi a quinta penalidade convertida pelo defensor, contabilizando dois acertos e tr\u00eas falhas. O momento mencionado por Filipe Lu\u00eds na final da Champions League n\u00e3o \u00e9 contabilizado, pois ocorreu em uma disputa de p\u00eanaltis ap\u00f3s um empate no tempo regulamentar.<\/p>\n\n\n\n<h2 class=\"wp-block-heading\" id=\"h-filipe-luis-ainda-comentou-sobre-o-jogo\">Filipe Lu\u00eds ainda comentou sobre o jogo<\/h2>\n\n\n\n<p>Em rela\u00e7\u00e3o ao jogo, com esse empate, o Flamengo alcan\u00e7ou 59 pontos e se manteve em 4\u00ba lugar, mas viu sua dist\u00e2ncia para os l\u00edderes aumentar e as chances de conquistar o Campeonato Brasileiro diminu\u00edrem. Apesar do resultado, Filipe Lu\u00eds elogiou a atua\u00e7\u00e3o da equipe rubro-negra e expressou satisfa\u00e7\u00e3o com o desempenho exibido em campo.<\/p>\n\n\n\n<p><em>\u2014 Foi um joga\u00e7o do meu time. Sa\u00ed extremamente satisfeito porque eu criei um modelo de jogo em que o torcedor se sinta representado. De atacar a todo momento, vertical, que tenha chances de gol. E eu vi esse modelo sendo representado por esses jogadores, que treinaram pouqu\u00edssimo juntos, nunca tinham jogados juntos. Foram muitas chances para fazer o gol, infelizmente a bola n\u00e3o entrou, mas o futebol \u00e9 assim.<\/em><\/p>\n","protected":false},"excerpt":{"rendered":"<p>Filipe Lu\u00eds defende David Luiz\u00a0 Al\u00e9m de comentar sobre o afastamento de Gabigol, o treinador Filipe Lu\u00eds analisou o desempenho de sua equipe no empate sem gols contra o Atl\u00e9tico-MG, ocorrido nesta quarta-feira no Maracan\u00e3, pela 34\u00aa rodada do Campeonato Brasileiro. Um dos t\u00f3picos mais discutidos foi a decis\u00e3o de colocar David Luiz como cobrador [&hellip;]<\/p>\n","protected":false},"author":16,"featured_media":170536,"comment_status":"open","ping_status":"closed","sticky":false,"template":"","format":"standard","meta":{"footnotes":""},"categories":[1],"tags":[],"class_list":["post-185308","post","type-post","status-publish","format-standard","has-post-thumbnail","hentry","category-flamengo"],"yoast_head":"<!-- This site is optimized with the Yoast SEO Premium plugin v24.2 (Yoast SEO v26.9) - https:\/\/yoast.com\/product\/yoast-seo-premium-wordpress\/ -->\n<title>Filipe Lu\u00eds \u00e9 sincero ao falar sobre p\u00eanalti perdido por David Luiz<\/title>\n<meta name=\"description\" content=\"Filipe Lu\u00eds \u00e9 sincero ao falar sobre p\u00eanalti perdido por David Luiz\" \/>\n<meta name=\"robots\" content=\"index, follow, max-snippet:-1, max-image-preview:large, max-video-preview:-1\" \/>\n<link rel=\"canonical\" href=\"https:\/\/www.gaveanews.com\/index.php\/2024\/11\/14\/filipe-luis-e-sincero-ao-falar-sobre-penalti-perdido-por-david-luiz\/\" \/>\n<meta property=\"og:locale\" content=\"pt_BR\" \/>\n<meta property=\"og:type\" content=\"article\" \/>\n<meta property=\"og:title\" content=\"Filipe Lu\u00eds \u00e9 sincero ao falar sobre p\u00eanalti perdido por David Luiz\" \/>\n<meta property=\"og:description\" content=\"Filipe Lu\u00eds \u00e9 sincero ao falar sobre p\u00eanalti perdido por David Luiz\" \/>\n<meta property=\"og:url\" content=\"https:\/\/www.gaveanews.com\/index.php\/2024\/11\/14\/filipe-luis-e-sincero-ao-falar-sobre-penalti-perdido-por-david-luiz\/\" \/>\n<meta property=\"og:site_name\" content=\"G\u00e1vea News\" \/>\n<meta property=\"article:publisher\" content=\"https:\/\/facebook.com\/gaveaNews\/\" \/>\n<meta property=\"article:published_time\" content=\"2024-11-14T16:00:00+00:00\" \/>\n<meta property=\"og:image\" content=\"https:\/\/www.gaveanews.com\/wp-content\/uploads\/filipe-luis-apresentacao-ct-ninho-do-urubu-flamengo-860x537-1.webp\" \/>\n\t<meta property=\"og:image:width\" content=\"860\" \/>\n\t<meta property=\"og:image:height\" content=\"537\" \/>\n\t<meta property=\"og:image:type\" content=\"image\/webp\" \/>\n<meta name=\"author\" content=\"D\u00e9bora Figueiredo\" \/>\n<meta name=\"twitter:card\" content=\"summary_large_image\" \/>\n<meta name=\"twitter:label1\" content=\"Escrito por\" \/>\n\t<meta name=\"twitter:data1\" content=\"D\u00e9bora Figueiredo\" \/>\n\t<meta name=\"twitter:label2\" content=\"Est. tempo de leitura\" \/>\n\t<meta name=\"twitter:data2\" content=\"4 minutos\" \/>\n<script type=\"application\/ld+json\" class=\"yoast-schema-graph\">{\"@context\":\"https:\/\/schema.org\",\"@graph\":[{\"@type\":\"NewsArticle\",\"@id\":\"https:\/\/www.gaveanews.com\/index.php\/2024\/11\/14\/filipe-luis-e-sincero-ao-falar-sobre-penalti-perdido-por-david-luiz\/#article\",\"isPartOf\":{\"@id\":\"https:\/\/www.gaveanews.com\/index.php\/2024\/11\/14\/filipe-luis-e-sincero-ao-falar-sobre-penalti-perdido-por-david-luiz\/\"},\"author\":{\"name\":\"D\u00e9bora Figueiredo\",\"@id\":\"https:\/\/www.gaveanews.com\/#\/schema\/person\/37122681a8575a5c8db05a56f099a5e4\"},\"headline\":\"Filipe Lu\u00eds \u00e9 sincero ao falar sobre p\u00eanalti perdido por David Luiz\",\"datePublished\":\"2024-11-14T16:00:00+00:00\",\"mainEntityOfPage\":{\"@id\":\"https:\/\/www.gaveanews.com\/index.php\/2024\/11\/14\/filipe-luis-e-sincero-ao-falar-sobre-penalti-perdido-por-david-luiz\/\"},\"wordCount\":541,\"commentCount\":0,\"image\":{\"@id\":\"https:\/\/www.gaveanews.com\/index.php\/2024\/11\/14\/filipe-luis-e-sincero-ao-falar-sobre-penalti-perdido-por-david-luiz\/#primaryimage\"},\"thumbnailUrl\":\"https:\/\/www.gaveanews.com\/wp-content\/uploads\/filipe-luis-apresentacao-ct-ninho-do-urubu-flamengo-860x537-1.webp\",\"articleSection\":[\"Flamengo\"],\"inLanguage\":\"pt-BR\",\"potentialAction\":[{\"@type\":\"CommentAction\",\"name\":\"Comment\",\"target\":[\"https:\/\/www.gaveanews.com\/index.php\/2024\/11\/14\/filipe-luis-e-sincero-ao-falar-sobre-penalti-perdido-por-david-luiz\/#respond\"]}],\"copyrightYear\":\"2024\",\"copyrightHolder\":{\"@id\":\"https:\/\/www.gaveanews.com\/#organization\"}},{\"@type\":\"WebPage\",\"@id\":\"https:\/\/www.gaveanews.com\/index.php\/2024\/11\/14\/filipe-luis-e-sincero-ao-falar-sobre-penalti-perdido-por-david-luiz\/\",\"url\":\"https:\/\/www.gaveanews.com\/index.php\/2024\/11\/14\/filipe-luis-e-sincero-ao-falar-sobre-penalti-perdido-por-david-luiz\/\",\"name\":\"Filipe Lu\u00eds \u00e9 sincero ao falar sobre p\u00eanalti perdido por David Luiz\",\"isPartOf\":{\"@id\":\"https:\/\/www.gaveanews.com\/#website\"},\"primaryImageOfPage\":{\"@id\":\"https:\/\/www.gaveanews.com\/index.php\/2024\/11\/14\/filipe-luis-e-sincero-ao-falar-sobre-penalti-perdido-por-david-luiz\/#primaryimage\"},\"image\":{\"@id\":\"https:\/\/www.gaveanews.com\/index.php\/2024\/11\/14\/filipe-luis-e-sincero-ao-falar-sobre-penalti-perdido-por-david-luiz\/#primaryimage\"},\"thumbnailUrl\":\"https:\/\/www.gaveanews.com\/wp-content\/uploads\/filipe-luis-apresentacao-ct-ninho-do-urubu-flamengo-860x537-1.webp\",\"datePublished\":\"2024-11-14T16:00:00+00:00\",\"author\":{\"@id\":\"https:\/\/www.gaveanews.com\/#\/schema\/person\/37122681a8575a5c8db05a56f099a5e4\"},\"description\":\"Filipe Lu\u00eds \u00e9 sincero ao falar sobre p\u00eanalti perdido por David Luiz\",\"breadcrumb\":{\"@id\":\"https:\/\/www.gaveanews.com\/index.php\/2024\/11\/14\/filipe-luis-e-sincero-ao-falar-sobre-penalti-perdido-por-david-luiz\/#breadcrumb\"},\"inLanguage\":\"pt-BR\",\"potentialAction\":[{\"@type\":\"ReadAction\",\"target\":[\"https:\/\/www.gaveanews.com\/index.php\/2024\/11\/14\/filipe-luis-e-sincero-ao-falar-sobre-penalti-perdido-por-david-luiz\/\"]}]},{\"@type\":\"ImageObject\",\"inLanguage\":\"pt-BR\",\"@id\":\"https:\/\/www.gaveanews.com\/index.php\/2024\/11\/14\/filipe-luis-e-sincero-ao-falar-sobre-penalti-perdido-por-david-luiz\/#primaryimage\",\"url\":\"https:\/\/www.gaveanews.com\/wp-content\/uploads\/filipe-luis-apresentacao-ct-ninho-do-urubu-flamengo-860x537-1.webp\",\"contentUrl\":\"https:\/\/www.gaveanews.com\/wp-content\/uploads\/filipe-luis-apresentacao-ct-ninho-do-urubu-flamengo-860x537-1.webp\",\"width\":860,\"height\":537,\"caption\":\"Foto: Leo Jos\u00e9 \/ Coluna do Fla\"},{\"@type\":\"BreadcrumbList\",\"@id\":\"https:\/\/www.gaveanews.com\/index.php\/2024\/11\/14\/filipe-luis-e-sincero-ao-falar-sobre-penalti-perdido-por-david-luiz\/#breadcrumb\",\"itemListElement\":[{\"@type\":\"ListItem\",\"position\":1,\"name\":\"Home\",\"item\":\"https:\/\/www.gaveanews.com\/\"},{\"@type\":\"ListItem\",\"position\":2,\"name\":\"Filipe Lu\u00eds \u00e9 sincero ao falar sobre p\u00eanalti perdido por David Luiz\"}]},{\"@type\":\"WebSite\",\"@id\":\"https:\/\/www.gaveanews.com\/#website\",\"url\":\"https:\/\/www.gaveanews.com\/\",\"name\":\"G\u00e1vea News\",\"description\":\"Veja todas as not\u00edcias sobre o Flamengo: Contrata\u00e7\u00f5es, categorias de base, resultados das partidas, tabela de classifica\u00e7\u00e3o, pr\u00f3ximos jogos!\",\"potentialAction\":[{\"@type\":\"SearchAction\",\"target\":{\"@type\":\"EntryPoint\",\"urlTemplate\":\"https:\/\/www.gaveanews.com\/?s={search_term_string}\"},\"query-input\":{\"@type\":\"PropertyValueSpecification\",\"valueRequired\":true,\"valueName\":\"search_term_string\"}}],\"inLanguage\":\"pt-BR\"},{\"@type\":\"Person\",\"@id\":\"https:\/\/www.gaveanews.com\/#\/schema\/person\/37122681a8575a5c8db05a56f099a5e4\",\"name\":\"D\u00e9bora Figueiredo\",\"image\":{\"@type\":\"ImageObject\",\"inLanguage\":\"pt-BR\",\"@id\":\"https:\/\/www.gaveanews.com\/#\/schema\/person\/image\/\",\"url\":\"https:\/\/secure.gravatar.com\/avatar\/1f44802859351588499d26f52aed1d15796ce17e67602895b72837c08018868d?s=96&d=mm&r=g\",\"contentUrl\":\"https:\/\/secure.gravatar.com\/avatar\/1f44802859351588499d26f52aed1d15796ce17e67602895b72837c08018868d?s=96&d=mm&r=g\",\"caption\":\"D\u00e9bora Figueiredo\"}}]}<\/script>\n<!-- \/ Yoast SEO Premium plugin. -->","yoast_head_json":{"title":"Filipe Lu\u00eds \u00e9 sincero ao falar sobre p\u00eanalti perdido por David Luiz","description":"Filipe Lu\u00eds \u00e9 sincero ao falar sobre p\u00eanalti perdido por David Luiz","robots":{"index":"index","follow":"follow","max-snippet":"max-snippet:-1","max-image-preview":"max-image-preview:large","max-video-preview":"max-video-preview:-1"},"canonical":"https:\/\/www.gaveanews.com\/index.php\/2024\/11\/14\/filipe-luis-e-sincero-ao-falar-sobre-penalti-perdido-por-david-luiz\/","og_locale":"pt_BR","og_type":"article","og_title":"Filipe Lu\u00eds \u00e9 sincero ao falar sobre p\u00eanalti perdido por David Luiz","og_description":"Filipe Lu\u00eds \u00e9 sincero ao falar sobre p\u00eanalti perdido por David Luiz","og_url":"https:\/\/www.gaveanews.com\/index.php\/2024\/11\/14\/filipe-luis-e-sincero-ao-falar-sobre-penalti-perdido-por-david-luiz\/","og_site_name":"G\u00e1vea News","article_publisher":"https:\/\/facebook.com\/gaveaNews\/","article_published_time":"2024-11-14T16:00:00+00:00","og_image":[{"width":860,"height":537,"url":"https:\/\/www.gaveanews.com\/wp-content\/uploads\/filipe-luis-apresentacao-ct-ninho-do-urubu-flamengo-860x537-1.webp","type":"image\/webp"}],"author":"D\u00e9bora Figueiredo","twitter_card":"summary_large_image","twitter_misc":{"Escrito por":"D\u00e9bora Figueiredo","Est. tempo de leitura":"4 minutos"},"schema":{"@context":"https:\/\/schema.org","@graph":[{"@type":"NewsArticle","@id":"https:\/\/www.gaveanews.com\/index.php\/2024\/11\/14\/filipe-luis-e-sincero-ao-falar-sobre-penalti-perdido-por-david-luiz\/#article","isPartOf":{"@id":"https:\/\/www.gaveanews.com\/index.php\/2024\/11\/14\/filipe-luis-e-sincero-ao-falar-sobre-penalti-perdido-por-david-luiz\/"},"author":{"name":"D\u00e9bora Figueiredo","@id":"https:\/\/www.gaveanews.com\/#\/schema\/person\/37122681a8575a5c8db05a56f099a5e4"},"headline":"Filipe Lu\u00eds \u00e9 sincero ao falar sobre p\u00eanalti perdido por David Luiz","datePublished":"2024-11-14T16:00:00+00:00","mainEntityOfPage":{"@id":"https:\/\/www.gaveanews.com\/index.php\/2024\/11\/14\/filipe-luis-e-sincero-ao-falar-sobre-penalti-perdido-por-david-luiz\/"},"wordCount":541,"commentCount":0,"image":{"@id":"https:\/\/www.gaveanews.com\/index.php\/2024\/11\/14\/filipe-luis-e-sincero-ao-falar-sobre-penalti-perdido-por-david-luiz\/#primaryimage"},"thumbnailUrl":"https:\/\/www.gaveanews.com\/wp-content\/uploads\/filipe-luis-apresentacao-ct-ninho-do-urubu-flamengo-860x537-1.webp","articleSection":["Flamengo"],"inLanguage":"pt-BR","potentialAction":[{"@type":"CommentAction","name":"Comment","target":["https:\/\/www.gaveanews.com\/index.php\/2024\/11\/14\/filipe-luis-e-sincero-ao-falar-sobre-penalti-perdido-por-david-luiz\/#respond"]}],"copyrightYear":"2024","copyrightHolder":{"@id":"https:\/\/www.gaveanews.com\/#organization"}},{"@type":"WebPage","@id":"https:\/\/www.gaveanews.com\/index.php\/2024\/11\/14\/filipe-luis-e-sincero-ao-falar-sobre-penalti-perdido-por-david-luiz\/","url":"https:\/\/www.gaveanews.com\/index.php\/2024\/11\/14\/filipe-luis-e-sincero-ao-falar-sobre-penalti-perdido-por-david-luiz\/","name":"Filipe Lu\u00eds \u00e9 sincero ao falar sobre p\u00eanalti perdido por David Luiz","isPartOf":{"@id":"https:\/\/www.gaveanews.com\/#website"},"primaryImageOfPage":{"@id":"https:\/\/www.gaveanews.com\/index.php\/2024\/11\/14\/filipe-luis-e-sincero-ao-falar-sobre-penalti-perdido-por-david-luiz\/#primaryimage"},"image":{"@id":"https:\/\/www.gaveanews.com\/index.php\/2024\/11\/14\/filipe-luis-e-sincero-ao-falar-sobre-penalti-perdido-por-david-luiz\/#primaryimage"},"thumbnailUrl":"https:\/\/www.gaveanews.com\/wp-content\/uploads\/filipe-luis-apresentacao-ct-ninho-do-urubu-flamengo-860x537-1.webp","datePublished":"2024-11-14T16:00:00+00:00","author":{"@id":"https:\/\/www.gaveanews.com\/#\/schema\/person\/37122681a8575a5c8db05a56f099a5e4"},"description":"Filipe Lu\u00eds \u00e9 sincero ao falar sobre p\u00eanalti perdido por David Luiz","breadcrumb":{"@id":"https:\/\/www.gaveanews.com\/index.php\/2024\/11\/14\/filipe-luis-e-sincero-ao-falar-sobre-penalti-perdido-por-david-luiz\/#breadcrumb"},"inLanguage":"pt-BR","potentialAction":[{"@type":"ReadAction","target":["https:\/\/www.gaveanews.com\/index.php\/2024\/11\/14\/filipe-luis-e-sincero-ao-falar-sobre-penalti-perdido-por-david-luiz\/"]}]},{"@type":"ImageObject","inLanguage":"pt-BR","@id":"https:\/\/www.gaveanews.com\/index.php\/2024\/11\/14\/filipe-luis-e-sincero-ao-falar-sobre-penalti-perdido-por-david-luiz\/#primaryimage","url":"https:\/\/www.gaveanews.com\/wp-content\/uploads\/filipe-luis-apresentacao-ct-ninho-do-urubu-flamengo-860x537-1.webp","contentUrl":"https:\/\/www.gaveanews.com\/wp-content\/uploads\/filipe-luis-apresentacao-ct-ninho-do-urubu-flamengo-860x537-1.webp","width":860,"height":537,"caption":"Foto: Leo Jos\u00e9 \/ Coluna do Fla"},{"@type":"BreadcrumbList","@id":"https:\/\/www.gaveanews.com\/index.php\/2024\/11\/14\/filipe-luis-e-sincero-ao-falar-sobre-penalti-perdido-por-david-luiz\/#breadcrumb","itemListElement":[{"@type":"ListItem","position":1,"name":"Home","item":"https:\/\/www.gaveanews.com\/"},{"@type":"ListItem","position":2,"name":"Filipe Lu\u00eds \u00e9 sincero ao falar sobre p\u00eanalti perdido por David Luiz"}]},{"@type":"WebSite","@id":"https:\/\/www.gaveanews.com\/#website","url":"https:\/\/www.gaveanews.com\/","name":"G\u00e1vea News","description":"Veja todas as not\u00edcias sobre o Flamengo: Contrata\u00e7\u00f5es, categorias de base, resultados das partidas, tabela de classifica\u00e7\u00e3o, pr\u00f3ximos jogos!","potentialAction":[{"@type":"SearchAction","target":{"@type":"EntryPoint","urlTemplate":"https:\/\/www.gaveanews.com\/?s={search_term_string}"},"query-input":{"@type":"PropertyValueSpecification","valueRequired":true,"valueName":"search_term_string"}}],"inLanguage":"pt-BR"},{"@type":"Person","@id":"https:\/\/www.gaveanews.com\/#\/schema\/person\/37122681a8575a5c8db05a56f099a5e4","name":"D\u00e9bora Figueiredo","image":{"@type":"ImageObject","inLanguage":"pt-BR","@id":"https:\/\/www.gaveanews.com\/#\/schema\/person\/image\/","url":"https:\/\/secure.gravatar.com\/avatar\/1f44802859351588499d26f52aed1d15796ce17e67602895b72837c08018868d?s=96&d=mm&r=g","contentUrl":"https:\/\/secure.gravatar.com\/avatar\/1f44802859351588499d26f52aed1d15796ce17e67602895b72837c08018868d?s=96&d=mm&r=g","caption":"D\u00e9bora Figueiredo"}}]}},"_links":{"self":[{"href":"https:\/\/www.gaveanews.com\/index.php\/wp-json\/wp\/v2\/posts\/185308","targetHints":{"allow":["GET"]}}],"collection":[{"href":"https:\/\/www.gaveanews.com\/index.php\/wp-json\/wp\/v2\/posts"}],"about":[{"href":"https:\/\/www.gaveanews.com\/index.php\/wp-json\/wp\/v2\/types\/post"}],"author":[{"embeddable":true,"href":"https:\/\/www.gaveanews.com\/index.php\/wp-json\/wp\/v2\/users\/16"}],"replies":[{"embeddable":true,"href":"https:\/\/www.gaveanews.com\/index.php\/wp-json\/wp\/v2\/comments?post=185308"}],"version-history":[{"count":1,"href":"https:\/\/www.gaveanews.com\/index.php\/wp-json\/wp\/v2\/posts\/185308\/revisions"}],"predecessor-version":[{"id":185311,"href":"https:\/\/www.gaveanews.com\/index.php\/wp-json\/wp\/v2\/posts\/185308\/revisions\/185311"}],"wp:featuredmedia":[{"embeddable":true,"href":"https:\/\/www.gaveanews.com\/index.php\/wp-json\/wp\/v2\/media\/170536"}],"wp:attachment":[{"href":"https:\/\/www.gaveanews.com\/index.php\/wp-json\/wp\/v2\/media?parent=185308"}],"wp:term":[{"taxonomy":"category","embeddable":true,"href":"https:\/\/www.gaveanews.com\/index.php\/wp-json\/wp\/v2\/categories?post=185308"},{"taxonomy":"post_tag","embeddable":true,"href":"https:\/\/www.gaveanews.com\/index.php\/wp-json\/wp\/v2\/tags?post=185308"}],"curies":[{"name":"wp","href":"https:\/\/api.w.org\/{rel}","templated":true}]}}