{"id":185317,"date":"2024-11-14T15:35:00","date_gmt":"2024-11-14T18:35:00","guid":{"rendered":"https:\/\/www.gaveanews.com\/?p=185317"},"modified":"2024-11-14T15:21:08","modified_gmt":"2024-11-14T18:21:08","slug":"video-a-declaracao-de-denilson-direcionada-a-memphis-depay-do-corinthians","status":"publish","type":"post","link":"https:\/\/www.gaveanews.com\/index.php\/2024\/11\/14\/video-a-declaracao-de-denilson-direcionada-a-memphis-depay-do-corinthians\/","title":{"rendered":"V\u00eddeo: a declara\u00e7\u00e3o de Den\u00edlson direcionada a Memphis Depay, do Corinthians"},"content":{"rendered":"\n<h2 class=\"wp-block-heading\" id=\"h-craque-dentro-e-fora-de-campo\">Craque dentro e fora de campo<\/h2>\n\n\n\n<p>Definitivamente, Memphis Depay j\u00e1 conquistou a torcida do Corinthians. Em pouco mais de dois meses de seu an\u00fancio, o holand\u00eas j\u00e1 incorporou o esp\u00edrito do Tim\u00e3o, tanto dentro de campo, como fora tamb\u00e9m.<\/p>\n\n\n\n<ul class=\"wp-block-list\">\n<li><a href=\"https:\/\/www.gaveanews.com\/index.php\/2024\/11\/14\/augusto-melo-e-sincero-ao-falar-sobre-reforcos-para-o-corinthians-em-2025\/\">Augusto Melo \u00e9 sincero ao falar sobre refor\u00e7os para o Corinthians em 2025<\/a><\/li>\n\n\n\n<li><a href=\"https:\/\/www.gaveanews.com\/index.php\/2024\/11\/12\/tecnico-da-holanda-e-sincero-ao-falar-sobre-memphis-depay-do-corinthians\/\">T\u00e9cnico da Holanda \u00e9 sincero ao falar sobre Memphis Depay, do Corinthians<\/a><\/li>\n<\/ul>\n\n\n\n<p>O camisa 94 vem sendo muito importante na retomada do Alvinegro Paulista no Brasileir\u00e3o e formando um grande trio junto com Yuri Alberto e Rodrigo Garro. Desde que ele chegou j\u00e1 foram tr\u00eas gols e quatro assist\u00eancias, em seis vit\u00f3rias, dois empates e duas derrotas. Vale destacar que em todas as partidas em que ele foi \u00e0s redes, o time paulista terminou vencedor.<\/p>\n\n\n\n<p>Falando de bola no p\u00e9, o atacante \u00e9 diferente. Trata-se de um atleta que j\u00e1 passou por grandes pot\u00eancias mundiais, como Manchester United, Barcelona, Atl\u00e9tico de Madrid, entre outros. Al\u00e9m disso, defendeu a Sele\u00e7\u00e3o Holandesa em duas Copas do Mundo e duas Eurocopas.<\/p>\n\n\n\n<p>Fora de campo, ele \u00e9 a humildade em pessoa. Frequentemente Memphis enaltece o Corinthians em entrevistas e publica\u00e7\u00f5es. Al\u00e9m disso, o europeu apareceu em sua folga aproveitando sua folga em terras paulistanas conhecendo mais de locais mais humildes da cidade e confraternizando com os torcedores corintianos.<\/p>\n\n\n\n<h2 class=\"wp-block-heading\" id=\"h-declaracao-de-denilson-sobre-o-atacante\">Declara\u00e7\u00e3o de Den\u00edlson sobre o atacante<\/h2>\n\n\n\n<p>Inclusive, em participa\u00e7\u00e3o no programa Donos da Bola, da Band, o comentarista e ex-jogador Den\u00edlson, acabou falando sobre o holand\u00eas e disse que Memphis vem potencializando os outros jogadores do time.<\/p>\n\n\n\n<p>\u201c<em>Aconteceu com o Depay, com a presen\u00e7a dele voc\u00ea v\u00ea o Yuri Alberto jogando melhor, o Garro nesses \u00faltimos jogos se destacando, o Talles quando entra em campo se sente mais confort\u00e1vel, o meio-campo do Corinthians est\u00e1 funcionando mais. S\u00f3 por causa da presen\u00e7a do Depay<\/em>\u201d, afirmou.<\/p>\n\n\n\n<h2 class=\"wp-block-heading\" id=\"h-ronaldo-giovanelli-concorda-e-complementa\">Ronaldo Giovanelli concorda e complementa<\/h2>\n\n\n\n<p>Na sequ\u00eancia, o ex-goleiro e \u00eddolo do Corinthians, Ronaldo Giovanelli, tamb\u00e9m v\u00ea a influ\u00eancia do atacante como determinante: \u201c<em>Mas sabe porqu\u00ea, Den\u00edlson? O craque \u00e9 craque em qualquer lugar. Quando o cara \u00e9 bom de bola \u00e9 na rua, \u00e9 no campinho, \u00e9 na quadra. Voc\u00ea olha e fala &#8216;esse moleque \u00e9 diferenciado&#8217;. S\u00e3o dois meses que ele est\u00e1 aqui, gente, e ele j\u00e1 fez essa mudan\u00e7a toda. Ent\u00e3o quando voc\u00ea vai gastar uma grana, que a gente fala que o gol \u00e9 caro, neste caso veio um combo, porque o cara al\u00e9m de ser um cara humano, gente boa, que joga muita bola, ele se adapta rapidamente<\/em>\u201d, completou.<\/p>\n\n\n\n<h2 class=\"wp-block-heading\" id=\"h-confira-o-video\">Confira o v\u00eddeo!<\/h2>\n\n\n\n<blockquote class=\"instagram-media\" data-instgrm-captioned data-instgrm-permalink=\"https:\/\/www.instagram.com\/reel\/DCUqKWbPVx3\/?utm_source=ig_embed&amp;utm_campaign=loading\" data-instgrm-version=\"14\" style=\" background:#FFF; border:0; border-radius:3px; box-shadow:0 0 1px 0 rgba(0,0,0,0.5),0 1px 10px 0 rgba(0,0,0,0.15); margin: 1px; max-width:540px; min-width:326px; padding:0; width:99.375%; width:-webkit-calc(100% - 2px); width:calc(100% - 2px);\"><div style=\"padding:16px;\"> <a href=\"https:\/\/www.instagram.com\/reel\/DCUqKWbPVx3\/?utm_source=ig_embed&amp;utm_campaign=loading\" style=\" background:#FFFFFF; line-height:0; padding:0 0; text-align:center; text-decoration:none; width:100%;\" target=\"_blank\" rel=\"noopener\"> <div style=\" display: flex; flex-direction: row; align-items: center;\"> <div style=\"background-color: #F4F4F4; border-radius: 50%; flex-grow: 0; height: 40px; margin-right: 14px; width: 40px;\"><\/div> <div style=\"display: flex; flex-direction: column; flex-grow: 1; justify-content: center;\"> <div style=\" background-color: #F4F4F4; border-radius: 4px; flex-grow: 0; height: 14px; margin-bottom: 6px; width: 100px;\"><\/div> <div style=\" background-color: #F4F4F4; border-radius: 4px; flex-grow: 0; height: 14px; width: 60px;\"><\/div><\/div><\/div><div style=\"padding: 19% 0;\"><\/div> <div style=\"display:block; height:50px; margin:0 auto 12px; width:50px;\"><svg width=\"50px\" height=\"50px\" viewBox=\"0 0 60 60\" version=\"1.1\" xmlns=\"https:\/\/www.w3.org\/2000\/svg\" xmlns:xlink=\"https:\/\/www.w3.org\/1999\/xlink\"><g stroke=\"none\" stroke-width=\"1\" fill=\"none\" fill-rule=\"evenodd\"><g transform=\"translate(-511.000000, -20.000000)\" fill=\"#000000\"><g><path d=\"M556.869,30.41 C554.814,30.41 553.148,32.076 553.148,34.131 C553.148,36.186 554.814,37.852 556.869,37.852 C558.924,37.852 560.59,36.186 560.59,34.131 C560.59,32.076 558.924,30.41 556.869,30.41 M541,60.657 C535.114,60.657 530.342,55.887 530.342,50 C530.342,44.114 535.114,39.342 541,39.342 C546.887,39.342 551.658,44.114 551.658,50 C551.658,55.887 546.887,60.657 541,60.657 M541,33.886 C532.1,33.886 524.886,41.1 524.886,50 C524.886,58.899 532.1,66.113 541,66.113 C549.9,66.113 557.115,58.899 557.115,50 C557.115,41.1 549.9,33.886 541,33.886 M565.378,62.101 C565.244,65.022 564.756,66.606 564.346,67.663 C563.803,69.06 563.154,70.057 562.106,71.106 C561.058,72.155 560.06,72.803 558.662,73.347 C557.607,73.757 556.021,74.244 553.102,74.378 C549.944,74.521 548.997,74.552 541,74.552 C533.003,74.552 532.056,74.521 528.898,74.378 C525.979,74.244 524.393,73.757 523.338,73.347 C521.94,72.803 520.942,72.155 519.894,71.106 C518.846,70.057 518.197,69.06 517.654,67.663 C517.244,66.606 516.755,65.022 516.623,62.101 C516.479,58.943 516.448,57.996 516.448,50 C516.448,42.003 516.479,41.056 516.623,37.899 C516.755,34.978 517.244,33.391 517.654,32.338 C518.197,30.938 518.846,29.942 519.894,28.894 C520.942,27.846 521.94,27.196 523.338,26.654 C524.393,26.244 525.979,25.756 528.898,25.623 C532.057,25.479 533.004,25.448 541,25.448 C548.997,25.448 549.943,25.479 553.102,25.623 C556.021,25.756 557.607,26.244 558.662,26.654 C560.06,27.196 561.058,27.846 562.106,28.894 C563.154,29.942 563.803,30.938 564.346,32.338 C564.756,33.391 565.244,34.978 565.378,37.899 C565.522,41.056 565.552,42.003 565.552,50 C565.552,57.996 565.522,58.943 565.378,62.101 M570.82,37.631 C570.674,34.438 570.167,32.258 569.425,30.349 C568.659,28.377 567.633,26.702 565.965,25.035 C564.297,23.368 562.623,22.342 560.652,21.575 C558.743,20.834 556.562,20.326 553.369,20.18 C550.169,20.033 549.148,20 541,20 C532.853,20 531.831,20.033 528.631,20.18 C525.438,20.326 523.257,20.834 521.349,21.575 C519.376,22.342 517.703,23.368 516.035,25.035 C514.368,26.702 513.342,28.377 512.574,30.349 C511.834,32.258 511.326,34.438 511.181,37.631 C511.035,40.831 511,41.851 511,50 C511,58.147 511.035,59.17 511.181,62.369 C511.326,65.562 511.834,67.743 512.574,69.651 C513.342,71.625 514.368,73.296 516.035,74.965 C517.703,76.634 519.376,77.658 521.349,78.425 C523.257,79.167 525.438,79.673 528.631,79.82 C531.831,79.965 532.853,80.001 541,80.001 C549.148,80.001 550.169,79.965 553.369,79.82 C556.562,79.673 558.743,79.167 560.652,78.425 C562.623,77.658 564.297,76.634 565.965,74.965 C567.633,73.296 568.659,71.625 569.425,69.651 C570.167,67.743 570.674,65.562 570.82,62.369 C570.966,59.17 571,58.147 571,50 C571,41.851 570.966,40.831 570.82,37.631\"><\/path><\/g><\/g><\/g><\/svg><\/div><div style=\"padding-top: 8px;\"> <div style=\" color:#3897f0; font-family:Arial,sans-serif; font-size:14px; font-style:normal; font-weight:550; line-height:18px;\">Ver essa foto no Instagram<\/div><\/div><div style=\"padding: 12.5% 0;\"><\/div> <div style=\"display: flex; flex-direction: row; margin-bottom: 14px; align-items: center;\"><div> <div style=\"background-color: #F4F4F4; border-radius: 50%; height: 12.5px; width: 12.5px; transform: translateX(0px) translateY(7px);\"><\/div> <div style=\"background-color: #F4F4F4; height: 12.5px; transform: rotate(-45deg) translateX(3px) translateY(1px); width: 12.5px; flex-grow: 0; margin-right: 14px; margin-left: 2px;\"><\/div> <div style=\"background-color: #F4F4F4; border-radius: 50%; height: 12.5px; width: 12.5px; transform: translateX(9px) translateY(-18px);\"><\/div><\/div><div style=\"margin-left: 8px;\"> <div style=\" background-color: #F4F4F4; border-radius: 50%; flex-grow: 0; height: 20px; width: 20px;\"><\/div> <div style=\" width: 0; height: 0; border-top: 2px solid transparent; border-left: 6px solid #f4f4f4; border-bottom: 2px solid transparent; transform: translateX(16px) translateY(-4px) rotate(30deg)\"><\/div><\/div><div style=\"margin-left: auto;\"> <div style=\" width: 0px; border-top: 8px solid #F4F4F4; border-right: 8px solid transparent; transform: translateY(16px);\"><\/div> <div style=\" background-color: #F4F4F4; flex-grow: 0; height: 12px; width: 16px; transform: translateY(-4px);\"><\/div> <div style=\" width: 0; height: 0; border-top: 8px solid #F4F4F4; border-left: 8px solid transparent; transform: translateY(-4px) translateX(8px);\"><\/div><\/div><\/div> <div style=\"display: flex; flex-direction: column; flex-grow: 1; justify-content: center; margin-bottom: 24px;\"> <div style=\" background-color: #F4F4F4; border-radius: 4px; flex-grow: 0; height: 14px; margin-bottom: 6px; width: 224px;\"><\/div> <div style=\" background-color: #F4F4F4; border-radius: 4px; flex-grow: 0; height: 14px; width: 144px;\"><\/div><\/div><\/a><p style=\" color:#c9c8cd; font-family:Arial,sans-serif; font-size:14px; line-height:17px; margin-bottom:0; margin-top:8px; overflow:hidden; padding:8px 0 7px; text-align:center; text-overflow:ellipsis; white-space:nowrap;\"><a href=\"https:\/\/www.instagram.com\/reel\/DCUqKWbPVx3\/?utm_source=ig_embed&amp;utm_campaign=loading\" style=\" color:#c9c8cd; font-family:Arial,sans-serif; font-size:14px; font-style:normal; font-weight:normal; line-height:17px; text-decoration:none;\" target=\"_blank\" rel=\"noopener\">Uma publica\u00e7\u00e3o compartilhada por Programa Jogo Aberto (@jogoaberto)<\/a><\/p><\/div><\/blockquote>\n<script async src=\"\/\/www.instagram.com\/embed.js\"><\/script>\n","protected":false},"excerpt":{"rendered":"<p>Craque dentro e fora de campo Definitivamente, Memphis Depay j\u00e1 conquistou a torcida do Corinthians. Em pouco mais de dois meses de seu an\u00fancio, o holand\u00eas j\u00e1 incorporou o esp\u00edrito do Tim\u00e3o, tanto dentro de campo, como fora tamb\u00e9m. O camisa 94 vem sendo muito importante na retomada do Alvinegro Paulista no Brasileir\u00e3o e formando [&hellip;]<\/p>\n","protected":false},"author":26,"featured_media":165985,"comment_status":"open","ping_status":"closed","sticky":false,"template":"","format":"standard","meta":{"footnotes":""},"categories":[141],"tags":[],"class_list":["post-185317","post","type-post","status-publish","format-standard","has-post-thumbnail","hentry","category-corinthians"],"yoast_head":"<!-- This site is optimized with the Yoast SEO Premium plugin v24.2 (Yoast SEO v26.9) - https:\/\/yoast.com\/product\/yoast-seo-premium-wordpress\/ -->\n<title>V\u00eddeo: a declara\u00e7\u00e3o de Den\u00edlson direcionada a Memphis Depay, do Corinthians<\/title>\n<meta name=\"description\" content=\"Holand\u00eas vem se destacando em seu in\u00edcio pelo Tim\u00e3o\" \/>\n<meta name=\"robots\" content=\"index, follow, max-snippet:-1, max-image-preview:large, max-video-preview:-1\" \/>\n<link rel=\"canonical\" href=\"https:\/\/www.gaveanews.com\/index.php\/2024\/11\/14\/video-a-declaracao-de-denilson-direcionada-a-memphis-depay-do-corinthians\/\" \/>\n<meta property=\"og:locale\" content=\"pt_BR\" \/>\n<meta property=\"og:type\" content=\"article\" \/>\n<meta property=\"og:title\" content=\"V\u00eddeo: a declara\u00e7\u00e3o de Den\u00edlson direcionada a Memphis Depay, do Corinthians\" \/>\n<meta property=\"og:description\" content=\"Holand\u00eas vem se destacando em seu in\u00edcio pelo Tim\u00e3o\" \/>\n<meta property=\"og:url\" content=\"https:\/\/www.gaveanews.com\/index.php\/2024\/11\/14\/video-a-declaracao-de-denilson-direcionada-a-memphis-depay-do-corinthians\/\" \/>\n<meta property=\"og:site_name\" content=\"G\u00e1vea News\" \/>\n<meta property=\"article:publisher\" content=\"https:\/\/facebook.com\/gaveaNews\/\" \/>\n<meta property=\"article:published_time\" content=\"2024-11-14T18:35:00+00:00\" \/>\n<meta property=\"og:image\" content=\"https:\/\/www.gaveanews.com\/wp-content\/uploads\/Memphis-Depay-durante-apresentacao-no-Corinthians.webp\" \/>\n\t<meta property=\"og:image:width\" content=\"1066\" \/>\n\t<meta property=\"og:image:height\" content=\"710\" \/>\n\t<meta property=\"og:image:type\" content=\"image\/webp\" \/>\n<meta name=\"author\" content=\"Thomas Lagoa\" \/>\n<meta name=\"twitter:card\" content=\"summary_large_image\" \/>\n<meta name=\"twitter:label1\" content=\"Escrito por\" \/>\n\t<meta name=\"twitter:data1\" content=\"Thomas Lagoa\" \/>\n\t<meta name=\"twitter:label2\" content=\"Est. tempo de leitura\" \/>\n\t<meta name=\"twitter:data2\" content=\"3 minutos\" \/>\n<script type=\"application\/ld+json\" class=\"yoast-schema-graph\">{\"@context\":\"https:\/\/schema.org\",\"@graph\":[{\"@type\":\"NewsArticle\",\"@id\":\"https:\/\/www.gaveanews.com\/index.php\/2024\/11\/14\/video-a-declaracao-de-denilson-direcionada-a-memphis-depay-do-corinthians\/#article\",\"isPartOf\":{\"@id\":\"https:\/\/www.gaveanews.com\/index.php\/2024\/11\/14\/video-a-declaracao-de-denilson-direcionada-a-memphis-depay-do-corinthians\/\"},\"author\":{\"name\":\"Thomas Lagoa\",\"@id\":\"https:\/\/www.gaveanews.com\/#\/schema\/person\/94f72788a9abec954fe62594ba04ff40\"},\"headline\":\"V\u00eddeo: a declara\u00e7\u00e3o de Den\u00edlson direcionada a Memphis Depay, do Corinthians\",\"datePublished\":\"2024-11-14T18:35:00+00:00\",\"mainEntityOfPage\":{\"@id\":\"https:\/\/www.gaveanews.com\/index.php\/2024\/11\/14\/video-a-declaracao-de-denilson-direcionada-a-memphis-depay-do-corinthians\/\"},\"wordCount\":466,\"commentCount\":0,\"image\":{\"@id\":\"https:\/\/www.gaveanews.com\/index.php\/2024\/11\/14\/video-a-declaracao-de-denilson-direcionada-a-memphis-depay-do-corinthians\/#primaryimage\"},\"thumbnailUrl\":\"https:\/\/www.gaveanews.com\/wp-content\/uploads\/Memphis-Depay-durante-apresentacao-no-Corinthians.webp\",\"articleSection\":[\"Corinthians\"],\"inLanguage\":\"pt-BR\",\"potentialAction\":[{\"@type\":\"CommentAction\",\"name\":\"Comment\",\"target\":[\"https:\/\/www.gaveanews.com\/index.php\/2024\/11\/14\/video-a-declaracao-de-denilson-direcionada-a-memphis-depay-do-corinthians\/#respond\"]}],\"copyrightYear\":\"2024\",\"copyrightHolder\":{\"@id\":\"https:\/\/www.gaveanews.com\/#organization\"}},{\"@type\":\"WebPage\",\"@id\":\"https:\/\/www.gaveanews.com\/index.php\/2024\/11\/14\/video-a-declaracao-de-denilson-direcionada-a-memphis-depay-do-corinthians\/\",\"url\":\"https:\/\/www.gaveanews.com\/index.php\/2024\/11\/14\/video-a-declaracao-de-denilson-direcionada-a-memphis-depay-do-corinthians\/\",\"name\":\"V\u00eddeo: a declara\u00e7\u00e3o de Den\u00edlson direcionada a Memphis Depay, do Corinthians\",\"isPartOf\":{\"@id\":\"https:\/\/www.gaveanews.com\/#website\"},\"primaryImageOfPage\":{\"@id\":\"https:\/\/www.gaveanews.com\/index.php\/2024\/11\/14\/video-a-declaracao-de-denilson-direcionada-a-memphis-depay-do-corinthians\/#primaryimage\"},\"image\":{\"@id\":\"https:\/\/www.gaveanews.com\/index.php\/2024\/11\/14\/video-a-declaracao-de-denilson-direcionada-a-memphis-depay-do-corinthians\/#primaryimage\"},\"thumbnailUrl\":\"https:\/\/www.gaveanews.com\/wp-content\/uploads\/Memphis-Depay-durante-apresentacao-no-Corinthians.webp\",\"datePublished\":\"2024-11-14T18:35:00+00:00\",\"author\":{\"@id\":\"https:\/\/www.gaveanews.com\/#\/schema\/person\/94f72788a9abec954fe62594ba04ff40\"},\"description\":\"Holand\u00eas vem se destacando em seu in\u00edcio pelo Tim\u00e3o\",\"breadcrumb\":{\"@id\":\"https:\/\/www.gaveanews.com\/index.php\/2024\/11\/14\/video-a-declaracao-de-denilson-direcionada-a-memphis-depay-do-corinthians\/#breadcrumb\"},\"inLanguage\":\"pt-BR\",\"potentialAction\":[{\"@type\":\"ReadAction\",\"target\":[\"https:\/\/www.gaveanews.com\/index.php\/2024\/11\/14\/video-a-declaracao-de-denilson-direcionada-a-memphis-depay-do-corinthians\/\"]}]},{\"@type\":\"ImageObject\",\"inLanguage\":\"pt-BR\",\"@id\":\"https:\/\/www.gaveanews.com\/index.php\/2024\/11\/14\/video-a-declaracao-de-denilson-direcionada-a-memphis-depay-do-corinthians\/#primaryimage\",\"url\":\"https:\/\/www.gaveanews.com\/wp-content\/uploads\/Memphis-Depay-durante-apresentacao-no-Corinthians.webp\",\"contentUrl\":\"https:\/\/www.gaveanews.com\/wp-content\/uploads\/Memphis-Depay-durante-apresentacao-no-Corinthians.webp\",\"width\":1066,\"height\":710,\"caption\":\"Memphis Depay durante apresenta\u00e7\u00e3o no Corinthians (Foto: Jose Manoel Idalgo\/Corinthians)\"},{\"@type\":\"BreadcrumbList\",\"@id\":\"https:\/\/www.gaveanews.com\/index.php\/2024\/11\/14\/video-a-declaracao-de-denilson-direcionada-a-memphis-depay-do-corinthians\/#breadcrumb\",\"itemListElement\":[{\"@type\":\"ListItem\",\"position\":1,\"name\":\"Home\",\"item\":\"https:\/\/www.gaveanews.com\/\"},{\"@type\":\"ListItem\",\"position\":2,\"name\":\"V\u00eddeo: a declara\u00e7\u00e3o de Den\u00edlson direcionada a Memphis Depay, do Corinthians\"}]},{\"@type\":\"WebSite\",\"@id\":\"https:\/\/www.gaveanews.com\/#website\",\"url\":\"https:\/\/www.gaveanews.com\/\",\"name\":\"G\u00e1vea News\",\"description\":\"Veja todas as not\u00edcias sobre o Flamengo: Contrata\u00e7\u00f5es, categorias de base, resultados das partidas, tabela de classifica\u00e7\u00e3o, pr\u00f3ximos jogos!\",\"potentialAction\":[{\"@type\":\"SearchAction\",\"target\":{\"@type\":\"EntryPoint\",\"urlTemplate\":\"https:\/\/www.gaveanews.com\/?s={search_term_string}\"},\"query-input\":{\"@type\":\"PropertyValueSpecification\",\"valueRequired\":true,\"valueName\":\"search_term_string\"}}],\"inLanguage\":\"pt-BR\"},{\"@type\":\"Person\",\"@id\":\"https:\/\/www.gaveanews.com\/#\/schema\/person\/94f72788a9abec954fe62594ba04ff40\",\"name\":\"Thomas Lagoa\",\"image\":{\"@type\":\"ImageObject\",\"inLanguage\":\"pt-BR\",\"@id\":\"https:\/\/www.gaveanews.com\/#\/schema\/person\/image\/\",\"url\":\"https:\/\/secure.gravatar.com\/avatar\/65b40a047623a8007d4c7eb1bd0fa5753fc73b74a3bea0092a01bbd0428fe135?s=96&d=mm&r=g\",\"contentUrl\":\"https:\/\/secure.gravatar.com\/avatar\/65b40a047623a8007d4c7eb1bd0fa5753fc73b74a3bea0092a01bbd0428fe135?s=96&d=mm&r=g\",\"caption\":\"Thomas Lagoa\"}}]}<\/script>\n<!-- \/ Yoast SEO Premium plugin. -->","yoast_head_json":{"title":"V\u00eddeo: a declara\u00e7\u00e3o de Den\u00edlson direcionada a Memphis Depay, do Corinthians","description":"Holand\u00eas vem se destacando em seu in\u00edcio pelo Tim\u00e3o","robots":{"index":"index","follow":"follow","max-snippet":"max-snippet:-1","max-image-preview":"max-image-preview:large","max-video-preview":"max-video-preview:-1"},"canonical":"https:\/\/www.gaveanews.com\/index.php\/2024\/11\/14\/video-a-declaracao-de-denilson-direcionada-a-memphis-depay-do-corinthians\/","og_locale":"pt_BR","og_type":"article","og_title":"V\u00eddeo: a declara\u00e7\u00e3o de Den\u00edlson direcionada a Memphis Depay, do Corinthians","og_description":"Holand\u00eas vem se destacando em seu in\u00edcio pelo Tim\u00e3o","og_url":"https:\/\/www.gaveanews.com\/index.php\/2024\/11\/14\/video-a-declaracao-de-denilson-direcionada-a-memphis-depay-do-corinthians\/","og_site_name":"G\u00e1vea News","article_publisher":"https:\/\/facebook.com\/gaveaNews\/","article_published_time":"2024-11-14T18:35:00+00:00","og_image":[{"width":1066,"height":710,"url":"https:\/\/www.gaveanews.com\/wp-content\/uploads\/Memphis-Depay-durante-apresentacao-no-Corinthians.webp","type":"image\/webp"}],"author":"Thomas Lagoa","twitter_card":"summary_large_image","twitter_misc":{"Escrito por":"Thomas Lagoa","Est. tempo de leitura":"3 minutos"},"schema":{"@context":"https:\/\/schema.org","@graph":[{"@type":"NewsArticle","@id":"https:\/\/www.gaveanews.com\/index.php\/2024\/11\/14\/video-a-declaracao-de-denilson-direcionada-a-memphis-depay-do-corinthians\/#article","isPartOf":{"@id":"https:\/\/www.gaveanews.com\/index.php\/2024\/11\/14\/video-a-declaracao-de-denilson-direcionada-a-memphis-depay-do-corinthians\/"},"author":{"name":"Thomas Lagoa","@id":"https:\/\/www.gaveanews.com\/#\/schema\/person\/94f72788a9abec954fe62594ba04ff40"},"headline":"V\u00eddeo: a declara\u00e7\u00e3o de Den\u00edlson direcionada a Memphis Depay, do Corinthians","datePublished":"2024-11-14T18:35:00+00:00","mainEntityOfPage":{"@id":"https:\/\/www.gaveanews.com\/index.php\/2024\/11\/14\/video-a-declaracao-de-denilson-direcionada-a-memphis-depay-do-corinthians\/"},"wordCount":466,"commentCount":0,"image":{"@id":"https:\/\/www.gaveanews.com\/index.php\/2024\/11\/14\/video-a-declaracao-de-denilson-direcionada-a-memphis-depay-do-corinthians\/#primaryimage"},"thumbnailUrl":"https:\/\/www.gaveanews.com\/wp-content\/uploads\/Memphis-Depay-durante-apresentacao-no-Corinthians.webp","articleSection":["Corinthians"],"inLanguage":"pt-BR","potentialAction":[{"@type":"CommentAction","name":"Comment","target":["https:\/\/www.gaveanews.com\/index.php\/2024\/11\/14\/video-a-declaracao-de-denilson-direcionada-a-memphis-depay-do-corinthians\/#respond"]}],"copyrightYear":"2024","copyrightHolder":{"@id":"https:\/\/www.gaveanews.com\/#organization"}},{"@type":"WebPage","@id":"https:\/\/www.gaveanews.com\/index.php\/2024\/11\/14\/video-a-declaracao-de-denilson-direcionada-a-memphis-depay-do-corinthians\/","url":"https:\/\/www.gaveanews.com\/index.php\/2024\/11\/14\/video-a-declaracao-de-denilson-direcionada-a-memphis-depay-do-corinthians\/","name":"V\u00eddeo: a declara\u00e7\u00e3o de Den\u00edlson direcionada a Memphis Depay, do Corinthians","isPartOf":{"@id":"https:\/\/www.gaveanews.com\/#website"},"primaryImageOfPage":{"@id":"https:\/\/www.gaveanews.com\/index.php\/2024\/11\/14\/video-a-declaracao-de-denilson-direcionada-a-memphis-depay-do-corinthians\/#primaryimage"},"image":{"@id":"https:\/\/www.gaveanews.com\/index.php\/2024\/11\/14\/video-a-declaracao-de-denilson-direcionada-a-memphis-depay-do-corinthians\/#primaryimage"},"thumbnailUrl":"https:\/\/www.gaveanews.com\/wp-content\/uploads\/Memphis-Depay-durante-apresentacao-no-Corinthians.webp","datePublished":"2024-11-14T18:35:00+00:00","author":{"@id":"https:\/\/www.gaveanews.com\/#\/schema\/person\/94f72788a9abec954fe62594ba04ff40"},"description":"Holand\u00eas vem se destacando em seu in\u00edcio pelo Tim\u00e3o","breadcrumb":{"@id":"https:\/\/www.gaveanews.com\/index.php\/2024\/11\/14\/video-a-declaracao-de-denilson-direcionada-a-memphis-depay-do-corinthians\/#breadcrumb"},"inLanguage":"pt-BR","potentialAction":[{"@type":"ReadAction","target":["https:\/\/www.gaveanews.com\/index.php\/2024\/11\/14\/video-a-declaracao-de-denilson-direcionada-a-memphis-depay-do-corinthians\/"]}]},{"@type":"ImageObject","inLanguage":"pt-BR","@id":"https:\/\/www.gaveanews.com\/index.php\/2024\/11\/14\/video-a-declaracao-de-denilson-direcionada-a-memphis-depay-do-corinthians\/#primaryimage","url":"https:\/\/www.gaveanews.com\/wp-content\/uploads\/Memphis-Depay-durante-apresentacao-no-Corinthians.webp","contentUrl":"https:\/\/www.gaveanews.com\/wp-content\/uploads\/Memphis-Depay-durante-apresentacao-no-Corinthians.webp","width":1066,"height":710,"caption":"Memphis Depay durante apresenta\u00e7\u00e3o no Corinthians (Foto: Jose Manoel Idalgo\/Corinthians)"},{"@type":"BreadcrumbList","@id":"https:\/\/www.gaveanews.com\/index.php\/2024\/11\/14\/video-a-declaracao-de-denilson-direcionada-a-memphis-depay-do-corinthians\/#breadcrumb","itemListElement":[{"@type":"ListItem","position":1,"name":"Home","item":"https:\/\/www.gaveanews.com\/"},{"@type":"ListItem","position":2,"name":"V\u00eddeo: a declara\u00e7\u00e3o de Den\u00edlson direcionada a Memphis Depay, do Corinthians"}]},{"@type":"WebSite","@id":"https:\/\/www.gaveanews.com\/#website","url":"https:\/\/www.gaveanews.com\/","name":"G\u00e1vea News","description":"Veja todas as not\u00edcias sobre o Flamengo: Contrata\u00e7\u00f5es, categorias de base, resultados das partidas, tabela de classifica\u00e7\u00e3o, pr\u00f3ximos jogos!","potentialAction":[{"@type":"SearchAction","target":{"@type":"EntryPoint","urlTemplate":"https:\/\/www.gaveanews.com\/?s={search_term_string}"},"query-input":{"@type":"PropertyValueSpecification","valueRequired":true,"valueName":"search_term_string"}}],"inLanguage":"pt-BR"},{"@type":"Person","@id":"https:\/\/www.gaveanews.com\/#\/schema\/person\/94f72788a9abec954fe62594ba04ff40","name":"Thomas Lagoa","image":{"@type":"ImageObject","inLanguage":"pt-BR","@id":"https:\/\/www.gaveanews.com\/#\/schema\/person\/image\/","url":"https:\/\/secure.gravatar.com\/avatar\/65b40a047623a8007d4c7eb1bd0fa5753fc73b74a3bea0092a01bbd0428fe135?s=96&d=mm&r=g","contentUrl":"https:\/\/secure.gravatar.com\/avatar\/65b40a047623a8007d4c7eb1bd0fa5753fc73b74a3bea0092a01bbd0428fe135?s=96&d=mm&r=g","caption":"Thomas Lagoa"}}]}},"_links":{"self":[{"href":"https:\/\/www.gaveanews.com\/index.php\/wp-json\/wp\/v2\/posts\/185317","targetHints":{"allow":["GET"]}}],"collection":[{"href":"https:\/\/www.gaveanews.com\/index.php\/wp-json\/wp\/v2\/posts"}],"about":[{"href":"https:\/\/www.gaveanews.com\/index.php\/wp-json\/wp\/v2\/types\/post"}],"author":[{"embeddable":true,"href":"https:\/\/www.gaveanews.com\/index.php\/wp-json\/wp\/v2\/users\/26"}],"replies":[{"embeddable":true,"href":"https:\/\/www.gaveanews.com\/index.php\/wp-json\/wp\/v2\/comments?post=185317"}],"version-history":[{"count":1,"href":"https:\/\/www.gaveanews.com\/index.php\/wp-json\/wp\/v2\/posts\/185317\/revisions"}],"predecessor-version":[{"id":185323,"href":"https:\/\/www.gaveanews.com\/index.php\/wp-json\/wp\/v2\/posts\/185317\/revisions\/185323"}],"wp:featuredmedia":[{"embeddable":true,"href":"https:\/\/www.gaveanews.com\/index.php\/wp-json\/wp\/v2\/media\/165985"}],"wp:attachment":[{"href":"https:\/\/www.gaveanews.com\/index.php\/wp-json\/wp\/v2\/media?parent=185317"}],"wp:term":[{"taxonomy":"category","embeddable":true,"href":"https:\/\/www.gaveanews.com\/index.php\/wp-json\/wp\/v2\/categories?post=185317"},{"taxonomy":"post_tag","embeddable":true,"href":"https:\/\/www.gaveanews.com\/index.php\/wp-json\/wp\/v2\/tags?post=185317"}],"curies":[{"name":"wp","href":"https:\/\/api.w.org\/{rel}","templated":true}]}}