{"id":185320,"date":"2024-11-14T17:30:45","date_gmt":"2024-11-14T20:30:45","guid":{"rendered":"https:\/\/www.gaveanews.com\/?p=185320"},"modified":"2024-11-14T17:04:41","modified_gmt":"2024-11-14T20:04:41","slug":"a-reacao-da-torcida-do-flamengo-ao-ver-gabigol-no-maracana","status":"publish","type":"post","link":"https:\/\/www.gaveanews.com\/index.php\/2024\/11\/14\/a-reacao-da-torcida-do-flamengo-ao-ver-gabigol-no-maracana\/","title":{"rendered":"A rea\u00e7\u00e3o da torcida do Flamengo ao ver Gabigol no Maracan\u00e3"},"content":{"rendered":"\n<p>Gabigol, um dos maiores \u00eddolos recentes do Flamengo, foi ao Maracan\u00e3 para assistir ao jogo entre o Rubro-Negro e o Atl\u00e9tico-MG, mas sua presen\u00e7a no est\u00e1dio n\u00e3o causou a como\u00e7\u00e3o esperada pelos torcedores.&nbsp;<\/p>\n\n\n\n<ul class=\"wp-block-list\">\n<li><a href=\"https:\/\/www.gaveanews.com\/index.php\/2024\/11\/14\/jorge-sampaoli-quer-contratar-dois-jogadores-do-flamengo\/\">Jorge Sampaoli quer contratar dois jogadores do Flamengo<\/a><\/li>\n\n\n\n<li><a href=\"https:\/\/www.gaveanews.com\/index.php\/2024\/11\/14\/flamengo-emite-nota-oficial-sobre-arrascaeta-4\/\">Flamengo emite nota oficial sobre Arrascaeta<\/a><\/li>\n<\/ul>\n\n\n\n<p>A expectativa era de que sua apari\u00e7\u00e3o gerasse gritos de apoio e cr\u00edticas, mas o que se viu foi um momento sem grande repercuss\u00e3o nas arquibancadas.<\/p>\n\n\n\n<h2 class=\"wp-block-heading\" id=\"h-gabigol-vai-ao-maracana-mas-a-torcida-nao-se-inflama\">Gabigol vai ao Maracan\u00e3, mas a torcida n\u00e3o se inflama<\/h2>\n\n\n\n<p>A chegada de Gabigol ao Maracan\u00e3 foi marcada por um certo ar de indiferen\u00e7a. O atacante, que est\u00e1 afastado do time, entrou no est\u00e1dio com a camisa 10, n\u00famero que lhe foi retirado pela diretoria ap\u00f3s o vazamento de uma foto sua com a camisa do Corinthians.&nbsp;<\/p>\n\n\n\n<p>Al\u00e9m disso, embora inicialmente tenha dito que assistiria ao jogo nas arquibancadas, Gabigol optou por permanecer no camarote por quest\u00f5es de seguran\u00e7a. Com isso, sua presen\u00e7a no campo, acompanhando o aquecimento do Flamengo, n\u00e3o provocou os tradicionais gritos de apoio dos torcedores.<\/p>\n\n\n\n<h2 class=\"wp-block-heading\" id=\"h-o-contato-com-a-torcida-e-a-ambiguidade-nas-reacoes\">O contato com a torcida e a ambiguidade nas rea\u00e7\u00f5es<\/h2>\n\n\n\n<p>Apesar de sua presen\u00e7a no gramado, Gabigol n\u00e3o causou um grande alvoro\u00e7o. Algumas bandeiras em sua homenagem foram vistas na arquibancada, mas, ao caminhar para os camarotes, o atacante tamb\u00e9m foi alvo de provoca\u00e7\u00f5es por parte de alguns torcedores.&nbsp;<\/p>\n\n\n\n<p>Vale destacar que, ap\u00f3s o afastamento anunciado pela diretoria rubro-negra, a decis\u00e3o foi justificada como uma forma de &#8220;manter a harmonia do elenco&#8221;. Sendo assim, muitos esperavam uma recep\u00e7\u00e3o mais calorosa ou at\u00e9 mesmo hostil, mas nada disso aconteceu de forma marcante.<\/p>\n\n\n\n<h2 class=\"wp-block-heading\" id=\"h-gabigol-e-o-fim-de-um-ciclo-conturbado\">Gabigol e o fim de um ciclo conturbado<\/h2>\n\n\n\n<p>Gabigol tem passado por um ano dif\u00edcil, tanto dentro quanto fora de campo. Em 35 jogos na temporada, ele marcou apenas sete gols, sendo dois deles essenciais na final da Copa do Brasil, o que ajudou o Flamengo a conquistar o pentacampeonato.&nbsp;<\/p>\n\n\n\n<p>No entanto, o atacante anunciou ap\u00f3s a final que n\u00e3o permanecer\u00e1 no clube. &#8220;Foi minha \u00faltima final. N\u00e3o vou ficar no Flamengo. Foi um ano conturbado para mim individualmente, (houve a) quest\u00e3o do doping, depois um treinador que n\u00e3o me respeitava como jogador&#8221;, declarou Gabigol, explicando o motivo de sua sa\u00edda.<\/p>\n","protected":false},"excerpt":{"rendered":"<p>Gabigol, um dos maiores \u00eddolos recentes do Flamengo, foi ao Maracan\u00e3 para assistir ao jogo entre o Rubro-Negro e o Atl\u00e9tico-MG, mas sua presen\u00e7a no est\u00e1dio n\u00e3o causou a como\u00e7\u00e3o esperada pelos torcedores.&nbsp; A expectativa era de que sua apari\u00e7\u00e3o gerasse gritos de apoio e cr\u00edticas, mas o que se viu foi um momento sem [&hellip;]<\/p>\n","protected":false},"author":25,"featured_media":99904,"comment_status":"open","ping_status":"closed","sticky":false,"template":"","format":"standard","meta":{"footnotes":""},"categories":[1],"tags":[],"class_list":["post-185320","post","type-post","status-publish","format-standard","has-post-thumbnail","hentry","category-flamengo"],"yoast_head":"<!-- This site is optimized with the Yoast SEO Premium plugin v24.2 (Yoast SEO v26.9) - https:\/\/yoast.com\/product\/yoast-seo-premium-wordpress\/ -->\n<title>A rea\u00e7\u00e3o da torcida do Flamengo ao ver Gabigol no Maracan\u00e3<\/title>\n<meta name=\"robots\" content=\"index, follow, max-snippet:-1, max-image-preview:large, max-video-preview:-1\" \/>\n<link rel=\"canonical\" href=\"https:\/\/www.gaveanews.com\/index.php\/2024\/11\/14\/a-reacao-da-torcida-do-flamengo-ao-ver-gabigol-no-maracana\/\" \/>\n<meta property=\"og:locale\" content=\"pt_BR\" \/>\n<meta property=\"og:type\" content=\"article\" \/>\n<meta property=\"og:title\" content=\"A rea\u00e7\u00e3o da torcida do Flamengo ao ver Gabigol no Maracan\u00e3\" \/>\n<meta property=\"og:description\" content=\"Gabigol, um dos maiores \u00eddolos recentes do Flamengo, foi ao Maracan\u00e3 para assistir ao jogo entre o Rubro-Negro e o Atl\u00e9tico-MG, mas sua presen\u00e7a no est\u00e1dio n\u00e3o causou a como\u00e7\u00e3o esperada pelos torcedores.&nbsp; A expectativa era de que sua apari\u00e7\u00e3o gerasse gritos de apoio e cr\u00edticas, mas o que se viu foi um momento sem [&hellip;]\" \/>\n<meta property=\"og:url\" content=\"https:\/\/www.gaveanews.com\/index.php\/2024\/11\/14\/a-reacao-da-torcida-do-flamengo-ao-ver-gabigol-no-maracana\/\" \/>\n<meta property=\"og:site_name\" content=\"G\u00e1vea News\" \/>\n<meta property=\"article:publisher\" content=\"https:\/\/facebook.com\/gaveaNews\/\" \/>\n<meta property=\"article:published_time\" content=\"2024-11-14T20:30:45+00:00\" \/>\n<meta property=\"og:image\" content=\"https:\/\/www.gaveanews.com\/wp-content\/uploads\/gabigol-flamengo-gol-fluminense-copa-do-brasil-maracana.webp\" \/>\n\t<meta property=\"og:image:width\" content=\"900\" \/>\n\t<meta property=\"og:image:height\" content=\"599\" \/>\n\t<meta property=\"og:image:type\" content=\"image\/jpeg\" \/>\n<meta name=\"author\" content=\"Rafaela Ladeira\" \/>\n<meta name=\"twitter:card\" content=\"summary_large_image\" \/>\n<meta name=\"twitter:label1\" content=\"Escrito por\" \/>\n\t<meta name=\"twitter:data1\" content=\"Rafaela Ladeira\" \/>\n\t<meta name=\"twitter:label2\" content=\"Est. tempo de leitura\" \/>\n\t<meta name=\"twitter:data2\" content=\"3 minutos\" \/>\n<script type=\"application\/ld+json\" class=\"yoast-schema-graph\">{\"@context\":\"https:\/\/schema.org\",\"@graph\":[{\"@type\":\"NewsArticle\",\"@id\":\"https:\/\/www.gaveanews.com\/index.php\/2024\/11\/14\/a-reacao-da-torcida-do-flamengo-ao-ver-gabigol-no-maracana\/#article\",\"isPartOf\":{\"@id\":\"https:\/\/www.gaveanews.com\/index.php\/2024\/11\/14\/a-reacao-da-torcida-do-flamengo-ao-ver-gabigol-no-maracana\/\"},\"author\":{\"name\":\"Rafaela Ladeira\",\"@id\":\"https:\/\/www.gaveanews.com\/#\/schema\/person\/0eb3e3fe1754f0205218538adbe8f5ed\"},\"headline\":\"A rea\u00e7\u00e3o da torcida do Flamengo ao ver Gabigol no Maracan\u00e3\",\"datePublished\":\"2024-11-14T20:30:45+00:00\",\"mainEntityOfPage\":{\"@id\":\"https:\/\/www.gaveanews.com\/index.php\/2024\/11\/14\/a-reacao-da-torcida-do-flamengo-ao-ver-gabigol-no-maracana\/\"},\"wordCount\":412,\"commentCount\":0,\"image\":{\"@id\":\"https:\/\/www.gaveanews.com\/index.php\/2024\/11\/14\/a-reacao-da-torcida-do-flamengo-ao-ver-gabigol-no-maracana\/#primaryimage\"},\"thumbnailUrl\":\"https:\/\/www.gaveanews.com\/wp-content\/uploads\/gabigol-flamengo-gol-fluminense-copa-do-brasil-maracana.webp\",\"articleSection\":[\"Flamengo\"],\"inLanguage\":\"pt-BR\",\"potentialAction\":[{\"@type\":\"CommentAction\",\"name\":\"Comment\",\"target\":[\"https:\/\/www.gaveanews.com\/index.php\/2024\/11\/14\/a-reacao-da-torcida-do-flamengo-ao-ver-gabigol-no-maracana\/#respond\"]}],\"copyrightYear\":\"2024\",\"copyrightHolder\":{\"@id\":\"https:\/\/www.gaveanews.com\/#organization\"}},{\"@type\":\"WebPage\",\"@id\":\"https:\/\/www.gaveanews.com\/index.php\/2024\/11\/14\/a-reacao-da-torcida-do-flamengo-ao-ver-gabigol-no-maracana\/\",\"url\":\"https:\/\/www.gaveanews.com\/index.php\/2024\/11\/14\/a-reacao-da-torcida-do-flamengo-ao-ver-gabigol-no-maracana\/\",\"name\":\"A rea\u00e7\u00e3o da torcida do Flamengo ao ver Gabigol no Maracan\u00e3\",\"isPartOf\":{\"@id\":\"https:\/\/www.gaveanews.com\/#website\"},\"primaryImageOfPage\":{\"@id\":\"https:\/\/www.gaveanews.com\/index.php\/2024\/11\/14\/a-reacao-da-torcida-do-flamengo-ao-ver-gabigol-no-maracana\/#primaryimage\"},\"image\":{\"@id\":\"https:\/\/www.gaveanews.com\/index.php\/2024\/11\/14\/a-reacao-da-torcida-do-flamengo-ao-ver-gabigol-no-maracana\/#primaryimage\"},\"thumbnailUrl\":\"https:\/\/www.gaveanews.com\/wp-content\/uploads\/gabigol-flamengo-gol-fluminense-copa-do-brasil-maracana.webp\",\"datePublished\":\"2024-11-14T20:30:45+00:00\",\"author\":{\"@id\":\"https:\/\/www.gaveanews.com\/#\/schema\/person\/0eb3e3fe1754f0205218538adbe8f5ed\"},\"breadcrumb\":{\"@id\":\"https:\/\/www.gaveanews.com\/index.php\/2024\/11\/14\/a-reacao-da-torcida-do-flamengo-ao-ver-gabigol-no-maracana\/#breadcrumb\"},\"inLanguage\":\"pt-BR\",\"potentialAction\":[{\"@type\":\"ReadAction\",\"target\":[\"https:\/\/www.gaveanews.com\/index.php\/2024\/11\/14\/a-reacao-da-torcida-do-flamengo-ao-ver-gabigol-no-maracana\/\"]}]},{\"@type\":\"ImageObject\",\"inLanguage\":\"pt-BR\",\"@id\":\"https:\/\/www.gaveanews.com\/index.php\/2024\/11\/14\/a-reacao-da-torcida-do-flamengo-ao-ver-gabigol-no-maracana\/#primaryimage\",\"url\":\"https:\/\/www.gaveanews.com\/wp-content\/uploads\/gabigol-flamengo-gol-fluminense-copa-do-brasil-maracana.webp\",\"contentUrl\":\"https:\/\/www.gaveanews.com\/wp-content\/uploads\/gabigol-flamengo-gol-fluminense-copa-do-brasil-maracana.webp\",\"width\":900,\"height\":599,\"caption\":\"Gabigol comemora gol marcado pelo Flamengo contra o Fluminense no Maracan\u00e3 (Foto: Marcelo Cortes\/Flamengo)\"},{\"@type\":\"BreadcrumbList\",\"@id\":\"https:\/\/www.gaveanews.com\/index.php\/2024\/11\/14\/a-reacao-da-torcida-do-flamengo-ao-ver-gabigol-no-maracana\/#breadcrumb\",\"itemListElement\":[{\"@type\":\"ListItem\",\"position\":1,\"name\":\"Home\",\"item\":\"https:\/\/www.gaveanews.com\/\"},{\"@type\":\"ListItem\",\"position\":2,\"name\":\"A rea\u00e7\u00e3o da torcida do Flamengo ao ver Gabigol no Maracan\u00e3\"}]},{\"@type\":\"WebSite\",\"@id\":\"https:\/\/www.gaveanews.com\/#website\",\"url\":\"https:\/\/www.gaveanews.com\/\",\"name\":\"G\u00e1vea News\",\"description\":\"Veja todas as not\u00edcias sobre o Flamengo: Contrata\u00e7\u00f5es, categorias de base, resultados das partidas, tabela de classifica\u00e7\u00e3o, pr\u00f3ximos jogos!\",\"potentialAction\":[{\"@type\":\"SearchAction\",\"target\":{\"@type\":\"EntryPoint\",\"urlTemplate\":\"https:\/\/www.gaveanews.com\/?s={search_term_string}\"},\"query-input\":{\"@type\":\"PropertyValueSpecification\",\"valueRequired\":true,\"valueName\":\"search_term_string\"}}],\"inLanguage\":\"pt-BR\"},{\"@type\":\"Person\",\"@id\":\"https:\/\/www.gaveanews.com\/#\/schema\/person\/0eb3e3fe1754f0205218538adbe8f5ed\",\"name\":\"Rafaela Ladeira\",\"image\":{\"@type\":\"ImageObject\",\"inLanguage\":\"pt-BR\",\"@id\":\"https:\/\/www.gaveanews.com\/#\/schema\/person\/image\/\",\"url\":\"https:\/\/secure.gravatar.com\/avatar\/c31f513acffd85eacab5730cbdfdbbf59f21ba5aeada8cd890acea879fbb2455?s=96&d=mm&r=g\",\"contentUrl\":\"https:\/\/secure.gravatar.com\/avatar\/c31f513acffd85eacab5730cbdfdbbf59f21ba5aeada8cd890acea879fbb2455?s=96&d=mm&r=g\",\"caption\":\"Rafaela Ladeira\"}}]}<\/script>\n<!-- \/ Yoast SEO Premium plugin. -->","yoast_head_json":{"title":"A rea\u00e7\u00e3o da torcida do Flamengo ao ver Gabigol no Maracan\u00e3","robots":{"index":"index","follow":"follow","max-snippet":"max-snippet:-1","max-image-preview":"max-image-preview:large","max-video-preview":"max-video-preview:-1"},"canonical":"https:\/\/www.gaveanews.com\/index.php\/2024\/11\/14\/a-reacao-da-torcida-do-flamengo-ao-ver-gabigol-no-maracana\/","og_locale":"pt_BR","og_type":"article","og_title":"A rea\u00e7\u00e3o da torcida do Flamengo ao ver Gabigol no Maracan\u00e3","og_description":"Gabigol, um dos maiores \u00eddolos recentes do Flamengo, foi ao Maracan\u00e3 para assistir ao jogo entre o Rubro-Negro e o Atl\u00e9tico-MG, mas sua presen\u00e7a no est\u00e1dio n\u00e3o causou a como\u00e7\u00e3o esperada pelos torcedores.&nbsp; A expectativa era de que sua apari\u00e7\u00e3o gerasse gritos de apoio e cr\u00edticas, mas o que se viu foi um momento sem [&hellip;]","og_url":"https:\/\/www.gaveanews.com\/index.php\/2024\/11\/14\/a-reacao-da-torcida-do-flamengo-ao-ver-gabigol-no-maracana\/","og_site_name":"G\u00e1vea News","article_publisher":"https:\/\/facebook.com\/gaveaNews\/","article_published_time":"2024-11-14T20:30:45+00:00","og_image":[{"width":900,"height":599,"url":"https:\/\/www.gaveanews.com\/wp-content\/uploads\/gabigol-flamengo-gol-fluminense-copa-do-brasil-maracana.webp","type":"image\/jpeg"}],"author":"Rafaela Ladeira","twitter_card":"summary_large_image","twitter_misc":{"Escrito por":"Rafaela Ladeira","Est. tempo de leitura":"3 minutos"},"schema":{"@context":"https:\/\/schema.org","@graph":[{"@type":"NewsArticle","@id":"https:\/\/www.gaveanews.com\/index.php\/2024\/11\/14\/a-reacao-da-torcida-do-flamengo-ao-ver-gabigol-no-maracana\/#article","isPartOf":{"@id":"https:\/\/www.gaveanews.com\/index.php\/2024\/11\/14\/a-reacao-da-torcida-do-flamengo-ao-ver-gabigol-no-maracana\/"},"author":{"name":"Rafaela Ladeira","@id":"https:\/\/www.gaveanews.com\/#\/schema\/person\/0eb3e3fe1754f0205218538adbe8f5ed"},"headline":"A rea\u00e7\u00e3o da torcida do Flamengo ao ver Gabigol no Maracan\u00e3","datePublished":"2024-11-14T20:30:45+00:00","mainEntityOfPage":{"@id":"https:\/\/www.gaveanews.com\/index.php\/2024\/11\/14\/a-reacao-da-torcida-do-flamengo-ao-ver-gabigol-no-maracana\/"},"wordCount":412,"commentCount":0,"image":{"@id":"https:\/\/www.gaveanews.com\/index.php\/2024\/11\/14\/a-reacao-da-torcida-do-flamengo-ao-ver-gabigol-no-maracana\/#primaryimage"},"thumbnailUrl":"https:\/\/www.gaveanews.com\/wp-content\/uploads\/gabigol-flamengo-gol-fluminense-copa-do-brasil-maracana.webp","articleSection":["Flamengo"],"inLanguage":"pt-BR","potentialAction":[{"@type":"CommentAction","name":"Comment","target":["https:\/\/www.gaveanews.com\/index.php\/2024\/11\/14\/a-reacao-da-torcida-do-flamengo-ao-ver-gabigol-no-maracana\/#respond"]}],"copyrightYear":"2024","copyrightHolder":{"@id":"https:\/\/www.gaveanews.com\/#organization"}},{"@type":"WebPage","@id":"https:\/\/www.gaveanews.com\/index.php\/2024\/11\/14\/a-reacao-da-torcida-do-flamengo-ao-ver-gabigol-no-maracana\/","url":"https:\/\/www.gaveanews.com\/index.php\/2024\/11\/14\/a-reacao-da-torcida-do-flamengo-ao-ver-gabigol-no-maracana\/","name":"A rea\u00e7\u00e3o da torcida do Flamengo ao ver Gabigol no Maracan\u00e3","isPartOf":{"@id":"https:\/\/www.gaveanews.com\/#website"},"primaryImageOfPage":{"@id":"https:\/\/www.gaveanews.com\/index.php\/2024\/11\/14\/a-reacao-da-torcida-do-flamengo-ao-ver-gabigol-no-maracana\/#primaryimage"},"image":{"@id":"https:\/\/www.gaveanews.com\/index.php\/2024\/11\/14\/a-reacao-da-torcida-do-flamengo-ao-ver-gabigol-no-maracana\/#primaryimage"},"thumbnailUrl":"https:\/\/www.gaveanews.com\/wp-content\/uploads\/gabigol-flamengo-gol-fluminense-copa-do-brasil-maracana.webp","datePublished":"2024-11-14T20:30:45+00:00","author":{"@id":"https:\/\/www.gaveanews.com\/#\/schema\/person\/0eb3e3fe1754f0205218538adbe8f5ed"},"breadcrumb":{"@id":"https:\/\/www.gaveanews.com\/index.php\/2024\/11\/14\/a-reacao-da-torcida-do-flamengo-ao-ver-gabigol-no-maracana\/#breadcrumb"},"inLanguage":"pt-BR","potentialAction":[{"@type":"ReadAction","target":["https:\/\/www.gaveanews.com\/index.php\/2024\/11\/14\/a-reacao-da-torcida-do-flamengo-ao-ver-gabigol-no-maracana\/"]}]},{"@type":"ImageObject","inLanguage":"pt-BR","@id":"https:\/\/www.gaveanews.com\/index.php\/2024\/11\/14\/a-reacao-da-torcida-do-flamengo-ao-ver-gabigol-no-maracana\/#primaryimage","url":"https:\/\/www.gaveanews.com\/wp-content\/uploads\/gabigol-flamengo-gol-fluminense-copa-do-brasil-maracana.webp","contentUrl":"https:\/\/www.gaveanews.com\/wp-content\/uploads\/gabigol-flamengo-gol-fluminense-copa-do-brasil-maracana.webp","width":900,"height":599,"caption":"Gabigol comemora gol marcado pelo Flamengo contra o Fluminense no Maracan\u00e3 (Foto: Marcelo Cortes\/Flamengo)"},{"@type":"BreadcrumbList","@id":"https:\/\/www.gaveanews.com\/index.php\/2024\/11\/14\/a-reacao-da-torcida-do-flamengo-ao-ver-gabigol-no-maracana\/#breadcrumb","itemListElement":[{"@type":"ListItem","position":1,"name":"Home","item":"https:\/\/www.gaveanews.com\/"},{"@type":"ListItem","position":2,"name":"A rea\u00e7\u00e3o da torcida do Flamengo ao ver Gabigol no Maracan\u00e3"}]},{"@type":"WebSite","@id":"https:\/\/www.gaveanews.com\/#website","url":"https:\/\/www.gaveanews.com\/","name":"G\u00e1vea News","description":"Veja todas as not\u00edcias sobre o Flamengo: Contrata\u00e7\u00f5es, categorias de base, resultados das partidas, tabela de classifica\u00e7\u00e3o, pr\u00f3ximos jogos!","potentialAction":[{"@type":"SearchAction","target":{"@type":"EntryPoint","urlTemplate":"https:\/\/www.gaveanews.com\/?s={search_term_string}"},"query-input":{"@type":"PropertyValueSpecification","valueRequired":true,"valueName":"search_term_string"}}],"inLanguage":"pt-BR"},{"@type":"Person","@id":"https:\/\/www.gaveanews.com\/#\/schema\/person\/0eb3e3fe1754f0205218538adbe8f5ed","name":"Rafaela Ladeira","image":{"@type":"ImageObject","inLanguage":"pt-BR","@id":"https:\/\/www.gaveanews.com\/#\/schema\/person\/image\/","url":"https:\/\/secure.gravatar.com\/avatar\/c31f513acffd85eacab5730cbdfdbbf59f21ba5aeada8cd890acea879fbb2455?s=96&d=mm&r=g","contentUrl":"https:\/\/secure.gravatar.com\/avatar\/c31f513acffd85eacab5730cbdfdbbf59f21ba5aeada8cd890acea879fbb2455?s=96&d=mm&r=g","caption":"Rafaela Ladeira"}}]}},"_links":{"self":[{"href":"https:\/\/www.gaveanews.com\/index.php\/wp-json\/wp\/v2\/posts\/185320","targetHints":{"allow":["GET"]}}],"collection":[{"href":"https:\/\/www.gaveanews.com\/index.php\/wp-json\/wp\/v2\/posts"}],"about":[{"href":"https:\/\/www.gaveanews.com\/index.php\/wp-json\/wp\/v2\/types\/post"}],"author":[{"embeddable":true,"href":"https:\/\/www.gaveanews.com\/index.php\/wp-json\/wp\/v2\/users\/25"}],"replies":[{"embeddable":true,"href":"https:\/\/www.gaveanews.com\/index.php\/wp-json\/wp\/v2\/comments?post=185320"}],"version-history":[{"count":1,"href":"https:\/\/www.gaveanews.com\/index.php\/wp-json\/wp\/v2\/posts\/185320\/revisions"}],"predecessor-version":[{"id":185321,"href":"https:\/\/www.gaveanews.com\/index.php\/wp-json\/wp\/v2\/posts\/185320\/revisions\/185321"}],"wp:featuredmedia":[{"embeddable":true,"href":"https:\/\/www.gaveanews.com\/index.php\/wp-json\/wp\/v2\/media\/99904"}],"wp:attachment":[{"href":"https:\/\/www.gaveanews.com\/index.php\/wp-json\/wp\/v2\/media?parent=185320"}],"wp:term":[{"taxonomy":"category","embeddable":true,"href":"https:\/\/www.gaveanews.com\/index.php\/wp-json\/wp\/v2\/categories?post=185320"},{"taxonomy":"post_tag","embeddable":true,"href":"https:\/\/www.gaveanews.com\/index.php\/wp-json\/wp\/v2\/tags?post=185320"}],"curies":[{"name":"wp","href":"https:\/\/api.w.org\/{rel}","templated":true}]}}