{"id":185352,"date":"2024-11-14T16:55:49","date_gmt":"2024-11-14T19:55:49","guid":{"rendered":"https:\/\/www.gaveanews.com\/?p=185352"},"modified":"2024-11-14T16:57:16","modified_gmt":"2024-11-14T19:57:16","slug":"bobadilla-pode-ser-negociado-pelo-sao-paulo","status":"publish","type":"post","link":"https:\/\/www.gaveanews.com\/index.php\/2024\/11\/14\/bobadilla-pode-ser-negociado-pelo-sao-paulo\/","title":{"rendered":"Bobadilla pode ser negociado pelo S\u00e3o Paulo"},"content":{"rendered":"\n<h2 class=\"wp-block-heading\" id=\"h-volante-esta-bastante-valorizado-no-mercado\">Volante est\u00e1 bastante valorizado no mercado <\/h2>\n\n\n\n<p>Um dos objetivos da diretoria do S\u00e3o Paulo em 2025 \u00e9 de vender alguns jogadores para ficar mais tranquilo financeiramente. Em 2024, o clube vendeu apenas o zagueiro Diego Costa, revelado em Cotia, para o Krasnodar, da R\u00fassia. Valorizado no mercado, Bobadilla pode ser um atleta que deixe o clube paulista no ano que vem. <\/p>\n\n\n\n<ul class=\"wp-block-list\">\n<li><a href=\"https:\/\/www.gaveanews.com\/index.php\/2024\/11\/13\/presidente-do-sao-paulo-manda-recado-para-cbf\/\">Presidente do S\u00e3o Paulo manda recado para CBF<\/a><\/li>\n\n\n\n<li><a href=\"https:\/\/www.gaveanews.com\/index.php\/2024\/11\/09\/dirigente-do-sao-paulo-e-sincero-ao-falar-sobre-o-futuro-de-zubeldia\/\">Dirigente do S\u00e3o Paulo \u00e9 sincero ao falar sobre o futuro de Zubeld\u00eda<\/a><\/li>\n<\/ul>\n\n\n\n<p>O S\u00e3o Paulo v\u00ea o volante Dami\u00e1n Bobadilla bastante valorizado no mercado, j\u00e1 que o jogador foi titular v\u00e1rias vezes durante o ano e \u00e9 frequentemente convocado para a sele\u00e7\u00e3o paraguaia. O jogador inclusive est\u00e1 concentrado com seus companheiros para a partida desta quinta-feira (14), contra a Argentina, pelas Eliminat\u00f3rias da Am\u00e9rica do Sul. <\/p>\n\n\n\n<p>Bobadilla foi contratado ainda em 2023 e assinou v\u00ednculo com o S\u00e3o Paulo at\u00e9 o fim da temporada 2027. O volante de apenas 23 anos de idade teve dificuldades no come\u00e7o e ganhava poucas oportunidades no time. Por\u00e9m, ap\u00f3s as les\u00f5es de Pablo Maia e Alisson, o camisa 21 virou titular na equipe S\u00e3o Paulina. <\/p>\n\n\n\n<p>O jogador foi titular junto com Luiz Gustavo no meio-campo tricolor nas partidas mais importantes da temporada, como os jogos eliminat\u00f3rios da Conmebol Libertadores, onde inclusive foi as redes contra o Nacional-URU, nas quartas de final e tamb\u00e9m na Copa do Brasil. No entanto, Bobadilla acabou perdendo espa\u00e7o para Marcos Ant\u00f4nio, que vem sendo o titular nesta reta final de temporada.<\/p>\n\n\n\n<p>O Tricolor v\u00ea Bobadilla valorizado no mercado por conta desses t\u00f3picos e pode negociar o volante, caso receba uma proposta que seja boa para o clube. O S\u00e3o Paulo desembolsou cerca de R$ 10 milh\u00f5es para ter o atleta e possui 60% de seus direitos econ\u00f4micos. Bobadilla tem tr\u00eas gols em 34 jogos em 2024.<\/p>\n\n\n\n<p>&#8220;A gente tem visto o mercado atuando muito no Bobadilla, um jogador da sele\u00e7\u00e3o do Paraguai, \u00e9 jovem, pode ser que venha alguma proposta pelo que ele tem feito nessa temporada, jogou a temporada de titular&#8221;, disse Carlos Belmonte ao ge.<\/p>\n\n\n\n<p>Belmonte acreditava que Pablo Maia &#8216;seria assediado&#8217; por clubes europeus, coisa que n\u00e3o aconteceu por conta de sua grave les\u00e3o que o tirou da temporada de 2024. Maia dever\u00e1 voltar apenas em janeiro de 2025. Por\u00e9m, al\u00e9m de Bobadilla, Carlos Belmonte acredita que o meio-campista Rodrigo Nestor ser\u00e1 procurado por alguns clubes.<\/p>\n\n\n\n<p>&#8220;A gente sabe que o Nestor tem sempre uma valoriza\u00e7\u00e3o, apesar que teve a contus\u00e3o, est\u00e1 voltando, mas \u00e9 um jogador que terminou bem a outra temporada. Bastante valorizado. Mas at\u00e9 agora de efetivo, uma proposta, uma sondagem, a gente n\u00e3o teve nenhuma&#8221;, finalizou Carlos Belmonte. <\/p>\n\n\n\n<p>Recentemente, o Bahia demonstrou interesse em Nestor e dever\u00e1 fazer uma proposta nos pr\u00f3ximos dias. O S\u00e3o Paulo est\u00e1 aberto a venda do jogador, que tamb\u00e9m v\u00ea com bons olhos voltar a trabalhar com o t\u00e9cnico Rog\u00e9rio Ceni, que hoje comanda o tricolor baiano. <\/p>\n","protected":false},"excerpt":{"rendered":"<p>Volante est\u00e1 bastante valorizado no mercado Um dos objetivos da diretoria do S\u00e3o Paulo em 2025 \u00e9 de vender alguns jogadores para ficar mais tranquilo financeiramente. Em 2024, o clube vendeu apenas o zagueiro Diego Costa, revelado em Cotia, para o Krasnodar, da R\u00fassia. Valorizado no mercado, Bobadilla pode ser um atleta que deixe o [&hellip;]<\/p>\n","protected":false},"author":21,"featured_media":177541,"comment_status":"open","ping_status":"closed","sticky":false,"template":"","format":"standard","meta":{"footnotes":""},"categories":[151],"tags":[],"class_list":["post-185352","post","type-post","status-publish","format-standard","has-post-thumbnail","hentry","category-sao-paulo"],"yoast_head":"<!-- This site is optimized with the Yoast SEO Premium plugin v24.2 (Yoast SEO v26.9) - https:\/\/yoast.com\/product\/yoast-seo-premium-wordpress\/ -->\n<title>Bobadilla pode ser negociado pelo S\u00e3o Paulo<\/title>\n<meta name=\"robots\" content=\"index, follow, max-snippet:-1, max-image-preview:large, max-video-preview:-1\" \/>\n<link rel=\"canonical\" href=\"https:\/\/www.gaveanews.com\/index.php\/2024\/11\/14\/bobadilla-pode-ser-negociado-pelo-sao-paulo\/\" \/>\n<meta property=\"og:locale\" content=\"pt_BR\" \/>\n<meta property=\"og:type\" content=\"article\" \/>\n<meta property=\"og:title\" content=\"Bobadilla pode ser negociado pelo S\u00e3o Paulo\" \/>\n<meta property=\"og:description\" content=\"Volante est\u00e1 bastante valorizado no mercado Um dos objetivos da diretoria do S\u00e3o Paulo em 2025 \u00e9 de vender alguns jogadores para ficar mais tranquilo financeiramente. Em 2024, o clube vendeu apenas o zagueiro Diego Costa, revelado em Cotia, para o Krasnodar, da R\u00fassia. Valorizado no mercado, Bobadilla pode ser um atleta que deixe o [&hellip;]\" \/>\n<meta property=\"og:url\" content=\"https:\/\/www.gaveanews.com\/index.php\/2024\/11\/14\/bobadilla-pode-ser-negociado-pelo-sao-paulo\/\" \/>\n<meta property=\"og:site_name\" content=\"G\u00e1vea News\" \/>\n<meta property=\"article:publisher\" content=\"https:\/\/facebook.com\/gaveaNews\/\" \/>\n<meta property=\"article:published_time\" content=\"2024-11-14T19:55:49+00:00\" \/>\n<meta property=\"article:modified_time\" content=\"2024-11-14T19:57:16+00:00\" \/>\n<meta property=\"og:image\" content=\"https:\/\/www.gaveanews.com\/wp-content\/uploads\/Bobadilla-pelo-Sao-Paulo.webp\" \/>\n\t<meta property=\"og:image:width\" content=\"730\" \/>\n\t<meta property=\"og:image:height\" content=\"508\" \/>\n\t<meta property=\"og:image:type\" content=\"image\/jpeg\" \/>\n<meta name=\"author\" content=\"Andr\u00e9 Serra\" \/>\n<meta name=\"twitter:card\" content=\"summary_large_image\" \/>\n<meta name=\"twitter:label1\" content=\"Escrito por\" \/>\n\t<meta name=\"twitter:data1\" content=\"Andr\u00e9 Serra\" \/>\n\t<meta name=\"twitter:label2\" content=\"Est. tempo de leitura\" \/>\n\t<meta name=\"twitter:data2\" content=\"3 minutos\" \/>\n<script type=\"application\/ld+json\" class=\"yoast-schema-graph\">{\"@context\":\"https:\/\/schema.org\",\"@graph\":[{\"@type\":\"NewsArticle\",\"@id\":\"https:\/\/www.gaveanews.com\/index.php\/2024\/11\/14\/bobadilla-pode-ser-negociado-pelo-sao-paulo\/#article\",\"isPartOf\":{\"@id\":\"https:\/\/www.gaveanews.com\/index.php\/2024\/11\/14\/bobadilla-pode-ser-negociado-pelo-sao-paulo\/\"},\"author\":{\"name\":\"Andr\u00e9 Serra\",\"@id\":\"https:\/\/www.gaveanews.com\/#\/schema\/person\/0277a79a1289c451c281ec0411d84f0c\"},\"headline\":\"Bobadilla pode ser negociado pelo S\u00e3o Paulo\",\"datePublished\":\"2024-11-14T19:55:49+00:00\",\"dateModified\":\"2024-11-14T19:57:16+00:00\",\"mainEntityOfPage\":{\"@id\":\"https:\/\/www.gaveanews.com\/index.php\/2024\/11\/14\/bobadilla-pode-ser-negociado-pelo-sao-paulo\/\"},\"wordCount\":520,\"commentCount\":0,\"image\":{\"@id\":\"https:\/\/www.gaveanews.com\/index.php\/2024\/11\/14\/bobadilla-pode-ser-negociado-pelo-sao-paulo\/#primaryimage\"},\"thumbnailUrl\":\"https:\/\/www.gaveanews.com\/wp-content\/uploads\/Bobadilla-pelo-Sao-Paulo.webp\",\"articleSection\":[\"S\u00e3o Paulo\"],\"inLanguage\":\"pt-BR\",\"potentialAction\":[{\"@type\":\"CommentAction\",\"name\":\"Comment\",\"target\":[\"https:\/\/www.gaveanews.com\/index.php\/2024\/11\/14\/bobadilla-pode-ser-negociado-pelo-sao-paulo\/#respond\"]}],\"copyrightYear\":\"2024\",\"copyrightHolder\":{\"@id\":\"https:\/\/www.gaveanews.com\/#organization\"}},{\"@type\":\"WebPage\",\"@id\":\"https:\/\/www.gaveanews.com\/index.php\/2024\/11\/14\/bobadilla-pode-ser-negociado-pelo-sao-paulo\/\",\"url\":\"https:\/\/www.gaveanews.com\/index.php\/2024\/11\/14\/bobadilla-pode-ser-negociado-pelo-sao-paulo\/\",\"name\":\"Bobadilla pode ser negociado pelo S\u00e3o Paulo\",\"isPartOf\":{\"@id\":\"https:\/\/www.gaveanews.com\/#website\"},\"primaryImageOfPage\":{\"@id\":\"https:\/\/www.gaveanews.com\/index.php\/2024\/11\/14\/bobadilla-pode-ser-negociado-pelo-sao-paulo\/#primaryimage\"},\"image\":{\"@id\":\"https:\/\/www.gaveanews.com\/index.php\/2024\/11\/14\/bobadilla-pode-ser-negociado-pelo-sao-paulo\/#primaryimage\"},\"thumbnailUrl\":\"https:\/\/www.gaveanews.com\/wp-content\/uploads\/Bobadilla-pelo-Sao-Paulo.webp\",\"datePublished\":\"2024-11-14T19:55:49+00:00\",\"dateModified\":\"2024-11-14T19:57:16+00:00\",\"author\":{\"@id\":\"https:\/\/www.gaveanews.com\/#\/schema\/person\/0277a79a1289c451c281ec0411d84f0c\"},\"breadcrumb\":{\"@id\":\"https:\/\/www.gaveanews.com\/index.php\/2024\/11\/14\/bobadilla-pode-ser-negociado-pelo-sao-paulo\/#breadcrumb\"},\"inLanguage\":\"pt-BR\",\"potentialAction\":[{\"@type\":\"ReadAction\",\"target\":[\"https:\/\/www.gaveanews.com\/index.php\/2024\/11\/14\/bobadilla-pode-ser-negociado-pelo-sao-paulo\/\"]}]},{\"@type\":\"ImageObject\",\"inLanguage\":\"pt-BR\",\"@id\":\"https:\/\/www.gaveanews.com\/index.php\/2024\/11\/14\/bobadilla-pode-ser-negociado-pelo-sao-paulo\/#primaryimage\",\"url\":\"https:\/\/www.gaveanews.com\/wp-content\/uploads\/Bobadilla-pelo-Sao-Paulo.webp\",\"contentUrl\":\"https:\/\/www.gaveanews.com\/wp-content\/uploads\/Bobadilla-pelo-Sao-Paulo.webp\",\"width\":730,\"height\":508,\"caption\":\"Bobadilla pelo S\u00e3o Paulo (Foto: Rubens Chiri\/S\u00e3o Paulo)\"},{\"@type\":\"BreadcrumbList\",\"@id\":\"https:\/\/www.gaveanews.com\/index.php\/2024\/11\/14\/bobadilla-pode-ser-negociado-pelo-sao-paulo\/#breadcrumb\",\"itemListElement\":[{\"@type\":\"ListItem\",\"position\":1,\"name\":\"Home\",\"item\":\"https:\/\/www.gaveanews.com\/\"},{\"@type\":\"ListItem\",\"position\":2,\"name\":\"Bobadilla pode ser negociado pelo S\u00e3o Paulo\"}]},{\"@type\":\"WebSite\",\"@id\":\"https:\/\/www.gaveanews.com\/#website\",\"url\":\"https:\/\/www.gaveanews.com\/\",\"name\":\"G\u00e1vea News\",\"description\":\"Veja todas as not\u00edcias sobre o Flamengo: Contrata\u00e7\u00f5es, categorias de base, resultados das partidas, tabela de classifica\u00e7\u00e3o, pr\u00f3ximos jogos!\",\"potentialAction\":[{\"@type\":\"SearchAction\",\"target\":{\"@type\":\"EntryPoint\",\"urlTemplate\":\"https:\/\/www.gaveanews.com\/?s={search_term_string}\"},\"query-input\":{\"@type\":\"PropertyValueSpecification\",\"valueRequired\":true,\"valueName\":\"search_term_string\"}}],\"inLanguage\":\"pt-BR\"},{\"@type\":\"Person\",\"@id\":\"https:\/\/www.gaveanews.com\/#\/schema\/person\/0277a79a1289c451c281ec0411d84f0c\",\"name\":\"Andr\u00e9 Serra\",\"image\":{\"@type\":\"ImageObject\",\"inLanguage\":\"pt-BR\",\"@id\":\"https:\/\/www.gaveanews.com\/#\/schema\/person\/image\/\",\"url\":\"https:\/\/secure.gravatar.com\/avatar\/d7231369fe48db93292b3e88eb2162dbd9a34a47a8437d9ef3bcaca2a86a83d7?s=96&d=mm&r=g\",\"contentUrl\":\"https:\/\/secure.gravatar.com\/avatar\/d7231369fe48db93292b3e88eb2162dbd9a34a47a8437d9ef3bcaca2a86a83d7?s=96&d=mm&r=g\",\"caption\":\"Andr\u00e9 Serra\"}}]}<\/script>\n<!-- \/ Yoast SEO Premium plugin. -->","yoast_head_json":{"title":"Bobadilla pode ser negociado pelo S\u00e3o Paulo","robots":{"index":"index","follow":"follow","max-snippet":"max-snippet:-1","max-image-preview":"max-image-preview:large","max-video-preview":"max-video-preview:-1"},"canonical":"https:\/\/www.gaveanews.com\/index.php\/2024\/11\/14\/bobadilla-pode-ser-negociado-pelo-sao-paulo\/","og_locale":"pt_BR","og_type":"article","og_title":"Bobadilla pode ser negociado pelo S\u00e3o Paulo","og_description":"Volante est\u00e1 bastante valorizado no mercado Um dos objetivos da diretoria do S\u00e3o Paulo em 2025 \u00e9 de vender alguns jogadores para ficar mais tranquilo financeiramente. Em 2024, o clube vendeu apenas o zagueiro Diego Costa, revelado em Cotia, para o Krasnodar, da R\u00fassia. Valorizado no mercado, Bobadilla pode ser um atleta que deixe o [&hellip;]","og_url":"https:\/\/www.gaveanews.com\/index.php\/2024\/11\/14\/bobadilla-pode-ser-negociado-pelo-sao-paulo\/","og_site_name":"G\u00e1vea News","article_publisher":"https:\/\/facebook.com\/gaveaNews\/","article_published_time":"2024-11-14T19:55:49+00:00","article_modified_time":"2024-11-14T19:57:16+00:00","og_image":[{"width":730,"height":508,"url":"https:\/\/www.gaveanews.com\/wp-content\/uploads\/Bobadilla-pelo-Sao-Paulo.webp","type":"image\/jpeg"}],"author":"Andr\u00e9 Serra","twitter_card":"summary_large_image","twitter_misc":{"Escrito por":"Andr\u00e9 Serra","Est. tempo de leitura":"3 minutos"},"schema":{"@context":"https:\/\/schema.org","@graph":[{"@type":"NewsArticle","@id":"https:\/\/www.gaveanews.com\/index.php\/2024\/11\/14\/bobadilla-pode-ser-negociado-pelo-sao-paulo\/#article","isPartOf":{"@id":"https:\/\/www.gaveanews.com\/index.php\/2024\/11\/14\/bobadilla-pode-ser-negociado-pelo-sao-paulo\/"},"author":{"name":"Andr\u00e9 Serra","@id":"https:\/\/www.gaveanews.com\/#\/schema\/person\/0277a79a1289c451c281ec0411d84f0c"},"headline":"Bobadilla pode ser negociado pelo S\u00e3o Paulo","datePublished":"2024-11-14T19:55:49+00:00","dateModified":"2024-11-14T19:57:16+00:00","mainEntityOfPage":{"@id":"https:\/\/www.gaveanews.com\/index.php\/2024\/11\/14\/bobadilla-pode-ser-negociado-pelo-sao-paulo\/"},"wordCount":520,"commentCount":0,"image":{"@id":"https:\/\/www.gaveanews.com\/index.php\/2024\/11\/14\/bobadilla-pode-ser-negociado-pelo-sao-paulo\/#primaryimage"},"thumbnailUrl":"https:\/\/www.gaveanews.com\/wp-content\/uploads\/Bobadilla-pelo-Sao-Paulo.webp","articleSection":["S\u00e3o Paulo"],"inLanguage":"pt-BR","potentialAction":[{"@type":"CommentAction","name":"Comment","target":["https:\/\/www.gaveanews.com\/index.php\/2024\/11\/14\/bobadilla-pode-ser-negociado-pelo-sao-paulo\/#respond"]}],"copyrightYear":"2024","copyrightHolder":{"@id":"https:\/\/www.gaveanews.com\/#organization"}},{"@type":"WebPage","@id":"https:\/\/www.gaveanews.com\/index.php\/2024\/11\/14\/bobadilla-pode-ser-negociado-pelo-sao-paulo\/","url":"https:\/\/www.gaveanews.com\/index.php\/2024\/11\/14\/bobadilla-pode-ser-negociado-pelo-sao-paulo\/","name":"Bobadilla pode ser negociado pelo S\u00e3o Paulo","isPartOf":{"@id":"https:\/\/www.gaveanews.com\/#website"},"primaryImageOfPage":{"@id":"https:\/\/www.gaveanews.com\/index.php\/2024\/11\/14\/bobadilla-pode-ser-negociado-pelo-sao-paulo\/#primaryimage"},"image":{"@id":"https:\/\/www.gaveanews.com\/index.php\/2024\/11\/14\/bobadilla-pode-ser-negociado-pelo-sao-paulo\/#primaryimage"},"thumbnailUrl":"https:\/\/www.gaveanews.com\/wp-content\/uploads\/Bobadilla-pelo-Sao-Paulo.webp","datePublished":"2024-11-14T19:55:49+00:00","dateModified":"2024-11-14T19:57:16+00:00","author":{"@id":"https:\/\/www.gaveanews.com\/#\/schema\/person\/0277a79a1289c451c281ec0411d84f0c"},"breadcrumb":{"@id":"https:\/\/www.gaveanews.com\/index.php\/2024\/11\/14\/bobadilla-pode-ser-negociado-pelo-sao-paulo\/#breadcrumb"},"inLanguage":"pt-BR","potentialAction":[{"@type":"ReadAction","target":["https:\/\/www.gaveanews.com\/index.php\/2024\/11\/14\/bobadilla-pode-ser-negociado-pelo-sao-paulo\/"]}]},{"@type":"ImageObject","inLanguage":"pt-BR","@id":"https:\/\/www.gaveanews.com\/index.php\/2024\/11\/14\/bobadilla-pode-ser-negociado-pelo-sao-paulo\/#primaryimage","url":"https:\/\/www.gaveanews.com\/wp-content\/uploads\/Bobadilla-pelo-Sao-Paulo.webp","contentUrl":"https:\/\/www.gaveanews.com\/wp-content\/uploads\/Bobadilla-pelo-Sao-Paulo.webp","width":730,"height":508,"caption":"Bobadilla pelo S\u00e3o Paulo (Foto: Rubens Chiri\/S\u00e3o Paulo)"},{"@type":"BreadcrumbList","@id":"https:\/\/www.gaveanews.com\/index.php\/2024\/11\/14\/bobadilla-pode-ser-negociado-pelo-sao-paulo\/#breadcrumb","itemListElement":[{"@type":"ListItem","position":1,"name":"Home","item":"https:\/\/www.gaveanews.com\/"},{"@type":"ListItem","position":2,"name":"Bobadilla pode ser negociado pelo S\u00e3o Paulo"}]},{"@type":"WebSite","@id":"https:\/\/www.gaveanews.com\/#website","url":"https:\/\/www.gaveanews.com\/","name":"G\u00e1vea News","description":"Veja todas as not\u00edcias sobre o Flamengo: Contrata\u00e7\u00f5es, categorias de base, resultados das partidas, tabela de classifica\u00e7\u00e3o, pr\u00f3ximos jogos!","potentialAction":[{"@type":"SearchAction","target":{"@type":"EntryPoint","urlTemplate":"https:\/\/www.gaveanews.com\/?s={search_term_string}"},"query-input":{"@type":"PropertyValueSpecification","valueRequired":true,"valueName":"search_term_string"}}],"inLanguage":"pt-BR"},{"@type":"Person","@id":"https:\/\/www.gaveanews.com\/#\/schema\/person\/0277a79a1289c451c281ec0411d84f0c","name":"Andr\u00e9 Serra","image":{"@type":"ImageObject","inLanguage":"pt-BR","@id":"https:\/\/www.gaveanews.com\/#\/schema\/person\/image\/","url":"https:\/\/secure.gravatar.com\/avatar\/d7231369fe48db93292b3e88eb2162dbd9a34a47a8437d9ef3bcaca2a86a83d7?s=96&d=mm&r=g","contentUrl":"https:\/\/secure.gravatar.com\/avatar\/d7231369fe48db93292b3e88eb2162dbd9a34a47a8437d9ef3bcaca2a86a83d7?s=96&d=mm&r=g","caption":"Andr\u00e9 Serra"}}]}},"_links":{"self":[{"href":"https:\/\/www.gaveanews.com\/index.php\/wp-json\/wp\/v2\/posts\/185352","targetHints":{"allow":["GET"]}}],"collection":[{"href":"https:\/\/www.gaveanews.com\/index.php\/wp-json\/wp\/v2\/posts"}],"about":[{"href":"https:\/\/www.gaveanews.com\/index.php\/wp-json\/wp\/v2\/types\/post"}],"author":[{"embeddable":true,"href":"https:\/\/www.gaveanews.com\/index.php\/wp-json\/wp\/v2\/users\/21"}],"replies":[{"embeddable":true,"href":"https:\/\/www.gaveanews.com\/index.php\/wp-json\/wp\/v2\/comments?post=185352"}],"version-history":[{"count":2,"href":"https:\/\/www.gaveanews.com\/index.php\/wp-json\/wp\/v2\/posts\/185352\/revisions"}],"predecessor-version":[{"id":185462,"href":"https:\/\/www.gaveanews.com\/index.php\/wp-json\/wp\/v2\/posts\/185352\/revisions\/185462"}],"wp:featuredmedia":[{"embeddable":true,"href":"https:\/\/www.gaveanews.com\/index.php\/wp-json\/wp\/v2\/media\/177541"}],"wp:attachment":[{"href":"https:\/\/www.gaveanews.com\/index.php\/wp-json\/wp\/v2\/media?parent=185352"}],"wp:term":[{"taxonomy":"category","embeddable":true,"href":"https:\/\/www.gaveanews.com\/index.php\/wp-json\/wp\/v2\/categories?post=185352"},{"taxonomy":"post_tag","embeddable":true,"href":"https:\/\/www.gaveanews.com\/index.php\/wp-json\/wp\/v2\/tags?post=185352"}],"curies":[{"name":"wp","href":"https:\/\/api.w.org\/{rel}","templated":true}]}}