{"id":185366,"date":"2024-11-14T17:05:00","date_gmt":"2024-11-14T20:05:00","guid":{"rendered":"https:\/\/www.gaveanews.com\/?p=185366"},"modified":"2024-11-14T16:58:57","modified_gmt":"2024-11-14T19:58:57","slug":"a-declaracao-de-luxemburgo-direcionada-a-abel-do-palmeiras","status":"publish","type":"post","link":"https:\/\/www.gaveanews.com\/index.php\/2024\/11\/14\/a-declaracao-de-luxemburgo-direcionada-a-abel-do-palmeiras\/","title":{"rendered":"A declara\u00e7\u00e3o de Luxemburgo direcionada a Abel, do Palmeiras"},"content":{"rendered":"\n<h2 class=\"wp-block-heading\" id=\"h-luxemburgo-da-dica-para-o-tecnico-sobre-estevao\">Luxemburgo d\u00e1 dica para o t\u00e9cnico sobre Estev\u00e3o <\/h2>\n\n\n\n<p>O treinador destacou um atleta que tem sido mal explorado pelo t\u00e9cnico portugu\u00eas atualmente no Verd\u00e3o. Vanderlei Luxemburgo, um dos treinadores mais vitoriosos da hist\u00f3ria do futebol brasileiro, fez um apelo a Abel Ferreira, comandante do Palmeiras, para que n\u00e3o desperdice o talento de Est\u00eav\u00e3o.<\/p>\n\n\n\n<ul class=\"wp-block-list\">\n<li><a href=\"https:\/\/www.gaveanews.com\/index.php\/2024\/11\/14\/vice-presidente-do-palmeiras-fala-sobre-possiveis-saidas-do-clube\/\">Vice-presidente do Palmeiras fala sobre poss\u00edveis sa\u00eddas do clube<\/a><\/li>\n\n\n\n<li><a href=\"https:\/\/www.gaveanews.com\/index.php\/2024\/11\/14\/braithwaite-e-sincero-ao-falar-sobre-estevao-do-palmeiras\/\">Braithwaite \u00e9 sincero ao falar sobre Est\u00eav\u00e3o, do Palmeiras<br><\/a><\/li>\n<\/ul>\n\n\n\n<p>Em uma participa\u00e7\u00e3o no Charla Podcast, Luxa comentou sobre sua experi\u00eancia ao dirigir jogadores talentosos ao longo de sua carreira bem-sucedida e elogiou o futebol demonstrado pela jovem promessa do Palmeiras.<\/p>\n\n\n\n<p>Entretanto, na vis\u00e3o dele, Est\u00eav\u00e3o poderia render muito mais se deixasse de jogar como ponta direita, posi\u00e7\u00e3o em que tem sido escalado por Abel, e passasse a atuar de forma mais centralizada, como um meia armador.<\/p>\n\n\n\n<figure class=\"wp-block-image size-large\"><img loading=\"lazy\" decoding=\"async\" width=\"921\" height=\"1024\" src=\"https:\/\/www.gaveanews.com\/wp-content\/uploads\/Abel-Ferreira-e-fotografado-durante-um-jogo-do-Palmeiras-no-Allianz-921x1024.webp\" alt=\"\" class=\"wp-image-157843\" srcset=\"https:\/\/www.gaveanews.com\/wp-content\/uploads\/Abel-Ferreira-e-fotografado-durante-um-jogo-do-Palmeiras-no-Allianz-921x1024.webp 921w, https:\/\/www.gaveanews.com\/wp-content\/uploads\/Abel-Ferreira-e-fotografado-durante-um-jogo-do-Palmeiras-no-Allianz-270x300.webp 270w, https:\/\/www.gaveanews.com\/wp-content\/uploads\/Abel-Ferreira-e-fotografado-durante-um-jogo-do-Palmeiras-no-Allianz-768x854.webp 768w, https:\/\/www.gaveanews.com\/wp-content\/uploads\/Abel-Ferreira-e-fotografado-durante-um-jogo-do-Palmeiras-no-Allianz-378x420.webp 378w, https:\/\/www.gaveanews.com\/wp-content\/uploads\/Abel-Ferreira-e-fotografado-durante-um-jogo-do-Palmeiras-no-Allianz-755x840.webp 755w, https:\/\/www.gaveanews.com\/wp-content\/uploads\/Abel-Ferreira-e-fotografado-durante-um-jogo-do-Palmeiras-no-Allianz-640x712.webp 640w, https:\/\/www.gaveanews.com\/wp-content\/uploads\/Abel-Ferreira-e-fotografado-durante-um-jogo-do-Palmeiras-no-Allianz-1280x1423.webp 1280w, https:\/\/www.gaveanews.com\/wp-content\/uploads\/Abel-Ferreira-e-fotografado-durante-um-jogo-do-Palmeiras-no-Allianz-681x757.webp 681w, https:\/\/www.gaveanews.com\/wp-content\/uploads\/Abel-Ferreira-e-fotografado-durante-um-jogo-do-Palmeiras-no-Allianz-100x111.webp 100w, https:\/\/www.gaveanews.com\/wp-content\/uploads\/Abel-Ferreira-e-fotografado-durante-um-jogo-do-Palmeiras-no-Allianz.webp 1349w\" sizes=\"auto, (max-width: 921px) 100vw, 921px\" \/><figcaption class=\"wp-element-caption\">Abel Ferreira \u00e9 fotografado durante um jogo do Palmeiras no Allianz (Foto: Cesar Greco\/Palmeiras)<\/figcaption><\/figure>\n\n\n\n<p>&#8220;Abel, d\u00e1 um jeito de colocar o Est\u00eav\u00e3o para dentro. Ele \u00e9 muito talento para ficar no lado do campo dando drible por ali. No meio ele vai dar dribles e vai colocar os jogadores na cara do gol. Tem muito talento. Mas o Abel tem o jeito dele de jogar&#8221;, pediu Luxemburgo.<\/p>\n\n\n\n<p>&#8220;Eu n\u00e3o desperdi\u00e7aria um jogador daquele atuando por dentro. \u00c9 um cara que vai sair para a direita, para a esquerda, solto, podendo driblar e fazer o que ele quiser. Aquele moleque joga muita bola&#8221;, completou o treinador.<\/p>\n\n\n\n<p>Luxemburgo teve passagens marcantes e vitoriosas pelo Palmeiras na d\u00e9cada de 1990 e, na sua \u00faltima estadia no clube, em 2020, foi sucedido exatamente por Abel Ferreira.<\/p>\n\n\n\n<p>\u00c9 importante ressaltar que Est\u00eav\u00e3o jogava como meia-atacante centralizado nas categorias de base do Palmeiras, al\u00e9m de atuar mais aberto pelas laterais.<\/p>\n\n\n\n<p>No entanto, no time profissional, o jovem joga principalmente aberto pela direita, aproveitando sua habilidade de drible nos embates diretos contra os laterais e defensores advers\u00e1rios.<\/p>\n\n\n\n<p>Apesar de quatro anos de grande \u00eaxito \u00e0 frente do Palmeiras, com dez t\u00edtulos conquistados, Abel Ferreira tem enfrentado cr\u00edticas de certos segmentos da torcida do Palmeiras. <\/p>\n","protected":false},"excerpt":{"rendered":"<p>Luxemburgo d\u00e1 dica para o t\u00e9cnico sobre Estev\u00e3o O treinador destacou um atleta que tem sido mal explorado pelo t\u00e9cnico portugu\u00eas atualmente no Verd\u00e3o. Vanderlei Luxemburgo, um dos treinadores mais vitoriosos da hist\u00f3ria do futebol brasileiro, fez um apelo a Abel Ferreira, comandante do Palmeiras, para que n\u00e3o desperdice o talento de Est\u00eav\u00e3o. Em uma [&hellip;]<\/p>\n","protected":false},"author":16,"featured_media":33890,"comment_status":"open","ping_status":"closed","sticky":false,"template":"","format":"standard","meta":{"footnotes":""},"categories":[150],"tags":[],"class_list":["post-185366","post","type-post","status-publish","format-standard","has-post-thumbnail","hentry","category-palmeiras"],"yoast_head":"<!-- This site is optimized with the Yoast SEO Premium plugin v24.2 (Yoast SEO v26.9) - https:\/\/yoast.com\/product\/yoast-seo-premium-wordpress\/ -->\n<title>A declara\u00e7\u00e3o de Luxemburgo direcionada a Abel, do Palmeiras<\/title>\n<meta name=\"description\" content=\"A declara\u00e7\u00e3o de Luxemburgo direcionada a Abel, do Palmeiras\" \/>\n<meta name=\"robots\" content=\"index, follow, max-snippet:-1, max-image-preview:large, max-video-preview:-1\" \/>\n<link rel=\"canonical\" href=\"https:\/\/www.gaveanews.com\/index.php\/2024\/11\/14\/a-declaracao-de-luxemburgo-direcionada-a-abel-do-palmeiras\/\" \/>\n<meta property=\"og:locale\" content=\"pt_BR\" \/>\n<meta property=\"og:type\" content=\"article\" \/>\n<meta property=\"og:title\" content=\"A declara\u00e7\u00e3o de Luxemburgo direcionada a Abel, do Palmeiras\" \/>\n<meta property=\"og:description\" content=\"A declara\u00e7\u00e3o de Luxemburgo direcionada a Abel, do Palmeiras\" \/>\n<meta property=\"og:url\" content=\"https:\/\/www.gaveanews.com\/index.php\/2024\/11\/14\/a-declaracao-de-luxemburgo-direcionada-a-abel-do-palmeiras\/\" \/>\n<meta property=\"og:site_name\" content=\"G\u00e1vea News\" \/>\n<meta property=\"article:publisher\" content=\"https:\/\/facebook.com\/gaveaNews\/\" \/>\n<meta property=\"article:published_time\" content=\"2024-11-14T20:05:00+00:00\" \/>\n<meta property=\"og:image\" content=\"https:\/\/www.gaveanews.com\/wp-content\/uploads\/vanderlei-luxemburgo-vasco-02-06-2019_husjdbczs8861a8jmkobu5fma.webp\" \/>\n\t<meta property=\"og:image:width\" content=\"1920\" \/>\n\t<meta property=\"og:image:height\" content=\"1080\" \/>\n\t<meta property=\"og:image:type\" content=\"image\/png\" \/>\n<meta name=\"author\" content=\"D\u00e9bora Figueiredo\" \/>\n<meta name=\"twitter:card\" content=\"summary_large_image\" \/>\n<meta name=\"twitter:label1\" content=\"Escrito por\" \/>\n\t<meta name=\"twitter:data1\" content=\"D\u00e9bora Figueiredo\" \/>\n\t<meta name=\"twitter:label2\" content=\"Est. tempo de leitura\" \/>\n\t<meta name=\"twitter:data2\" content=\"3 minutos\" \/>\n<script type=\"application\/ld+json\" class=\"yoast-schema-graph\">{\"@context\":\"https:\/\/schema.org\",\"@graph\":[{\"@type\":\"NewsArticle\",\"@id\":\"https:\/\/www.gaveanews.com\/index.php\/2024\/11\/14\/a-declaracao-de-luxemburgo-direcionada-a-abel-do-palmeiras\/#article\",\"isPartOf\":{\"@id\":\"https:\/\/www.gaveanews.com\/index.php\/2024\/11\/14\/a-declaracao-de-luxemburgo-direcionada-a-abel-do-palmeiras\/\"},\"author\":{\"name\":\"D\u00e9bora Figueiredo\",\"@id\":\"https:\/\/www.gaveanews.com\/#\/schema\/person\/37122681a8575a5c8db05a56f099a5e4\"},\"headline\":\"A declara\u00e7\u00e3o de Luxemburgo direcionada a Abel, do Palmeiras\",\"datePublished\":\"2024-11-14T20:05:00+00:00\",\"mainEntityOfPage\":{\"@id\":\"https:\/\/www.gaveanews.com\/index.php\/2024\/11\/14\/a-declaracao-de-luxemburgo-direcionada-a-abel-do-palmeiras\/\"},\"wordCount\":378,\"commentCount\":0,\"image\":{\"@id\":\"https:\/\/www.gaveanews.com\/index.php\/2024\/11\/14\/a-declaracao-de-luxemburgo-direcionada-a-abel-do-palmeiras\/#primaryimage\"},\"thumbnailUrl\":\"https:\/\/www.gaveanews.com\/wp-content\/uploads\/vanderlei-luxemburgo-vasco-02-06-2019_husjdbczs8861a8jmkobu5fma.webp\",\"articleSection\":[\"Palmeiras\"],\"inLanguage\":\"pt-BR\",\"potentialAction\":[{\"@type\":\"CommentAction\",\"name\":\"Comment\",\"target\":[\"https:\/\/www.gaveanews.com\/index.php\/2024\/11\/14\/a-declaracao-de-luxemburgo-direcionada-a-abel-do-palmeiras\/#respond\"]}],\"copyrightYear\":\"2024\",\"copyrightHolder\":{\"@id\":\"https:\/\/www.gaveanews.com\/#organization\"}},{\"@type\":\"WebPage\",\"@id\":\"https:\/\/www.gaveanews.com\/index.php\/2024\/11\/14\/a-declaracao-de-luxemburgo-direcionada-a-abel-do-palmeiras\/\",\"url\":\"https:\/\/www.gaveanews.com\/index.php\/2024\/11\/14\/a-declaracao-de-luxemburgo-direcionada-a-abel-do-palmeiras\/\",\"name\":\"A declara\u00e7\u00e3o de Luxemburgo direcionada a Abel, do Palmeiras\",\"isPartOf\":{\"@id\":\"https:\/\/www.gaveanews.com\/#website\"},\"primaryImageOfPage\":{\"@id\":\"https:\/\/www.gaveanews.com\/index.php\/2024\/11\/14\/a-declaracao-de-luxemburgo-direcionada-a-abel-do-palmeiras\/#primaryimage\"},\"image\":{\"@id\":\"https:\/\/www.gaveanews.com\/index.php\/2024\/11\/14\/a-declaracao-de-luxemburgo-direcionada-a-abel-do-palmeiras\/#primaryimage\"},\"thumbnailUrl\":\"https:\/\/www.gaveanews.com\/wp-content\/uploads\/vanderlei-luxemburgo-vasco-02-06-2019_husjdbczs8861a8jmkobu5fma.webp\",\"datePublished\":\"2024-11-14T20:05:00+00:00\",\"author\":{\"@id\":\"https:\/\/www.gaveanews.com\/#\/schema\/person\/37122681a8575a5c8db05a56f099a5e4\"},\"description\":\"A declara\u00e7\u00e3o de Luxemburgo direcionada a Abel, do Palmeiras\",\"breadcrumb\":{\"@id\":\"https:\/\/www.gaveanews.com\/index.php\/2024\/11\/14\/a-declaracao-de-luxemburgo-direcionada-a-abel-do-palmeiras\/#breadcrumb\"},\"inLanguage\":\"pt-BR\",\"potentialAction\":[{\"@type\":\"ReadAction\",\"target\":[\"https:\/\/www.gaveanews.com\/index.php\/2024\/11\/14\/a-declaracao-de-luxemburgo-direcionada-a-abel-do-palmeiras\/\"]}]},{\"@type\":\"ImageObject\",\"inLanguage\":\"pt-BR\",\"@id\":\"https:\/\/www.gaveanews.com\/index.php\/2024\/11\/14\/a-declaracao-de-luxemburgo-direcionada-a-abel-do-palmeiras\/#primaryimage\",\"url\":\"https:\/\/www.gaveanews.com\/wp-content\/uploads\/vanderlei-luxemburgo-vasco-02-06-2019_husjdbczs8861a8jmkobu5fma.webp\",\"contentUrl\":\"https:\/\/www.gaveanews.com\/wp-content\/uploads\/vanderlei-luxemburgo-vasco-02-06-2019_husjdbczs8861a8jmkobu5fma.webp\",\"width\":1920,\"height\":1080,\"caption\":\"Vanderlei Luxemburgo (Foto: Divulga\u00e7\u00e3o\/Vasco)\"},{\"@type\":\"BreadcrumbList\",\"@id\":\"https:\/\/www.gaveanews.com\/index.php\/2024\/11\/14\/a-declaracao-de-luxemburgo-direcionada-a-abel-do-palmeiras\/#breadcrumb\",\"itemListElement\":[{\"@type\":\"ListItem\",\"position\":1,\"name\":\"Home\",\"item\":\"https:\/\/www.gaveanews.com\/\"},{\"@type\":\"ListItem\",\"position\":2,\"name\":\"A declara\u00e7\u00e3o de Luxemburgo direcionada a Abel, do Palmeiras\"}]},{\"@type\":\"WebSite\",\"@id\":\"https:\/\/www.gaveanews.com\/#website\",\"url\":\"https:\/\/www.gaveanews.com\/\",\"name\":\"G\u00e1vea News\",\"description\":\"Veja todas as not\u00edcias sobre o Flamengo: Contrata\u00e7\u00f5es, categorias de base, resultados das partidas, tabela de classifica\u00e7\u00e3o, pr\u00f3ximos jogos!\",\"potentialAction\":[{\"@type\":\"SearchAction\",\"target\":{\"@type\":\"EntryPoint\",\"urlTemplate\":\"https:\/\/www.gaveanews.com\/?s={search_term_string}\"},\"query-input\":{\"@type\":\"PropertyValueSpecification\",\"valueRequired\":true,\"valueName\":\"search_term_string\"}}],\"inLanguage\":\"pt-BR\"},{\"@type\":\"Person\",\"@id\":\"https:\/\/www.gaveanews.com\/#\/schema\/person\/37122681a8575a5c8db05a56f099a5e4\",\"name\":\"D\u00e9bora Figueiredo\",\"image\":{\"@type\":\"ImageObject\",\"inLanguage\":\"pt-BR\",\"@id\":\"https:\/\/www.gaveanews.com\/#\/schema\/person\/image\/\",\"url\":\"https:\/\/secure.gravatar.com\/avatar\/1f44802859351588499d26f52aed1d15796ce17e67602895b72837c08018868d?s=96&d=mm&r=g\",\"contentUrl\":\"https:\/\/secure.gravatar.com\/avatar\/1f44802859351588499d26f52aed1d15796ce17e67602895b72837c08018868d?s=96&d=mm&r=g\",\"caption\":\"D\u00e9bora Figueiredo\"}}]}<\/script>\n<!-- \/ Yoast SEO Premium plugin. -->","yoast_head_json":{"title":"A declara\u00e7\u00e3o de Luxemburgo direcionada a Abel, do Palmeiras","description":"A declara\u00e7\u00e3o de Luxemburgo direcionada a Abel, do Palmeiras","robots":{"index":"index","follow":"follow","max-snippet":"max-snippet:-1","max-image-preview":"max-image-preview:large","max-video-preview":"max-video-preview:-1"},"canonical":"https:\/\/www.gaveanews.com\/index.php\/2024\/11\/14\/a-declaracao-de-luxemburgo-direcionada-a-abel-do-palmeiras\/","og_locale":"pt_BR","og_type":"article","og_title":"A declara\u00e7\u00e3o de Luxemburgo direcionada a Abel, do Palmeiras","og_description":"A declara\u00e7\u00e3o de Luxemburgo direcionada a Abel, do Palmeiras","og_url":"https:\/\/www.gaveanews.com\/index.php\/2024\/11\/14\/a-declaracao-de-luxemburgo-direcionada-a-abel-do-palmeiras\/","og_site_name":"G\u00e1vea News","article_publisher":"https:\/\/facebook.com\/gaveaNews\/","article_published_time":"2024-11-14T20:05:00+00:00","og_image":[{"width":1920,"height":1080,"url":"https:\/\/www.gaveanews.com\/wp-content\/uploads\/vanderlei-luxemburgo-vasco-02-06-2019_husjdbczs8861a8jmkobu5fma.webp","type":"image\/png"}],"author":"D\u00e9bora Figueiredo","twitter_card":"summary_large_image","twitter_misc":{"Escrito por":"D\u00e9bora Figueiredo","Est. tempo de leitura":"3 minutos"},"schema":{"@context":"https:\/\/schema.org","@graph":[{"@type":"NewsArticle","@id":"https:\/\/www.gaveanews.com\/index.php\/2024\/11\/14\/a-declaracao-de-luxemburgo-direcionada-a-abel-do-palmeiras\/#article","isPartOf":{"@id":"https:\/\/www.gaveanews.com\/index.php\/2024\/11\/14\/a-declaracao-de-luxemburgo-direcionada-a-abel-do-palmeiras\/"},"author":{"name":"D\u00e9bora Figueiredo","@id":"https:\/\/www.gaveanews.com\/#\/schema\/person\/37122681a8575a5c8db05a56f099a5e4"},"headline":"A declara\u00e7\u00e3o de Luxemburgo direcionada a Abel, do Palmeiras","datePublished":"2024-11-14T20:05:00+00:00","mainEntityOfPage":{"@id":"https:\/\/www.gaveanews.com\/index.php\/2024\/11\/14\/a-declaracao-de-luxemburgo-direcionada-a-abel-do-palmeiras\/"},"wordCount":378,"commentCount":0,"image":{"@id":"https:\/\/www.gaveanews.com\/index.php\/2024\/11\/14\/a-declaracao-de-luxemburgo-direcionada-a-abel-do-palmeiras\/#primaryimage"},"thumbnailUrl":"https:\/\/www.gaveanews.com\/wp-content\/uploads\/vanderlei-luxemburgo-vasco-02-06-2019_husjdbczs8861a8jmkobu5fma.webp","articleSection":["Palmeiras"],"inLanguage":"pt-BR","potentialAction":[{"@type":"CommentAction","name":"Comment","target":["https:\/\/www.gaveanews.com\/index.php\/2024\/11\/14\/a-declaracao-de-luxemburgo-direcionada-a-abel-do-palmeiras\/#respond"]}],"copyrightYear":"2024","copyrightHolder":{"@id":"https:\/\/www.gaveanews.com\/#organization"}},{"@type":"WebPage","@id":"https:\/\/www.gaveanews.com\/index.php\/2024\/11\/14\/a-declaracao-de-luxemburgo-direcionada-a-abel-do-palmeiras\/","url":"https:\/\/www.gaveanews.com\/index.php\/2024\/11\/14\/a-declaracao-de-luxemburgo-direcionada-a-abel-do-palmeiras\/","name":"A declara\u00e7\u00e3o de Luxemburgo direcionada a Abel, do Palmeiras","isPartOf":{"@id":"https:\/\/www.gaveanews.com\/#website"},"primaryImageOfPage":{"@id":"https:\/\/www.gaveanews.com\/index.php\/2024\/11\/14\/a-declaracao-de-luxemburgo-direcionada-a-abel-do-palmeiras\/#primaryimage"},"image":{"@id":"https:\/\/www.gaveanews.com\/index.php\/2024\/11\/14\/a-declaracao-de-luxemburgo-direcionada-a-abel-do-palmeiras\/#primaryimage"},"thumbnailUrl":"https:\/\/www.gaveanews.com\/wp-content\/uploads\/vanderlei-luxemburgo-vasco-02-06-2019_husjdbczs8861a8jmkobu5fma.webp","datePublished":"2024-11-14T20:05:00+00:00","author":{"@id":"https:\/\/www.gaveanews.com\/#\/schema\/person\/37122681a8575a5c8db05a56f099a5e4"},"description":"A declara\u00e7\u00e3o de Luxemburgo direcionada a Abel, do Palmeiras","breadcrumb":{"@id":"https:\/\/www.gaveanews.com\/index.php\/2024\/11\/14\/a-declaracao-de-luxemburgo-direcionada-a-abel-do-palmeiras\/#breadcrumb"},"inLanguage":"pt-BR","potentialAction":[{"@type":"ReadAction","target":["https:\/\/www.gaveanews.com\/index.php\/2024\/11\/14\/a-declaracao-de-luxemburgo-direcionada-a-abel-do-palmeiras\/"]}]},{"@type":"ImageObject","inLanguage":"pt-BR","@id":"https:\/\/www.gaveanews.com\/index.php\/2024\/11\/14\/a-declaracao-de-luxemburgo-direcionada-a-abel-do-palmeiras\/#primaryimage","url":"https:\/\/www.gaveanews.com\/wp-content\/uploads\/vanderlei-luxemburgo-vasco-02-06-2019_husjdbczs8861a8jmkobu5fma.webp","contentUrl":"https:\/\/www.gaveanews.com\/wp-content\/uploads\/vanderlei-luxemburgo-vasco-02-06-2019_husjdbczs8861a8jmkobu5fma.webp","width":1920,"height":1080,"caption":"Vanderlei Luxemburgo (Foto: Divulga\u00e7\u00e3o\/Vasco)"},{"@type":"BreadcrumbList","@id":"https:\/\/www.gaveanews.com\/index.php\/2024\/11\/14\/a-declaracao-de-luxemburgo-direcionada-a-abel-do-palmeiras\/#breadcrumb","itemListElement":[{"@type":"ListItem","position":1,"name":"Home","item":"https:\/\/www.gaveanews.com\/"},{"@type":"ListItem","position":2,"name":"A declara\u00e7\u00e3o de Luxemburgo direcionada a Abel, do Palmeiras"}]},{"@type":"WebSite","@id":"https:\/\/www.gaveanews.com\/#website","url":"https:\/\/www.gaveanews.com\/","name":"G\u00e1vea News","description":"Veja todas as not\u00edcias sobre o Flamengo: Contrata\u00e7\u00f5es, categorias de base, resultados das partidas, tabela de classifica\u00e7\u00e3o, pr\u00f3ximos jogos!","potentialAction":[{"@type":"SearchAction","target":{"@type":"EntryPoint","urlTemplate":"https:\/\/www.gaveanews.com\/?s={search_term_string}"},"query-input":{"@type":"PropertyValueSpecification","valueRequired":true,"valueName":"search_term_string"}}],"inLanguage":"pt-BR"},{"@type":"Person","@id":"https:\/\/www.gaveanews.com\/#\/schema\/person\/37122681a8575a5c8db05a56f099a5e4","name":"D\u00e9bora Figueiredo","image":{"@type":"ImageObject","inLanguage":"pt-BR","@id":"https:\/\/www.gaveanews.com\/#\/schema\/person\/image\/","url":"https:\/\/secure.gravatar.com\/avatar\/1f44802859351588499d26f52aed1d15796ce17e67602895b72837c08018868d?s=96&d=mm&r=g","contentUrl":"https:\/\/secure.gravatar.com\/avatar\/1f44802859351588499d26f52aed1d15796ce17e67602895b72837c08018868d?s=96&d=mm&r=g","caption":"D\u00e9bora Figueiredo"}}]}},"_links":{"self":[{"href":"https:\/\/www.gaveanews.com\/index.php\/wp-json\/wp\/v2\/posts\/185366","targetHints":{"allow":["GET"]}}],"collection":[{"href":"https:\/\/www.gaveanews.com\/index.php\/wp-json\/wp\/v2\/posts"}],"about":[{"href":"https:\/\/www.gaveanews.com\/index.php\/wp-json\/wp\/v2\/types\/post"}],"author":[{"embeddable":true,"href":"https:\/\/www.gaveanews.com\/index.php\/wp-json\/wp\/v2\/users\/16"}],"replies":[{"embeddable":true,"href":"https:\/\/www.gaveanews.com\/index.php\/wp-json\/wp\/v2\/comments?post=185366"}],"version-history":[{"count":2,"href":"https:\/\/www.gaveanews.com\/index.php\/wp-json\/wp\/v2\/posts\/185366\/revisions"}],"predecessor-version":[{"id":185465,"href":"https:\/\/www.gaveanews.com\/index.php\/wp-json\/wp\/v2\/posts\/185366\/revisions\/185465"}],"wp:featuredmedia":[{"embeddable":true,"href":"https:\/\/www.gaveanews.com\/index.php\/wp-json\/wp\/v2\/media\/33890"}],"wp:attachment":[{"href":"https:\/\/www.gaveanews.com\/index.php\/wp-json\/wp\/v2\/media?parent=185366"}],"wp:term":[{"taxonomy":"category","embeddable":true,"href":"https:\/\/www.gaveanews.com\/index.php\/wp-json\/wp\/v2\/categories?post=185366"},{"taxonomy":"post_tag","embeddable":true,"href":"https:\/\/www.gaveanews.com\/index.php\/wp-json\/wp\/v2\/tags?post=185366"}],"curies":[{"name":"wp","href":"https:\/\/api.w.org\/{rel}","templated":true}]}}