{"id":18540,"date":"2019-04-26T00:37:53","date_gmt":"2019-04-26T03:37:53","guid":{"rendered":"https:\/\/www.gaveanews.com\/?p=18540"},"modified":"2019-04-26T00:45:13","modified_gmt":"2019-04-26T03:45:13","slug":"atacante-e-contratada-pelo-flamengo-estou-sem-palavras","status":"publish","type":"post","link":"https:\/\/www.gaveanews.com\/index.php\/2019\/04\/26\/atacante-e-contratada-pelo-flamengo-estou-sem-palavras\/","title":{"rendered":"Atacante \u00e9 contratada pelo Flamengo: &#8220;Estou sem palavras&#8221;"},"content":{"rendered":"\n<p>Nesta quinta-feira, o Flamengo anunciou a contrata\u00e7\u00e3o de Lu Meireles  para a temporada 2019. A atacante chega ao Mais Querido do Brasil para a disputa do Campeonato Brasileiro e o Carioca, al\u00e9m dos Jogos Mundiais Militares. Vale destacar que paraibana atuava no Botafogo-PB e fez hist\u00f3ria em seu estado antes de chegar na cidade do Rio de Janeiro.<\/p>\n\n\n\n<p>&#8220;Sempre fui torcedora do Flamengo e via o clube como um dos maiores do pa\u00eds, um lugar que eu almejava estar. &#8221; &#8211; afirmou Lu.<\/p>\n\n\n\n<p>&#8220;N\u00e3o vou mentir que achava dif\u00edcil chegar at\u00e9 aqui, mas ter essa oportunidade \u00e9 emocionante, realiza\u00e7\u00e3o de um sonho. Para as mulheres, viver de futebol \u00e9 sempre um sonho, ainda mais podendo jogar no time do cora\u00e7\u00e3o. As expectativas s\u00e3o as melhores. Consegui fazer hist\u00f3ria no Botafogo e poder escrever novos cap\u00edtulos aqui, uma equipe que tanto amo e tanto admiro\u2026 estou sem palavras. Estou muito feliz&#8221;, completou a jogadora.<\/p>\n\n\n\n<figure class=\"wp-block-image\"><img decoding=\"async\" src=\"https:\/\/fla-bucket-s3-us.s3.amazonaws.com\/public\/images\/artigos\/bodies\/1556230049.webp\" alt=\"\"\/><figcaption>Na G\u00e1vea e com o Manto Sagrado, Lu Meireles sorri para foto (Foto: Marcelo Cortes\/Flamengo)<\/figcaption><\/figure>\n\n\n\n<p>Lucilene Firmino Meireles, conhecida como Lu, tem 31 anos, nascida em 05\/02\/1988 e come\u00e7ou no futsal e no futebol de areia. Aos 19, ela passou para o campo, atuando em uma equipe de Guarabira (PB). <\/p>\n\n\n\n<p>Em 2010, ela chegou ao Botafogo da Para\u00edba, clube em que passou quase dez anos e criou ra\u00edzes inesquec\u00edveis. Foi com as atua\u00e7\u00f5es por l\u00e1 que ela foi convocada para a Sele\u00e7\u00e3o Brasileira pela primeira vez. Durante esses anos, a atacante teve duas sa\u00eddas por empr\u00e9stimo, incluindo uma recente para a Ferrovi\u00e1ria no \u00faltimo Brasileiro.<\/p>\n\n\n\n\n\n<p>Adaptado de: Site Oficial do Flamengo<\/p>\n","protected":false},"excerpt":{"rendered":"<p>Nesta quinta-feira, o Flamengo anunciou a contrata\u00e7\u00e3o de Lu Meireles para a temporada 2019. A atacante chega ao Mais Querido do Brasil para a disputa do Campeonato Brasileiro e o Carioca, al\u00e9m dos Jogos Mundiais Militares. Vale destacar que paraibana atuava no Botafogo-PB e fez hist\u00f3ria em seu estado antes de chegar na cidade do [&hellip;]<\/p>\n","protected":false},"author":1,"featured_media":18547,"comment_status":"open","ping_status":"open","sticky":false,"template":"","format":"standard","meta":{"footnotes":""},"categories":[1],"tags":[],"class_list":["post-18540","post","type-post","status-publish","format-standard","has-post-thumbnail","hentry","category-flamengo"],"yoast_head":"<!-- This site is optimized with the Yoast SEO Premium plugin v24.2 (Yoast SEO v26.9) - https:\/\/yoast.com\/product\/yoast-seo-premium-wordpress\/ -->\n<title>Atacante \u00e9 contratada pelo Flamengo: &quot;Estou sem palavras&quot;<\/title>\n<meta name=\"robots\" content=\"index, follow, max-snippet:-1, max-image-preview:large, max-video-preview:-1\" \/>\n<link rel=\"canonical\" href=\"https:\/\/www.gaveanews.com\/index.php\/2019\/04\/26\/atacante-e-contratada-pelo-flamengo-estou-sem-palavras\/\" \/>\n<meta property=\"og:locale\" content=\"pt_BR\" \/>\n<meta property=\"og:type\" content=\"article\" \/>\n<meta property=\"og:title\" content=\"Atacante \u00e9 contratada pelo Flamengo: &quot;Estou sem palavras&quot;\" \/>\n<meta property=\"og:description\" content=\"Nesta quinta-feira, o Flamengo anunciou a contrata\u00e7\u00e3o de Lu Meireles para a temporada 2019. A atacante chega ao Mais Querido do Brasil para a disputa do Campeonato Brasileiro e o Carioca, al\u00e9m dos Jogos Mundiais Militares. Vale destacar que paraibana atuava no Botafogo-PB e fez hist\u00f3ria em seu estado antes de chegar na cidade do [&hellip;]\" \/>\n<meta property=\"og:url\" content=\"https:\/\/www.gaveanews.com\/index.php\/2019\/04\/26\/atacante-e-contratada-pelo-flamengo-estou-sem-palavras\/\" \/>\n<meta property=\"og:site_name\" content=\"G\u00e1vea News\" \/>\n<meta property=\"article:publisher\" content=\"https:\/\/facebook.com\/gaveaNews\/\" \/>\n<meta property=\"article:published_time\" content=\"2019-04-26T03:37:53+00:00\" \/>\n<meta property=\"article:modified_time\" content=\"2019-04-26T03:45:13+00:00\" \/>\n<meta property=\"og:image\" content=\"https:\/\/www.gaveanews.com\/wp-content\/uploads\/2019\/04\/Jogadoras-do-Flamengo-durante-treinamento-no-CEFAN.webp\" \/>\n\t<meta property=\"og:image:width\" content=\"810\" \/>\n\t<meta property=\"og:image:height\" content=\"539\" \/>\n\t<meta property=\"og:image:type\" content=\"image\/jpeg\" \/>\n<meta name=\"author\" content=\"Equipe G\u00e1vea News\" \/>\n<meta name=\"twitter:card\" content=\"summary_large_image\" \/>\n<meta name=\"twitter:label1\" content=\"Escrito por\" \/>\n\t<meta name=\"twitter:data1\" content=\"Equipe G\u00e1vea News\" \/>\n\t<meta name=\"twitter:label2\" content=\"Est. tempo de leitura\" \/>\n\t<meta name=\"twitter:data2\" content=\"1 minuto\" \/>\n<script type=\"application\/ld+json\" class=\"yoast-schema-graph\">{\"@context\":\"https:\/\/schema.org\",\"@graph\":[{\"@type\":\"NewsArticle\",\"@id\":\"https:\/\/www.gaveanews.com\/index.php\/2019\/04\/26\/atacante-e-contratada-pelo-flamengo-estou-sem-palavras\/#article\",\"isPartOf\":{\"@id\":\"https:\/\/www.gaveanews.com\/index.php\/2019\/04\/26\/atacante-e-contratada-pelo-flamengo-estou-sem-palavras\/\"},\"author\":{\"name\":\"Equipe G\u00e1vea News\",\"@id\":\"https:\/\/www.gaveanews.com\/#\/schema\/person\/2ec14f73fb96be2caf28f91afb14749d\"},\"headline\":\"Atacante \u00e9 contratada pelo Flamengo: &#8220;Estou sem palavras&#8221;\",\"datePublished\":\"2019-04-26T03:37:53+00:00\",\"dateModified\":\"2019-04-26T03:45:13+00:00\",\"mainEntityOfPage\":{\"@id\":\"https:\/\/www.gaveanews.com\/index.php\/2019\/04\/26\/atacante-e-contratada-pelo-flamengo-estou-sem-palavras\/\"},\"wordCount\":285,\"commentCount\":0,\"image\":{\"@id\":\"https:\/\/www.gaveanews.com\/index.php\/2019\/04\/26\/atacante-e-contratada-pelo-flamengo-estou-sem-palavras\/#primaryimage\"},\"thumbnailUrl\":\"https:\/\/www.gaveanews.com\/wp-content\/uploads\/2019\/04\/Jogadoras-do-Flamengo-durante-treinamento-no-CEFAN.webp\",\"articleSection\":[\"Flamengo\"],\"inLanguage\":\"pt-BR\",\"potentialAction\":[{\"@type\":\"CommentAction\",\"name\":\"Comment\",\"target\":[\"https:\/\/www.gaveanews.com\/index.php\/2019\/04\/26\/atacante-e-contratada-pelo-flamengo-estou-sem-palavras\/#respond\"]}],\"copyrightYear\":\"2019\",\"copyrightHolder\":{\"@id\":\"https:\/\/www.gaveanews.com\/#organization\"}},{\"@type\":\"WebPage\",\"@id\":\"https:\/\/www.gaveanews.com\/index.php\/2019\/04\/26\/atacante-e-contratada-pelo-flamengo-estou-sem-palavras\/\",\"url\":\"https:\/\/www.gaveanews.com\/index.php\/2019\/04\/26\/atacante-e-contratada-pelo-flamengo-estou-sem-palavras\/\",\"name\":\"Atacante \u00e9 contratada pelo Flamengo: \\\"Estou sem palavras\\\"\",\"isPartOf\":{\"@id\":\"https:\/\/www.gaveanews.com\/#website\"},\"primaryImageOfPage\":{\"@id\":\"https:\/\/www.gaveanews.com\/index.php\/2019\/04\/26\/atacante-e-contratada-pelo-flamengo-estou-sem-palavras\/#primaryimage\"},\"image\":{\"@id\":\"https:\/\/www.gaveanews.com\/index.php\/2019\/04\/26\/atacante-e-contratada-pelo-flamengo-estou-sem-palavras\/#primaryimage\"},\"thumbnailUrl\":\"https:\/\/www.gaveanews.com\/wp-content\/uploads\/2019\/04\/Jogadoras-do-Flamengo-durante-treinamento-no-CEFAN.webp\",\"datePublished\":\"2019-04-26T03:37:53+00:00\",\"dateModified\":\"2019-04-26T03:45:13+00:00\",\"author\":{\"@id\":\"https:\/\/www.gaveanews.com\/#\/schema\/person\/2ec14f73fb96be2caf28f91afb14749d\"},\"breadcrumb\":{\"@id\":\"https:\/\/www.gaveanews.com\/index.php\/2019\/04\/26\/atacante-e-contratada-pelo-flamengo-estou-sem-palavras\/#breadcrumb\"},\"inLanguage\":\"pt-BR\",\"potentialAction\":[{\"@type\":\"ReadAction\",\"target\":[\"https:\/\/www.gaveanews.com\/index.php\/2019\/04\/26\/atacante-e-contratada-pelo-flamengo-estou-sem-palavras\/\"]}]},{\"@type\":\"ImageObject\",\"inLanguage\":\"pt-BR\",\"@id\":\"https:\/\/www.gaveanews.com\/index.php\/2019\/04\/26\/atacante-e-contratada-pelo-flamengo-estou-sem-palavras\/#primaryimage\",\"url\":\"https:\/\/www.gaveanews.com\/wp-content\/uploads\/2019\/04\/Jogadoras-do-Flamengo-durante-treinamento-no-CEFAN.webp\",\"contentUrl\":\"https:\/\/www.gaveanews.com\/wp-content\/uploads\/2019\/04\/Jogadoras-do-Flamengo-durante-treinamento-no-CEFAN.webp\",\"width\":810,\"height\":539,\"caption\":\"Jogadoras do Flamengo durante treinamento no CEFAN (Foto: Marcelo Cortes\/Flamengo)\"},{\"@type\":\"BreadcrumbList\",\"@id\":\"https:\/\/www.gaveanews.com\/index.php\/2019\/04\/26\/atacante-e-contratada-pelo-flamengo-estou-sem-palavras\/#breadcrumb\",\"itemListElement\":[{\"@type\":\"ListItem\",\"position\":1,\"name\":\"Home\",\"item\":\"https:\/\/www.gaveanews.com\/\"},{\"@type\":\"ListItem\",\"position\":2,\"name\":\"Atacante \u00e9 contratada pelo Flamengo: &#8220;Estou sem palavras&#8221;\"}]},{\"@type\":\"WebSite\",\"@id\":\"https:\/\/www.gaveanews.com\/#website\",\"url\":\"https:\/\/www.gaveanews.com\/\",\"name\":\"G\u00e1vea News\",\"description\":\"Veja todas as not\u00edcias sobre o Flamengo: Contrata\u00e7\u00f5es, categorias de base, resultados das partidas, tabela de classifica\u00e7\u00e3o, pr\u00f3ximos jogos!\",\"potentialAction\":[{\"@type\":\"SearchAction\",\"target\":{\"@type\":\"EntryPoint\",\"urlTemplate\":\"https:\/\/www.gaveanews.com\/?s={search_term_string}\"},\"query-input\":{\"@type\":\"PropertyValueSpecification\",\"valueRequired\":true,\"valueName\":\"search_term_string\"}}],\"inLanguage\":\"pt-BR\"},{\"@type\":\"Person\",\"@id\":\"https:\/\/www.gaveanews.com\/#\/schema\/person\/2ec14f73fb96be2caf28f91afb14749d\",\"name\":\"Equipe G\u00e1vea News\",\"image\":{\"@type\":\"ImageObject\",\"inLanguage\":\"pt-BR\",\"@id\":\"https:\/\/www.gaveanews.com\/#\/schema\/person\/image\/\",\"url\":\"https:\/\/secure.gravatar.com\/avatar\/1e1956f1facbffd3f8fa53a326721950116b3b9dc9bd44939c01180fd4a745a9?s=96&d=mm&r=g\",\"contentUrl\":\"https:\/\/secure.gravatar.com\/avatar\/1e1956f1facbffd3f8fa53a326721950116b3b9dc9bd44939c01180fd4a745a9?s=96&d=mm&r=g\",\"caption\":\"Equipe G\u00e1vea News\"}}]}<\/script>\n<!-- \/ Yoast SEO Premium plugin. -->","yoast_head_json":{"title":"Atacante \u00e9 contratada pelo Flamengo: \"Estou sem palavras\"","robots":{"index":"index","follow":"follow","max-snippet":"max-snippet:-1","max-image-preview":"max-image-preview:large","max-video-preview":"max-video-preview:-1"},"canonical":"https:\/\/www.gaveanews.com\/index.php\/2019\/04\/26\/atacante-e-contratada-pelo-flamengo-estou-sem-palavras\/","og_locale":"pt_BR","og_type":"article","og_title":"Atacante \u00e9 contratada pelo Flamengo: \"Estou sem palavras\"","og_description":"Nesta quinta-feira, o Flamengo anunciou a contrata\u00e7\u00e3o de Lu Meireles para a temporada 2019. A atacante chega ao Mais Querido do Brasil para a disputa do Campeonato Brasileiro e o Carioca, al\u00e9m dos Jogos Mundiais Militares. Vale destacar que paraibana atuava no Botafogo-PB e fez hist\u00f3ria em seu estado antes de chegar na cidade do [&hellip;]","og_url":"https:\/\/www.gaveanews.com\/index.php\/2019\/04\/26\/atacante-e-contratada-pelo-flamengo-estou-sem-palavras\/","og_site_name":"G\u00e1vea News","article_publisher":"https:\/\/facebook.com\/gaveaNews\/","article_published_time":"2019-04-26T03:37:53+00:00","article_modified_time":"2019-04-26T03:45:13+00:00","og_image":[{"width":810,"height":539,"url":"https:\/\/www.gaveanews.com\/wp-content\/uploads\/2019\/04\/Jogadoras-do-Flamengo-durante-treinamento-no-CEFAN.webp","type":"image\/jpeg"}],"author":"Equipe G\u00e1vea News","twitter_card":"summary_large_image","twitter_misc":{"Escrito por":"Equipe G\u00e1vea News","Est. tempo de leitura":"1 minuto"},"schema":{"@context":"https:\/\/schema.org","@graph":[{"@type":"NewsArticle","@id":"https:\/\/www.gaveanews.com\/index.php\/2019\/04\/26\/atacante-e-contratada-pelo-flamengo-estou-sem-palavras\/#article","isPartOf":{"@id":"https:\/\/www.gaveanews.com\/index.php\/2019\/04\/26\/atacante-e-contratada-pelo-flamengo-estou-sem-palavras\/"},"author":{"name":"Equipe G\u00e1vea News","@id":"https:\/\/www.gaveanews.com\/#\/schema\/person\/2ec14f73fb96be2caf28f91afb14749d"},"headline":"Atacante \u00e9 contratada pelo Flamengo: &#8220;Estou sem palavras&#8221;","datePublished":"2019-04-26T03:37:53+00:00","dateModified":"2019-04-26T03:45:13+00:00","mainEntityOfPage":{"@id":"https:\/\/www.gaveanews.com\/index.php\/2019\/04\/26\/atacante-e-contratada-pelo-flamengo-estou-sem-palavras\/"},"wordCount":285,"commentCount":0,"image":{"@id":"https:\/\/www.gaveanews.com\/index.php\/2019\/04\/26\/atacante-e-contratada-pelo-flamengo-estou-sem-palavras\/#primaryimage"},"thumbnailUrl":"https:\/\/www.gaveanews.com\/wp-content\/uploads\/2019\/04\/Jogadoras-do-Flamengo-durante-treinamento-no-CEFAN.webp","articleSection":["Flamengo"],"inLanguage":"pt-BR","potentialAction":[{"@type":"CommentAction","name":"Comment","target":["https:\/\/www.gaveanews.com\/index.php\/2019\/04\/26\/atacante-e-contratada-pelo-flamengo-estou-sem-palavras\/#respond"]}],"copyrightYear":"2019","copyrightHolder":{"@id":"https:\/\/www.gaveanews.com\/#organization"}},{"@type":"WebPage","@id":"https:\/\/www.gaveanews.com\/index.php\/2019\/04\/26\/atacante-e-contratada-pelo-flamengo-estou-sem-palavras\/","url":"https:\/\/www.gaveanews.com\/index.php\/2019\/04\/26\/atacante-e-contratada-pelo-flamengo-estou-sem-palavras\/","name":"Atacante \u00e9 contratada pelo Flamengo: \"Estou sem palavras\"","isPartOf":{"@id":"https:\/\/www.gaveanews.com\/#website"},"primaryImageOfPage":{"@id":"https:\/\/www.gaveanews.com\/index.php\/2019\/04\/26\/atacante-e-contratada-pelo-flamengo-estou-sem-palavras\/#primaryimage"},"image":{"@id":"https:\/\/www.gaveanews.com\/index.php\/2019\/04\/26\/atacante-e-contratada-pelo-flamengo-estou-sem-palavras\/#primaryimage"},"thumbnailUrl":"https:\/\/www.gaveanews.com\/wp-content\/uploads\/2019\/04\/Jogadoras-do-Flamengo-durante-treinamento-no-CEFAN.webp","datePublished":"2019-04-26T03:37:53+00:00","dateModified":"2019-04-26T03:45:13+00:00","author":{"@id":"https:\/\/www.gaveanews.com\/#\/schema\/person\/2ec14f73fb96be2caf28f91afb14749d"},"breadcrumb":{"@id":"https:\/\/www.gaveanews.com\/index.php\/2019\/04\/26\/atacante-e-contratada-pelo-flamengo-estou-sem-palavras\/#breadcrumb"},"inLanguage":"pt-BR","potentialAction":[{"@type":"ReadAction","target":["https:\/\/www.gaveanews.com\/index.php\/2019\/04\/26\/atacante-e-contratada-pelo-flamengo-estou-sem-palavras\/"]}]},{"@type":"ImageObject","inLanguage":"pt-BR","@id":"https:\/\/www.gaveanews.com\/index.php\/2019\/04\/26\/atacante-e-contratada-pelo-flamengo-estou-sem-palavras\/#primaryimage","url":"https:\/\/www.gaveanews.com\/wp-content\/uploads\/2019\/04\/Jogadoras-do-Flamengo-durante-treinamento-no-CEFAN.webp","contentUrl":"https:\/\/www.gaveanews.com\/wp-content\/uploads\/2019\/04\/Jogadoras-do-Flamengo-durante-treinamento-no-CEFAN.webp","width":810,"height":539,"caption":"Jogadoras do Flamengo durante treinamento no CEFAN (Foto: Marcelo Cortes\/Flamengo)"},{"@type":"BreadcrumbList","@id":"https:\/\/www.gaveanews.com\/index.php\/2019\/04\/26\/atacante-e-contratada-pelo-flamengo-estou-sem-palavras\/#breadcrumb","itemListElement":[{"@type":"ListItem","position":1,"name":"Home","item":"https:\/\/www.gaveanews.com\/"},{"@type":"ListItem","position":2,"name":"Atacante \u00e9 contratada pelo Flamengo: &#8220;Estou sem palavras&#8221;"}]},{"@type":"WebSite","@id":"https:\/\/www.gaveanews.com\/#website","url":"https:\/\/www.gaveanews.com\/","name":"G\u00e1vea News","description":"Veja todas as not\u00edcias sobre o Flamengo: Contrata\u00e7\u00f5es, categorias de base, resultados das partidas, tabela de classifica\u00e7\u00e3o, pr\u00f3ximos jogos!","potentialAction":[{"@type":"SearchAction","target":{"@type":"EntryPoint","urlTemplate":"https:\/\/www.gaveanews.com\/?s={search_term_string}"},"query-input":{"@type":"PropertyValueSpecification","valueRequired":true,"valueName":"search_term_string"}}],"inLanguage":"pt-BR"},{"@type":"Person","@id":"https:\/\/www.gaveanews.com\/#\/schema\/person\/2ec14f73fb96be2caf28f91afb14749d","name":"Equipe G\u00e1vea News","image":{"@type":"ImageObject","inLanguage":"pt-BR","@id":"https:\/\/www.gaveanews.com\/#\/schema\/person\/image\/","url":"https:\/\/secure.gravatar.com\/avatar\/1e1956f1facbffd3f8fa53a326721950116b3b9dc9bd44939c01180fd4a745a9?s=96&d=mm&r=g","contentUrl":"https:\/\/secure.gravatar.com\/avatar\/1e1956f1facbffd3f8fa53a326721950116b3b9dc9bd44939c01180fd4a745a9?s=96&d=mm&r=g","caption":"Equipe G\u00e1vea News"}}]}},"_links":{"self":[{"href":"https:\/\/www.gaveanews.com\/index.php\/wp-json\/wp\/v2\/posts\/18540","targetHints":{"allow":["GET"]}}],"collection":[{"href":"https:\/\/www.gaveanews.com\/index.php\/wp-json\/wp\/v2\/posts"}],"about":[{"href":"https:\/\/www.gaveanews.com\/index.php\/wp-json\/wp\/v2\/types\/post"}],"author":[{"embeddable":true,"href":"https:\/\/www.gaveanews.com\/index.php\/wp-json\/wp\/v2\/users\/1"}],"replies":[{"embeddable":true,"href":"https:\/\/www.gaveanews.com\/index.php\/wp-json\/wp\/v2\/comments?post=18540"}],"version-history":[{"count":0,"href":"https:\/\/www.gaveanews.com\/index.php\/wp-json\/wp\/v2\/posts\/18540\/revisions"}],"wp:featuredmedia":[{"embeddable":true,"href":"https:\/\/www.gaveanews.com\/index.php\/wp-json\/wp\/v2\/media\/18547"}],"wp:attachment":[{"href":"https:\/\/www.gaveanews.com\/index.php\/wp-json\/wp\/v2\/media?parent=18540"}],"wp:term":[{"taxonomy":"category","embeddable":true,"href":"https:\/\/www.gaveanews.com\/index.php\/wp-json\/wp\/v2\/categories?post=18540"},{"taxonomy":"post_tag","embeddable":true,"href":"https:\/\/www.gaveanews.com\/index.php\/wp-json\/wp\/v2\/tags?post=18540"}],"curies":[{"name":"wp","href":"https:\/\/api.w.org\/{rel}","templated":true}]}}