{"id":185426,"date":"2024-11-14T21:30:00","date_gmt":"2024-11-15T00:30:00","guid":{"rendered":"https:\/\/www.gaveanews.com\/?p=185426"},"modified":"2024-11-14T20:44:13","modified_gmt":"2024-11-14T23:44:13","slug":"fabio-sormani-indica-reforco-para-o-flamengo","status":"publish","type":"post","link":"https:\/\/www.gaveanews.com\/index.php\/2024\/11\/14\/fabio-sormani-indica-reforco-para-o-flamengo\/","title":{"rendered":"F\u00e1bio Sormani indica refor\u00e7o para o Flamengo"},"content":{"rendered":"\n<h2 class=\"wp-block-heading\" id=\"h-semana-agitada-no-flamengo-titulo-saida-de-gabigol-e-busca-por-novo-centroavante\">Semana agitada no Flamengo: t\u00edtulo, sa\u00edda de Gabigol e busca por novo centroavante<\/h2>\n\n\n\n<p>Ap\u00f3s conquistar a Copa do Brasil, o Flamengo viveu uma semana de intensas movimenta\u00e7\u00f5es internas, marcada pelo afastamento de Gabigol, em meio a uma crise com a diretoria. <\/p>\n\n\n\n<ul class=\"wp-block-list\">\n<li><a href=\"https:\/\/www.gaveanews.com\/index.php\/2024\/11\/14\/gabigol-arrascaeta-gerson-pulgar-filipe-luis-leo-ortiz-wesley-e-rossi-flamengo-emplaca-8-representantes-na-selecao-da-copa-do-brasil\/\">Gabigol, Arrascaeta, Gerson, Pulgar, Filipe Lu\u00eds,&nbsp; L\u00e9o Ortiz, Wesley e Rossi: Flamengo emplaca 8 representantes na Sele\u00e7\u00e3o da Copa do Brasil<\/a><\/li>\n\n\n\n<li><a href=\"https:\/\/www.gaveanews.com\/index.php\/2024\/11\/14\/a-reacao-de-hulk-apos-ser-substituido-no-jogo-entre-flamengo-x-atletico-mg\/\">A rea\u00e7\u00e3o de Hulk ap\u00f3s ser substitu\u00eddo no jogo entre Flamengo x Atl\u00e9tico-MG<\/a><\/li>\n<\/ul>\n\n\n\n<p>Agora, o clube busca um substituto para o atacante, uma vez que Carlinhos n\u00e3o se firmou como op\u00e7\u00e3o e Pedro segue lesionado, com retorno previsto apenas para ap\u00f3s o Mundial de Clubes. Em participa\u00e7\u00e3o no programa &#8216;<em>Opini\u00e3o Placar<\/em>&#8216;, da Placar TV, o jornalista F\u00e1bio Sormani apontou o atacante Yuri Alberto, do Corinthians, como um nome que se encaixaria bem no elenco rubro-negro. <\/p>\n\n\n\n<p>\u201cA quest\u00e3o no Flamengo \u00e9: quem vai ser o centroavante? O Gabigol t\u00e1 indo embora e o Pedro s\u00f3 volta depois do Mundial\u201d, iniciou.<\/p>\n\n\n\n<p>\u201cVou te falar, o futebol do Yuri Alberto cresceu e melhorou quando o time do Corinthians melhorou. Do jeito que est\u00e1 jogando hoje, ele entra nesse time do Flamengo e faz os gols que o Flamengo precisa\u201d, afirmou Sormani. <\/p>\n\n\n\n<p>No entanto, ele mesmo reconhece que a contrata\u00e7\u00e3o de Yuri seria complicada, pois o atacante \u00e9 visado por clubes europeus e uma transfer\u00eancia internacional seria seu destino mais prov\u00e1vel.<\/p>\n\n\n\n<h2 class=\"wp-block-heading\" id=\"h-flamengo-encara-obstaculos-para-titulo-do-brasileirao-e-pensa-em-2025\">Flamengo encara obst\u00e1culos para t\u00edtulo do Brasileir\u00e3o e pensa em 2025<\/h2>\n\n\n\n<p>Com a Copa do Brasil garantida, o Flamengo agora tem o Brasileir\u00e3o como \u00fanico objetivo restante. Entretanto, o empate contra o Atl\u00e9tico-MG afastou ainda mais o time da disputa pelo t\u00edtulo, deixando o Rubro-Negro nove pontos atr\u00e1s do l\u00edder, restando apenas cinco jogos para o fim do campeonato. Assim, a conquista tornou-se improv\u00e1vel, e o clube j\u00e1 come\u00e7a a projetar seu planejamento para 2025.<\/p>\n","protected":false},"excerpt":{"rendered":"<p>Semana agitada no Flamengo: t\u00edtulo, sa\u00edda de Gabigol e busca por novo centroavante Ap\u00f3s conquistar a Copa do Brasil, o Flamengo viveu uma semana de intensas movimenta\u00e7\u00f5es internas, marcada pelo afastamento de Gabigol, em meio a uma crise com a diretoria. Agora, o clube busca um substituto para o atacante, uma vez que Carlinhos n\u00e3o [&hellip;]<\/p>\n","protected":false},"author":17,"featured_media":52970,"comment_status":"open","ping_status":"closed","sticky":false,"template":"","format":"standard","meta":{"footnotes":""},"categories":[1],"tags":[],"class_list":["post-185426","post","type-post","status-publish","format-standard","has-post-thumbnail","hentry","category-flamengo"],"yoast_head":"<!-- This site is optimized with the Yoast SEO Premium plugin v24.2 (Yoast SEO v26.9) - https:\/\/yoast.com\/product\/yoast-seo-premium-wordpress\/ -->\n<title>F\u00e1bio Sormani indica refor\u00e7o para o Flamengo<\/title>\n<meta name=\"robots\" content=\"index, follow, max-snippet:-1, max-image-preview:large, max-video-preview:-1\" \/>\n<link rel=\"canonical\" href=\"https:\/\/www.gaveanews.com\/index.php\/2024\/11\/14\/fabio-sormani-indica-reforco-para-o-flamengo\/\" \/>\n<meta property=\"og:locale\" content=\"pt_BR\" \/>\n<meta property=\"og:type\" content=\"article\" \/>\n<meta property=\"og:title\" content=\"F\u00e1bio Sormani indica refor\u00e7o para o Flamengo\" \/>\n<meta property=\"og:description\" content=\"Semana agitada no Flamengo: t\u00edtulo, sa\u00edda de Gabigol e busca por novo centroavante Ap\u00f3s conquistar a Copa do Brasil, o Flamengo viveu uma semana de intensas movimenta\u00e7\u00f5es internas, marcada pelo afastamento de Gabigol, em meio a uma crise com a diretoria. Agora, o clube busca um substituto para o atacante, uma vez que Carlinhos n\u00e3o [&hellip;]\" \/>\n<meta property=\"og:url\" content=\"https:\/\/www.gaveanews.com\/index.php\/2024\/11\/14\/fabio-sormani-indica-reforco-para-o-flamengo\/\" \/>\n<meta property=\"og:site_name\" content=\"G\u00e1vea News\" \/>\n<meta property=\"article:publisher\" content=\"https:\/\/facebook.com\/gaveaNews\/\" \/>\n<meta property=\"article:published_time\" content=\"2024-11-15T00:30:00+00:00\" \/>\n<meta property=\"og:image\" content=\"https:\/\/www.gaveanews.com\/wp-content\/uploads\/Sormani-durante-um-programa-da-emissora-Fox-Sports.webp\" \/>\n\t<meta property=\"og:image:width\" content=\"650\" \/>\n\t<meta property=\"og:image:height\" content=\"325\" \/>\n\t<meta property=\"og:image:type\" content=\"image\/jpeg\" \/>\n<meta name=\"author\" content=\"Geovanna Thomaz\" \/>\n<meta name=\"twitter:card\" content=\"summary_large_image\" \/>\n<meta name=\"twitter:label1\" content=\"Escrito por\" \/>\n\t<meta name=\"twitter:data1\" content=\"Geovanna Thomaz\" \/>\n\t<meta name=\"twitter:label2\" content=\"Est. tempo de leitura\" \/>\n\t<meta name=\"twitter:data2\" content=\"2 minutos\" \/>\n<script type=\"application\/ld+json\" class=\"yoast-schema-graph\">{\"@context\":\"https:\/\/schema.org\",\"@graph\":[{\"@type\":\"NewsArticle\",\"@id\":\"https:\/\/www.gaveanews.com\/index.php\/2024\/11\/14\/fabio-sormani-indica-reforco-para-o-flamengo\/#article\",\"isPartOf\":{\"@id\":\"https:\/\/www.gaveanews.com\/index.php\/2024\/11\/14\/fabio-sormani-indica-reforco-para-o-flamengo\/\"},\"author\":{\"name\":\"Geovanna Thomaz\",\"@id\":\"https:\/\/www.gaveanews.com\/#\/schema\/person\/f42654babcd2b2014a1a65af82b081f1\"},\"headline\":\"F\u00e1bio Sormani indica refor\u00e7o para o Flamengo\",\"datePublished\":\"2024-11-15T00:30:00+00:00\",\"mainEntityOfPage\":{\"@id\":\"https:\/\/www.gaveanews.com\/index.php\/2024\/11\/14\/fabio-sormani-indica-reforco-para-o-flamengo\/\"},\"wordCount\":340,\"commentCount\":0,\"image\":{\"@id\":\"https:\/\/www.gaveanews.com\/index.php\/2024\/11\/14\/fabio-sormani-indica-reforco-para-o-flamengo\/#primaryimage\"},\"thumbnailUrl\":\"https:\/\/www.gaveanews.com\/wp-content\/uploads\/Sormani-durante-um-programa-da-emissora-Fox-Sports.webp\",\"articleSection\":[\"Flamengo\"],\"inLanguage\":\"pt-BR\",\"potentialAction\":[{\"@type\":\"CommentAction\",\"name\":\"Comment\",\"target\":[\"https:\/\/www.gaveanews.com\/index.php\/2024\/11\/14\/fabio-sormani-indica-reforco-para-o-flamengo\/#respond\"]}],\"copyrightYear\":\"2024\",\"copyrightHolder\":{\"@id\":\"https:\/\/www.gaveanews.com\/#organization\"}},{\"@type\":\"WebPage\",\"@id\":\"https:\/\/www.gaveanews.com\/index.php\/2024\/11\/14\/fabio-sormani-indica-reforco-para-o-flamengo\/\",\"url\":\"https:\/\/www.gaveanews.com\/index.php\/2024\/11\/14\/fabio-sormani-indica-reforco-para-o-flamengo\/\",\"name\":\"F\u00e1bio Sormani indica refor\u00e7o para o Flamengo\",\"isPartOf\":{\"@id\":\"https:\/\/www.gaveanews.com\/#website\"},\"primaryImageOfPage\":{\"@id\":\"https:\/\/www.gaveanews.com\/index.php\/2024\/11\/14\/fabio-sormani-indica-reforco-para-o-flamengo\/#primaryimage\"},\"image\":{\"@id\":\"https:\/\/www.gaveanews.com\/index.php\/2024\/11\/14\/fabio-sormani-indica-reforco-para-o-flamengo\/#primaryimage\"},\"thumbnailUrl\":\"https:\/\/www.gaveanews.com\/wp-content\/uploads\/Sormani-durante-um-programa-da-emissora-Fox-Sports.webp\",\"datePublished\":\"2024-11-15T00:30:00+00:00\",\"author\":{\"@id\":\"https:\/\/www.gaveanews.com\/#\/schema\/person\/f42654babcd2b2014a1a65af82b081f1\"},\"breadcrumb\":{\"@id\":\"https:\/\/www.gaveanews.com\/index.php\/2024\/11\/14\/fabio-sormani-indica-reforco-para-o-flamengo\/#breadcrumb\"},\"inLanguage\":\"pt-BR\",\"potentialAction\":[{\"@type\":\"ReadAction\",\"target\":[\"https:\/\/www.gaveanews.com\/index.php\/2024\/11\/14\/fabio-sormani-indica-reforco-para-o-flamengo\/\"]}]},{\"@type\":\"ImageObject\",\"inLanguage\":\"pt-BR\",\"@id\":\"https:\/\/www.gaveanews.com\/index.php\/2024\/11\/14\/fabio-sormani-indica-reforco-para-o-flamengo\/#primaryimage\",\"url\":\"https:\/\/www.gaveanews.com\/wp-content\/uploads\/Sormani-durante-um-programa-da-emissora-Fox-Sports.webp\",\"contentUrl\":\"https:\/\/www.gaveanews.com\/wp-content\/uploads\/Sormani-durante-um-programa-da-emissora-Fox-Sports.webp\",\"width\":650,\"height\":325,\"caption\":\"Sormani durante um programa da emissora Fox Sports (Foto: Reprodu\u00e7\u00e3o)\"},{\"@type\":\"BreadcrumbList\",\"@id\":\"https:\/\/www.gaveanews.com\/index.php\/2024\/11\/14\/fabio-sormani-indica-reforco-para-o-flamengo\/#breadcrumb\",\"itemListElement\":[{\"@type\":\"ListItem\",\"position\":1,\"name\":\"Home\",\"item\":\"https:\/\/www.gaveanews.com\/\"},{\"@type\":\"ListItem\",\"position\":2,\"name\":\"F\u00e1bio Sormani indica refor\u00e7o para o Flamengo\"}]},{\"@type\":\"WebSite\",\"@id\":\"https:\/\/www.gaveanews.com\/#website\",\"url\":\"https:\/\/www.gaveanews.com\/\",\"name\":\"G\u00e1vea News\",\"description\":\"Veja todas as not\u00edcias sobre o Flamengo: Contrata\u00e7\u00f5es, categorias de base, resultados das partidas, tabela de classifica\u00e7\u00e3o, pr\u00f3ximos jogos!\",\"potentialAction\":[{\"@type\":\"SearchAction\",\"target\":{\"@type\":\"EntryPoint\",\"urlTemplate\":\"https:\/\/www.gaveanews.com\/?s={search_term_string}\"},\"query-input\":{\"@type\":\"PropertyValueSpecification\",\"valueRequired\":true,\"valueName\":\"search_term_string\"}}],\"inLanguage\":\"pt-BR\"},{\"@type\":\"Person\",\"@id\":\"https:\/\/www.gaveanews.com\/#\/schema\/person\/f42654babcd2b2014a1a65af82b081f1\",\"name\":\"Geovanna Thomaz\",\"image\":{\"@type\":\"ImageObject\",\"inLanguage\":\"pt-BR\",\"@id\":\"https:\/\/www.gaveanews.com\/#\/schema\/person\/image\/\",\"url\":\"https:\/\/secure.gravatar.com\/avatar\/4092073255489533afb558984b49b64268c47198af8623cc82a925ae9fb7118a?s=96&d=mm&r=g\",\"contentUrl\":\"https:\/\/secure.gravatar.com\/avatar\/4092073255489533afb558984b49b64268c47198af8623cc82a925ae9fb7118a?s=96&d=mm&r=g\",\"caption\":\"Geovanna Thomaz\"}}]}<\/script>\n<!-- \/ Yoast SEO Premium plugin. -->","yoast_head_json":{"title":"F\u00e1bio Sormani indica refor\u00e7o para o Flamengo","robots":{"index":"index","follow":"follow","max-snippet":"max-snippet:-1","max-image-preview":"max-image-preview:large","max-video-preview":"max-video-preview:-1"},"canonical":"https:\/\/www.gaveanews.com\/index.php\/2024\/11\/14\/fabio-sormani-indica-reforco-para-o-flamengo\/","og_locale":"pt_BR","og_type":"article","og_title":"F\u00e1bio Sormani indica refor\u00e7o para o Flamengo","og_description":"Semana agitada no Flamengo: t\u00edtulo, sa\u00edda de Gabigol e busca por novo centroavante Ap\u00f3s conquistar a Copa do Brasil, o Flamengo viveu uma semana de intensas movimenta\u00e7\u00f5es internas, marcada pelo afastamento de Gabigol, em meio a uma crise com a diretoria. Agora, o clube busca um substituto para o atacante, uma vez que Carlinhos n\u00e3o [&hellip;]","og_url":"https:\/\/www.gaveanews.com\/index.php\/2024\/11\/14\/fabio-sormani-indica-reforco-para-o-flamengo\/","og_site_name":"G\u00e1vea News","article_publisher":"https:\/\/facebook.com\/gaveaNews\/","article_published_time":"2024-11-15T00:30:00+00:00","og_image":[{"width":650,"height":325,"url":"https:\/\/www.gaveanews.com\/wp-content\/uploads\/Sormani-durante-um-programa-da-emissora-Fox-Sports.webp","type":"image\/jpeg"}],"author":"Geovanna Thomaz","twitter_card":"summary_large_image","twitter_misc":{"Escrito por":"Geovanna Thomaz","Est. tempo de leitura":"2 minutos"},"schema":{"@context":"https:\/\/schema.org","@graph":[{"@type":"NewsArticle","@id":"https:\/\/www.gaveanews.com\/index.php\/2024\/11\/14\/fabio-sormani-indica-reforco-para-o-flamengo\/#article","isPartOf":{"@id":"https:\/\/www.gaveanews.com\/index.php\/2024\/11\/14\/fabio-sormani-indica-reforco-para-o-flamengo\/"},"author":{"name":"Geovanna Thomaz","@id":"https:\/\/www.gaveanews.com\/#\/schema\/person\/f42654babcd2b2014a1a65af82b081f1"},"headline":"F\u00e1bio Sormani indica refor\u00e7o para o Flamengo","datePublished":"2024-11-15T00:30:00+00:00","mainEntityOfPage":{"@id":"https:\/\/www.gaveanews.com\/index.php\/2024\/11\/14\/fabio-sormani-indica-reforco-para-o-flamengo\/"},"wordCount":340,"commentCount":0,"image":{"@id":"https:\/\/www.gaveanews.com\/index.php\/2024\/11\/14\/fabio-sormani-indica-reforco-para-o-flamengo\/#primaryimage"},"thumbnailUrl":"https:\/\/www.gaveanews.com\/wp-content\/uploads\/Sormani-durante-um-programa-da-emissora-Fox-Sports.webp","articleSection":["Flamengo"],"inLanguage":"pt-BR","potentialAction":[{"@type":"CommentAction","name":"Comment","target":["https:\/\/www.gaveanews.com\/index.php\/2024\/11\/14\/fabio-sormani-indica-reforco-para-o-flamengo\/#respond"]}],"copyrightYear":"2024","copyrightHolder":{"@id":"https:\/\/www.gaveanews.com\/#organization"}},{"@type":"WebPage","@id":"https:\/\/www.gaveanews.com\/index.php\/2024\/11\/14\/fabio-sormani-indica-reforco-para-o-flamengo\/","url":"https:\/\/www.gaveanews.com\/index.php\/2024\/11\/14\/fabio-sormani-indica-reforco-para-o-flamengo\/","name":"F\u00e1bio Sormani indica refor\u00e7o para o Flamengo","isPartOf":{"@id":"https:\/\/www.gaveanews.com\/#website"},"primaryImageOfPage":{"@id":"https:\/\/www.gaveanews.com\/index.php\/2024\/11\/14\/fabio-sormani-indica-reforco-para-o-flamengo\/#primaryimage"},"image":{"@id":"https:\/\/www.gaveanews.com\/index.php\/2024\/11\/14\/fabio-sormani-indica-reforco-para-o-flamengo\/#primaryimage"},"thumbnailUrl":"https:\/\/www.gaveanews.com\/wp-content\/uploads\/Sormani-durante-um-programa-da-emissora-Fox-Sports.webp","datePublished":"2024-11-15T00:30:00+00:00","author":{"@id":"https:\/\/www.gaveanews.com\/#\/schema\/person\/f42654babcd2b2014a1a65af82b081f1"},"breadcrumb":{"@id":"https:\/\/www.gaveanews.com\/index.php\/2024\/11\/14\/fabio-sormani-indica-reforco-para-o-flamengo\/#breadcrumb"},"inLanguage":"pt-BR","potentialAction":[{"@type":"ReadAction","target":["https:\/\/www.gaveanews.com\/index.php\/2024\/11\/14\/fabio-sormani-indica-reforco-para-o-flamengo\/"]}]},{"@type":"ImageObject","inLanguage":"pt-BR","@id":"https:\/\/www.gaveanews.com\/index.php\/2024\/11\/14\/fabio-sormani-indica-reforco-para-o-flamengo\/#primaryimage","url":"https:\/\/www.gaveanews.com\/wp-content\/uploads\/Sormani-durante-um-programa-da-emissora-Fox-Sports.webp","contentUrl":"https:\/\/www.gaveanews.com\/wp-content\/uploads\/Sormani-durante-um-programa-da-emissora-Fox-Sports.webp","width":650,"height":325,"caption":"Sormani durante um programa da emissora Fox Sports (Foto: Reprodu\u00e7\u00e3o)"},{"@type":"BreadcrumbList","@id":"https:\/\/www.gaveanews.com\/index.php\/2024\/11\/14\/fabio-sormani-indica-reforco-para-o-flamengo\/#breadcrumb","itemListElement":[{"@type":"ListItem","position":1,"name":"Home","item":"https:\/\/www.gaveanews.com\/"},{"@type":"ListItem","position":2,"name":"F\u00e1bio Sormani indica refor\u00e7o para o Flamengo"}]},{"@type":"WebSite","@id":"https:\/\/www.gaveanews.com\/#website","url":"https:\/\/www.gaveanews.com\/","name":"G\u00e1vea News","description":"Veja todas as not\u00edcias sobre o Flamengo: Contrata\u00e7\u00f5es, categorias de base, resultados das partidas, tabela de classifica\u00e7\u00e3o, pr\u00f3ximos jogos!","potentialAction":[{"@type":"SearchAction","target":{"@type":"EntryPoint","urlTemplate":"https:\/\/www.gaveanews.com\/?s={search_term_string}"},"query-input":{"@type":"PropertyValueSpecification","valueRequired":true,"valueName":"search_term_string"}}],"inLanguage":"pt-BR"},{"@type":"Person","@id":"https:\/\/www.gaveanews.com\/#\/schema\/person\/f42654babcd2b2014a1a65af82b081f1","name":"Geovanna Thomaz","image":{"@type":"ImageObject","inLanguage":"pt-BR","@id":"https:\/\/www.gaveanews.com\/#\/schema\/person\/image\/","url":"https:\/\/secure.gravatar.com\/avatar\/4092073255489533afb558984b49b64268c47198af8623cc82a925ae9fb7118a?s=96&d=mm&r=g","contentUrl":"https:\/\/secure.gravatar.com\/avatar\/4092073255489533afb558984b49b64268c47198af8623cc82a925ae9fb7118a?s=96&d=mm&r=g","caption":"Geovanna Thomaz"}}]}},"_links":{"self":[{"href":"https:\/\/www.gaveanews.com\/index.php\/wp-json\/wp\/v2\/posts\/185426","targetHints":{"allow":["GET"]}}],"collection":[{"href":"https:\/\/www.gaveanews.com\/index.php\/wp-json\/wp\/v2\/posts"}],"about":[{"href":"https:\/\/www.gaveanews.com\/index.php\/wp-json\/wp\/v2\/types\/post"}],"author":[{"embeddable":true,"href":"https:\/\/www.gaveanews.com\/index.php\/wp-json\/wp\/v2\/users\/17"}],"replies":[{"embeddable":true,"href":"https:\/\/www.gaveanews.com\/index.php\/wp-json\/wp\/v2\/comments?post=185426"}],"version-history":[{"count":2,"href":"https:\/\/www.gaveanews.com\/index.php\/wp-json\/wp\/v2\/posts\/185426\/revisions"}],"predecessor-version":[{"id":185626,"href":"https:\/\/www.gaveanews.com\/index.php\/wp-json\/wp\/v2\/posts\/185426\/revisions\/185626"}],"wp:featuredmedia":[{"embeddable":true,"href":"https:\/\/www.gaveanews.com\/index.php\/wp-json\/wp\/v2\/media\/52970"}],"wp:attachment":[{"href":"https:\/\/www.gaveanews.com\/index.php\/wp-json\/wp\/v2\/media?parent=185426"}],"wp:term":[{"taxonomy":"category","embeddable":true,"href":"https:\/\/www.gaveanews.com\/index.php\/wp-json\/wp\/v2\/categories?post=185426"},{"taxonomy":"post_tag","embeddable":true,"href":"https:\/\/www.gaveanews.com\/index.php\/wp-json\/wp\/v2\/tags?post=185426"}],"curies":[{"name":"wp","href":"https:\/\/api.w.org\/{rel}","templated":true}]}}