{"id":185941,"date":"2024-11-15T19:15:00","date_gmt":"2024-11-15T22:15:00","guid":{"rendered":"https:\/\/www.gaveanews.com\/?p=185941"},"modified":"2024-11-15T18:56:27","modified_gmt":"2024-11-15T21:56:27","slug":"penalti-perdido-por-vini-jr-repercute-no-exterior","status":"publish","type":"post","link":"https:\/\/www.gaveanews.com\/index.php\/2024\/11\/15\/penalti-perdido-por-vini-jr-repercute-no-exterior\/","title":{"rendered":"P\u00eanalti perdido por Vini Jr. repercute no exterior"},"content":{"rendered":"\n<p>A imprensa internacional repercutiu o p\u00eanalti desperdi\u00e7ado por Vini Jr no primeiro compromisso da Sele\u00e7\u00e3o Brasileira, nesta Data FIFA. Di\u00e1rios da Espanha e Argentina chamaram aten\u00e7\u00e3o para o que poderia ser o gol da vit\u00f3ria contra a Venezuela, pelas Eliminat\u00f3rias.<\/p>\n\n\n\n<ul class=\"wp-block-list\">\n<li><a href=\"https:\/\/www.gaveanews.com\/index.php\/2024\/11\/15\/declaracao-de-rodolfo-landim-irrita-torcida-do-flamengo\/\">Declara\u00e7\u00e3o de Rodolfo Landim irrita torcida do Flamengo<\/a><\/li>\n\n\n\n<li><a href=\"https:\/\/www.gaveanews.com\/index.php\/2024\/11\/15\/video-golaco-de-gonzalo-plata-pela-selecao-do-equador-viraliza\/\">V\u00eddeo: gola\u00e7o de Gonzalo Plata pela sele\u00e7\u00e3o do Equador viraliza<\/a><\/li>\n<\/ul>\n\n\n\n<p>A instabilidade que o Brasil enfrenta desde a sa\u00edda de Tite parece n\u00e3o ter fim. Na \u00faltima quinta-feira (14\/11), os comandados de Dorival J\u00fanior n\u00e3o conseguiram vencer a Venezuela, no Monumental de Matur\u00edn, no primeiro jogo das Eliminat\u00f3rias para a Copa do Mundo de 2026, nesta Data FIFA. As equipes ficaram no empate em 1 a 1, com gols marcados por Raphinha, pela Sele\u00e7\u00e3o, e Segovia, pelos venezuelanos.<\/p>\n\n\n\n<p>A Sele\u00e7\u00e3o Canarinho, no entanto, teve a chance de conquistar a vit\u00f3ria com um p\u00eanalti sofrido por Vin\u00edcius J\u00fanior. Ele mesmo foi para a cobran\u00e7a e perdeu. Ao redor do mundo, a imprensa internacional repercutiu a chance perdida.<\/p>\n\n\n\n<p>O di\u00e1rio Marca, de Madrid, descreveu o desperd\u00edcio da penalidade como um chute \u201caparentemente f\u00e1cil\u201d.<\/p>\n\n\n\n<p>\u201cEle chutou rasteiro, bem centralizado, \u00e0 direita do goleiro venezuelano, que conseguiu repelir o chute. Mas o pior veio logo em seguida, quando Vini, de p\u00e9 esquerdo, mandou para fora um chute aparentemente f\u00e1cil\u201d, publicou o jornal espanhol.<\/p>\n\n\n\n<p>Os argentinos tamb\u00e9m n\u00e3o tiveram uma noite de quinta-feira muito f\u00e1cil. A Argentina foi derrotada por 2 a 1, de virada, para o Paraguai, mesmo com Messi em campo. No peri\u00f3dico Ol\u00e9, se destacou a incapacidade do Brasil alcan\u00e7ar o potencial que possui.<\/p>\n\n\n\n<p>\u201cSe at\u00e9 a figura absoluta, que esteve \u00e0 beira da Bola de Ouro e se destacou no Real Madrid h\u00e1 v\u00e1rios anos, cai na confus\u00e3o geral e cobra um p\u00eanalti de uma forma t\u00e3o ruim\u2026 Definitivamente, o Brasil n\u00e3o consegue alcan\u00e7ar aquela consist\u00eancia para a qual tem muito potencial\u201d, analisou.<\/p>\n\n\n\n<p>J\u00e1 o jornal catal\u00e3o Mundo Deportivo foi mais duro na an\u00e1lise e alfinetou Vini, ao dizer que ele n\u00e3o resiste \u00e0 press\u00e3o e perde chances cara a cara com o gol.<\/p>\n\n\n\n<p>\u201cN\u00e3o \u00e9 o melhor momento de Vin\u00edcius J\u00fanior com a sua equipe. O futebolista do Real Madrid teve de enfrentar os maus sentimentos que a \u2018Canarinha\u2019 teve nos \u00faltimos meses. Tanto que a press\u00e3o se reflete no jogo de um jogador de futebol que n\u00e3o consegue resultados na frente do gol\u201d, escreveu o jornal da Catalunha.<\/p>\n","protected":false},"excerpt":{"rendered":"<p>A imprensa internacional repercutiu o p\u00eanalti desperdi\u00e7ado por Vini Jr no primeiro compromisso da Sele\u00e7\u00e3o Brasileira, nesta Data FIFA. Di\u00e1rios da Espanha e Argentina chamaram aten\u00e7\u00e3o para o que poderia ser o gol da vit\u00f3ria contra a Venezuela, pelas Eliminat\u00f3rias. A instabilidade que o Brasil enfrenta desde a sa\u00edda de Tite parece n\u00e3o ter fim. [&hellip;]<\/p>\n","protected":false},"author":29,"featured_media":74860,"comment_status":"open","ping_status":"closed","sticky":false,"template":"","format":"standard","meta":{"footnotes":""},"categories":[478,1,88],"tags":[],"class_list":["post-185941","post","type-post","status-publish","format-standard","has-post-thumbnail","hentry","category-brasil","category-flamengo","category-real-madrid"],"yoast_head":"<!-- This site is optimized with the Yoast SEO Premium plugin v24.2 (Yoast SEO v26.9) - https:\/\/yoast.com\/product\/yoast-seo-premium-wordpress\/ -->\n<title>P\u00eanalti perdido por Vini Jr. repercute no exterior<\/title>\n<meta name=\"robots\" content=\"index, follow, max-snippet:-1, max-image-preview:large, max-video-preview:-1\" \/>\n<link rel=\"canonical\" href=\"https:\/\/www.gaveanews.com\/index.php\/2024\/11\/15\/penalti-perdido-por-vini-jr-repercute-no-exterior\/\" \/>\n<meta property=\"og:locale\" content=\"pt_BR\" \/>\n<meta property=\"og:type\" content=\"article\" \/>\n<meta property=\"og:title\" content=\"P\u00eanalti perdido por Vini Jr. repercute no exterior\" \/>\n<meta property=\"og:description\" content=\"A imprensa internacional repercutiu o p\u00eanalti desperdi\u00e7ado por Vini Jr no primeiro compromisso da Sele\u00e7\u00e3o Brasileira, nesta Data FIFA. Di\u00e1rios da Espanha e Argentina chamaram aten\u00e7\u00e3o para o que poderia ser o gol da vit\u00f3ria contra a Venezuela, pelas Eliminat\u00f3rias. A instabilidade que o Brasil enfrenta desde a sa\u00edda de Tite parece n\u00e3o ter fim. [&hellip;]\" \/>\n<meta property=\"og:url\" content=\"https:\/\/www.gaveanews.com\/index.php\/2024\/11\/15\/penalti-perdido-por-vini-jr-repercute-no-exterior\/\" \/>\n<meta property=\"og:site_name\" content=\"G\u00e1vea News\" \/>\n<meta property=\"article:publisher\" content=\"https:\/\/facebook.com\/gaveaNews\/\" \/>\n<meta property=\"article:published_time\" content=\"2024-11-15T22:15:00+00:00\" \/>\n<meta property=\"og:image\" content=\"https:\/\/www.gaveanews.com\/wp-content\/uploads\/Vinicius-Junior-em-acao-pelo-Real-Madrid-contra-o-Sheriff-pela-Champions-League.webp\" \/>\n\t<meta property=\"og:image:width\" content=\"1361\" \/>\n\t<meta property=\"og:image:height\" content=\"1020\" \/>\n\t<meta property=\"og:image:type\" content=\"image\/jpeg\" \/>\n<meta name=\"author\" content=\"Marco Menezes\" \/>\n<meta name=\"twitter:card\" content=\"summary_large_image\" \/>\n<meta name=\"twitter:label1\" content=\"Escrito por\" \/>\n\t<meta name=\"twitter:data1\" content=\"Marco Menezes\" \/>\n\t<meta name=\"twitter:label2\" content=\"Est. tempo de leitura\" \/>\n\t<meta name=\"twitter:data2\" content=\"3 minutos\" \/>\n<script type=\"application\/ld+json\" class=\"yoast-schema-graph\">{\"@context\":\"https:\/\/schema.org\",\"@graph\":[{\"@type\":\"NewsArticle\",\"@id\":\"https:\/\/www.gaveanews.com\/index.php\/2024\/11\/15\/penalti-perdido-por-vini-jr-repercute-no-exterior\/#article\",\"isPartOf\":{\"@id\":\"https:\/\/www.gaveanews.com\/index.php\/2024\/11\/15\/penalti-perdido-por-vini-jr-repercute-no-exterior\/\"},\"author\":{\"name\":\"Marco Menezes\",\"@id\":\"https:\/\/www.gaveanews.com\/#\/schema\/person\/a9f62fe75380c6bada1b2fc49bc23d69\"},\"headline\":\"P\u00eanalti perdido por Vini Jr. repercute no exterior\",\"datePublished\":\"2024-11-15T22:15:00+00:00\",\"mainEntityOfPage\":{\"@id\":\"https:\/\/www.gaveanews.com\/index.php\/2024\/11\/15\/penalti-perdido-por-vini-jr-repercute-no-exterior\/\"},\"wordCount\":445,\"commentCount\":0,\"image\":{\"@id\":\"https:\/\/www.gaveanews.com\/index.php\/2024\/11\/15\/penalti-perdido-por-vini-jr-repercute-no-exterior\/#primaryimage\"},\"thumbnailUrl\":\"https:\/\/www.gaveanews.com\/wp-content\/uploads\/Vinicius-Junior-em-acao-pelo-Real-Madrid-contra-o-Sheriff-pela-Champions-League.webp\",\"articleSection\":[\"Brasil\",\"Flamengo\",\"Real Madrid\"],\"inLanguage\":\"pt-BR\",\"potentialAction\":[{\"@type\":\"CommentAction\",\"name\":\"Comment\",\"target\":[\"https:\/\/www.gaveanews.com\/index.php\/2024\/11\/15\/penalti-perdido-por-vini-jr-repercute-no-exterior\/#respond\"]}],\"copyrightYear\":\"2024\",\"copyrightHolder\":{\"@id\":\"https:\/\/www.gaveanews.com\/#organization\"}},{\"@type\":\"WebPage\",\"@id\":\"https:\/\/www.gaveanews.com\/index.php\/2024\/11\/15\/penalti-perdido-por-vini-jr-repercute-no-exterior\/\",\"url\":\"https:\/\/www.gaveanews.com\/index.php\/2024\/11\/15\/penalti-perdido-por-vini-jr-repercute-no-exterior\/\",\"name\":\"P\u00eanalti perdido por Vini Jr. repercute no exterior\",\"isPartOf\":{\"@id\":\"https:\/\/www.gaveanews.com\/#website\"},\"primaryImageOfPage\":{\"@id\":\"https:\/\/www.gaveanews.com\/index.php\/2024\/11\/15\/penalti-perdido-por-vini-jr-repercute-no-exterior\/#primaryimage\"},\"image\":{\"@id\":\"https:\/\/www.gaveanews.com\/index.php\/2024\/11\/15\/penalti-perdido-por-vini-jr-repercute-no-exterior\/#primaryimage\"},\"thumbnailUrl\":\"https:\/\/www.gaveanews.com\/wp-content\/uploads\/Vinicius-Junior-em-acao-pelo-Real-Madrid-contra-o-Sheriff-pela-Champions-League.webp\",\"datePublished\":\"2024-11-15T22:15:00+00:00\",\"author\":{\"@id\":\"https:\/\/www.gaveanews.com\/#\/schema\/person\/a9f62fe75380c6bada1b2fc49bc23d69\"},\"breadcrumb\":{\"@id\":\"https:\/\/www.gaveanews.com\/index.php\/2024\/11\/15\/penalti-perdido-por-vini-jr-repercute-no-exterior\/#breadcrumb\"},\"inLanguage\":\"pt-BR\",\"potentialAction\":[{\"@type\":\"ReadAction\",\"target\":[\"https:\/\/www.gaveanews.com\/index.php\/2024\/11\/15\/penalti-perdido-por-vini-jr-repercute-no-exterior\/\"]}]},{\"@type\":\"ImageObject\",\"inLanguage\":\"pt-BR\",\"@id\":\"https:\/\/www.gaveanews.com\/index.php\/2024\/11\/15\/penalti-perdido-por-vini-jr-repercute-no-exterior\/#primaryimage\",\"url\":\"https:\/\/www.gaveanews.com\/wp-content\/uploads\/Vinicius-Junior-em-acao-pelo-Real-Madrid-contra-o-Sheriff-pela-Champions-League.webp\",\"contentUrl\":\"https:\/\/www.gaveanews.com\/wp-content\/uploads\/Vinicius-Junior-em-acao-pelo-Real-Madrid-contra-o-Sheriff-pela-Champions-League.webp\",\"width\":1361,\"height\":1020,\"caption\":\"Vin\u00edcius J\u00fanior em a\u00e7\u00e3o pelo Real Madrid contra o Sheriff pela Champions League (Foto: Reuters)\"},{\"@type\":\"BreadcrumbList\",\"@id\":\"https:\/\/www.gaveanews.com\/index.php\/2024\/11\/15\/penalti-perdido-por-vini-jr-repercute-no-exterior\/#breadcrumb\",\"itemListElement\":[{\"@type\":\"ListItem\",\"position\":1,\"name\":\"Home\",\"item\":\"https:\/\/www.gaveanews.com\/\"},{\"@type\":\"ListItem\",\"position\":2,\"name\":\"P\u00eanalti perdido por Vini Jr. repercute no exterior\"}]},{\"@type\":\"WebSite\",\"@id\":\"https:\/\/www.gaveanews.com\/#website\",\"url\":\"https:\/\/www.gaveanews.com\/\",\"name\":\"G\u00e1vea News\",\"description\":\"Veja todas as not\u00edcias sobre o Flamengo: Contrata\u00e7\u00f5es, categorias de base, resultados das partidas, tabela de classifica\u00e7\u00e3o, pr\u00f3ximos jogos!\",\"potentialAction\":[{\"@type\":\"SearchAction\",\"target\":{\"@type\":\"EntryPoint\",\"urlTemplate\":\"https:\/\/www.gaveanews.com\/?s={search_term_string}\"},\"query-input\":{\"@type\":\"PropertyValueSpecification\",\"valueRequired\":true,\"valueName\":\"search_term_string\"}}],\"inLanguage\":\"pt-BR\"},{\"@type\":\"Person\",\"@id\":\"https:\/\/www.gaveanews.com\/#\/schema\/person\/a9f62fe75380c6bada1b2fc49bc23d69\",\"name\":\"Marco Menezes\",\"image\":{\"@type\":\"ImageObject\",\"inLanguage\":\"pt-BR\",\"@id\":\"https:\/\/www.gaveanews.com\/#\/schema\/person\/image\/\",\"url\":\"https:\/\/secure.gravatar.com\/avatar\/a1d148ae17fc8bfc5dbccffd07979e8bd2c9ba494221779de86ec2c7907b71ec?s=96&d=mm&r=g\",\"contentUrl\":\"https:\/\/secure.gravatar.com\/avatar\/a1d148ae17fc8bfc5dbccffd07979e8bd2c9ba494221779de86ec2c7907b71ec?s=96&d=mm&r=g\",\"caption\":\"Marco Menezes\"}}]}<\/script>\n<!-- \/ Yoast SEO Premium plugin. -->","yoast_head_json":{"title":"P\u00eanalti perdido por Vini Jr. repercute no exterior","robots":{"index":"index","follow":"follow","max-snippet":"max-snippet:-1","max-image-preview":"max-image-preview:large","max-video-preview":"max-video-preview:-1"},"canonical":"https:\/\/www.gaveanews.com\/index.php\/2024\/11\/15\/penalti-perdido-por-vini-jr-repercute-no-exterior\/","og_locale":"pt_BR","og_type":"article","og_title":"P\u00eanalti perdido por Vini Jr. repercute no exterior","og_description":"A imprensa internacional repercutiu o p\u00eanalti desperdi\u00e7ado por Vini Jr no primeiro compromisso da Sele\u00e7\u00e3o Brasileira, nesta Data FIFA. Di\u00e1rios da Espanha e Argentina chamaram aten\u00e7\u00e3o para o que poderia ser o gol da vit\u00f3ria contra a Venezuela, pelas Eliminat\u00f3rias. A instabilidade que o Brasil enfrenta desde a sa\u00edda de Tite parece n\u00e3o ter fim. [&hellip;]","og_url":"https:\/\/www.gaveanews.com\/index.php\/2024\/11\/15\/penalti-perdido-por-vini-jr-repercute-no-exterior\/","og_site_name":"G\u00e1vea News","article_publisher":"https:\/\/facebook.com\/gaveaNews\/","article_published_time":"2024-11-15T22:15:00+00:00","og_image":[{"width":1361,"height":1020,"url":"https:\/\/www.gaveanews.com\/wp-content\/uploads\/Vinicius-Junior-em-acao-pelo-Real-Madrid-contra-o-Sheriff-pela-Champions-League.webp","type":"image\/jpeg"}],"author":"Marco Menezes","twitter_card":"summary_large_image","twitter_misc":{"Escrito por":"Marco Menezes","Est. tempo de leitura":"3 minutos"},"schema":{"@context":"https:\/\/schema.org","@graph":[{"@type":"NewsArticle","@id":"https:\/\/www.gaveanews.com\/index.php\/2024\/11\/15\/penalti-perdido-por-vini-jr-repercute-no-exterior\/#article","isPartOf":{"@id":"https:\/\/www.gaveanews.com\/index.php\/2024\/11\/15\/penalti-perdido-por-vini-jr-repercute-no-exterior\/"},"author":{"name":"Marco Menezes","@id":"https:\/\/www.gaveanews.com\/#\/schema\/person\/a9f62fe75380c6bada1b2fc49bc23d69"},"headline":"P\u00eanalti perdido por Vini Jr. repercute no exterior","datePublished":"2024-11-15T22:15:00+00:00","mainEntityOfPage":{"@id":"https:\/\/www.gaveanews.com\/index.php\/2024\/11\/15\/penalti-perdido-por-vini-jr-repercute-no-exterior\/"},"wordCount":445,"commentCount":0,"image":{"@id":"https:\/\/www.gaveanews.com\/index.php\/2024\/11\/15\/penalti-perdido-por-vini-jr-repercute-no-exterior\/#primaryimage"},"thumbnailUrl":"https:\/\/www.gaveanews.com\/wp-content\/uploads\/Vinicius-Junior-em-acao-pelo-Real-Madrid-contra-o-Sheriff-pela-Champions-League.webp","articleSection":["Brasil","Flamengo","Real Madrid"],"inLanguage":"pt-BR","potentialAction":[{"@type":"CommentAction","name":"Comment","target":["https:\/\/www.gaveanews.com\/index.php\/2024\/11\/15\/penalti-perdido-por-vini-jr-repercute-no-exterior\/#respond"]}],"copyrightYear":"2024","copyrightHolder":{"@id":"https:\/\/www.gaveanews.com\/#organization"}},{"@type":"WebPage","@id":"https:\/\/www.gaveanews.com\/index.php\/2024\/11\/15\/penalti-perdido-por-vini-jr-repercute-no-exterior\/","url":"https:\/\/www.gaveanews.com\/index.php\/2024\/11\/15\/penalti-perdido-por-vini-jr-repercute-no-exterior\/","name":"P\u00eanalti perdido por Vini Jr. repercute no exterior","isPartOf":{"@id":"https:\/\/www.gaveanews.com\/#website"},"primaryImageOfPage":{"@id":"https:\/\/www.gaveanews.com\/index.php\/2024\/11\/15\/penalti-perdido-por-vini-jr-repercute-no-exterior\/#primaryimage"},"image":{"@id":"https:\/\/www.gaveanews.com\/index.php\/2024\/11\/15\/penalti-perdido-por-vini-jr-repercute-no-exterior\/#primaryimage"},"thumbnailUrl":"https:\/\/www.gaveanews.com\/wp-content\/uploads\/Vinicius-Junior-em-acao-pelo-Real-Madrid-contra-o-Sheriff-pela-Champions-League.webp","datePublished":"2024-11-15T22:15:00+00:00","author":{"@id":"https:\/\/www.gaveanews.com\/#\/schema\/person\/a9f62fe75380c6bada1b2fc49bc23d69"},"breadcrumb":{"@id":"https:\/\/www.gaveanews.com\/index.php\/2024\/11\/15\/penalti-perdido-por-vini-jr-repercute-no-exterior\/#breadcrumb"},"inLanguage":"pt-BR","potentialAction":[{"@type":"ReadAction","target":["https:\/\/www.gaveanews.com\/index.php\/2024\/11\/15\/penalti-perdido-por-vini-jr-repercute-no-exterior\/"]}]},{"@type":"ImageObject","inLanguage":"pt-BR","@id":"https:\/\/www.gaveanews.com\/index.php\/2024\/11\/15\/penalti-perdido-por-vini-jr-repercute-no-exterior\/#primaryimage","url":"https:\/\/www.gaveanews.com\/wp-content\/uploads\/Vinicius-Junior-em-acao-pelo-Real-Madrid-contra-o-Sheriff-pela-Champions-League.webp","contentUrl":"https:\/\/www.gaveanews.com\/wp-content\/uploads\/Vinicius-Junior-em-acao-pelo-Real-Madrid-contra-o-Sheriff-pela-Champions-League.webp","width":1361,"height":1020,"caption":"Vin\u00edcius J\u00fanior em a\u00e7\u00e3o pelo Real Madrid contra o Sheriff pela Champions League (Foto: Reuters)"},{"@type":"BreadcrumbList","@id":"https:\/\/www.gaveanews.com\/index.php\/2024\/11\/15\/penalti-perdido-por-vini-jr-repercute-no-exterior\/#breadcrumb","itemListElement":[{"@type":"ListItem","position":1,"name":"Home","item":"https:\/\/www.gaveanews.com\/"},{"@type":"ListItem","position":2,"name":"P\u00eanalti perdido por Vini Jr. repercute no exterior"}]},{"@type":"WebSite","@id":"https:\/\/www.gaveanews.com\/#website","url":"https:\/\/www.gaveanews.com\/","name":"G\u00e1vea News","description":"Veja todas as not\u00edcias sobre o Flamengo: Contrata\u00e7\u00f5es, categorias de base, resultados das partidas, tabela de classifica\u00e7\u00e3o, pr\u00f3ximos jogos!","potentialAction":[{"@type":"SearchAction","target":{"@type":"EntryPoint","urlTemplate":"https:\/\/www.gaveanews.com\/?s={search_term_string}"},"query-input":{"@type":"PropertyValueSpecification","valueRequired":true,"valueName":"search_term_string"}}],"inLanguage":"pt-BR"},{"@type":"Person","@id":"https:\/\/www.gaveanews.com\/#\/schema\/person\/a9f62fe75380c6bada1b2fc49bc23d69","name":"Marco Menezes","image":{"@type":"ImageObject","inLanguage":"pt-BR","@id":"https:\/\/www.gaveanews.com\/#\/schema\/person\/image\/","url":"https:\/\/secure.gravatar.com\/avatar\/a1d148ae17fc8bfc5dbccffd07979e8bd2c9ba494221779de86ec2c7907b71ec?s=96&d=mm&r=g","contentUrl":"https:\/\/secure.gravatar.com\/avatar\/a1d148ae17fc8bfc5dbccffd07979e8bd2c9ba494221779de86ec2c7907b71ec?s=96&d=mm&r=g","caption":"Marco Menezes"}}]}},"_links":{"self":[{"href":"https:\/\/www.gaveanews.com\/index.php\/wp-json\/wp\/v2\/posts\/185941","targetHints":{"allow":["GET"]}}],"collection":[{"href":"https:\/\/www.gaveanews.com\/index.php\/wp-json\/wp\/v2\/posts"}],"about":[{"href":"https:\/\/www.gaveanews.com\/index.php\/wp-json\/wp\/v2\/types\/post"}],"author":[{"embeddable":true,"href":"https:\/\/www.gaveanews.com\/index.php\/wp-json\/wp\/v2\/users\/29"}],"replies":[{"embeddable":true,"href":"https:\/\/www.gaveanews.com\/index.php\/wp-json\/wp\/v2\/comments?post=185941"}],"version-history":[{"count":1,"href":"https:\/\/www.gaveanews.com\/index.php\/wp-json\/wp\/v2\/posts\/185941\/revisions"}],"predecessor-version":[{"id":185942,"href":"https:\/\/www.gaveanews.com\/index.php\/wp-json\/wp\/v2\/posts\/185941\/revisions\/185942"}],"wp:featuredmedia":[{"embeddable":true,"href":"https:\/\/www.gaveanews.com\/index.php\/wp-json\/wp\/v2\/media\/74860"}],"wp:attachment":[{"href":"https:\/\/www.gaveanews.com\/index.php\/wp-json\/wp\/v2\/media?parent=185941"}],"wp:term":[{"taxonomy":"category","embeddable":true,"href":"https:\/\/www.gaveanews.com\/index.php\/wp-json\/wp\/v2\/categories?post=185941"},{"taxonomy":"post_tag","embeddable":true,"href":"https:\/\/www.gaveanews.com\/index.php\/wp-json\/wp\/v2\/tags?post=185941"}],"curies":[{"name":"wp","href":"https:\/\/api.w.org\/{rel}","templated":true}]}}