{"id":18637,"date":"2019-04-26T19:47:16","date_gmt":"2019-04-26T22:47:16","guid":{"rendered":"https:\/\/www.gaveanews.com\/?p=18637"},"modified":"2019-04-26T19:47:17","modified_gmt":"2019-04-26T22:47:17","slug":"diretoria-do-flamengo-acredita-que-suspensao-de-abel-foi-determinante-para-derrota-no-equador","status":"publish","type":"post","link":"https:\/\/www.gaveanews.com\/index.php\/2019\/04\/26\/diretoria-do-flamengo-acredita-que-suspensao-de-abel-foi-determinante-para-derrota-no-equador\/","title":{"rendered":"Diretoria do Flamengo acredita que suspens\u00e3o de Abel foi determinante para derrota no Equador"},"content":{"rendered":"\n<p>O Flamengo foi derrotado para a LDU pelo placar de 2 a 1, em jogo que complicou a situa\u00e7\u00e3o do Flamengo visando a classifica\u00e7\u00e3o para as oitavas de final da Copa Libertadores da Am\u00e9rica. Entre boa parte dos torcedores, o t\u00e9cnico Abel Braga foi eleito um dos principais respons\u00e1veis pelo resultado negativo por conta da forma que armou o time. <\/p>\n\n\n\n<p>No entanto, para a diretoria, a aus\u00eancia do treinador \u00e0 beira do campo e no vesti\u00e1rio \u2013 por conta de puni\u00e7\u00e3o imposta pela Conmebol \u2013 foi determinante para que o Fla n\u00e3o conseguisse um bom resultado em Quito.<\/p>\n\n\n\n<p>Entre a c\u00fapula rubro-negra, a ideia permeada \u00e9 de que, caso Abel estivesse no vesti\u00e1rio durante o intervalo \u2013 pouco depois de o Fla sofrer o gol de empate j\u00e1 nos acr\u00e9scimos do primeiro tempo \u2013 a equipe voltaria para a etapa complementar com uma postura diferente, com mais possibilidade de encerrar a partida pelo menos com um empate na conta. A informa\u00e7\u00e3o \u00e9 do site <em>Globo Esporte<\/em>.<\/p>\n\n\n\n<p>Ainda de acordo com o ve\u00edculo, apesar de demonstrar apoio e prest\u00edgio pelo treinador, nem todas as decis\u00f5es tomadas por Abel foram incontest\u00e1veis. Esse \u00e9 o caso, por exemplo, da op\u00e7\u00e3o por escalar o artilheiro Gabriel Barbosa pela ponta direita, invertendo assim as posi\u00e7\u00f5es de outros dois jogadores que tamb\u00e9m vinham rendendo em alto n\u00edvel: Everton Ribeiro teve que deixar a direita para jogar como meia central, enquanto Bruno Henrique foi retirado da ponta esquerda para se tornar o homem de refer\u00eancia do ataque.<\/p>\n\n\n\n<p>Em meio a este cen\u00e1rio, o Flamengo de Abel Braga precisar\u00e1 dar resposta na estreia do Brasileir\u00e3o, contra o Cruzeiro. Encarando um advers\u00e1rio que ainda est\u00e1 invicto em 2019, o Rubro-Negro chega pressionado para conquistar os tr\u00eas pontos na primeira rodada da competi\u00e7\u00e3o por pontos corridos. O embate est\u00e1 marcado para as 21h deste s\u00e1bado (27), no Maracan\u00e3.<\/p>\n\n\n\n\n\n<p>Retirado de: Coluna do Flamengo<\/p>\n","protected":false},"excerpt":{"rendered":"<p>O Flamengo foi derrotado para a LDU pelo placar de 2 a 1, em jogo que complicou a situa\u00e7\u00e3o do Flamengo visando a classifica\u00e7\u00e3o para as oitavas de final da Copa Libertadores da Am\u00e9rica. Entre boa parte dos torcedores, o t\u00e9cnico Abel Braga foi eleito um dos principais respons\u00e1veis pelo resultado negativo por conta da [&hellip;]<\/p>\n","protected":false},"author":1,"featured_media":16362,"comment_status":"open","ping_status":"open","sticky":false,"template":"","format":"standard","meta":{"footnotes":""},"categories":[1],"tags":[],"class_list":["post-18637","post","type-post","status-publish","format-standard","has-post-thumbnail","hentry","category-flamengo"],"yoast_head":"<!-- This site is optimized with the Yoast SEO Premium plugin v24.2 (Yoast SEO v26.9) - https:\/\/yoast.com\/product\/yoast-seo-premium-wordpress\/ -->\n<title>Diretoria do Flamengo acredita que suspens\u00e3o de Abel foi determinante para derrota no Equador<\/title>\n<meta name=\"robots\" content=\"index, follow, max-snippet:-1, max-image-preview:large, max-video-preview:-1\" \/>\n<link rel=\"canonical\" href=\"https:\/\/www.gaveanews.com\/index.php\/2019\/04\/26\/diretoria-do-flamengo-acredita-que-suspensao-de-abel-foi-determinante-para-derrota-no-equador\/\" \/>\n<meta property=\"og:locale\" content=\"pt_BR\" \/>\n<meta property=\"og:type\" content=\"article\" \/>\n<meta property=\"og:title\" content=\"Diretoria do Flamengo acredita que suspens\u00e3o de Abel foi determinante para derrota no Equador\" \/>\n<meta property=\"og:description\" content=\"O Flamengo foi derrotado para a LDU pelo placar de 2 a 1, em jogo que complicou a situa\u00e7\u00e3o do Flamengo visando a classifica\u00e7\u00e3o para as oitavas de final da Copa Libertadores da Am\u00e9rica. Entre boa parte dos torcedores, o t\u00e9cnico Abel Braga foi eleito um dos principais respons\u00e1veis pelo resultado negativo por conta da [&hellip;]\" \/>\n<meta property=\"og:url\" content=\"https:\/\/www.gaveanews.com\/index.php\/2019\/04\/26\/diretoria-do-flamengo-acredita-que-suspensao-de-abel-foi-determinante-para-derrota-no-equador\/\" \/>\n<meta property=\"og:site_name\" content=\"G\u00e1vea News\" \/>\n<meta property=\"article:publisher\" content=\"https:\/\/facebook.com\/gaveaNews\/\" \/>\n<meta property=\"article:published_time\" content=\"2019-04-26T22:47:16+00:00\" \/>\n<meta property=\"article:modified_time\" content=\"2019-04-26T22:47:17+00:00\" \/>\n<meta property=\"og:image\" content=\"https:\/\/www.gaveanews.com\/wp-content\/uploads\/2019\/03\/Para-receber-orientacoes-jogadores-do-Flamengo-fazem-uma-rodinha-em-um-campo-do-Ninho-do-Urubu.webp\" \/>\n\t<meta property=\"og:image:width\" content=\"1\" \/>\n\t<meta property=\"og:image:height\" content=\"1\" \/>\n\t<meta property=\"og:image:type\" content=\"image\/jpeg\" \/>\n<meta name=\"author\" content=\"Equipe G\u00e1vea News\" \/>\n<meta name=\"twitter:card\" content=\"summary_large_image\" \/>\n<meta name=\"twitter:label1\" content=\"Escrito por\" \/>\n\t<meta name=\"twitter:data1\" content=\"Equipe G\u00e1vea News\" \/>\n\t<meta name=\"twitter:label2\" content=\"Est. tempo de leitura\" \/>\n\t<meta name=\"twitter:data2\" content=\"2 minutos\" \/>\n<script type=\"application\/ld+json\" class=\"yoast-schema-graph\">{\"@context\":\"https:\/\/schema.org\",\"@graph\":[{\"@type\":\"NewsArticle\",\"@id\":\"https:\/\/www.gaveanews.com\/index.php\/2019\/04\/26\/diretoria-do-flamengo-acredita-que-suspensao-de-abel-foi-determinante-para-derrota-no-equador\/#article\",\"isPartOf\":{\"@id\":\"https:\/\/www.gaveanews.com\/index.php\/2019\/04\/26\/diretoria-do-flamengo-acredita-que-suspensao-de-abel-foi-determinante-para-derrota-no-equador\/\"},\"author\":{\"name\":\"Equipe G\u00e1vea News\",\"@id\":\"https:\/\/www.gaveanews.com\/#\/schema\/person\/2ec14f73fb96be2caf28f91afb14749d\"},\"headline\":\"Diretoria do Flamengo acredita que suspens\u00e3o de Abel foi determinante para derrota no Equador\",\"datePublished\":\"2019-04-26T22:47:16+00:00\",\"dateModified\":\"2019-04-26T22:47:17+00:00\",\"mainEntityOfPage\":{\"@id\":\"https:\/\/www.gaveanews.com\/index.php\/2019\/04\/26\/diretoria-do-flamengo-acredita-que-suspensao-de-abel-foi-determinante-para-derrota-no-equador\/\"},\"wordCount\":344,\"commentCount\":0,\"image\":{\"@id\":\"https:\/\/www.gaveanews.com\/index.php\/2019\/04\/26\/diretoria-do-flamengo-acredita-que-suspensao-de-abel-foi-determinante-para-derrota-no-equador\/#primaryimage\"},\"thumbnailUrl\":\"https:\/\/www.gaveanews.com\/wp-content\/uploads\/2019\/03\/Para-receber-orientacoes-jogadores-do-Flamengo-fazem-uma-rodinha-em-um-campo-do-Ninho-do-Urubu.webp\",\"articleSection\":[\"Flamengo\"],\"inLanguage\":\"pt-BR\",\"potentialAction\":[{\"@type\":\"CommentAction\",\"name\":\"Comment\",\"target\":[\"https:\/\/www.gaveanews.com\/index.php\/2019\/04\/26\/diretoria-do-flamengo-acredita-que-suspensao-de-abel-foi-determinante-para-derrota-no-equador\/#respond\"]}],\"copyrightYear\":\"2019\",\"copyrightHolder\":{\"@id\":\"https:\/\/www.gaveanews.com\/#organization\"}},{\"@type\":\"WebPage\",\"@id\":\"https:\/\/www.gaveanews.com\/index.php\/2019\/04\/26\/diretoria-do-flamengo-acredita-que-suspensao-de-abel-foi-determinante-para-derrota-no-equador\/\",\"url\":\"https:\/\/www.gaveanews.com\/index.php\/2019\/04\/26\/diretoria-do-flamengo-acredita-que-suspensao-de-abel-foi-determinante-para-derrota-no-equador\/\",\"name\":\"Diretoria do Flamengo acredita que suspens\u00e3o de Abel foi determinante para derrota no Equador\",\"isPartOf\":{\"@id\":\"https:\/\/www.gaveanews.com\/#website\"},\"primaryImageOfPage\":{\"@id\":\"https:\/\/www.gaveanews.com\/index.php\/2019\/04\/26\/diretoria-do-flamengo-acredita-que-suspensao-de-abel-foi-determinante-para-derrota-no-equador\/#primaryimage\"},\"image\":{\"@id\":\"https:\/\/www.gaveanews.com\/index.php\/2019\/04\/26\/diretoria-do-flamengo-acredita-que-suspensao-de-abel-foi-determinante-para-derrota-no-equador\/#primaryimage\"},\"thumbnailUrl\":\"https:\/\/www.gaveanews.com\/wp-content\/uploads\/2019\/03\/Para-receber-orientacoes-jogadores-do-Flamengo-fazem-uma-rodinha-em-um-campo-do-Ninho-do-Urubu.webp\",\"datePublished\":\"2019-04-26T22:47:16+00:00\",\"dateModified\":\"2019-04-26T22:47:17+00:00\",\"author\":{\"@id\":\"https:\/\/www.gaveanews.com\/#\/schema\/person\/2ec14f73fb96be2caf28f91afb14749d\"},\"breadcrumb\":{\"@id\":\"https:\/\/www.gaveanews.com\/index.php\/2019\/04\/26\/diretoria-do-flamengo-acredita-que-suspensao-de-abel-foi-determinante-para-derrota-no-equador\/#breadcrumb\"},\"inLanguage\":\"pt-BR\",\"potentialAction\":[{\"@type\":\"ReadAction\",\"target\":[\"https:\/\/www.gaveanews.com\/index.php\/2019\/04\/26\/diretoria-do-flamengo-acredita-que-suspensao-de-abel-foi-determinante-para-derrota-no-equador\/\"]}]},{\"@type\":\"ImageObject\",\"inLanguage\":\"pt-BR\",\"@id\":\"https:\/\/www.gaveanews.com\/index.php\/2019\/04\/26\/diretoria-do-flamengo-acredita-que-suspensao-de-abel-foi-determinante-para-derrota-no-equador\/#primaryimage\",\"url\":\"https:\/\/www.gaveanews.com\/wp-content\/uploads\/2019\/03\/Para-receber-orientacoes-jogadores-do-Flamengo-fazem-uma-rodinha-em-um-campo-do-Ninho-do-Urubu.webp\",\"contentUrl\":\"https:\/\/www.gaveanews.com\/wp-content\/uploads\/2019\/03\/Para-receber-orientacoes-jogadores-do-Flamengo-fazem-uma-rodinha-em-um-campo-do-Ninho-do-Urubu.webp\",\"caption\":\"Para receber orienta\u00e7\u00f5es, jogadores do Flamengo fazem uma rodinha em um campo do Ninho do Urubu (Foto: Alexandre Vidal\/Flamengo)\"},{\"@type\":\"BreadcrumbList\",\"@id\":\"https:\/\/www.gaveanews.com\/index.php\/2019\/04\/26\/diretoria-do-flamengo-acredita-que-suspensao-de-abel-foi-determinante-para-derrota-no-equador\/#breadcrumb\",\"itemListElement\":[{\"@type\":\"ListItem\",\"position\":1,\"name\":\"Home\",\"item\":\"https:\/\/www.gaveanews.com\/\"},{\"@type\":\"ListItem\",\"position\":2,\"name\":\"Diretoria do Flamengo acredita que suspens\u00e3o de Abel foi determinante para derrota no Equador\"}]},{\"@type\":\"WebSite\",\"@id\":\"https:\/\/www.gaveanews.com\/#website\",\"url\":\"https:\/\/www.gaveanews.com\/\",\"name\":\"G\u00e1vea News\",\"description\":\"Veja todas as not\u00edcias sobre o Flamengo: Contrata\u00e7\u00f5es, categorias de base, resultados das partidas, tabela de classifica\u00e7\u00e3o, pr\u00f3ximos jogos!\",\"potentialAction\":[{\"@type\":\"SearchAction\",\"target\":{\"@type\":\"EntryPoint\",\"urlTemplate\":\"https:\/\/www.gaveanews.com\/?s={search_term_string}\"},\"query-input\":{\"@type\":\"PropertyValueSpecification\",\"valueRequired\":true,\"valueName\":\"search_term_string\"}}],\"inLanguage\":\"pt-BR\"},{\"@type\":\"Person\",\"@id\":\"https:\/\/www.gaveanews.com\/#\/schema\/person\/2ec14f73fb96be2caf28f91afb14749d\",\"name\":\"Equipe G\u00e1vea News\",\"image\":{\"@type\":\"ImageObject\",\"inLanguage\":\"pt-BR\",\"@id\":\"https:\/\/www.gaveanews.com\/#\/schema\/person\/image\/\",\"url\":\"https:\/\/secure.gravatar.com\/avatar\/1e1956f1facbffd3f8fa53a326721950116b3b9dc9bd44939c01180fd4a745a9?s=96&d=mm&r=g\",\"contentUrl\":\"https:\/\/secure.gravatar.com\/avatar\/1e1956f1facbffd3f8fa53a326721950116b3b9dc9bd44939c01180fd4a745a9?s=96&d=mm&r=g\",\"caption\":\"Equipe G\u00e1vea News\"}}]}<\/script>\n<!-- \/ Yoast SEO Premium plugin. -->","yoast_head_json":{"title":"Diretoria do Flamengo acredita que suspens\u00e3o de Abel foi determinante para derrota no Equador","robots":{"index":"index","follow":"follow","max-snippet":"max-snippet:-1","max-image-preview":"max-image-preview:large","max-video-preview":"max-video-preview:-1"},"canonical":"https:\/\/www.gaveanews.com\/index.php\/2019\/04\/26\/diretoria-do-flamengo-acredita-que-suspensao-de-abel-foi-determinante-para-derrota-no-equador\/","og_locale":"pt_BR","og_type":"article","og_title":"Diretoria do Flamengo acredita que suspens\u00e3o de Abel foi determinante para derrota no Equador","og_description":"O Flamengo foi derrotado para a LDU pelo placar de 2 a 1, em jogo que complicou a situa\u00e7\u00e3o do Flamengo visando a classifica\u00e7\u00e3o para as oitavas de final da Copa Libertadores da Am\u00e9rica. Entre boa parte dos torcedores, o t\u00e9cnico Abel Braga foi eleito um dos principais respons\u00e1veis pelo resultado negativo por conta da [&hellip;]","og_url":"https:\/\/www.gaveanews.com\/index.php\/2019\/04\/26\/diretoria-do-flamengo-acredita-que-suspensao-de-abel-foi-determinante-para-derrota-no-equador\/","og_site_name":"G\u00e1vea News","article_publisher":"https:\/\/facebook.com\/gaveaNews\/","article_published_time":"2019-04-26T22:47:16+00:00","article_modified_time":"2019-04-26T22:47:17+00:00","og_image":[{"url":"https:\/\/www.gaveanews.com\/wp-content\/uploads\/2019\/03\/Para-receber-orientacoes-jogadores-do-Flamengo-fazem-uma-rodinha-em-um-campo-do-Ninho-do-Urubu.webp","width":1,"height":1,"type":"image\/jpeg"}],"author":"Equipe G\u00e1vea News","twitter_card":"summary_large_image","twitter_misc":{"Escrito por":"Equipe G\u00e1vea News","Est. tempo de leitura":"2 minutos"},"schema":{"@context":"https:\/\/schema.org","@graph":[{"@type":"NewsArticle","@id":"https:\/\/www.gaveanews.com\/index.php\/2019\/04\/26\/diretoria-do-flamengo-acredita-que-suspensao-de-abel-foi-determinante-para-derrota-no-equador\/#article","isPartOf":{"@id":"https:\/\/www.gaveanews.com\/index.php\/2019\/04\/26\/diretoria-do-flamengo-acredita-que-suspensao-de-abel-foi-determinante-para-derrota-no-equador\/"},"author":{"name":"Equipe G\u00e1vea News","@id":"https:\/\/www.gaveanews.com\/#\/schema\/person\/2ec14f73fb96be2caf28f91afb14749d"},"headline":"Diretoria do Flamengo acredita que suspens\u00e3o de Abel foi determinante para derrota no Equador","datePublished":"2019-04-26T22:47:16+00:00","dateModified":"2019-04-26T22:47:17+00:00","mainEntityOfPage":{"@id":"https:\/\/www.gaveanews.com\/index.php\/2019\/04\/26\/diretoria-do-flamengo-acredita-que-suspensao-de-abel-foi-determinante-para-derrota-no-equador\/"},"wordCount":344,"commentCount":0,"image":{"@id":"https:\/\/www.gaveanews.com\/index.php\/2019\/04\/26\/diretoria-do-flamengo-acredita-que-suspensao-de-abel-foi-determinante-para-derrota-no-equador\/#primaryimage"},"thumbnailUrl":"https:\/\/www.gaveanews.com\/wp-content\/uploads\/2019\/03\/Para-receber-orientacoes-jogadores-do-Flamengo-fazem-uma-rodinha-em-um-campo-do-Ninho-do-Urubu.webp","articleSection":["Flamengo"],"inLanguage":"pt-BR","potentialAction":[{"@type":"CommentAction","name":"Comment","target":["https:\/\/www.gaveanews.com\/index.php\/2019\/04\/26\/diretoria-do-flamengo-acredita-que-suspensao-de-abel-foi-determinante-para-derrota-no-equador\/#respond"]}],"copyrightYear":"2019","copyrightHolder":{"@id":"https:\/\/www.gaveanews.com\/#organization"}},{"@type":"WebPage","@id":"https:\/\/www.gaveanews.com\/index.php\/2019\/04\/26\/diretoria-do-flamengo-acredita-que-suspensao-de-abel-foi-determinante-para-derrota-no-equador\/","url":"https:\/\/www.gaveanews.com\/index.php\/2019\/04\/26\/diretoria-do-flamengo-acredita-que-suspensao-de-abel-foi-determinante-para-derrota-no-equador\/","name":"Diretoria do Flamengo acredita que suspens\u00e3o de Abel foi determinante para derrota no Equador","isPartOf":{"@id":"https:\/\/www.gaveanews.com\/#website"},"primaryImageOfPage":{"@id":"https:\/\/www.gaveanews.com\/index.php\/2019\/04\/26\/diretoria-do-flamengo-acredita-que-suspensao-de-abel-foi-determinante-para-derrota-no-equador\/#primaryimage"},"image":{"@id":"https:\/\/www.gaveanews.com\/index.php\/2019\/04\/26\/diretoria-do-flamengo-acredita-que-suspensao-de-abel-foi-determinante-para-derrota-no-equador\/#primaryimage"},"thumbnailUrl":"https:\/\/www.gaveanews.com\/wp-content\/uploads\/2019\/03\/Para-receber-orientacoes-jogadores-do-Flamengo-fazem-uma-rodinha-em-um-campo-do-Ninho-do-Urubu.webp","datePublished":"2019-04-26T22:47:16+00:00","dateModified":"2019-04-26T22:47:17+00:00","author":{"@id":"https:\/\/www.gaveanews.com\/#\/schema\/person\/2ec14f73fb96be2caf28f91afb14749d"},"breadcrumb":{"@id":"https:\/\/www.gaveanews.com\/index.php\/2019\/04\/26\/diretoria-do-flamengo-acredita-que-suspensao-de-abel-foi-determinante-para-derrota-no-equador\/#breadcrumb"},"inLanguage":"pt-BR","potentialAction":[{"@type":"ReadAction","target":["https:\/\/www.gaveanews.com\/index.php\/2019\/04\/26\/diretoria-do-flamengo-acredita-que-suspensao-de-abel-foi-determinante-para-derrota-no-equador\/"]}]},{"@type":"ImageObject","inLanguage":"pt-BR","@id":"https:\/\/www.gaveanews.com\/index.php\/2019\/04\/26\/diretoria-do-flamengo-acredita-que-suspensao-de-abel-foi-determinante-para-derrota-no-equador\/#primaryimage","url":"https:\/\/www.gaveanews.com\/wp-content\/uploads\/2019\/03\/Para-receber-orientacoes-jogadores-do-Flamengo-fazem-uma-rodinha-em-um-campo-do-Ninho-do-Urubu.webp","contentUrl":"https:\/\/www.gaveanews.com\/wp-content\/uploads\/2019\/03\/Para-receber-orientacoes-jogadores-do-Flamengo-fazem-uma-rodinha-em-um-campo-do-Ninho-do-Urubu.webp","caption":"Para receber orienta\u00e7\u00f5es, jogadores do Flamengo fazem uma rodinha em um campo do Ninho do Urubu (Foto: Alexandre Vidal\/Flamengo)"},{"@type":"BreadcrumbList","@id":"https:\/\/www.gaveanews.com\/index.php\/2019\/04\/26\/diretoria-do-flamengo-acredita-que-suspensao-de-abel-foi-determinante-para-derrota-no-equador\/#breadcrumb","itemListElement":[{"@type":"ListItem","position":1,"name":"Home","item":"https:\/\/www.gaveanews.com\/"},{"@type":"ListItem","position":2,"name":"Diretoria do Flamengo acredita que suspens\u00e3o de Abel foi determinante para derrota no Equador"}]},{"@type":"WebSite","@id":"https:\/\/www.gaveanews.com\/#website","url":"https:\/\/www.gaveanews.com\/","name":"G\u00e1vea News","description":"Veja todas as not\u00edcias sobre o Flamengo: Contrata\u00e7\u00f5es, categorias de base, resultados das partidas, tabela de classifica\u00e7\u00e3o, pr\u00f3ximos jogos!","potentialAction":[{"@type":"SearchAction","target":{"@type":"EntryPoint","urlTemplate":"https:\/\/www.gaveanews.com\/?s={search_term_string}"},"query-input":{"@type":"PropertyValueSpecification","valueRequired":true,"valueName":"search_term_string"}}],"inLanguage":"pt-BR"},{"@type":"Person","@id":"https:\/\/www.gaveanews.com\/#\/schema\/person\/2ec14f73fb96be2caf28f91afb14749d","name":"Equipe G\u00e1vea News","image":{"@type":"ImageObject","inLanguage":"pt-BR","@id":"https:\/\/www.gaveanews.com\/#\/schema\/person\/image\/","url":"https:\/\/secure.gravatar.com\/avatar\/1e1956f1facbffd3f8fa53a326721950116b3b9dc9bd44939c01180fd4a745a9?s=96&d=mm&r=g","contentUrl":"https:\/\/secure.gravatar.com\/avatar\/1e1956f1facbffd3f8fa53a326721950116b3b9dc9bd44939c01180fd4a745a9?s=96&d=mm&r=g","caption":"Equipe G\u00e1vea News"}}]}},"_links":{"self":[{"href":"https:\/\/www.gaveanews.com\/index.php\/wp-json\/wp\/v2\/posts\/18637","targetHints":{"allow":["GET"]}}],"collection":[{"href":"https:\/\/www.gaveanews.com\/index.php\/wp-json\/wp\/v2\/posts"}],"about":[{"href":"https:\/\/www.gaveanews.com\/index.php\/wp-json\/wp\/v2\/types\/post"}],"author":[{"embeddable":true,"href":"https:\/\/www.gaveanews.com\/index.php\/wp-json\/wp\/v2\/users\/1"}],"replies":[{"embeddable":true,"href":"https:\/\/www.gaveanews.com\/index.php\/wp-json\/wp\/v2\/comments?post=18637"}],"version-history":[{"count":0,"href":"https:\/\/www.gaveanews.com\/index.php\/wp-json\/wp\/v2\/posts\/18637\/revisions"}],"wp:featuredmedia":[{"embeddable":true,"href":"https:\/\/www.gaveanews.com\/index.php\/wp-json\/wp\/v2\/media\/16362"}],"wp:attachment":[{"href":"https:\/\/www.gaveanews.com\/index.php\/wp-json\/wp\/v2\/media?parent=18637"}],"wp:term":[{"taxonomy":"category","embeddable":true,"href":"https:\/\/www.gaveanews.com\/index.php\/wp-json\/wp\/v2\/categories?post=18637"},{"taxonomy":"post_tag","embeddable":true,"href":"https:\/\/www.gaveanews.com\/index.php\/wp-json\/wp\/v2\/tags?post=18637"}],"curies":[{"name":"wp","href":"https:\/\/api.w.org\/{rel}","templated":true}]}}