{"id":186500,"date":"2024-11-17T20:10:00","date_gmt":"2024-11-17T23:10:00","guid":{"rendered":"https:\/\/www.gaveanews.com\/?p=186500"},"modified":"2024-11-17T19:29:26","modified_gmt":"2024-11-17T22:29:26","slug":"ex-tecnico-do-flamengo-e-sincero-ao-falar-sobre-gabigol","status":"publish","type":"post","link":"https:\/\/www.gaveanews.com\/index.php\/2024\/11\/17\/ex-tecnico-do-flamengo-e-sincero-ao-falar-sobre-gabigol\/","title":{"rendered":"Ex-t\u00e9cnico do Flamengo \u00e9 sincero ao falar sobre Gabigol"},"content":{"rendered":"\n<p>A poss\u00edvel sa\u00edda de Gabigol tem sido um dos principais temas no futebol brasileiro, especialmente entre os torcedores e dirigentes do Flamengo. O assunto ganhou destaque novamente neste s\u00e1bado (16), quando Jayme de Almeida, ex-treinador e campe\u00e3o da Copa do Brasil em 2013 pelo clube, compartilhou suas opini\u00f5es sobre o jogador durante um evento na G\u00e1vea.<\/p>\n\n\n\n<ul class=\"wp-block-list\">\n<li><a href=\"https:\/\/www.gaveanews.com\/index.php\/2024\/11\/14\/jornalista-detona-gabigol-do-flamengo\/\">Jornalista detona Gabigol, do Flamengo<\/a>.<\/li>\n\n\n\n<li><a href=\"https:\/\/www.gaveanews.com\/index.php\/2024\/11\/15\/gabigol-faz-publicacao-direcionada-ao-flamengo\/\">Gabigol faz publica\u00e7\u00e3o direcionada ao Flamengo<\/a><\/li>\n<\/ul>\n\n\n\n<p>Jayme, que tamb\u00e9m marcou sua trajet\u00f3ria como jogador do Flamengo, lembrou com entusiasmo os feitos de Gabigol no clube. Ele ressaltou que o atacante desempenhou papel fundamental em momentos decisivos, consolidando sua posi\u00e7\u00e3o como \u00eddolo da torcida rubro-negra. Para Jayme, as atua\u00e7\u00f5es de Gabigol s\u00e3o inesquec\u00edveis e permanecer\u00e3o como parte fundamental da hist\u00f3ria do Flamengo.<\/p>\n\n\n\n<p>Nesse sentido, o ex-t\u00e9cnico exaltou a conex\u00e3o do atacante com a torcida, afirmando que Gabigol sempre se destacou por sua entrega em campo e por protagonizar conquistas importantes. Jayme destacou o carisma do jogador e sua habilidade de estar presente nos momentos mais cr\u00edticos, o que solidificou sua rela\u00e7\u00e3o com os torcedores.<\/p>\n\n\n\n<p>\u201cEle \u00e9 um \u00eddolo de fato. Um jogador que fez hist\u00f3ria aqui no Flamengo. A torcida adora ele. O jogo \u00e9 coletivo, mas nos momentos decisivos, ele sempre esteve presente. \u00c9 um cara que marcou hist\u00f3ria, muito querido\u201d, destacou ele ao portal &#8216;Lance&#8217;. <\/p>\n\n\n\n<p>Al\u00e9m disso, Jayme de Almeida enfatizou que prefere manter na mem\u00f3ria apenas os momentos positivos do atleta no clube. Segundo ele, Gabigol ser\u00e1 lembrado como um artilheiro que celebrou gols decisivos e contribuiu significativamente para as vit\u00f3rias do Flamengo. Ademais, ele refor\u00e7ou que o atacante deixa um legado importante, independentemente do desfecho de sua trajet\u00f3ria no clube.<\/p>\n\n\n\n<h2 class=\"wp-block-heading\" id=\"h-landim-comentou-saida-de-gabigol-do-flamengo\">Landim comentou sa\u00edda de Gabigol do Flamengo <\/h2>\n\n\n\n<p>Enquanto isso, o futuro de Gabigol parece caminhar para longe do Flamengo. Ap\u00f3s conquistar a Copa do Brasil, o atacante confirmou que n\u00e3o permanecer\u00e1 no clube para a pr\u00f3xima temporada. A expectativa \u00e9 que ele assine com o Cruzeiro, embora nenhum an\u00fancio oficial tenha sido feito at\u00e9 o momento.<\/p>\n\n\n\n<p>Rodolfo Landim, presidente do Flamengo, tamb\u00e9m abordou o tema recentemente. Ele explicou que o clube tentou renovar com Gabigol, oferecendo um contrato de um ano, mas o jogador recusou. Segundo Landim, o atacante pediu um v\u00ednculo mais longo, o que gerou d\u00favidas quanto \u00e0 viabilidade da proposta.<\/p>\n\n\n\n<p>O presidente afirmou que, embora o Flamengo acreditasse no potencial do atleta, as \u00faltimas temporadas n\u00e3o justificavam o aumento salarial e o contrato de quatro anos que Gabigol desejava. Landim destacou que a administra\u00e7\u00e3o precisa agir com cautela e que a decis\u00e3o foi tomada pensando no futuro do clube.<\/p>\n","protected":false},"excerpt":{"rendered":"<p>A poss\u00edvel sa\u00edda de Gabigol tem sido um dos principais temas no futebol brasileiro, especialmente entre os torcedores e dirigentes do Flamengo. O assunto ganhou destaque novamente neste s\u00e1bado (16), quando Jayme de Almeida, ex-treinador e campe\u00e3o da Copa do Brasil em 2013 pelo clube, compartilhou suas opini\u00f5es sobre o jogador durante um evento na [&hellip;]<\/p>\n","protected":false},"author":28,"featured_media":102597,"comment_status":"open","ping_status":"closed","sticky":false,"template":"","format":"standard","meta":{"footnotes":""},"categories":[1],"tags":[],"class_list":["post-186500","post","type-post","status-publish","format-standard","has-post-thumbnail","hentry","category-flamengo"],"yoast_head":"<!-- This site is optimized with the Yoast SEO Premium plugin v24.2 (Yoast SEO v26.9) - https:\/\/yoast.com\/product\/yoast-seo-premium-wordpress\/ -->\n<title>Ex-t\u00e9cnico do Flamengo \u00e9 sincero ao falar sobre Gabigol<\/title>\n<meta name=\"robots\" content=\"index, follow, max-snippet:-1, max-image-preview:large, max-video-preview:-1\" \/>\n<link rel=\"canonical\" href=\"https:\/\/www.gaveanews.com\/index.php\/2024\/11\/17\/ex-tecnico-do-flamengo-e-sincero-ao-falar-sobre-gabigol\/\" \/>\n<meta property=\"og:locale\" content=\"pt_BR\" \/>\n<meta property=\"og:type\" content=\"article\" \/>\n<meta property=\"og:title\" content=\"Ex-t\u00e9cnico do Flamengo \u00e9 sincero ao falar sobre Gabigol\" \/>\n<meta property=\"og:description\" content=\"A poss\u00edvel sa\u00edda de Gabigol tem sido um dos principais temas no futebol brasileiro, especialmente entre os torcedores e dirigentes do Flamengo. O assunto ganhou destaque novamente neste s\u00e1bado (16), quando Jayme de Almeida, ex-treinador e campe\u00e3o da Copa do Brasil em 2013 pelo clube, compartilhou suas opini\u00f5es sobre o jogador durante um evento na [&hellip;]\" \/>\n<meta property=\"og:url\" content=\"https:\/\/www.gaveanews.com\/index.php\/2024\/11\/17\/ex-tecnico-do-flamengo-e-sincero-ao-falar-sobre-gabigol\/\" \/>\n<meta property=\"og:site_name\" content=\"G\u00e1vea News\" \/>\n<meta property=\"article:publisher\" content=\"https:\/\/facebook.com\/gaveaNews\/\" \/>\n<meta property=\"article:published_time\" content=\"2024-11-17T23:10:00+00:00\" \/>\n<meta property=\"og:image\" content=\"https:\/\/www.gaveanews.com\/wp-content\/uploads\/gabigol-flamengo-athletico-1.webp\" \/>\n\t<meta property=\"og:image:width\" content=\"900\" \/>\n\t<meta property=\"og:image:height\" content=\"625\" \/>\n\t<meta property=\"og:image:type\" content=\"image\/jpeg\" \/>\n<meta name=\"author\" content=\"Hudson Pereira\" \/>\n<meta name=\"twitter:card\" content=\"summary_large_image\" \/>\n<meta name=\"twitter:label1\" content=\"Escrito por\" \/>\n\t<meta name=\"twitter:data1\" content=\"Hudson Pereira\" \/>\n\t<meta name=\"twitter:label2\" content=\"Est. tempo de leitura\" \/>\n\t<meta name=\"twitter:data2\" content=\"3 minutos\" \/>\n<script type=\"application\/ld+json\" class=\"yoast-schema-graph\">{\"@context\":\"https:\/\/schema.org\",\"@graph\":[{\"@type\":\"NewsArticle\",\"@id\":\"https:\/\/www.gaveanews.com\/index.php\/2024\/11\/17\/ex-tecnico-do-flamengo-e-sincero-ao-falar-sobre-gabigol\/#article\",\"isPartOf\":{\"@id\":\"https:\/\/www.gaveanews.com\/index.php\/2024\/11\/17\/ex-tecnico-do-flamengo-e-sincero-ao-falar-sobre-gabigol\/\"},\"author\":{\"name\":\"Hudson Pereira\",\"@id\":\"https:\/\/www.gaveanews.com\/#\/schema\/person\/bd08f00534b403119b92741a6d469ef0\"},\"headline\":\"Ex-t\u00e9cnico do Flamengo \u00e9 sincero ao falar sobre Gabigol\",\"datePublished\":\"2024-11-17T23:10:00+00:00\",\"mainEntityOfPage\":{\"@id\":\"https:\/\/www.gaveanews.com\/index.php\/2024\/11\/17\/ex-tecnico-do-flamengo-e-sincero-ao-falar-sobre-gabigol\/\"},\"wordCount\":465,\"commentCount\":0,\"image\":{\"@id\":\"https:\/\/www.gaveanews.com\/index.php\/2024\/11\/17\/ex-tecnico-do-flamengo-e-sincero-ao-falar-sobre-gabigol\/#primaryimage\"},\"thumbnailUrl\":\"https:\/\/www.gaveanews.com\/wp-content\/uploads\/gabigol-flamengo-athletico-1.webp\",\"articleSection\":[\"Flamengo\"],\"inLanguage\":\"pt-BR\",\"potentialAction\":[{\"@type\":\"CommentAction\",\"name\":\"Comment\",\"target\":[\"https:\/\/www.gaveanews.com\/index.php\/2024\/11\/17\/ex-tecnico-do-flamengo-e-sincero-ao-falar-sobre-gabigol\/#respond\"]}],\"copyrightYear\":\"2024\",\"copyrightHolder\":{\"@id\":\"https:\/\/www.gaveanews.com\/#organization\"}},{\"@type\":\"WebPage\",\"@id\":\"https:\/\/www.gaveanews.com\/index.php\/2024\/11\/17\/ex-tecnico-do-flamengo-e-sincero-ao-falar-sobre-gabigol\/\",\"url\":\"https:\/\/www.gaveanews.com\/index.php\/2024\/11\/17\/ex-tecnico-do-flamengo-e-sincero-ao-falar-sobre-gabigol\/\",\"name\":\"Ex-t\u00e9cnico do Flamengo \u00e9 sincero ao falar sobre Gabigol\",\"isPartOf\":{\"@id\":\"https:\/\/www.gaveanews.com\/#website\"},\"primaryImageOfPage\":{\"@id\":\"https:\/\/www.gaveanews.com\/index.php\/2024\/11\/17\/ex-tecnico-do-flamengo-e-sincero-ao-falar-sobre-gabigol\/#primaryimage\"},\"image\":{\"@id\":\"https:\/\/www.gaveanews.com\/index.php\/2024\/11\/17\/ex-tecnico-do-flamengo-e-sincero-ao-falar-sobre-gabigol\/#primaryimage\"},\"thumbnailUrl\":\"https:\/\/www.gaveanews.com\/wp-content\/uploads\/gabigol-flamengo-athletico-1.webp\",\"datePublished\":\"2024-11-17T23:10:00+00:00\",\"author\":{\"@id\":\"https:\/\/www.gaveanews.com\/#\/schema\/person\/bd08f00534b403119b92741a6d469ef0\"},\"breadcrumb\":{\"@id\":\"https:\/\/www.gaveanews.com\/index.php\/2024\/11\/17\/ex-tecnico-do-flamengo-e-sincero-ao-falar-sobre-gabigol\/#breadcrumb\"},\"inLanguage\":\"pt-BR\",\"potentialAction\":[{\"@type\":\"ReadAction\",\"target\":[\"https:\/\/www.gaveanews.com\/index.php\/2024\/11\/17\/ex-tecnico-do-flamengo-e-sincero-ao-falar-sobre-gabigol\/\"]}]},{\"@type\":\"ImageObject\",\"inLanguage\":\"pt-BR\",\"@id\":\"https:\/\/www.gaveanews.com\/index.php\/2024\/11\/17\/ex-tecnico-do-flamengo-e-sincero-ao-falar-sobre-gabigol\/#primaryimage\",\"url\":\"https:\/\/www.gaveanews.com\/wp-content\/uploads\/gabigol-flamengo-athletico-1.webp\",\"contentUrl\":\"https:\/\/www.gaveanews.com\/wp-content\/uploads\/gabigol-flamengo-athletico-1.webp\",\"width\":900,\"height\":625,\"caption\":\"Gabigl em a\u00e7\u00e3o pelo Flamengo contra o Athletico (Foto: Gilvan de Souza\/Flamengo)\"},{\"@type\":\"BreadcrumbList\",\"@id\":\"https:\/\/www.gaveanews.com\/index.php\/2024\/11\/17\/ex-tecnico-do-flamengo-e-sincero-ao-falar-sobre-gabigol\/#breadcrumb\",\"itemListElement\":[{\"@type\":\"ListItem\",\"position\":1,\"name\":\"Home\",\"item\":\"https:\/\/www.gaveanews.com\/\"},{\"@type\":\"ListItem\",\"position\":2,\"name\":\"Ex-t\u00e9cnico do Flamengo \u00e9 sincero ao falar sobre Gabigol\"}]},{\"@type\":\"WebSite\",\"@id\":\"https:\/\/www.gaveanews.com\/#website\",\"url\":\"https:\/\/www.gaveanews.com\/\",\"name\":\"G\u00e1vea News\",\"description\":\"Veja todas as not\u00edcias sobre o Flamengo: Contrata\u00e7\u00f5es, categorias de base, resultados das partidas, tabela de classifica\u00e7\u00e3o, pr\u00f3ximos jogos!\",\"potentialAction\":[{\"@type\":\"SearchAction\",\"target\":{\"@type\":\"EntryPoint\",\"urlTemplate\":\"https:\/\/www.gaveanews.com\/?s={search_term_string}\"},\"query-input\":{\"@type\":\"PropertyValueSpecification\",\"valueRequired\":true,\"valueName\":\"search_term_string\"}}],\"inLanguage\":\"pt-BR\"},{\"@type\":\"Person\",\"@id\":\"https:\/\/www.gaveanews.com\/#\/schema\/person\/bd08f00534b403119b92741a6d469ef0\",\"name\":\"Hudson Pereira\",\"image\":{\"@type\":\"ImageObject\",\"inLanguage\":\"pt-BR\",\"@id\":\"https:\/\/www.gaveanews.com\/#\/schema\/person\/image\/\",\"url\":\"https:\/\/secure.gravatar.com\/avatar\/ecc491b489e454e510efffc9b23c1052ce5fb4f2e05555768ba65819cd55f03e?s=96&d=mm&r=g\",\"contentUrl\":\"https:\/\/secure.gravatar.com\/avatar\/ecc491b489e454e510efffc9b23c1052ce5fb4f2e05555768ba65819cd55f03e?s=96&d=mm&r=g\",\"caption\":\"Hudson Pereira\"}}]}<\/script>\n<!-- \/ Yoast SEO Premium plugin. -->","yoast_head_json":{"title":"Ex-t\u00e9cnico do Flamengo \u00e9 sincero ao falar sobre Gabigol","robots":{"index":"index","follow":"follow","max-snippet":"max-snippet:-1","max-image-preview":"max-image-preview:large","max-video-preview":"max-video-preview:-1"},"canonical":"https:\/\/www.gaveanews.com\/index.php\/2024\/11\/17\/ex-tecnico-do-flamengo-e-sincero-ao-falar-sobre-gabigol\/","og_locale":"pt_BR","og_type":"article","og_title":"Ex-t\u00e9cnico do Flamengo \u00e9 sincero ao falar sobre Gabigol","og_description":"A poss\u00edvel sa\u00edda de Gabigol tem sido um dos principais temas no futebol brasileiro, especialmente entre os torcedores e dirigentes do Flamengo. O assunto ganhou destaque novamente neste s\u00e1bado (16), quando Jayme de Almeida, ex-treinador e campe\u00e3o da Copa do Brasil em 2013 pelo clube, compartilhou suas opini\u00f5es sobre o jogador durante um evento na [&hellip;]","og_url":"https:\/\/www.gaveanews.com\/index.php\/2024\/11\/17\/ex-tecnico-do-flamengo-e-sincero-ao-falar-sobre-gabigol\/","og_site_name":"G\u00e1vea News","article_publisher":"https:\/\/facebook.com\/gaveaNews\/","article_published_time":"2024-11-17T23:10:00+00:00","og_image":[{"width":900,"height":625,"url":"https:\/\/www.gaveanews.com\/wp-content\/uploads\/gabigol-flamengo-athletico-1.webp","type":"image\/jpeg"}],"author":"Hudson Pereira","twitter_card":"summary_large_image","twitter_misc":{"Escrito por":"Hudson Pereira","Est. tempo de leitura":"3 minutos"},"schema":{"@context":"https:\/\/schema.org","@graph":[{"@type":"NewsArticle","@id":"https:\/\/www.gaveanews.com\/index.php\/2024\/11\/17\/ex-tecnico-do-flamengo-e-sincero-ao-falar-sobre-gabigol\/#article","isPartOf":{"@id":"https:\/\/www.gaveanews.com\/index.php\/2024\/11\/17\/ex-tecnico-do-flamengo-e-sincero-ao-falar-sobre-gabigol\/"},"author":{"name":"Hudson Pereira","@id":"https:\/\/www.gaveanews.com\/#\/schema\/person\/bd08f00534b403119b92741a6d469ef0"},"headline":"Ex-t\u00e9cnico do Flamengo \u00e9 sincero ao falar sobre Gabigol","datePublished":"2024-11-17T23:10:00+00:00","mainEntityOfPage":{"@id":"https:\/\/www.gaveanews.com\/index.php\/2024\/11\/17\/ex-tecnico-do-flamengo-e-sincero-ao-falar-sobre-gabigol\/"},"wordCount":465,"commentCount":0,"image":{"@id":"https:\/\/www.gaveanews.com\/index.php\/2024\/11\/17\/ex-tecnico-do-flamengo-e-sincero-ao-falar-sobre-gabigol\/#primaryimage"},"thumbnailUrl":"https:\/\/www.gaveanews.com\/wp-content\/uploads\/gabigol-flamengo-athletico-1.webp","articleSection":["Flamengo"],"inLanguage":"pt-BR","potentialAction":[{"@type":"CommentAction","name":"Comment","target":["https:\/\/www.gaveanews.com\/index.php\/2024\/11\/17\/ex-tecnico-do-flamengo-e-sincero-ao-falar-sobre-gabigol\/#respond"]}],"copyrightYear":"2024","copyrightHolder":{"@id":"https:\/\/www.gaveanews.com\/#organization"}},{"@type":"WebPage","@id":"https:\/\/www.gaveanews.com\/index.php\/2024\/11\/17\/ex-tecnico-do-flamengo-e-sincero-ao-falar-sobre-gabigol\/","url":"https:\/\/www.gaveanews.com\/index.php\/2024\/11\/17\/ex-tecnico-do-flamengo-e-sincero-ao-falar-sobre-gabigol\/","name":"Ex-t\u00e9cnico do Flamengo \u00e9 sincero ao falar sobre Gabigol","isPartOf":{"@id":"https:\/\/www.gaveanews.com\/#website"},"primaryImageOfPage":{"@id":"https:\/\/www.gaveanews.com\/index.php\/2024\/11\/17\/ex-tecnico-do-flamengo-e-sincero-ao-falar-sobre-gabigol\/#primaryimage"},"image":{"@id":"https:\/\/www.gaveanews.com\/index.php\/2024\/11\/17\/ex-tecnico-do-flamengo-e-sincero-ao-falar-sobre-gabigol\/#primaryimage"},"thumbnailUrl":"https:\/\/www.gaveanews.com\/wp-content\/uploads\/gabigol-flamengo-athletico-1.webp","datePublished":"2024-11-17T23:10:00+00:00","author":{"@id":"https:\/\/www.gaveanews.com\/#\/schema\/person\/bd08f00534b403119b92741a6d469ef0"},"breadcrumb":{"@id":"https:\/\/www.gaveanews.com\/index.php\/2024\/11\/17\/ex-tecnico-do-flamengo-e-sincero-ao-falar-sobre-gabigol\/#breadcrumb"},"inLanguage":"pt-BR","potentialAction":[{"@type":"ReadAction","target":["https:\/\/www.gaveanews.com\/index.php\/2024\/11\/17\/ex-tecnico-do-flamengo-e-sincero-ao-falar-sobre-gabigol\/"]}]},{"@type":"ImageObject","inLanguage":"pt-BR","@id":"https:\/\/www.gaveanews.com\/index.php\/2024\/11\/17\/ex-tecnico-do-flamengo-e-sincero-ao-falar-sobre-gabigol\/#primaryimage","url":"https:\/\/www.gaveanews.com\/wp-content\/uploads\/gabigol-flamengo-athletico-1.webp","contentUrl":"https:\/\/www.gaveanews.com\/wp-content\/uploads\/gabigol-flamengo-athletico-1.webp","width":900,"height":625,"caption":"Gabigl em a\u00e7\u00e3o pelo Flamengo contra o Athletico (Foto: Gilvan de Souza\/Flamengo)"},{"@type":"BreadcrumbList","@id":"https:\/\/www.gaveanews.com\/index.php\/2024\/11\/17\/ex-tecnico-do-flamengo-e-sincero-ao-falar-sobre-gabigol\/#breadcrumb","itemListElement":[{"@type":"ListItem","position":1,"name":"Home","item":"https:\/\/www.gaveanews.com\/"},{"@type":"ListItem","position":2,"name":"Ex-t\u00e9cnico do Flamengo \u00e9 sincero ao falar sobre Gabigol"}]},{"@type":"WebSite","@id":"https:\/\/www.gaveanews.com\/#website","url":"https:\/\/www.gaveanews.com\/","name":"G\u00e1vea News","description":"Veja todas as not\u00edcias sobre o Flamengo: Contrata\u00e7\u00f5es, categorias de base, resultados das partidas, tabela de classifica\u00e7\u00e3o, pr\u00f3ximos jogos!","potentialAction":[{"@type":"SearchAction","target":{"@type":"EntryPoint","urlTemplate":"https:\/\/www.gaveanews.com\/?s={search_term_string}"},"query-input":{"@type":"PropertyValueSpecification","valueRequired":true,"valueName":"search_term_string"}}],"inLanguage":"pt-BR"},{"@type":"Person","@id":"https:\/\/www.gaveanews.com\/#\/schema\/person\/bd08f00534b403119b92741a6d469ef0","name":"Hudson Pereira","image":{"@type":"ImageObject","inLanguage":"pt-BR","@id":"https:\/\/www.gaveanews.com\/#\/schema\/person\/image\/","url":"https:\/\/secure.gravatar.com\/avatar\/ecc491b489e454e510efffc9b23c1052ce5fb4f2e05555768ba65819cd55f03e?s=96&d=mm&r=g","contentUrl":"https:\/\/secure.gravatar.com\/avatar\/ecc491b489e454e510efffc9b23c1052ce5fb4f2e05555768ba65819cd55f03e?s=96&d=mm&r=g","caption":"Hudson Pereira"}}]}},"_links":{"self":[{"href":"https:\/\/www.gaveanews.com\/index.php\/wp-json\/wp\/v2\/posts\/186500","targetHints":{"allow":["GET"]}}],"collection":[{"href":"https:\/\/www.gaveanews.com\/index.php\/wp-json\/wp\/v2\/posts"}],"about":[{"href":"https:\/\/www.gaveanews.com\/index.php\/wp-json\/wp\/v2\/types\/post"}],"author":[{"embeddable":true,"href":"https:\/\/www.gaveanews.com\/index.php\/wp-json\/wp\/v2\/users\/28"}],"replies":[{"embeddable":true,"href":"https:\/\/www.gaveanews.com\/index.php\/wp-json\/wp\/v2\/comments?post=186500"}],"version-history":[{"count":1,"href":"https:\/\/www.gaveanews.com\/index.php\/wp-json\/wp\/v2\/posts\/186500\/revisions"}],"predecessor-version":[{"id":186502,"href":"https:\/\/www.gaveanews.com\/index.php\/wp-json\/wp\/v2\/posts\/186500\/revisions\/186502"}],"wp:featuredmedia":[{"embeddable":true,"href":"https:\/\/www.gaveanews.com\/index.php\/wp-json\/wp\/v2\/media\/102597"}],"wp:attachment":[{"href":"https:\/\/www.gaveanews.com\/index.php\/wp-json\/wp\/v2\/media?parent=186500"}],"wp:term":[{"taxonomy":"category","embeddable":true,"href":"https:\/\/www.gaveanews.com\/index.php\/wp-json\/wp\/v2\/categories?post=186500"},{"taxonomy":"post_tag","embeddable":true,"href":"https:\/\/www.gaveanews.com\/index.php\/wp-json\/wp\/v2\/tags?post=186500"}],"curies":[{"name":"wp","href":"https:\/\/api.w.org\/{rel}","templated":true}]}}