{"id":186516,"date":"2024-11-17T19:00:00","date_gmt":"2024-11-17T22:00:00","guid":{"rendered":"https:\/\/www.gaveanews.com\/?p=186516"},"modified":"2024-11-17T18:58:39","modified_gmt":"2024-11-17T21:58:39","slug":"imprensa-do-exterior-aponta-quem-vai-substituir-gabigol-no-flamengo","status":"publish","type":"post","link":"https:\/\/www.gaveanews.com\/index.php\/2024\/11\/17\/imprensa-do-exterior-aponta-quem-vai-substituir-gabigol-no-flamengo\/","title":{"rendered":"Imprensa do exterior aponta quem vai substituir Gabigol no Flamengo"},"content":{"rendered":"\n<p>Com a sa\u00edda prevista de Gabigol e o afastamento de Pedro devido a problemas de sa\u00fade, o Flamengo j\u00e1 avalia op\u00e7\u00f5es para refor\u00e7ar o elenco em 2025. Entre os nomes cotados, destaca-se Alex Arce, atacante paraguaio da LDU, que atualmente lidera a artilharia do Campeonato Equatoriano com 21 gols em 27 partidas. A busca por um substituto ocorre em meio ao interesse de outros clubes brasileiros e europeus.<\/p>\n\n\n\n<ul class=\"wp-block-list\">\n<li><a href=\"https:\/\/www.gaveanews.com\/index.php\/2024\/11\/17\/brasileirao-faz-publicacao-direcionada-a-gerson-do-flamengo\/\">Brasileir\u00e3o faz publica\u00e7\u00e3o direcionada a Gerson, do Flamengo<\/a><\/li>\n\n\n\n<li><a href=\"https:\/\/www.gaveanews.com\/index.php\/2024\/11\/16\/flamengo-vai-contratar-tres-reforcos-vindo-do-botafogo\/\">Flamengo vai contratar tr\u00eas refor\u00e7os vindo do Botafogo<\/a><\/li>\n<\/ul>\n\n\n\n<p>Embora o Flamengo esteja na corrida, outros times como Fluminense, Corinthians e Vit\u00f3ria tamb\u00e9m monitoram a situa\u00e7\u00e3o de Arce. Contudo, segundo informa\u00e7\u00f5es do jornal &#8216;El Mercurio&#8217;, o atacante estaria mais pr\u00f3ximo de fechar com o Istanbul Basaksehir, da Turquia. O clube turco conta atualmente com o ex-Flamengo L\u00e9o Duarte, o que pode influenciar as negocia\u00e7\u00f5es.<\/p>\n\n\n\n<p>A trajet\u00f3ria de Alex Arce inclui passagens por clubes como Cerro Porte\u00f1o, Rubio \u00d1\u00fa, Sportivo Ameliano e Independiente Rivadavia. Apesar de poucas oportunidades no Cerro Porte\u00f1o, o atleta se destacou na LDU, onde acumulou 28 gols e tr\u00eas assist\u00eancias em 40 jogos nesta temporada, refor\u00e7ando sua reputa\u00e7\u00e3o como goleador.<\/p>\n\n\n\n<p>O atacante paraguaio tamb\u00e9m foi convocado para representar seu pa\u00eds nos jogos contra Argentina e Bol\u00edvia durante a Data FIFA. Mesmo iniciando a partida contra a Argentina no banco de reservas, ele soma oito apari\u00e7\u00f5es pela sele\u00e7\u00e3o, embora ainda n\u00e3o tenha marcado gols nesse n\u00edvel.<\/p>\n\n\n\n<blockquote class=\"instagram-media\" data-instgrm-captioned data-instgrm-permalink=\"https:\/\/www.instagram.com\/p\/C_zFH9TpjOX\/?utm_source=ig_embed&amp;utm_campaign=loading\" data-instgrm-version=\"14\" style=\" background:#FFF; border:0; border-radius:3px; box-shadow:0 0 1px 0 rgba(0,0,0,0.5),0 1px 10px 0 rgba(0,0,0,0.15); margin: 1px; max-width:540px; min-width:326px; padding:0; width:99.375%; width:-webkit-calc(100% - 2px); width:calc(100% - 2px);\"><div style=\"padding:16px;\"> <a href=\"https:\/\/www.instagram.com\/p\/C_zFH9TpjOX\/?utm_source=ig_embed&amp;utm_campaign=loading\" style=\" background:#FFFFFF; line-height:0; padding:0 0; text-align:center; text-decoration:none; width:100%;\" target=\"_blank\"> <div style=\" display: flex; flex-direction: row; align-items: center;\"> <div style=\"background-color: #F4F4F4; border-radius: 50%; flex-grow: 0; height: 40px; margin-right: 14px; width: 40px;\"><\/div> <div style=\"display: flex; flex-direction: column; flex-grow: 1; justify-content: center;\"> <div style=\" background-color: #F4F4F4; border-radius: 4px; flex-grow: 0; height: 14px; margin-bottom: 6px; width: 100px;\"><\/div> <div style=\" background-color: #F4F4F4; border-radius: 4px; flex-grow: 0; height: 14px; width: 60px;\"><\/div><\/div><\/div><div style=\"padding: 19% 0;\"><\/div> <div style=\"display:block; height:50px; margin:0 auto 12px; width:50px;\"><svg width=\"50px\" height=\"50px\" viewBox=\"0 0 60 60\" version=\"1.1\" xmlns=\"https:\/\/www.w3.org\/2000\/svg\" xmlns:xlink=\"https:\/\/www.w3.org\/1999\/xlink\"><g stroke=\"none\" stroke-width=\"1\" fill=\"none\" fill-rule=\"evenodd\"><g transform=\"translate(-511.000000, -20.000000)\" fill=\"#000000\"><g><path d=\"M556.869,30.41 C554.814,30.41 553.148,32.076 553.148,34.131 C553.148,36.186 554.814,37.852 556.869,37.852 C558.924,37.852 560.59,36.186 560.59,34.131 C560.59,32.076 558.924,30.41 556.869,30.41 M541,60.657 C535.114,60.657 530.342,55.887 530.342,50 C530.342,44.114 535.114,39.342 541,39.342 C546.887,39.342 551.658,44.114 551.658,50 C551.658,55.887 546.887,60.657 541,60.657 M541,33.886 C532.1,33.886 524.886,41.1 524.886,50 C524.886,58.899 532.1,66.113 541,66.113 C549.9,66.113 557.115,58.899 557.115,50 C557.115,41.1 549.9,33.886 541,33.886 M565.378,62.101 C565.244,65.022 564.756,66.606 564.346,67.663 C563.803,69.06 563.154,70.057 562.106,71.106 C561.058,72.155 560.06,72.803 558.662,73.347 C557.607,73.757 556.021,74.244 553.102,74.378 C549.944,74.521 548.997,74.552 541,74.552 C533.003,74.552 532.056,74.521 528.898,74.378 C525.979,74.244 524.393,73.757 523.338,73.347 C521.94,72.803 520.942,72.155 519.894,71.106 C518.846,70.057 518.197,69.06 517.654,67.663 C517.244,66.606 516.755,65.022 516.623,62.101 C516.479,58.943 516.448,57.996 516.448,50 C516.448,42.003 516.479,41.056 516.623,37.899 C516.755,34.978 517.244,33.391 517.654,32.338 C518.197,30.938 518.846,29.942 519.894,28.894 C520.942,27.846 521.94,27.196 523.338,26.654 C524.393,26.244 525.979,25.756 528.898,25.623 C532.057,25.479 533.004,25.448 541,25.448 C548.997,25.448 549.943,25.479 553.102,25.623 C556.021,25.756 557.607,26.244 558.662,26.654 C560.06,27.196 561.058,27.846 562.106,28.894 C563.154,29.942 563.803,30.938 564.346,32.338 C564.756,33.391 565.244,34.978 565.378,37.899 C565.522,41.056 565.552,42.003 565.552,50 C565.552,57.996 565.522,58.943 565.378,62.101 M570.82,37.631 C570.674,34.438 570.167,32.258 569.425,30.349 C568.659,28.377 567.633,26.702 565.965,25.035 C564.297,23.368 562.623,22.342 560.652,21.575 C558.743,20.834 556.562,20.326 553.369,20.18 C550.169,20.033 549.148,20 541,20 C532.853,20 531.831,20.033 528.631,20.18 C525.438,20.326 523.257,20.834 521.349,21.575 C519.376,22.342 517.703,23.368 516.035,25.035 C514.368,26.702 513.342,28.377 512.574,30.349 C511.834,32.258 511.326,34.438 511.181,37.631 C511.035,40.831 511,41.851 511,50 C511,58.147 511.035,59.17 511.181,62.369 C511.326,65.562 511.834,67.743 512.574,69.651 C513.342,71.625 514.368,73.296 516.035,74.965 C517.703,76.634 519.376,77.658 521.349,78.425 C523.257,79.167 525.438,79.673 528.631,79.82 C531.831,79.965 532.853,80.001 541,80.001 C549.148,80.001 550.169,79.965 553.369,79.82 C556.562,79.673 558.743,79.167 560.652,78.425 C562.623,77.658 564.297,76.634 565.965,74.965 C567.633,73.296 568.659,71.625 569.425,69.651 C570.167,67.743 570.674,65.562 570.82,62.369 C570.966,59.17 571,58.147 571,50 C571,41.851 570.966,40.831 570.82,37.631\"><\/path><\/g><\/g><\/g><\/svg><\/div><div style=\"padding-top: 8px;\"> <div style=\" color:#3897f0; font-family:Arial,sans-serif; font-size:14px; font-style:normal; font-weight:550; line-height:18px;\">Ver essa foto no Instagram<\/div><\/div><div style=\"padding: 12.5% 0;\"><\/div> <div style=\"display: flex; flex-direction: row; margin-bottom: 14px; align-items: center;\"><div> <div style=\"background-color: #F4F4F4; border-radius: 50%; height: 12.5px; width: 12.5px; transform: translateX(0px) translateY(7px);\"><\/div> <div style=\"background-color: #F4F4F4; height: 12.5px; transform: rotate(-45deg) translateX(3px) translateY(1px); width: 12.5px; flex-grow: 0; margin-right: 14px; margin-left: 2px;\"><\/div> <div style=\"background-color: #F4F4F4; border-radius: 50%; height: 12.5px; width: 12.5px; transform: translateX(9px) translateY(-18px);\"><\/div><\/div><div style=\"margin-left: 8px;\"> <div style=\" background-color: #F4F4F4; border-radius: 50%; flex-grow: 0; height: 20px; width: 20px;\"><\/div> <div style=\" width: 0; height: 0; border-top: 2px solid transparent; border-left: 6px solid #f4f4f4; border-bottom: 2px solid transparent; transform: translateX(16px) translateY(-4px) rotate(30deg)\"><\/div><\/div><div style=\"margin-left: auto;\"> <div style=\" width: 0px; border-top: 8px solid #F4F4F4; border-right: 8px solid transparent; transform: translateY(16px);\"><\/div> <div style=\" background-color: #F4F4F4; flex-grow: 0; height: 12px; width: 16px; transform: translateY(-4px);\"><\/div> <div style=\" width: 0; height: 0; border-top: 8px solid #F4F4F4; border-left: 8px solid transparent; transform: translateY(-4px) translateX(8px);\"><\/div><\/div><\/div> <div style=\"display: flex; flex-direction: column; flex-grow: 1; justify-content: center; margin-bottom: 24px;\"> <div style=\" background-color: #F4F4F4; border-radius: 4px; flex-grow: 0; height: 14px; margin-bottom: 6px; width: 224px;\"><\/div> <div style=\" background-color: #F4F4F4; border-radius: 4px; flex-grow: 0; height: 14px; width: 144px;\"><\/div><\/div><\/a><p style=\" color:#c9c8cd; font-family:Arial,sans-serif; font-size:14px; line-height:17px; margin-bottom:0; margin-top:8px; overflow:hidden; padding:8px 0 7px; text-align:center; text-overflow:ellipsis; white-space:nowrap;\"><a href=\"https:\/\/www.instagram.com\/p\/C_zFH9TpjOX\/?utm_source=ig_embed&amp;utm_campaign=loading\" style=\" color:#c9c8cd; font-family:Arial,sans-serif; font-size:14px; font-style:normal; font-weight:normal; line-height:17px; text-decoration:none;\" target=\"_blank\">Uma publica\u00e7\u00e3o compartilhada por Alex Arce (@alexarce7785)<\/a><\/p><\/div><\/blockquote>\n<script async src=\"\/\/www.instagram.com\/embed.js\"><\/script>\n\n\n\n<h2 class=\"wp-block-heading\" id=\"h-gabigol-ainda-pode-permanecer-no-flamengo-em-2025\">Gabigol ainda pode permanecer no Flamengo em 2025?<\/h2>\n\n\n\n<p>Paralelamente, o Flamengo comemorou recentemente o t\u00edtulo da Copa do Brasil conquistado no \u00faltimo fim de semana ao vencer o Atl\u00e9tico-MG por 1 a 0 na Arena MRV. No entanto, a celebra\u00e7\u00e3o foi ofuscada pelas incertezas envolvendo o futuro de Gabigol, que j\u00e1 havia anunciado sua sa\u00edda do clube para 2025.<\/p>\n\n\n\n<p>Embora especula\u00e7\u00f5es apontassem um acerto entre Gabigol e o Cruzeiro, novos desdobramentos indicam que sua perman\u00eancia no Flamengo ainda \u00e9 poss\u00edvel. Conforme o jornal &#8216;O Tempo&#8217;, negocia\u00e7\u00f5es para a renova\u00e7\u00e3o contratual seguem em andamento, com possibilidades de um acordo por mais temporadas.<\/p>\n\n\n\n<p>As discuss\u00f5es entre o jogador e a diretoria incluem diverg\u00eancias quanto \u00e0 dura\u00e7\u00e3o do contrato. Enquanto Gabigol defende um v\u00ednculo mais longo, o clube inicialmente ofereceu apenas um ano. Contudo, a diretoria considera propor um contrato de um ano com renova\u00e7\u00e3o autom\u00e1tica por mais dois, condicionado ao cumprimento de metas, como n\u00famero de jogos, gols e conquistas.<\/p>\n","protected":false},"excerpt":{"rendered":"<p>Com a sa\u00edda prevista de Gabigol e o afastamento de Pedro devido a problemas de sa\u00fade, o Flamengo j\u00e1 avalia op\u00e7\u00f5es para refor\u00e7ar o elenco em 2025. Entre os nomes cotados, destaca-se Alex Arce, atacante paraguaio da LDU, que atualmente lidera a artilharia do Campeonato Equatoriano com 21 gols em 27 partidas. A busca por [&hellip;]<\/p>\n","protected":false},"author":28,"featured_media":101520,"comment_status":"open","ping_status":"closed","sticky":false,"template":"","format":"standard","meta":{"footnotes":""},"categories":[1],"tags":[],"class_list":["post-186516","post","type-post","status-publish","format-standard","has-post-thumbnail","hentry","category-flamengo"],"yoast_head":"<!-- This site is optimized with the Yoast SEO Premium plugin v24.2 (Yoast SEO v26.9) - https:\/\/yoast.com\/product\/yoast-seo-premium-wordpress\/ -->\n<title>Imprensa do exterior aponta quem vai substituir Gabigol no Flamengo<\/title>\n<meta name=\"robots\" content=\"index, follow, max-snippet:-1, max-image-preview:large, max-video-preview:-1\" \/>\n<link rel=\"canonical\" href=\"https:\/\/www.gaveanews.com\/index.php\/2024\/11\/17\/imprensa-do-exterior-aponta-quem-vai-substituir-gabigol-no-flamengo\/\" \/>\n<meta property=\"og:locale\" content=\"pt_BR\" \/>\n<meta property=\"og:type\" content=\"article\" \/>\n<meta property=\"og:title\" content=\"Imprensa do exterior aponta quem vai substituir Gabigol no Flamengo\" \/>\n<meta property=\"og:description\" content=\"Com a sa\u00edda prevista de Gabigol e o afastamento de Pedro devido a problemas de sa\u00fade, o Flamengo j\u00e1 avalia op\u00e7\u00f5es para refor\u00e7ar o elenco em 2025. Entre os nomes cotados, destaca-se Alex Arce, atacante paraguaio da LDU, que atualmente lidera a artilharia do Campeonato Equatoriano com 21 gols em 27 partidas. A busca por [&hellip;]\" \/>\n<meta property=\"og:url\" content=\"https:\/\/www.gaveanews.com\/index.php\/2024\/11\/17\/imprensa-do-exterior-aponta-quem-vai-substituir-gabigol-no-flamengo\/\" \/>\n<meta property=\"og:site_name\" content=\"G\u00e1vea News\" \/>\n<meta property=\"article:publisher\" content=\"https:\/\/facebook.com\/gaveaNews\/\" \/>\n<meta property=\"article:published_time\" content=\"2024-11-17T22:00:00+00:00\" \/>\n<meta property=\"og:image\" content=\"https:\/\/www.gaveanews.com\/wp-content\/uploads\/gabigol-flamengo-aucas.webp\" \/>\n\t<meta property=\"og:image:width\" content=\"900\" \/>\n\t<meta property=\"og:image:height\" content=\"597\" \/>\n\t<meta property=\"og:image:type\" content=\"image\/jpeg\" \/>\n<meta name=\"author\" content=\"Hudson Pereira\" \/>\n<meta name=\"twitter:card\" content=\"summary_large_image\" \/>\n<meta name=\"twitter:label1\" content=\"Escrito por\" \/>\n\t<meta name=\"twitter:data1\" content=\"Hudson Pereira\" \/>\n\t<meta name=\"twitter:label2\" content=\"Est. tempo de leitura\" \/>\n\t<meta name=\"twitter:data2\" content=\"3 minutos\" \/>\n<script type=\"application\/ld+json\" class=\"yoast-schema-graph\">{\"@context\":\"https:\/\/schema.org\",\"@graph\":[{\"@type\":\"NewsArticle\",\"@id\":\"https:\/\/www.gaveanews.com\/index.php\/2024\/11\/17\/imprensa-do-exterior-aponta-quem-vai-substituir-gabigol-no-flamengo\/#article\",\"isPartOf\":{\"@id\":\"https:\/\/www.gaveanews.com\/index.php\/2024\/11\/17\/imprensa-do-exterior-aponta-quem-vai-substituir-gabigol-no-flamengo\/\"},\"author\":{\"name\":\"Hudson Pereira\",\"@id\":\"https:\/\/www.gaveanews.com\/#\/schema\/person\/bd08f00534b403119b92741a6d469ef0\"},\"headline\":\"Imprensa do exterior aponta quem vai substituir Gabigol no Flamengo\",\"datePublished\":\"2024-11-17T22:00:00+00:00\",\"mainEntityOfPage\":{\"@id\":\"https:\/\/www.gaveanews.com\/index.php\/2024\/11\/17\/imprensa-do-exterior-aponta-quem-vai-substituir-gabigol-no-flamengo\/\"},\"wordCount\":447,\"commentCount\":0,\"image\":{\"@id\":\"https:\/\/www.gaveanews.com\/index.php\/2024\/11\/17\/imprensa-do-exterior-aponta-quem-vai-substituir-gabigol-no-flamengo\/#primaryimage\"},\"thumbnailUrl\":\"https:\/\/www.gaveanews.com\/wp-content\/uploads\/gabigol-flamengo-aucas.webp\",\"articleSection\":[\"Flamengo\"],\"inLanguage\":\"pt-BR\",\"potentialAction\":[{\"@type\":\"CommentAction\",\"name\":\"Comment\",\"target\":[\"https:\/\/www.gaveanews.com\/index.php\/2024\/11\/17\/imprensa-do-exterior-aponta-quem-vai-substituir-gabigol-no-flamengo\/#respond\"]}],\"copyrightYear\":\"2024\",\"copyrightHolder\":{\"@id\":\"https:\/\/www.gaveanews.com\/#organization\"}},{\"@type\":\"WebPage\",\"@id\":\"https:\/\/www.gaveanews.com\/index.php\/2024\/11\/17\/imprensa-do-exterior-aponta-quem-vai-substituir-gabigol-no-flamengo\/\",\"url\":\"https:\/\/www.gaveanews.com\/index.php\/2024\/11\/17\/imprensa-do-exterior-aponta-quem-vai-substituir-gabigol-no-flamengo\/\",\"name\":\"Imprensa do exterior aponta quem vai substituir Gabigol no Flamengo\",\"isPartOf\":{\"@id\":\"https:\/\/www.gaveanews.com\/#website\"},\"primaryImageOfPage\":{\"@id\":\"https:\/\/www.gaveanews.com\/index.php\/2024\/11\/17\/imprensa-do-exterior-aponta-quem-vai-substituir-gabigol-no-flamengo\/#primaryimage\"},\"image\":{\"@id\":\"https:\/\/www.gaveanews.com\/index.php\/2024\/11\/17\/imprensa-do-exterior-aponta-quem-vai-substituir-gabigol-no-flamengo\/#primaryimage\"},\"thumbnailUrl\":\"https:\/\/www.gaveanews.com\/wp-content\/uploads\/gabigol-flamengo-aucas.webp\",\"datePublished\":\"2024-11-17T22:00:00+00:00\",\"author\":{\"@id\":\"https:\/\/www.gaveanews.com\/#\/schema\/person\/bd08f00534b403119b92741a6d469ef0\"},\"breadcrumb\":{\"@id\":\"https:\/\/www.gaveanews.com\/index.php\/2024\/11\/17\/imprensa-do-exterior-aponta-quem-vai-substituir-gabigol-no-flamengo\/#breadcrumb\"},\"inLanguage\":\"pt-BR\",\"potentialAction\":[{\"@type\":\"ReadAction\",\"target\":[\"https:\/\/www.gaveanews.com\/index.php\/2024\/11\/17\/imprensa-do-exterior-aponta-quem-vai-substituir-gabigol-no-flamengo\/\"]}]},{\"@type\":\"ImageObject\",\"inLanguage\":\"pt-BR\",\"@id\":\"https:\/\/www.gaveanews.com\/index.php\/2024\/11\/17\/imprensa-do-exterior-aponta-quem-vai-substituir-gabigol-no-flamengo\/#primaryimage\",\"url\":\"https:\/\/www.gaveanews.com\/wp-content\/uploads\/gabigol-flamengo-aucas.webp\",\"contentUrl\":\"https:\/\/www.gaveanews.com\/wp-content\/uploads\/gabigol-flamengo-aucas.webp\",\"width\":900,\"height\":597,\"caption\":\"Gabigol em a\u00e7\u00e3o pelo Flamengo contra o Aucas (Foto: Divulga\u00e7\u00e3o\/Flamengo)\"},{\"@type\":\"BreadcrumbList\",\"@id\":\"https:\/\/www.gaveanews.com\/index.php\/2024\/11\/17\/imprensa-do-exterior-aponta-quem-vai-substituir-gabigol-no-flamengo\/#breadcrumb\",\"itemListElement\":[{\"@type\":\"ListItem\",\"position\":1,\"name\":\"Home\",\"item\":\"https:\/\/www.gaveanews.com\/\"},{\"@type\":\"ListItem\",\"position\":2,\"name\":\"Imprensa do exterior aponta quem vai substituir Gabigol no Flamengo\"}]},{\"@type\":\"WebSite\",\"@id\":\"https:\/\/www.gaveanews.com\/#website\",\"url\":\"https:\/\/www.gaveanews.com\/\",\"name\":\"G\u00e1vea News\",\"description\":\"Veja todas as not\u00edcias sobre o Flamengo: Contrata\u00e7\u00f5es, categorias de base, resultados das partidas, tabela de classifica\u00e7\u00e3o, pr\u00f3ximos jogos!\",\"potentialAction\":[{\"@type\":\"SearchAction\",\"target\":{\"@type\":\"EntryPoint\",\"urlTemplate\":\"https:\/\/www.gaveanews.com\/?s={search_term_string}\"},\"query-input\":{\"@type\":\"PropertyValueSpecification\",\"valueRequired\":true,\"valueName\":\"search_term_string\"}}],\"inLanguage\":\"pt-BR\"},{\"@type\":\"Person\",\"@id\":\"https:\/\/www.gaveanews.com\/#\/schema\/person\/bd08f00534b403119b92741a6d469ef0\",\"name\":\"Hudson Pereira\",\"image\":{\"@type\":\"ImageObject\",\"inLanguage\":\"pt-BR\",\"@id\":\"https:\/\/www.gaveanews.com\/#\/schema\/person\/image\/\",\"url\":\"https:\/\/secure.gravatar.com\/avatar\/ecc491b489e454e510efffc9b23c1052ce5fb4f2e05555768ba65819cd55f03e?s=96&d=mm&r=g\",\"contentUrl\":\"https:\/\/secure.gravatar.com\/avatar\/ecc491b489e454e510efffc9b23c1052ce5fb4f2e05555768ba65819cd55f03e?s=96&d=mm&r=g\",\"caption\":\"Hudson Pereira\"}}]}<\/script>\n<!-- \/ Yoast SEO Premium plugin. -->","yoast_head_json":{"title":"Imprensa do exterior aponta quem vai substituir Gabigol no Flamengo","robots":{"index":"index","follow":"follow","max-snippet":"max-snippet:-1","max-image-preview":"max-image-preview:large","max-video-preview":"max-video-preview:-1"},"canonical":"https:\/\/www.gaveanews.com\/index.php\/2024\/11\/17\/imprensa-do-exterior-aponta-quem-vai-substituir-gabigol-no-flamengo\/","og_locale":"pt_BR","og_type":"article","og_title":"Imprensa do exterior aponta quem vai substituir Gabigol no Flamengo","og_description":"Com a sa\u00edda prevista de Gabigol e o afastamento de Pedro devido a problemas de sa\u00fade, o Flamengo j\u00e1 avalia op\u00e7\u00f5es para refor\u00e7ar o elenco em 2025. Entre os nomes cotados, destaca-se Alex Arce, atacante paraguaio da LDU, que atualmente lidera a artilharia do Campeonato Equatoriano com 21 gols em 27 partidas. A busca por [&hellip;]","og_url":"https:\/\/www.gaveanews.com\/index.php\/2024\/11\/17\/imprensa-do-exterior-aponta-quem-vai-substituir-gabigol-no-flamengo\/","og_site_name":"G\u00e1vea News","article_publisher":"https:\/\/facebook.com\/gaveaNews\/","article_published_time":"2024-11-17T22:00:00+00:00","og_image":[{"width":900,"height":597,"url":"https:\/\/www.gaveanews.com\/wp-content\/uploads\/gabigol-flamengo-aucas.webp","type":"image\/jpeg"}],"author":"Hudson Pereira","twitter_card":"summary_large_image","twitter_misc":{"Escrito por":"Hudson Pereira","Est. tempo de leitura":"3 minutos"},"schema":{"@context":"https:\/\/schema.org","@graph":[{"@type":"NewsArticle","@id":"https:\/\/www.gaveanews.com\/index.php\/2024\/11\/17\/imprensa-do-exterior-aponta-quem-vai-substituir-gabigol-no-flamengo\/#article","isPartOf":{"@id":"https:\/\/www.gaveanews.com\/index.php\/2024\/11\/17\/imprensa-do-exterior-aponta-quem-vai-substituir-gabigol-no-flamengo\/"},"author":{"name":"Hudson Pereira","@id":"https:\/\/www.gaveanews.com\/#\/schema\/person\/bd08f00534b403119b92741a6d469ef0"},"headline":"Imprensa do exterior aponta quem vai substituir Gabigol no Flamengo","datePublished":"2024-11-17T22:00:00+00:00","mainEntityOfPage":{"@id":"https:\/\/www.gaveanews.com\/index.php\/2024\/11\/17\/imprensa-do-exterior-aponta-quem-vai-substituir-gabigol-no-flamengo\/"},"wordCount":447,"commentCount":0,"image":{"@id":"https:\/\/www.gaveanews.com\/index.php\/2024\/11\/17\/imprensa-do-exterior-aponta-quem-vai-substituir-gabigol-no-flamengo\/#primaryimage"},"thumbnailUrl":"https:\/\/www.gaveanews.com\/wp-content\/uploads\/gabigol-flamengo-aucas.webp","articleSection":["Flamengo"],"inLanguage":"pt-BR","potentialAction":[{"@type":"CommentAction","name":"Comment","target":["https:\/\/www.gaveanews.com\/index.php\/2024\/11\/17\/imprensa-do-exterior-aponta-quem-vai-substituir-gabigol-no-flamengo\/#respond"]}],"copyrightYear":"2024","copyrightHolder":{"@id":"https:\/\/www.gaveanews.com\/#organization"}},{"@type":"WebPage","@id":"https:\/\/www.gaveanews.com\/index.php\/2024\/11\/17\/imprensa-do-exterior-aponta-quem-vai-substituir-gabigol-no-flamengo\/","url":"https:\/\/www.gaveanews.com\/index.php\/2024\/11\/17\/imprensa-do-exterior-aponta-quem-vai-substituir-gabigol-no-flamengo\/","name":"Imprensa do exterior aponta quem vai substituir Gabigol no Flamengo","isPartOf":{"@id":"https:\/\/www.gaveanews.com\/#website"},"primaryImageOfPage":{"@id":"https:\/\/www.gaveanews.com\/index.php\/2024\/11\/17\/imprensa-do-exterior-aponta-quem-vai-substituir-gabigol-no-flamengo\/#primaryimage"},"image":{"@id":"https:\/\/www.gaveanews.com\/index.php\/2024\/11\/17\/imprensa-do-exterior-aponta-quem-vai-substituir-gabigol-no-flamengo\/#primaryimage"},"thumbnailUrl":"https:\/\/www.gaveanews.com\/wp-content\/uploads\/gabigol-flamengo-aucas.webp","datePublished":"2024-11-17T22:00:00+00:00","author":{"@id":"https:\/\/www.gaveanews.com\/#\/schema\/person\/bd08f00534b403119b92741a6d469ef0"},"breadcrumb":{"@id":"https:\/\/www.gaveanews.com\/index.php\/2024\/11\/17\/imprensa-do-exterior-aponta-quem-vai-substituir-gabigol-no-flamengo\/#breadcrumb"},"inLanguage":"pt-BR","potentialAction":[{"@type":"ReadAction","target":["https:\/\/www.gaveanews.com\/index.php\/2024\/11\/17\/imprensa-do-exterior-aponta-quem-vai-substituir-gabigol-no-flamengo\/"]}]},{"@type":"ImageObject","inLanguage":"pt-BR","@id":"https:\/\/www.gaveanews.com\/index.php\/2024\/11\/17\/imprensa-do-exterior-aponta-quem-vai-substituir-gabigol-no-flamengo\/#primaryimage","url":"https:\/\/www.gaveanews.com\/wp-content\/uploads\/gabigol-flamengo-aucas.webp","contentUrl":"https:\/\/www.gaveanews.com\/wp-content\/uploads\/gabigol-flamengo-aucas.webp","width":900,"height":597,"caption":"Gabigol em a\u00e7\u00e3o pelo Flamengo contra o Aucas (Foto: Divulga\u00e7\u00e3o\/Flamengo)"},{"@type":"BreadcrumbList","@id":"https:\/\/www.gaveanews.com\/index.php\/2024\/11\/17\/imprensa-do-exterior-aponta-quem-vai-substituir-gabigol-no-flamengo\/#breadcrumb","itemListElement":[{"@type":"ListItem","position":1,"name":"Home","item":"https:\/\/www.gaveanews.com\/"},{"@type":"ListItem","position":2,"name":"Imprensa do exterior aponta quem vai substituir Gabigol no Flamengo"}]},{"@type":"WebSite","@id":"https:\/\/www.gaveanews.com\/#website","url":"https:\/\/www.gaveanews.com\/","name":"G\u00e1vea News","description":"Veja todas as not\u00edcias sobre o Flamengo: Contrata\u00e7\u00f5es, categorias de base, resultados das partidas, tabela de classifica\u00e7\u00e3o, pr\u00f3ximos jogos!","potentialAction":[{"@type":"SearchAction","target":{"@type":"EntryPoint","urlTemplate":"https:\/\/www.gaveanews.com\/?s={search_term_string}"},"query-input":{"@type":"PropertyValueSpecification","valueRequired":true,"valueName":"search_term_string"}}],"inLanguage":"pt-BR"},{"@type":"Person","@id":"https:\/\/www.gaveanews.com\/#\/schema\/person\/bd08f00534b403119b92741a6d469ef0","name":"Hudson Pereira","image":{"@type":"ImageObject","inLanguage":"pt-BR","@id":"https:\/\/www.gaveanews.com\/#\/schema\/person\/image\/","url":"https:\/\/secure.gravatar.com\/avatar\/ecc491b489e454e510efffc9b23c1052ce5fb4f2e05555768ba65819cd55f03e?s=96&d=mm&r=g","contentUrl":"https:\/\/secure.gravatar.com\/avatar\/ecc491b489e454e510efffc9b23c1052ce5fb4f2e05555768ba65819cd55f03e?s=96&d=mm&r=g","caption":"Hudson Pereira"}}]}},"_links":{"self":[{"href":"https:\/\/www.gaveanews.com\/index.php\/wp-json\/wp\/v2\/posts\/186516","targetHints":{"allow":["GET"]}}],"collection":[{"href":"https:\/\/www.gaveanews.com\/index.php\/wp-json\/wp\/v2\/posts"}],"about":[{"href":"https:\/\/www.gaveanews.com\/index.php\/wp-json\/wp\/v2\/types\/post"}],"author":[{"embeddable":true,"href":"https:\/\/www.gaveanews.com\/index.php\/wp-json\/wp\/v2\/users\/28"}],"replies":[{"embeddable":true,"href":"https:\/\/www.gaveanews.com\/index.php\/wp-json\/wp\/v2\/comments?post=186516"}],"version-history":[{"count":3,"href":"https:\/\/www.gaveanews.com\/index.php\/wp-json\/wp\/v2\/posts\/186516\/revisions"}],"predecessor-version":[{"id":186533,"href":"https:\/\/www.gaveanews.com\/index.php\/wp-json\/wp\/v2\/posts\/186516\/revisions\/186533"}],"wp:featuredmedia":[{"embeddable":true,"href":"https:\/\/www.gaveanews.com\/index.php\/wp-json\/wp\/v2\/media\/101520"}],"wp:attachment":[{"href":"https:\/\/www.gaveanews.com\/index.php\/wp-json\/wp\/v2\/media?parent=186516"}],"wp:term":[{"taxonomy":"category","embeddable":true,"href":"https:\/\/www.gaveanews.com\/index.php\/wp-json\/wp\/v2\/categories?post=186516"},{"taxonomy":"post_tag","embeddable":true,"href":"https:\/\/www.gaveanews.com\/index.php\/wp-json\/wp\/v2\/tags?post=186516"}],"curies":[{"name":"wp","href":"https:\/\/api.w.org\/{rel}","templated":true}]}}