{"id":18678,"date":"2019-04-27T00:00:04","date_gmt":"2019-04-27T03:00:04","guid":{"rendered":"https:\/\/www.gaveanews.com\/?p=18678"},"modified":"2019-04-27T00:28:00","modified_gmt":"2019-04-27T03:28:00","slug":"veja-a-provavel-escalacao-do-flamengo-para-a-estreia-no-brasileirao-contra-o-cruzeiro","status":"publish","type":"post","link":"https:\/\/www.gaveanews.com\/index.php\/2019\/04\/27\/veja-a-provavel-escalacao-do-flamengo-para-a-estreia-no-brasileirao-contra-o-cruzeiro\/","title":{"rendered":"Veja a prov\u00e1vel escala\u00e7\u00e3o do Flamengo para a estreia no Brasileir\u00e3o, contra o Cruzeiro"},"content":{"rendered":"\n<p>O Flamengo perdeu para a LDU, do Equador, na \u00faltima quarta-feira (24), pela Libertadores, mas j\u00e1 virou a chave e agora ter\u00e1 outro embate importante pela frente, contra o Cruzeiro, desta vez pela estreia no Campeonato Brasileiro. Ap\u00f3s os exames realizados pelo departamento m\u00e9dico do clube, ficou decidido que todos os titulares estar\u00e3o \u00e0 disposi\u00e7\u00e3o do t\u00e9cnico Abel Braga para o jogo.<\/p>\n\n\n\n<p>A \u00fanica exce\u00e7\u00e3o \u00e9 para o goleiro Diego Alves, que apresentou quadro de lombalgia e desfalcar\u00e1 a equipe carioca diante dos mineiros. <\/p>\n\n\n\n<p>A informa\u00e7\u00e3o foi publicada inicialmente pelo jornal O Globo, que tamb\u00e9m contatou o vice de futebol Marcos Braz e questionou sobre a suposta mudan\u00e7a de planejamento do clube ap\u00f3s a derrota sofrida para a LDU.<\/p>\n\n\n\n<p>\u2013 Antes do jogo conversamos que depois de voltar avaliar\u00edamos isso (sobre utilizar reservas ou titulares na estreia). N\u00e3o houve planejamento alterado por conta do resultado -, afirmou o dirigente ao portal.<\/p>\n\n\n\n<p>Dessa forma, a prov\u00e1vel equipe que encara o Cruzeiro, neste s\u00e1bado (27), ser\u00e1: C\u00e9sar, Par\u00e1, L\u00e9o Duarte, Rodrigo Caio e Ren\u00ea; Cu\u00e9llar, Willian Ar\u00e3o, Arrascaeta; Everton Ribeiro, Bruno Henrique e Gabigol. A partida ser\u00e1 disputada no Maracan\u00e3, \u00e0s 21h (hor\u00e1rio de Bras\u00edlia), e tamb\u00e9m marca a despedida do zagueiro Juan dos gramados.<\/p>\n\n\n\n\n\n<p>Retirado de: Coluna do Flamengo<\/p>\n","protected":false},"excerpt":{"rendered":"<p>O Flamengo perdeu para a LDU, do Equador, na \u00faltima quarta-feira (24), pela Libertadores, mas j\u00e1 virou a chave e agora ter\u00e1 outro embate importante pela frente, contra o Cruzeiro, desta vez pela estreia no Campeonato Brasileiro. Ap\u00f3s os exames realizados pelo departamento m\u00e9dico do clube, ficou decidido que todos os titulares estar\u00e3o \u00e0 disposi\u00e7\u00e3o [&hellip;]<\/p>\n","protected":false},"author":1,"featured_media":16362,"comment_status":"open","ping_status":"open","sticky":false,"template":"","format":"standard","meta":{"footnotes":""},"categories":[1],"tags":[],"class_list":["post-18678","post","type-post","status-publish","format-standard","has-post-thumbnail","hentry","category-flamengo"],"yoast_head":"<!-- This site is optimized with the Yoast SEO Premium plugin v24.2 (Yoast SEO v26.9) - https:\/\/yoast.com\/product\/yoast-seo-premium-wordpress\/ -->\n<title>Veja a prov\u00e1vel escala\u00e7\u00e3o do Flamengo para a estreia no Brasileir\u00e3o, contra o Cruzeiro<\/title>\n<meta name=\"robots\" content=\"index, follow, max-snippet:-1, max-image-preview:large, max-video-preview:-1\" \/>\n<link rel=\"canonical\" href=\"https:\/\/www.gaveanews.com\/index.php\/2019\/04\/27\/veja-a-provavel-escalacao-do-flamengo-para-a-estreia-no-brasileirao-contra-o-cruzeiro\/\" \/>\n<meta property=\"og:locale\" content=\"pt_BR\" \/>\n<meta property=\"og:type\" content=\"article\" \/>\n<meta property=\"og:title\" content=\"Veja a prov\u00e1vel escala\u00e7\u00e3o do Flamengo para a estreia no Brasileir\u00e3o, contra o Cruzeiro\" \/>\n<meta property=\"og:description\" content=\"O Flamengo perdeu para a LDU, do Equador, na \u00faltima quarta-feira (24), pela Libertadores, mas j\u00e1 virou a chave e agora ter\u00e1 outro embate importante pela frente, contra o Cruzeiro, desta vez pela estreia no Campeonato Brasileiro. Ap\u00f3s os exames realizados pelo departamento m\u00e9dico do clube, ficou decidido que todos os titulares estar\u00e3o \u00e0 disposi\u00e7\u00e3o [&hellip;]\" \/>\n<meta property=\"og:url\" content=\"https:\/\/www.gaveanews.com\/index.php\/2019\/04\/27\/veja-a-provavel-escalacao-do-flamengo-para-a-estreia-no-brasileirao-contra-o-cruzeiro\/\" \/>\n<meta property=\"og:site_name\" content=\"G\u00e1vea News\" \/>\n<meta property=\"article:publisher\" content=\"https:\/\/facebook.com\/gaveaNews\/\" \/>\n<meta property=\"article:published_time\" content=\"2019-04-27T03:00:04+00:00\" \/>\n<meta property=\"article:modified_time\" content=\"2019-04-27T03:28:00+00:00\" \/>\n<meta property=\"og:image\" content=\"https:\/\/www.gaveanews.com\/wp-content\/uploads\/2019\/03\/Para-receber-orientacoes-jogadores-do-Flamengo-fazem-uma-rodinha-em-um-campo-do-Ninho-do-Urubu.webp\" \/>\n\t<meta property=\"og:image:width\" content=\"1\" \/>\n\t<meta property=\"og:image:height\" content=\"1\" \/>\n\t<meta property=\"og:image:type\" content=\"image\/jpeg\" \/>\n<meta name=\"author\" content=\"Equipe G\u00e1vea News\" \/>\n<meta name=\"twitter:card\" content=\"summary_large_image\" \/>\n<meta name=\"twitter:label1\" content=\"Escrito por\" \/>\n\t<meta name=\"twitter:data1\" content=\"Equipe G\u00e1vea News\" \/>\n\t<meta name=\"twitter:label2\" content=\"Est. tempo de leitura\" \/>\n\t<meta name=\"twitter:data2\" content=\"1 minuto\" \/>\n<script type=\"application\/ld+json\" class=\"yoast-schema-graph\">{\"@context\":\"https:\/\/schema.org\",\"@graph\":[{\"@type\":\"NewsArticle\",\"@id\":\"https:\/\/www.gaveanews.com\/index.php\/2019\/04\/27\/veja-a-provavel-escalacao-do-flamengo-para-a-estreia-no-brasileirao-contra-o-cruzeiro\/#article\",\"isPartOf\":{\"@id\":\"https:\/\/www.gaveanews.com\/index.php\/2019\/04\/27\/veja-a-provavel-escalacao-do-flamengo-para-a-estreia-no-brasileirao-contra-o-cruzeiro\/\"},\"author\":{\"name\":\"Equipe G\u00e1vea News\",\"@id\":\"https:\/\/www.gaveanews.com\/#\/schema\/person\/2ec14f73fb96be2caf28f91afb14749d\"},\"headline\":\"Veja a prov\u00e1vel escala\u00e7\u00e3o do Flamengo para a estreia no Brasileir\u00e3o, contra o Cruzeiro\",\"datePublished\":\"2019-04-27T03:00:04+00:00\",\"dateModified\":\"2019-04-27T03:28:00+00:00\",\"mainEntityOfPage\":{\"@id\":\"https:\/\/www.gaveanews.com\/index.php\/2019\/04\/27\/veja-a-provavel-escalacao-do-flamengo-para-a-estreia-no-brasileirao-contra-o-cruzeiro\/\"},\"wordCount\":241,\"commentCount\":0,\"image\":{\"@id\":\"https:\/\/www.gaveanews.com\/index.php\/2019\/04\/27\/veja-a-provavel-escalacao-do-flamengo-para-a-estreia-no-brasileirao-contra-o-cruzeiro\/#primaryimage\"},\"thumbnailUrl\":\"https:\/\/www.gaveanews.com\/wp-content\/uploads\/2019\/03\/Para-receber-orientacoes-jogadores-do-Flamengo-fazem-uma-rodinha-em-um-campo-do-Ninho-do-Urubu.webp\",\"articleSection\":[\"Flamengo\"],\"inLanguage\":\"pt-BR\",\"potentialAction\":[{\"@type\":\"CommentAction\",\"name\":\"Comment\",\"target\":[\"https:\/\/www.gaveanews.com\/index.php\/2019\/04\/27\/veja-a-provavel-escalacao-do-flamengo-para-a-estreia-no-brasileirao-contra-o-cruzeiro\/#respond\"]}],\"copyrightYear\":\"2019\",\"copyrightHolder\":{\"@id\":\"https:\/\/www.gaveanews.com\/#organization\"}},{\"@type\":\"WebPage\",\"@id\":\"https:\/\/www.gaveanews.com\/index.php\/2019\/04\/27\/veja-a-provavel-escalacao-do-flamengo-para-a-estreia-no-brasileirao-contra-o-cruzeiro\/\",\"url\":\"https:\/\/www.gaveanews.com\/index.php\/2019\/04\/27\/veja-a-provavel-escalacao-do-flamengo-para-a-estreia-no-brasileirao-contra-o-cruzeiro\/\",\"name\":\"Veja a prov\u00e1vel escala\u00e7\u00e3o do Flamengo para a estreia no Brasileir\u00e3o, contra o Cruzeiro\",\"isPartOf\":{\"@id\":\"https:\/\/www.gaveanews.com\/#website\"},\"primaryImageOfPage\":{\"@id\":\"https:\/\/www.gaveanews.com\/index.php\/2019\/04\/27\/veja-a-provavel-escalacao-do-flamengo-para-a-estreia-no-brasileirao-contra-o-cruzeiro\/#primaryimage\"},\"image\":{\"@id\":\"https:\/\/www.gaveanews.com\/index.php\/2019\/04\/27\/veja-a-provavel-escalacao-do-flamengo-para-a-estreia-no-brasileirao-contra-o-cruzeiro\/#primaryimage\"},\"thumbnailUrl\":\"https:\/\/www.gaveanews.com\/wp-content\/uploads\/2019\/03\/Para-receber-orientacoes-jogadores-do-Flamengo-fazem-uma-rodinha-em-um-campo-do-Ninho-do-Urubu.webp\",\"datePublished\":\"2019-04-27T03:00:04+00:00\",\"dateModified\":\"2019-04-27T03:28:00+00:00\",\"author\":{\"@id\":\"https:\/\/www.gaveanews.com\/#\/schema\/person\/2ec14f73fb96be2caf28f91afb14749d\"},\"breadcrumb\":{\"@id\":\"https:\/\/www.gaveanews.com\/index.php\/2019\/04\/27\/veja-a-provavel-escalacao-do-flamengo-para-a-estreia-no-brasileirao-contra-o-cruzeiro\/#breadcrumb\"},\"inLanguage\":\"pt-BR\",\"potentialAction\":[{\"@type\":\"ReadAction\",\"target\":[\"https:\/\/www.gaveanews.com\/index.php\/2019\/04\/27\/veja-a-provavel-escalacao-do-flamengo-para-a-estreia-no-brasileirao-contra-o-cruzeiro\/\"]}]},{\"@type\":\"ImageObject\",\"inLanguage\":\"pt-BR\",\"@id\":\"https:\/\/www.gaveanews.com\/index.php\/2019\/04\/27\/veja-a-provavel-escalacao-do-flamengo-para-a-estreia-no-brasileirao-contra-o-cruzeiro\/#primaryimage\",\"url\":\"https:\/\/www.gaveanews.com\/wp-content\/uploads\/2019\/03\/Para-receber-orientacoes-jogadores-do-Flamengo-fazem-uma-rodinha-em-um-campo-do-Ninho-do-Urubu.webp\",\"contentUrl\":\"https:\/\/www.gaveanews.com\/wp-content\/uploads\/2019\/03\/Para-receber-orientacoes-jogadores-do-Flamengo-fazem-uma-rodinha-em-um-campo-do-Ninho-do-Urubu.webp\",\"caption\":\"Para receber orienta\u00e7\u00f5es, jogadores do Flamengo fazem uma rodinha em um campo do Ninho do Urubu (Foto: Alexandre Vidal\/Flamengo)\"},{\"@type\":\"BreadcrumbList\",\"@id\":\"https:\/\/www.gaveanews.com\/index.php\/2019\/04\/27\/veja-a-provavel-escalacao-do-flamengo-para-a-estreia-no-brasileirao-contra-o-cruzeiro\/#breadcrumb\",\"itemListElement\":[{\"@type\":\"ListItem\",\"position\":1,\"name\":\"Home\",\"item\":\"https:\/\/www.gaveanews.com\/\"},{\"@type\":\"ListItem\",\"position\":2,\"name\":\"Veja a prov\u00e1vel escala\u00e7\u00e3o do Flamengo para a estreia no Brasileir\u00e3o, contra o Cruzeiro\"}]},{\"@type\":\"WebSite\",\"@id\":\"https:\/\/www.gaveanews.com\/#website\",\"url\":\"https:\/\/www.gaveanews.com\/\",\"name\":\"G\u00e1vea News\",\"description\":\"Veja todas as not\u00edcias sobre o Flamengo: Contrata\u00e7\u00f5es, categorias de base, resultados das partidas, tabela de classifica\u00e7\u00e3o, pr\u00f3ximos jogos!\",\"potentialAction\":[{\"@type\":\"SearchAction\",\"target\":{\"@type\":\"EntryPoint\",\"urlTemplate\":\"https:\/\/www.gaveanews.com\/?s={search_term_string}\"},\"query-input\":{\"@type\":\"PropertyValueSpecification\",\"valueRequired\":true,\"valueName\":\"search_term_string\"}}],\"inLanguage\":\"pt-BR\"},{\"@type\":\"Person\",\"@id\":\"https:\/\/www.gaveanews.com\/#\/schema\/person\/2ec14f73fb96be2caf28f91afb14749d\",\"name\":\"Equipe G\u00e1vea News\",\"image\":{\"@type\":\"ImageObject\",\"inLanguage\":\"pt-BR\",\"@id\":\"https:\/\/www.gaveanews.com\/#\/schema\/person\/image\/\",\"url\":\"https:\/\/secure.gravatar.com\/avatar\/1e1956f1facbffd3f8fa53a326721950116b3b9dc9bd44939c01180fd4a745a9?s=96&d=mm&r=g\",\"contentUrl\":\"https:\/\/secure.gravatar.com\/avatar\/1e1956f1facbffd3f8fa53a326721950116b3b9dc9bd44939c01180fd4a745a9?s=96&d=mm&r=g\",\"caption\":\"Equipe G\u00e1vea News\"}}]}<\/script>\n<!-- \/ Yoast SEO Premium plugin. -->","yoast_head_json":{"title":"Veja a prov\u00e1vel escala\u00e7\u00e3o do Flamengo para a estreia no Brasileir\u00e3o, contra o Cruzeiro","robots":{"index":"index","follow":"follow","max-snippet":"max-snippet:-1","max-image-preview":"max-image-preview:large","max-video-preview":"max-video-preview:-1"},"canonical":"https:\/\/www.gaveanews.com\/index.php\/2019\/04\/27\/veja-a-provavel-escalacao-do-flamengo-para-a-estreia-no-brasileirao-contra-o-cruzeiro\/","og_locale":"pt_BR","og_type":"article","og_title":"Veja a prov\u00e1vel escala\u00e7\u00e3o do Flamengo para a estreia no Brasileir\u00e3o, contra o Cruzeiro","og_description":"O Flamengo perdeu para a LDU, do Equador, na \u00faltima quarta-feira (24), pela Libertadores, mas j\u00e1 virou a chave e agora ter\u00e1 outro embate importante pela frente, contra o Cruzeiro, desta vez pela estreia no Campeonato Brasileiro. Ap\u00f3s os exames realizados pelo departamento m\u00e9dico do clube, ficou decidido que todos os titulares estar\u00e3o \u00e0 disposi\u00e7\u00e3o [&hellip;]","og_url":"https:\/\/www.gaveanews.com\/index.php\/2019\/04\/27\/veja-a-provavel-escalacao-do-flamengo-para-a-estreia-no-brasileirao-contra-o-cruzeiro\/","og_site_name":"G\u00e1vea News","article_publisher":"https:\/\/facebook.com\/gaveaNews\/","article_published_time":"2019-04-27T03:00:04+00:00","article_modified_time":"2019-04-27T03:28:00+00:00","og_image":[{"url":"https:\/\/www.gaveanews.com\/wp-content\/uploads\/2019\/03\/Para-receber-orientacoes-jogadores-do-Flamengo-fazem-uma-rodinha-em-um-campo-do-Ninho-do-Urubu.webp","width":1,"height":1,"type":"image\/jpeg"}],"author":"Equipe G\u00e1vea News","twitter_card":"summary_large_image","twitter_misc":{"Escrito por":"Equipe G\u00e1vea News","Est. tempo de leitura":"1 minuto"},"schema":{"@context":"https:\/\/schema.org","@graph":[{"@type":"NewsArticle","@id":"https:\/\/www.gaveanews.com\/index.php\/2019\/04\/27\/veja-a-provavel-escalacao-do-flamengo-para-a-estreia-no-brasileirao-contra-o-cruzeiro\/#article","isPartOf":{"@id":"https:\/\/www.gaveanews.com\/index.php\/2019\/04\/27\/veja-a-provavel-escalacao-do-flamengo-para-a-estreia-no-brasileirao-contra-o-cruzeiro\/"},"author":{"name":"Equipe G\u00e1vea News","@id":"https:\/\/www.gaveanews.com\/#\/schema\/person\/2ec14f73fb96be2caf28f91afb14749d"},"headline":"Veja a prov\u00e1vel escala\u00e7\u00e3o do Flamengo para a estreia no Brasileir\u00e3o, contra o Cruzeiro","datePublished":"2019-04-27T03:00:04+00:00","dateModified":"2019-04-27T03:28:00+00:00","mainEntityOfPage":{"@id":"https:\/\/www.gaveanews.com\/index.php\/2019\/04\/27\/veja-a-provavel-escalacao-do-flamengo-para-a-estreia-no-brasileirao-contra-o-cruzeiro\/"},"wordCount":241,"commentCount":0,"image":{"@id":"https:\/\/www.gaveanews.com\/index.php\/2019\/04\/27\/veja-a-provavel-escalacao-do-flamengo-para-a-estreia-no-brasileirao-contra-o-cruzeiro\/#primaryimage"},"thumbnailUrl":"https:\/\/www.gaveanews.com\/wp-content\/uploads\/2019\/03\/Para-receber-orientacoes-jogadores-do-Flamengo-fazem-uma-rodinha-em-um-campo-do-Ninho-do-Urubu.webp","articleSection":["Flamengo"],"inLanguage":"pt-BR","potentialAction":[{"@type":"CommentAction","name":"Comment","target":["https:\/\/www.gaveanews.com\/index.php\/2019\/04\/27\/veja-a-provavel-escalacao-do-flamengo-para-a-estreia-no-brasileirao-contra-o-cruzeiro\/#respond"]}],"copyrightYear":"2019","copyrightHolder":{"@id":"https:\/\/www.gaveanews.com\/#organization"}},{"@type":"WebPage","@id":"https:\/\/www.gaveanews.com\/index.php\/2019\/04\/27\/veja-a-provavel-escalacao-do-flamengo-para-a-estreia-no-brasileirao-contra-o-cruzeiro\/","url":"https:\/\/www.gaveanews.com\/index.php\/2019\/04\/27\/veja-a-provavel-escalacao-do-flamengo-para-a-estreia-no-brasileirao-contra-o-cruzeiro\/","name":"Veja a prov\u00e1vel escala\u00e7\u00e3o do Flamengo para a estreia no Brasileir\u00e3o, contra o Cruzeiro","isPartOf":{"@id":"https:\/\/www.gaveanews.com\/#website"},"primaryImageOfPage":{"@id":"https:\/\/www.gaveanews.com\/index.php\/2019\/04\/27\/veja-a-provavel-escalacao-do-flamengo-para-a-estreia-no-brasileirao-contra-o-cruzeiro\/#primaryimage"},"image":{"@id":"https:\/\/www.gaveanews.com\/index.php\/2019\/04\/27\/veja-a-provavel-escalacao-do-flamengo-para-a-estreia-no-brasileirao-contra-o-cruzeiro\/#primaryimage"},"thumbnailUrl":"https:\/\/www.gaveanews.com\/wp-content\/uploads\/2019\/03\/Para-receber-orientacoes-jogadores-do-Flamengo-fazem-uma-rodinha-em-um-campo-do-Ninho-do-Urubu.webp","datePublished":"2019-04-27T03:00:04+00:00","dateModified":"2019-04-27T03:28:00+00:00","author":{"@id":"https:\/\/www.gaveanews.com\/#\/schema\/person\/2ec14f73fb96be2caf28f91afb14749d"},"breadcrumb":{"@id":"https:\/\/www.gaveanews.com\/index.php\/2019\/04\/27\/veja-a-provavel-escalacao-do-flamengo-para-a-estreia-no-brasileirao-contra-o-cruzeiro\/#breadcrumb"},"inLanguage":"pt-BR","potentialAction":[{"@type":"ReadAction","target":["https:\/\/www.gaveanews.com\/index.php\/2019\/04\/27\/veja-a-provavel-escalacao-do-flamengo-para-a-estreia-no-brasileirao-contra-o-cruzeiro\/"]}]},{"@type":"ImageObject","inLanguage":"pt-BR","@id":"https:\/\/www.gaveanews.com\/index.php\/2019\/04\/27\/veja-a-provavel-escalacao-do-flamengo-para-a-estreia-no-brasileirao-contra-o-cruzeiro\/#primaryimage","url":"https:\/\/www.gaveanews.com\/wp-content\/uploads\/2019\/03\/Para-receber-orientacoes-jogadores-do-Flamengo-fazem-uma-rodinha-em-um-campo-do-Ninho-do-Urubu.webp","contentUrl":"https:\/\/www.gaveanews.com\/wp-content\/uploads\/2019\/03\/Para-receber-orientacoes-jogadores-do-Flamengo-fazem-uma-rodinha-em-um-campo-do-Ninho-do-Urubu.webp","caption":"Para receber orienta\u00e7\u00f5es, jogadores do Flamengo fazem uma rodinha em um campo do Ninho do Urubu (Foto: Alexandre Vidal\/Flamengo)"},{"@type":"BreadcrumbList","@id":"https:\/\/www.gaveanews.com\/index.php\/2019\/04\/27\/veja-a-provavel-escalacao-do-flamengo-para-a-estreia-no-brasileirao-contra-o-cruzeiro\/#breadcrumb","itemListElement":[{"@type":"ListItem","position":1,"name":"Home","item":"https:\/\/www.gaveanews.com\/"},{"@type":"ListItem","position":2,"name":"Veja a prov\u00e1vel escala\u00e7\u00e3o do Flamengo para a estreia no Brasileir\u00e3o, contra o Cruzeiro"}]},{"@type":"WebSite","@id":"https:\/\/www.gaveanews.com\/#website","url":"https:\/\/www.gaveanews.com\/","name":"G\u00e1vea News","description":"Veja todas as not\u00edcias sobre o Flamengo: Contrata\u00e7\u00f5es, categorias de base, resultados das partidas, tabela de classifica\u00e7\u00e3o, pr\u00f3ximos jogos!","potentialAction":[{"@type":"SearchAction","target":{"@type":"EntryPoint","urlTemplate":"https:\/\/www.gaveanews.com\/?s={search_term_string}"},"query-input":{"@type":"PropertyValueSpecification","valueRequired":true,"valueName":"search_term_string"}}],"inLanguage":"pt-BR"},{"@type":"Person","@id":"https:\/\/www.gaveanews.com\/#\/schema\/person\/2ec14f73fb96be2caf28f91afb14749d","name":"Equipe G\u00e1vea News","image":{"@type":"ImageObject","inLanguage":"pt-BR","@id":"https:\/\/www.gaveanews.com\/#\/schema\/person\/image\/","url":"https:\/\/secure.gravatar.com\/avatar\/1e1956f1facbffd3f8fa53a326721950116b3b9dc9bd44939c01180fd4a745a9?s=96&d=mm&r=g","contentUrl":"https:\/\/secure.gravatar.com\/avatar\/1e1956f1facbffd3f8fa53a326721950116b3b9dc9bd44939c01180fd4a745a9?s=96&d=mm&r=g","caption":"Equipe G\u00e1vea News"}}]}},"_links":{"self":[{"href":"https:\/\/www.gaveanews.com\/index.php\/wp-json\/wp\/v2\/posts\/18678","targetHints":{"allow":["GET"]}}],"collection":[{"href":"https:\/\/www.gaveanews.com\/index.php\/wp-json\/wp\/v2\/posts"}],"about":[{"href":"https:\/\/www.gaveanews.com\/index.php\/wp-json\/wp\/v2\/types\/post"}],"author":[{"embeddable":true,"href":"https:\/\/www.gaveanews.com\/index.php\/wp-json\/wp\/v2\/users\/1"}],"replies":[{"embeddable":true,"href":"https:\/\/www.gaveanews.com\/index.php\/wp-json\/wp\/v2\/comments?post=18678"}],"version-history":[{"count":0,"href":"https:\/\/www.gaveanews.com\/index.php\/wp-json\/wp\/v2\/posts\/18678\/revisions"}],"wp:featuredmedia":[{"embeddable":true,"href":"https:\/\/www.gaveanews.com\/index.php\/wp-json\/wp\/v2\/media\/16362"}],"wp:attachment":[{"href":"https:\/\/www.gaveanews.com\/index.php\/wp-json\/wp\/v2\/media?parent=18678"}],"wp:term":[{"taxonomy":"category","embeddable":true,"href":"https:\/\/www.gaveanews.com\/index.php\/wp-json\/wp\/v2\/categories?post=18678"},{"taxonomy":"post_tag","embeddable":true,"href":"https:\/\/www.gaveanews.com\/index.php\/wp-json\/wp\/v2\/tags?post=18678"}],"curies":[{"name":"wp","href":"https:\/\/api.w.org\/{rel}","templated":true}]}}