{"id":18706,"date":"2019-04-27T10:00:58","date_gmt":"2019-04-27T13:00:58","guid":{"rendered":"https:\/\/www.gaveanews.com\/?p=18706"},"modified":"2019-04-28T03:13:21","modified_gmt":"2019-04-28T06:13:21","slug":"internacional-descarta-negociacao-e-flamengo-fica-com-caminho-livre-por-meio-campista-pedido-por-abel","status":"publish","type":"post","link":"https:\/\/www.gaveanews.com\/index.php\/2019\/04\/27\/internacional-descarta-negociacao-e-flamengo-fica-com-caminho-livre-por-meio-campista-pedido-por-abel\/","title":{"rendered":"Internacional descarta negocia\u00e7\u00e3o, e Flamengo fica com caminho livre por meio-campista pedido por Abel"},"content":{"rendered":"\n<p>Especulado recentemente no Flamengo, o meio- campista Charles Ar\u00e1nguiz tamb\u00e9m tinha seu nome ligado ao Internacional, clube em que defendia no Brasil antes de se transferir para o Bayer Leverkusen, da Alemanha. <\/p>\n\n\n\n<p>Entretanto, Roberto Melo, vice-presidente de futebol do Colorado, admitiu que o retorno do chileno \u00e9 considerado improv\u00e1vel por conta dos altos valores envolvidos, deixando o caminho livre para uma poss\u00edvel investida rubro-negra.<\/p>\n\n\n\n<p>\u2013 Ele tem mais um ano de contrato e o clube alem\u00e3o pagou bastante. Para liberar ele seria uma opera\u00e7\u00e3o de cerca de 6,7 milh\u00f5es de euros. \u00c9 uma opera\u00e7\u00e3o muito dif\u00edcil e ele tem interesse de permanecer na Europa -, revelou o dirigente ap\u00f3s a partida do Internacional contra o Alianza Lima, do Peru, pela Libertadores.<\/p>\n\n\n\n<p>A contrata\u00e7\u00e3o de Ar\u00e1nguiz vem sendo analisada pela diretoria rubro-negra ap\u00f3s ter sido pedida pelo t\u00e9cnico Abel Braga. Apesar de sondar a situa\u00e7\u00e3o do atleta, que viria para disputar vaga com Willian Ar\u00e3o e Ronaldo, o departamento de futebol tamb\u00e9m estuda outras possibilidades no mercado.<\/p>\n\n\n\n<p>No Bayer Leverkusen, Charles Ar\u00e1nguiz soma 99 partidas e oito gols marcados desde que foi contratado junto ao Internacional, em 2015. Al\u00e9m disso, o atleta acumula duas conquistas da Copa Am\u00e9rica com a sele\u00e7\u00e3o chilena e tamb\u00e9m carrega em sua carreira um t\u00edtulo da Copa Sul-Americana.<\/p>\n\n\n\n\n\n<p>Retirado de: Coluna do Flamengo<\/p>\n","protected":false},"excerpt":{"rendered":"<p>Especulado recentemente no Flamengo, o meio- campista Charles Ar\u00e1nguiz tamb\u00e9m tinha seu nome ligado ao Internacional, clube em que defendia no Brasil antes de se transferir para o Bayer Leverkusen, da Alemanha. Entretanto, Roberto Melo, vice-presidente de futebol do Colorado, admitiu que o retorno do chileno \u00e9 considerado improv\u00e1vel por conta dos altos valores envolvidos, [&hellip;]<\/p>\n","protected":false},"author":1,"featured_media":18083,"comment_status":"open","ping_status":"open","sticky":false,"template":"","format":"standard","meta":{"footnotes":""},"categories":[1],"tags":[],"class_list":["post-18706","post","type-post","status-publish","format-standard","has-post-thumbnail","hentry","category-flamengo"],"yoast_head":"<!-- This site is optimized with the Yoast SEO Premium plugin v24.2 (Yoast SEO v26.9) - https:\/\/yoast.com\/product\/yoast-seo-premium-wordpress\/ -->\n<title>Internacional descarta negocia\u00e7\u00e3o, e Flamengo fica com caminho livre por meio-campista pedido por Abel<\/title>\n<meta name=\"robots\" content=\"index, follow, max-snippet:-1, max-image-preview:large, max-video-preview:-1\" \/>\n<link rel=\"canonical\" href=\"https:\/\/www.gaveanews.com\/index.php\/2019\/04\/27\/internacional-descarta-negociacao-e-flamengo-fica-com-caminho-livre-por-meio-campista-pedido-por-abel\/\" \/>\n<meta property=\"og:locale\" content=\"pt_BR\" \/>\n<meta property=\"og:type\" content=\"article\" \/>\n<meta property=\"og:title\" content=\"Internacional descarta negocia\u00e7\u00e3o, e Flamengo fica com caminho livre por meio-campista pedido por Abel\" \/>\n<meta property=\"og:description\" content=\"Especulado recentemente no Flamengo, o meio- campista Charles Ar\u00e1nguiz tamb\u00e9m tinha seu nome ligado ao Internacional, clube em que defendia no Brasil antes de se transferir para o Bayer Leverkusen, da Alemanha. Entretanto, Roberto Melo, vice-presidente de futebol do Colorado, admitiu que o retorno do chileno \u00e9 considerado improv\u00e1vel por conta dos altos valores envolvidos, [&hellip;]\" \/>\n<meta property=\"og:url\" content=\"https:\/\/www.gaveanews.com\/index.php\/2019\/04\/27\/internacional-descarta-negociacao-e-flamengo-fica-com-caminho-livre-por-meio-campista-pedido-por-abel\/\" \/>\n<meta property=\"og:site_name\" content=\"G\u00e1vea News\" \/>\n<meta property=\"article:publisher\" content=\"https:\/\/facebook.com\/gaveaNews\/\" \/>\n<meta property=\"article:published_time\" content=\"2019-04-27T13:00:58+00:00\" \/>\n<meta property=\"article:modified_time\" content=\"2019-04-28T06:13:21+00:00\" \/>\n<meta property=\"og:image\" content=\"https:\/\/www.gaveanews.com\/wp-content\/uploads\/2019\/04\/Charles-Aranguiz-em-acao-pelo-Bayer-Leverkusen.webp\" \/>\n\t<meta property=\"og:image:width\" content=\"1\" \/>\n\t<meta property=\"og:image:height\" content=\"1\" \/>\n\t<meta property=\"og:image:type\" content=\"image\/jpeg\" \/>\n<meta name=\"author\" content=\"Equipe G\u00e1vea News\" \/>\n<meta name=\"twitter:card\" content=\"summary_large_image\" \/>\n<meta name=\"twitter:label1\" content=\"Escrito por\" \/>\n\t<meta name=\"twitter:data1\" content=\"Equipe G\u00e1vea News\" \/>\n\t<meta name=\"twitter:label2\" content=\"Est. tempo de leitura\" \/>\n\t<meta name=\"twitter:data2\" content=\"1 minuto\" \/>\n<script type=\"application\/ld+json\" class=\"yoast-schema-graph\">{\"@context\":\"https:\/\/schema.org\",\"@graph\":[{\"@type\":\"NewsArticle\",\"@id\":\"https:\/\/www.gaveanews.com\/index.php\/2019\/04\/27\/internacional-descarta-negociacao-e-flamengo-fica-com-caminho-livre-por-meio-campista-pedido-por-abel\/#article\",\"isPartOf\":{\"@id\":\"https:\/\/www.gaveanews.com\/index.php\/2019\/04\/27\/internacional-descarta-negociacao-e-flamengo-fica-com-caminho-livre-por-meio-campista-pedido-por-abel\/\"},\"author\":{\"name\":\"Equipe G\u00e1vea News\",\"@id\":\"https:\/\/www.gaveanews.com\/#\/schema\/person\/2ec14f73fb96be2caf28f91afb14749d\"},\"headline\":\"Internacional descarta negocia\u00e7\u00e3o, e Flamengo fica com caminho livre por meio-campista pedido por Abel\",\"datePublished\":\"2019-04-27T13:00:58+00:00\",\"dateModified\":\"2019-04-28T06:13:21+00:00\",\"mainEntityOfPage\":{\"@id\":\"https:\/\/www.gaveanews.com\/index.php\/2019\/04\/27\/internacional-descarta-negociacao-e-flamengo-fica-com-caminho-livre-por-meio-campista-pedido-por-abel\/\"},\"wordCount\":249,\"commentCount\":0,\"image\":{\"@id\":\"https:\/\/www.gaveanews.com\/index.php\/2019\/04\/27\/internacional-descarta-negociacao-e-flamengo-fica-com-caminho-livre-por-meio-campista-pedido-por-abel\/#primaryimage\"},\"thumbnailUrl\":\"https:\/\/www.gaveanews.com\/wp-content\/uploads\/2019\/04\/Charles-Aranguiz-em-acao-pelo-Bayer-Leverkusen.webp\",\"articleSection\":[\"Flamengo\"],\"inLanguage\":\"pt-BR\",\"potentialAction\":[{\"@type\":\"CommentAction\",\"name\":\"Comment\",\"target\":[\"https:\/\/www.gaveanews.com\/index.php\/2019\/04\/27\/internacional-descarta-negociacao-e-flamengo-fica-com-caminho-livre-por-meio-campista-pedido-por-abel\/#respond\"]}],\"copyrightYear\":\"2019\",\"copyrightHolder\":{\"@id\":\"https:\/\/www.gaveanews.com\/#organization\"}},{\"@type\":\"WebPage\",\"@id\":\"https:\/\/www.gaveanews.com\/index.php\/2019\/04\/27\/internacional-descarta-negociacao-e-flamengo-fica-com-caminho-livre-por-meio-campista-pedido-por-abel\/\",\"url\":\"https:\/\/www.gaveanews.com\/index.php\/2019\/04\/27\/internacional-descarta-negociacao-e-flamengo-fica-com-caminho-livre-por-meio-campista-pedido-por-abel\/\",\"name\":\"Internacional descarta negocia\u00e7\u00e3o, e Flamengo fica com caminho livre por meio-campista pedido por Abel\",\"isPartOf\":{\"@id\":\"https:\/\/www.gaveanews.com\/#website\"},\"primaryImageOfPage\":{\"@id\":\"https:\/\/www.gaveanews.com\/index.php\/2019\/04\/27\/internacional-descarta-negociacao-e-flamengo-fica-com-caminho-livre-por-meio-campista-pedido-por-abel\/#primaryimage\"},\"image\":{\"@id\":\"https:\/\/www.gaveanews.com\/index.php\/2019\/04\/27\/internacional-descarta-negociacao-e-flamengo-fica-com-caminho-livre-por-meio-campista-pedido-por-abel\/#primaryimage\"},\"thumbnailUrl\":\"https:\/\/www.gaveanews.com\/wp-content\/uploads\/2019\/04\/Charles-Aranguiz-em-acao-pelo-Bayer-Leverkusen.webp\",\"datePublished\":\"2019-04-27T13:00:58+00:00\",\"dateModified\":\"2019-04-28T06:13:21+00:00\",\"author\":{\"@id\":\"https:\/\/www.gaveanews.com\/#\/schema\/person\/2ec14f73fb96be2caf28f91afb14749d\"},\"breadcrumb\":{\"@id\":\"https:\/\/www.gaveanews.com\/index.php\/2019\/04\/27\/internacional-descarta-negociacao-e-flamengo-fica-com-caminho-livre-por-meio-campista-pedido-por-abel\/#breadcrumb\"},\"inLanguage\":\"pt-BR\",\"potentialAction\":[{\"@type\":\"ReadAction\",\"target\":[\"https:\/\/www.gaveanews.com\/index.php\/2019\/04\/27\/internacional-descarta-negociacao-e-flamengo-fica-com-caminho-livre-por-meio-campista-pedido-por-abel\/\"]}]},{\"@type\":\"ImageObject\",\"inLanguage\":\"pt-BR\",\"@id\":\"https:\/\/www.gaveanews.com\/index.php\/2019\/04\/27\/internacional-descarta-negociacao-e-flamengo-fica-com-caminho-livre-por-meio-campista-pedido-por-abel\/#primaryimage\",\"url\":\"https:\/\/www.gaveanews.com\/wp-content\/uploads\/2019\/04\/Charles-Aranguiz-em-acao-pelo-Bayer-Leverkusen.webp\",\"contentUrl\":\"https:\/\/www.gaveanews.com\/wp-content\/uploads\/2019\/04\/Charles-Aranguiz-em-acao-pelo-Bayer-Leverkusen.webp\",\"caption\":\"Charles Ar\u00e1nguiz em a\u00e7\u00e3o pelo Bayer Leverkusen (Foto: Getty Images)\"},{\"@type\":\"BreadcrumbList\",\"@id\":\"https:\/\/www.gaveanews.com\/index.php\/2019\/04\/27\/internacional-descarta-negociacao-e-flamengo-fica-com-caminho-livre-por-meio-campista-pedido-por-abel\/#breadcrumb\",\"itemListElement\":[{\"@type\":\"ListItem\",\"position\":1,\"name\":\"Home\",\"item\":\"https:\/\/www.gaveanews.com\/\"},{\"@type\":\"ListItem\",\"position\":2,\"name\":\"Internacional descarta negocia\u00e7\u00e3o, e Flamengo fica com caminho livre por meio-campista pedido por Abel\"}]},{\"@type\":\"WebSite\",\"@id\":\"https:\/\/www.gaveanews.com\/#website\",\"url\":\"https:\/\/www.gaveanews.com\/\",\"name\":\"G\u00e1vea News\",\"description\":\"Veja todas as not\u00edcias sobre o Flamengo: Contrata\u00e7\u00f5es, categorias de base, resultados das partidas, tabela de classifica\u00e7\u00e3o, pr\u00f3ximos jogos!\",\"potentialAction\":[{\"@type\":\"SearchAction\",\"target\":{\"@type\":\"EntryPoint\",\"urlTemplate\":\"https:\/\/www.gaveanews.com\/?s={search_term_string}\"},\"query-input\":{\"@type\":\"PropertyValueSpecification\",\"valueRequired\":true,\"valueName\":\"search_term_string\"}}],\"inLanguage\":\"pt-BR\"},{\"@type\":\"Person\",\"@id\":\"https:\/\/www.gaveanews.com\/#\/schema\/person\/2ec14f73fb96be2caf28f91afb14749d\",\"name\":\"Equipe G\u00e1vea News\",\"image\":{\"@type\":\"ImageObject\",\"inLanguage\":\"pt-BR\",\"@id\":\"https:\/\/www.gaveanews.com\/#\/schema\/person\/image\/\",\"url\":\"https:\/\/secure.gravatar.com\/avatar\/1e1956f1facbffd3f8fa53a326721950116b3b9dc9bd44939c01180fd4a745a9?s=96&d=mm&r=g\",\"contentUrl\":\"https:\/\/secure.gravatar.com\/avatar\/1e1956f1facbffd3f8fa53a326721950116b3b9dc9bd44939c01180fd4a745a9?s=96&d=mm&r=g\",\"caption\":\"Equipe G\u00e1vea News\"}}]}<\/script>\n<!-- \/ Yoast SEO Premium plugin. -->","yoast_head_json":{"title":"Internacional descarta negocia\u00e7\u00e3o, e Flamengo fica com caminho livre por meio-campista pedido por Abel","robots":{"index":"index","follow":"follow","max-snippet":"max-snippet:-1","max-image-preview":"max-image-preview:large","max-video-preview":"max-video-preview:-1"},"canonical":"https:\/\/www.gaveanews.com\/index.php\/2019\/04\/27\/internacional-descarta-negociacao-e-flamengo-fica-com-caminho-livre-por-meio-campista-pedido-por-abel\/","og_locale":"pt_BR","og_type":"article","og_title":"Internacional descarta negocia\u00e7\u00e3o, e Flamengo fica com caminho livre por meio-campista pedido por Abel","og_description":"Especulado recentemente no Flamengo, o meio- campista Charles Ar\u00e1nguiz tamb\u00e9m tinha seu nome ligado ao Internacional, clube em que defendia no Brasil antes de se transferir para o Bayer Leverkusen, da Alemanha. Entretanto, Roberto Melo, vice-presidente de futebol do Colorado, admitiu que o retorno do chileno \u00e9 considerado improv\u00e1vel por conta dos altos valores envolvidos, [&hellip;]","og_url":"https:\/\/www.gaveanews.com\/index.php\/2019\/04\/27\/internacional-descarta-negociacao-e-flamengo-fica-com-caminho-livre-por-meio-campista-pedido-por-abel\/","og_site_name":"G\u00e1vea News","article_publisher":"https:\/\/facebook.com\/gaveaNews\/","article_published_time":"2019-04-27T13:00:58+00:00","article_modified_time":"2019-04-28T06:13:21+00:00","og_image":[{"url":"https:\/\/www.gaveanews.com\/wp-content\/uploads\/2019\/04\/Charles-Aranguiz-em-acao-pelo-Bayer-Leverkusen.webp","width":1,"height":1,"type":"image\/jpeg"}],"author":"Equipe G\u00e1vea News","twitter_card":"summary_large_image","twitter_misc":{"Escrito por":"Equipe G\u00e1vea News","Est. tempo de leitura":"1 minuto"},"schema":{"@context":"https:\/\/schema.org","@graph":[{"@type":"NewsArticle","@id":"https:\/\/www.gaveanews.com\/index.php\/2019\/04\/27\/internacional-descarta-negociacao-e-flamengo-fica-com-caminho-livre-por-meio-campista-pedido-por-abel\/#article","isPartOf":{"@id":"https:\/\/www.gaveanews.com\/index.php\/2019\/04\/27\/internacional-descarta-negociacao-e-flamengo-fica-com-caminho-livre-por-meio-campista-pedido-por-abel\/"},"author":{"name":"Equipe G\u00e1vea News","@id":"https:\/\/www.gaveanews.com\/#\/schema\/person\/2ec14f73fb96be2caf28f91afb14749d"},"headline":"Internacional descarta negocia\u00e7\u00e3o, e Flamengo fica com caminho livre por meio-campista pedido por Abel","datePublished":"2019-04-27T13:00:58+00:00","dateModified":"2019-04-28T06:13:21+00:00","mainEntityOfPage":{"@id":"https:\/\/www.gaveanews.com\/index.php\/2019\/04\/27\/internacional-descarta-negociacao-e-flamengo-fica-com-caminho-livre-por-meio-campista-pedido-por-abel\/"},"wordCount":249,"commentCount":0,"image":{"@id":"https:\/\/www.gaveanews.com\/index.php\/2019\/04\/27\/internacional-descarta-negociacao-e-flamengo-fica-com-caminho-livre-por-meio-campista-pedido-por-abel\/#primaryimage"},"thumbnailUrl":"https:\/\/www.gaveanews.com\/wp-content\/uploads\/2019\/04\/Charles-Aranguiz-em-acao-pelo-Bayer-Leverkusen.webp","articleSection":["Flamengo"],"inLanguage":"pt-BR","potentialAction":[{"@type":"CommentAction","name":"Comment","target":["https:\/\/www.gaveanews.com\/index.php\/2019\/04\/27\/internacional-descarta-negociacao-e-flamengo-fica-com-caminho-livre-por-meio-campista-pedido-por-abel\/#respond"]}],"copyrightYear":"2019","copyrightHolder":{"@id":"https:\/\/www.gaveanews.com\/#organization"}},{"@type":"WebPage","@id":"https:\/\/www.gaveanews.com\/index.php\/2019\/04\/27\/internacional-descarta-negociacao-e-flamengo-fica-com-caminho-livre-por-meio-campista-pedido-por-abel\/","url":"https:\/\/www.gaveanews.com\/index.php\/2019\/04\/27\/internacional-descarta-negociacao-e-flamengo-fica-com-caminho-livre-por-meio-campista-pedido-por-abel\/","name":"Internacional descarta negocia\u00e7\u00e3o, e Flamengo fica com caminho livre por meio-campista pedido por Abel","isPartOf":{"@id":"https:\/\/www.gaveanews.com\/#website"},"primaryImageOfPage":{"@id":"https:\/\/www.gaveanews.com\/index.php\/2019\/04\/27\/internacional-descarta-negociacao-e-flamengo-fica-com-caminho-livre-por-meio-campista-pedido-por-abel\/#primaryimage"},"image":{"@id":"https:\/\/www.gaveanews.com\/index.php\/2019\/04\/27\/internacional-descarta-negociacao-e-flamengo-fica-com-caminho-livre-por-meio-campista-pedido-por-abel\/#primaryimage"},"thumbnailUrl":"https:\/\/www.gaveanews.com\/wp-content\/uploads\/2019\/04\/Charles-Aranguiz-em-acao-pelo-Bayer-Leverkusen.webp","datePublished":"2019-04-27T13:00:58+00:00","dateModified":"2019-04-28T06:13:21+00:00","author":{"@id":"https:\/\/www.gaveanews.com\/#\/schema\/person\/2ec14f73fb96be2caf28f91afb14749d"},"breadcrumb":{"@id":"https:\/\/www.gaveanews.com\/index.php\/2019\/04\/27\/internacional-descarta-negociacao-e-flamengo-fica-com-caminho-livre-por-meio-campista-pedido-por-abel\/#breadcrumb"},"inLanguage":"pt-BR","potentialAction":[{"@type":"ReadAction","target":["https:\/\/www.gaveanews.com\/index.php\/2019\/04\/27\/internacional-descarta-negociacao-e-flamengo-fica-com-caminho-livre-por-meio-campista-pedido-por-abel\/"]}]},{"@type":"ImageObject","inLanguage":"pt-BR","@id":"https:\/\/www.gaveanews.com\/index.php\/2019\/04\/27\/internacional-descarta-negociacao-e-flamengo-fica-com-caminho-livre-por-meio-campista-pedido-por-abel\/#primaryimage","url":"https:\/\/www.gaveanews.com\/wp-content\/uploads\/2019\/04\/Charles-Aranguiz-em-acao-pelo-Bayer-Leverkusen.webp","contentUrl":"https:\/\/www.gaveanews.com\/wp-content\/uploads\/2019\/04\/Charles-Aranguiz-em-acao-pelo-Bayer-Leverkusen.webp","caption":"Charles Ar\u00e1nguiz em a\u00e7\u00e3o pelo Bayer Leverkusen (Foto: Getty Images)"},{"@type":"BreadcrumbList","@id":"https:\/\/www.gaveanews.com\/index.php\/2019\/04\/27\/internacional-descarta-negociacao-e-flamengo-fica-com-caminho-livre-por-meio-campista-pedido-por-abel\/#breadcrumb","itemListElement":[{"@type":"ListItem","position":1,"name":"Home","item":"https:\/\/www.gaveanews.com\/"},{"@type":"ListItem","position":2,"name":"Internacional descarta negocia\u00e7\u00e3o, e Flamengo fica com caminho livre por meio-campista pedido por Abel"}]},{"@type":"WebSite","@id":"https:\/\/www.gaveanews.com\/#website","url":"https:\/\/www.gaveanews.com\/","name":"G\u00e1vea News","description":"Veja todas as not\u00edcias sobre o Flamengo: Contrata\u00e7\u00f5es, categorias de base, resultados das partidas, tabela de classifica\u00e7\u00e3o, pr\u00f3ximos jogos!","potentialAction":[{"@type":"SearchAction","target":{"@type":"EntryPoint","urlTemplate":"https:\/\/www.gaveanews.com\/?s={search_term_string}"},"query-input":{"@type":"PropertyValueSpecification","valueRequired":true,"valueName":"search_term_string"}}],"inLanguage":"pt-BR"},{"@type":"Person","@id":"https:\/\/www.gaveanews.com\/#\/schema\/person\/2ec14f73fb96be2caf28f91afb14749d","name":"Equipe G\u00e1vea News","image":{"@type":"ImageObject","inLanguage":"pt-BR","@id":"https:\/\/www.gaveanews.com\/#\/schema\/person\/image\/","url":"https:\/\/secure.gravatar.com\/avatar\/1e1956f1facbffd3f8fa53a326721950116b3b9dc9bd44939c01180fd4a745a9?s=96&d=mm&r=g","contentUrl":"https:\/\/secure.gravatar.com\/avatar\/1e1956f1facbffd3f8fa53a326721950116b3b9dc9bd44939c01180fd4a745a9?s=96&d=mm&r=g","caption":"Equipe G\u00e1vea News"}}]}},"_links":{"self":[{"href":"https:\/\/www.gaveanews.com\/index.php\/wp-json\/wp\/v2\/posts\/18706","targetHints":{"allow":["GET"]}}],"collection":[{"href":"https:\/\/www.gaveanews.com\/index.php\/wp-json\/wp\/v2\/posts"}],"about":[{"href":"https:\/\/www.gaveanews.com\/index.php\/wp-json\/wp\/v2\/types\/post"}],"author":[{"embeddable":true,"href":"https:\/\/www.gaveanews.com\/index.php\/wp-json\/wp\/v2\/users\/1"}],"replies":[{"embeddable":true,"href":"https:\/\/www.gaveanews.com\/index.php\/wp-json\/wp\/v2\/comments?post=18706"}],"version-history":[{"count":0,"href":"https:\/\/www.gaveanews.com\/index.php\/wp-json\/wp\/v2\/posts\/18706\/revisions"}],"wp:featuredmedia":[{"embeddable":true,"href":"https:\/\/www.gaveanews.com\/index.php\/wp-json\/wp\/v2\/media\/18083"}],"wp:attachment":[{"href":"https:\/\/www.gaveanews.com\/index.php\/wp-json\/wp\/v2\/media?parent=18706"}],"wp:term":[{"taxonomy":"category","embeddable":true,"href":"https:\/\/www.gaveanews.com\/index.php\/wp-json\/wp\/v2\/categories?post=18706"},{"taxonomy":"post_tag","embeddable":true,"href":"https:\/\/www.gaveanews.com\/index.php\/wp-json\/wp\/v2\/tags?post=18706"}],"curies":[{"name":"wp","href":"https:\/\/api.w.org\/{rel}","templated":true}]}}