{"id":187126,"date":"2024-11-19T13:25:00","date_gmt":"2024-11-19T16:25:00","guid":{"rendered":"https:\/\/www.gaveanews.com\/?p=187126"},"modified":"2024-11-19T12:49:24","modified_gmt":"2024-11-19T15:49:24","slug":"john-textor-manda-recado-para-bruninho-samudio-filho-do-goleiro-bruno","status":"publish","type":"post","link":"https:\/\/www.gaveanews.com\/index.php\/2024\/11\/19\/john-textor-manda-recado-para-bruninho-samudio-filho-do-goleiro-bruno\/","title":{"rendered":"John Textor manda recado para Bruninho Samudio, filho do goleiro Bruno"},"content":{"rendered":"\n<p>Ainda um jovem goleiro de apenas 14 anos de idade e atualmente com 1,92m de altura,\u00a0se chama Bruninho Samudio, que\u00a0tem sido um grande destaque na\u00a0base\u00a0do\u00a0Botafogo.<\/p>\n\n\n\n<ul class=\"wp-block-list\">\n<li><a href=\"https:\/\/www.gaveanews.com\/index.php\/2024\/09\/13\/botafogo-recebeu-proposta-de-60-milhoes\/\">Botafogo recebeu proposta de 60 milh\u00f5es<\/a><\/li>\n\n\n\n<li><a href=\"https:\/\/www.gaveanews.com\/index.php\/2024\/01\/28\/flamengo-aceita-proposta-realizada-pelo-botafogo\/\">Flamengo aceita proposta realizada pelo Botafogo<\/a><\/li>\n<\/ul>\n\n\n\n<p>Sendo bastante elogiado ultimamente, o goleiro deu entrevista ao canal &#8216;Cartoloucos&#8217;, que veio ser publicada na \u00faltima sexta-feira (15), onde contou sua hist\u00f3ria e quais s\u00e3o as suas ambi\u00e7\u00f5es no futebol.<\/p>\n\n\n\n<h2 class=\"wp-block-heading\" id=\"h-recebeu-uma-mensagem-de-john-textor\">Recebeu uma mensagem de\u00a0John Textor<\/h2>\n\n\n\n<p>Sendo filho de\u00a0<strong>Eliza<\/strong>\u00a0<strong>Samudio<\/strong>\u00a0e do ex-goleiro\u00a0<strong>Bruno<\/strong>, Bruninho revelou recentemente que j\u00e1 pode receber uma mensagem de\u00a0John Textor, atual acionista da SAF do Botafogo.<\/p>\n\n\n\n<h2 class=\"wp-block-heading\" id=\"h-confira-como-foi-a-entrevista\">Confira como foi a entrevista:<\/h2>\n\n\n\n<ul class=\"wp-block-list\">\n<li><strong>Bruninho:<\/strong> Ele mandou mensagem aqui e tudo. Estava falando que queria ver uma partida minha.\n<ul class=\"wp-block-list\">\n<li><strong>Cartolouco:<\/strong> Ele mandou? Onde que ele te mandou?\u00a0<\/li>\n<\/ul>\n<\/li>\n\n\n\n<li><strong>Bruninho:<\/strong> No Insta, p\u00f4.\n<ul class=\"wp-block-list\">\n<li><strong>Cartolouco:<\/strong> Ele te seguiu?<\/li>\n<\/ul>\n<\/li>\n\n\n\n<li><strong>Bruninho:<\/strong> Seguiu, seguiu.\n<ul class=\"wp-block-list\">\n<li><strong>Cartolouco:<\/strong> E voc\u00ea respondeu tudo em ingl\u00eas pra ele?<\/li>\n<\/ul>\n<\/li>\n\n\n\n<li><strong>Bruninho:<\/strong> P\u00f4, eu consegui ler, s\u00f3 que pra responder tinha que tacar no tradutor, n\u00e9?\n<ul class=\"wp-block-list\">\n<li><strong>Cartolouco:<\/strong> leu a mensagem de Textor que dizia: <strong>\u201cEu n\u00e3o sei se voc\u00ea sabe isso, mas eu vim para o futebol por causa do meu amor pelo futebol de base. Eu queria muito ver os seus jogos em breve\u201d<\/strong>.<\/li>\n<\/ul>\n<\/li>\n\n\n\n<li><strong>Bruninho:<\/strong> O cara \u00e9 humilde tamb\u00e9m, sangue bom pra caramba.<\/li>\n<\/ul>\n\n\n\n<h2 class=\"wp-block-heading\" id=\"h-projecao-de-crescer-ate-2-02m\">Proje\u00e7\u00e3o de crescer at\u00e9 2,02m<\/h2>\n\n\n\n<p>O goleiro Bruninho tamb\u00e9m falou um pouco de si, principalmente na parte em que diz ter em mente uma proje\u00e7\u00e3o de crescer at\u00e9 2,02m e ainda descreveu seu estilo:<\/p>\n\n\n\n<p>&#8220;P\u00f4, acho que sou um cara com uma personalidade muito forte dentro de campo. Aquela pessoa que n\u00e3o gosta de baixar a cabe\u00e7a para ningu\u00e9m, que se tiver certo vai falar que est\u00e1 certo, se tiver errado vai aceitar tamb\u00e9m, quietinho. Eu acho que \u00e9 isso. Tenho muito a melhorar ainda&#8221;, disse Bruninho, que tem sonhos no futebol.<\/p>\n\n\n\n<p>&#8220;Eu acho que chegar no profissional, pegar&nbsp;Sele\u00e7\u00e3o, jogar com um time grande de fora, fazer meu nome no futebol e \u00e9 isso&#8221;, continuou o atleta.<\/p>\n\n\n\n<h2 class=\"wp-block-heading\" id=\"h-fortalecer-o-lado-mental\">Fortalecer o lado mental<\/h2>\n\n\n\n<p>Ainda em entrevista com o Cartolouco, o jovem diz evitar ver mensagens nas redes sociais e faz muita terapia para poder fortalecer o seu lado mental.<\/p>\n\n\n\n<p>&#8220;P\u00f4, o pessoal falando coisa ruim, coisa boa, ent\u00e3o \u00e9 melhor tirar (os coment\u00e1rios) para evitar. Nem vejo muito, mas para evitar ver alguma coisa que n\u00e3o quer, ou evitar ter problema com a cabe\u00e7a assim mesmo, j\u00e1 tiro, j\u00e1 evito qualquer coisa que possa ter&#8221;, disse o jovem.<\/p>\n\n\n\n<p>&#8220;Terapia \u00e9 importante para ter cabe\u00e7a, para aguentar o pessoal falando bosta, para n\u00e3o explodir. Na hora do jogo, principalmente, vai ter muita gente falando, falando, falando assim. Se der um vacilozinho, acabou voc\u00ea no futebol&#8221;, explicou.<\/p>\n\n\n\n<h2 class=\"wp-block-heading\" id=\"h-confira-o-video-abaixo-da-entrevista-completa-de-bruninho\">Confira o v\u00eddeo abaixo da entrevista completa de Bruninho:<\/h2>\n\n\n\n<iframe loading=\"lazy\" width=\"560\" height=\"315\" src=\"https:\/\/www.youtube.com\/embed\/h6HybKs2URY?si=mFoaqDxBdLZF6KD_\" title=\"YouTube video player\" frameborder=\"0\" allow=\"accelerometer; autoplay; clipboard-write; encrypted-media; gyroscope; picture-in-picture; web-share\" referrerpolicy=\"strict-origin-when-cross-origin\" allowfullscreen><\/iframe>\n","protected":false},"excerpt":{"rendered":"<p>Ainda um jovem goleiro de apenas 14 anos de idade e atualmente com 1,92m de altura,\u00a0se chama Bruninho Samudio, que\u00a0tem sido um grande destaque na\u00a0base\u00a0do\u00a0Botafogo. Sendo bastante elogiado ultimamente, o goleiro deu entrevista ao canal &#8216;Cartoloucos&#8217;, que veio ser publicada na \u00faltima sexta-feira (15), onde contou sua hist\u00f3ria e quais s\u00e3o as suas ambi\u00e7\u00f5es no [&hellip;]<\/p>\n","protected":false},"author":22,"featured_media":146326,"comment_status":"open","ping_status":"closed","sticky":false,"template":"","format":"standard","meta":{"footnotes":""},"categories":[138],"tags":[],"class_list":["post-187126","post","type-post","status-publish","format-standard","has-post-thumbnail","hentry","category-botafogo"],"yoast_head":"<!-- This site is optimized with the Yoast SEO Premium plugin v24.2 (Yoast SEO v26.9) - https:\/\/yoast.com\/product\/yoast-seo-premium-wordpress\/ -->\n<title>John Textor manda recado para Bruninho Samudio, filho do goleiro Bruno<\/title>\n<meta name=\"robots\" content=\"index, follow, max-snippet:-1, max-image-preview:large, max-video-preview:-1\" \/>\n<link rel=\"canonical\" href=\"https:\/\/www.gaveanews.com\/index.php\/2024\/11\/19\/john-textor-manda-recado-para-bruninho-samudio-filho-do-goleiro-bruno\/\" \/>\n<meta property=\"og:locale\" content=\"pt_BR\" \/>\n<meta property=\"og:type\" content=\"article\" \/>\n<meta property=\"og:title\" content=\"John Textor manda recado para Bruninho Samudio, filho do goleiro Bruno\" \/>\n<meta property=\"og:description\" content=\"Ainda um jovem goleiro de apenas 14 anos de idade e atualmente com 1,92m de altura,\u00a0se chama Bruninho Samudio, que\u00a0tem sido um grande destaque na\u00a0base\u00a0do\u00a0Botafogo. Sendo bastante elogiado ultimamente, o goleiro deu entrevista ao canal &#8216;Cartoloucos&#8217;, que veio ser publicada na \u00faltima sexta-feira (15), onde contou sua hist\u00f3ria e quais s\u00e3o as suas ambi\u00e7\u00f5es no [&hellip;]\" \/>\n<meta property=\"og:url\" content=\"https:\/\/www.gaveanews.com\/index.php\/2024\/11\/19\/john-textor-manda-recado-para-bruninho-samudio-filho-do-goleiro-bruno\/\" \/>\n<meta property=\"og:site_name\" content=\"G\u00e1vea News\" \/>\n<meta property=\"article:publisher\" content=\"https:\/\/facebook.com\/gaveaNews\/\" \/>\n<meta property=\"article:published_time\" content=\"2024-11-19T16:25:00+00:00\" \/>\n<meta name=\"author\" content=\"Emilly Lima\" \/>\n<meta name=\"twitter:card\" content=\"summary_large_image\" \/>\n<meta name=\"twitter:label1\" content=\"Escrito por\" \/>\n\t<meta name=\"twitter:data1\" content=\"Emilly Lima\" \/>\n\t<meta name=\"twitter:label2\" content=\"Est. tempo de leitura\" \/>\n\t<meta name=\"twitter:data2\" content=\"3 minutos\" \/>\n<script type=\"application\/ld+json\" class=\"yoast-schema-graph\">{\"@context\":\"https:\/\/schema.org\",\"@graph\":[{\"@type\":\"NewsArticle\",\"@id\":\"https:\/\/www.gaveanews.com\/index.php\/2024\/11\/19\/john-textor-manda-recado-para-bruninho-samudio-filho-do-goleiro-bruno\/#article\",\"isPartOf\":{\"@id\":\"https:\/\/www.gaveanews.com\/index.php\/2024\/11\/19\/john-textor-manda-recado-para-bruninho-samudio-filho-do-goleiro-bruno\/\"},\"author\":{\"name\":\"Emilly Lima\",\"@id\":\"https:\/\/www.gaveanews.com\/#\/schema\/person\/8597dbe3f4d8513dd20048ce95a1895b\"},\"headline\":\"John Textor manda recado para Bruninho Samudio, filho do goleiro Bruno\",\"datePublished\":\"2024-11-19T16:25:00+00:00\",\"mainEntityOfPage\":{\"@id\":\"https:\/\/www.gaveanews.com\/index.php\/2024\/11\/19\/john-textor-manda-recado-para-bruninho-samudio-filho-do-goleiro-bruno\/\"},\"wordCount\":487,\"commentCount\":0,\"image\":{\"@id\":\"https:\/\/www.gaveanews.com\/index.php\/2024\/11\/19\/john-textor-manda-recado-para-bruninho-samudio-filho-do-goleiro-bruno\/#primaryimage\"},\"thumbnailUrl\":\"https:\/\/www.gaveanews.com\/wp-content\/uploads\/textor4.avif\",\"articleSection\":[\"Botafogo\"],\"inLanguage\":\"pt-BR\",\"potentialAction\":[{\"@type\":\"CommentAction\",\"name\":\"Comment\",\"target\":[\"https:\/\/www.gaveanews.com\/index.php\/2024\/11\/19\/john-textor-manda-recado-para-bruninho-samudio-filho-do-goleiro-bruno\/#respond\"]}],\"copyrightYear\":\"2024\",\"copyrightHolder\":{\"@id\":\"https:\/\/www.gaveanews.com\/#organization\"}},{\"@type\":\"WebPage\",\"@id\":\"https:\/\/www.gaveanews.com\/index.php\/2024\/11\/19\/john-textor-manda-recado-para-bruninho-samudio-filho-do-goleiro-bruno\/\",\"url\":\"https:\/\/www.gaveanews.com\/index.php\/2024\/11\/19\/john-textor-manda-recado-para-bruninho-samudio-filho-do-goleiro-bruno\/\",\"name\":\"John Textor manda recado para Bruninho Samudio, filho do goleiro Bruno\",\"isPartOf\":{\"@id\":\"https:\/\/www.gaveanews.com\/#website\"},\"primaryImageOfPage\":{\"@id\":\"https:\/\/www.gaveanews.com\/index.php\/2024\/11\/19\/john-textor-manda-recado-para-bruninho-samudio-filho-do-goleiro-bruno\/#primaryimage\"},\"image\":{\"@id\":\"https:\/\/www.gaveanews.com\/index.php\/2024\/11\/19\/john-textor-manda-recado-para-bruninho-samudio-filho-do-goleiro-bruno\/#primaryimage\"},\"thumbnailUrl\":\"https:\/\/www.gaveanews.com\/wp-content\/uploads\/textor4.avif\",\"datePublished\":\"2024-11-19T16:25:00+00:00\",\"author\":{\"@id\":\"https:\/\/www.gaveanews.com\/#\/schema\/person\/8597dbe3f4d8513dd20048ce95a1895b\"},\"breadcrumb\":{\"@id\":\"https:\/\/www.gaveanews.com\/index.php\/2024\/11\/19\/john-textor-manda-recado-para-bruninho-samudio-filho-do-goleiro-bruno\/#breadcrumb\"},\"inLanguage\":\"pt-BR\",\"potentialAction\":[{\"@type\":\"ReadAction\",\"target\":[\"https:\/\/www.gaveanews.com\/index.php\/2024\/11\/19\/john-textor-manda-recado-para-bruninho-samudio-filho-do-goleiro-bruno\/\"]}]},{\"@type\":\"ImageObject\",\"inLanguage\":\"pt-BR\",\"@id\":\"https:\/\/www.gaveanews.com\/index.php\/2024\/11\/19\/john-textor-manda-recado-para-bruninho-samudio-filho-do-goleiro-bruno\/#primaryimage\",\"url\":\"https:\/\/www.gaveanews.com\/wp-content\/uploads\/textor4.avif\",\"contentUrl\":\"https:\/\/www.gaveanews.com\/wp-content\/uploads\/textor4.avif\",\"width\":888,\"height\":602,\"caption\":\"John Textor, dono da SAF do Botafogo \u2014 Foto: Reprodu\u00e7\u00e3o\"},{\"@type\":\"BreadcrumbList\",\"@id\":\"https:\/\/www.gaveanews.com\/index.php\/2024\/11\/19\/john-textor-manda-recado-para-bruninho-samudio-filho-do-goleiro-bruno\/#breadcrumb\",\"itemListElement\":[{\"@type\":\"ListItem\",\"position\":1,\"name\":\"Home\",\"item\":\"https:\/\/www.gaveanews.com\/\"},{\"@type\":\"ListItem\",\"position\":2,\"name\":\"John Textor manda recado para Bruninho Samudio, filho do goleiro Bruno\"}]},{\"@type\":\"WebSite\",\"@id\":\"https:\/\/www.gaveanews.com\/#website\",\"url\":\"https:\/\/www.gaveanews.com\/\",\"name\":\"G\u00e1vea News\",\"description\":\"Veja todas as not\u00edcias sobre o Flamengo: Contrata\u00e7\u00f5es, categorias de base, resultados das partidas, tabela de classifica\u00e7\u00e3o, pr\u00f3ximos jogos!\",\"potentialAction\":[{\"@type\":\"SearchAction\",\"target\":{\"@type\":\"EntryPoint\",\"urlTemplate\":\"https:\/\/www.gaveanews.com\/?s={search_term_string}\"},\"query-input\":{\"@type\":\"PropertyValueSpecification\",\"valueRequired\":true,\"valueName\":\"search_term_string\"}}],\"inLanguage\":\"pt-BR\"},{\"@type\":\"Person\",\"@id\":\"https:\/\/www.gaveanews.com\/#\/schema\/person\/8597dbe3f4d8513dd20048ce95a1895b\",\"name\":\"Emilly Lima\",\"image\":{\"@type\":\"ImageObject\",\"inLanguage\":\"pt-BR\",\"@id\":\"https:\/\/www.gaveanews.com\/#\/schema\/person\/image\/\",\"url\":\"https:\/\/secure.gravatar.com\/avatar\/ddb4d0548bae01de3cb52e0fe30386754e9c41797565aa0a5bf4440ab4f7c0be?s=96&d=mm&r=g\",\"contentUrl\":\"https:\/\/secure.gravatar.com\/avatar\/ddb4d0548bae01de3cb52e0fe30386754e9c41797565aa0a5bf4440ab4f7c0be?s=96&d=mm&r=g\",\"caption\":\"Emilly Lima\"}}]}<\/script>\n<!-- \/ Yoast SEO Premium plugin. -->","yoast_head_json":{"title":"John Textor manda recado para Bruninho Samudio, filho do goleiro Bruno","robots":{"index":"index","follow":"follow","max-snippet":"max-snippet:-1","max-image-preview":"max-image-preview:large","max-video-preview":"max-video-preview:-1"},"canonical":"https:\/\/www.gaveanews.com\/index.php\/2024\/11\/19\/john-textor-manda-recado-para-bruninho-samudio-filho-do-goleiro-bruno\/","og_locale":"pt_BR","og_type":"article","og_title":"John Textor manda recado para Bruninho Samudio, filho do goleiro Bruno","og_description":"Ainda um jovem goleiro de apenas 14 anos de idade e atualmente com 1,92m de altura,\u00a0se chama Bruninho Samudio, que\u00a0tem sido um grande destaque na\u00a0base\u00a0do\u00a0Botafogo. Sendo bastante elogiado ultimamente, o goleiro deu entrevista ao canal &#8216;Cartoloucos&#8217;, que veio ser publicada na \u00faltima sexta-feira (15), onde contou sua hist\u00f3ria e quais s\u00e3o as suas ambi\u00e7\u00f5es no [&hellip;]","og_url":"https:\/\/www.gaveanews.com\/index.php\/2024\/11\/19\/john-textor-manda-recado-para-bruninho-samudio-filho-do-goleiro-bruno\/","og_site_name":"G\u00e1vea News","article_publisher":"https:\/\/facebook.com\/gaveaNews\/","article_published_time":"2024-11-19T16:25:00+00:00","author":"Emilly Lima","twitter_card":"summary_large_image","twitter_misc":{"Escrito por":"Emilly Lima","Est. tempo de leitura":"3 minutos"},"schema":{"@context":"https:\/\/schema.org","@graph":[{"@type":"NewsArticle","@id":"https:\/\/www.gaveanews.com\/index.php\/2024\/11\/19\/john-textor-manda-recado-para-bruninho-samudio-filho-do-goleiro-bruno\/#article","isPartOf":{"@id":"https:\/\/www.gaveanews.com\/index.php\/2024\/11\/19\/john-textor-manda-recado-para-bruninho-samudio-filho-do-goleiro-bruno\/"},"author":{"name":"Emilly Lima","@id":"https:\/\/www.gaveanews.com\/#\/schema\/person\/8597dbe3f4d8513dd20048ce95a1895b"},"headline":"John Textor manda recado para Bruninho Samudio, filho do goleiro Bruno","datePublished":"2024-11-19T16:25:00+00:00","mainEntityOfPage":{"@id":"https:\/\/www.gaveanews.com\/index.php\/2024\/11\/19\/john-textor-manda-recado-para-bruninho-samudio-filho-do-goleiro-bruno\/"},"wordCount":487,"commentCount":0,"image":{"@id":"https:\/\/www.gaveanews.com\/index.php\/2024\/11\/19\/john-textor-manda-recado-para-bruninho-samudio-filho-do-goleiro-bruno\/#primaryimage"},"thumbnailUrl":"https:\/\/www.gaveanews.com\/wp-content\/uploads\/textor4.avif","articleSection":["Botafogo"],"inLanguage":"pt-BR","potentialAction":[{"@type":"CommentAction","name":"Comment","target":["https:\/\/www.gaveanews.com\/index.php\/2024\/11\/19\/john-textor-manda-recado-para-bruninho-samudio-filho-do-goleiro-bruno\/#respond"]}],"copyrightYear":"2024","copyrightHolder":{"@id":"https:\/\/www.gaveanews.com\/#organization"}},{"@type":"WebPage","@id":"https:\/\/www.gaveanews.com\/index.php\/2024\/11\/19\/john-textor-manda-recado-para-bruninho-samudio-filho-do-goleiro-bruno\/","url":"https:\/\/www.gaveanews.com\/index.php\/2024\/11\/19\/john-textor-manda-recado-para-bruninho-samudio-filho-do-goleiro-bruno\/","name":"John Textor manda recado para Bruninho Samudio, filho do goleiro Bruno","isPartOf":{"@id":"https:\/\/www.gaveanews.com\/#website"},"primaryImageOfPage":{"@id":"https:\/\/www.gaveanews.com\/index.php\/2024\/11\/19\/john-textor-manda-recado-para-bruninho-samudio-filho-do-goleiro-bruno\/#primaryimage"},"image":{"@id":"https:\/\/www.gaveanews.com\/index.php\/2024\/11\/19\/john-textor-manda-recado-para-bruninho-samudio-filho-do-goleiro-bruno\/#primaryimage"},"thumbnailUrl":"https:\/\/www.gaveanews.com\/wp-content\/uploads\/textor4.avif","datePublished":"2024-11-19T16:25:00+00:00","author":{"@id":"https:\/\/www.gaveanews.com\/#\/schema\/person\/8597dbe3f4d8513dd20048ce95a1895b"},"breadcrumb":{"@id":"https:\/\/www.gaveanews.com\/index.php\/2024\/11\/19\/john-textor-manda-recado-para-bruninho-samudio-filho-do-goleiro-bruno\/#breadcrumb"},"inLanguage":"pt-BR","potentialAction":[{"@type":"ReadAction","target":["https:\/\/www.gaveanews.com\/index.php\/2024\/11\/19\/john-textor-manda-recado-para-bruninho-samudio-filho-do-goleiro-bruno\/"]}]},{"@type":"ImageObject","inLanguage":"pt-BR","@id":"https:\/\/www.gaveanews.com\/index.php\/2024\/11\/19\/john-textor-manda-recado-para-bruninho-samudio-filho-do-goleiro-bruno\/#primaryimage","url":"https:\/\/www.gaveanews.com\/wp-content\/uploads\/textor4.avif","contentUrl":"https:\/\/www.gaveanews.com\/wp-content\/uploads\/textor4.avif","width":888,"height":602,"caption":"John Textor, dono da SAF do Botafogo \u2014 Foto: Reprodu\u00e7\u00e3o"},{"@type":"BreadcrumbList","@id":"https:\/\/www.gaveanews.com\/index.php\/2024\/11\/19\/john-textor-manda-recado-para-bruninho-samudio-filho-do-goleiro-bruno\/#breadcrumb","itemListElement":[{"@type":"ListItem","position":1,"name":"Home","item":"https:\/\/www.gaveanews.com\/"},{"@type":"ListItem","position":2,"name":"John Textor manda recado para Bruninho Samudio, filho do goleiro Bruno"}]},{"@type":"WebSite","@id":"https:\/\/www.gaveanews.com\/#website","url":"https:\/\/www.gaveanews.com\/","name":"G\u00e1vea News","description":"Veja todas as not\u00edcias sobre o Flamengo: Contrata\u00e7\u00f5es, categorias de base, resultados das partidas, tabela de classifica\u00e7\u00e3o, pr\u00f3ximos jogos!","potentialAction":[{"@type":"SearchAction","target":{"@type":"EntryPoint","urlTemplate":"https:\/\/www.gaveanews.com\/?s={search_term_string}"},"query-input":{"@type":"PropertyValueSpecification","valueRequired":true,"valueName":"search_term_string"}}],"inLanguage":"pt-BR"},{"@type":"Person","@id":"https:\/\/www.gaveanews.com\/#\/schema\/person\/8597dbe3f4d8513dd20048ce95a1895b","name":"Emilly Lima","image":{"@type":"ImageObject","inLanguage":"pt-BR","@id":"https:\/\/www.gaveanews.com\/#\/schema\/person\/image\/","url":"https:\/\/secure.gravatar.com\/avatar\/ddb4d0548bae01de3cb52e0fe30386754e9c41797565aa0a5bf4440ab4f7c0be?s=96&d=mm&r=g","contentUrl":"https:\/\/secure.gravatar.com\/avatar\/ddb4d0548bae01de3cb52e0fe30386754e9c41797565aa0a5bf4440ab4f7c0be?s=96&d=mm&r=g","caption":"Emilly Lima"}}]}},"_links":{"self":[{"href":"https:\/\/www.gaveanews.com\/index.php\/wp-json\/wp\/v2\/posts\/187126","targetHints":{"allow":["GET"]}}],"collection":[{"href":"https:\/\/www.gaveanews.com\/index.php\/wp-json\/wp\/v2\/posts"}],"about":[{"href":"https:\/\/www.gaveanews.com\/index.php\/wp-json\/wp\/v2\/types\/post"}],"author":[{"embeddable":true,"href":"https:\/\/www.gaveanews.com\/index.php\/wp-json\/wp\/v2\/users\/22"}],"replies":[{"embeddable":true,"href":"https:\/\/www.gaveanews.com\/index.php\/wp-json\/wp\/v2\/comments?post=187126"}],"version-history":[{"count":1,"href":"https:\/\/www.gaveanews.com\/index.php\/wp-json\/wp\/v2\/posts\/187126\/revisions"}],"predecessor-version":[{"id":187141,"href":"https:\/\/www.gaveanews.com\/index.php\/wp-json\/wp\/v2\/posts\/187126\/revisions\/187141"}],"wp:featuredmedia":[{"embeddable":true,"href":"https:\/\/www.gaveanews.com\/index.php\/wp-json\/wp\/v2\/media\/146326"}],"wp:attachment":[{"href":"https:\/\/www.gaveanews.com\/index.php\/wp-json\/wp\/v2\/media?parent=187126"}],"wp:term":[{"taxonomy":"category","embeddable":true,"href":"https:\/\/www.gaveanews.com\/index.php\/wp-json\/wp\/v2\/categories?post=187126"},{"taxonomy":"post_tag","embeddable":true,"href":"https:\/\/www.gaveanews.com\/index.php\/wp-json\/wp\/v2\/tags?post=187126"}],"curies":[{"name":"wp","href":"https:\/\/api.w.org\/{rel}","templated":true}]}}