{"id":187711,"date":"2024-11-20T14:20:29","date_gmt":"2024-11-20T17:20:29","guid":{"rendered":"https:\/\/www.gaveanews.com\/?p=187711"},"modified":"2024-11-20T14:18:37","modified_gmt":"2024-11-20T17:18:37","slug":"bahia-x-palmeiras-abel-ferreira-ganha-reforco","status":"publish","type":"post","link":"https:\/\/www.gaveanews.com\/index.php\/2024\/11\/20\/bahia-x-palmeiras-abel-ferreira-ganha-reforco\/","title":{"rendered":"Bahia x Palmeiras: Abel Ferreira ganha refor\u00e7o"},"content":{"rendered":"\n<h2 class=\"wp-block-heading\" id=\"h-gustavo-gomez-deve-reforcar-o-palmeiras-contra-o-bahia-apos-data-fifa\">Gustavo G\u00f3mez deve refor\u00e7ar o Palmeiras contra o Bahia ap\u00f3s Data Fifa<\/h2>\n\n\n\n<p>Gustavo G\u00f3mez deve estar \u00e0 disposi\u00e7\u00e3o do Palmeiras para o jogo contra o Bahia, marcado para quarta-feira, \u00e0s 18h, em Salvador, pelo Campeonato Brasileiro. O zagueiro, que est\u00e1 com a sele\u00e7\u00e3o paraguaia nesta Data Fifa, ter\u00e1 o apoio do clube para se juntar \u00e0 equipe.<\/p>\n\n\n\n<ul class=\"wp-block-list\">\n<li><a href=\"https:\/\/www.gaveanews.com\/index.php\/2024\/11\/19\/palmeiras-define-dois-alvos-para-substituir-estevao\/\">Palmeiras define dois alvos para substituir Estev\u00e3o<\/a><\/li>\n\n\n\n<li><a href=\"https:\/\/www.gaveanews.com\/index.php\/2024\/11\/20\/leila-pereira-confirma-saidas-do-palmeiras-para-2025\/\">Leila Pereira confirma sa\u00eddas do Palmeiras para 2025<\/a><\/li>\n<\/ul>\n\n\n\n<p>A presidente Leila Pereira enviou um de seus avi\u00f5es para trazer G\u00f3mez e o meio-campista Richard R\u00edos, que tamb\u00e9m est\u00e1 com sua sele\u00e7\u00e3o, ap\u00f3s os compromissos pelas Eliminat\u00f3rias da Copa do Mundo de 2026.<\/p>\n\n\n\n<p>A aeronave, que j\u00e1 foi usada em viagens anteriores, chegou nesta segunda-feira a La Paz, onde o Paraguai enfrenta a Bol\u00edvia nesta ter\u00e7a-feira, e seguir\u00e1 para Barranquilla, antes de pousar em Salvador. Durante o voo, os atletas contar\u00e3o com o acompanhamento de um fisioterapeuta do N\u00facleo de Sa\u00fade e Performance do clube, com o objetivo de garantir a melhor recupera\u00e7\u00e3o para o zagueiro.<\/p>\n\n\n\n<p>A presen\u00e7a de Gustavo G\u00f3mez no jogo contra o Bahia depender\u00e1 de sua recupera\u00e7\u00e3o ap\u00f3s o compromisso com a sele\u00e7\u00e3o paraguaia. Al\u00e9m dele, o Palmeiras tamb\u00e9m contar\u00e1 com o goleiro Weverton, que est\u00e1 em Salvador com a sele\u00e7\u00e3o brasileira, mas \u00e9 reserva no time de Dorival J\u00fanior.<\/p>\n\n\n\n<p>J\u00e1 Richard R\u00edos e Est\u00eav\u00e3o, outros dois atletas cedidos pelo Verd\u00e3o, n\u00e3o estar\u00e3o \u00e0 disposi\u00e7\u00e3o de Abel Ferreira para esta rodada, pois cumprem suspens\u00e3o no Brasileir\u00e3o. A equipe alviverde se prepara para o confronto com o Bahia em busca de mais um resultado positivo na competi\u00e7\u00e3o.<\/p>\n\n\n\n<p>A log\u00edstica montada pela presidente Leila Pereira reflete o esfor\u00e7o do Palmeiras para garantir que seus jogadores retornem em tempo h\u00e1bil e com condi\u00e7\u00f5es de contribuir com a equipe. A estrat\u00e9gia tamb\u00e9m destaca a import\u00e2ncia de manter os atletas em boa forma f\u00edsica durante os compromissos com suas sele\u00e7\u00f5es, garantindo que o time esteja completo e \u00e0 disposi\u00e7\u00e3o de Abel Ferido no Campeonato Brasileiro.<\/p>\n","protected":false},"excerpt":{"rendered":"<p>Gustavo G\u00f3mez deve refor\u00e7ar o Palmeiras contra o Bahia ap\u00f3s Data Fifa Gustavo G\u00f3mez deve estar \u00e0 disposi\u00e7\u00e3o do Palmeiras para o jogo contra o Bahia, marcado para quarta-feira, \u00e0s 18h, em Salvador, pelo Campeonato Brasileiro. O zagueiro, que est\u00e1 com a sele\u00e7\u00e3o paraguaia nesta Data Fifa, ter\u00e1 o apoio do clube para se juntar [&hellip;]<\/p>\n","protected":false},"author":20,"featured_media":152159,"comment_status":"open","ping_status":"closed","sticky":false,"template":"","format":"standard","meta":{"footnotes":""},"categories":[150],"tags":[],"class_list":["post-187711","post","type-post","status-publish","format-standard","has-post-thumbnail","hentry","category-palmeiras"],"yoast_head":"<!-- This site is optimized with the Yoast SEO Premium plugin v24.2 (Yoast SEO v26.9) - https:\/\/yoast.com\/product\/yoast-seo-premium-wordpress\/ -->\n<title>Bahia x Palmeiras: Abel Ferreira ganha refor\u00e7o<\/title>\n<meta name=\"robots\" content=\"index, follow, max-snippet:-1, max-image-preview:large, max-video-preview:-1\" \/>\n<link rel=\"canonical\" href=\"https:\/\/www.gaveanews.com\/index.php\/2024\/11\/20\/bahia-x-palmeiras-abel-ferreira-ganha-reforco\/\" \/>\n<meta property=\"og:locale\" content=\"pt_BR\" \/>\n<meta property=\"og:type\" content=\"article\" \/>\n<meta property=\"og:title\" content=\"Bahia x Palmeiras: Abel Ferreira ganha refor\u00e7o\" \/>\n<meta property=\"og:description\" content=\"Gustavo G\u00f3mez deve refor\u00e7ar o Palmeiras contra o Bahia ap\u00f3s Data Fifa Gustavo G\u00f3mez deve estar \u00e0 disposi\u00e7\u00e3o do Palmeiras para o jogo contra o Bahia, marcado para quarta-feira, \u00e0s 18h, em Salvador, pelo Campeonato Brasileiro. O zagueiro, que est\u00e1 com a sele\u00e7\u00e3o paraguaia nesta Data Fifa, ter\u00e1 o apoio do clube para se juntar [&hellip;]\" \/>\n<meta property=\"og:url\" content=\"https:\/\/www.gaveanews.com\/index.php\/2024\/11\/20\/bahia-x-palmeiras-abel-ferreira-ganha-reforco\/\" \/>\n<meta property=\"og:site_name\" content=\"G\u00e1vea News\" \/>\n<meta property=\"article:publisher\" content=\"https:\/\/facebook.com\/gaveaNews\/\" \/>\n<meta property=\"article:published_time\" content=\"2024-11-20T17:20:29+00:00\" \/>\n<meta property=\"og:image\" content=\"https:\/\/www.gaveanews.com\/wp-content\/uploads\/Escudo-do-Palmeiras.webp\" \/>\n\t<meta property=\"og:image:width\" content=\"1000\" \/>\n\t<meta property=\"og:image:height\" content=\"667\" \/>\n\t<meta property=\"og:image:type\" content=\"image\/webp\" \/>\n<meta name=\"author\" content=\"Lucas Barros\" \/>\n<meta name=\"twitter:card\" content=\"summary_large_image\" \/>\n<meta name=\"twitter:label1\" content=\"Escrito por\" \/>\n\t<meta name=\"twitter:data1\" content=\"Lucas Barros\" \/>\n\t<meta name=\"twitter:label2\" content=\"Est. tempo de leitura\" \/>\n\t<meta name=\"twitter:data2\" content=\"3 minutos\" \/>\n<script type=\"application\/ld+json\" class=\"yoast-schema-graph\">{\"@context\":\"https:\/\/schema.org\",\"@graph\":[{\"@type\":\"NewsArticle\",\"@id\":\"https:\/\/www.gaveanews.com\/index.php\/2024\/11\/20\/bahia-x-palmeiras-abel-ferreira-ganha-reforco\/#article\",\"isPartOf\":{\"@id\":\"https:\/\/www.gaveanews.com\/index.php\/2024\/11\/20\/bahia-x-palmeiras-abel-ferreira-ganha-reforco\/\"},\"author\":{\"name\":\"Lucas Barros\",\"@id\":\"https:\/\/www.gaveanews.com\/#\/schema\/person\/2abf0cfa878f5f899daa5f781e82264c\"},\"headline\":\"Bahia x Palmeiras: Abel Ferreira ganha refor\u00e7o\",\"datePublished\":\"2024-11-20T17:20:29+00:00\",\"mainEntityOfPage\":{\"@id\":\"https:\/\/www.gaveanews.com\/index.php\/2024\/11\/20\/bahia-x-palmeiras-abel-ferreira-ganha-reforco\/\"},\"wordCount\":377,\"commentCount\":0,\"image\":{\"@id\":\"https:\/\/www.gaveanews.com\/index.php\/2024\/11\/20\/bahia-x-palmeiras-abel-ferreira-ganha-reforco\/#primaryimage\"},\"thumbnailUrl\":\"https:\/\/www.gaveanews.com\/wp-content\/uploads\/Escudo-do-Palmeiras.webp\",\"articleSection\":[\"Palmeiras\"],\"inLanguage\":\"pt-BR\",\"potentialAction\":[{\"@type\":\"CommentAction\",\"name\":\"Comment\",\"target\":[\"https:\/\/www.gaveanews.com\/index.php\/2024\/11\/20\/bahia-x-palmeiras-abel-ferreira-ganha-reforco\/#respond\"]}],\"copyrightYear\":\"2024\",\"copyrightHolder\":{\"@id\":\"https:\/\/www.gaveanews.com\/#organization\"}},{\"@type\":\"WebPage\",\"@id\":\"https:\/\/www.gaveanews.com\/index.php\/2024\/11\/20\/bahia-x-palmeiras-abel-ferreira-ganha-reforco\/\",\"url\":\"https:\/\/www.gaveanews.com\/index.php\/2024\/11\/20\/bahia-x-palmeiras-abel-ferreira-ganha-reforco\/\",\"name\":\"Bahia x Palmeiras: Abel Ferreira ganha refor\u00e7o\",\"isPartOf\":{\"@id\":\"https:\/\/www.gaveanews.com\/#website\"},\"primaryImageOfPage\":{\"@id\":\"https:\/\/www.gaveanews.com\/index.php\/2024\/11\/20\/bahia-x-palmeiras-abel-ferreira-ganha-reforco\/#primaryimage\"},\"image\":{\"@id\":\"https:\/\/www.gaveanews.com\/index.php\/2024\/11\/20\/bahia-x-palmeiras-abel-ferreira-ganha-reforco\/#primaryimage\"},\"thumbnailUrl\":\"https:\/\/www.gaveanews.com\/wp-content\/uploads\/Escudo-do-Palmeiras.webp\",\"datePublished\":\"2024-11-20T17:20:29+00:00\",\"author\":{\"@id\":\"https:\/\/www.gaveanews.com\/#\/schema\/person\/2abf0cfa878f5f899daa5f781e82264c\"},\"breadcrumb\":{\"@id\":\"https:\/\/www.gaveanews.com\/index.php\/2024\/11\/20\/bahia-x-palmeiras-abel-ferreira-ganha-reforco\/#breadcrumb\"},\"inLanguage\":\"pt-BR\",\"potentialAction\":[{\"@type\":\"ReadAction\",\"target\":[\"https:\/\/www.gaveanews.com\/index.php\/2024\/11\/20\/bahia-x-palmeiras-abel-ferreira-ganha-reforco\/\"]}]},{\"@type\":\"ImageObject\",\"inLanguage\":\"pt-BR\",\"@id\":\"https:\/\/www.gaveanews.com\/index.php\/2024\/11\/20\/bahia-x-palmeiras-abel-ferreira-ganha-reforco\/#primaryimage\",\"url\":\"https:\/\/www.gaveanews.com\/wp-content\/uploads\/Escudo-do-Palmeiras.webp\",\"contentUrl\":\"https:\/\/www.gaveanews.com\/wp-content\/uploads\/Escudo-do-Palmeiras.webp\",\"width\":1000,\"height\":667,\"caption\":\"Escudo do Palmeiras (Foto Reprodu\u00e7\u00e3o\/Instagram)\"},{\"@type\":\"BreadcrumbList\",\"@id\":\"https:\/\/www.gaveanews.com\/index.php\/2024\/11\/20\/bahia-x-palmeiras-abel-ferreira-ganha-reforco\/#breadcrumb\",\"itemListElement\":[{\"@type\":\"ListItem\",\"position\":1,\"name\":\"Home\",\"item\":\"https:\/\/www.gaveanews.com\/\"},{\"@type\":\"ListItem\",\"position\":2,\"name\":\"Bahia x Palmeiras: Abel Ferreira ganha refor\u00e7o\"}]},{\"@type\":\"WebSite\",\"@id\":\"https:\/\/www.gaveanews.com\/#website\",\"url\":\"https:\/\/www.gaveanews.com\/\",\"name\":\"G\u00e1vea News\",\"description\":\"Veja todas as not\u00edcias sobre o Flamengo: Contrata\u00e7\u00f5es, categorias de base, resultados das partidas, tabela de classifica\u00e7\u00e3o, pr\u00f3ximos jogos!\",\"potentialAction\":[{\"@type\":\"SearchAction\",\"target\":{\"@type\":\"EntryPoint\",\"urlTemplate\":\"https:\/\/www.gaveanews.com\/?s={search_term_string}\"},\"query-input\":{\"@type\":\"PropertyValueSpecification\",\"valueRequired\":true,\"valueName\":\"search_term_string\"}}],\"inLanguage\":\"pt-BR\"},{\"@type\":\"Person\",\"@id\":\"https:\/\/www.gaveanews.com\/#\/schema\/person\/2abf0cfa878f5f899daa5f781e82264c\",\"name\":\"Lucas Barros\",\"image\":{\"@type\":\"ImageObject\",\"inLanguage\":\"pt-BR\",\"@id\":\"https:\/\/www.gaveanews.com\/#\/schema\/person\/image\/\",\"url\":\"https:\/\/secure.gravatar.com\/avatar\/67a6069eba66bf6fd7c80b70e1331baa3dbc3d6df5012d5c22eff29c7d59e0b0?s=96&d=mm&r=g\",\"contentUrl\":\"https:\/\/secure.gravatar.com\/avatar\/67a6069eba66bf6fd7c80b70e1331baa3dbc3d6df5012d5c22eff29c7d59e0b0?s=96&d=mm&r=g\",\"caption\":\"Lucas Barros\"}}]}<\/script>\n<!-- \/ Yoast SEO Premium plugin. -->","yoast_head_json":{"title":"Bahia x Palmeiras: Abel Ferreira ganha refor\u00e7o","robots":{"index":"index","follow":"follow","max-snippet":"max-snippet:-1","max-image-preview":"max-image-preview:large","max-video-preview":"max-video-preview:-1"},"canonical":"https:\/\/www.gaveanews.com\/index.php\/2024\/11\/20\/bahia-x-palmeiras-abel-ferreira-ganha-reforco\/","og_locale":"pt_BR","og_type":"article","og_title":"Bahia x Palmeiras: Abel Ferreira ganha refor\u00e7o","og_description":"Gustavo G\u00f3mez deve refor\u00e7ar o Palmeiras contra o Bahia ap\u00f3s Data Fifa Gustavo G\u00f3mez deve estar \u00e0 disposi\u00e7\u00e3o do Palmeiras para o jogo contra o Bahia, marcado para quarta-feira, \u00e0s 18h, em Salvador, pelo Campeonato Brasileiro. O zagueiro, que est\u00e1 com a sele\u00e7\u00e3o paraguaia nesta Data Fifa, ter\u00e1 o apoio do clube para se juntar [&hellip;]","og_url":"https:\/\/www.gaveanews.com\/index.php\/2024\/11\/20\/bahia-x-palmeiras-abel-ferreira-ganha-reforco\/","og_site_name":"G\u00e1vea News","article_publisher":"https:\/\/facebook.com\/gaveaNews\/","article_published_time":"2024-11-20T17:20:29+00:00","og_image":[{"width":1000,"height":667,"url":"https:\/\/www.gaveanews.com\/wp-content\/uploads\/Escudo-do-Palmeiras.webp","type":"image\/webp"}],"author":"Lucas Barros","twitter_card":"summary_large_image","twitter_misc":{"Escrito por":"Lucas Barros","Est. tempo de leitura":"3 minutos"},"schema":{"@context":"https:\/\/schema.org","@graph":[{"@type":"NewsArticle","@id":"https:\/\/www.gaveanews.com\/index.php\/2024\/11\/20\/bahia-x-palmeiras-abel-ferreira-ganha-reforco\/#article","isPartOf":{"@id":"https:\/\/www.gaveanews.com\/index.php\/2024\/11\/20\/bahia-x-palmeiras-abel-ferreira-ganha-reforco\/"},"author":{"name":"Lucas Barros","@id":"https:\/\/www.gaveanews.com\/#\/schema\/person\/2abf0cfa878f5f899daa5f781e82264c"},"headline":"Bahia x Palmeiras: Abel Ferreira ganha refor\u00e7o","datePublished":"2024-11-20T17:20:29+00:00","mainEntityOfPage":{"@id":"https:\/\/www.gaveanews.com\/index.php\/2024\/11\/20\/bahia-x-palmeiras-abel-ferreira-ganha-reforco\/"},"wordCount":377,"commentCount":0,"image":{"@id":"https:\/\/www.gaveanews.com\/index.php\/2024\/11\/20\/bahia-x-palmeiras-abel-ferreira-ganha-reforco\/#primaryimage"},"thumbnailUrl":"https:\/\/www.gaveanews.com\/wp-content\/uploads\/Escudo-do-Palmeiras.webp","articleSection":["Palmeiras"],"inLanguage":"pt-BR","potentialAction":[{"@type":"CommentAction","name":"Comment","target":["https:\/\/www.gaveanews.com\/index.php\/2024\/11\/20\/bahia-x-palmeiras-abel-ferreira-ganha-reforco\/#respond"]}],"copyrightYear":"2024","copyrightHolder":{"@id":"https:\/\/www.gaveanews.com\/#organization"}},{"@type":"WebPage","@id":"https:\/\/www.gaveanews.com\/index.php\/2024\/11\/20\/bahia-x-palmeiras-abel-ferreira-ganha-reforco\/","url":"https:\/\/www.gaveanews.com\/index.php\/2024\/11\/20\/bahia-x-palmeiras-abel-ferreira-ganha-reforco\/","name":"Bahia x Palmeiras: Abel Ferreira ganha refor\u00e7o","isPartOf":{"@id":"https:\/\/www.gaveanews.com\/#website"},"primaryImageOfPage":{"@id":"https:\/\/www.gaveanews.com\/index.php\/2024\/11\/20\/bahia-x-palmeiras-abel-ferreira-ganha-reforco\/#primaryimage"},"image":{"@id":"https:\/\/www.gaveanews.com\/index.php\/2024\/11\/20\/bahia-x-palmeiras-abel-ferreira-ganha-reforco\/#primaryimage"},"thumbnailUrl":"https:\/\/www.gaveanews.com\/wp-content\/uploads\/Escudo-do-Palmeiras.webp","datePublished":"2024-11-20T17:20:29+00:00","author":{"@id":"https:\/\/www.gaveanews.com\/#\/schema\/person\/2abf0cfa878f5f899daa5f781e82264c"},"breadcrumb":{"@id":"https:\/\/www.gaveanews.com\/index.php\/2024\/11\/20\/bahia-x-palmeiras-abel-ferreira-ganha-reforco\/#breadcrumb"},"inLanguage":"pt-BR","potentialAction":[{"@type":"ReadAction","target":["https:\/\/www.gaveanews.com\/index.php\/2024\/11\/20\/bahia-x-palmeiras-abel-ferreira-ganha-reforco\/"]}]},{"@type":"ImageObject","inLanguage":"pt-BR","@id":"https:\/\/www.gaveanews.com\/index.php\/2024\/11\/20\/bahia-x-palmeiras-abel-ferreira-ganha-reforco\/#primaryimage","url":"https:\/\/www.gaveanews.com\/wp-content\/uploads\/Escudo-do-Palmeiras.webp","contentUrl":"https:\/\/www.gaveanews.com\/wp-content\/uploads\/Escudo-do-Palmeiras.webp","width":1000,"height":667,"caption":"Escudo do Palmeiras (Foto Reprodu\u00e7\u00e3o\/Instagram)"},{"@type":"BreadcrumbList","@id":"https:\/\/www.gaveanews.com\/index.php\/2024\/11\/20\/bahia-x-palmeiras-abel-ferreira-ganha-reforco\/#breadcrumb","itemListElement":[{"@type":"ListItem","position":1,"name":"Home","item":"https:\/\/www.gaveanews.com\/"},{"@type":"ListItem","position":2,"name":"Bahia x Palmeiras: Abel Ferreira ganha refor\u00e7o"}]},{"@type":"WebSite","@id":"https:\/\/www.gaveanews.com\/#website","url":"https:\/\/www.gaveanews.com\/","name":"G\u00e1vea News","description":"Veja todas as not\u00edcias sobre o Flamengo: Contrata\u00e7\u00f5es, categorias de base, resultados das partidas, tabela de classifica\u00e7\u00e3o, pr\u00f3ximos jogos!","potentialAction":[{"@type":"SearchAction","target":{"@type":"EntryPoint","urlTemplate":"https:\/\/www.gaveanews.com\/?s={search_term_string}"},"query-input":{"@type":"PropertyValueSpecification","valueRequired":true,"valueName":"search_term_string"}}],"inLanguage":"pt-BR"},{"@type":"Person","@id":"https:\/\/www.gaveanews.com\/#\/schema\/person\/2abf0cfa878f5f899daa5f781e82264c","name":"Lucas Barros","image":{"@type":"ImageObject","inLanguage":"pt-BR","@id":"https:\/\/www.gaveanews.com\/#\/schema\/person\/image\/","url":"https:\/\/secure.gravatar.com\/avatar\/67a6069eba66bf6fd7c80b70e1331baa3dbc3d6df5012d5c22eff29c7d59e0b0?s=96&d=mm&r=g","contentUrl":"https:\/\/secure.gravatar.com\/avatar\/67a6069eba66bf6fd7c80b70e1331baa3dbc3d6df5012d5c22eff29c7d59e0b0?s=96&d=mm&r=g","caption":"Lucas Barros"}}]}},"_links":{"self":[{"href":"https:\/\/www.gaveanews.com\/index.php\/wp-json\/wp\/v2\/posts\/187711","targetHints":{"allow":["GET"]}}],"collection":[{"href":"https:\/\/www.gaveanews.com\/index.php\/wp-json\/wp\/v2\/posts"}],"about":[{"href":"https:\/\/www.gaveanews.com\/index.php\/wp-json\/wp\/v2\/types\/post"}],"author":[{"embeddable":true,"href":"https:\/\/www.gaveanews.com\/index.php\/wp-json\/wp\/v2\/users\/20"}],"replies":[{"embeddable":true,"href":"https:\/\/www.gaveanews.com\/index.php\/wp-json\/wp\/v2\/comments?post=187711"}],"version-history":[{"count":2,"href":"https:\/\/www.gaveanews.com\/index.php\/wp-json\/wp\/v2\/posts\/187711\/revisions"}],"predecessor-version":[{"id":187849,"href":"https:\/\/www.gaveanews.com\/index.php\/wp-json\/wp\/v2\/posts\/187711\/revisions\/187849"}],"wp:featuredmedia":[{"embeddable":true,"href":"https:\/\/www.gaveanews.com\/index.php\/wp-json\/wp\/v2\/media\/152159"}],"wp:attachment":[{"href":"https:\/\/www.gaveanews.com\/index.php\/wp-json\/wp\/v2\/media?parent=187711"}],"wp:term":[{"taxonomy":"category","embeddable":true,"href":"https:\/\/www.gaveanews.com\/index.php\/wp-json\/wp\/v2\/categories?post=187711"},{"taxonomy":"post_tag","embeddable":true,"href":"https:\/\/www.gaveanews.com\/index.php\/wp-json\/wp\/v2\/tags?post=187711"}],"curies":[{"name":"wp","href":"https:\/\/api.w.org\/{rel}","templated":true}]}}