{"id":187872,"date":"2024-11-20T17:45:00","date_gmt":"2024-11-20T20:45:00","guid":{"rendered":"https:\/\/www.gaveanews.com\/?p=187872"},"modified":"2024-11-20T16:58:14","modified_gmt":"2024-11-20T19:58:14","slug":"luxemburgo-manda-a-real-sobre-carlo-ancelotti-e-pep-guardiola","status":"publish","type":"post","link":"https:\/\/www.gaveanews.com\/index.php\/2024\/11\/20\/luxemburgo-manda-a-real-sobre-carlo-ancelotti-e-pep-guardiola\/","title":{"rendered":"Luxemburgo manda a real sobre Carlo Ancelotti e Pep Guardiola"},"content":{"rendered":"\n<p>O empate do Brasil contra o Uruguai, pela 12\u00aa rodada das Eliminat\u00f3rias da Copa do Mundo de 2026, reacendeu a discuss\u00e3o sobre o comando t\u00e9cnico da Sele\u00e7\u00e3o Brasileira. Enquanto Dorival J\u00fanior enfrenta press\u00e3o crescente, Vanderlei Luxemburgo, ex-t\u00e9cnico do Brasil, trouxe \u00e0 tona sua prefer\u00eancia para o futuro da equipe. Em entrevista ao programa \u201cBenja Me Mucho\u201d, o &#8220;Profex\u00f4&#8221; deixou claro quem escolheria entre Carlo Ancelotti e Pep Guardiola.<\/p>\n\n\n\n<ul class=\"wp-block-list\">\n<li><a href=\"https:\/\/www.gaveanews.com\/index.php\/2024\/11\/15\/vanderlei-luxemburgo-detona-atitude-da-rede-globo\/\">Vanderlei Luxemburgo detona atitude da Rede Globo<\/a><\/li>\n\n\n\n<li><a href=\"https:\/\/www.gaveanews.com\/index.php\/2023\/12\/29\/real-madrid-confirma-renovacao-de-carlo-ancelotti-ate-2026\/\">Real Madrid confirma renova\u00e7\u00e3o de Carlo Ancelotti at\u00e9 2026<\/a><\/li>\n<\/ul>\n\n\n\n<h2 class=\"wp-block-heading\" id=\"h-luxemburgo-aposta-em-ancelotti\">Luxemburgo aposta em Ancelotti<\/h2>\n\n\n\n<p>Vanderlei Luxemburgo foi direto ao apontar sua prefer\u00eancia pelo italiano Carlo Ancelotti no comando da Sele\u00e7\u00e3o Brasileira. Durante o programa, ele elogiou o legado de t\u00edtulos e a vasta experi\u00eancia do t\u00e9cnico do Real Madrid, destacando que o italiano seria a escolha ideal.<\/p>\n\n\n\n<p>Vale destacar que o nome de Ancelotti j\u00e1 foi amplamente associado \u00e0 Sele\u00e7\u00e3o nos \u00faltimos meses. Isso porque a CBF chegou a afirmar que tinha um acordo verbal com o treinador.&nbsp;<\/p>\n\n\n\n<h2 class=\"wp-block-heading\" id=\"h-pep-guardiola-fora-da-lista-de-luxemburgo\">Pep Guardiola fora da lista de Luxemburgo<\/h2>\n\n\n\n<p>Sobre Pep Guardiola, Luxemburgo foi mais comedido. Embora o espanhol seja amplamente reconhecido como um dos maiores t\u00e9cnicos da atualidade, Luxa demonstrou maior confian\u00e7a no trabalho de Ancelotti para a realidade da Sele\u00e7\u00e3o Brasileira.&nbsp;<\/p>\n\n\n\n<h2 class=\"wp-block-heading\" id=\"h-o-futuro-de-dorival-e-o-impacto-na-selecao\">O futuro de Dorival e o impacto na Sele\u00e7\u00e3o<\/h2>\n\n\n\n<p>Com o Brasil ocupando apenas a quinta coloca\u00e7\u00e3o nas Eliminat\u00f3rias e somando resultados ruins, a press\u00e3o sobre Dorival J\u00fanior \u00e9 inevit\u00e1vel. Por isso, as especula\u00e7\u00f5es sobre um novo t\u00e9cnico ganham for\u00e7a, ainda mais com nomes de peso como Ancelotti sendo ventilados. <\/p>\n\n\n\n<p>Dessa maneira, o futuro da Sele\u00e7\u00e3o pode passar por uma decis\u00e3o crucial nos pr\u00f3ximos meses, envolvendo a escolha de um comandante capaz de reverter a fase inst\u00e1vel e conduzir o Brasil rumo ao hexa. Com isso, resta saber se a opini\u00e3o de Luxemburgo refletir\u00e1 nas decis\u00f5es da CBF ou se o atual t\u00e9cnico ter\u00e1 tempo para reconstruir o time e retomar a confian\u00e7a da torcida.<\/p>\n","protected":false},"excerpt":{"rendered":"<p>O empate do Brasil contra o Uruguai, pela 12\u00aa rodada das Eliminat\u00f3rias da Copa do Mundo de 2026, reacendeu a discuss\u00e3o sobre o comando t\u00e9cnico da Sele\u00e7\u00e3o Brasileira. Enquanto Dorival J\u00fanior enfrenta press\u00e3o crescente, Vanderlei Luxemburgo, ex-t\u00e9cnico do Brasil, trouxe \u00e0 tona sua prefer\u00eancia para o futuro da equipe. Em entrevista ao programa \u201cBenja Me [&hellip;]<\/p>\n","protected":false},"author":24,"featured_media":33887,"comment_status":"open","ping_status":"closed","sticky":false,"template":"","format":"standard","meta":{"footnotes":""},"categories":[84,88,477],"tags":[],"class_list":["post-187872","post","type-post","status-publish","format-standard","has-post-thumbnail","hentry","category-manchester-city","category-real-madrid","category-selecoes"],"yoast_head":"<!-- This site is optimized with the Yoast SEO Premium plugin v24.2 (Yoast SEO v26.9) - https:\/\/yoast.com\/product\/yoast-seo-premium-wordpress\/ -->\n<title>Luxemburgo manda a real sobre Carlo Ancelotti e Pep Guardiola<\/title>\n<meta name=\"robots\" content=\"index, follow, max-snippet:-1, max-image-preview:large, max-video-preview:-1\" \/>\n<link rel=\"canonical\" href=\"https:\/\/www.gaveanews.com\/index.php\/2024\/11\/20\/luxemburgo-manda-a-real-sobre-carlo-ancelotti-e-pep-guardiola\/\" \/>\n<meta property=\"og:locale\" content=\"pt_BR\" \/>\n<meta property=\"og:type\" content=\"article\" \/>\n<meta property=\"og:title\" content=\"Luxemburgo manda a real sobre Carlo Ancelotti e Pep Guardiola\" \/>\n<meta property=\"og:description\" content=\"O empate do Brasil contra o Uruguai, pela 12\u00aa rodada das Eliminat\u00f3rias da Copa do Mundo de 2026, reacendeu a discuss\u00e3o sobre o comando t\u00e9cnico da Sele\u00e7\u00e3o Brasileira. Enquanto Dorival J\u00fanior enfrenta press\u00e3o crescente, Vanderlei Luxemburgo, ex-t\u00e9cnico do Brasil, trouxe \u00e0 tona sua prefer\u00eancia para o futuro da equipe. Em entrevista ao programa \u201cBenja Me [&hellip;]\" \/>\n<meta property=\"og:url\" content=\"https:\/\/www.gaveanews.com\/index.php\/2024\/11\/20\/luxemburgo-manda-a-real-sobre-carlo-ancelotti-e-pep-guardiola\/\" \/>\n<meta property=\"og:site_name\" content=\"G\u00e1vea News\" \/>\n<meta property=\"article:publisher\" content=\"https:\/\/facebook.com\/gaveaNews\/\" \/>\n<meta property=\"article:published_time\" content=\"2024-11-20T20:45:00+00:00\" \/>\n<meta property=\"og:image\" content=\"https:\/\/www.gaveanews.com\/wp-content\/uploads\/esporte-vanderlei-luxemburgo-28092015-001-scaled.webp\" \/>\n\t<meta property=\"og:image:width\" content=\"2560\" \/>\n\t<meta property=\"og:image:height\" content=\"1707\" \/>\n\t<meta property=\"og:image:type\" content=\"image\/jpeg\" \/>\n<meta name=\"author\" content=\"Leandro Cardoso\" \/>\n<meta name=\"twitter:card\" content=\"summary_large_image\" \/>\n<meta name=\"twitter:label1\" content=\"Escrito por\" \/>\n\t<meta name=\"twitter:data1\" content=\"Leandro Cardoso\" \/>\n\t<meta name=\"twitter:label2\" content=\"Est. tempo de leitura\" \/>\n\t<meta name=\"twitter:data2\" content=\"2 minutos\" \/>\n<script type=\"application\/ld+json\" class=\"yoast-schema-graph\">{\"@context\":\"https:\/\/schema.org\",\"@graph\":[{\"@type\":\"NewsArticle\",\"@id\":\"https:\/\/www.gaveanews.com\/index.php\/2024\/11\/20\/luxemburgo-manda-a-real-sobre-carlo-ancelotti-e-pep-guardiola\/#article\",\"isPartOf\":{\"@id\":\"https:\/\/www.gaveanews.com\/index.php\/2024\/11\/20\/luxemburgo-manda-a-real-sobre-carlo-ancelotti-e-pep-guardiola\/\"},\"author\":{\"name\":\"Leandro Cardoso\",\"@id\":\"https:\/\/www.gaveanews.com\/#\/schema\/person\/2424ec6409bc3f068411fc5e4e9b6168\"},\"headline\":\"Luxemburgo manda a real sobre Carlo Ancelotti e Pep Guardiola\",\"datePublished\":\"2024-11-20T20:45:00+00:00\",\"mainEntityOfPage\":{\"@id\":\"https:\/\/www.gaveanews.com\/index.php\/2024\/11\/20\/luxemburgo-manda-a-real-sobre-carlo-ancelotti-e-pep-guardiola\/\"},\"wordCount\":359,\"commentCount\":0,\"image\":{\"@id\":\"https:\/\/www.gaveanews.com\/index.php\/2024\/11\/20\/luxemburgo-manda-a-real-sobre-carlo-ancelotti-e-pep-guardiola\/#primaryimage\"},\"thumbnailUrl\":\"https:\/\/www.gaveanews.com\/wp-content\/uploads\/esporte-vanderlei-luxemburgo-28092015-001-scaled.webp\",\"articleSection\":[\"Manchester City\",\"Real Madrid\",\"Sele\u00e7\u00f5es\"],\"inLanguage\":\"pt-BR\",\"potentialAction\":[{\"@type\":\"CommentAction\",\"name\":\"Comment\",\"target\":[\"https:\/\/www.gaveanews.com\/index.php\/2024\/11\/20\/luxemburgo-manda-a-real-sobre-carlo-ancelotti-e-pep-guardiola\/#respond\"]}],\"copyrightYear\":\"2024\",\"copyrightHolder\":{\"@id\":\"https:\/\/www.gaveanews.com\/#organization\"}},{\"@type\":\"WebPage\",\"@id\":\"https:\/\/www.gaveanews.com\/index.php\/2024\/11\/20\/luxemburgo-manda-a-real-sobre-carlo-ancelotti-e-pep-guardiola\/\",\"url\":\"https:\/\/www.gaveanews.com\/index.php\/2024\/11\/20\/luxemburgo-manda-a-real-sobre-carlo-ancelotti-e-pep-guardiola\/\",\"name\":\"Luxemburgo manda a real sobre Carlo Ancelotti e Pep Guardiola\",\"isPartOf\":{\"@id\":\"https:\/\/www.gaveanews.com\/#website\"},\"primaryImageOfPage\":{\"@id\":\"https:\/\/www.gaveanews.com\/index.php\/2024\/11\/20\/luxemburgo-manda-a-real-sobre-carlo-ancelotti-e-pep-guardiola\/#primaryimage\"},\"image\":{\"@id\":\"https:\/\/www.gaveanews.com\/index.php\/2024\/11\/20\/luxemburgo-manda-a-real-sobre-carlo-ancelotti-e-pep-guardiola\/#primaryimage\"},\"thumbnailUrl\":\"https:\/\/www.gaveanews.com\/wp-content\/uploads\/esporte-vanderlei-luxemburgo-28092015-001-scaled.webp\",\"datePublished\":\"2024-11-20T20:45:00+00:00\",\"author\":{\"@id\":\"https:\/\/www.gaveanews.com\/#\/schema\/person\/2424ec6409bc3f068411fc5e4e9b6168\"},\"breadcrumb\":{\"@id\":\"https:\/\/www.gaveanews.com\/index.php\/2024\/11\/20\/luxemburgo-manda-a-real-sobre-carlo-ancelotti-e-pep-guardiola\/#breadcrumb\"},\"inLanguage\":\"pt-BR\",\"potentialAction\":[{\"@type\":\"ReadAction\",\"target\":[\"https:\/\/www.gaveanews.com\/index.php\/2024\/11\/20\/luxemburgo-manda-a-real-sobre-carlo-ancelotti-e-pep-guardiola\/\"]}]},{\"@type\":\"ImageObject\",\"inLanguage\":\"pt-BR\",\"@id\":\"https:\/\/www.gaveanews.com\/index.php\/2024\/11\/20\/luxemburgo-manda-a-real-sobre-carlo-ancelotti-e-pep-guardiola\/#primaryimage\",\"url\":\"https:\/\/www.gaveanews.com\/wp-content\/uploads\/esporte-vanderlei-luxemburgo-28092015-001-scaled.webp\",\"contentUrl\":\"https:\/\/www.gaveanews.com\/wp-content\/uploads\/esporte-vanderlei-luxemburgo-28092015-001-scaled.webp\",\"width\":2560,\"height\":1707,\"caption\":\"Vanderlei Luxemburgo (Photo by VCG\/VCG via Getty Images)\"},{\"@type\":\"BreadcrumbList\",\"@id\":\"https:\/\/www.gaveanews.com\/index.php\/2024\/11\/20\/luxemburgo-manda-a-real-sobre-carlo-ancelotti-e-pep-guardiola\/#breadcrumb\",\"itemListElement\":[{\"@type\":\"ListItem\",\"position\":1,\"name\":\"Home\",\"item\":\"https:\/\/www.gaveanews.com\/\"},{\"@type\":\"ListItem\",\"position\":2,\"name\":\"Luxemburgo manda a real sobre Carlo Ancelotti e Pep Guardiola\"}]},{\"@type\":\"WebSite\",\"@id\":\"https:\/\/www.gaveanews.com\/#website\",\"url\":\"https:\/\/www.gaveanews.com\/\",\"name\":\"G\u00e1vea News\",\"description\":\"Veja todas as not\u00edcias sobre o Flamengo: Contrata\u00e7\u00f5es, categorias de base, resultados das partidas, tabela de classifica\u00e7\u00e3o, pr\u00f3ximos jogos!\",\"potentialAction\":[{\"@type\":\"SearchAction\",\"target\":{\"@type\":\"EntryPoint\",\"urlTemplate\":\"https:\/\/www.gaveanews.com\/?s={search_term_string}\"},\"query-input\":{\"@type\":\"PropertyValueSpecification\",\"valueRequired\":true,\"valueName\":\"search_term_string\"}}],\"inLanguage\":\"pt-BR\"},{\"@type\":\"Person\",\"@id\":\"https:\/\/www.gaveanews.com\/#\/schema\/person\/2424ec6409bc3f068411fc5e4e9b6168\",\"name\":\"Leandro Cardoso\",\"image\":{\"@type\":\"ImageObject\",\"inLanguage\":\"pt-BR\",\"@id\":\"https:\/\/www.gaveanews.com\/#\/schema\/person\/image\/\",\"url\":\"https:\/\/secure.gravatar.com\/avatar\/8ca179f9b55eefe9f376f5493ef25475bfa59fbc28ce937f6076ce20e523098f?s=96&d=mm&r=g\",\"contentUrl\":\"https:\/\/secure.gravatar.com\/avatar\/8ca179f9b55eefe9f376f5493ef25475bfa59fbc28ce937f6076ce20e523098f?s=96&d=mm&r=g\",\"caption\":\"Leandro Cardoso\"}}]}<\/script>\n<!-- \/ Yoast SEO Premium plugin. -->","yoast_head_json":{"title":"Luxemburgo manda a real sobre Carlo Ancelotti e Pep Guardiola","robots":{"index":"index","follow":"follow","max-snippet":"max-snippet:-1","max-image-preview":"max-image-preview:large","max-video-preview":"max-video-preview:-1"},"canonical":"https:\/\/www.gaveanews.com\/index.php\/2024\/11\/20\/luxemburgo-manda-a-real-sobre-carlo-ancelotti-e-pep-guardiola\/","og_locale":"pt_BR","og_type":"article","og_title":"Luxemburgo manda a real sobre Carlo Ancelotti e Pep Guardiola","og_description":"O empate do Brasil contra o Uruguai, pela 12\u00aa rodada das Eliminat\u00f3rias da Copa do Mundo de 2026, reacendeu a discuss\u00e3o sobre o comando t\u00e9cnico da Sele\u00e7\u00e3o Brasileira. Enquanto Dorival J\u00fanior enfrenta press\u00e3o crescente, Vanderlei Luxemburgo, ex-t\u00e9cnico do Brasil, trouxe \u00e0 tona sua prefer\u00eancia para o futuro da equipe. Em entrevista ao programa \u201cBenja Me [&hellip;]","og_url":"https:\/\/www.gaveanews.com\/index.php\/2024\/11\/20\/luxemburgo-manda-a-real-sobre-carlo-ancelotti-e-pep-guardiola\/","og_site_name":"G\u00e1vea News","article_publisher":"https:\/\/facebook.com\/gaveaNews\/","article_published_time":"2024-11-20T20:45:00+00:00","og_image":[{"width":2560,"height":1707,"url":"https:\/\/www.gaveanews.com\/wp-content\/uploads\/esporte-vanderlei-luxemburgo-28092015-001-scaled.webp","type":"image\/jpeg"}],"author":"Leandro Cardoso","twitter_card":"summary_large_image","twitter_misc":{"Escrito por":"Leandro Cardoso","Est. tempo de leitura":"2 minutos"},"schema":{"@context":"https:\/\/schema.org","@graph":[{"@type":"NewsArticle","@id":"https:\/\/www.gaveanews.com\/index.php\/2024\/11\/20\/luxemburgo-manda-a-real-sobre-carlo-ancelotti-e-pep-guardiola\/#article","isPartOf":{"@id":"https:\/\/www.gaveanews.com\/index.php\/2024\/11\/20\/luxemburgo-manda-a-real-sobre-carlo-ancelotti-e-pep-guardiola\/"},"author":{"name":"Leandro Cardoso","@id":"https:\/\/www.gaveanews.com\/#\/schema\/person\/2424ec6409bc3f068411fc5e4e9b6168"},"headline":"Luxemburgo manda a real sobre Carlo Ancelotti e Pep Guardiola","datePublished":"2024-11-20T20:45:00+00:00","mainEntityOfPage":{"@id":"https:\/\/www.gaveanews.com\/index.php\/2024\/11\/20\/luxemburgo-manda-a-real-sobre-carlo-ancelotti-e-pep-guardiola\/"},"wordCount":359,"commentCount":0,"image":{"@id":"https:\/\/www.gaveanews.com\/index.php\/2024\/11\/20\/luxemburgo-manda-a-real-sobre-carlo-ancelotti-e-pep-guardiola\/#primaryimage"},"thumbnailUrl":"https:\/\/www.gaveanews.com\/wp-content\/uploads\/esporte-vanderlei-luxemburgo-28092015-001-scaled.webp","articleSection":["Manchester City","Real Madrid","Sele\u00e7\u00f5es"],"inLanguage":"pt-BR","potentialAction":[{"@type":"CommentAction","name":"Comment","target":["https:\/\/www.gaveanews.com\/index.php\/2024\/11\/20\/luxemburgo-manda-a-real-sobre-carlo-ancelotti-e-pep-guardiola\/#respond"]}],"copyrightYear":"2024","copyrightHolder":{"@id":"https:\/\/www.gaveanews.com\/#organization"}},{"@type":"WebPage","@id":"https:\/\/www.gaveanews.com\/index.php\/2024\/11\/20\/luxemburgo-manda-a-real-sobre-carlo-ancelotti-e-pep-guardiola\/","url":"https:\/\/www.gaveanews.com\/index.php\/2024\/11\/20\/luxemburgo-manda-a-real-sobre-carlo-ancelotti-e-pep-guardiola\/","name":"Luxemburgo manda a real sobre Carlo Ancelotti e Pep Guardiola","isPartOf":{"@id":"https:\/\/www.gaveanews.com\/#website"},"primaryImageOfPage":{"@id":"https:\/\/www.gaveanews.com\/index.php\/2024\/11\/20\/luxemburgo-manda-a-real-sobre-carlo-ancelotti-e-pep-guardiola\/#primaryimage"},"image":{"@id":"https:\/\/www.gaveanews.com\/index.php\/2024\/11\/20\/luxemburgo-manda-a-real-sobre-carlo-ancelotti-e-pep-guardiola\/#primaryimage"},"thumbnailUrl":"https:\/\/www.gaveanews.com\/wp-content\/uploads\/esporte-vanderlei-luxemburgo-28092015-001-scaled.webp","datePublished":"2024-11-20T20:45:00+00:00","author":{"@id":"https:\/\/www.gaveanews.com\/#\/schema\/person\/2424ec6409bc3f068411fc5e4e9b6168"},"breadcrumb":{"@id":"https:\/\/www.gaveanews.com\/index.php\/2024\/11\/20\/luxemburgo-manda-a-real-sobre-carlo-ancelotti-e-pep-guardiola\/#breadcrumb"},"inLanguage":"pt-BR","potentialAction":[{"@type":"ReadAction","target":["https:\/\/www.gaveanews.com\/index.php\/2024\/11\/20\/luxemburgo-manda-a-real-sobre-carlo-ancelotti-e-pep-guardiola\/"]}]},{"@type":"ImageObject","inLanguage":"pt-BR","@id":"https:\/\/www.gaveanews.com\/index.php\/2024\/11\/20\/luxemburgo-manda-a-real-sobre-carlo-ancelotti-e-pep-guardiola\/#primaryimage","url":"https:\/\/www.gaveanews.com\/wp-content\/uploads\/esporte-vanderlei-luxemburgo-28092015-001-scaled.webp","contentUrl":"https:\/\/www.gaveanews.com\/wp-content\/uploads\/esporte-vanderlei-luxemburgo-28092015-001-scaled.webp","width":2560,"height":1707,"caption":"Vanderlei Luxemburgo (Photo by VCG\/VCG via Getty Images)"},{"@type":"BreadcrumbList","@id":"https:\/\/www.gaveanews.com\/index.php\/2024\/11\/20\/luxemburgo-manda-a-real-sobre-carlo-ancelotti-e-pep-guardiola\/#breadcrumb","itemListElement":[{"@type":"ListItem","position":1,"name":"Home","item":"https:\/\/www.gaveanews.com\/"},{"@type":"ListItem","position":2,"name":"Luxemburgo manda a real sobre Carlo Ancelotti e Pep Guardiola"}]},{"@type":"WebSite","@id":"https:\/\/www.gaveanews.com\/#website","url":"https:\/\/www.gaveanews.com\/","name":"G\u00e1vea News","description":"Veja todas as not\u00edcias sobre o Flamengo: Contrata\u00e7\u00f5es, categorias de base, resultados das partidas, tabela de classifica\u00e7\u00e3o, pr\u00f3ximos jogos!","potentialAction":[{"@type":"SearchAction","target":{"@type":"EntryPoint","urlTemplate":"https:\/\/www.gaveanews.com\/?s={search_term_string}"},"query-input":{"@type":"PropertyValueSpecification","valueRequired":true,"valueName":"search_term_string"}}],"inLanguage":"pt-BR"},{"@type":"Person","@id":"https:\/\/www.gaveanews.com\/#\/schema\/person\/2424ec6409bc3f068411fc5e4e9b6168","name":"Leandro Cardoso","image":{"@type":"ImageObject","inLanguage":"pt-BR","@id":"https:\/\/www.gaveanews.com\/#\/schema\/person\/image\/","url":"https:\/\/secure.gravatar.com\/avatar\/8ca179f9b55eefe9f376f5493ef25475bfa59fbc28ce937f6076ce20e523098f?s=96&d=mm&r=g","contentUrl":"https:\/\/secure.gravatar.com\/avatar\/8ca179f9b55eefe9f376f5493ef25475bfa59fbc28ce937f6076ce20e523098f?s=96&d=mm&r=g","caption":"Leandro Cardoso"}}]}},"_links":{"self":[{"href":"https:\/\/www.gaveanews.com\/index.php\/wp-json\/wp\/v2\/posts\/187872","targetHints":{"allow":["GET"]}}],"collection":[{"href":"https:\/\/www.gaveanews.com\/index.php\/wp-json\/wp\/v2\/posts"}],"about":[{"href":"https:\/\/www.gaveanews.com\/index.php\/wp-json\/wp\/v2\/types\/post"}],"author":[{"embeddable":true,"href":"https:\/\/www.gaveanews.com\/index.php\/wp-json\/wp\/v2\/users\/24"}],"replies":[{"embeddable":true,"href":"https:\/\/www.gaveanews.com\/index.php\/wp-json\/wp\/v2\/comments?post=187872"}],"version-history":[{"count":2,"href":"https:\/\/www.gaveanews.com\/index.php\/wp-json\/wp\/v2\/posts\/187872\/revisions"}],"predecessor-version":[{"id":187949,"href":"https:\/\/www.gaveanews.com\/index.php\/wp-json\/wp\/v2\/posts\/187872\/revisions\/187949"}],"wp:featuredmedia":[{"embeddable":true,"href":"https:\/\/www.gaveanews.com\/index.php\/wp-json\/wp\/v2\/media\/33887"}],"wp:attachment":[{"href":"https:\/\/www.gaveanews.com\/index.php\/wp-json\/wp\/v2\/media?parent=187872"}],"wp:term":[{"taxonomy":"category","embeddable":true,"href":"https:\/\/www.gaveanews.com\/index.php\/wp-json\/wp\/v2\/categories?post=187872"},{"taxonomy":"post_tag","embeddable":true,"href":"https:\/\/www.gaveanews.com\/index.php\/wp-json\/wp\/v2\/tags?post=187872"}],"curies":[{"name":"wp","href":"https:\/\/api.w.org\/{rel}","templated":true}]}}