{"id":18806,"date":"2019-04-28T10:01:01","date_gmt":"2019-04-28T13:01:01","guid":{"rendered":"https:\/\/www.gaveanews.com\/?p=18806"},"modified":"2019-04-28T10:01:01","modified_gmt":"2019-04-28T13:01:01","slug":"gabigol-lamenta-aposentadoria-de-juan-mas-vibra-pela-vitoria-do-flamengo-o-resumo-da-noite-e-felicidade","status":"publish","type":"post","link":"https:\/\/www.gaveanews.com\/index.php\/2019\/04\/28\/gabigol-lamenta-aposentadoria-de-juan-mas-vibra-pela-vitoria-do-flamengo-o-resumo-da-noite-e-felicidade\/","title":{"rendered":"Gabigol lamenta aposentadoria de Juan, mas vibra pela vit\u00f3ria do Flamengo: \u201cO resumo da noite \u00e9 felicidade\u201d"},"content":{"rendered":"\n<p>A noite no est\u00e1dio do Maracan\u00e3 foi de festa da torcida, vit\u00f3ria do Flamengo e aposentadoria de Juan. Como parte do jogo, Gabigol deixou sua marca e chegou ao gol 100 de sua carreira, al\u00e9m dos dois gols de Bruno Henrique, que culminou em um resultado de 3 a 1 (<strong><a href=\"https:\/\/www.gaveanews.com\/index.php\/2019\/04\/27\/bruno-henrique-brilha-e-flamengo-vira-para-cima-do-cruzeiro-assista-os-gols\/\">clique aqui para assistir<\/a><\/strong>).<\/p>\n\n\n\n<p>Gabigol, em entrevista ap\u00f3s a partida, lamentou a despedida de Juan, manifestou sua alegria pela vit\u00f3ria e resumiu a noite como \u2018felicidade\u2019.<br><br><\/p>\n\n\n\n<p>\u201cFeliz pela vit\u00f3ria, pelo gol, pelo meu cent\u00e9simo gol como profissional. Estou muito feliz, mas tamb\u00e9m triste pelo Juan, mas creio que ele ficar\u00e1 com a gente. Ele \u00e9 um exemplo para todo mundo e vamos sentir bastante a falta dele, mas ele estar\u00e1 com n\u00f3s na parte de fora. O resumo da noite \u00e9 felicidade.\u201d<\/p>\n\n\n\n<p>Depois, o atacante ex-Santos comentou sobre a derrota para a LDU na \u00faltima quarta-feira (25), resultado que deixou o Flamengo em perigo na Libertadores.<\/p>\n\n\n\n<p>\u201cConfian\u00e7a a gente tem. N\u00e3o perdemos a confian\u00e7a por causa de uma derrota (contra a LDU pela Copa Libertadores), eu acho que conseguimos fazer um grande jogo contra uma equipe qualificada (Cruzeiro), \u00e9 sim de se comemorar, mas temos j\u00e1 de pensar no pr\u00f3ximo jogo. Brasileir\u00e3o s\u00e3o muitos jogos dif\u00edceis.\u201d<\/p>\n\n\n\n\n\n<p>Retirado de: Torcedores<\/p>\n","protected":false},"excerpt":{"rendered":"<p>A noite no est\u00e1dio do Maracan\u00e3 foi de festa da torcida, vit\u00f3ria do Flamengo e aposentadoria de Juan. Como parte do jogo, Gabigol deixou sua marca e chegou ao gol 100 de sua carreira, al\u00e9m dos dois gols de Bruno Henrique, que culminou em um resultado de 3 a 1 (clique aqui para assistir). Gabigol, [&hellip;]<\/p>\n","protected":false},"author":1,"featured_media":14946,"comment_status":"open","ping_status":"open","sticky":false,"template":"","format":"standard","meta":{"footnotes":""},"categories":[1],"tags":[],"class_list":["post-18806","post","type-post","status-publish","format-standard","has-post-thumbnail","hentry","category-flamengo"],"yoast_head":"<!-- This site is optimized with the Yoast SEO Premium plugin v24.2 (Yoast SEO v26.9) - https:\/\/yoast.com\/product\/yoast-seo-premium-wordpress\/ -->\n<title>Gabigol lamenta aposentadoria de Juan, mas vibra pela vit\u00f3ria do Flamengo: \u201cO resumo da noite \u00e9 felicidade\u201d<\/title>\n<meta name=\"robots\" content=\"index, follow, max-snippet:-1, max-image-preview:large, max-video-preview:-1\" \/>\n<link rel=\"canonical\" href=\"https:\/\/www.gaveanews.com\/index.php\/2019\/04\/28\/gabigol-lamenta-aposentadoria-de-juan-mas-vibra-pela-vitoria-do-flamengo-o-resumo-da-noite-e-felicidade\/\" \/>\n<meta property=\"og:locale\" content=\"pt_BR\" \/>\n<meta property=\"og:type\" content=\"article\" \/>\n<meta property=\"og:title\" content=\"Gabigol lamenta aposentadoria de Juan, mas vibra pela vit\u00f3ria do Flamengo: \u201cO resumo da noite \u00e9 felicidade\u201d\" \/>\n<meta property=\"og:description\" content=\"A noite no est\u00e1dio do Maracan\u00e3 foi de festa da torcida, vit\u00f3ria do Flamengo e aposentadoria de Juan. Como parte do jogo, Gabigol deixou sua marca e chegou ao gol 100 de sua carreira, al\u00e9m dos dois gols de Bruno Henrique, que culminou em um resultado de 3 a 1 (clique aqui para assistir). Gabigol, [&hellip;]\" \/>\n<meta property=\"og:url\" content=\"https:\/\/www.gaveanews.com\/index.php\/2019\/04\/28\/gabigol-lamenta-aposentadoria-de-juan-mas-vibra-pela-vitoria-do-flamengo-o-resumo-da-noite-e-felicidade\/\" \/>\n<meta property=\"og:site_name\" content=\"G\u00e1vea News\" \/>\n<meta property=\"article:publisher\" content=\"https:\/\/facebook.com\/gaveaNews\/\" \/>\n<meta property=\"article:published_time\" content=\"2019-04-28T13:01:01+00:00\" \/>\n<meta property=\"og:image\" content=\"https:\/\/www.gaveanews.com\/wp-content\/uploads\/2019\/03\/Juan-em-acao-pelo-Flamengo-durante-uma-partida-da-Libertadores-no-Maracana.webp\" \/>\n\t<meta property=\"og:image:width\" content=\"1\" \/>\n\t<meta property=\"og:image:height\" content=\"1\" \/>\n\t<meta property=\"og:image:type\" content=\"image\/jpeg\" \/>\n<meta name=\"author\" content=\"Equipe G\u00e1vea News\" \/>\n<meta name=\"twitter:card\" content=\"summary_large_image\" \/>\n<meta name=\"twitter:label1\" content=\"Escrito por\" \/>\n\t<meta name=\"twitter:data1\" content=\"Equipe G\u00e1vea News\" \/>\n\t<meta name=\"twitter:label2\" content=\"Est. tempo de leitura\" \/>\n\t<meta name=\"twitter:data2\" content=\"1 minuto\" \/>\n<script type=\"application\/ld+json\" class=\"yoast-schema-graph\">{\"@context\":\"https:\/\/schema.org\",\"@graph\":[{\"@type\":\"NewsArticle\",\"@id\":\"https:\/\/www.gaveanews.com\/index.php\/2019\/04\/28\/gabigol-lamenta-aposentadoria-de-juan-mas-vibra-pela-vitoria-do-flamengo-o-resumo-da-noite-e-felicidade\/#article\",\"isPartOf\":{\"@id\":\"https:\/\/www.gaveanews.com\/index.php\/2019\/04\/28\/gabigol-lamenta-aposentadoria-de-juan-mas-vibra-pela-vitoria-do-flamengo-o-resumo-da-noite-e-felicidade\/\"},\"author\":{\"name\":\"Equipe G\u00e1vea News\",\"@id\":\"https:\/\/www.gaveanews.com\/#\/schema\/person\/2ec14f73fb96be2caf28f91afb14749d\"},\"headline\":\"Gabigol lamenta aposentadoria de Juan, mas vibra pela vit\u00f3ria do Flamengo: \u201cO resumo da noite \u00e9 felicidade\u201d\",\"datePublished\":\"2019-04-28T13:01:01+00:00\",\"mainEntityOfPage\":{\"@id\":\"https:\/\/www.gaveanews.com\/index.php\/2019\/04\/28\/gabigol-lamenta-aposentadoria-de-juan-mas-vibra-pela-vitoria-do-flamengo-o-resumo-da-noite-e-felicidade\/\"},\"wordCount\":235,\"commentCount\":0,\"image\":{\"@id\":\"https:\/\/www.gaveanews.com\/index.php\/2019\/04\/28\/gabigol-lamenta-aposentadoria-de-juan-mas-vibra-pela-vitoria-do-flamengo-o-resumo-da-noite-e-felicidade\/#primaryimage\"},\"thumbnailUrl\":\"https:\/\/www.gaveanews.com\/wp-content\/uploads\/2019\/03\/Juan-em-acao-pelo-Flamengo-durante-uma-partida-da-Libertadores-no-Maracana.webp\",\"articleSection\":[\"Flamengo\"],\"inLanguage\":\"pt-BR\",\"potentialAction\":[{\"@type\":\"CommentAction\",\"name\":\"Comment\",\"target\":[\"https:\/\/www.gaveanews.com\/index.php\/2019\/04\/28\/gabigol-lamenta-aposentadoria-de-juan-mas-vibra-pela-vitoria-do-flamengo-o-resumo-da-noite-e-felicidade\/#respond\"]}],\"copyrightYear\":\"2019\",\"copyrightHolder\":{\"@id\":\"https:\/\/www.gaveanews.com\/#organization\"}},{\"@type\":\"WebPage\",\"@id\":\"https:\/\/www.gaveanews.com\/index.php\/2019\/04\/28\/gabigol-lamenta-aposentadoria-de-juan-mas-vibra-pela-vitoria-do-flamengo-o-resumo-da-noite-e-felicidade\/\",\"url\":\"https:\/\/www.gaveanews.com\/index.php\/2019\/04\/28\/gabigol-lamenta-aposentadoria-de-juan-mas-vibra-pela-vitoria-do-flamengo-o-resumo-da-noite-e-felicidade\/\",\"name\":\"Gabigol lamenta aposentadoria de Juan, mas vibra pela vit\u00f3ria do Flamengo: \u201cO resumo da noite \u00e9 felicidade\u201d\",\"isPartOf\":{\"@id\":\"https:\/\/www.gaveanews.com\/#website\"},\"primaryImageOfPage\":{\"@id\":\"https:\/\/www.gaveanews.com\/index.php\/2019\/04\/28\/gabigol-lamenta-aposentadoria-de-juan-mas-vibra-pela-vitoria-do-flamengo-o-resumo-da-noite-e-felicidade\/#primaryimage\"},\"image\":{\"@id\":\"https:\/\/www.gaveanews.com\/index.php\/2019\/04\/28\/gabigol-lamenta-aposentadoria-de-juan-mas-vibra-pela-vitoria-do-flamengo-o-resumo-da-noite-e-felicidade\/#primaryimage\"},\"thumbnailUrl\":\"https:\/\/www.gaveanews.com\/wp-content\/uploads\/2019\/03\/Juan-em-acao-pelo-Flamengo-durante-uma-partida-da-Libertadores-no-Maracana.webp\",\"datePublished\":\"2019-04-28T13:01:01+00:00\",\"author\":{\"@id\":\"https:\/\/www.gaveanews.com\/#\/schema\/person\/2ec14f73fb96be2caf28f91afb14749d\"},\"breadcrumb\":{\"@id\":\"https:\/\/www.gaveanews.com\/index.php\/2019\/04\/28\/gabigol-lamenta-aposentadoria-de-juan-mas-vibra-pela-vitoria-do-flamengo-o-resumo-da-noite-e-felicidade\/#breadcrumb\"},\"inLanguage\":\"pt-BR\",\"potentialAction\":[{\"@type\":\"ReadAction\",\"target\":[\"https:\/\/www.gaveanews.com\/index.php\/2019\/04\/28\/gabigol-lamenta-aposentadoria-de-juan-mas-vibra-pela-vitoria-do-flamengo-o-resumo-da-noite-e-felicidade\/\"]}]},{\"@type\":\"ImageObject\",\"inLanguage\":\"pt-BR\",\"@id\":\"https:\/\/www.gaveanews.com\/index.php\/2019\/04\/28\/gabigol-lamenta-aposentadoria-de-juan-mas-vibra-pela-vitoria-do-flamengo-o-resumo-da-noite-e-felicidade\/#primaryimage\",\"url\":\"https:\/\/www.gaveanews.com\/wp-content\/uploads\/2019\/03\/Juan-em-acao-pelo-Flamengo-durante-uma-partida-da-Libertadores-no-Maracana.webp\",\"contentUrl\":\"https:\/\/www.gaveanews.com\/wp-content\/uploads\/2019\/03\/Juan-em-acao-pelo-Flamengo-durante-uma-partida-da-Libertadores-no-Maracana.webp\",\"caption\":\"Juan em a\u00e7\u00e3o pelo Flamengo, durante uma partida da Libertadores, no Maracan\u00e3 (Foto: Gilvan de Souza\/Flamengo)\"},{\"@type\":\"BreadcrumbList\",\"@id\":\"https:\/\/www.gaveanews.com\/index.php\/2019\/04\/28\/gabigol-lamenta-aposentadoria-de-juan-mas-vibra-pela-vitoria-do-flamengo-o-resumo-da-noite-e-felicidade\/#breadcrumb\",\"itemListElement\":[{\"@type\":\"ListItem\",\"position\":1,\"name\":\"Home\",\"item\":\"https:\/\/www.gaveanews.com\/\"},{\"@type\":\"ListItem\",\"position\":2,\"name\":\"Gabigol lamenta aposentadoria de Juan, mas vibra pela vit\u00f3ria do Flamengo: \u201cO resumo da noite \u00e9 felicidade\u201d\"}]},{\"@type\":\"WebSite\",\"@id\":\"https:\/\/www.gaveanews.com\/#website\",\"url\":\"https:\/\/www.gaveanews.com\/\",\"name\":\"G\u00e1vea News\",\"description\":\"Veja todas as not\u00edcias sobre o Flamengo: Contrata\u00e7\u00f5es, categorias de base, resultados das partidas, tabela de classifica\u00e7\u00e3o, pr\u00f3ximos jogos!\",\"potentialAction\":[{\"@type\":\"SearchAction\",\"target\":{\"@type\":\"EntryPoint\",\"urlTemplate\":\"https:\/\/www.gaveanews.com\/?s={search_term_string}\"},\"query-input\":{\"@type\":\"PropertyValueSpecification\",\"valueRequired\":true,\"valueName\":\"search_term_string\"}}],\"inLanguage\":\"pt-BR\"},{\"@type\":\"Person\",\"@id\":\"https:\/\/www.gaveanews.com\/#\/schema\/person\/2ec14f73fb96be2caf28f91afb14749d\",\"name\":\"Equipe G\u00e1vea News\",\"image\":{\"@type\":\"ImageObject\",\"inLanguage\":\"pt-BR\",\"@id\":\"https:\/\/www.gaveanews.com\/#\/schema\/person\/image\/\",\"url\":\"https:\/\/secure.gravatar.com\/avatar\/1e1956f1facbffd3f8fa53a326721950116b3b9dc9bd44939c01180fd4a745a9?s=96&d=mm&r=g\",\"contentUrl\":\"https:\/\/secure.gravatar.com\/avatar\/1e1956f1facbffd3f8fa53a326721950116b3b9dc9bd44939c01180fd4a745a9?s=96&d=mm&r=g\",\"caption\":\"Equipe G\u00e1vea News\"}}]}<\/script>\n<!-- \/ Yoast SEO Premium plugin. -->","yoast_head_json":{"title":"Gabigol lamenta aposentadoria de Juan, mas vibra pela vit\u00f3ria do Flamengo: \u201cO resumo da noite \u00e9 felicidade\u201d","robots":{"index":"index","follow":"follow","max-snippet":"max-snippet:-1","max-image-preview":"max-image-preview:large","max-video-preview":"max-video-preview:-1"},"canonical":"https:\/\/www.gaveanews.com\/index.php\/2019\/04\/28\/gabigol-lamenta-aposentadoria-de-juan-mas-vibra-pela-vitoria-do-flamengo-o-resumo-da-noite-e-felicidade\/","og_locale":"pt_BR","og_type":"article","og_title":"Gabigol lamenta aposentadoria de Juan, mas vibra pela vit\u00f3ria do Flamengo: \u201cO resumo da noite \u00e9 felicidade\u201d","og_description":"A noite no est\u00e1dio do Maracan\u00e3 foi de festa da torcida, vit\u00f3ria do Flamengo e aposentadoria de Juan. Como parte do jogo, Gabigol deixou sua marca e chegou ao gol 100 de sua carreira, al\u00e9m dos dois gols de Bruno Henrique, que culminou em um resultado de 3 a 1 (clique aqui para assistir). Gabigol, [&hellip;]","og_url":"https:\/\/www.gaveanews.com\/index.php\/2019\/04\/28\/gabigol-lamenta-aposentadoria-de-juan-mas-vibra-pela-vitoria-do-flamengo-o-resumo-da-noite-e-felicidade\/","og_site_name":"G\u00e1vea News","article_publisher":"https:\/\/facebook.com\/gaveaNews\/","article_published_time":"2019-04-28T13:01:01+00:00","og_image":[{"url":"https:\/\/www.gaveanews.com\/wp-content\/uploads\/2019\/03\/Juan-em-acao-pelo-Flamengo-durante-uma-partida-da-Libertadores-no-Maracana.webp","width":1,"height":1,"type":"image\/jpeg"}],"author":"Equipe G\u00e1vea News","twitter_card":"summary_large_image","twitter_misc":{"Escrito por":"Equipe G\u00e1vea News","Est. tempo de leitura":"1 minuto"},"schema":{"@context":"https:\/\/schema.org","@graph":[{"@type":"NewsArticle","@id":"https:\/\/www.gaveanews.com\/index.php\/2019\/04\/28\/gabigol-lamenta-aposentadoria-de-juan-mas-vibra-pela-vitoria-do-flamengo-o-resumo-da-noite-e-felicidade\/#article","isPartOf":{"@id":"https:\/\/www.gaveanews.com\/index.php\/2019\/04\/28\/gabigol-lamenta-aposentadoria-de-juan-mas-vibra-pela-vitoria-do-flamengo-o-resumo-da-noite-e-felicidade\/"},"author":{"name":"Equipe G\u00e1vea News","@id":"https:\/\/www.gaveanews.com\/#\/schema\/person\/2ec14f73fb96be2caf28f91afb14749d"},"headline":"Gabigol lamenta aposentadoria de Juan, mas vibra pela vit\u00f3ria do Flamengo: \u201cO resumo da noite \u00e9 felicidade\u201d","datePublished":"2019-04-28T13:01:01+00:00","mainEntityOfPage":{"@id":"https:\/\/www.gaveanews.com\/index.php\/2019\/04\/28\/gabigol-lamenta-aposentadoria-de-juan-mas-vibra-pela-vitoria-do-flamengo-o-resumo-da-noite-e-felicidade\/"},"wordCount":235,"commentCount":0,"image":{"@id":"https:\/\/www.gaveanews.com\/index.php\/2019\/04\/28\/gabigol-lamenta-aposentadoria-de-juan-mas-vibra-pela-vitoria-do-flamengo-o-resumo-da-noite-e-felicidade\/#primaryimage"},"thumbnailUrl":"https:\/\/www.gaveanews.com\/wp-content\/uploads\/2019\/03\/Juan-em-acao-pelo-Flamengo-durante-uma-partida-da-Libertadores-no-Maracana.webp","articleSection":["Flamengo"],"inLanguage":"pt-BR","potentialAction":[{"@type":"CommentAction","name":"Comment","target":["https:\/\/www.gaveanews.com\/index.php\/2019\/04\/28\/gabigol-lamenta-aposentadoria-de-juan-mas-vibra-pela-vitoria-do-flamengo-o-resumo-da-noite-e-felicidade\/#respond"]}],"copyrightYear":"2019","copyrightHolder":{"@id":"https:\/\/www.gaveanews.com\/#organization"}},{"@type":"WebPage","@id":"https:\/\/www.gaveanews.com\/index.php\/2019\/04\/28\/gabigol-lamenta-aposentadoria-de-juan-mas-vibra-pela-vitoria-do-flamengo-o-resumo-da-noite-e-felicidade\/","url":"https:\/\/www.gaveanews.com\/index.php\/2019\/04\/28\/gabigol-lamenta-aposentadoria-de-juan-mas-vibra-pela-vitoria-do-flamengo-o-resumo-da-noite-e-felicidade\/","name":"Gabigol lamenta aposentadoria de Juan, mas vibra pela vit\u00f3ria do Flamengo: \u201cO resumo da noite \u00e9 felicidade\u201d","isPartOf":{"@id":"https:\/\/www.gaveanews.com\/#website"},"primaryImageOfPage":{"@id":"https:\/\/www.gaveanews.com\/index.php\/2019\/04\/28\/gabigol-lamenta-aposentadoria-de-juan-mas-vibra-pela-vitoria-do-flamengo-o-resumo-da-noite-e-felicidade\/#primaryimage"},"image":{"@id":"https:\/\/www.gaveanews.com\/index.php\/2019\/04\/28\/gabigol-lamenta-aposentadoria-de-juan-mas-vibra-pela-vitoria-do-flamengo-o-resumo-da-noite-e-felicidade\/#primaryimage"},"thumbnailUrl":"https:\/\/www.gaveanews.com\/wp-content\/uploads\/2019\/03\/Juan-em-acao-pelo-Flamengo-durante-uma-partida-da-Libertadores-no-Maracana.webp","datePublished":"2019-04-28T13:01:01+00:00","author":{"@id":"https:\/\/www.gaveanews.com\/#\/schema\/person\/2ec14f73fb96be2caf28f91afb14749d"},"breadcrumb":{"@id":"https:\/\/www.gaveanews.com\/index.php\/2019\/04\/28\/gabigol-lamenta-aposentadoria-de-juan-mas-vibra-pela-vitoria-do-flamengo-o-resumo-da-noite-e-felicidade\/#breadcrumb"},"inLanguage":"pt-BR","potentialAction":[{"@type":"ReadAction","target":["https:\/\/www.gaveanews.com\/index.php\/2019\/04\/28\/gabigol-lamenta-aposentadoria-de-juan-mas-vibra-pela-vitoria-do-flamengo-o-resumo-da-noite-e-felicidade\/"]}]},{"@type":"ImageObject","inLanguage":"pt-BR","@id":"https:\/\/www.gaveanews.com\/index.php\/2019\/04\/28\/gabigol-lamenta-aposentadoria-de-juan-mas-vibra-pela-vitoria-do-flamengo-o-resumo-da-noite-e-felicidade\/#primaryimage","url":"https:\/\/www.gaveanews.com\/wp-content\/uploads\/2019\/03\/Juan-em-acao-pelo-Flamengo-durante-uma-partida-da-Libertadores-no-Maracana.webp","contentUrl":"https:\/\/www.gaveanews.com\/wp-content\/uploads\/2019\/03\/Juan-em-acao-pelo-Flamengo-durante-uma-partida-da-Libertadores-no-Maracana.webp","caption":"Juan em a\u00e7\u00e3o pelo Flamengo, durante uma partida da Libertadores, no Maracan\u00e3 (Foto: Gilvan de Souza\/Flamengo)"},{"@type":"BreadcrumbList","@id":"https:\/\/www.gaveanews.com\/index.php\/2019\/04\/28\/gabigol-lamenta-aposentadoria-de-juan-mas-vibra-pela-vitoria-do-flamengo-o-resumo-da-noite-e-felicidade\/#breadcrumb","itemListElement":[{"@type":"ListItem","position":1,"name":"Home","item":"https:\/\/www.gaveanews.com\/"},{"@type":"ListItem","position":2,"name":"Gabigol lamenta aposentadoria de Juan, mas vibra pela vit\u00f3ria do Flamengo: \u201cO resumo da noite \u00e9 felicidade\u201d"}]},{"@type":"WebSite","@id":"https:\/\/www.gaveanews.com\/#website","url":"https:\/\/www.gaveanews.com\/","name":"G\u00e1vea News","description":"Veja todas as not\u00edcias sobre o Flamengo: Contrata\u00e7\u00f5es, categorias de base, resultados das partidas, tabela de classifica\u00e7\u00e3o, pr\u00f3ximos jogos!","potentialAction":[{"@type":"SearchAction","target":{"@type":"EntryPoint","urlTemplate":"https:\/\/www.gaveanews.com\/?s={search_term_string}"},"query-input":{"@type":"PropertyValueSpecification","valueRequired":true,"valueName":"search_term_string"}}],"inLanguage":"pt-BR"},{"@type":"Person","@id":"https:\/\/www.gaveanews.com\/#\/schema\/person\/2ec14f73fb96be2caf28f91afb14749d","name":"Equipe G\u00e1vea News","image":{"@type":"ImageObject","inLanguage":"pt-BR","@id":"https:\/\/www.gaveanews.com\/#\/schema\/person\/image\/","url":"https:\/\/secure.gravatar.com\/avatar\/1e1956f1facbffd3f8fa53a326721950116b3b9dc9bd44939c01180fd4a745a9?s=96&d=mm&r=g","contentUrl":"https:\/\/secure.gravatar.com\/avatar\/1e1956f1facbffd3f8fa53a326721950116b3b9dc9bd44939c01180fd4a745a9?s=96&d=mm&r=g","caption":"Equipe G\u00e1vea News"}}]}},"_links":{"self":[{"href":"https:\/\/www.gaveanews.com\/index.php\/wp-json\/wp\/v2\/posts\/18806","targetHints":{"allow":["GET"]}}],"collection":[{"href":"https:\/\/www.gaveanews.com\/index.php\/wp-json\/wp\/v2\/posts"}],"about":[{"href":"https:\/\/www.gaveanews.com\/index.php\/wp-json\/wp\/v2\/types\/post"}],"author":[{"embeddable":true,"href":"https:\/\/www.gaveanews.com\/index.php\/wp-json\/wp\/v2\/users\/1"}],"replies":[{"embeddable":true,"href":"https:\/\/www.gaveanews.com\/index.php\/wp-json\/wp\/v2\/comments?post=18806"}],"version-history":[{"count":0,"href":"https:\/\/www.gaveanews.com\/index.php\/wp-json\/wp\/v2\/posts\/18806\/revisions"}],"wp:featuredmedia":[{"embeddable":true,"href":"https:\/\/www.gaveanews.com\/index.php\/wp-json\/wp\/v2\/media\/14946"}],"wp:attachment":[{"href":"https:\/\/www.gaveanews.com\/index.php\/wp-json\/wp\/v2\/media?parent=18806"}],"wp:term":[{"taxonomy":"category","embeddable":true,"href":"https:\/\/www.gaveanews.com\/index.php\/wp-json\/wp\/v2\/categories?post=18806"},{"taxonomy":"post_tag","embeddable":true,"href":"https:\/\/www.gaveanews.com\/index.php\/wp-json\/wp\/v2\/tags?post=18806"}],"curies":[{"name":"wp","href":"https:\/\/api.w.org\/{rel}","templated":true}]}}