{"id":18811,"date":"2019-04-28T12:34:25","date_gmt":"2019-04-28T15:34:25","guid":{"rendered":"https:\/\/www.gaveanews.com\/?p=18811"},"modified":"2019-04-28T12:34:26","modified_gmt":"2019-04-28T15:34:26","slug":"rodrigo-caio-nao-ira-jogar-contra-o-internacional-zagueiro-ja-recebeu-alta-do-hospital","status":"publish","type":"post","link":"https:\/\/www.gaveanews.com\/index.php\/2019\/04\/28\/rodrigo-caio-nao-ira-jogar-contra-o-internacional-zagueiro-ja-recebeu-alta-do-hospital\/","title":{"rendered":"Rodrigo Caio n\u00e3o ir\u00e1 jogar contra o Internacional; zagueiro j\u00e1 recebeu alta do hospital"},"content":{"rendered":"\n<p>Ap\u00f3s o choque com Ded\u00e9 no fim do duelo entre Flamengo e Cruzeiro, neste s\u00e1bado, no Maracan\u00e3, o zagueiro rubro-negro Rodrigo Caio teve alta na manh\u00e3 deste domingo. Ele passou a noite em observa\u00e7\u00e3o em um hospital na Barra da Tijuca, zona oeste do Rio, acompanhado por Jo\u00e3o Marcelo, m\u00e9dico do Flamengo. O clube informou que ele n\u00e3o enfrentar\u00e1 o Internacional na pr\u00f3xima quarta-feira e ser\u00e1 reavaliado na segunda.<\/p>\n\n\n\n<p>O irm\u00e3o do jogador foi busc\u00e1-lo no local e, na sa\u00edda, Rodrigo Caio limitou-se a dizer: &#8220;Estou bem.&#8221;<\/p>\n\n\n\n<p>O Flamengo emitiu uma nota oficial na manh\u00e3 deste domingo sobre o caso:<\/p>\n\n\n\n<p>&#8220;Rodrigo Caio recebeu alta na manh\u00e3 deste domingo. O atleta passou a noite em observa\u00e7\u00e3o no Hospital Vit\u00f3ria sem qualquer tipo de intercorr\u00eancia. Rodrigo Caio est\u00e1 fora da partida contra o Internacional, na quarta-feira, e ser\u00e1 reavaliado amanh\u00e3 pelos m\u00e9dicos do Flamengo. A partir da\u00ed ser\u00e1 tra\u00e7ado o plano de retorno do atleta aos treinos&#8221;.<\/p>\n\n\n\n<p style=\"font-size:11px;text-align:right\" class=\"seguirInstagram\">(<a href=\"http:\/\/bit.ly\/Instagram-Gavea-News\">siga nosso perfil no Instagram: @GaveaNews<\/a>)<\/p>\n\n\n\n<figure class=\"wp-block-embed-instagram wp-block-embed is-type-rich is-provider-instagram\"><div class=\"wp-block-embed__wrapper\">\nhttps:\/\/www.instagram.com\/p\/BwzdlSRFkbJ\/\n<\/div><\/figure>\n\n\n\n<p>A cena, que causou desespero entre os jogadores pr\u00f3ximos em um primeiro momento, provocou um corte na boca do atleta do Flamengo, que j\u00e1 chegou consciente ao hospital. Ded\u00e9 tamb\u00e9m sofreu um corte na cabe\u00e7a no lance.<\/p>\n\n\n\n<p>No campo, Ded\u00e9 e Fred ficaram nitidamente nervosos ao ver Rodrigo Caio caindo desacordado e rapidamente tentaram prestar socorro, tirando as camisas para abanar o atleta no ch\u00e3o e tentar ajudar na recupera\u00e7\u00e3o. O zagueiro deixou o Maracan\u00e3 de ambul\u00e2ncia direto para o hospital, onde fez exames.<\/p>\n\n\n\n<p>J\u00e1 no hospital, Rodrigo Caio gravou um v\u00eddeo para tranquilizar os torcedores:<\/p>\n\n\n\n<figure class=\"wp-block-embed-youtube aligncenter wp-block-embed is-type-video is-provider-youtube wp-embed-aspect-4-3 wp-has-aspect-ratio\"><div class=\"wp-block-embed__wrapper\">\n<iframe loading=\"lazy\" title=\"Rodrigo Caio manda recado para os torcedores do Flamengo\" width=\"640\" height=\"360\" src=\"https:\/\/www.youtube.com\/embed\/E_CMgKuMIHQ?feature=oembed\" frameborder=\"0\" allow=\"accelerometer; autoplay; clipboard-write; encrypted-media; gyroscope; picture-in-picture; web-share\" referrerpolicy=\"strict-origin-when-cross-origin\" allowfullscreen><\/iframe>\n<\/div><\/figure>\n\n\n\n<p>Na sa\u00edda do gramado, Fred, do Cruzeiro, comentou:<br><\/p>\n\n\n\n<p>&#8211; Foi um acidente, Ded\u00e9 foi de encontro, meio com a cabe\u00e7a, parece que bateu na boca do Rodrigo Caio. Abriu a nuca do Ded\u00e9, mais em cima, o Rodrigo cortou a boca. Ele come\u00e7ou a revirar ali, meio que desmaiou, a gente ficou em desespero, mas os m\u00e9dicos chegaram e ele voltou ao normal &#8211; disse o atacante.<br><\/p>\n\n\n\n\n\n<p>Retirado de: Globo Esporte<\/p>\n","protected":false},"excerpt":{"rendered":"<p>Ap\u00f3s o choque com Ded\u00e9 no fim do duelo entre Flamengo e Cruzeiro, neste s\u00e1bado, no Maracan\u00e3, o zagueiro rubro-negro Rodrigo Caio teve alta na manh\u00e3 deste domingo. Ele passou a noite em observa\u00e7\u00e3o em um hospital na Barra da Tijuca, zona oeste do Rio, acompanhado por Jo\u00e3o Marcelo, m\u00e9dico do Flamengo. O clube informou [&hellip;]<\/p>\n","protected":false},"author":1,"featured_media":15116,"comment_status":"open","ping_status":"open","sticky":false,"template":"","format":"standard","meta":{"footnotes":""},"categories":[1],"tags":[],"class_list":["post-18811","post","type-post","status-publish","format-standard","has-post-thumbnail","hentry","category-flamengo"],"yoast_head":"<!-- This site is optimized with the Yoast SEO Premium plugin v24.2 (Yoast SEO v26.9) - https:\/\/yoast.com\/product\/yoast-seo-premium-wordpress\/ -->\n<title>Rodrigo Caio n\u00e3o ir\u00e1 jogar contra o Internacional; zagueiro j\u00e1 recebeu alta do hospital<\/title>\n<meta name=\"robots\" content=\"index, follow, max-snippet:-1, max-image-preview:large, max-video-preview:-1\" \/>\n<link rel=\"canonical\" href=\"https:\/\/www.gaveanews.com\/index.php\/2019\/04\/28\/rodrigo-caio-nao-ira-jogar-contra-o-internacional-zagueiro-ja-recebeu-alta-do-hospital\/\" \/>\n<meta property=\"og:locale\" content=\"pt_BR\" \/>\n<meta property=\"og:type\" content=\"article\" \/>\n<meta property=\"og:title\" content=\"Rodrigo Caio n\u00e3o ir\u00e1 jogar contra o Internacional; zagueiro j\u00e1 recebeu alta do hospital\" \/>\n<meta property=\"og:description\" content=\"Ap\u00f3s o choque com Ded\u00e9 no fim do duelo entre Flamengo e Cruzeiro, neste s\u00e1bado, no Maracan\u00e3, o zagueiro rubro-negro Rodrigo Caio teve alta na manh\u00e3 deste domingo. Ele passou a noite em observa\u00e7\u00e3o em um hospital na Barra da Tijuca, zona oeste do Rio, acompanhado por Jo\u00e3o Marcelo, m\u00e9dico do Flamengo. O clube informou [&hellip;]\" \/>\n<meta property=\"og:url\" content=\"https:\/\/www.gaveanews.com\/index.php\/2019\/04\/28\/rodrigo-caio-nao-ira-jogar-contra-o-internacional-zagueiro-ja-recebeu-alta-do-hospital\/\" \/>\n<meta property=\"og:site_name\" content=\"G\u00e1vea News\" \/>\n<meta property=\"article:publisher\" content=\"https:\/\/facebook.com\/gaveaNews\/\" \/>\n<meta property=\"article:published_time\" content=\"2019-04-28T15:34:25+00:00\" \/>\n<meta property=\"article:modified_time\" content=\"2019-04-28T15:34:26+00:00\" \/>\n<meta property=\"og:image\" content=\"https:\/\/www.gaveanews.com\/wp-content\/uploads\/2019\/03\/Rodrigo-Caio-e-Gabigol-durante-treinamento-no-Ninho-do-Urubu.webp\" \/>\n\t<meta property=\"og:image:width\" content=\"900\" \/>\n\t<meta property=\"og:image:height\" content=\"599\" \/>\n\t<meta property=\"og:image:type\" content=\"image\/jpeg\" \/>\n<meta name=\"author\" content=\"Equipe G\u00e1vea News\" \/>\n<meta name=\"twitter:card\" content=\"summary_large_image\" \/>\n<meta name=\"twitter:label1\" content=\"Escrito por\" \/>\n\t<meta name=\"twitter:data1\" content=\"Equipe G\u00e1vea News\" \/>\n\t<meta name=\"twitter:label2\" content=\"Est. tempo de leitura\" \/>\n\t<meta name=\"twitter:data2\" content=\"2 minutos\" \/>\n<script type=\"application\/ld+json\" class=\"yoast-schema-graph\">{\"@context\":\"https:\/\/schema.org\",\"@graph\":[{\"@type\":\"NewsArticle\",\"@id\":\"https:\/\/www.gaveanews.com\/index.php\/2019\/04\/28\/rodrigo-caio-nao-ira-jogar-contra-o-internacional-zagueiro-ja-recebeu-alta-do-hospital\/#article\",\"isPartOf\":{\"@id\":\"https:\/\/www.gaveanews.com\/index.php\/2019\/04\/28\/rodrigo-caio-nao-ira-jogar-contra-o-internacional-zagueiro-ja-recebeu-alta-do-hospital\/\"},\"author\":{\"name\":\"Equipe G\u00e1vea News\",\"@id\":\"https:\/\/www.gaveanews.com\/#\/schema\/person\/2ec14f73fb96be2caf28f91afb14749d\"},\"headline\":\"Rodrigo Caio n\u00e3o ir\u00e1 jogar contra o Internacional; zagueiro j\u00e1 recebeu alta do hospital\",\"datePublished\":\"2019-04-28T15:34:25+00:00\",\"dateModified\":\"2019-04-28T15:34:26+00:00\",\"mainEntityOfPage\":{\"@id\":\"https:\/\/www.gaveanews.com\/index.php\/2019\/04\/28\/rodrigo-caio-nao-ira-jogar-contra-o-internacional-zagueiro-ja-recebeu-alta-do-hospital\/\"},\"wordCount\":377,\"commentCount\":0,\"image\":{\"@id\":\"https:\/\/www.gaveanews.com\/index.php\/2019\/04\/28\/rodrigo-caio-nao-ira-jogar-contra-o-internacional-zagueiro-ja-recebeu-alta-do-hospital\/#primaryimage\"},\"thumbnailUrl\":\"https:\/\/www.gaveanews.com\/wp-content\/uploads\/2019\/03\/Rodrigo-Caio-e-Gabigol-durante-treinamento-no-Ninho-do-Urubu.webp\",\"articleSection\":[\"Flamengo\"],\"inLanguage\":\"pt-BR\",\"potentialAction\":[{\"@type\":\"CommentAction\",\"name\":\"Comment\",\"target\":[\"https:\/\/www.gaveanews.com\/index.php\/2019\/04\/28\/rodrigo-caio-nao-ira-jogar-contra-o-internacional-zagueiro-ja-recebeu-alta-do-hospital\/#respond\"]}],\"copyrightYear\":\"2019\",\"copyrightHolder\":{\"@id\":\"https:\/\/www.gaveanews.com\/#organization\"}},{\"@type\":\"WebPage\",\"@id\":\"https:\/\/www.gaveanews.com\/index.php\/2019\/04\/28\/rodrigo-caio-nao-ira-jogar-contra-o-internacional-zagueiro-ja-recebeu-alta-do-hospital\/\",\"url\":\"https:\/\/www.gaveanews.com\/index.php\/2019\/04\/28\/rodrigo-caio-nao-ira-jogar-contra-o-internacional-zagueiro-ja-recebeu-alta-do-hospital\/\",\"name\":\"Rodrigo Caio n\u00e3o ir\u00e1 jogar contra o Internacional; zagueiro j\u00e1 recebeu alta do hospital\",\"isPartOf\":{\"@id\":\"https:\/\/www.gaveanews.com\/#website\"},\"primaryImageOfPage\":{\"@id\":\"https:\/\/www.gaveanews.com\/index.php\/2019\/04\/28\/rodrigo-caio-nao-ira-jogar-contra-o-internacional-zagueiro-ja-recebeu-alta-do-hospital\/#primaryimage\"},\"image\":{\"@id\":\"https:\/\/www.gaveanews.com\/index.php\/2019\/04\/28\/rodrigo-caio-nao-ira-jogar-contra-o-internacional-zagueiro-ja-recebeu-alta-do-hospital\/#primaryimage\"},\"thumbnailUrl\":\"https:\/\/www.gaveanews.com\/wp-content\/uploads\/2019\/03\/Rodrigo-Caio-e-Gabigol-durante-treinamento-no-Ninho-do-Urubu.webp\",\"datePublished\":\"2019-04-28T15:34:25+00:00\",\"dateModified\":\"2019-04-28T15:34:26+00:00\",\"author\":{\"@id\":\"https:\/\/www.gaveanews.com\/#\/schema\/person\/2ec14f73fb96be2caf28f91afb14749d\"},\"breadcrumb\":{\"@id\":\"https:\/\/www.gaveanews.com\/index.php\/2019\/04\/28\/rodrigo-caio-nao-ira-jogar-contra-o-internacional-zagueiro-ja-recebeu-alta-do-hospital\/#breadcrumb\"},\"inLanguage\":\"pt-BR\",\"potentialAction\":[{\"@type\":\"ReadAction\",\"target\":[\"https:\/\/www.gaveanews.com\/index.php\/2019\/04\/28\/rodrigo-caio-nao-ira-jogar-contra-o-internacional-zagueiro-ja-recebeu-alta-do-hospital\/\"]}]},{\"@type\":\"ImageObject\",\"inLanguage\":\"pt-BR\",\"@id\":\"https:\/\/www.gaveanews.com\/index.php\/2019\/04\/28\/rodrigo-caio-nao-ira-jogar-contra-o-internacional-zagueiro-ja-recebeu-alta-do-hospital\/#primaryimage\",\"url\":\"https:\/\/www.gaveanews.com\/wp-content\/uploads\/2019\/03\/Rodrigo-Caio-e-Gabigol-durante-treinamento-no-Ninho-do-Urubu.webp\",\"contentUrl\":\"https:\/\/www.gaveanews.com\/wp-content\/uploads\/2019\/03\/Rodrigo-Caio-e-Gabigol-durante-treinamento-no-Ninho-do-Urubu.webp\",\"width\":900,\"height\":599,\"caption\":\"Rodrigo Caio e Gabigol durante treinamento no Ninho do Urubu (Foto: Alexandre Vidal\/Flamengo)\"},{\"@type\":\"BreadcrumbList\",\"@id\":\"https:\/\/www.gaveanews.com\/index.php\/2019\/04\/28\/rodrigo-caio-nao-ira-jogar-contra-o-internacional-zagueiro-ja-recebeu-alta-do-hospital\/#breadcrumb\",\"itemListElement\":[{\"@type\":\"ListItem\",\"position\":1,\"name\":\"Home\",\"item\":\"https:\/\/www.gaveanews.com\/\"},{\"@type\":\"ListItem\",\"position\":2,\"name\":\"Rodrigo Caio n\u00e3o ir\u00e1 jogar contra o Internacional; zagueiro j\u00e1 recebeu alta do hospital\"}]},{\"@type\":\"WebSite\",\"@id\":\"https:\/\/www.gaveanews.com\/#website\",\"url\":\"https:\/\/www.gaveanews.com\/\",\"name\":\"G\u00e1vea News\",\"description\":\"Veja todas as not\u00edcias sobre o Flamengo: Contrata\u00e7\u00f5es, categorias de base, resultados das partidas, tabela de classifica\u00e7\u00e3o, pr\u00f3ximos jogos!\",\"potentialAction\":[{\"@type\":\"SearchAction\",\"target\":{\"@type\":\"EntryPoint\",\"urlTemplate\":\"https:\/\/www.gaveanews.com\/?s={search_term_string}\"},\"query-input\":{\"@type\":\"PropertyValueSpecification\",\"valueRequired\":true,\"valueName\":\"search_term_string\"}}],\"inLanguage\":\"pt-BR\"},{\"@type\":\"Person\",\"@id\":\"https:\/\/www.gaveanews.com\/#\/schema\/person\/2ec14f73fb96be2caf28f91afb14749d\",\"name\":\"Equipe G\u00e1vea News\",\"image\":{\"@type\":\"ImageObject\",\"inLanguage\":\"pt-BR\",\"@id\":\"https:\/\/www.gaveanews.com\/#\/schema\/person\/image\/\",\"url\":\"https:\/\/secure.gravatar.com\/avatar\/1e1956f1facbffd3f8fa53a326721950116b3b9dc9bd44939c01180fd4a745a9?s=96&d=mm&r=g\",\"contentUrl\":\"https:\/\/secure.gravatar.com\/avatar\/1e1956f1facbffd3f8fa53a326721950116b3b9dc9bd44939c01180fd4a745a9?s=96&d=mm&r=g\",\"caption\":\"Equipe G\u00e1vea News\"}}]}<\/script>\n<!-- \/ Yoast SEO Premium plugin. -->","yoast_head_json":{"title":"Rodrigo Caio n\u00e3o ir\u00e1 jogar contra o Internacional; zagueiro j\u00e1 recebeu alta do hospital","robots":{"index":"index","follow":"follow","max-snippet":"max-snippet:-1","max-image-preview":"max-image-preview:large","max-video-preview":"max-video-preview:-1"},"canonical":"https:\/\/www.gaveanews.com\/index.php\/2019\/04\/28\/rodrigo-caio-nao-ira-jogar-contra-o-internacional-zagueiro-ja-recebeu-alta-do-hospital\/","og_locale":"pt_BR","og_type":"article","og_title":"Rodrigo Caio n\u00e3o ir\u00e1 jogar contra o Internacional; zagueiro j\u00e1 recebeu alta do hospital","og_description":"Ap\u00f3s o choque com Ded\u00e9 no fim do duelo entre Flamengo e Cruzeiro, neste s\u00e1bado, no Maracan\u00e3, o zagueiro rubro-negro Rodrigo Caio teve alta na manh\u00e3 deste domingo. Ele passou a noite em observa\u00e7\u00e3o em um hospital na Barra da Tijuca, zona oeste do Rio, acompanhado por Jo\u00e3o Marcelo, m\u00e9dico do Flamengo. O clube informou [&hellip;]","og_url":"https:\/\/www.gaveanews.com\/index.php\/2019\/04\/28\/rodrigo-caio-nao-ira-jogar-contra-o-internacional-zagueiro-ja-recebeu-alta-do-hospital\/","og_site_name":"G\u00e1vea News","article_publisher":"https:\/\/facebook.com\/gaveaNews\/","article_published_time":"2019-04-28T15:34:25+00:00","article_modified_time":"2019-04-28T15:34:26+00:00","og_image":[{"width":900,"height":599,"url":"https:\/\/www.gaveanews.com\/wp-content\/uploads\/2019\/03\/Rodrigo-Caio-e-Gabigol-durante-treinamento-no-Ninho-do-Urubu.webp","type":"image\/jpeg"}],"author":"Equipe G\u00e1vea News","twitter_card":"summary_large_image","twitter_misc":{"Escrito por":"Equipe G\u00e1vea News","Est. tempo de leitura":"2 minutos"},"schema":{"@context":"https:\/\/schema.org","@graph":[{"@type":"NewsArticle","@id":"https:\/\/www.gaveanews.com\/index.php\/2019\/04\/28\/rodrigo-caio-nao-ira-jogar-contra-o-internacional-zagueiro-ja-recebeu-alta-do-hospital\/#article","isPartOf":{"@id":"https:\/\/www.gaveanews.com\/index.php\/2019\/04\/28\/rodrigo-caio-nao-ira-jogar-contra-o-internacional-zagueiro-ja-recebeu-alta-do-hospital\/"},"author":{"name":"Equipe G\u00e1vea News","@id":"https:\/\/www.gaveanews.com\/#\/schema\/person\/2ec14f73fb96be2caf28f91afb14749d"},"headline":"Rodrigo Caio n\u00e3o ir\u00e1 jogar contra o Internacional; zagueiro j\u00e1 recebeu alta do hospital","datePublished":"2019-04-28T15:34:25+00:00","dateModified":"2019-04-28T15:34:26+00:00","mainEntityOfPage":{"@id":"https:\/\/www.gaveanews.com\/index.php\/2019\/04\/28\/rodrigo-caio-nao-ira-jogar-contra-o-internacional-zagueiro-ja-recebeu-alta-do-hospital\/"},"wordCount":377,"commentCount":0,"image":{"@id":"https:\/\/www.gaveanews.com\/index.php\/2019\/04\/28\/rodrigo-caio-nao-ira-jogar-contra-o-internacional-zagueiro-ja-recebeu-alta-do-hospital\/#primaryimage"},"thumbnailUrl":"https:\/\/www.gaveanews.com\/wp-content\/uploads\/2019\/03\/Rodrigo-Caio-e-Gabigol-durante-treinamento-no-Ninho-do-Urubu.webp","articleSection":["Flamengo"],"inLanguage":"pt-BR","potentialAction":[{"@type":"CommentAction","name":"Comment","target":["https:\/\/www.gaveanews.com\/index.php\/2019\/04\/28\/rodrigo-caio-nao-ira-jogar-contra-o-internacional-zagueiro-ja-recebeu-alta-do-hospital\/#respond"]}],"copyrightYear":"2019","copyrightHolder":{"@id":"https:\/\/www.gaveanews.com\/#organization"}},{"@type":"WebPage","@id":"https:\/\/www.gaveanews.com\/index.php\/2019\/04\/28\/rodrigo-caio-nao-ira-jogar-contra-o-internacional-zagueiro-ja-recebeu-alta-do-hospital\/","url":"https:\/\/www.gaveanews.com\/index.php\/2019\/04\/28\/rodrigo-caio-nao-ira-jogar-contra-o-internacional-zagueiro-ja-recebeu-alta-do-hospital\/","name":"Rodrigo Caio n\u00e3o ir\u00e1 jogar contra o Internacional; zagueiro j\u00e1 recebeu alta do hospital","isPartOf":{"@id":"https:\/\/www.gaveanews.com\/#website"},"primaryImageOfPage":{"@id":"https:\/\/www.gaveanews.com\/index.php\/2019\/04\/28\/rodrigo-caio-nao-ira-jogar-contra-o-internacional-zagueiro-ja-recebeu-alta-do-hospital\/#primaryimage"},"image":{"@id":"https:\/\/www.gaveanews.com\/index.php\/2019\/04\/28\/rodrigo-caio-nao-ira-jogar-contra-o-internacional-zagueiro-ja-recebeu-alta-do-hospital\/#primaryimage"},"thumbnailUrl":"https:\/\/www.gaveanews.com\/wp-content\/uploads\/2019\/03\/Rodrigo-Caio-e-Gabigol-durante-treinamento-no-Ninho-do-Urubu.webp","datePublished":"2019-04-28T15:34:25+00:00","dateModified":"2019-04-28T15:34:26+00:00","author":{"@id":"https:\/\/www.gaveanews.com\/#\/schema\/person\/2ec14f73fb96be2caf28f91afb14749d"},"breadcrumb":{"@id":"https:\/\/www.gaveanews.com\/index.php\/2019\/04\/28\/rodrigo-caio-nao-ira-jogar-contra-o-internacional-zagueiro-ja-recebeu-alta-do-hospital\/#breadcrumb"},"inLanguage":"pt-BR","potentialAction":[{"@type":"ReadAction","target":["https:\/\/www.gaveanews.com\/index.php\/2019\/04\/28\/rodrigo-caio-nao-ira-jogar-contra-o-internacional-zagueiro-ja-recebeu-alta-do-hospital\/"]}]},{"@type":"ImageObject","inLanguage":"pt-BR","@id":"https:\/\/www.gaveanews.com\/index.php\/2019\/04\/28\/rodrigo-caio-nao-ira-jogar-contra-o-internacional-zagueiro-ja-recebeu-alta-do-hospital\/#primaryimage","url":"https:\/\/www.gaveanews.com\/wp-content\/uploads\/2019\/03\/Rodrigo-Caio-e-Gabigol-durante-treinamento-no-Ninho-do-Urubu.webp","contentUrl":"https:\/\/www.gaveanews.com\/wp-content\/uploads\/2019\/03\/Rodrigo-Caio-e-Gabigol-durante-treinamento-no-Ninho-do-Urubu.webp","width":900,"height":599,"caption":"Rodrigo Caio e Gabigol durante treinamento no Ninho do Urubu (Foto: Alexandre Vidal\/Flamengo)"},{"@type":"BreadcrumbList","@id":"https:\/\/www.gaveanews.com\/index.php\/2019\/04\/28\/rodrigo-caio-nao-ira-jogar-contra-o-internacional-zagueiro-ja-recebeu-alta-do-hospital\/#breadcrumb","itemListElement":[{"@type":"ListItem","position":1,"name":"Home","item":"https:\/\/www.gaveanews.com\/"},{"@type":"ListItem","position":2,"name":"Rodrigo Caio n\u00e3o ir\u00e1 jogar contra o Internacional; zagueiro j\u00e1 recebeu alta do hospital"}]},{"@type":"WebSite","@id":"https:\/\/www.gaveanews.com\/#website","url":"https:\/\/www.gaveanews.com\/","name":"G\u00e1vea News","description":"Veja todas as not\u00edcias sobre o Flamengo: Contrata\u00e7\u00f5es, categorias de base, resultados das partidas, tabela de classifica\u00e7\u00e3o, pr\u00f3ximos jogos!","potentialAction":[{"@type":"SearchAction","target":{"@type":"EntryPoint","urlTemplate":"https:\/\/www.gaveanews.com\/?s={search_term_string}"},"query-input":{"@type":"PropertyValueSpecification","valueRequired":true,"valueName":"search_term_string"}}],"inLanguage":"pt-BR"},{"@type":"Person","@id":"https:\/\/www.gaveanews.com\/#\/schema\/person\/2ec14f73fb96be2caf28f91afb14749d","name":"Equipe G\u00e1vea News","image":{"@type":"ImageObject","inLanguage":"pt-BR","@id":"https:\/\/www.gaveanews.com\/#\/schema\/person\/image\/","url":"https:\/\/secure.gravatar.com\/avatar\/1e1956f1facbffd3f8fa53a326721950116b3b9dc9bd44939c01180fd4a745a9?s=96&d=mm&r=g","contentUrl":"https:\/\/secure.gravatar.com\/avatar\/1e1956f1facbffd3f8fa53a326721950116b3b9dc9bd44939c01180fd4a745a9?s=96&d=mm&r=g","caption":"Equipe G\u00e1vea News"}}]}},"_links":{"self":[{"href":"https:\/\/www.gaveanews.com\/index.php\/wp-json\/wp\/v2\/posts\/18811","targetHints":{"allow":["GET"]}}],"collection":[{"href":"https:\/\/www.gaveanews.com\/index.php\/wp-json\/wp\/v2\/posts"}],"about":[{"href":"https:\/\/www.gaveanews.com\/index.php\/wp-json\/wp\/v2\/types\/post"}],"author":[{"embeddable":true,"href":"https:\/\/www.gaveanews.com\/index.php\/wp-json\/wp\/v2\/users\/1"}],"replies":[{"embeddable":true,"href":"https:\/\/www.gaveanews.com\/index.php\/wp-json\/wp\/v2\/comments?post=18811"}],"version-history":[{"count":0,"href":"https:\/\/www.gaveanews.com\/index.php\/wp-json\/wp\/v2\/posts\/18811\/revisions"}],"wp:featuredmedia":[{"embeddable":true,"href":"https:\/\/www.gaveanews.com\/index.php\/wp-json\/wp\/v2\/media\/15116"}],"wp:attachment":[{"href":"https:\/\/www.gaveanews.com\/index.php\/wp-json\/wp\/v2\/media?parent=18811"}],"wp:term":[{"taxonomy":"category","embeddable":true,"href":"https:\/\/www.gaveanews.com\/index.php\/wp-json\/wp\/v2\/categories?post=18811"},{"taxonomy":"post_tag","embeddable":true,"href":"https:\/\/www.gaveanews.com\/index.php\/wp-json\/wp\/v2\/tags?post=18811"}],"curies":[{"name":"wp","href":"https:\/\/api.w.org\/{rel}","templated":true}]}}