{"id":18816,"date":"2019-04-28T15:38:15","date_gmt":"2019-04-28T18:38:15","guid":{"rendered":"https:\/\/www.gaveanews.com\/?p=18816"},"modified":"2019-04-28T15:39:42","modified_gmt":"2019-04-28T18:39:42","slug":"comite-organizador-da-copa-america-faz-oferta-milionaria-para-alugar-o-maracana-mas-fla-flu-rejeita","status":"publish","type":"post","link":"https:\/\/www.gaveanews.com\/index.php\/2019\/04\/28\/comite-organizador-da-copa-america-faz-oferta-milionaria-para-alugar-o-maracana-mas-fla-flu-rejeita\/","title":{"rendered":"Comit\u00ea Organizador da Copa Am\u00e9rica faz oferta milion\u00e1ria para alugar o Maracan\u00e3, mas Fla-Flu rejeita"},"content":{"rendered":"\n<p>O Comit\u00ea Organizador da Copa Am\u00e9rica quer pagar R$ 1,750 milh\u00e3o pelo aluguel do Maracan\u00e3, mantendo-o como exclusivo por dois meses. A dupla Flamengo e Fluminense, novo gestor do est\u00e1dio, rejeita essa proposta alegando que o valor \u00e9 baixo e o per\u00edodo de cess\u00e3o excessivo. H\u00e1 um impasse entre as partes, como noticiou primeiro &#8220;O Globo&#8221; e o blog confirmou.<\/p>\n\n\n\n<p>Havia um contrato assinado entre o comit\u00ea da Copa Am\u00e9rica e a Odebrecht, antiga gestora do est\u00e1dio. Nesse acordo, estavam previstas essas condi\u00e7\u00f5es: o est\u00e1dio ficaria exclusivo para uso do comit\u00ea da Copa Am\u00e9rica de 14 de maio at\u00e9 10 de julho, com aluguel acertado acima. Pelos termos do acordos, a inten\u00e7\u00e3o seria preservar o gramado, embora o comit\u00ea nunca tenha informado a data exata do fechamento.<\/p>\n\n\n\n<p>O valor de R$ 1,750 milh\u00e3o \u00e9 insuficiente para cobrir sequer um m\u00eas de despesas do Maracan\u00e3. Pela estimativa feita pelo governo estadual, o custo do est\u00e1dio \u00e9 de R$ 2 milh\u00f5es por m\u00eas, mais os R$ 230 mil a serem repassados ao Estado.<\/p>\n\n\n\n<p>Nesse cen\u00e1rio, a dupla Fla-Flu teria de bancar os custos sem poder utilizar o Maracan\u00e3 por dois dos seis meses que tem a permiss\u00e3o. Por isso, fez uma contraproposta: um aumento de R$ 500 mil no aluguel do est\u00e1dio, mais a manuten\u00e7\u00e3o dele aberto at\u00e9 o fim dos jogos do Brasileiro antes da parada da Copa Am\u00e9rica.<\/p>\n\n\n\n<p>H\u00e1 um Fla-Flu marcado para 8 de junho, isto \u00e9, os times n\u00e3o poderiam atuar no est\u00e1dio no primeiro jogo em que este est\u00e1 sob sua gest\u00e3o. Al\u00e9m disso, h\u00e1 outras partidas marcadas a partir do meio de maio, o que apresentaria preju\u00edzo t\u00e9cnico e financeiro para os dois times.<\/p>\n\n\n\n<p>O governo do Estado do Rio informou \u00e0 organiza\u00e7\u00e3o da Copa Am\u00e9rica que deveria se entender com o dois novos permission\u00e1rios. H\u00e1 uma tentativa do comit\u00ea em pedir uma interven\u00e7\u00e3o do governo alegando que se comprometeram com o torneio e que est\u00e3o apertados os recursos para realiza\u00e7\u00e3o da competi\u00e7\u00e3o.<\/p>\n\n\n\n<p>No in\u00edcio, de fato, a Copa Am\u00e9rica do Brasil vinha enfrentando quest\u00f5es financeiras por conta de contratos antigos. Mas a venda de ingressos tem ido bem, foram obtidos patrocinadores. No geral, o torneio \u00e9 altamente rent\u00e1vel. A \u00faltima edi\u00e7\u00e3o realizada nos EUA, em 2016, gerou uma receita de US$ 87 milh\u00f5es (R$ 342 milh\u00f5es), com despesas de US$ 71 milh\u00f5es. Ou seja, a Conmebol teve lucro de US$ 16 milh\u00f5es (R$ 63 milh\u00f5es).<\/p>\n\n\n\n<p>O Maracan\u00e3 \u00e9 o principal est\u00e1dio do torneio e vai receber a final. Isso se sair um acordo entre a dupla Fla-Flu e o comit\u00ea organizador.<\/p>\n\n\n\n<p>Vale citar que o Comit\u00ea Organizador da Copa Am\u00e9rica emitiu uma nota sobre o imbr\u00f3glio:<\/p>\n\n\n\n<p><em>&#8220;O Comit\u00ea Organizador Local n\u00e3o comenta sobre os n\u00fameros envolvidos nos contratos feitos com cada est\u00e1dio. O planejamento e a negocia\u00e7\u00e3o da gest\u00e3o de cada um deles para a CONMEBOL Copa Am\u00e9rica Brasil 2019 envolvem valores condizentes ao nosso or\u00e7amento, composto por recursos 100% privados, e padr\u00f5es previamente estabelecidos. N\u00e3o h\u00e1 e nunca foi prevista na organiza\u00e7\u00e3o do torneio a utiliza\u00e7\u00e3o de verbas p\u00fablicas de nenhuma esfera de governo. E, da mesma forma, o COL nunca invocou qualquer compromisso do Poder P\u00fablico em rela\u00e7\u00e3o ao Maracan\u00e3.<\/em><br><br><em>Atualmente, o Comit\u00ea Organizador Local ajusta com os novos concession\u00e1rios do Maracan\u00e3 os \u00faltimos detalhes para o uso do est\u00e1dio. <\/em><\/p>\n\n\n\n<p><em>O objetivo do Comit\u00ea Organizador Local \u00e9 interferir o m\u00ednimo poss\u00edvel nas atividades dos clubes. Os est\u00e1dios manter\u00e3o suas atividades rotineiras e o gramado entrar\u00e1 em um per\u00edodo de prepara\u00e7\u00e3o final para a competi\u00e7\u00e3o,\u202fcomo acontece em qualquer grande evento de futebol. Ele ser\u00e1 avaliado periodicamente\u202fat\u00e9 o in\u00edcio do torneio para darmos aos atletas a melhor condi\u00e7\u00e3o t\u00e9cnica poss\u00edvel&#8221;.<\/em><\/p>\n\n\n\n\n\n<p>Retirado de: Rodrigo Mattos<\/p>\n","protected":false},"excerpt":{"rendered":"<p>O Comit\u00ea Organizador da Copa Am\u00e9rica quer pagar R$ 1,750 milh\u00e3o pelo aluguel do Maracan\u00e3, mantendo-o como exclusivo por dois meses. A dupla Flamengo e Fluminense, novo gestor do est\u00e1dio, rejeita essa proposta alegando que o valor \u00e9 baixo e o per\u00edodo de cess\u00e3o excessivo. H\u00e1 um impasse entre as partes, como noticiou primeiro &#8220;O [&hellip;]<\/p>\n","protected":false},"author":1,"featured_media":15081,"comment_status":"open","ping_status":"open","sticky":false,"template":"","format":"standard","meta":{"footnotes":""},"categories":[1],"tags":[],"class_list":["post-18816","post","type-post","status-publish","format-standard","has-post-thumbnail","hentry","category-flamengo"],"yoast_head":"<!-- This site is optimized with the Yoast SEO Premium plugin v24.2 (Yoast SEO v26.9) - https:\/\/yoast.com\/product\/yoast-seo-premium-wordpress\/ -->\n<title>Comit\u00ea Organizador da Copa Am\u00e9rica faz oferta milion\u00e1ria para alugar o Maracan\u00e3, mas Fla-Flu rejeita<\/title>\n<meta name=\"robots\" content=\"index, follow, max-snippet:-1, max-image-preview:large, max-video-preview:-1\" \/>\n<link rel=\"canonical\" href=\"https:\/\/www.gaveanews.com\/index.php\/2019\/04\/28\/comite-organizador-da-copa-america-faz-oferta-milionaria-para-alugar-o-maracana-mas-fla-flu-rejeita\/\" \/>\n<meta property=\"og:locale\" content=\"pt_BR\" \/>\n<meta property=\"og:type\" content=\"article\" \/>\n<meta property=\"og:title\" content=\"Comit\u00ea Organizador da Copa Am\u00e9rica faz oferta milion\u00e1ria para alugar o Maracan\u00e3, mas Fla-Flu rejeita\" \/>\n<meta property=\"og:description\" content=\"O Comit\u00ea Organizador da Copa Am\u00e9rica quer pagar R$ 1,750 milh\u00e3o pelo aluguel do Maracan\u00e3, mantendo-o como exclusivo por dois meses. A dupla Flamengo e Fluminense, novo gestor do est\u00e1dio, rejeita essa proposta alegando que o valor \u00e9 baixo e o per\u00edodo de cess\u00e3o excessivo. H\u00e1 um impasse entre as partes, como noticiou primeiro &#8220;O [&hellip;]\" \/>\n<meta property=\"og:url\" content=\"https:\/\/www.gaveanews.com\/index.php\/2019\/04\/28\/comite-organizador-da-copa-america-faz-oferta-milionaria-para-alugar-o-maracana-mas-fla-flu-rejeita\/\" \/>\n<meta property=\"og:site_name\" content=\"G\u00e1vea News\" \/>\n<meta property=\"article:publisher\" content=\"https:\/\/facebook.com\/gaveaNews\/\" \/>\n<meta property=\"article:published_time\" content=\"2019-04-28T18:38:15+00:00\" \/>\n<meta property=\"article:modified_time\" content=\"2019-04-28T18:39:42+00:00\" \/>\n<meta property=\"og:image\" content=\"https:\/\/www.gaveanews.com\/wp-content\/uploads\/2019\/03\/Escudo-do-Flamengo-e-exposto-proximo-a-um-dos-gols-no-gramado-do-Maracana.webp\" \/>\n\t<meta property=\"og:image:width\" content=\"1\" \/>\n\t<meta property=\"og:image:height\" content=\"1\" \/>\n\t<meta property=\"og:image:type\" content=\"image\/jpeg\" \/>\n<meta name=\"author\" content=\"Equipe G\u00e1vea News\" \/>\n<meta name=\"twitter:card\" content=\"summary_large_image\" \/>\n<meta name=\"twitter:label1\" content=\"Escrito por\" \/>\n\t<meta name=\"twitter:data1\" content=\"Equipe G\u00e1vea News\" \/>\n\t<meta name=\"twitter:label2\" content=\"Est. tempo de leitura\" \/>\n\t<meta name=\"twitter:data2\" content=\"3 minutos\" \/>\n<script type=\"application\/ld+json\" class=\"yoast-schema-graph\">{\"@context\":\"https:\/\/schema.org\",\"@graph\":[{\"@type\":\"NewsArticle\",\"@id\":\"https:\/\/www.gaveanews.com\/index.php\/2019\/04\/28\/comite-organizador-da-copa-america-faz-oferta-milionaria-para-alugar-o-maracana-mas-fla-flu-rejeita\/#article\",\"isPartOf\":{\"@id\":\"https:\/\/www.gaveanews.com\/index.php\/2019\/04\/28\/comite-organizador-da-copa-america-faz-oferta-milionaria-para-alugar-o-maracana-mas-fla-flu-rejeita\/\"},\"author\":{\"name\":\"Equipe G\u00e1vea News\",\"@id\":\"https:\/\/www.gaveanews.com\/#\/schema\/person\/2ec14f73fb96be2caf28f91afb14749d\"},\"headline\":\"Comit\u00ea Organizador da Copa Am\u00e9rica faz oferta milion\u00e1ria para alugar o Maracan\u00e3, mas Fla-Flu rejeita\",\"datePublished\":\"2019-04-28T18:38:15+00:00\",\"dateModified\":\"2019-04-28T18:39:42+00:00\",\"mainEntityOfPage\":{\"@id\":\"https:\/\/www.gaveanews.com\/index.php\/2019\/04\/28\/comite-organizador-da-copa-america-faz-oferta-milionaria-para-alugar-o-maracana-mas-fla-flu-rejeita\/\"},\"wordCount\":678,\"commentCount\":0,\"image\":{\"@id\":\"https:\/\/www.gaveanews.com\/index.php\/2019\/04\/28\/comite-organizador-da-copa-america-faz-oferta-milionaria-para-alugar-o-maracana-mas-fla-flu-rejeita\/#primaryimage\"},\"thumbnailUrl\":\"https:\/\/www.gaveanews.com\/wp-content\/uploads\/2019\/03\/Escudo-do-Flamengo-e-exposto-proximo-a-um-dos-gols-no-gramado-do-Maracana.webp\",\"articleSection\":[\"Flamengo\"],\"inLanguage\":\"pt-BR\",\"potentialAction\":[{\"@type\":\"CommentAction\",\"name\":\"Comment\",\"target\":[\"https:\/\/www.gaveanews.com\/index.php\/2019\/04\/28\/comite-organizador-da-copa-america-faz-oferta-milionaria-para-alugar-o-maracana-mas-fla-flu-rejeita\/#respond\"]}],\"copyrightYear\":\"2019\",\"copyrightHolder\":{\"@id\":\"https:\/\/www.gaveanews.com\/#organization\"}},{\"@type\":\"WebPage\",\"@id\":\"https:\/\/www.gaveanews.com\/index.php\/2019\/04\/28\/comite-organizador-da-copa-america-faz-oferta-milionaria-para-alugar-o-maracana-mas-fla-flu-rejeita\/\",\"url\":\"https:\/\/www.gaveanews.com\/index.php\/2019\/04\/28\/comite-organizador-da-copa-america-faz-oferta-milionaria-para-alugar-o-maracana-mas-fla-flu-rejeita\/\",\"name\":\"Comit\u00ea Organizador da Copa Am\u00e9rica faz oferta milion\u00e1ria para alugar o Maracan\u00e3, mas Fla-Flu rejeita\",\"isPartOf\":{\"@id\":\"https:\/\/www.gaveanews.com\/#website\"},\"primaryImageOfPage\":{\"@id\":\"https:\/\/www.gaveanews.com\/index.php\/2019\/04\/28\/comite-organizador-da-copa-america-faz-oferta-milionaria-para-alugar-o-maracana-mas-fla-flu-rejeita\/#primaryimage\"},\"image\":{\"@id\":\"https:\/\/www.gaveanews.com\/index.php\/2019\/04\/28\/comite-organizador-da-copa-america-faz-oferta-milionaria-para-alugar-o-maracana-mas-fla-flu-rejeita\/#primaryimage\"},\"thumbnailUrl\":\"https:\/\/www.gaveanews.com\/wp-content\/uploads\/2019\/03\/Escudo-do-Flamengo-e-exposto-proximo-a-um-dos-gols-no-gramado-do-Maracana.webp\",\"datePublished\":\"2019-04-28T18:38:15+00:00\",\"dateModified\":\"2019-04-28T18:39:42+00:00\",\"author\":{\"@id\":\"https:\/\/www.gaveanews.com\/#\/schema\/person\/2ec14f73fb96be2caf28f91afb14749d\"},\"breadcrumb\":{\"@id\":\"https:\/\/www.gaveanews.com\/index.php\/2019\/04\/28\/comite-organizador-da-copa-america-faz-oferta-milionaria-para-alugar-o-maracana-mas-fla-flu-rejeita\/#breadcrumb\"},\"inLanguage\":\"pt-BR\",\"potentialAction\":[{\"@type\":\"ReadAction\",\"target\":[\"https:\/\/www.gaveanews.com\/index.php\/2019\/04\/28\/comite-organizador-da-copa-america-faz-oferta-milionaria-para-alugar-o-maracana-mas-fla-flu-rejeita\/\"]}]},{\"@type\":\"ImageObject\",\"inLanguage\":\"pt-BR\",\"@id\":\"https:\/\/www.gaveanews.com\/index.php\/2019\/04\/28\/comite-organizador-da-copa-america-faz-oferta-milionaria-para-alugar-o-maracana-mas-fla-flu-rejeita\/#primaryimage\",\"url\":\"https:\/\/www.gaveanews.com\/wp-content\/uploads\/2019\/03\/Escudo-do-Flamengo-e-exposto-proximo-a-um-dos-gols-no-gramado-do-Maracana.webp\",\"contentUrl\":\"https:\/\/www.gaveanews.com\/wp-content\/uploads\/2019\/03\/Escudo-do-Flamengo-e-exposto-proximo-a-um-dos-gols-no-gramado-do-Maracana.webp\",\"caption\":\"Escudo do Flamengo \u00e9 exposto pr\u00f3ximo a um dos gols, no gramado do Maracan\u00e3 (Foto: Daniel Castelo Branco)\"},{\"@type\":\"BreadcrumbList\",\"@id\":\"https:\/\/www.gaveanews.com\/index.php\/2019\/04\/28\/comite-organizador-da-copa-america-faz-oferta-milionaria-para-alugar-o-maracana-mas-fla-flu-rejeita\/#breadcrumb\",\"itemListElement\":[{\"@type\":\"ListItem\",\"position\":1,\"name\":\"Home\",\"item\":\"https:\/\/www.gaveanews.com\/\"},{\"@type\":\"ListItem\",\"position\":2,\"name\":\"Comit\u00ea Organizador da Copa Am\u00e9rica faz oferta milion\u00e1ria para alugar o Maracan\u00e3, mas Fla-Flu rejeita\"}]},{\"@type\":\"WebSite\",\"@id\":\"https:\/\/www.gaveanews.com\/#website\",\"url\":\"https:\/\/www.gaveanews.com\/\",\"name\":\"G\u00e1vea News\",\"description\":\"Veja todas as not\u00edcias sobre o Flamengo: Contrata\u00e7\u00f5es, categorias de base, resultados das partidas, tabela de classifica\u00e7\u00e3o, pr\u00f3ximos jogos!\",\"potentialAction\":[{\"@type\":\"SearchAction\",\"target\":{\"@type\":\"EntryPoint\",\"urlTemplate\":\"https:\/\/www.gaveanews.com\/?s={search_term_string}\"},\"query-input\":{\"@type\":\"PropertyValueSpecification\",\"valueRequired\":true,\"valueName\":\"search_term_string\"}}],\"inLanguage\":\"pt-BR\"},{\"@type\":\"Person\",\"@id\":\"https:\/\/www.gaveanews.com\/#\/schema\/person\/2ec14f73fb96be2caf28f91afb14749d\",\"name\":\"Equipe G\u00e1vea News\",\"image\":{\"@type\":\"ImageObject\",\"inLanguage\":\"pt-BR\",\"@id\":\"https:\/\/www.gaveanews.com\/#\/schema\/person\/image\/\",\"url\":\"https:\/\/secure.gravatar.com\/avatar\/1e1956f1facbffd3f8fa53a326721950116b3b9dc9bd44939c01180fd4a745a9?s=96&d=mm&r=g\",\"contentUrl\":\"https:\/\/secure.gravatar.com\/avatar\/1e1956f1facbffd3f8fa53a326721950116b3b9dc9bd44939c01180fd4a745a9?s=96&d=mm&r=g\",\"caption\":\"Equipe G\u00e1vea News\"}}]}<\/script>\n<!-- \/ Yoast SEO Premium plugin. -->","yoast_head_json":{"title":"Comit\u00ea Organizador da Copa Am\u00e9rica faz oferta milion\u00e1ria para alugar o Maracan\u00e3, mas Fla-Flu rejeita","robots":{"index":"index","follow":"follow","max-snippet":"max-snippet:-1","max-image-preview":"max-image-preview:large","max-video-preview":"max-video-preview:-1"},"canonical":"https:\/\/www.gaveanews.com\/index.php\/2019\/04\/28\/comite-organizador-da-copa-america-faz-oferta-milionaria-para-alugar-o-maracana-mas-fla-flu-rejeita\/","og_locale":"pt_BR","og_type":"article","og_title":"Comit\u00ea Organizador da Copa Am\u00e9rica faz oferta milion\u00e1ria para alugar o Maracan\u00e3, mas Fla-Flu rejeita","og_description":"O Comit\u00ea Organizador da Copa Am\u00e9rica quer pagar R$ 1,750 milh\u00e3o pelo aluguel do Maracan\u00e3, mantendo-o como exclusivo por dois meses. A dupla Flamengo e Fluminense, novo gestor do est\u00e1dio, rejeita essa proposta alegando que o valor \u00e9 baixo e o per\u00edodo de cess\u00e3o excessivo. H\u00e1 um impasse entre as partes, como noticiou primeiro &#8220;O [&hellip;]","og_url":"https:\/\/www.gaveanews.com\/index.php\/2019\/04\/28\/comite-organizador-da-copa-america-faz-oferta-milionaria-para-alugar-o-maracana-mas-fla-flu-rejeita\/","og_site_name":"G\u00e1vea News","article_publisher":"https:\/\/facebook.com\/gaveaNews\/","article_published_time":"2019-04-28T18:38:15+00:00","article_modified_time":"2019-04-28T18:39:42+00:00","og_image":[{"url":"https:\/\/www.gaveanews.com\/wp-content\/uploads\/2019\/03\/Escudo-do-Flamengo-e-exposto-proximo-a-um-dos-gols-no-gramado-do-Maracana.webp","width":1,"height":1,"type":"image\/jpeg"}],"author":"Equipe G\u00e1vea News","twitter_card":"summary_large_image","twitter_misc":{"Escrito por":"Equipe G\u00e1vea News","Est. tempo de leitura":"3 minutos"},"schema":{"@context":"https:\/\/schema.org","@graph":[{"@type":"NewsArticle","@id":"https:\/\/www.gaveanews.com\/index.php\/2019\/04\/28\/comite-organizador-da-copa-america-faz-oferta-milionaria-para-alugar-o-maracana-mas-fla-flu-rejeita\/#article","isPartOf":{"@id":"https:\/\/www.gaveanews.com\/index.php\/2019\/04\/28\/comite-organizador-da-copa-america-faz-oferta-milionaria-para-alugar-o-maracana-mas-fla-flu-rejeita\/"},"author":{"name":"Equipe G\u00e1vea News","@id":"https:\/\/www.gaveanews.com\/#\/schema\/person\/2ec14f73fb96be2caf28f91afb14749d"},"headline":"Comit\u00ea Organizador da Copa Am\u00e9rica faz oferta milion\u00e1ria para alugar o Maracan\u00e3, mas Fla-Flu rejeita","datePublished":"2019-04-28T18:38:15+00:00","dateModified":"2019-04-28T18:39:42+00:00","mainEntityOfPage":{"@id":"https:\/\/www.gaveanews.com\/index.php\/2019\/04\/28\/comite-organizador-da-copa-america-faz-oferta-milionaria-para-alugar-o-maracana-mas-fla-flu-rejeita\/"},"wordCount":678,"commentCount":0,"image":{"@id":"https:\/\/www.gaveanews.com\/index.php\/2019\/04\/28\/comite-organizador-da-copa-america-faz-oferta-milionaria-para-alugar-o-maracana-mas-fla-flu-rejeita\/#primaryimage"},"thumbnailUrl":"https:\/\/www.gaveanews.com\/wp-content\/uploads\/2019\/03\/Escudo-do-Flamengo-e-exposto-proximo-a-um-dos-gols-no-gramado-do-Maracana.webp","articleSection":["Flamengo"],"inLanguage":"pt-BR","potentialAction":[{"@type":"CommentAction","name":"Comment","target":["https:\/\/www.gaveanews.com\/index.php\/2019\/04\/28\/comite-organizador-da-copa-america-faz-oferta-milionaria-para-alugar-o-maracana-mas-fla-flu-rejeita\/#respond"]}],"copyrightYear":"2019","copyrightHolder":{"@id":"https:\/\/www.gaveanews.com\/#organization"}},{"@type":"WebPage","@id":"https:\/\/www.gaveanews.com\/index.php\/2019\/04\/28\/comite-organizador-da-copa-america-faz-oferta-milionaria-para-alugar-o-maracana-mas-fla-flu-rejeita\/","url":"https:\/\/www.gaveanews.com\/index.php\/2019\/04\/28\/comite-organizador-da-copa-america-faz-oferta-milionaria-para-alugar-o-maracana-mas-fla-flu-rejeita\/","name":"Comit\u00ea Organizador da Copa Am\u00e9rica faz oferta milion\u00e1ria para alugar o Maracan\u00e3, mas Fla-Flu rejeita","isPartOf":{"@id":"https:\/\/www.gaveanews.com\/#website"},"primaryImageOfPage":{"@id":"https:\/\/www.gaveanews.com\/index.php\/2019\/04\/28\/comite-organizador-da-copa-america-faz-oferta-milionaria-para-alugar-o-maracana-mas-fla-flu-rejeita\/#primaryimage"},"image":{"@id":"https:\/\/www.gaveanews.com\/index.php\/2019\/04\/28\/comite-organizador-da-copa-america-faz-oferta-milionaria-para-alugar-o-maracana-mas-fla-flu-rejeita\/#primaryimage"},"thumbnailUrl":"https:\/\/www.gaveanews.com\/wp-content\/uploads\/2019\/03\/Escudo-do-Flamengo-e-exposto-proximo-a-um-dos-gols-no-gramado-do-Maracana.webp","datePublished":"2019-04-28T18:38:15+00:00","dateModified":"2019-04-28T18:39:42+00:00","author":{"@id":"https:\/\/www.gaveanews.com\/#\/schema\/person\/2ec14f73fb96be2caf28f91afb14749d"},"breadcrumb":{"@id":"https:\/\/www.gaveanews.com\/index.php\/2019\/04\/28\/comite-organizador-da-copa-america-faz-oferta-milionaria-para-alugar-o-maracana-mas-fla-flu-rejeita\/#breadcrumb"},"inLanguage":"pt-BR","potentialAction":[{"@type":"ReadAction","target":["https:\/\/www.gaveanews.com\/index.php\/2019\/04\/28\/comite-organizador-da-copa-america-faz-oferta-milionaria-para-alugar-o-maracana-mas-fla-flu-rejeita\/"]}]},{"@type":"ImageObject","inLanguage":"pt-BR","@id":"https:\/\/www.gaveanews.com\/index.php\/2019\/04\/28\/comite-organizador-da-copa-america-faz-oferta-milionaria-para-alugar-o-maracana-mas-fla-flu-rejeita\/#primaryimage","url":"https:\/\/www.gaveanews.com\/wp-content\/uploads\/2019\/03\/Escudo-do-Flamengo-e-exposto-proximo-a-um-dos-gols-no-gramado-do-Maracana.webp","contentUrl":"https:\/\/www.gaveanews.com\/wp-content\/uploads\/2019\/03\/Escudo-do-Flamengo-e-exposto-proximo-a-um-dos-gols-no-gramado-do-Maracana.webp","caption":"Escudo do Flamengo \u00e9 exposto pr\u00f3ximo a um dos gols, no gramado do Maracan\u00e3 (Foto: Daniel Castelo Branco)"},{"@type":"BreadcrumbList","@id":"https:\/\/www.gaveanews.com\/index.php\/2019\/04\/28\/comite-organizador-da-copa-america-faz-oferta-milionaria-para-alugar-o-maracana-mas-fla-flu-rejeita\/#breadcrumb","itemListElement":[{"@type":"ListItem","position":1,"name":"Home","item":"https:\/\/www.gaveanews.com\/"},{"@type":"ListItem","position":2,"name":"Comit\u00ea Organizador da Copa Am\u00e9rica faz oferta milion\u00e1ria para alugar o Maracan\u00e3, mas Fla-Flu rejeita"}]},{"@type":"WebSite","@id":"https:\/\/www.gaveanews.com\/#website","url":"https:\/\/www.gaveanews.com\/","name":"G\u00e1vea News","description":"Veja todas as not\u00edcias sobre o Flamengo: Contrata\u00e7\u00f5es, categorias de base, resultados das partidas, tabela de classifica\u00e7\u00e3o, pr\u00f3ximos jogos!","potentialAction":[{"@type":"SearchAction","target":{"@type":"EntryPoint","urlTemplate":"https:\/\/www.gaveanews.com\/?s={search_term_string}"},"query-input":{"@type":"PropertyValueSpecification","valueRequired":true,"valueName":"search_term_string"}}],"inLanguage":"pt-BR"},{"@type":"Person","@id":"https:\/\/www.gaveanews.com\/#\/schema\/person\/2ec14f73fb96be2caf28f91afb14749d","name":"Equipe G\u00e1vea News","image":{"@type":"ImageObject","inLanguage":"pt-BR","@id":"https:\/\/www.gaveanews.com\/#\/schema\/person\/image\/","url":"https:\/\/secure.gravatar.com\/avatar\/1e1956f1facbffd3f8fa53a326721950116b3b9dc9bd44939c01180fd4a745a9?s=96&d=mm&r=g","contentUrl":"https:\/\/secure.gravatar.com\/avatar\/1e1956f1facbffd3f8fa53a326721950116b3b9dc9bd44939c01180fd4a745a9?s=96&d=mm&r=g","caption":"Equipe G\u00e1vea News"}}]}},"_links":{"self":[{"href":"https:\/\/www.gaveanews.com\/index.php\/wp-json\/wp\/v2\/posts\/18816","targetHints":{"allow":["GET"]}}],"collection":[{"href":"https:\/\/www.gaveanews.com\/index.php\/wp-json\/wp\/v2\/posts"}],"about":[{"href":"https:\/\/www.gaveanews.com\/index.php\/wp-json\/wp\/v2\/types\/post"}],"author":[{"embeddable":true,"href":"https:\/\/www.gaveanews.com\/index.php\/wp-json\/wp\/v2\/users\/1"}],"replies":[{"embeddable":true,"href":"https:\/\/www.gaveanews.com\/index.php\/wp-json\/wp\/v2\/comments?post=18816"}],"version-history":[{"count":0,"href":"https:\/\/www.gaveanews.com\/index.php\/wp-json\/wp\/v2\/posts\/18816\/revisions"}],"wp:featuredmedia":[{"embeddable":true,"href":"https:\/\/www.gaveanews.com\/index.php\/wp-json\/wp\/v2\/media\/15081"}],"wp:attachment":[{"href":"https:\/\/www.gaveanews.com\/index.php\/wp-json\/wp\/v2\/media?parent=18816"}],"wp:term":[{"taxonomy":"category","embeddable":true,"href":"https:\/\/www.gaveanews.com\/index.php\/wp-json\/wp\/v2\/categories?post=18816"},{"taxonomy":"post_tag","embeddable":true,"href":"https:\/\/www.gaveanews.com\/index.php\/wp-json\/wp\/v2\/tags?post=18816"}],"curies":[{"name":"wp","href":"https:\/\/api.w.org\/{rel}","templated":true}]}}