{"id":18822,"date":"2019-04-28T21:15:54","date_gmt":"2019-04-29T00:15:54","guid":{"rendered":"https:\/\/www.gaveanews.com\/?p=18822"},"modified":"2019-05-10T21:04:06","modified_gmt":"2019-05-11T00:04:06","slug":"vazam-fotos-da-nova-segunda-camisa-do-flamengo-na-internet-confira","status":"publish","type":"post","link":"https:\/\/www.gaveanews.com\/index.php\/2019\/04\/28\/vazam-fotos-da-nova-segunda-camisa-do-flamengo-na-internet-confira\/","title":{"rendered":"Vazam fotos da nova segunda camisa do Flamengo na internet; confira"},"content":{"rendered":"\n<p>O site &#8220;Footy Headlines&#8221; vazou neste domingo (28 de abril) fotos da nova segunda camisa do Flamengo, predominantemente branca, que ser\u00e1 lan\u00e7ada em maio. A principal novidade ser\u00e1 o escudo de remo do clube no peito, no lugar do CRF, repetindo o que j\u00e1 havia feito em outros uniformes em 1995 e 2010. <\/p>\n\n\n\n<p>Vale destacar que a faixa vermelha tamb\u00e9m ter\u00e1 a mesma tecnologia da camisa rubro-negra, com a palavra &#8220;Mengo&#8221; em alto relevo.<\/p>\n\n\n\n<p><strong>Veja fotos do uniforme abaixo:<\/strong><\/p>\n\n\n\n<p style=\"font-size:11px\"> (<a href=\"http:\/\/bit.ly\/Twitter-Gavea-News\">siga nosso perfil no Twitter: @Gavea_News<\/a>) <\/p>\n\n\n\n<figure class=\"wp-block-embed-twitter aligncenter wp-block-embed is-type-rich is-provider-twitter\"><div class=\"wp-block-embed__wrapper\">\nhttps:\/\/twitter.com\/gavea_news\/status\/1122656527633006593\n<\/div><\/figure>\n\n\n\n<figure class=\"wp-block-image\"><img decoding=\"async\" src=\"https:\/\/s2.glbimg.com\/te2m4RX-0vcCPhi-TMEt71GBIEw=\/0x0:738x738\/1000x0\/smart\/filters:strip_icc()\/i.s3.glbimg.com\/v1\/AUTH_bc8228b6673f488aa253bbcb03c80ec5\/internal_photos\/bs\/2019\/T\/M\/Ee8ZdWSf640kuh4Ap1Ug\/48ab77c4-4eea-40ce-9fdc-c66bcad1c05b.jfif\" alt=\"\"\/><\/figure>\n\n\n\n<figure class=\"wp-block-image\"><img decoding=\"async\" src=\"https:\/\/s2.glbimg.com\/-HU_PDvNF71xpCJ4hsI9OzOhj8s=\/0x0:738x738\/1000x0\/smart\/filters:strip_icc()\/i.s3.glbimg.com\/v1\/AUTH_bc8228b6673f488aa253bbcb03c80ec5\/internal_photos\/bs\/2019\/Q\/4\/IGIU4kTIWtHVrm6tQG2A\/0595b1be-ce08-469e-af56-a076247ce030.jfif\" alt=\"\"\/><\/figure>\n\n\n\n<figure class=\"wp-block-image\"><img decoding=\"async\" src=\"https:\/\/s2.glbimg.com\/6MxC39mCZ5A22tz0upJPuW4BQLg=\/0x0:738x738\/1600x0\/smart\/filters:strip_icc()\/i.s3.glbimg.com\/v1\/AUTH_bc8228b6673f488aa253bbcb03c80ec5\/internal_photos\/bs\/2019\/m\/2\/eMVeUhRQ2WsjEoNCxvhg\/ee47047c-8f2e-4bb6-94d7-59fafa5419ac.jfif\" alt=\"\"\/><\/figure>\n\n\n\n<figure class=\"wp-block-image\"><img decoding=\"async\" src=\"https:\/\/2.bp.blogspot.com\/-tS7urB9ezWE\/XMYq5W5D8jI\/AAAAAAABWF8\/9MrJyCylZRAjjuQyudFCNvFmzhfeP7qTACLcBGAs\/s1600\/1%2B%25281%2529.webp\" alt=\"\"\/><\/figure>\n\n\n\n<h3 class=\"wp-block-heading\"><strong>Sorteio de um manto sagrado:<\/strong><\/h3>\n\n\n\n<figure class=\"wp-block-embed-twitter wp-block-embed is-type-rich is-provider-twitter\"><div class=\"wp-block-embed__wrapper\">\n<blockquote class=\"twitter-tweet\" data-width=\"550\" data-dnt=\"true\"><p lang=\"pt\" dir=\"ltr\">\u26a0\ufe0f SORTEIO: <br>Siga as regras abaixo e concorra a um manto sagrado!<br><br>\u27a1\ufe0f D\u00ea RT nesse tweet<br>\u27a1\ufe0f Siga <a href=\"https:\/\/twitter.com\/gavea_news?ref_src=twsrc%5Etfw\">@Gavea_News<\/a><br>\u27a1\ufe0f Siga <a href=\"https:\/\/twitter.com\/SouDaNacao?ref_src=twsrc%5Etfw\">@SouDaNacao<\/a><br>\u27a1\ufe0f Marque um amigo(a) Flamenguista<br>\u27a1\ufe0f Sorteio: (26\/05) \u00e0s 20h<br><br>Boa sorte, Na\u00e7\u00e3o! \ud83d\udd34\u26ab <a href=\"https:\/\/t.co\/lzoE0o728j\">pic.twitter.com\/lzoE0o728j<\/a><\/p>&mdash; Sou Da Na\u00e7\u00e3o (@SouDaNacao) <a href=\"https:\/\/twitter.com\/SouDaNacao\/status\/1120072457040351232?ref_src=twsrc%5Etfw\">April 21, 2019<\/a><\/blockquote><script async src=\"https:\/\/platform.twitter.com\/widgets.js\" charset=\"utf-8\"><\/script>\n<\/div><\/figure>\n\n\n\n\n\n<p>Retirado de: Globo Esporte<\/p>\n","protected":false},"excerpt":{"rendered":"<p>O site &#8220;Footy Headlines&#8221; vazou neste domingo (28 de abril) fotos da nova segunda camisa do Flamengo, predominantemente branca, que ser\u00e1 lan\u00e7ada em maio. A principal novidade ser\u00e1 o escudo de remo do clube no peito, no lugar do CRF, repetindo o que j\u00e1 havia feito em outros uniformes em 1995 e 2010. Vale destacar [&hellip;]<\/p>\n","protected":false},"author":1,"featured_media":16214,"comment_status":"open","ping_status":"open","sticky":false,"template":"","format":"standard","meta":{"footnotes":""},"categories":[47],"tags":[],"class_list":["post-18822","post","type-post","status-publish","format-standard","has-post-thumbnail","hentry","category-destaques"],"yoast_head":"<!-- This site is optimized with the Yoast SEO Premium plugin v24.2 (Yoast SEO v26.9) - https:\/\/yoast.com\/product\/yoast-seo-premium-wordpress\/ -->\n<title>Vazam fotos da nova segunda camisa do Flamengo na internet; confira<\/title>\n<meta name=\"robots\" content=\"index, follow, max-snippet:-1, max-image-preview:large, max-video-preview:-1\" \/>\n<link rel=\"canonical\" href=\"https:\/\/www.gaveanews.com\/index.php\/2019\/04\/28\/vazam-fotos-da-nova-segunda-camisa-do-flamengo-na-internet-confira\/\" \/>\n<meta property=\"og:locale\" content=\"pt_BR\" \/>\n<meta property=\"og:type\" content=\"article\" \/>\n<meta property=\"og:title\" content=\"Vazam fotos da nova segunda camisa do Flamengo na internet; confira\" \/>\n<meta property=\"og:description\" content=\"O site &#8220;Footy Headlines&#8221; vazou neste domingo (28 de abril) fotos da nova segunda camisa do Flamengo, predominantemente branca, que ser\u00e1 lan\u00e7ada em maio. A principal novidade ser\u00e1 o escudo de remo do clube no peito, no lugar do CRF, repetindo o que j\u00e1 havia feito em outros uniformes em 1995 e 2010. Vale destacar [&hellip;]\" \/>\n<meta property=\"og:url\" content=\"https:\/\/www.gaveanews.com\/index.php\/2019\/04\/28\/vazam-fotos-da-nova-segunda-camisa-do-flamengo-na-internet-confira\/\" \/>\n<meta property=\"og:site_name\" content=\"G\u00e1vea News\" \/>\n<meta property=\"article:publisher\" content=\"https:\/\/facebook.com\/gaveaNews\/\" \/>\n<meta property=\"article:published_time\" content=\"2019-04-29T00:15:54+00:00\" \/>\n<meta property=\"article:modified_time\" content=\"2019-05-11T00:04:06+00:00\" \/>\n<meta property=\"og:image\" content=\"https:\/\/www.gaveanews.com\/wp-content\/uploads\/2019\/03\/Logomarca-da-Adidas.webp\" \/>\n\t<meta property=\"og:image:width\" content=\"1200\" \/>\n\t<meta property=\"og:image:height\" content=\"600\" \/>\n\t<meta property=\"og:image:type\" content=\"image\/png\" \/>\n<meta name=\"author\" content=\"Equipe G\u00e1vea News\" \/>\n<meta name=\"twitter:card\" content=\"summary_large_image\" \/>\n<meta name=\"twitter:label1\" content=\"Escrito por\" \/>\n\t<meta name=\"twitter:data1\" content=\"Equipe G\u00e1vea News\" \/>\n<script type=\"application\/ld+json\" class=\"yoast-schema-graph\">{\"@context\":\"https:\/\/schema.org\",\"@graph\":[{\"@type\":\"NewsArticle\",\"@id\":\"https:\/\/www.gaveanews.com\/index.php\/2019\/04\/28\/vazam-fotos-da-nova-segunda-camisa-do-flamengo-na-internet-confira\/#article\",\"isPartOf\":{\"@id\":\"https:\/\/www.gaveanews.com\/index.php\/2019\/04\/28\/vazam-fotos-da-nova-segunda-camisa-do-flamengo-na-internet-confira\/\"},\"author\":{\"name\":\"Equipe G\u00e1vea News\",\"@id\":\"https:\/\/www.gaveanews.com\/#\/schema\/person\/2ec14f73fb96be2caf28f91afb14749d\"},\"headline\":\"Vazam fotos da nova segunda camisa do Flamengo na internet; confira\",\"datePublished\":\"2019-04-29T00:15:54+00:00\",\"dateModified\":\"2019-05-11T00:04:06+00:00\",\"mainEntityOfPage\":{\"@id\":\"https:\/\/www.gaveanews.com\/index.php\/2019\/04\/28\/vazam-fotos-da-nova-segunda-camisa-do-flamengo-na-internet-confira\/\"},\"wordCount\":109,\"commentCount\":0,\"image\":{\"@id\":\"https:\/\/www.gaveanews.com\/index.php\/2019\/04\/28\/vazam-fotos-da-nova-segunda-camisa-do-flamengo-na-internet-confira\/#primaryimage\"},\"thumbnailUrl\":\"https:\/\/www.gaveanews.com\/wp-content\/uploads\/2019\/03\/Logomarca-da-Adidas.webp\",\"articleSection\":[\"Destaques\"],\"inLanguage\":\"pt-BR\",\"potentialAction\":[{\"@type\":\"CommentAction\",\"name\":\"Comment\",\"target\":[\"https:\/\/www.gaveanews.com\/index.php\/2019\/04\/28\/vazam-fotos-da-nova-segunda-camisa-do-flamengo-na-internet-confira\/#respond\"]}],\"copyrightYear\":\"2019\",\"copyrightHolder\":{\"@id\":\"https:\/\/www.gaveanews.com\/#organization\"}},{\"@type\":\"WebPage\",\"@id\":\"https:\/\/www.gaveanews.com\/index.php\/2019\/04\/28\/vazam-fotos-da-nova-segunda-camisa-do-flamengo-na-internet-confira\/\",\"url\":\"https:\/\/www.gaveanews.com\/index.php\/2019\/04\/28\/vazam-fotos-da-nova-segunda-camisa-do-flamengo-na-internet-confira\/\",\"name\":\"Vazam fotos da nova segunda camisa do Flamengo na internet; confira\",\"isPartOf\":{\"@id\":\"https:\/\/www.gaveanews.com\/#website\"},\"primaryImageOfPage\":{\"@id\":\"https:\/\/www.gaveanews.com\/index.php\/2019\/04\/28\/vazam-fotos-da-nova-segunda-camisa-do-flamengo-na-internet-confira\/#primaryimage\"},\"image\":{\"@id\":\"https:\/\/www.gaveanews.com\/index.php\/2019\/04\/28\/vazam-fotos-da-nova-segunda-camisa-do-flamengo-na-internet-confira\/#primaryimage\"},\"thumbnailUrl\":\"https:\/\/www.gaveanews.com\/wp-content\/uploads\/2019\/03\/Logomarca-da-Adidas.webp\",\"datePublished\":\"2019-04-29T00:15:54+00:00\",\"dateModified\":\"2019-05-11T00:04:06+00:00\",\"author\":{\"@id\":\"https:\/\/www.gaveanews.com\/#\/schema\/person\/2ec14f73fb96be2caf28f91afb14749d\"},\"breadcrumb\":{\"@id\":\"https:\/\/www.gaveanews.com\/index.php\/2019\/04\/28\/vazam-fotos-da-nova-segunda-camisa-do-flamengo-na-internet-confira\/#breadcrumb\"},\"inLanguage\":\"pt-BR\",\"potentialAction\":[{\"@type\":\"ReadAction\",\"target\":[\"https:\/\/www.gaveanews.com\/index.php\/2019\/04\/28\/vazam-fotos-da-nova-segunda-camisa-do-flamengo-na-internet-confira\/\"]}]},{\"@type\":\"ImageObject\",\"inLanguage\":\"pt-BR\",\"@id\":\"https:\/\/www.gaveanews.com\/index.php\/2019\/04\/28\/vazam-fotos-da-nova-segunda-camisa-do-flamengo-na-internet-confira\/#primaryimage\",\"url\":\"https:\/\/www.gaveanews.com\/wp-content\/uploads\/2019\/03\/Logomarca-da-Adidas.webp\",\"contentUrl\":\"https:\/\/www.gaveanews.com\/wp-content\/uploads\/2019\/03\/Logomarca-da-Adidas.webp\",\"width\":1200,\"height\":600,\"caption\":\"Logomarca da Adidas (Foto: Reprodu\u00e7\u00e3o)\"},{\"@type\":\"BreadcrumbList\",\"@id\":\"https:\/\/www.gaveanews.com\/index.php\/2019\/04\/28\/vazam-fotos-da-nova-segunda-camisa-do-flamengo-na-internet-confira\/#breadcrumb\",\"itemListElement\":[{\"@type\":\"ListItem\",\"position\":1,\"name\":\"Home\",\"item\":\"https:\/\/www.gaveanews.com\/\"},{\"@type\":\"ListItem\",\"position\":2,\"name\":\"Vazam fotos da nova segunda camisa do Flamengo na internet; confira\"}]},{\"@type\":\"WebSite\",\"@id\":\"https:\/\/www.gaveanews.com\/#website\",\"url\":\"https:\/\/www.gaveanews.com\/\",\"name\":\"G\u00e1vea News\",\"description\":\"Veja todas as not\u00edcias sobre o Flamengo: Contrata\u00e7\u00f5es, categorias de base, resultados das partidas, tabela de classifica\u00e7\u00e3o, pr\u00f3ximos jogos!\",\"potentialAction\":[{\"@type\":\"SearchAction\",\"target\":{\"@type\":\"EntryPoint\",\"urlTemplate\":\"https:\/\/www.gaveanews.com\/?s={search_term_string}\"},\"query-input\":{\"@type\":\"PropertyValueSpecification\",\"valueRequired\":true,\"valueName\":\"search_term_string\"}}],\"inLanguage\":\"pt-BR\"},{\"@type\":\"Person\",\"@id\":\"https:\/\/www.gaveanews.com\/#\/schema\/person\/2ec14f73fb96be2caf28f91afb14749d\",\"name\":\"Equipe G\u00e1vea News\",\"image\":{\"@type\":\"ImageObject\",\"inLanguage\":\"pt-BR\",\"@id\":\"https:\/\/www.gaveanews.com\/#\/schema\/person\/image\/\",\"url\":\"https:\/\/secure.gravatar.com\/avatar\/1e1956f1facbffd3f8fa53a326721950116b3b9dc9bd44939c01180fd4a745a9?s=96&d=mm&r=g\",\"contentUrl\":\"https:\/\/secure.gravatar.com\/avatar\/1e1956f1facbffd3f8fa53a326721950116b3b9dc9bd44939c01180fd4a745a9?s=96&d=mm&r=g\",\"caption\":\"Equipe G\u00e1vea News\"}}]}<\/script>\n<!-- \/ Yoast SEO Premium plugin. -->","yoast_head_json":{"title":"Vazam fotos da nova segunda camisa do Flamengo na internet; confira","robots":{"index":"index","follow":"follow","max-snippet":"max-snippet:-1","max-image-preview":"max-image-preview:large","max-video-preview":"max-video-preview:-1"},"canonical":"https:\/\/www.gaveanews.com\/index.php\/2019\/04\/28\/vazam-fotos-da-nova-segunda-camisa-do-flamengo-na-internet-confira\/","og_locale":"pt_BR","og_type":"article","og_title":"Vazam fotos da nova segunda camisa do Flamengo na internet; confira","og_description":"O site &#8220;Footy Headlines&#8221; vazou neste domingo (28 de abril) fotos da nova segunda camisa do Flamengo, predominantemente branca, que ser\u00e1 lan\u00e7ada em maio. A principal novidade ser\u00e1 o escudo de remo do clube no peito, no lugar do CRF, repetindo o que j\u00e1 havia feito em outros uniformes em 1995 e 2010. Vale destacar [&hellip;]","og_url":"https:\/\/www.gaveanews.com\/index.php\/2019\/04\/28\/vazam-fotos-da-nova-segunda-camisa-do-flamengo-na-internet-confira\/","og_site_name":"G\u00e1vea News","article_publisher":"https:\/\/facebook.com\/gaveaNews\/","article_published_time":"2019-04-29T00:15:54+00:00","article_modified_time":"2019-05-11T00:04:06+00:00","og_image":[{"width":1200,"height":600,"url":"https:\/\/www.gaveanews.com\/wp-content\/uploads\/2019\/03\/Logomarca-da-Adidas.webp","type":"image\/png"}],"author":"Equipe G\u00e1vea News","twitter_card":"summary_large_image","twitter_misc":{"Escrito por":"Equipe G\u00e1vea News"},"schema":{"@context":"https:\/\/schema.org","@graph":[{"@type":"NewsArticle","@id":"https:\/\/www.gaveanews.com\/index.php\/2019\/04\/28\/vazam-fotos-da-nova-segunda-camisa-do-flamengo-na-internet-confira\/#article","isPartOf":{"@id":"https:\/\/www.gaveanews.com\/index.php\/2019\/04\/28\/vazam-fotos-da-nova-segunda-camisa-do-flamengo-na-internet-confira\/"},"author":{"name":"Equipe G\u00e1vea News","@id":"https:\/\/www.gaveanews.com\/#\/schema\/person\/2ec14f73fb96be2caf28f91afb14749d"},"headline":"Vazam fotos da nova segunda camisa do Flamengo na internet; confira","datePublished":"2019-04-29T00:15:54+00:00","dateModified":"2019-05-11T00:04:06+00:00","mainEntityOfPage":{"@id":"https:\/\/www.gaveanews.com\/index.php\/2019\/04\/28\/vazam-fotos-da-nova-segunda-camisa-do-flamengo-na-internet-confira\/"},"wordCount":109,"commentCount":0,"image":{"@id":"https:\/\/www.gaveanews.com\/index.php\/2019\/04\/28\/vazam-fotos-da-nova-segunda-camisa-do-flamengo-na-internet-confira\/#primaryimage"},"thumbnailUrl":"https:\/\/www.gaveanews.com\/wp-content\/uploads\/2019\/03\/Logomarca-da-Adidas.webp","articleSection":["Destaques"],"inLanguage":"pt-BR","potentialAction":[{"@type":"CommentAction","name":"Comment","target":["https:\/\/www.gaveanews.com\/index.php\/2019\/04\/28\/vazam-fotos-da-nova-segunda-camisa-do-flamengo-na-internet-confira\/#respond"]}],"copyrightYear":"2019","copyrightHolder":{"@id":"https:\/\/www.gaveanews.com\/#organization"}},{"@type":"WebPage","@id":"https:\/\/www.gaveanews.com\/index.php\/2019\/04\/28\/vazam-fotos-da-nova-segunda-camisa-do-flamengo-na-internet-confira\/","url":"https:\/\/www.gaveanews.com\/index.php\/2019\/04\/28\/vazam-fotos-da-nova-segunda-camisa-do-flamengo-na-internet-confira\/","name":"Vazam fotos da nova segunda camisa do Flamengo na internet; confira","isPartOf":{"@id":"https:\/\/www.gaveanews.com\/#website"},"primaryImageOfPage":{"@id":"https:\/\/www.gaveanews.com\/index.php\/2019\/04\/28\/vazam-fotos-da-nova-segunda-camisa-do-flamengo-na-internet-confira\/#primaryimage"},"image":{"@id":"https:\/\/www.gaveanews.com\/index.php\/2019\/04\/28\/vazam-fotos-da-nova-segunda-camisa-do-flamengo-na-internet-confira\/#primaryimage"},"thumbnailUrl":"https:\/\/www.gaveanews.com\/wp-content\/uploads\/2019\/03\/Logomarca-da-Adidas.webp","datePublished":"2019-04-29T00:15:54+00:00","dateModified":"2019-05-11T00:04:06+00:00","author":{"@id":"https:\/\/www.gaveanews.com\/#\/schema\/person\/2ec14f73fb96be2caf28f91afb14749d"},"breadcrumb":{"@id":"https:\/\/www.gaveanews.com\/index.php\/2019\/04\/28\/vazam-fotos-da-nova-segunda-camisa-do-flamengo-na-internet-confira\/#breadcrumb"},"inLanguage":"pt-BR","potentialAction":[{"@type":"ReadAction","target":["https:\/\/www.gaveanews.com\/index.php\/2019\/04\/28\/vazam-fotos-da-nova-segunda-camisa-do-flamengo-na-internet-confira\/"]}]},{"@type":"ImageObject","inLanguage":"pt-BR","@id":"https:\/\/www.gaveanews.com\/index.php\/2019\/04\/28\/vazam-fotos-da-nova-segunda-camisa-do-flamengo-na-internet-confira\/#primaryimage","url":"https:\/\/www.gaveanews.com\/wp-content\/uploads\/2019\/03\/Logomarca-da-Adidas.webp","contentUrl":"https:\/\/www.gaveanews.com\/wp-content\/uploads\/2019\/03\/Logomarca-da-Adidas.webp","width":1200,"height":600,"caption":"Logomarca da Adidas (Foto: Reprodu\u00e7\u00e3o)"},{"@type":"BreadcrumbList","@id":"https:\/\/www.gaveanews.com\/index.php\/2019\/04\/28\/vazam-fotos-da-nova-segunda-camisa-do-flamengo-na-internet-confira\/#breadcrumb","itemListElement":[{"@type":"ListItem","position":1,"name":"Home","item":"https:\/\/www.gaveanews.com\/"},{"@type":"ListItem","position":2,"name":"Vazam fotos da nova segunda camisa do Flamengo na internet; confira"}]},{"@type":"WebSite","@id":"https:\/\/www.gaveanews.com\/#website","url":"https:\/\/www.gaveanews.com\/","name":"G\u00e1vea News","description":"Veja todas as not\u00edcias sobre o Flamengo: Contrata\u00e7\u00f5es, categorias de base, resultados das partidas, tabela de classifica\u00e7\u00e3o, pr\u00f3ximos jogos!","potentialAction":[{"@type":"SearchAction","target":{"@type":"EntryPoint","urlTemplate":"https:\/\/www.gaveanews.com\/?s={search_term_string}"},"query-input":{"@type":"PropertyValueSpecification","valueRequired":true,"valueName":"search_term_string"}}],"inLanguage":"pt-BR"},{"@type":"Person","@id":"https:\/\/www.gaveanews.com\/#\/schema\/person\/2ec14f73fb96be2caf28f91afb14749d","name":"Equipe G\u00e1vea News","image":{"@type":"ImageObject","inLanguage":"pt-BR","@id":"https:\/\/www.gaveanews.com\/#\/schema\/person\/image\/","url":"https:\/\/secure.gravatar.com\/avatar\/1e1956f1facbffd3f8fa53a326721950116b3b9dc9bd44939c01180fd4a745a9?s=96&d=mm&r=g","contentUrl":"https:\/\/secure.gravatar.com\/avatar\/1e1956f1facbffd3f8fa53a326721950116b3b9dc9bd44939c01180fd4a745a9?s=96&d=mm&r=g","caption":"Equipe G\u00e1vea News"}}]}},"_links":{"self":[{"href":"https:\/\/www.gaveanews.com\/index.php\/wp-json\/wp\/v2\/posts\/18822","targetHints":{"allow":["GET"]}}],"collection":[{"href":"https:\/\/www.gaveanews.com\/index.php\/wp-json\/wp\/v2\/posts"}],"about":[{"href":"https:\/\/www.gaveanews.com\/index.php\/wp-json\/wp\/v2\/types\/post"}],"author":[{"embeddable":true,"href":"https:\/\/www.gaveanews.com\/index.php\/wp-json\/wp\/v2\/users\/1"}],"replies":[{"embeddable":true,"href":"https:\/\/www.gaveanews.com\/index.php\/wp-json\/wp\/v2\/comments?post=18822"}],"version-history":[{"count":0,"href":"https:\/\/www.gaveanews.com\/index.php\/wp-json\/wp\/v2\/posts\/18822\/revisions"}],"wp:featuredmedia":[{"embeddable":true,"href":"https:\/\/www.gaveanews.com\/index.php\/wp-json\/wp\/v2\/media\/16214"}],"wp:attachment":[{"href":"https:\/\/www.gaveanews.com\/index.php\/wp-json\/wp\/v2\/media?parent=18822"}],"wp:term":[{"taxonomy":"category","embeddable":true,"href":"https:\/\/www.gaveanews.com\/index.php\/wp-json\/wp\/v2\/categories?post=18822"},{"taxonomy":"post_tag","embeddable":true,"href":"https:\/\/www.gaveanews.com\/index.php\/wp-json\/wp\/v2\/tags?post=18822"}],"curies":[{"name":"wp","href":"https:\/\/api.w.org\/{rel}","templated":true}]}}