{"id":188223,"date":"2024-11-21T05:30:00","date_gmt":"2024-11-21T08:30:00","guid":{"rendered":"https:\/\/www.gaveanews.com\/?p=188223"},"modified":"2024-11-21T01:04:19","modified_gmt":"2024-11-21T04:04:19","slug":"sinal-de-alerta-ligado-situacao-de-galoppo-e-declaracao-de-rafinha-as-ultimas-noticias-do-sao-paulo","status":"publish","type":"post","link":"https:\/\/www.gaveanews.com\/index.php\/2024\/11\/21\/sinal-de-alerta-ligado-situacao-de-galoppo-e-declaracao-de-rafinha-as-ultimas-noticias-do-sao-paulo\/","title":{"rendered":"Sinal de alerta ligado, situa\u00e7\u00e3o de Galoppo e declara\u00e7\u00e3o de Rafinha: as \u00faltimas not\u00edcias do S\u00e3o Paulo"},"content":{"rendered":"\n<p>Nas \u00faltimas horas, o foco das not\u00edcias sobre o S\u00e3o Paulo se concentram nos bastidores do clube, com destaques como a situa\u00e7\u00e3o de Galoppo e declara\u00e7\u00e3o de Rafinha.<\/p>\n\n\n\n<p>Por conta deste contexto, leia abaixo um resumo preparado pela equipe do portal G\u00e1vea News para lhe manter muito bem informado!<\/p>\n\n\n\n<h2 class=\"wp-block-heading\" id=\"h-declaracao-de-rafinha\">Declara\u00e7\u00e3o de Rafinha<\/h2>\n\n\n\n<p>Rafinha, lateral-direito do S\u00e3o Paulo, revelou bastidores da breve e problem\u00e1tica passagem de James Rodr\u00edguez pelo clube, durante o podcast \u201cDen\u00edlson Show\u201d. O colombiano, com status de estrela devido \u00e0 sua trajet\u00f3ria na sele\u00e7\u00e3o de seu pa\u00eds, n\u00e3o conseguiu se adaptar ao S\u00e3o Paulo, enfrentando cr\u00edticas pela falta de intensidade nos treinos e resist\u00eancia a sugest\u00f5es de melhora f\u00edsica. Apesar de sua performance brilhante na Copa Am\u00e9rica, onde foi eleito o melhor jogador, James n\u00e3o correspondeu \u00e0s expectativas no Tricolor e encerrou sua passagem com apenas dois gols em 22 jogos. <strong><a href=\"https:\/\/www.gaveanews.com\/index.php\/2024\/11\/20\/a-declaracao-de-rafinha-sobre-james-rodriguez-no-sao-paulo\/\">(leia a mat\u00e9ria completa)<\/a><\/strong><\/p>\n\n\n\n<blockquote class=\"instagram-media\" data-instgrm-permalink=\"https:\/\/www.instagram.com\/p\/DA3WcY7RieV\/?utm_source=ig_embed&amp;utm_campaign=loading\" data-instgrm-version=\"14\" style=\" background:#FFF; border:0; border-radius:3px; box-shadow:0 0 1px 0 rgba(0,0,0,0.5),0 1px 10px 0 rgba(0,0,0,0.15); margin: 1px; max-width:540px; min-width:326px; padding:0; width:99.375%; width:-webkit-calc(100% - 2px); width:calc(100% - 2px);\"><div style=\"padding:16px;\"> <a href=\"https:\/\/www.instagram.com\/p\/DA3WcY7RieV\/?utm_source=ig_embed&amp;utm_campaign=loading\" style=\" background:#FFFFFF; line-height:0; padding:0 0; text-align:center; text-decoration:none; width:100%;\" target=\"_blank\"> <div style=\" display: flex; flex-direction: row; align-items: center;\"> <div style=\"background-color: #F4F4F4; border-radius: 50%; flex-grow: 0; height: 40px; margin-right: 14px; width: 40px;\"><\/div> <div style=\"display: flex; flex-direction: column; flex-grow: 1; justify-content: center;\"> <div style=\" background-color: #F4F4F4; border-radius: 4px; flex-grow: 0; height: 14px; margin-bottom: 6px; width: 100px;\"><\/div> <div style=\" background-color: #F4F4F4; border-radius: 4px; flex-grow: 0; height: 14px; width: 60px;\"><\/div><\/div><\/div><div style=\"padding: 19% 0;\"><\/div> <div style=\"display:block; height:50px; margin:0 auto 12px; width:50px;\"><svg width=\"50px\" height=\"50px\" viewBox=\"0 0 60 60\" version=\"1.1\" xmlns=\"https:\/\/www.w3.org\/2000\/svg\" xmlns:xlink=\"https:\/\/www.w3.org\/1999\/xlink\"><g stroke=\"none\" stroke-width=\"1\" fill=\"none\" fill-rule=\"evenodd\"><g transform=\"translate(-511.000000, -20.000000)\" fill=\"#000000\"><g><path d=\"M556.869,30.41 C554.814,30.41 553.148,32.076 553.148,34.131 C553.148,36.186 554.814,37.852 556.869,37.852 C558.924,37.852 560.59,36.186 560.59,34.131 C560.59,32.076 558.924,30.41 556.869,30.41 M541,60.657 C535.114,60.657 530.342,55.887 530.342,50 C530.342,44.114 535.114,39.342 541,39.342 C546.887,39.342 551.658,44.114 551.658,50 C551.658,55.887 546.887,60.657 541,60.657 M541,33.886 C532.1,33.886 524.886,41.1 524.886,50 C524.886,58.899 532.1,66.113 541,66.113 C549.9,66.113 557.115,58.899 557.115,50 C557.115,41.1 549.9,33.886 541,33.886 M565.378,62.101 C565.244,65.022 564.756,66.606 564.346,67.663 C563.803,69.06 563.154,70.057 562.106,71.106 C561.058,72.155 560.06,72.803 558.662,73.347 C557.607,73.757 556.021,74.244 553.102,74.378 C549.944,74.521 548.997,74.552 541,74.552 C533.003,74.552 532.056,74.521 528.898,74.378 C525.979,74.244 524.393,73.757 523.338,73.347 C521.94,72.803 520.942,72.155 519.894,71.106 C518.846,70.057 518.197,69.06 517.654,67.663 C517.244,66.606 516.755,65.022 516.623,62.101 C516.479,58.943 516.448,57.996 516.448,50 C516.448,42.003 516.479,41.056 516.623,37.899 C516.755,34.978 517.244,33.391 517.654,32.338 C518.197,30.938 518.846,29.942 519.894,28.894 C520.942,27.846 521.94,27.196 523.338,26.654 C524.393,26.244 525.979,25.756 528.898,25.623 C532.057,25.479 533.004,25.448 541,25.448 C548.997,25.448 549.943,25.479 553.102,25.623 C556.021,25.756 557.607,26.244 558.662,26.654 C560.06,27.196 561.058,27.846 562.106,28.894 C563.154,29.942 563.803,30.938 564.346,32.338 C564.756,33.391 565.244,34.978 565.378,37.899 C565.522,41.056 565.552,42.003 565.552,50 C565.552,57.996 565.522,58.943 565.378,62.101 M570.82,37.631 C570.674,34.438 570.167,32.258 569.425,30.349 C568.659,28.377 567.633,26.702 565.965,25.035 C564.297,23.368 562.623,22.342 560.652,21.575 C558.743,20.834 556.562,20.326 553.369,20.18 C550.169,20.033 549.148,20 541,20 C532.853,20 531.831,20.033 528.631,20.18 C525.438,20.326 523.257,20.834 521.349,21.575 C519.376,22.342 517.703,23.368 516.035,25.035 C514.368,26.702 513.342,28.377 512.574,30.349 C511.834,32.258 511.326,34.438 511.181,37.631 C511.035,40.831 511,41.851 511,50 C511,58.147 511.035,59.17 511.181,62.369 C511.326,65.562 511.834,67.743 512.574,69.651 C513.342,71.625 514.368,73.296 516.035,74.965 C517.703,76.634 519.376,77.658 521.349,78.425 C523.257,79.167 525.438,79.673 528.631,79.82 C531.831,79.965 532.853,80.001 541,80.001 C549.148,80.001 550.169,79.965 553.369,79.82 C556.562,79.673 558.743,79.167 560.652,78.425 C562.623,77.658 564.297,76.634 565.965,74.965 C567.633,73.296 568.659,71.625 569.425,69.651 C570.167,67.743 570.674,65.562 570.82,62.369 C570.966,59.17 571,58.147 571,50 C571,41.851 570.966,40.831 570.82,37.631\"><\/path><\/g><\/g><\/g><\/svg><\/div><div style=\"padding-top: 8px;\"> <div style=\" color:#3897f0; font-family:Arial,sans-serif; font-size:14px; font-style:normal; font-weight:550; line-height:18px;\">Ver essa foto no Instagram<\/div><\/div><div style=\"padding: 12.5% 0;\"><\/div> <div style=\"display: flex; flex-direction: row; margin-bottom: 14px; align-items: center;\"><div> <div style=\"background-color: #F4F4F4; border-radius: 50%; height: 12.5px; width: 12.5px; transform: translateX(0px) translateY(7px);\"><\/div> <div style=\"background-color: #F4F4F4; height: 12.5px; transform: rotate(-45deg) translateX(3px) translateY(1px); width: 12.5px; flex-grow: 0; margin-right: 14px; margin-left: 2px;\"><\/div> <div style=\"background-color: #F4F4F4; border-radius: 50%; height: 12.5px; width: 12.5px; transform: translateX(9px) translateY(-18px);\"><\/div><\/div><div style=\"margin-left: 8px;\"> <div style=\" background-color: #F4F4F4; border-radius: 50%; flex-grow: 0; height: 20px; width: 20px;\"><\/div> <div style=\" width: 0; height: 0; border-top: 2px solid transparent; border-left: 6px solid #f4f4f4; border-bottom: 2px solid transparent; transform: translateX(16px) translateY(-4px) rotate(30deg)\"><\/div><\/div><div style=\"margin-left: auto;\"> <div style=\" width: 0px; border-top: 8px solid #F4F4F4; border-right: 8px solid transparent; transform: translateY(16px);\"><\/div> <div style=\" background-color: #F4F4F4; flex-grow: 0; height: 12px; width: 16px; transform: translateY(-4px);\"><\/div> <div style=\" width: 0; height: 0; border-top: 8px solid #F4F4F4; border-left: 8px solid transparent; transform: translateY(-4px) translateX(8px);\"><\/div><\/div><\/div> <div style=\"display: flex; flex-direction: column; flex-grow: 1; justify-content: center; margin-bottom: 24px;\"> <div style=\" background-color: #F4F4F4; border-radius: 4px; flex-grow: 0; height: 14px; margin-bottom: 6px; width: 224px;\"><\/div> <div style=\" background-color: #F4F4F4; border-radius: 4px; flex-grow: 0; height: 14px; width: 144px;\"><\/div><\/div><\/a><p style=\" color:#c9c8cd; font-family:Arial,sans-serif; font-size:14px; line-height:17px; margin-bottom:0; margin-top:8px; overflow:hidden; padding:8px 0 7px; text-align:center; text-overflow:ellipsis; white-space:nowrap;\"><a href=\"https:\/\/www.instagram.com\/p\/DA3WcY7RieV\/?utm_source=ig_embed&amp;utm_campaign=loading\" style=\" color:#c9c8cd; font-family:Arial,sans-serif; font-size:14px; font-style:normal; font-weight:normal; line-height:17px; text-decoration:none;\" target=\"_blank\">Uma publica\u00e7\u00e3o compartilhada por James Rodri\u0301guez (@jamesrodriguez10)<\/a><\/p><\/div><\/blockquote>\n<script async src=\"\/\/www.instagram.com\/embed.js\"><\/script>\n\n\n\n<p>O lateral explicou que, apesar da amizade e de terem sido campe\u00f5es juntos pelo Bayern, teve conflitos com James ao tentar aconselh\u00e1-lo sobre sua postura. Segundo Rafinha, enquanto outros jogadores com status similar, como Lucas, demonstraram comprometimento, James adotou uma abordagem diferente, sentindo-se desvalorizado pela aus\u00eancia de titularidade. <\/p>\n\n\n\n<p>A situa\u00e7\u00e3o culminou em desgaste interno e rescis\u00e3o contratual em agosto, encerrando um ciclo frustrante para ambas as partes.<\/p>\n\n\n\n<p>Ap\u00f3s sua sa\u00edda, James seguiu para o Rayo Vallecano, mas a experi\u00eancia tamb\u00e9m tem sido dif\u00edcil, refletindo desafios semelhantes aos enfrentados no S\u00e3o Paulo. Rafinha destacou que o colombiano possui grande talento, mas que o futebol em equipes exige mais do que habilidade, ressaltando a import\u00e2ncia do coletivo para alcan\u00e7ar o sucesso.<\/p>\n\n\n\n<h2 class=\"wp-block-heading\" id=\"h-situacao-de-galoppo\">Situa\u00e7\u00e3o de Galoppo<\/h2>\n\n\n\n<p>O meio-campista argentino Giuliano Galoppo, do S\u00e3o Paulo, passou por uma artroscopia no joelho esquerdo ap\u00f3s sofrer um trauma, o que o afastar\u00e1 dos gramados at\u00e9 o fim da temporada 2024. Com recupera\u00e7\u00e3o estimada entre tr\u00eas a quatro semanas, o jogador est\u00e1 fora das \u00faltimas partidas do Brasileir\u00e3o, incluindo confrontos contra Atl\u00e9tico-MG e Botafogo. A les\u00e3o ocorreu em um momento j\u00e1 delicado para Galoppo, que vinha enfrentando dificuldades para se firmar no elenco do t\u00e9cnico Luiz Zubeld\u00eda. <strong><a href=\"https:\/\/www.gaveanews.com\/index.php\/2024\/11\/20\/a-situacao-de-galoppo-no-sao-paulo\/\">(leia a mat\u00e9ria completa)<\/a><\/strong><\/p>\n\n\n\n<figure class=\"wp-block-image size-large\"><img loading=\"lazy\" decoding=\"async\" width=\"819\" height=\"1024\" src=\"https:\/\/www.gaveanews.com\/wp-content\/uploads\/Galoppo-em-acao-pelo-Sao-Paulo-819x1024.webp\" alt=\"\" class=\"wp-image-142730\" srcset=\"https:\/\/www.gaveanews.com\/wp-content\/uploads\/Galoppo-em-acao-pelo-Sao-Paulo-819x1024.webp 819w, https:\/\/www.gaveanews.com\/wp-content\/uploads\/Galoppo-em-acao-pelo-Sao-Paulo-240x300.webp 240w, https:\/\/www.gaveanews.com\/wp-content\/uploads\/Galoppo-em-acao-pelo-Sao-Paulo-768x960.webp 768w, https:\/\/www.gaveanews.com\/wp-content\/uploads\/Galoppo-em-acao-pelo-Sao-Paulo-336x420.webp 336w, https:\/\/www.gaveanews.com\/wp-content\/uploads\/Galoppo-em-acao-pelo-Sao-Paulo-672x840.webp 672w, https:\/\/www.gaveanews.com\/wp-content\/uploads\/Galoppo-em-acao-pelo-Sao-Paulo-640x800.webp 640w, https:\/\/www.gaveanews.com\/wp-content\/uploads\/Galoppo-em-acao-pelo-Sao-Paulo-681x851.webp 681w, https:\/\/www.gaveanews.com\/wp-content\/uploads\/Galoppo-em-acao-pelo-Sao-Paulo-100x125.webp 100w, https:\/\/www.gaveanews.com\/wp-content\/uploads\/Galoppo-em-acao-pelo-Sao-Paulo.webp 1080w\" sizes=\"auto, (max-width: 819px) 100vw, 819px\" \/><figcaption class=\"wp-element-caption\">Galoppo em a\u00e7\u00e3o pelo S\u00e3o Paulo (Foto: Reprodu\u00e7\u00e3o\/Instagram)<\/figcaption><\/figure>\n\n\n\n<p>Em 2024, Galoppo participou de 28 partidas, com apenas um gol e duas assist\u00eancias, n\u00fameros que refletem sua perda de espa\u00e7o no time. Antes mesmo da les\u00e3o, seu futuro j\u00e1 era incerto, com especula\u00e7\u00f5es sobre sondagens de outros clubes. Ap\u00f3s a cirurgia, o foco est\u00e1 em sua recupera\u00e7\u00e3o, enquanto a diretoria tricolor avalia os pr\u00f3ximos passos, incluindo uma poss\u00edvel transfer\u00eancia na pr\u00f3xima temporada.<\/p>\n\n\n\n<p>O S\u00e3o Paulo classificou o procedimento como simples, mas refor\u00e7ou a necessidade de cautela no retorno do atleta. O elenco ter\u00e1 f\u00e9rias em dezembro e a reapresenta\u00e7\u00e3o em janeiro para uma pr\u00e9-temporada nos Estados Unidos, onde o argentino poder\u00e1 estar dispon\u00edvel caso sua recupera\u00e7\u00e3o evolua conforme o esperado. A pr\u00f3xima fase ser\u00e1 determinante para definir o papel de Galoppo no clube em 2025.<\/p>\n\n\n\n<h2 class=\"wp-block-heading\" id=\"h-sinal-de-alerta-ligado\">Sinal de alerta ligado<\/h2>\n\n\n\n<p>A gest\u00e3o de Julio Casares no S\u00e3o Paulo tem gerado preocupa\u00e7\u00e3o devido \u00e0 deteriora\u00e7\u00e3o das finan\u00e7as do clube, apesar das conquistas recentes, como a Copa do Brasil de 2023 e a Supercopa Nacional de 2024. Desde que assumiu a presid\u00eancia em 2021, as d\u00edvidas do S\u00e3o Paulo cresceram significativamente, alcan\u00e7ando R$ 700 milh\u00f5es. O d\u00e9ficit acumulado nos tr\u00eas primeiros anos da gest\u00e3o j\u00e1 \u00e9 de R$ 170,7 milh\u00f5es, com previs\u00e3o de perdas ainda maiores para 2024. <strong><a href=\"https:\/\/www.gaveanews.com\/index.php\/2024\/11\/20\/gestao-de-julio-casares-acende-sinal-de-alerta-no-sao-paulo\/\">(leia a mat\u00e9ria completa)<\/a><\/strong><\/p>\n\n\n\n<figure class=\"wp-block-image size-full\"><img loading=\"lazy\" decoding=\"async\" width=\"900\" height=\"475\" src=\"https:\/\/www.gaveanews.com\/wp-content\/uploads\/Casares-durante-entrevista-para-a-ESPN.webp\" alt=\"\" class=\"wp-image-148896\" srcset=\"https:\/\/www.gaveanews.com\/wp-content\/uploads\/Casares-durante-entrevista-para-a-ESPN.webp 900w, https:\/\/www.gaveanews.com\/wp-content\/uploads\/Casares-durante-entrevista-para-a-ESPN-300x158.webp 300w, https:\/\/www.gaveanews.com\/wp-content\/uploads\/Casares-durante-entrevista-para-a-ESPN-768x405.webp 768w, https:\/\/www.gaveanews.com\/wp-content\/uploads\/Casares-durante-entrevista-para-a-ESPN-796x420.webp 796w, https:\/\/www.gaveanews.com\/wp-content\/uploads\/Casares-durante-entrevista-para-a-ESPN-640x338.webp 640w, https:\/\/www.gaveanews.com\/wp-content\/uploads\/Casares-durante-entrevista-para-a-ESPN-681x359.webp 681w, https:\/\/www.gaveanews.com\/wp-content\/uploads\/Casares-durante-entrevista-para-a-ESPN-100x53.webp 100w\" sizes=\"auto, (max-width: 900px) 100vw, 900px\" \/><figcaption class=\"wp-element-caption\">Casares durante entrevista para a ESPN (Foto: Reprodu\u00e7\u00e3o\/ESPN)<\/figcaption><\/figure>\n\n\n\n<p>Mesmo com a aprova\u00e7\u00e3o de mudan\u00e7as no estatuto permitindo a reelei\u00e7\u00e3o de Casares, a insatisfa\u00e7\u00e3o cresce entre conselheiros e torcedores. A cria\u00e7\u00e3o de um fundo de investimento, gerido por Galapagos Capital e OutField Inc., busca captar R$ 240 milh\u00f5es para reestruturar as d\u00edvidas e implementar novas medidas de governan\u00e7a financeira, como limites de gastos com futebol e sal\u00e1rios, al\u00e9m da obriga\u00e7\u00e3o de apresentar lucro a partir de 2025.<\/p>\n\n\n\n<p>O fundo imp\u00f4s restri\u00e7\u00f5es r\u00edgidas, como teto para novos empr\u00e9stimos e proibi\u00e7\u00e3o de antecipa\u00e7\u00e3o de receitas sem autoriza\u00e7\u00e3o. A crise financeira reflete desafios na administra\u00e7\u00e3o, que precisa equilibrar a busca por t\u00edtulos e estabilidade econ\u00f4mica. Com isso, o futuro do S\u00e3o Paulo depende da efici\u00eancia na aplica\u00e7\u00e3o dessas medidas para conter a escalada das d\u00edvidas e evitar maiores preju\u00edzos \u00e0 longo prazo.<\/p>\n","protected":false},"excerpt":{"rendered":"<p>Nas \u00faltimas horas, o foco das not\u00edcias sobre o S\u00e3o Paulo se concentram nos bastidores do clube, com destaques como a situa\u00e7\u00e3o de Galoppo e declara\u00e7\u00e3o de Rafinha. Por conta deste contexto, leia abaixo um resumo preparado pela equipe do portal G\u00e1vea News para lhe manter muito bem informado! Declara\u00e7\u00e3o de Rafinha Rafinha, lateral-direito do [&hellip;]<\/p>\n","protected":false},"author":27,"featured_media":154249,"comment_status":"open","ping_status":"closed","sticky":false,"template":"","format":"standard","meta":{"footnotes":""},"categories":[151],"tags":[],"class_list":["post-188223","post","type-post","status-publish","format-standard","has-post-thumbnail","hentry","category-sao-paulo"],"yoast_head":"<!-- This site is optimized with the Yoast SEO Premium plugin v24.2 (Yoast SEO v26.9) - https:\/\/yoast.com\/product\/yoast-seo-premium-wordpress\/ -->\n<title>Sinal de alerta ligado, situa\u00e7\u00e3o de Galoppo e declara\u00e7\u00e3o de Rafinha: as \u00faltimas not\u00edcias do S\u00e3o Paulo<\/title>\n<meta name=\"robots\" content=\"index, follow, max-snippet:-1, max-image-preview:large, max-video-preview:-1\" \/>\n<link rel=\"canonical\" href=\"https:\/\/www.gaveanews.com\/index.php\/2024\/11\/21\/sinal-de-alerta-ligado-situacao-de-galoppo-e-declaracao-de-rafinha-as-ultimas-noticias-do-sao-paulo\/\" \/>\n<meta property=\"og:locale\" content=\"pt_BR\" \/>\n<meta property=\"og:type\" content=\"article\" \/>\n<meta property=\"og:title\" content=\"Sinal de alerta ligado, situa\u00e7\u00e3o de Galoppo e declara\u00e7\u00e3o de Rafinha: as \u00faltimas not\u00edcias do S\u00e3o Paulo\" \/>\n<meta property=\"og:description\" content=\"Nas \u00faltimas horas, o foco das not\u00edcias sobre o S\u00e3o Paulo se concentram nos bastidores do clube, com destaques como a situa\u00e7\u00e3o de Galoppo e declara\u00e7\u00e3o de Rafinha. Por conta deste contexto, leia abaixo um resumo preparado pela equipe do portal G\u00e1vea News para lhe manter muito bem informado! Declara\u00e7\u00e3o de Rafinha Rafinha, lateral-direito do [&hellip;]\" \/>\n<meta property=\"og:url\" content=\"https:\/\/www.gaveanews.com\/index.php\/2024\/11\/21\/sinal-de-alerta-ligado-situacao-de-galoppo-e-declaracao-de-rafinha-as-ultimas-noticias-do-sao-paulo\/\" \/>\n<meta property=\"og:site_name\" content=\"G\u00e1vea News\" \/>\n<meta property=\"article:publisher\" content=\"https:\/\/facebook.com\/gaveaNews\/\" \/>\n<meta property=\"article:published_time\" content=\"2024-11-21T08:30:00+00:00\" \/>\n<meta property=\"og:image\" content=\"https:\/\/www.gaveanews.com\/wp-content\/uploads\/Bandeira-do-Sao-Paulo-no-Morumbis-em-2024.webp\" \/>\n\t<meta property=\"og:image:width\" content=\"1000\" \/>\n\t<meta property=\"og:image:height\" content=\"667\" \/>\n\t<meta property=\"og:image:type\" content=\"image\/webp\" \/>\n<meta name=\"author\" content=\"Matheus Felipe\" \/>\n<meta name=\"twitter:card\" content=\"summary_large_image\" \/>\n<meta name=\"twitter:label1\" content=\"Escrito por\" \/>\n\t<meta name=\"twitter:data1\" content=\"Matheus Felipe\" \/>\n\t<meta name=\"twitter:label2\" content=\"Est. tempo de leitura\" \/>\n\t<meta name=\"twitter:data2\" content=\"5 minutos\" \/>\n<script type=\"application\/ld+json\" class=\"yoast-schema-graph\">{\"@context\":\"https:\/\/schema.org\",\"@graph\":[{\"@type\":\"NewsArticle\",\"@id\":\"https:\/\/www.gaveanews.com\/index.php\/2024\/11\/21\/sinal-de-alerta-ligado-situacao-de-galoppo-e-declaracao-de-rafinha-as-ultimas-noticias-do-sao-paulo\/#article\",\"isPartOf\":{\"@id\":\"https:\/\/www.gaveanews.com\/index.php\/2024\/11\/21\/sinal-de-alerta-ligado-situacao-de-galoppo-e-declaracao-de-rafinha-as-ultimas-noticias-do-sao-paulo\/\"},\"author\":{\"name\":\"Matheus Felipe\",\"@id\":\"https:\/\/www.gaveanews.com\/#\/schema\/person\/8207cd4627f56151707418bfc835b2fb\"},\"headline\":\"Sinal de alerta ligado, situa\u00e7\u00e3o de Galoppo e declara\u00e7\u00e3o de Rafinha: as \u00faltimas not\u00edcias do S\u00e3o Paulo\",\"datePublished\":\"2024-11-21T08:30:00+00:00\",\"mainEntityOfPage\":{\"@id\":\"https:\/\/www.gaveanews.com\/index.php\/2024\/11\/21\/sinal-de-alerta-ligado-situacao-de-galoppo-e-declaracao-de-rafinha-as-ultimas-noticias-do-sao-paulo\/\"},\"wordCount\":837,\"commentCount\":0,\"image\":{\"@id\":\"https:\/\/www.gaveanews.com\/index.php\/2024\/11\/21\/sinal-de-alerta-ligado-situacao-de-galoppo-e-declaracao-de-rafinha-as-ultimas-noticias-do-sao-paulo\/#primaryimage\"},\"thumbnailUrl\":\"https:\/\/www.gaveanews.com\/wp-content\/uploads\/Bandeira-do-Sao-Paulo-no-Morumbis-em-2024.webp\",\"articleSection\":[\"S\u00e3o Paulo\"],\"inLanguage\":\"pt-BR\",\"potentialAction\":[{\"@type\":\"CommentAction\",\"name\":\"Comment\",\"target\":[\"https:\/\/www.gaveanews.com\/index.php\/2024\/11\/21\/sinal-de-alerta-ligado-situacao-de-galoppo-e-declaracao-de-rafinha-as-ultimas-noticias-do-sao-paulo\/#respond\"]}],\"copyrightYear\":\"2024\",\"copyrightHolder\":{\"@id\":\"https:\/\/www.gaveanews.com\/#organization\"}},{\"@type\":\"WebPage\",\"@id\":\"https:\/\/www.gaveanews.com\/index.php\/2024\/11\/21\/sinal-de-alerta-ligado-situacao-de-galoppo-e-declaracao-de-rafinha-as-ultimas-noticias-do-sao-paulo\/\",\"url\":\"https:\/\/www.gaveanews.com\/index.php\/2024\/11\/21\/sinal-de-alerta-ligado-situacao-de-galoppo-e-declaracao-de-rafinha-as-ultimas-noticias-do-sao-paulo\/\",\"name\":\"Sinal de alerta ligado, situa\u00e7\u00e3o de Galoppo e declara\u00e7\u00e3o de Rafinha: as \u00faltimas not\u00edcias do S\u00e3o Paulo\",\"isPartOf\":{\"@id\":\"https:\/\/www.gaveanews.com\/#website\"},\"primaryImageOfPage\":{\"@id\":\"https:\/\/www.gaveanews.com\/index.php\/2024\/11\/21\/sinal-de-alerta-ligado-situacao-de-galoppo-e-declaracao-de-rafinha-as-ultimas-noticias-do-sao-paulo\/#primaryimage\"},\"image\":{\"@id\":\"https:\/\/www.gaveanews.com\/index.php\/2024\/11\/21\/sinal-de-alerta-ligado-situacao-de-galoppo-e-declaracao-de-rafinha-as-ultimas-noticias-do-sao-paulo\/#primaryimage\"},\"thumbnailUrl\":\"https:\/\/www.gaveanews.com\/wp-content\/uploads\/Bandeira-do-Sao-Paulo-no-Morumbis-em-2024.webp\",\"datePublished\":\"2024-11-21T08:30:00+00:00\",\"author\":{\"@id\":\"https:\/\/www.gaveanews.com\/#\/schema\/person\/8207cd4627f56151707418bfc835b2fb\"},\"breadcrumb\":{\"@id\":\"https:\/\/www.gaveanews.com\/index.php\/2024\/11\/21\/sinal-de-alerta-ligado-situacao-de-galoppo-e-declaracao-de-rafinha-as-ultimas-noticias-do-sao-paulo\/#breadcrumb\"},\"inLanguage\":\"pt-BR\",\"potentialAction\":[{\"@type\":\"ReadAction\",\"target\":[\"https:\/\/www.gaveanews.com\/index.php\/2024\/11\/21\/sinal-de-alerta-ligado-situacao-de-galoppo-e-declaracao-de-rafinha-as-ultimas-noticias-do-sao-paulo\/\"]}]},{\"@type\":\"ImageObject\",\"inLanguage\":\"pt-BR\",\"@id\":\"https:\/\/www.gaveanews.com\/index.php\/2024\/11\/21\/sinal-de-alerta-ligado-situacao-de-galoppo-e-declaracao-de-rafinha-as-ultimas-noticias-do-sao-paulo\/#primaryimage\",\"url\":\"https:\/\/www.gaveanews.com\/wp-content\/uploads\/Bandeira-do-Sao-Paulo-no-Morumbis-em-2024.webp\",\"contentUrl\":\"https:\/\/www.gaveanews.com\/wp-content\/uploads\/Bandeira-do-Sao-Paulo-no-Morumbis-em-2024.webp\",\"width\":1000,\"height\":667,\"caption\":\"Bandeira do S\u00e3o Paulo no Morumbis em 2024 (Foto: Reprodu\u00e7\u00e3o\/S\u00e3o Paulo)\"},{\"@type\":\"BreadcrumbList\",\"@id\":\"https:\/\/www.gaveanews.com\/index.php\/2024\/11\/21\/sinal-de-alerta-ligado-situacao-de-galoppo-e-declaracao-de-rafinha-as-ultimas-noticias-do-sao-paulo\/#breadcrumb\",\"itemListElement\":[{\"@type\":\"ListItem\",\"position\":1,\"name\":\"Home\",\"item\":\"https:\/\/www.gaveanews.com\/\"},{\"@type\":\"ListItem\",\"position\":2,\"name\":\"Sinal de alerta ligado, situa\u00e7\u00e3o de Galoppo e declara\u00e7\u00e3o de Rafinha: as \u00faltimas not\u00edcias do S\u00e3o Paulo\"}]},{\"@type\":\"WebSite\",\"@id\":\"https:\/\/www.gaveanews.com\/#website\",\"url\":\"https:\/\/www.gaveanews.com\/\",\"name\":\"G\u00e1vea News\",\"description\":\"Veja todas as not\u00edcias sobre o Flamengo: Contrata\u00e7\u00f5es, categorias de base, resultados das partidas, tabela de classifica\u00e7\u00e3o, pr\u00f3ximos jogos!\",\"potentialAction\":[{\"@type\":\"SearchAction\",\"target\":{\"@type\":\"EntryPoint\",\"urlTemplate\":\"https:\/\/www.gaveanews.com\/?s={search_term_string}\"},\"query-input\":{\"@type\":\"PropertyValueSpecification\",\"valueRequired\":true,\"valueName\":\"search_term_string\"}}],\"inLanguage\":\"pt-BR\"},{\"@type\":\"Person\",\"@id\":\"https:\/\/www.gaveanews.com\/#\/schema\/person\/8207cd4627f56151707418bfc835b2fb\",\"name\":\"Matheus Felipe\",\"image\":{\"@type\":\"ImageObject\",\"inLanguage\":\"pt-BR\",\"@id\":\"https:\/\/www.gaveanews.com\/#\/schema\/person\/image\/\",\"url\":\"https:\/\/secure.gravatar.com\/avatar\/a452ffbed9130f726358b298bb3a99ce4bd3c5338411f8440e87e14d74c7c087?s=96&d=mm&r=g\",\"contentUrl\":\"https:\/\/secure.gravatar.com\/avatar\/a452ffbed9130f726358b298bb3a99ce4bd3c5338411f8440e87e14d74c7c087?s=96&d=mm&r=g\",\"caption\":\"Matheus Felipe\"}}]}<\/script>\n<!-- \/ Yoast SEO Premium plugin. -->","yoast_head_json":{"title":"Sinal de alerta ligado, situa\u00e7\u00e3o de Galoppo e declara\u00e7\u00e3o de Rafinha: as \u00faltimas not\u00edcias do S\u00e3o Paulo","robots":{"index":"index","follow":"follow","max-snippet":"max-snippet:-1","max-image-preview":"max-image-preview:large","max-video-preview":"max-video-preview:-1"},"canonical":"https:\/\/www.gaveanews.com\/index.php\/2024\/11\/21\/sinal-de-alerta-ligado-situacao-de-galoppo-e-declaracao-de-rafinha-as-ultimas-noticias-do-sao-paulo\/","og_locale":"pt_BR","og_type":"article","og_title":"Sinal de alerta ligado, situa\u00e7\u00e3o de Galoppo e declara\u00e7\u00e3o de Rafinha: as \u00faltimas not\u00edcias do S\u00e3o Paulo","og_description":"Nas \u00faltimas horas, o foco das not\u00edcias sobre o S\u00e3o Paulo se concentram nos bastidores do clube, com destaques como a situa\u00e7\u00e3o de Galoppo e declara\u00e7\u00e3o de Rafinha. Por conta deste contexto, leia abaixo um resumo preparado pela equipe do portal G\u00e1vea News para lhe manter muito bem informado! Declara\u00e7\u00e3o de Rafinha Rafinha, lateral-direito do [&hellip;]","og_url":"https:\/\/www.gaveanews.com\/index.php\/2024\/11\/21\/sinal-de-alerta-ligado-situacao-de-galoppo-e-declaracao-de-rafinha-as-ultimas-noticias-do-sao-paulo\/","og_site_name":"G\u00e1vea News","article_publisher":"https:\/\/facebook.com\/gaveaNews\/","article_published_time":"2024-11-21T08:30:00+00:00","og_image":[{"width":1000,"height":667,"url":"https:\/\/www.gaveanews.com\/wp-content\/uploads\/Bandeira-do-Sao-Paulo-no-Morumbis-em-2024.webp","type":"image\/webp"}],"author":"Matheus Felipe","twitter_card":"summary_large_image","twitter_misc":{"Escrito por":"Matheus Felipe","Est. tempo de leitura":"5 minutos"},"schema":{"@context":"https:\/\/schema.org","@graph":[{"@type":"NewsArticle","@id":"https:\/\/www.gaveanews.com\/index.php\/2024\/11\/21\/sinal-de-alerta-ligado-situacao-de-galoppo-e-declaracao-de-rafinha-as-ultimas-noticias-do-sao-paulo\/#article","isPartOf":{"@id":"https:\/\/www.gaveanews.com\/index.php\/2024\/11\/21\/sinal-de-alerta-ligado-situacao-de-galoppo-e-declaracao-de-rafinha-as-ultimas-noticias-do-sao-paulo\/"},"author":{"name":"Matheus Felipe","@id":"https:\/\/www.gaveanews.com\/#\/schema\/person\/8207cd4627f56151707418bfc835b2fb"},"headline":"Sinal de alerta ligado, situa\u00e7\u00e3o de Galoppo e declara\u00e7\u00e3o de Rafinha: as \u00faltimas not\u00edcias do S\u00e3o Paulo","datePublished":"2024-11-21T08:30:00+00:00","mainEntityOfPage":{"@id":"https:\/\/www.gaveanews.com\/index.php\/2024\/11\/21\/sinal-de-alerta-ligado-situacao-de-galoppo-e-declaracao-de-rafinha-as-ultimas-noticias-do-sao-paulo\/"},"wordCount":837,"commentCount":0,"image":{"@id":"https:\/\/www.gaveanews.com\/index.php\/2024\/11\/21\/sinal-de-alerta-ligado-situacao-de-galoppo-e-declaracao-de-rafinha-as-ultimas-noticias-do-sao-paulo\/#primaryimage"},"thumbnailUrl":"https:\/\/www.gaveanews.com\/wp-content\/uploads\/Bandeira-do-Sao-Paulo-no-Morumbis-em-2024.webp","articleSection":["S\u00e3o Paulo"],"inLanguage":"pt-BR","potentialAction":[{"@type":"CommentAction","name":"Comment","target":["https:\/\/www.gaveanews.com\/index.php\/2024\/11\/21\/sinal-de-alerta-ligado-situacao-de-galoppo-e-declaracao-de-rafinha-as-ultimas-noticias-do-sao-paulo\/#respond"]}],"copyrightYear":"2024","copyrightHolder":{"@id":"https:\/\/www.gaveanews.com\/#organization"}},{"@type":"WebPage","@id":"https:\/\/www.gaveanews.com\/index.php\/2024\/11\/21\/sinal-de-alerta-ligado-situacao-de-galoppo-e-declaracao-de-rafinha-as-ultimas-noticias-do-sao-paulo\/","url":"https:\/\/www.gaveanews.com\/index.php\/2024\/11\/21\/sinal-de-alerta-ligado-situacao-de-galoppo-e-declaracao-de-rafinha-as-ultimas-noticias-do-sao-paulo\/","name":"Sinal de alerta ligado, situa\u00e7\u00e3o de Galoppo e declara\u00e7\u00e3o de Rafinha: as \u00faltimas not\u00edcias do S\u00e3o Paulo","isPartOf":{"@id":"https:\/\/www.gaveanews.com\/#website"},"primaryImageOfPage":{"@id":"https:\/\/www.gaveanews.com\/index.php\/2024\/11\/21\/sinal-de-alerta-ligado-situacao-de-galoppo-e-declaracao-de-rafinha-as-ultimas-noticias-do-sao-paulo\/#primaryimage"},"image":{"@id":"https:\/\/www.gaveanews.com\/index.php\/2024\/11\/21\/sinal-de-alerta-ligado-situacao-de-galoppo-e-declaracao-de-rafinha-as-ultimas-noticias-do-sao-paulo\/#primaryimage"},"thumbnailUrl":"https:\/\/www.gaveanews.com\/wp-content\/uploads\/Bandeira-do-Sao-Paulo-no-Morumbis-em-2024.webp","datePublished":"2024-11-21T08:30:00+00:00","author":{"@id":"https:\/\/www.gaveanews.com\/#\/schema\/person\/8207cd4627f56151707418bfc835b2fb"},"breadcrumb":{"@id":"https:\/\/www.gaveanews.com\/index.php\/2024\/11\/21\/sinal-de-alerta-ligado-situacao-de-galoppo-e-declaracao-de-rafinha-as-ultimas-noticias-do-sao-paulo\/#breadcrumb"},"inLanguage":"pt-BR","potentialAction":[{"@type":"ReadAction","target":["https:\/\/www.gaveanews.com\/index.php\/2024\/11\/21\/sinal-de-alerta-ligado-situacao-de-galoppo-e-declaracao-de-rafinha-as-ultimas-noticias-do-sao-paulo\/"]}]},{"@type":"ImageObject","inLanguage":"pt-BR","@id":"https:\/\/www.gaveanews.com\/index.php\/2024\/11\/21\/sinal-de-alerta-ligado-situacao-de-galoppo-e-declaracao-de-rafinha-as-ultimas-noticias-do-sao-paulo\/#primaryimage","url":"https:\/\/www.gaveanews.com\/wp-content\/uploads\/Bandeira-do-Sao-Paulo-no-Morumbis-em-2024.webp","contentUrl":"https:\/\/www.gaveanews.com\/wp-content\/uploads\/Bandeira-do-Sao-Paulo-no-Morumbis-em-2024.webp","width":1000,"height":667,"caption":"Bandeira do S\u00e3o Paulo no Morumbis em 2024 (Foto: Reprodu\u00e7\u00e3o\/S\u00e3o Paulo)"},{"@type":"BreadcrumbList","@id":"https:\/\/www.gaveanews.com\/index.php\/2024\/11\/21\/sinal-de-alerta-ligado-situacao-de-galoppo-e-declaracao-de-rafinha-as-ultimas-noticias-do-sao-paulo\/#breadcrumb","itemListElement":[{"@type":"ListItem","position":1,"name":"Home","item":"https:\/\/www.gaveanews.com\/"},{"@type":"ListItem","position":2,"name":"Sinal de alerta ligado, situa\u00e7\u00e3o de Galoppo e declara\u00e7\u00e3o de Rafinha: as \u00faltimas not\u00edcias do S\u00e3o Paulo"}]},{"@type":"WebSite","@id":"https:\/\/www.gaveanews.com\/#website","url":"https:\/\/www.gaveanews.com\/","name":"G\u00e1vea News","description":"Veja todas as not\u00edcias sobre o Flamengo: Contrata\u00e7\u00f5es, categorias de base, resultados das partidas, tabela de classifica\u00e7\u00e3o, pr\u00f3ximos jogos!","potentialAction":[{"@type":"SearchAction","target":{"@type":"EntryPoint","urlTemplate":"https:\/\/www.gaveanews.com\/?s={search_term_string}"},"query-input":{"@type":"PropertyValueSpecification","valueRequired":true,"valueName":"search_term_string"}}],"inLanguage":"pt-BR"},{"@type":"Person","@id":"https:\/\/www.gaveanews.com\/#\/schema\/person\/8207cd4627f56151707418bfc835b2fb","name":"Matheus Felipe","image":{"@type":"ImageObject","inLanguage":"pt-BR","@id":"https:\/\/www.gaveanews.com\/#\/schema\/person\/image\/","url":"https:\/\/secure.gravatar.com\/avatar\/a452ffbed9130f726358b298bb3a99ce4bd3c5338411f8440e87e14d74c7c087?s=96&d=mm&r=g","contentUrl":"https:\/\/secure.gravatar.com\/avatar\/a452ffbed9130f726358b298bb3a99ce4bd3c5338411f8440e87e14d74c7c087?s=96&d=mm&r=g","caption":"Matheus Felipe"}}]}},"_links":{"self":[{"href":"https:\/\/www.gaveanews.com\/index.php\/wp-json\/wp\/v2\/posts\/188223","targetHints":{"allow":["GET"]}}],"collection":[{"href":"https:\/\/www.gaveanews.com\/index.php\/wp-json\/wp\/v2\/posts"}],"about":[{"href":"https:\/\/www.gaveanews.com\/index.php\/wp-json\/wp\/v2\/types\/post"}],"author":[{"embeddable":true,"href":"https:\/\/www.gaveanews.com\/index.php\/wp-json\/wp\/v2\/users\/27"}],"replies":[{"embeddable":true,"href":"https:\/\/www.gaveanews.com\/index.php\/wp-json\/wp\/v2\/comments?post=188223"}],"version-history":[{"count":1,"href":"https:\/\/www.gaveanews.com\/index.php\/wp-json\/wp\/v2\/posts\/188223\/revisions"}],"predecessor-version":[{"id":188226,"href":"https:\/\/www.gaveanews.com\/index.php\/wp-json\/wp\/v2\/posts\/188223\/revisions\/188226"}],"wp:featuredmedia":[{"embeddable":true,"href":"https:\/\/www.gaveanews.com\/index.php\/wp-json\/wp\/v2\/media\/154249"}],"wp:attachment":[{"href":"https:\/\/www.gaveanews.com\/index.php\/wp-json\/wp\/v2\/media?parent=188223"}],"wp:term":[{"taxonomy":"category","embeddable":true,"href":"https:\/\/www.gaveanews.com\/index.php\/wp-json\/wp\/v2\/categories?post=188223"},{"taxonomy":"post_tag","embeddable":true,"href":"https:\/\/www.gaveanews.com\/index.php\/wp-json\/wp\/v2\/tags?post=188223"}],"curies":[{"name":"wp","href":"https:\/\/api.w.org\/{rel}","templated":true}]}}