{"id":188270,"date":"2024-11-21T05:40:00","date_gmt":"2024-11-21T08:40:00","guid":{"rendered":"https:\/\/www.gaveanews.com\/?p=188270"},"modified":"2024-11-21T02:50:11","modified_gmt":"2024-11-21T05:50:11","slug":"recado-de-mauro-cezar-para-neymar-declaracao-de-carille-e-roger-flores-defende-treinador-as-ultimas-noticias-do-santos","status":"publish","type":"post","link":"https:\/\/www.gaveanews.com\/index.php\/2024\/11\/21\/recado-de-mauro-cezar-para-neymar-declaracao-de-carille-e-roger-flores-defende-treinador-as-ultimas-noticias-do-santos\/","title":{"rendered":"Recado de Mauro Cezar para Neymar, declara\u00e7\u00e3o de Carille e Roger Flores defende treinador: as \u00faltimas not\u00edcias do Santos"},"content":{"rendered":"\n<p>Nas \u00faltimas horas, o foco das not\u00edcias sobre o Santos se concentram nos bastidores do clube, com destaques como a declara\u00e7\u00e3o de Carille e Roger Flores defende treinador.<\/p>\n\n\n\n<p>Por conta deste contexto, leia abaixo um resumo preparado pela equipe do portal G\u00e1vea News para lhe manter muito bem informado!<\/p>\n\n\n\n<h2 class=\"wp-block-heading\" id=\"h-roger-flores-defende-treinador\">Roger Flores defende treinador<\/h2>\n\n\n\n<p>Roger Flores, comentarista e ex-jogador, saiu em defesa de F\u00e1bio Carille ap\u00f3s sua demiss\u00e3o do Santos, elogiando o trabalho do t\u00e9cnico na conquista da S\u00e9rie B. Para Roger, Carille entregou resultados dentro das expectativas de uma temporada de reestrutura\u00e7\u00e3o, superando limita\u00e7\u00f5es do elenco e garantindo o retorno do clube \u00e0 elite do futebol brasileiro. Ele destacou que o treinador foi competitivo e eficaz, mesmo sem recursos para implementar um estilo de jogo mais vistoso <strong><a href=\"https:\/\/www.gaveanews.com\/index.php\/2024\/11\/20\/roger-flores-sai-em-defesa-de-carille-apos-demissao-do-santos\/\">(leia a mat\u00e9ria completa).<\/a><\/strong><\/p>\n\n\n\n<figure class=\"wp-block-image size-full\"><img loading=\"lazy\" decoding=\"async\" width=\"678\" height=\"381\" src=\"https:\/\/www.gaveanews.com\/wp-content\/uploads\/Roger-1-678x381-2.webp\" alt=\"\" class=\"wp-image-146843\" srcset=\"https:\/\/www.gaveanews.com\/wp-content\/uploads\/Roger-1-678x381-2.webp 678w, https:\/\/www.gaveanews.com\/wp-content\/uploads\/Roger-1-678x381-2-300x169.webp 300w, https:\/\/www.gaveanews.com\/wp-content\/uploads\/Roger-1-678x381-2-640x360.webp 640w, https:\/\/www.gaveanews.com\/wp-content\/uploads\/Roger-1-678x381-2-100x56.webp 100w\" sizes=\"auto, (max-width: 678px) 100vw, 678px\" \/><figcaption class=\"wp-element-caption\">Roger Flores (Foto: Reprodu\u00e7\u00e3o\/SporTV)\n<\/figcaption><\/figure>\n\n\n\n<p>A demiss\u00e3o, anunciada ap\u00f3s a confirma\u00e7\u00e3o do t\u00edtulo, surpreendeu parte da torcida. Em nota, o Santos justificou a mudan\u00e7a como parte do planejamento para a pr\u00f3xima etapa, apesar de reconhecer que os objetivos do ano foram alcan\u00e7ados. <\/p>\n\n\n\n<p>Carille encerra sua passagem no comando t\u00e9cnico ap\u00f3s cumprir sua miss\u00e3o de reposicionar o clube na S\u00e9rie A.<\/p>\n\n\n\n<p>O Santos se prepara agora para o confronto contra o Sport na \u00faltima rodada, em um jogo decisivo para o advers\u00e1rio, que busca o acesso. A decis\u00e3o do clube de substituir Carille reflete o foco em renovar sua abordagem t\u00e9cnica enquanto finaliza uma temporada marcante, mas de transi\u00e7\u00e3o.<\/p>\n\n\n\n<h2 class=\"wp-block-heading\" id=\"h-declaracao-de-carille\">Declara\u00e7\u00e3o de Carille <\/h2>\n\n\n\n<p>F\u00e1bio Carille, ex-t\u00e9cnico do Santos, manifestou ceticismo sobre o retorno de Neymar ao clube paulista. Em entrevista, Carille considerou remota a possibilidade de o atacante, atualmente no Al-Hilal, vestir novamente a camisa do Peixe. Ele destacou que, apesar dos rumores e do desejo da torcida, os aspectos financeiros e contratuais tornam o cen\u00e1rio altamente improv\u00e1vel. Neymar tem contrato com o clube saudita at\u00e9 2025 e recebe um dos maiores sal\u00e1rios do futebol mundial <strong><a href=\"https:\/\/www.gaveanews.com\/index.php\/2024\/11\/19\/a-declaracao-de-carille-direcionada-a-neymar\/\">(leia a mat\u00e9ria completa).<\/a><\/strong><\/p>\n\n\n\n<figure class=\"wp-block-image size-large\"><img loading=\"lazy\" decoding=\"async\" width=\"1024\" height=\"682\" src=\"https:\/\/www.gaveanews.com\/wp-content\/uploads\/Neymar-em-acao-pelo-Selecao-Brasileira-1024x682.webp\" alt=\"\" class=\"wp-image-147894\" srcset=\"https:\/\/www.gaveanews.com\/wp-content\/uploads\/Neymar-em-acao-pelo-Selecao-Brasileira-1024x682.webp 1024w, https:\/\/www.gaveanews.com\/wp-content\/uploads\/Neymar-em-acao-pelo-Selecao-Brasileira-300x200.webp 300w, https:\/\/www.gaveanews.com\/wp-content\/uploads\/Neymar-em-acao-pelo-Selecao-Brasileira-768x512.webp 768w, https:\/\/www.gaveanews.com\/wp-content\/uploads\/Neymar-em-acao-pelo-Selecao-Brasileira-630x420.webp 630w, https:\/\/www.gaveanews.com\/wp-content\/uploads\/Neymar-em-acao-pelo-Selecao-Brasileira-1260x840.webp 1260w, https:\/\/www.gaveanews.com\/wp-content\/uploads\/Neymar-em-acao-pelo-Selecao-Brasileira-640x427.webp 640w, https:\/\/www.gaveanews.com\/wp-content\/uploads\/Neymar-em-acao-pelo-Selecao-Brasileira-1280x853.webp 1280w, https:\/\/www.gaveanews.com\/wp-content\/uploads\/Neymar-em-acao-pelo-Selecao-Brasileira-681x454.webp 681w, https:\/\/www.gaveanews.com\/wp-content\/uploads\/Neymar-em-acao-pelo-Selecao-Brasileira-100x67.webp 100w, https:\/\/www.gaveanews.com\/wp-content\/uploads\/Neymar-em-acao-pelo-Selecao-Brasileira.webp 1295w\" sizes=\"auto, (max-width: 1024px) 100vw, 1024px\" \/><figcaption class=\"wp-element-caption\">Neymar em a\u00e7\u00e3o pelo Sele\u00e7\u00e3o Brasileira (Foto: Reprodu\u00e7\u00e3o\/Instagram)<\/figcaption><\/figure>\n\n\n\n<p>Rumores recentes, divulgados por C\u00e9sar Luis Merlo, sugerem negocia\u00e7\u00f5es em andamento para Neymar deixar o Al-Hilal, possivelmente com um acordo j\u00e1 alinhado com o Santos. No entanto, a diretoria santista adota cautela, afirmando que acompanha o caso, mas sem influ\u00eancia direta no desfecho. Marcelo Teixeira, presidente do Santos, ressaltou que o clube est\u00e1 de olho na situa\u00e7\u00e3o, mas que tudo depende de decis\u00f5es externas.<\/p>\n\n\n\n<p>A expectativa da torcida pelo retorno de Neymar foi intensificada ap\u00f3s o Santos garantir seu retorno \u00e0 S\u00e9rie A do Brasileir\u00e3o. \u00cddolo hist\u00f3rico, Neymar \u00e9 visto como uma figura que poderia elevar o n\u00edvel da equipe tanto dentro quanto fora de campo, refor\u00e7ando seu impacto esportivo e comercial. A concretiza\u00e7\u00e3o desse sonho, entretanto, permanece incerta diante dos desafios envolvidos.<\/p>\n\n\n\n<h2 class=\"wp-block-heading\" id=\"h-recado-de-mauro-cezar-para-neymar\">Recado de Mauro Cezar para Neymar<\/h2>\n\n\n\n<p>O jornalista Mauro Cezar Pereira criticou a possibilidade de Neymar retornar ao Santos, classificando a ideia como um &#8220;devaneio&#8221; devido ao contexto financeiro e esportivo do clube, que acaba de retornar \u00e0 S\u00e9rie A. Segundo Mauro, o hist\u00f3rico recente de Neymar, marcado por les\u00f5es e baixa produtividade no PSG e no Al-Hilal, torna o investimento arriscado, al\u00e9m de potencialmente desestabilizador para o elenco santista <strong><a href=\"https:\/\/www.gaveanews.com\/index.php\/2024\/11\/20\/a-declaracao-de-mauro-cezar-pereira-direcionada-a-neymar\/\">(leia a mat\u00e9ria completa).<\/a><\/strong><\/p>\n\n\n\n<figure class=\"wp-block-image size-full\"><img loading=\"lazy\" decoding=\"async\" width=\"846\" height=\"564\" src=\"https:\/\/www.gaveanews.com\/wp-content\/uploads\/Mauro-Cezar.webp\" alt=\"\" class=\"wp-image-101020\" srcset=\"https:\/\/www.gaveanews.com\/wp-content\/uploads\/Mauro-Cezar.webp 846w, https:\/\/www.gaveanews.com\/wp-content\/uploads\/Mauro-Cezar-300x200.webp 300w, https:\/\/www.gaveanews.com\/wp-content\/uploads\/Mauro-Cezar-768x512.webp 768w, https:\/\/www.gaveanews.com\/wp-content\/uploads\/Mauro-Cezar-630x420.webp 630w, https:\/\/www.gaveanews.com\/wp-content\/uploads\/Mauro-Cezar-640x427.webp 640w, https:\/\/www.gaveanews.com\/wp-content\/uploads\/Mauro-Cezar-681x454.webp 681w, https:\/\/www.gaveanews.com\/wp-content\/uploads\/Mauro-Cezar-100x67.webp 100w\" sizes=\"auto, (max-width: 846px) 100vw, 846px\" \/><figcaption class=\"wp-element-caption\">Mauro Cesar em Programa pela Jovem Pan &#8211; Foto: Reprodu\u00e7\u00e3o\/Jovem Pan<\/figcaption><\/figure>\n\n\n\n<p>Mauro tamb\u00e9m apontou os desafios para que Neymar deixe o Al-Hilal, onde possui contrato at\u00e9 2025. Ele destacou que o clube \u00e1rabe investiu 90 milh\u00f5es de euros, al\u00e9m de altos sal\u00e1rios, e utiliza Neymar como figura central de marketing. Apesar de rumores de um acordo para 2025, o jornalista considera improv\u00e1vel que o Al-Hilal facilite a rescis\u00e3o, especialmente considerando a relev\u00e2ncia do jogador em seu projeto.<\/p>\n\n\n\n<p>Al\u00e9m disso, Mauro questionou o impacto do comportamento de Neymar caso retorne ao Brasil, sugerindo que sua presen\u00e7a poderia enfraquecer a autoridade do t\u00e9cnico e gerar problemas internos. Para o comentarista, Neymar j\u00e1 n\u00e3o apresenta o desempenho esperado de uma estrela, e a vis\u00e3o de alguns torcedores sobre seu potencial est\u00e1 desatualizada. O poss\u00edvel retorno, apesar de ser um tema de forte apelo, enfrenta resist\u00eancia e gera d\u00favidas sobre sua viabilidade.<\/p>\n","protected":false},"excerpt":{"rendered":"<p>Nas \u00faltimas horas, o foco das not\u00edcias sobre o Santos se concentram nos bastidores do clube, com destaques como a declara\u00e7\u00e3o de Carille e Roger Flores defende treinador. Por conta deste contexto, leia abaixo um resumo preparado pela equipe do portal G\u00e1vea News para lhe manter muito bem informado! Roger Flores defende treinador Roger Flores, [&hellip;]<\/p>\n","protected":false},"author":27,"featured_media":152156,"comment_status":"open","ping_status":"closed","sticky":false,"template":"","format":"standard","meta":{"footnotes":""},"categories":[139],"tags":[],"class_list":["post-188270","post","type-post","status-publish","format-standard","has-post-thumbnail","hentry","category-santos"],"yoast_head":"<!-- This site is optimized with the Yoast SEO Premium plugin v24.2 (Yoast SEO v26.9) - https:\/\/yoast.com\/product\/yoast-seo-premium-wordpress\/ -->\n<title>Recado de Mauro Cezar para Neymar, declara\u00e7\u00e3o de Carille e Roger Flores defende treinador: as \u00faltimas not\u00edcias do Santos<\/title>\n<meta name=\"robots\" content=\"index, follow, max-snippet:-1, max-image-preview:large, max-video-preview:-1\" \/>\n<link rel=\"canonical\" href=\"https:\/\/www.gaveanews.com\/index.php\/2024\/11\/21\/recado-de-mauro-cezar-para-neymar-declaracao-de-carille-e-roger-flores-defende-treinador-as-ultimas-noticias-do-santos\/\" \/>\n<meta property=\"og:locale\" content=\"pt_BR\" \/>\n<meta property=\"og:type\" content=\"article\" \/>\n<meta property=\"og:title\" content=\"Recado de Mauro Cezar para Neymar, declara\u00e7\u00e3o de Carille e Roger Flores defende treinador: as \u00faltimas not\u00edcias do Santos\" \/>\n<meta property=\"og:description\" content=\"Nas \u00faltimas horas, o foco das not\u00edcias sobre o Santos se concentram nos bastidores do clube, com destaques como a declara\u00e7\u00e3o de Carille e Roger Flores defende treinador. Por conta deste contexto, leia abaixo um resumo preparado pela equipe do portal G\u00e1vea News para lhe manter muito bem informado! Roger Flores defende treinador Roger Flores, [&hellip;]\" \/>\n<meta property=\"og:url\" content=\"https:\/\/www.gaveanews.com\/index.php\/2024\/11\/21\/recado-de-mauro-cezar-para-neymar-declaracao-de-carille-e-roger-flores-defende-treinador-as-ultimas-noticias-do-santos\/\" \/>\n<meta property=\"og:site_name\" content=\"G\u00e1vea News\" \/>\n<meta property=\"article:publisher\" content=\"https:\/\/facebook.com\/gaveaNews\/\" \/>\n<meta property=\"article:published_time\" content=\"2024-11-21T08:40:00+00:00\" \/>\n<meta property=\"og:image\" content=\"https:\/\/www.gaveanews.com\/wp-content\/uploads\/Escudo-do-Santos-1.webp\" \/>\n\t<meta property=\"og:image:width\" content=\"1300\" \/>\n\t<meta property=\"og:image:height\" content=\"1056\" \/>\n\t<meta property=\"og:image:type\" content=\"image\/webp\" \/>\n<meta name=\"author\" content=\"Matheus Felipe\" \/>\n<meta name=\"twitter:card\" content=\"summary_large_image\" \/>\n<meta name=\"twitter:label1\" content=\"Escrito por\" \/>\n\t<meta name=\"twitter:data1\" content=\"Matheus Felipe\" \/>\n\t<meta name=\"twitter:label2\" content=\"Est. tempo de leitura\" \/>\n\t<meta name=\"twitter:data2\" content=\"5 minutos\" \/>\n<script type=\"application\/ld+json\" class=\"yoast-schema-graph\">{\"@context\":\"https:\/\/schema.org\",\"@graph\":[{\"@type\":\"NewsArticle\",\"@id\":\"https:\/\/www.gaveanews.com\/index.php\/2024\/11\/21\/recado-de-mauro-cezar-para-neymar-declaracao-de-carille-e-roger-flores-defende-treinador-as-ultimas-noticias-do-santos\/#article\",\"isPartOf\":{\"@id\":\"https:\/\/www.gaveanews.com\/index.php\/2024\/11\/21\/recado-de-mauro-cezar-para-neymar-declaracao-de-carille-e-roger-flores-defende-treinador-as-ultimas-noticias-do-santos\/\"},\"author\":{\"name\":\"Matheus Felipe\",\"@id\":\"https:\/\/www.gaveanews.com\/#\/schema\/person\/8207cd4627f56151707418bfc835b2fb\"},\"headline\":\"Recado de Mauro Cezar para Neymar, declara\u00e7\u00e3o de Carille e Roger Flores defende treinador: as \u00faltimas not\u00edcias do Santos\",\"datePublished\":\"2024-11-21T08:40:00+00:00\",\"mainEntityOfPage\":{\"@id\":\"https:\/\/www.gaveanews.com\/index.php\/2024\/11\/21\/recado-de-mauro-cezar-para-neymar-declaracao-de-carille-e-roger-flores-defende-treinador-as-ultimas-noticias-do-santos\/\"},\"wordCount\":757,\"commentCount\":0,\"image\":{\"@id\":\"https:\/\/www.gaveanews.com\/index.php\/2024\/11\/21\/recado-de-mauro-cezar-para-neymar-declaracao-de-carille-e-roger-flores-defende-treinador-as-ultimas-noticias-do-santos\/#primaryimage\"},\"thumbnailUrl\":\"https:\/\/www.gaveanews.com\/wp-content\/uploads\/Escudo-do-Santos-1.webp\",\"articleSection\":[\"Santos\"],\"inLanguage\":\"pt-BR\",\"potentialAction\":[{\"@type\":\"CommentAction\",\"name\":\"Comment\",\"target\":[\"https:\/\/www.gaveanews.com\/index.php\/2024\/11\/21\/recado-de-mauro-cezar-para-neymar-declaracao-de-carille-e-roger-flores-defende-treinador-as-ultimas-noticias-do-santos\/#respond\"]}],\"copyrightYear\":\"2024\",\"copyrightHolder\":{\"@id\":\"https:\/\/www.gaveanews.com\/#organization\"}},{\"@type\":\"WebPage\",\"@id\":\"https:\/\/www.gaveanews.com\/index.php\/2024\/11\/21\/recado-de-mauro-cezar-para-neymar-declaracao-de-carille-e-roger-flores-defende-treinador-as-ultimas-noticias-do-santos\/\",\"url\":\"https:\/\/www.gaveanews.com\/index.php\/2024\/11\/21\/recado-de-mauro-cezar-para-neymar-declaracao-de-carille-e-roger-flores-defende-treinador-as-ultimas-noticias-do-santos\/\",\"name\":\"Recado de Mauro Cezar para Neymar, declara\u00e7\u00e3o de Carille e Roger Flores defende treinador: as \u00faltimas not\u00edcias do Santos\",\"isPartOf\":{\"@id\":\"https:\/\/www.gaveanews.com\/#website\"},\"primaryImageOfPage\":{\"@id\":\"https:\/\/www.gaveanews.com\/index.php\/2024\/11\/21\/recado-de-mauro-cezar-para-neymar-declaracao-de-carille-e-roger-flores-defende-treinador-as-ultimas-noticias-do-santos\/#primaryimage\"},\"image\":{\"@id\":\"https:\/\/www.gaveanews.com\/index.php\/2024\/11\/21\/recado-de-mauro-cezar-para-neymar-declaracao-de-carille-e-roger-flores-defende-treinador-as-ultimas-noticias-do-santos\/#primaryimage\"},\"thumbnailUrl\":\"https:\/\/www.gaveanews.com\/wp-content\/uploads\/Escudo-do-Santos-1.webp\",\"datePublished\":\"2024-11-21T08:40:00+00:00\",\"author\":{\"@id\":\"https:\/\/www.gaveanews.com\/#\/schema\/person\/8207cd4627f56151707418bfc835b2fb\"},\"breadcrumb\":{\"@id\":\"https:\/\/www.gaveanews.com\/index.php\/2024\/11\/21\/recado-de-mauro-cezar-para-neymar-declaracao-de-carille-e-roger-flores-defende-treinador-as-ultimas-noticias-do-santos\/#breadcrumb\"},\"inLanguage\":\"pt-BR\",\"potentialAction\":[{\"@type\":\"ReadAction\",\"target\":[\"https:\/\/www.gaveanews.com\/index.php\/2024\/11\/21\/recado-de-mauro-cezar-para-neymar-declaracao-de-carille-e-roger-flores-defende-treinador-as-ultimas-noticias-do-santos\/\"]}]},{\"@type\":\"ImageObject\",\"inLanguage\":\"pt-BR\",\"@id\":\"https:\/\/www.gaveanews.com\/index.php\/2024\/11\/21\/recado-de-mauro-cezar-para-neymar-declaracao-de-carille-e-roger-flores-defende-treinador-as-ultimas-noticias-do-santos\/#primaryimage\",\"url\":\"https:\/\/www.gaveanews.com\/wp-content\/uploads\/Escudo-do-Santos-1.webp\",\"contentUrl\":\"https:\/\/www.gaveanews.com\/wp-content\/uploads\/Escudo-do-Santos-1.webp\",\"width\":1300,\"height\":1056,\"caption\":\"Escudo do Santos (Foto: Reprodu\u00e7\u00e3o\/Instagram)\"},{\"@type\":\"BreadcrumbList\",\"@id\":\"https:\/\/www.gaveanews.com\/index.php\/2024\/11\/21\/recado-de-mauro-cezar-para-neymar-declaracao-de-carille-e-roger-flores-defende-treinador-as-ultimas-noticias-do-santos\/#breadcrumb\",\"itemListElement\":[{\"@type\":\"ListItem\",\"position\":1,\"name\":\"Home\",\"item\":\"https:\/\/www.gaveanews.com\/\"},{\"@type\":\"ListItem\",\"position\":2,\"name\":\"Recado de Mauro Cezar para Neymar, declara\u00e7\u00e3o de Carille e Roger Flores defende treinador: as \u00faltimas not\u00edcias do Santos\"}]},{\"@type\":\"WebSite\",\"@id\":\"https:\/\/www.gaveanews.com\/#website\",\"url\":\"https:\/\/www.gaveanews.com\/\",\"name\":\"G\u00e1vea News\",\"description\":\"Veja todas as not\u00edcias sobre o Flamengo: Contrata\u00e7\u00f5es, categorias de base, resultados das partidas, tabela de classifica\u00e7\u00e3o, pr\u00f3ximos jogos!\",\"potentialAction\":[{\"@type\":\"SearchAction\",\"target\":{\"@type\":\"EntryPoint\",\"urlTemplate\":\"https:\/\/www.gaveanews.com\/?s={search_term_string}\"},\"query-input\":{\"@type\":\"PropertyValueSpecification\",\"valueRequired\":true,\"valueName\":\"search_term_string\"}}],\"inLanguage\":\"pt-BR\"},{\"@type\":\"Person\",\"@id\":\"https:\/\/www.gaveanews.com\/#\/schema\/person\/8207cd4627f56151707418bfc835b2fb\",\"name\":\"Matheus Felipe\",\"image\":{\"@type\":\"ImageObject\",\"inLanguage\":\"pt-BR\",\"@id\":\"https:\/\/www.gaveanews.com\/#\/schema\/person\/image\/\",\"url\":\"https:\/\/secure.gravatar.com\/avatar\/a452ffbed9130f726358b298bb3a99ce4bd3c5338411f8440e87e14d74c7c087?s=96&d=mm&r=g\",\"contentUrl\":\"https:\/\/secure.gravatar.com\/avatar\/a452ffbed9130f726358b298bb3a99ce4bd3c5338411f8440e87e14d74c7c087?s=96&d=mm&r=g\",\"caption\":\"Matheus Felipe\"}}]}<\/script>\n<!-- \/ Yoast SEO Premium plugin. -->","yoast_head_json":{"title":"Recado de Mauro Cezar para Neymar, declara\u00e7\u00e3o de Carille e Roger Flores defende treinador: as \u00faltimas not\u00edcias do Santos","robots":{"index":"index","follow":"follow","max-snippet":"max-snippet:-1","max-image-preview":"max-image-preview:large","max-video-preview":"max-video-preview:-1"},"canonical":"https:\/\/www.gaveanews.com\/index.php\/2024\/11\/21\/recado-de-mauro-cezar-para-neymar-declaracao-de-carille-e-roger-flores-defende-treinador-as-ultimas-noticias-do-santos\/","og_locale":"pt_BR","og_type":"article","og_title":"Recado de Mauro Cezar para Neymar, declara\u00e7\u00e3o de Carille e Roger Flores defende treinador: as \u00faltimas not\u00edcias do Santos","og_description":"Nas \u00faltimas horas, o foco das not\u00edcias sobre o Santos se concentram nos bastidores do clube, com destaques como a declara\u00e7\u00e3o de Carille e Roger Flores defende treinador. Por conta deste contexto, leia abaixo um resumo preparado pela equipe do portal G\u00e1vea News para lhe manter muito bem informado! Roger Flores defende treinador Roger Flores, [&hellip;]","og_url":"https:\/\/www.gaveanews.com\/index.php\/2024\/11\/21\/recado-de-mauro-cezar-para-neymar-declaracao-de-carille-e-roger-flores-defende-treinador-as-ultimas-noticias-do-santos\/","og_site_name":"G\u00e1vea News","article_publisher":"https:\/\/facebook.com\/gaveaNews\/","article_published_time":"2024-11-21T08:40:00+00:00","og_image":[{"width":1300,"height":1056,"url":"https:\/\/www.gaveanews.com\/wp-content\/uploads\/Escudo-do-Santos-1.webp","type":"image\/webp"}],"author":"Matheus Felipe","twitter_card":"summary_large_image","twitter_misc":{"Escrito por":"Matheus Felipe","Est. tempo de leitura":"5 minutos"},"schema":{"@context":"https:\/\/schema.org","@graph":[{"@type":"NewsArticle","@id":"https:\/\/www.gaveanews.com\/index.php\/2024\/11\/21\/recado-de-mauro-cezar-para-neymar-declaracao-de-carille-e-roger-flores-defende-treinador-as-ultimas-noticias-do-santos\/#article","isPartOf":{"@id":"https:\/\/www.gaveanews.com\/index.php\/2024\/11\/21\/recado-de-mauro-cezar-para-neymar-declaracao-de-carille-e-roger-flores-defende-treinador-as-ultimas-noticias-do-santos\/"},"author":{"name":"Matheus Felipe","@id":"https:\/\/www.gaveanews.com\/#\/schema\/person\/8207cd4627f56151707418bfc835b2fb"},"headline":"Recado de Mauro Cezar para Neymar, declara\u00e7\u00e3o de Carille e Roger Flores defende treinador: as \u00faltimas not\u00edcias do Santos","datePublished":"2024-11-21T08:40:00+00:00","mainEntityOfPage":{"@id":"https:\/\/www.gaveanews.com\/index.php\/2024\/11\/21\/recado-de-mauro-cezar-para-neymar-declaracao-de-carille-e-roger-flores-defende-treinador-as-ultimas-noticias-do-santos\/"},"wordCount":757,"commentCount":0,"image":{"@id":"https:\/\/www.gaveanews.com\/index.php\/2024\/11\/21\/recado-de-mauro-cezar-para-neymar-declaracao-de-carille-e-roger-flores-defende-treinador-as-ultimas-noticias-do-santos\/#primaryimage"},"thumbnailUrl":"https:\/\/www.gaveanews.com\/wp-content\/uploads\/Escudo-do-Santos-1.webp","articleSection":["Santos"],"inLanguage":"pt-BR","potentialAction":[{"@type":"CommentAction","name":"Comment","target":["https:\/\/www.gaveanews.com\/index.php\/2024\/11\/21\/recado-de-mauro-cezar-para-neymar-declaracao-de-carille-e-roger-flores-defende-treinador-as-ultimas-noticias-do-santos\/#respond"]}],"copyrightYear":"2024","copyrightHolder":{"@id":"https:\/\/www.gaveanews.com\/#organization"}},{"@type":"WebPage","@id":"https:\/\/www.gaveanews.com\/index.php\/2024\/11\/21\/recado-de-mauro-cezar-para-neymar-declaracao-de-carille-e-roger-flores-defende-treinador-as-ultimas-noticias-do-santos\/","url":"https:\/\/www.gaveanews.com\/index.php\/2024\/11\/21\/recado-de-mauro-cezar-para-neymar-declaracao-de-carille-e-roger-flores-defende-treinador-as-ultimas-noticias-do-santos\/","name":"Recado de Mauro Cezar para Neymar, declara\u00e7\u00e3o de Carille e Roger Flores defende treinador: as \u00faltimas not\u00edcias do Santos","isPartOf":{"@id":"https:\/\/www.gaveanews.com\/#website"},"primaryImageOfPage":{"@id":"https:\/\/www.gaveanews.com\/index.php\/2024\/11\/21\/recado-de-mauro-cezar-para-neymar-declaracao-de-carille-e-roger-flores-defende-treinador-as-ultimas-noticias-do-santos\/#primaryimage"},"image":{"@id":"https:\/\/www.gaveanews.com\/index.php\/2024\/11\/21\/recado-de-mauro-cezar-para-neymar-declaracao-de-carille-e-roger-flores-defende-treinador-as-ultimas-noticias-do-santos\/#primaryimage"},"thumbnailUrl":"https:\/\/www.gaveanews.com\/wp-content\/uploads\/Escudo-do-Santos-1.webp","datePublished":"2024-11-21T08:40:00+00:00","author":{"@id":"https:\/\/www.gaveanews.com\/#\/schema\/person\/8207cd4627f56151707418bfc835b2fb"},"breadcrumb":{"@id":"https:\/\/www.gaveanews.com\/index.php\/2024\/11\/21\/recado-de-mauro-cezar-para-neymar-declaracao-de-carille-e-roger-flores-defende-treinador-as-ultimas-noticias-do-santos\/#breadcrumb"},"inLanguage":"pt-BR","potentialAction":[{"@type":"ReadAction","target":["https:\/\/www.gaveanews.com\/index.php\/2024\/11\/21\/recado-de-mauro-cezar-para-neymar-declaracao-de-carille-e-roger-flores-defende-treinador-as-ultimas-noticias-do-santos\/"]}]},{"@type":"ImageObject","inLanguage":"pt-BR","@id":"https:\/\/www.gaveanews.com\/index.php\/2024\/11\/21\/recado-de-mauro-cezar-para-neymar-declaracao-de-carille-e-roger-flores-defende-treinador-as-ultimas-noticias-do-santos\/#primaryimage","url":"https:\/\/www.gaveanews.com\/wp-content\/uploads\/Escudo-do-Santos-1.webp","contentUrl":"https:\/\/www.gaveanews.com\/wp-content\/uploads\/Escudo-do-Santos-1.webp","width":1300,"height":1056,"caption":"Escudo do Santos (Foto: Reprodu\u00e7\u00e3o\/Instagram)"},{"@type":"BreadcrumbList","@id":"https:\/\/www.gaveanews.com\/index.php\/2024\/11\/21\/recado-de-mauro-cezar-para-neymar-declaracao-de-carille-e-roger-flores-defende-treinador-as-ultimas-noticias-do-santos\/#breadcrumb","itemListElement":[{"@type":"ListItem","position":1,"name":"Home","item":"https:\/\/www.gaveanews.com\/"},{"@type":"ListItem","position":2,"name":"Recado de Mauro Cezar para Neymar, declara\u00e7\u00e3o de Carille e Roger Flores defende treinador: as \u00faltimas not\u00edcias do Santos"}]},{"@type":"WebSite","@id":"https:\/\/www.gaveanews.com\/#website","url":"https:\/\/www.gaveanews.com\/","name":"G\u00e1vea News","description":"Veja todas as not\u00edcias sobre o Flamengo: Contrata\u00e7\u00f5es, categorias de base, resultados das partidas, tabela de classifica\u00e7\u00e3o, pr\u00f3ximos jogos!","potentialAction":[{"@type":"SearchAction","target":{"@type":"EntryPoint","urlTemplate":"https:\/\/www.gaveanews.com\/?s={search_term_string}"},"query-input":{"@type":"PropertyValueSpecification","valueRequired":true,"valueName":"search_term_string"}}],"inLanguage":"pt-BR"},{"@type":"Person","@id":"https:\/\/www.gaveanews.com\/#\/schema\/person\/8207cd4627f56151707418bfc835b2fb","name":"Matheus Felipe","image":{"@type":"ImageObject","inLanguage":"pt-BR","@id":"https:\/\/www.gaveanews.com\/#\/schema\/person\/image\/","url":"https:\/\/secure.gravatar.com\/avatar\/a452ffbed9130f726358b298bb3a99ce4bd3c5338411f8440e87e14d74c7c087?s=96&d=mm&r=g","contentUrl":"https:\/\/secure.gravatar.com\/avatar\/a452ffbed9130f726358b298bb3a99ce4bd3c5338411f8440e87e14d74c7c087?s=96&d=mm&r=g","caption":"Matheus Felipe"}}]}},"_links":{"self":[{"href":"https:\/\/www.gaveanews.com\/index.php\/wp-json\/wp\/v2\/posts\/188270","targetHints":{"allow":["GET"]}}],"collection":[{"href":"https:\/\/www.gaveanews.com\/index.php\/wp-json\/wp\/v2\/posts"}],"about":[{"href":"https:\/\/www.gaveanews.com\/index.php\/wp-json\/wp\/v2\/types\/post"}],"author":[{"embeddable":true,"href":"https:\/\/www.gaveanews.com\/index.php\/wp-json\/wp\/v2\/users\/27"}],"replies":[{"embeddable":true,"href":"https:\/\/www.gaveanews.com\/index.php\/wp-json\/wp\/v2\/comments?post=188270"}],"version-history":[{"count":1,"href":"https:\/\/www.gaveanews.com\/index.php\/wp-json\/wp\/v2\/posts\/188270\/revisions"}],"predecessor-version":[{"id":188278,"href":"https:\/\/www.gaveanews.com\/index.php\/wp-json\/wp\/v2\/posts\/188270\/revisions\/188278"}],"wp:featuredmedia":[{"embeddable":true,"href":"https:\/\/www.gaveanews.com\/index.php\/wp-json\/wp\/v2\/media\/152156"}],"wp:attachment":[{"href":"https:\/\/www.gaveanews.com\/index.php\/wp-json\/wp\/v2\/media?parent=188270"}],"wp:term":[{"taxonomy":"category","embeddable":true,"href":"https:\/\/www.gaveanews.com\/index.php\/wp-json\/wp\/v2\/categories?post=188270"},{"taxonomy":"post_tag","embeddable":true,"href":"https:\/\/www.gaveanews.com\/index.php\/wp-json\/wp\/v2\/tags?post=188270"}],"curies":[{"name":"wp","href":"https:\/\/api.w.org\/{rel}","templated":true}]}}