{"id":188386,"date":"2024-11-21T14:35:51","date_gmt":"2024-11-21T17:35:51","guid":{"rendered":"https:\/\/www.gaveanews.com\/?p=188386"},"modified":"2024-11-21T14:33:11","modified_gmt":"2024-11-21T17:33:11","slug":"atletico-mg-emite-nota-oficial-sobre-a-arena-mrv","status":"publish","type":"post","link":"https:\/\/www.gaveanews.com\/index.php\/2024\/11\/21\/atletico-mg-emite-nota-oficial-sobre-a-arena-mrv\/","title":{"rendered":"Atl\u00e9tico-MG emite nota oficial sobre a Arena MRV"},"content":{"rendered":"\n<h2 class=\"wp-block-heading\" id=\"h-rubens-menin-lamenta-portoes-fechados-em-atletico-mg-x-botafogo-e-critica-punicao-coletiva\">Rubens Menin lamenta port\u00f5es fechados em Atl\u00e9tico-MG x Botafogo e critica puni\u00e7\u00e3o coletiva<\/h2>\n\n\n\n<p>Antes do empate em 0 a 0 entre Atl\u00e9tico-MG e Botafogo, nesta quarta-feira (20), pela 34\u00aa rodada do Brasileir\u00e3o, o empres\u00e1rio e acionista majorit\u00e1rio da SAF atleticana, Rubens Menin, utilizou as redes sociais para lamentar a realiza\u00e7\u00e3o da partida sem p\u00fablico no Independ\u00eancia. O jogo foi disputado com port\u00f5es fechados devido \u00e0 puni\u00e7\u00e3o imposta pelo Superior Tribunal de Justi\u00e7a Desportiva (STJD), ap\u00f3s os incidentes na final da Copa do Brasil, contra o Flamengo.<\/p>\n\n\n\n<ul class=\"wp-block-list\">\n<li><a href=\"https:\/\/www.gaveanews.com\/index.php\/2024\/11\/21\/jogador-do-botafogo-e-expulso-apos-fim-de-jogo-contra-o-atletico-mg\/\">Jogador do Botafogo \u00e9 expulso ap\u00f3s fim de jogo contra o Atl\u00e9tico-MG<\/a><\/li>\n\n\n\n<li><a href=\"https:\/\/www.gaveanews.com\/index.php\/2024\/11\/21\/provocacao-do-flamengo-atitude-do-rival-e-ex-jogador-e-campeao-no-exterior-as-ultimas-noticias-do-atletico-mg\/\">Provoca\u00e7\u00e3o do Flamengo, atitude do rival e ex-jogador \u00e9 campe\u00e3o no exterior: as \u00faltimas not\u00edcias do Atl\u00e9tico-MG<\/a><\/li>\n<\/ul>\n\n\n\n<p>Na publica\u00e7\u00e3o, Menin criticou o impacto da medida, apontando preju\u00edzos financeiros e sociais causados pela atitude de uma minoria de torcedores. Ele destacou que o clube est\u00e1 cooperando com as autoridades para punir os respons\u00e1veis e refor\u00e7ou o apoio prestado ao fot\u00f3grafo atingido durante a confus\u00e3o.<\/p>\n\n\n\n<h2 class=\"wp-block-heading\" id=\"h-nota-de-rubens-menin\">Nota de Rubens Menin:<\/h2>\n\n\n\n<p>\u201cHoje tem Galo, dia de uma grande e, por raz\u00f5es evidentes, importante partida contra o Botafogo. Infelizmente, ela ser\u00e1 realizada de port\u00f5es fechados. A maioria que ama futebol \u00e9 prejudicada pela irresponsabilidade e falta de intelig\u00eancia de poucos. Isso sem contar o preju\u00edzo financeiro para o time. Resumindo: uma situa\u00e7\u00e3o onde todos saem prejudicados.<\/p>\n\n\n\n<p>O Atl\u00e9tico segue colaborando com as autoridades para responsabilizar os envolvidos no incidente, um deles detido pela Pol\u00edcia Civil nesta semana. O Galo tamb\u00e9m apoiou integralmente o fot\u00f3grafo atingido, custeando as despesas do seu tratamento. Seguimos.\u201d<\/p>\n\n\n\n<p>A Arena MRV foi interditada pelo STJD ap\u00f3s as cenas de viol\u00eancia registradas na final da Copa do Brasil, incluindo o lan\u00e7amento de uma bomba que feriu um fot\u00f3grafo na beira do campo. At\u00e9 que o julgamento seja conclu\u00eddo, o Atl\u00e9tico-MG est\u00e1 proibido de atuar no est\u00e1dio e precisar\u00e1 mandar seus jogos em outro local e sem torcida.<\/p>\n\n\n\n<p>Al\u00e9m do impacto esportivo, a puni\u00e7\u00e3o traz um preju\u00edzo financeiro para o clube, que deixar\u00e1 de arrecadar com bilheteria e ter\u00e1 custos adicionais para jogar fora de casa.<\/p>\n\n\n\n<p>O Galo volta a campo no pr\u00f3ximo domingo, contra o Fortaleza, novamente sem p\u00fablico, em meio \u00e0 reta final do Brasileir\u00e3o.<\/p>\n","protected":false},"excerpt":{"rendered":"<p>Rubens Menin lamenta port\u00f5es fechados em Atl\u00e9tico-MG x Botafogo e critica puni\u00e7\u00e3o coletiva Antes do empate em 0 a 0 entre Atl\u00e9tico-MG e Botafogo, nesta quarta-feira (20), pela 34\u00aa rodada do Brasileir\u00e3o, o empres\u00e1rio e acionista majorit\u00e1rio da SAF atleticana, Rubens Menin, utilizou as redes sociais para lamentar a realiza\u00e7\u00e3o da partida sem p\u00fablico no [&hellip;]<\/p>\n","protected":false},"author":17,"featured_media":179337,"comment_status":"open","ping_status":"closed","sticky":false,"template":"","format":"standard","meta":{"footnotes":""},"categories":[136],"tags":[],"class_list":["post-188386","post","type-post","status-publish","format-standard","has-post-thumbnail","hentry","category-atletico-mg"],"yoast_head":"<!-- This site is optimized with the Yoast SEO Premium plugin v24.2 (Yoast SEO v26.9) - https:\/\/yoast.com\/product\/yoast-seo-premium-wordpress\/ -->\n<title>Atl\u00e9tico-MG emite nota oficial sobre a Arena MRV<\/title>\n<meta name=\"robots\" content=\"index, follow, max-snippet:-1, max-image-preview:large, max-video-preview:-1\" \/>\n<link rel=\"canonical\" href=\"https:\/\/www.gaveanews.com\/index.php\/2024\/11\/21\/atletico-mg-emite-nota-oficial-sobre-a-arena-mrv\/\" \/>\n<meta property=\"og:locale\" content=\"pt_BR\" \/>\n<meta property=\"og:type\" content=\"article\" \/>\n<meta property=\"og:title\" content=\"Atl\u00e9tico-MG emite nota oficial sobre a Arena MRV\" \/>\n<meta property=\"og:description\" content=\"Rubens Menin lamenta port\u00f5es fechados em Atl\u00e9tico-MG x Botafogo e critica puni\u00e7\u00e3o coletiva Antes do empate em 0 a 0 entre Atl\u00e9tico-MG e Botafogo, nesta quarta-feira (20), pela 34\u00aa rodada do Brasileir\u00e3o, o empres\u00e1rio e acionista majorit\u00e1rio da SAF atleticana, Rubens Menin, utilizou as redes sociais para lamentar a realiza\u00e7\u00e3o da partida sem p\u00fablico no [&hellip;]\" \/>\n<meta property=\"og:url\" content=\"https:\/\/www.gaveanews.com\/index.php\/2024\/11\/21\/atletico-mg-emite-nota-oficial-sobre-a-arena-mrv\/\" \/>\n<meta property=\"og:site_name\" content=\"G\u00e1vea News\" \/>\n<meta property=\"article:publisher\" content=\"https:\/\/facebook.com\/gaveaNews\/\" \/>\n<meta property=\"article:published_time\" content=\"2024-11-21T17:35:51+00:00\" \/>\n<meta property=\"og:image\" content=\"https:\/\/www.gaveanews.com\/wp-content\/uploads\/Arena-MRV-em-construcao.webp\" \/>\n\t<meta property=\"og:image:width\" content=\"1187\" \/>\n\t<meta property=\"og:image:height\" content=\"750\" \/>\n\t<meta property=\"og:image:type\" content=\"image\/jpeg\" \/>\n<meta name=\"author\" content=\"Geovanna Thomaz\" \/>\n<meta name=\"twitter:card\" content=\"summary_large_image\" \/>\n<meta name=\"twitter:label1\" content=\"Escrito por\" \/>\n\t<meta name=\"twitter:data1\" content=\"Geovanna Thomaz\" \/>\n\t<meta name=\"twitter:label2\" content=\"Est. tempo de leitura\" \/>\n\t<meta name=\"twitter:data2\" content=\"3 minutos\" \/>\n<script type=\"application\/ld+json\" class=\"yoast-schema-graph\">{\"@context\":\"https:\/\/schema.org\",\"@graph\":[{\"@type\":\"NewsArticle\",\"@id\":\"https:\/\/www.gaveanews.com\/index.php\/2024\/11\/21\/atletico-mg-emite-nota-oficial-sobre-a-arena-mrv\/#article\",\"isPartOf\":{\"@id\":\"https:\/\/www.gaveanews.com\/index.php\/2024\/11\/21\/atletico-mg-emite-nota-oficial-sobre-a-arena-mrv\/\"},\"author\":{\"name\":\"Geovanna Thomaz\",\"@id\":\"https:\/\/www.gaveanews.com\/#\/schema\/person\/f42654babcd2b2014a1a65af82b081f1\"},\"headline\":\"Atl\u00e9tico-MG emite nota oficial sobre a Arena MRV\",\"datePublished\":\"2024-11-21T17:35:51+00:00\",\"mainEntityOfPage\":{\"@id\":\"https:\/\/www.gaveanews.com\/index.php\/2024\/11\/21\/atletico-mg-emite-nota-oficial-sobre-a-arena-mrv\/\"},\"wordCount\":410,\"commentCount\":0,\"image\":{\"@id\":\"https:\/\/www.gaveanews.com\/index.php\/2024\/11\/21\/atletico-mg-emite-nota-oficial-sobre-a-arena-mrv\/#primaryimage\"},\"thumbnailUrl\":\"https:\/\/www.gaveanews.com\/wp-content\/uploads\/Arena-MRV-em-construcao.webp\",\"articleSection\":[\"Atl\u00e9tico-MG\"],\"inLanguage\":\"pt-BR\",\"potentialAction\":[{\"@type\":\"CommentAction\",\"name\":\"Comment\",\"target\":[\"https:\/\/www.gaveanews.com\/index.php\/2024\/11\/21\/atletico-mg-emite-nota-oficial-sobre-a-arena-mrv\/#respond\"]}],\"copyrightYear\":\"2024\",\"copyrightHolder\":{\"@id\":\"https:\/\/www.gaveanews.com\/#organization\"}},{\"@type\":\"WebPage\",\"@id\":\"https:\/\/www.gaveanews.com\/index.php\/2024\/11\/21\/atletico-mg-emite-nota-oficial-sobre-a-arena-mrv\/\",\"url\":\"https:\/\/www.gaveanews.com\/index.php\/2024\/11\/21\/atletico-mg-emite-nota-oficial-sobre-a-arena-mrv\/\",\"name\":\"Atl\u00e9tico-MG emite nota oficial sobre a Arena MRV\",\"isPartOf\":{\"@id\":\"https:\/\/www.gaveanews.com\/#website\"},\"primaryImageOfPage\":{\"@id\":\"https:\/\/www.gaveanews.com\/index.php\/2024\/11\/21\/atletico-mg-emite-nota-oficial-sobre-a-arena-mrv\/#primaryimage\"},\"image\":{\"@id\":\"https:\/\/www.gaveanews.com\/index.php\/2024\/11\/21\/atletico-mg-emite-nota-oficial-sobre-a-arena-mrv\/#primaryimage\"},\"thumbnailUrl\":\"https:\/\/www.gaveanews.com\/wp-content\/uploads\/Arena-MRV-em-construcao.webp\",\"datePublished\":\"2024-11-21T17:35:51+00:00\",\"author\":{\"@id\":\"https:\/\/www.gaveanews.com\/#\/schema\/person\/f42654babcd2b2014a1a65af82b081f1\"},\"breadcrumb\":{\"@id\":\"https:\/\/www.gaveanews.com\/index.php\/2024\/11\/21\/atletico-mg-emite-nota-oficial-sobre-a-arena-mrv\/#breadcrumb\"},\"inLanguage\":\"pt-BR\",\"potentialAction\":[{\"@type\":\"ReadAction\",\"target\":[\"https:\/\/www.gaveanews.com\/index.php\/2024\/11\/21\/atletico-mg-emite-nota-oficial-sobre-a-arena-mrv\/\"]}]},{\"@type\":\"ImageObject\",\"inLanguage\":\"pt-BR\",\"@id\":\"https:\/\/www.gaveanews.com\/index.php\/2024\/11\/21\/atletico-mg-emite-nota-oficial-sobre-a-arena-mrv\/#primaryimage\",\"url\":\"https:\/\/www.gaveanews.com\/wp-content\/uploads\/Arena-MRV-em-construcao.webp\",\"contentUrl\":\"https:\/\/www.gaveanews.com\/wp-content\/uploads\/Arena-MRV-em-construcao.webp\",\"width\":1187,\"height\":750,\"caption\":\"Arena MRV em constru\u00e7\u00e3o (Foto: Layanne Aguiar\/Pexels)\"},{\"@type\":\"BreadcrumbList\",\"@id\":\"https:\/\/www.gaveanews.com\/index.php\/2024\/11\/21\/atletico-mg-emite-nota-oficial-sobre-a-arena-mrv\/#breadcrumb\",\"itemListElement\":[{\"@type\":\"ListItem\",\"position\":1,\"name\":\"Home\",\"item\":\"https:\/\/www.gaveanews.com\/\"},{\"@type\":\"ListItem\",\"position\":2,\"name\":\"Atl\u00e9tico-MG emite nota oficial sobre a Arena MRV\"}]},{\"@type\":\"WebSite\",\"@id\":\"https:\/\/www.gaveanews.com\/#website\",\"url\":\"https:\/\/www.gaveanews.com\/\",\"name\":\"G\u00e1vea News\",\"description\":\"Veja todas as not\u00edcias sobre o Flamengo: Contrata\u00e7\u00f5es, categorias de base, resultados das partidas, tabela de classifica\u00e7\u00e3o, pr\u00f3ximos jogos!\",\"potentialAction\":[{\"@type\":\"SearchAction\",\"target\":{\"@type\":\"EntryPoint\",\"urlTemplate\":\"https:\/\/www.gaveanews.com\/?s={search_term_string}\"},\"query-input\":{\"@type\":\"PropertyValueSpecification\",\"valueRequired\":true,\"valueName\":\"search_term_string\"}}],\"inLanguage\":\"pt-BR\"},{\"@type\":\"Person\",\"@id\":\"https:\/\/www.gaveanews.com\/#\/schema\/person\/f42654babcd2b2014a1a65af82b081f1\",\"name\":\"Geovanna Thomaz\",\"image\":{\"@type\":\"ImageObject\",\"inLanguage\":\"pt-BR\",\"@id\":\"https:\/\/www.gaveanews.com\/#\/schema\/person\/image\/\",\"url\":\"https:\/\/secure.gravatar.com\/avatar\/4092073255489533afb558984b49b64268c47198af8623cc82a925ae9fb7118a?s=96&d=mm&r=g\",\"contentUrl\":\"https:\/\/secure.gravatar.com\/avatar\/4092073255489533afb558984b49b64268c47198af8623cc82a925ae9fb7118a?s=96&d=mm&r=g\",\"caption\":\"Geovanna Thomaz\"}}]}<\/script>\n<!-- \/ Yoast SEO Premium plugin. -->","yoast_head_json":{"title":"Atl\u00e9tico-MG emite nota oficial sobre a Arena MRV","robots":{"index":"index","follow":"follow","max-snippet":"max-snippet:-1","max-image-preview":"max-image-preview:large","max-video-preview":"max-video-preview:-1"},"canonical":"https:\/\/www.gaveanews.com\/index.php\/2024\/11\/21\/atletico-mg-emite-nota-oficial-sobre-a-arena-mrv\/","og_locale":"pt_BR","og_type":"article","og_title":"Atl\u00e9tico-MG emite nota oficial sobre a Arena MRV","og_description":"Rubens Menin lamenta port\u00f5es fechados em Atl\u00e9tico-MG x Botafogo e critica puni\u00e7\u00e3o coletiva Antes do empate em 0 a 0 entre Atl\u00e9tico-MG e Botafogo, nesta quarta-feira (20), pela 34\u00aa rodada do Brasileir\u00e3o, o empres\u00e1rio e acionista majorit\u00e1rio da SAF atleticana, Rubens Menin, utilizou as redes sociais para lamentar a realiza\u00e7\u00e3o da partida sem p\u00fablico no [&hellip;]","og_url":"https:\/\/www.gaveanews.com\/index.php\/2024\/11\/21\/atletico-mg-emite-nota-oficial-sobre-a-arena-mrv\/","og_site_name":"G\u00e1vea News","article_publisher":"https:\/\/facebook.com\/gaveaNews\/","article_published_time":"2024-11-21T17:35:51+00:00","og_image":[{"width":1187,"height":750,"url":"https:\/\/www.gaveanews.com\/wp-content\/uploads\/Arena-MRV-em-construcao.webp","type":"image\/jpeg"}],"author":"Geovanna Thomaz","twitter_card":"summary_large_image","twitter_misc":{"Escrito por":"Geovanna Thomaz","Est. tempo de leitura":"3 minutos"},"schema":{"@context":"https:\/\/schema.org","@graph":[{"@type":"NewsArticle","@id":"https:\/\/www.gaveanews.com\/index.php\/2024\/11\/21\/atletico-mg-emite-nota-oficial-sobre-a-arena-mrv\/#article","isPartOf":{"@id":"https:\/\/www.gaveanews.com\/index.php\/2024\/11\/21\/atletico-mg-emite-nota-oficial-sobre-a-arena-mrv\/"},"author":{"name":"Geovanna Thomaz","@id":"https:\/\/www.gaveanews.com\/#\/schema\/person\/f42654babcd2b2014a1a65af82b081f1"},"headline":"Atl\u00e9tico-MG emite nota oficial sobre a Arena MRV","datePublished":"2024-11-21T17:35:51+00:00","mainEntityOfPage":{"@id":"https:\/\/www.gaveanews.com\/index.php\/2024\/11\/21\/atletico-mg-emite-nota-oficial-sobre-a-arena-mrv\/"},"wordCount":410,"commentCount":0,"image":{"@id":"https:\/\/www.gaveanews.com\/index.php\/2024\/11\/21\/atletico-mg-emite-nota-oficial-sobre-a-arena-mrv\/#primaryimage"},"thumbnailUrl":"https:\/\/www.gaveanews.com\/wp-content\/uploads\/Arena-MRV-em-construcao.webp","articleSection":["Atl\u00e9tico-MG"],"inLanguage":"pt-BR","potentialAction":[{"@type":"CommentAction","name":"Comment","target":["https:\/\/www.gaveanews.com\/index.php\/2024\/11\/21\/atletico-mg-emite-nota-oficial-sobre-a-arena-mrv\/#respond"]}],"copyrightYear":"2024","copyrightHolder":{"@id":"https:\/\/www.gaveanews.com\/#organization"}},{"@type":"WebPage","@id":"https:\/\/www.gaveanews.com\/index.php\/2024\/11\/21\/atletico-mg-emite-nota-oficial-sobre-a-arena-mrv\/","url":"https:\/\/www.gaveanews.com\/index.php\/2024\/11\/21\/atletico-mg-emite-nota-oficial-sobre-a-arena-mrv\/","name":"Atl\u00e9tico-MG emite nota oficial sobre a Arena MRV","isPartOf":{"@id":"https:\/\/www.gaveanews.com\/#website"},"primaryImageOfPage":{"@id":"https:\/\/www.gaveanews.com\/index.php\/2024\/11\/21\/atletico-mg-emite-nota-oficial-sobre-a-arena-mrv\/#primaryimage"},"image":{"@id":"https:\/\/www.gaveanews.com\/index.php\/2024\/11\/21\/atletico-mg-emite-nota-oficial-sobre-a-arena-mrv\/#primaryimage"},"thumbnailUrl":"https:\/\/www.gaveanews.com\/wp-content\/uploads\/Arena-MRV-em-construcao.webp","datePublished":"2024-11-21T17:35:51+00:00","author":{"@id":"https:\/\/www.gaveanews.com\/#\/schema\/person\/f42654babcd2b2014a1a65af82b081f1"},"breadcrumb":{"@id":"https:\/\/www.gaveanews.com\/index.php\/2024\/11\/21\/atletico-mg-emite-nota-oficial-sobre-a-arena-mrv\/#breadcrumb"},"inLanguage":"pt-BR","potentialAction":[{"@type":"ReadAction","target":["https:\/\/www.gaveanews.com\/index.php\/2024\/11\/21\/atletico-mg-emite-nota-oficial-sobre-a-arena-mrv\/"]}]},{"@type":"ImageObject","inLanguage":"pt-BR","@id":"https:\/\/www.gaveanews.com\/index.php\/2024\/11\/21\/atletico-mg-emite-nota-oficial-sobre-a-arena-mrv\/#primaryimage","url":"https:\/\/www.gaveanews.com\/wp-content\/uploads\/Arena-MRV-em-construcao.webp","contentUrl":"https:\/\/www.gaveanews.com\/wp-content\/uploads\/Arena-MRV-em-construcao.webp","width":1187,"height":750,"caption":"Arena MRV em constru\u00e7\u00e3o (Foto: Layanne Aguiar\/Pexels)"},{"@type":"BreadcrumbList","@id":"https:\/\/www.gaveanews.com\/index.php\/2024\/11\/21\/atletico-mg-emite-nota-oficial-sobre-a-arena-mrv\/#breadcrumb","itemListElement":[{"@type":"ListItem","position":1,"name":"Home","item":"https:\/\/www.gaveanews.com\/"},{"@type":"ListItem","position":2,"name":"Atl\u00e9tico-MG emite nota oficial sobre a Arena MRV"}]},{"@type":"WebSite","@id":"https:\/\/www.gaveanews.com\/#website","url":"https:\/\/www.gaveanews.com\/","name":"G\u00e1vea News","description":"Veja todas as not\u00edcias sobre o Flamengo: Contrata\u00e7\u00f5es, categorias de base, resultados das partidas, tabela de classifica\u00e7\u00e3o, pr\u00f3ximos jogos!","potentialAction":[{"@type":"SearchAction","target":{"@type":"EntryPoint","urlTemplate":"https:\/\/www.gaveanews.com\/?s={search_term_string}"},"query-input":{"@type":"PropertyValueSpecification","valueRequired":true,"valueName":"search_term_string"}}],"inLanguage":"pt-BR"},{"@type":"Person","@id":"https:\/\/www.gaveanews.com\/#\/schema\/person\/f42654babcd2b2014a1a65af82b081f1","name":"Geovanna Thomaz","image":{"@type":"ImageObject","inLanguage":"pt-BR","@id":"https:\/\/www.gaveanews.com\/#\/schema\/person\/image\/","url":"https:\/\/secure.gravatar.com\/avatar\/4092073255489533afb558984b49b64268c47198af8623cc82a925ae9fb7118a?s=96&d=mm&r=g","contentUrl":"https:\/\/secure.gravatar.com\/avatar\/4092073255489533afb558984b49b64268c47198af8623cc82a925ae9fb7118a?s=96&d=mm&r=g","caption":"Geovanna Thomaz"}}]}},"_links":{"self":[{"href":"https:\/\/www.gaveanews.com\/index.php\/wp-json\/wp\/v2\/posts\/188386","targetHints":{"allow":["GET"]}}],"collection":[{"href":"https:\/\/www.gaveanews.com\/index.php\/wp-json\/wp\/v2\/posts"}],"about":[{"href":"https:\/\/www.gaveanews.com\/index.php\/wp-json\/wp\/v2\/types\/post"}],"author":[{"embeddable":true,"href":"https:\/\/www.gaveanews.com\/index.php\/wp-json\/wp\/v2\/users\/17"}],"replies":[{"embeddable":true,"href":"https:\/\/www.gaveanews.com\/index.php\/wp-json\/wp\/v2\/comments?post=188386"}],"version-history":[{"count":1,"href":"https:\/\/www.gaveanews.com\/index.php\/wp-json\/wp\/v2\/posts\/188386\/revisions"}],"predecessor-version":[{"id":188388,"href":"https:\/\/www.gaveanews.com\/index.php\/wp-json\/wp\/v2\/posts\/188386\/revisions\/188388"}],"wp:featuredmedia":[{"embeddable":true,"href":"https:\/\/www.gaveanews.com\/index.php\/wp-json\/wp\/v2\/media\/179337"}],"wp:attachment":[{"href":"https:\/\/www.gaveanews.com\/index.php\/wp-json\/wp\/v2\/media?parent=188386"}],"wp:term":[{"taxonomy":"category","embeddable":true,"href":"https:\/\/www.gaveanews.com\/index.php\/wp-json\/wp\/v2\/categories?post=188386"},{"taxonomy":"post_tag","embeddable":true,"href":"https:\/\/www.gaveanews.com\/index.php\/wp-json\/wp\/v2\/tags?post=188386"}],"curies":[{"name":"wp","href":"https:\/\/api.w.org\/{rel}","templated":true}]}}