{"id":188426,"date":"2024-11-21T13:20:00","date_gmt":"2024-11-21T16:20:00","guid":{"rendered":"https:\/\/www.gaveanews.com\/?p=188426"},"modified":"2024-11-21T13:06:56","modified_gmt":"2024-11-21T16:06:56","slug":"a-declaracao-de-marcelo-bechler-direcionada-a-fernando-diniz","status":"publish","type":"post","link":"https:\/\/www.gaveanews.com\/index.php\/2024\/11\/21\/a-declaracao-de-marcelo-bechler-direcionada-a-fernando-diniz\/","title":{"rendered":"A declara\u00e7\u00e3o de Marcelo Bechler direcionada a Fernando Diniz"},"content":{"rendered":"\n<h2 class=\"wp-block-heading\" id=\"h-marcelo-bechler-critica-fernando-diniz-por-escalar-reservas-na-derrota-do-cruzeiro\">Marcelo Bechler critica Fernando Diniz por escalar reservas na derrota do Cruzeiro<\/h2>\n\n\n\n<p>O jornalista Marcelo Bechler, da TNT Sports, criticou a decis\u00e3o de Fernando Diniz em utilizar jogadores reservas na derrota do Cruzeiro por 2 a 1 para o Corinthians, pela 34\u00aa rodada do Campeonato Brasileiro, na Neo Qu\u00edmica Arena. Para Bechler, a escolha prejudicou a prepara\u00e7\u00e3o para a final da Copa Sul-Americana contra o Racing e comprometeu a disputa por uma vaga na Libertadores via Brasileir\u00e3o.<\/p>\n\n\n\n<ul class=\"wp-block-list\">\n<li><a href=\"https:\/\/www.gaveanews.com\/index.php\/2024\/11\/19\/cruzeiro-e-botafogo-disputam-contratacao-para-2025\/\">Cruzeiro e Botafogo disputam contrata\u00e7\u00e3o para 2025<\/a><\/li>\n\n\n\n<li><a href=\"https:\/\/www.gaveanews.com\/index.php\/2024\/11\/21\/racing-x-cruzeiro-a-declaracao-de-fernando-diniz\/\">Racing x Cruzeiro: a declara\u00e7\u00e3o de Fernando Diniz<\/a><\/li>\n<\/ul>\n\n\n\n<p>Bechler, que tamb\u00e9m \u00e9 torcedor do Cruzeiro, destacou que o time principal celeste n\u00e3o joga desde 9 de novembro, quando venceu o Crici\u00fama por 2 a 1, pela 33\u00aa rodada. Ele considerou que a equipe titular deveria ter sido utilizada contra o Corinthians para ganhar ritmo antes da decis\u00e3o continental, marcada para o pr\u00f3ximo s\u00e1bado (30\/11), em Assun\u00e7\u00e3o.<\/p>\n\n\n\n<p>\u201cJogo quarta de manh\u00e3. Final s\u00f3 s\u00e1bado \u00e0 tarde. O time titular vai chegar [\u00e0 final da Sul-Americana] depois de duas semanas sem jogar. O time deveria aproveitar todos os minutos para tentar evoluir\u201d, publicou Bechler em suas redes sociais, referindo-se ao intervalo causado pela Data FIFA.<\/p>\n\n\n\n<p>O jornalista tamb\u00e9m apontou que a op\u00e7\u00e3o pelos reservas foi prejudicial \u00e0 luta do Cruzeiro por uma posi\u00e7\u00e3o no G-7 do Brasileir\u00e3o, zona que garante vaga na Libertadores de 2025. \u201cO clube ainda precisa buscar pontos no Brasileiro para, pelo menos, ficar em s\u00e9timo\u201d, declarou Bechler.<\/p>\n\n\n\n<p>Com a derrota para o Corinthians, o Cruzeiro permaneceu com 47 pontos, ocupando a s\u00e9tima posi\u00e7\u00e3o. Por\u00e9m, a coloca\u00e7\u00e3o est\u00e1 amea\u00e7ada, j\u00e1 que o Bahia, oitavo colocado com 46 pontos, pode ultrapassar os celestes em caso de vit\u00f3ria contra o Palmeiras, nesta quarta-feira, na Fonte Nova.<\/p>\n\n\n\n<p>Agora, o foco do Cruzeiro se volta completamente para a final da Copa Sul-Americana, considerada o principal objetivo do clube na temporada. Al\u00e9m do t\u00edtulo in\u00e9dito, a conquista garante vaga na Libertadores de 2025, um pr\u00eamio crucial para os planos futuros da equipe celeste.<\/p>\n","protected":false},"excerpt":{"rendered":"<p>Marcelo Bechler critica Fernando Diniz por escalar reservas na derrota do Cruzeiro O jornalista Marcelo Bechler, da TNT Sports, criticou a decis\u00e3o de Fernando Diniz em utilizar jogadores reservas na derrota do Cruzeiro por 2 a 1 para o Corinthians, pela 34\u00aa rodada do Campeonato Brasileiro, na Neo Qu\u00edmica Arena. Para Bechler, a escolha prejudicou [&hellip;]<\/p>\n","protected":false},"author":20,"featured_media":169002,"comment_status":"open","ping_status":"closed","sticky":false,"template":"","format":"standard","meta":{"footnotes":""},"categories":[143],"tags":[],"class_list":["post-188426","post","type-post","status-publish","format-standard","has-post-thumbnail","hentry","category-cruzeiro"],"yoast_head":"<!-- This site is optimized with the Yoast SEO Premium plugin v24.2 (Yoast SEO v26.9) - https:\/\/yoast.com\/product\/yoast-seo-premium-wordpress\/ -->\n<title>A declara\u00e7\u00e3o de Marcelo Bechler direcionada a Fernando Diniz<\/title>\n<meta name=\"robots\" content=\"index, follow, max-snippet:-1, max-image-preview:large, max-video-preview:-1\" \/>\n<link rel=\"canonical\" href=\"https:\/\/www.gaveanews.com\/index.php\/2024\/11\/21\/a-declaracao-de-marcelo-bechler-direcionada-a-fernando-diniz\/\" \/>\n<meta property=\"og:locale\" content=\"pt_BR\" \/>\n<meta property=\"og:type\" content=\"article\" \/>\n<meta property=\"og:title\" content=\"A declara\u00e7\u00e3o de Marcelo Bechler direcionada a Fernando Diniz\" \/>\n<meta property=\"og:description\" content=\"Marcelo Bechler critica Fernando Diniz por escalar reservas na derrota do Cruzeiro O jornalista Marcelo Bechler, da TNT Sports, criticou a decis\u00e3o de Fernando Diniz em utilizar jogadores reservas na derrota do Cruzeiro por 2 a 1 para o Corinthians, pela 34\u00aa rodada do Campeonato Brasileiro, na Neo Qu\u00edmica Arena. Para Bechler, a escolha prejudicou [&hellip;]\" \/>\n<meta property=\"og:url\" content=\"https:\/\/www.gaveanews.com\/index.php\/2024\/11\/21\/a-declaracao-de-marcelo-bechler-direcionada-a-fernando-diniz\/\" \/>\n<meta property=\"og:site_name\" content=\"G\u00e1vea News\" \/>\n<meta property=\"article:publisher\" content=\"https:\/\/facebook.com\/gaveaNews\/\" \/>\n<meta property=\"article:published_time\" content=\"2024-11-21T16:20:00+00:00\" \/>\n<meta property=\"og:image\" content=\"https:\/\/www.gaveanews.com\/wp-content\/uploads\/Fernando-Diniz-como-tecnico-do-Cruzeiro-em-2024.webp\" \/>\n\t<meta property=\"og:image:width\" content=\"1607\" \/>\n\t<meta property=\"og:image:height\" content=\"1071\" \/>\n\t<meta property=\"og:image:type\" content=\"image\/webp\" \/>\n<meta name=\"author\" content=\"Lucas Barros\" \/>\n<meta name=\"twitter:card\" content=\"summary_large_image\" \/>\n<meta name=\"twitter:label1\" content=\"Escrito por\" \/>\n\t<meta name=\"twitter:data1\" content=\"Lucas Barros\" \/>\n\t<meta name=\"twitter:label2\" content=\"Est. tempo de leitura\" \/>\n\t<meta name=\"twitter:data2\" content=\"3 minutos\" \/>\n<script type=\"application\/ld+json\" class=\"yoast-schema-graph\">{\"@context\":\"https:\/\/schema.org\",\"@graph\":[{\"@type\":\"NewsArticle\",\"@id\":\"https:\/\/www.gaveanews.com\/index.php\/2024\/11\/21\/a-declaracao-de-marcelo-bechler-direcionada-a-fernando-diniz\/#article\",\"isPartOf\":{\"@id\":\"https:\/\/www.gaveanews.com\/index.php\/2024\/11\/21\/a-declaracao-de-marcelo-bechler-direcionada-a-fernando-diniz\/\"},\"author\":{\"name\":\"Lucas Barros\",\"@id\":\"https:\/\/www.gaveanews.com\/#\/schema\/person\/2abf0cfa878f5f899daa5f781e82264c\"},\"headline\":\"A declara\u00e7\u00e3o de Marcelo Bechler direcionada a Fernando Diniz\",\"datePublished\":\"2024-11-21T16:20:00+00:00\",\"mainEntityOfPage\":{\"@id\":\"https:\/\/www.gaveanews.com\/index.php\/2024\/11\/21\/a-declaracao-de-marcelo-bechler-direcionada-a-fernando-diniz\/\"},\"wordCount\":355,\"commentCount\":0,\"image\":{\"@id\":\"https:\/\/www.gaveanews.com\/index.php\/2024\/11\/21\/a-declaracao-de-marcelo-bechler-direcionada-a-fernando-diniz\/#primaryimage\"},\"thumbnailUrl\":\"https:\/\/www.gaveanews.com\/wp-content\/uploads\/Fernando-Diniz-como-tecnico-do-Cruzeiro-em-2024.webp\",\"articleSection\":[\"Cruzeiro\"],\"inLanguage\":\"pt-BR\",\"potentialAction\":[{\"@type\":\"CommentAction\",\"name\":\"Comment\",\"target\":[\"https:\/\/www.gaveanews.com\/index.php\/2024\/11\/21\/a-declaracao-de-marcelo-bechler-direcionada-a-fernando-diniz\/#respond\"]}],\"copyrightYear\":\"2024\",\"copyrightHolder\":{\"@id\":\"https:\/\/www.gaveanews.com\/#organization\"}},{\"@type\":\"WebPage\",\"@id\":\"https:\/\/www.gaveanews.com\/index.php\/2024\/11\/21\/a-declaracao-de-marcelo-bechler-direcionada-a-fernando-diniz\/\",\"url\":\"https:\/\/www.gaveanews.com\/index.php\/2024\/11\/21\/a-declaracao-de-marcelo-bechler-direcionada-a-fernando-diniz\/\",\"name\":\"A declara\u00e7\u00e3o de Marcelo Bechler direcionada a Fernando Diniz\",\"isPartOf\":{\"@id\":\"https:\/\/www.gaveanews.com\/#website\"},\"primaryImageOfPage\":{\"@id\":\"https:\/\/www.gaveanews.com\/index.php\/2024\/11\/21\/a-declaracao-de-marcelo-bechler-direcionada-a-fernando-diniz\/#primaryimage\"},\"image\":{\"@id\":\"https:\/\/www.gaveanews.com\/index.php\/2024\/11\/21\/a-declaracao-de-marcelo-bechler-direcionada-a-fernando-diniz\/#primaryimage\"},\"thumbnailUrl\":\"https:\/\/www.gaveanews.com\/wp-content\/uploads\/Fernando-Diniz-como-tecnico-do-Cruzeiro-em-2024.webp\",\"datePublished\":\"2024-11-21T16:20:00+00:00\",\"author\":{\"@id\":\"https:\/\/www.gaveanews.com\/#\/schema\/person\/2abf0cfa878f5f899daa5f781e82264c\"},\"breadcrumb\":{\"@id\":\"https:\/\/www.gaveanews.com\/index.php\/2024\/11\/21\/a-declaracao-de-marcelo-bechler-direcionada-a-fernando-diniz\/#breadcrumb\"},\"inLanguage\":\"pt-BR\",\"potentialAction\":[{\"@type\":\"ReadAction\",\"target\":[\"https:\/\/www.gaveanews.com\/index.php\/2024\/11\/21\/a-declaracao-de-marcelo-bechler-direcionada-a-fernando-diniz\/\"]}]},{\"@type\":\"ImageObject\",\"inLanguage\":\"pt-BR\",\"@id\":\"https:\/\/www.gaveanews.com\/index.php\/2024\/11\/21\/a-declaracao-de-marcelo-bechler-direcionada-a-fernando-diniz\/#primaryimage\",\"url\":\"https:\/\/www.gaveanews.com\/wp-content\/uploads\/Fernando-Diniz-como-tecnico-do-Cruzeiro-em-2024.webp\",\"contentUrl\":\"https:\/\/www.gaveanews.com\/wp-content\/uploads\/Fernando-Diniz-como-tecnico-do-Cruzeiro-em-2024.webp\",\"width\":1607,\"height\":1071,\"caption\":\"Fernando Diniz como t\u00e9cnico do Cruzeiro em 2024 (Foto: Gustavo Aleixo\/Cruzeiro)\"},{\"@type\":\"BreadcrumbList\",\"@id\":\"https:\/\/www.gaveanews.com\/index.php\/2024\/11\/21\/a-declaracao-de-marcelo-bechler-direcionada-a-fernando-diniz\/#breadcrumb\",\"itemListElement\":[{\"@type\":\"ListItem\",\"position\":1,\"name\":\"Home\",\"item\":\"https:\/\/www.gaveanews.com\/\"},{\"@type\":\"ListItem\",\"position\":2,\"name\":\"A declara\u00e7\u00e3o de Marcelo Bechler direcionada a Fernando Diniz\"}]},{\"@type\":\"WebSite\",\"@id\":\"https:\/\/www.gaveanews.com\/#website\",\"url\":\"https:\/\/www.gaveanews.com\/\",\"name\":\"G\u00e1vea News\",\"description\":\"Veja todas as not\u00edcias sobre o Flamengo: Contrata\u00e7\u00f5es, categorias de base, resultados das partidas, tabela de classifica\u00e7\u00e3o, pr\u00f3ximos jogos!\",\"potentialAction\":[{\"@type\":\"SearchAction\",\"target\":{\"@type\":\"EntryPoint\",\"urlTemplate\":\"https:\/\/www.gaveanews.com\/?s={search_term_string}\"},\"query-input\":{\"@type\":\"PropertyValueSpecification\",\"valueRequired\":true,\"valueName\":\"search_term_string\"}}],\"inLanguage\":\"pt-BR\"},{\"@type\":\"Person\",\"@id\":\"https:\/\/www.gaveanews.com\/#\/schema\/person\/2abf0cfa878f5f899daa5f781e82264c\",\"name\":\"Lucas Barros\",\"image\":{\"@type\":\"ImageObject\",\"inLanguage\":\"pt-BR\",\"@id\":\"https:\/\/www.gaveanews.com\/#\/schema\/person\/image\/\",\"url\":\"https:\/\/secure.gravatar.com\/avatar\/67a6069eba66bf6fd7c80b70e1331baa3dbc3d6df5012d5c22eff29c7d59e0b0?s=96&d=mm&r=g\",\"contentUrl\":\"https:\/\/secure.gravatar.com\/avatar\/67a6069eba66bf6fd7c80b70e1331baa3dbc3d6df5012d5c22eff29c7d59e0b0?s=96&d=mm&r=g\",\"caption\":\"Lucas Barros\"}}]}<\/script>\n<!-- \/ Yoast SEO Premium plugin. -->","yoast_head_json":{"title":"A declara\u00e7\u00e3o de Marcelo Bechler direcionada a Fernando Diniz","robots":{"index":"index","follow":"follow","max-snippet":"max-snippet:-1","max-image-preview":"max-image-preview:large","max-video-preview":"max-video-preview:-1"},"canonical":"https:\/\/www.gaveanews.com\/index.php\/2024\/11\/21\/a-declaracao-de-marcelo-bechler-direcionada-a-fernando-diniz\/","og_locale":"pt_BR","og_type":"article","og_title":"A declara\u00e7\u00e3o de Marcelo Bechler direcionada a Fernando Diniz","og_description":"Marcelo Bechler critica Fernando Diniz por escalar reservas na derrota do Cruzeiro O jornalista Marcelo Bechler, da TNT Sports, criticou a decis\u00e3o de Fernando Diniz em utilizar jogadores reservas na derrota do Cruzeiro por 2 a 1 para o Corinthians, pela 34\u00aa rodada do Campeonato Brasileiro, na Neo Qu\u00edmica Arena. Para Bechler, a escolha prejudicou [&hellip;]","og_url":"https:\/\/www.gaveanews.com\/index.php\/2024\/11\/21\/a-declaracao-de-marcelo-bechler-direcionada-a-fernando-diniz\/","og_site_name":"G\u00e1vea News","article_publisher":"https:\/\/facebook.com\/gaveaNews\/","article_published_time":"2024-11-21T16:20:00+00:00","og_image":[{"width":1607,"height":1071,"url":"https:\/\/www.gaveanews.com\/wp-content\/uploads\/Fernando-Diniz-como-tecnico-do-Cruzeiro-em-2024.webp","type":"image\/webp"}],"author":"Lucas Barros","twitter_card":"summary_large_image","twitter_misc":{"Escrito por":"Lucas Barros","Est. tempo de leitura":"3 minutos"},"schema":{"@context":"https:\/\/schema.org","@graph":[{"@type":"NewsArticle","@id":"https:\/\/www.gaveanews.com\/index.php\/2024\/11\/21\/a-declaracao-de-marcelo-bechler-direcionada-a-fernando-diniz\/#article","isPartOf":{"@id":"https:\/\/www.gaveanews.com\/index.php\/2024\/11\/21\/a-declaracao-de-marcelo-bechler-direcionada-a-fernando-diniz\/"},"author":{"name":"Lucas Barros","@id":"https:\/\/www.gaveanews.com\/#\/schema\/person\/2abf0cfa878f5f899daa5f781e82264c"},"headline":"A declara\u00e7\u00e3o de Marcelo Bechler direcionada a Fernando Diniz","datePublished":"2024-11-21T16:20:00+00:00","mainEntityOfPage":{"@id":"https:\/\/www.gaveanews.com\/index.php\/2024\/11\/21\/a-declaracao-de-marcelo-bechler-direcionada-a-fernando-diniz\/"},"wordCount":355,"commentCount":0,"image":{"@id":"https:\/\/www.gaveanews.com\/index.php\/2024\/11\/21\/a-declaracao-de-marcelo-bechler-direcionada-a-fernando-diniz\/#primaryimage"},"thumbnailUrl":"https:\/\/www.gaveanews.com\/wp-content\/uploads\/Fernando-Diniz-como-tecnico-do-Cruzeiro-em-2024.webp","articleSection":["Cruzeiro"],"inLanguage":"pt-BR","potentialAction":[{"@type":"CommentAction","name":"Comment","target":["https:\/\/www.gaveanews.com\/index.php\/2024\/11\/21\/a-declaracao-de-marcelo-bechler-direcionada-a-fernando-diniz\/#respond"]}],"copyrightYear":"2024","copyrightHolder":{"@id":"https:\/\/www.gaveanews.com\/#organization"}},{"@type":"WebPage","@id":"https:\/\/www.gaveanews.com\/index.php\/2024\/11\/21\/a-declaracao-de-marcelo-bechler-direcionada-a-fernando-diniz\/","url":"https:\/\/www.gaveanews.com\/index.php\/2024\/11\/21\/a-declaracao-de-marcelo-bechler-direcionada-a-fernando-diniz\/","name":"A declara\u00e7\u00e3o de Marcelo Bechler direcionada a Fernando Diniz","isPartOf":{"@id":"https:\/\/www.gaveanews.com\/#website"},"primaryImageOfPage":{"@id":"https:\/\/www.gaveanews.com\/index.php\/2024\/11\/21\/a-declaracao-de-marcelo-bechler-direcionada-a-fernando-diniz\/#primaryimage"},"image":{"@id":"https:\/\/www.gaveanews.com\/index.php\/2024\/11\/21\/a-declaracao-de-marcelo-bechler-direcionada-a-fernando-diniz\/#primaryimage"},"thumbnailUrl":"https:\/\/www.gaveanews.com\/wp-content\/uploads\/Fernando-Diniz-como-tecnico-do-Cruzeiro-em-2024.webp","datePublished":"2024-11-21T16:20:00+00:00","author":{"@id":"https:\/\/www.gaveanews.com\/#\/schema\/person\/2abf0cfa878f5f899daa5f781e82264c"},"breadcrumb":{"@id":"https:\/\/www.gaveanews.com\/index.php\/2024\/11\/21\/a-declaracao-de-marcelo-bechler-direcionada-a-fernando-diniz\/#breadcrumb"},"inLanguage":"pt-BR","potentialAction":[{"@type":"ReadAction","target":["https:\/\/www.gaveanews.com\/index.php\/2024\/11\/21\/a-declaracao-de-marcelo-bechler-direcionada-a-fernando-diniz\/"]}]},{"@type":"ImageObject","inLanguage":"pt-BR","@id":"https:\/\/www.gaveanews.com\/index.php\/2024\/11\/21\/a-declaracao-de-marcelo-bechler-direcionada-a-fernando-diniz\/#primaryimage","url":"https:\/\/www.gaveanews.com\/wp-content\/uploads\/Fernando-Diniz-como-tecnico-do-Cruzeiro-em-2024.webp","contentUrl":"https:\/\/www.gaveanews.com\/wp-content\/uploads\/Fernando-Diniz-como-tecnico-do-Cruzeiro-em-2024.webp","width":1607,"height":1071,"caption":"Fernando Diniz como t\u00e9cnico do Cruzeiro em 2024 (Foto: Gustavo Aleixo\/Cruzeiro)"},{"@type":"BreadcrumbList","@id":"https:\/\/www.gaveanews.com\/index.php\/2024\/11\/21\/a-declaracao-de-marcelo-bechler-direcionada-a-fernando-diniz\/#breadcrumb","itemListElement":[{"@type":"ListItem","position":1,"name":"Home","item":"https:\/\/www.gaveanews.com\/"},{"@type":"ListItem","position":2,"name":"A declara\u00e7\u00e3o de Marcelo Bechler direcionada a Fernando Diniz"}]},{"@type":"WebSite","@id":"https:\/\/www.gaveanews.com\/#website","url":"https:\/\/www.gaveanews.com\/","name":"G\u00e1vea News","description":"Veja todas as not\u00edcias sobre o Flamengo: Contrata\u00e7\u00f5es, categorias de base, resultados das partidas, tabela de classifica\u00e7\u00e3o, pr\u00f3ximos jogos!","potentialAction":[{"@type":"SearchAction","target":{"@type":"EntryPoint","urlTemplate":"https:\/\/www.gaveanews.com\/?s={search_term_string}"},"query-input":{"@type":"PropertyValueSpecification","valueRequired":true,"valueName":"search_term_string"}}],"inLanguage":"pt-BR"},{"@type":"Person","@id":"https:\/\/www.gaveanews.com\/#\/schema\/person\/2abf0cfa878f5f899daa5f781e82264c","name":"Lucas Barros","image":{"@type":"ImageObject","inLanguage":"pt-BR","@id":"https:\/\/www.gaveanews.com\/#\/schema\/person\/image\/","url":"https:\/\/secure.gravatar.com\/avatar\/67a6069eba66bf6fd7c80b70e1331baa3dbc3d6df5012d5c22eff29c7d59e0b0?s=96&d=mm&r=g","contentUrl":"https:\/\/secure.gravatar.com\/avatar\/67a6069eba66bf6fd7c80b70e1331baa3dbc3d6df5012d5c22eff29c7d59e0b0?s=96&d=mm&r=g","caption":"Lucas Barros"}}]}},"_links":{"self":[{"href":"https:\/\/www.gaveanews.com\/index.php\/wp-json\/wp\/v2\/posts\/188426","targetHints":{"allow":["GET"]}}],"collection":[{"href":"https:\/\/www.gaveanews.com\/index.php\/wp-json\/wp\/v2\/posts"}],"about":[{"href":"https:\/\/www.gaveanews.com\/index.php\/wp-json\/wp\/v2\/types\/post"}],"author":[{"embeddable":true,"href":"https:\/\/www.gaveanews.com\/index.php\/wp-json\/wp\/v2\/users\/20"}],"replies":[{"embeddable":true,"href":"https:\/\/www.gaveanews.com\/index.php\/wp-json\/wp\/v2\/comments?post=188426"}],"version-history":[{"count":1,"href":"https:\/\/www.gaveanews.com\/index.php\/wp-json\/wp\/v2\/posts\/188426\/revisions"}],"predecessor-version":[{"id":188429,"href":"https:\/\/www.gaveanews.com\/index.php\/wp-json\/wp\/v2\/posts\/188426\/revisions\/188429"}],"wp:featuredmedia":[{"embeddable":true,"href":"https:\/\/www.gaveanews.com\/index.php\/wp-json\/wp\/v2\/media\/169002"}],"wp:attachment":[{"href":"https:\/\/www.gaveanews.com\/index.php\/wp-json\/wp\/v2\/media?parent=188426"}],"wp:term":[{"taxonomy":"category","embeddable":true,"href":"https:\/\/www.gaveanews.com\/index.php\/wp-json\/wp\/v2\/categories?post=188426"},{"taxonomy":"post_tag","embeddable":true,"href":"https:\/\/www.gaveanews.com\/index.php\/wp-json\/wp\/v2\/tags?post=188426"}],"curies":[{"name":"wp","href":"https:\/\/api.w.org\/{rel}","templated":true}]}}