{"id":188529,"date":"2024-11-21T17:35:00","date_gmt":"2024-11-21T20:35:00","guid":{"rendered":"https:\/\/www.gaveanews.com\/?p=188529"},"modified":"2024-11-21T16:50:52","modified_gmt":"2024-11-21T19:50:52","slug":"a-declaracao-de-thiago-carpini-apos-o-triunfo-do-vitoria","status":"publish","type":"post","link":"https:\/\/www.gaveanews.com\/index.php\/2024\/11\/21\/a-declaracao-de-thiago-carpini-apos-o-triunfo-do-vitoria\/","title":{"rendered":"A declara\u00e7\u00e3o de Thiago Carpini ap\u00f3s o triunfo do Vit\u00f3ria"},"content":{"rendered":"\n<p>O Vit\u00f3ria conquistou tr\u00eas pontos importantes na luta contra o rebaixamento no triunfo sobre o Crici\u00fama na \u00faltima quarta-feira (20\/11) e o treinador Thiago Carpini cravou que a vantagem num\u00e9rica foi crucial para o resultado.<\/p>\n\n\n\n<ul class=\"wp-block-list\">\n<li><a href=\"https:\/\/www.gaveanews.com\/index.php\/2024\/11\/21\/a-declaracao-de-marcos-braz-sobre-o-afastamento-de-gabigol\/\">A declara\u00e7\u00e3o de Marcos Braz sobre o afastamento de Gabigol<\/a><\/li>\n\n\n\n<li><a href=\"https:\/\/www.gaveanews.com\/index.php\/2024\/11\/21\/a-publicacao-de-rodrigo-mattos-direcionada-a-michael-do-flamengo\/\">A publica\u00e7\u00e3o de Rodrigo Mattos direcionada a Michael, do Flamengo<\/a><\/li>\n<\/ul>\n\n\n\n<p>No confronto dos desesperados, o Le\u00e3o foi a Santa Catarina para enfrentar o Crici\u00fama pela 34\u00aa rodada do Campeonato Brasileiro, na \u00faltima quarta-feira (20\/11), no est\u00e1dio Heriberto Hulse, e venceu por 1 a 0. O triunfo garantiu que o clube escalasse a tabela de classifica\u00e7\u00e3o, assumindo o 12\u00b0 lugar, chegando aos 41 pontos, quatro acima da equipe carvoeira.<\/p>\n\n\n\n<p>A partida teve o placar influenciado por conta da expuls\u00e3o de Claudinho, aos 27 minutos da primeira etapa. Isso \u00e9 o que acredita o treinador rubro-negro, Thiago Carpini. Segundo ele, se n\u00e3o fosse a vantagem num\u00e9rica, o resultado poderia ser outro.<\/p>\n\n\n\n<p>\u201cFoi um jogo de extrema dificuldade. Sabemos da organiza\u00e7\u00e3o da equipe do Tencati, que est\u00e1 h\u00e1 muito tempo no cargo. Tivemos que tomar muitos cuidados para surpreender e neutralizar os pontos positivos deles. Hoje fomos felizes, mas o que definiu o resultado foi a superioridade num\u00e9rica. At\u00e9 a expuls\u00e3o era um jogo igual. As duas equipes tentaram jogar, era natural que eles arriscarem mais e ficassem mais presentes no ataque porque estavam em casa&#8221;, disse Carpini, antes de concluir:<br><br>&#8220;A partir da expuls\u00e3o de Claudinho tivemos mais o controle da partida e conseguimos ser efetivos para aproveitar uma das poucas chances de gol. O Crici\u00fama foi uma equipe muito valente, sabemos da dificuldade de jogar aqui na casa deles. Hoje conseguimos ser competentes e eficientes, com muita organiza\u00e7\u00e3o, para sair com resultado positivo\u201d, finalizou.<\/p>\n\n\n\n<p>O treinador ainda comemorou o bom retrospecto na fuga contra a S\u00e9rie B. O time venceu quatro dos \u00faltimos cinco jogos.<\/p>\n\n\n\n<p>\u201cA moral do grupo est\u00e1 muito boa. Nos \u00faltimos cinco jogos tivemos uma derrota. Nos \u00faltimos nove jogos tivemos duas derrotas. Isso \u00e9 muito dif\u00edcil. A gente trabalha com muita convic\u00e7\u00e3o do que est\u00e1 sendo feito. Mesmo perdendo do Corinthians, perdemos jogando futebol. Muito confian\u00e7a para os atletas performarem\u201d, finalizou.<\/p>\n","protected":false},"excerpt":{"rendered":"<p>O Vit\u00f3ria conquistou tr\u00eas pontos importantes na luta contra o rebaixamento no triunfo sobre o Crici\u00fama na \u00faltima quarta-feira (20\/11) e o treinador Thiago Carpini cravou que a vantagem num\u00e9rica foi crucial para o resultado. No confronto dos desesperados, o Le\u00e3o foi a Santa Catarina para enfrentar o Crici\u00fama pela 34\u00aa rodada do Campeonato Brasileiro, [&hellip;]<\/p>\n","protected":false},"author":29,"featured_media":154111,"comment_status":"open","ping_status":"closed","sticky":false,"template":"","format":"standard","meta":{"footnotes":""},"categories":[142,153],"tags":[],"class_list":["post-188529","post","type-post","status-publish","format-standard","has-post-thumbnail","hentry","category-criciuma","category-vitoria"],"yoast_head":"<!-- This site is optimized with the Yoast SEO Premium plugin v24.2 (Yoast SEO v26.9) - https:\/\/yoast.com\/product\/yoast-seo-premium-wordpress\/ -->\n<title>A declara\u00e7\u00e3o de Thiago Carpini ap\u00f3s o triunfo do Vit\u00f3ria<\/title>\n<meta name=\"robots\" content=\"index, follow, max-snippet:-1, max-image-preview:large, max-video-preview:-1\" \/>\n<link rel=\"canonical\" href=\"https:\/\/www.gaveanews.com\/index.php\/2024\/11\/21\/a-declaracao-de-thiago-carpini-apos-o-triunfo-do-vitoria\/\" \/>\n<meta property=\"og:locale\" content=\"pt_BR\" \/>\n<meta property=\"og:type\" content=\"article\" \/>\n<meta property=\"og:title\" content=\"A declara\u00e7\u00e3o de Thiago Carpini ap\u00f3s o triunfo do Vit\u00f3ria\" \/>\n<meta property=\"og:description\" content=\"O Vit\u00f3ria conquistou tr\u00eas pontos importantes na luta contra o rebaixamento no triunfo sobre o Crici\u00fama na \u00faltima quarta-feira (20\/11) e o treinador Thiago Carpini cravou que a vantagem num\u00e9rica foi crucial para o resultado. No confronto dos desesperados, o Le\u00e3o foi a Santa Catarina para enfrentar o Crici\u00fama pela 34\u00aa rodada do Campeonato Brasileiro, [&hellip;]\" \/>\n<meta property=\"og:url\" content=\"https:\/\/www.gaveanews.com\/index.php\/2024\/11\/21\/a-declaracao-de-thiago-carpini-apos-o-triunfo-do-vitoria\/\" \/>\n<meta property=\"og:site_name\" content=\"G\u00e1vea News\" \/>\n<meta property=\"article:publisher\" content=\"https:\/\/facebook.com\/gaveaNews\/\" \/>\n<meta property=\"article:published_time\" content=\"2024-11-21T20:35:00+00:00\" \/>\n<meta property=\"og:image\" content=\"https:\/\/www.gaveanews.com\/wp-content\/uploads\/IMAGEM_NOTICIA_3-1.webp\" \/>\n\t<meta property=\"og:image:width\" content=\"640\" \/>\n\t<meta property=\"og:image:height\" content=\"426\" \/>\n\t<meta property=\"og:image:type\" content=\"image\/jpeg\" \/>\n<meta name=\"author\" content=\"Marco Menezes\" \/>\n<meta name=\"twitter:card\" content=\"summary_large_image\" \/>\n<meta name=\"twitter:label1\" content=\"Escrito por\" \/>\n\t<meta name=\"twitter:data1\" content=\"Marco Menezes\" \/>\n\t<meta name=\"twitter:label2\" content=\"Est. tempo de leitura\" \/>\n\t<meta name=\"twitter:data2\" content=\"3 minutos\" \/>\n<script type=\"application\/ld+json\" class=\"yoast-schema-graph\">{\"@context\":\"https:\/\/schema.org\",\"@graph\":[{\"@type\":\"NewsArticle\",\"@id\":\"https:\/\/www.gaveanews.com\/index.php\/2024\/11\/21\/a-declaracao-de-thiago-carpini-apos-o-triunfo-do-vitoria\/#article\",\"isPartOf\":{\"@id\":\"https:\/\/www.gaveanews.com\/index.php\/2024\/11\/21\/a-declaracao-de-thiago-carpini-apos-o-triunfo-do-vitoria\/\"},\"author\":{\"name\":\"Marco Menezes\",\"@id\":\"https:\/\/www.gaveanews.com\/#\/schema\/person\/a9f62fe75380c6bada1b2fc49bc23d69\"},\"headline\":\"A declara\u00e7\u00e3o de Thiago Carpini ap\u00f3s o triunfo do Vit\u00f3ria\",\"datePublished\":\"2024-11-21T20:35:00+00:00\",\"mainEntityOfPage\":{\"@id\":\"https:\/\/www.gaveanews.com\/index.php\/2024\/11\/21\/a-declaracao-de-thiago-carpini-apos-o-triunfo-do-vitoria\/\"},\"wordCount\":385,\"commentCount\":0,\"image\":{\"@id\":\"https:\/\/www.gaveanews.com\/index.php\/2024\/11\/21\/a-declaracao-de-thiago-carpini-apos-o-triunfo-do-vitoria\/#primaryimage\"},\"thumbnailUrl\":\"https:\/\/www.gaveanews.com\/wp-content\/uploads\/IMAGEM_NOTICIA_3-1.webp\",\"articleSection\":[\"Crici\u00fama\",\"Vit\u00f3ria\"],\"inLanguage\":\"pt-BR\",\"potentialAction\":[{\"@type\":\"CommentAction\",\"name\":\"Comment\",\"target\":[\"https:\/\/www.gaveanews.com\/index.php\/2024\/11\/21\/a-declaracao-de-thiago-carpini-apos-o-triunfo-do-vitoria\/#respond\"]}],\"copyrightYear\":\"2024\",\"copyrightHolder\":{\"@id\":\"https:\/\/www.gaveanews.com\/#organization\"}},{\"@type\":\"WebPage\",\"@id\":\"https:\/\/www.gaveanews.com\/index.php\/2024\/11\/21\/a-declaracao-de-thiago-carpini-apos-o-triunfo-do-vitoria\/\",\"url\":\"https:\/\/www.gaveanews.com\/index.php\/2024\/11\/21\/a-declaracao-de-thiago-carpini-apos-o-triunfo-do-vitoria\/\",\"name\":\"A declara\u00e7\u00e3o de Thiago Carpini ap\u00f3s o triunfo do Vit\u00f3ria\",\"isPartOf\":{\"@id\":\"https:\/\/www.gaveanews.com\/#website\"},\"primaryImageOfPage\":{\"@id\":\"https:\/\/www.gaveanews.com\/index.php\/2024\/11\/21\/a-declaracao-de-thiago-carpini-apos-o-triunfo-do-vitoria\/#primaryimage\"},\"image\":{\"@id\":\"https:\/\/www.gaveanews.com\/index.php\/2024\/11\/21\/a-declaracao-de-thiago-carpini-apos-o-triunfo-do-vitoria\/#primaryimage\"},\"thumbnailUrl\":\"https:\/\/www.gaveanews.com\/wp-content\/uploads\/IMAGEM_NOTICIA_3-1.webp\",\"datePublished\":\"2024-11-21T20:35:00+00:00\",\"author\":{\"@id\":\"https:\/\/www.gaveanews.com\/#\/schema\/person\/a9f62fe75380c6bada1b2fc49bc23d69\"},\"breadcrumb\":{\"@id\":\"https:\/\/www.gaveanews.com\/index.php\/2024\/11\/21\/a-declaracao-de-thiago-carpini-apos-o-triunfo-do-vitoria\/#breadcrumb\"},\"inLanguage\":\"pt-BR\",\"potentialAction\":[{\"@type\":\"ReadAction\",\"target\":[\"https:\/\/www.gaveanews.com\/index.php\/2024\/11\/21\/a-declaracao-de-thiago-carpini-apos-o-triunfo-do-vitoria\/\"]}]},{\"@type\":\"ImageObject\",\"inLanguage\":\"pt-BR\",\"@id\":\"https:\/\/www.gaveanews.com\/index.php\/2024\/11\/21\/a-declaracao-de-thiago-carpini-apos-o-triunfo-do-vitoria\/#primaryimage\",\"url\":\"https:\/\/www.gaveanews.com\/wp-content\/uploads\/IMAGEM_NOTICIA_3-1.webp\",\"contentUrl\":\"https:\/\/www.gaveanews.com\/wp-content\/uploads\/IMAGEM_NOTICIA_3-1.webp\",\"width\":640,\"height\":426,\"caption\":\"Foto: Victor Ferreira\/EC Vit\u00f3ria\"},{\"@type\":\"BreadcrumbList\",\"@id\":\"https:\/\/www.gaveanews.com\/index.php\/2024\/11\/21\/a-declaracao-de-thiago-carpini-apos-o-triunfo-do-vitoria\/#breadcrumb\",\"itemListElement\":[{\"@type\":\"ListItem\",\"position\":1,\"name\":\"Home\",\"item\":\"https:\/\/www.gaveanews.com\/\"},{\"@type\":\"ListItem\",\"position\":2,\"name\":\"A declara\u00e7\u00e3o de Thiago Carpini ap\u00f3s o triunfo do Vit\u00f3ria\"}]},{\"@type\":\"WebSite\",\"@id\":\"https:\/\/www.gaveanews.com\/#website\",\"url\":\"https:\/\/www.gaveanews.com\/\",\"name\":\"G\u00e1vea News\",\"description\":\"Veja todas as not\u00edcias sobre o Flamengo: Contrata\u00e7\u00f5es, categorias de base, resultados das partidas, tabela de classifica\u00e7\u00e3o, pr\u00f3ximos jogos!\",\"potentialAction\":[{\"@type\":\"SearchAction\",\"target\":{\"@type\":\"EntryPoint\",\"urlTemplate\":\"https:\/\/www.gaveanews.com\/?s={search_term_string}\"},\"query-input\":{\"@type\":\"PropertyValueSpecification\",\"valueRequired\":true,\"valueName\":\"search_term_string\"}}],\"inLanguage\":\"pt-BR\"},{\"@type\":\"Person\",\"@id\":\"https:\/\/www.gaveanews.com\/#\/schema\/person\/a9f62fe75380c6bada1b2fc49bc23d69\",\"name\":\"Marco Menezes\",\"image\":{\"@type\":\"ImageObject\",\"inLanguage\":\"pt-BR\",\"@id\":\"https:\/\/www.gaveanews.com\/#\/schema\/person\/image\/\",\"url\":\"https:\/\/secure.gravatar.com\/avatar\/a1d148ae17fc8bfc5dbccffd07979e8bd2c9ba494221779de86ec2c7907b71ec?s=96&d=mm&r=g\",\"contentUrl\":\"https:\/\/secure.gravatar.com\/avatar\/a1d148ae17fc8bfc5dbccffd07979e8bd2c9ba494221779de86ec2c7907b71ec?s=96&d=mm&r=g\",\"caption\":\"Marco Menezes\"}}]}<\/script>\n<!-- \/ Yoast SEO Premium plugin. -->","yoast_head_json":{"title":"A declara\u00e7\u00e3o de Thiago Carpini ap\u00f3s o triunfo do Vit\u00f3ria","robots":{"index":"index","follow":"follow","max-snippet":"max-snippet:-1","max-image-preview":"max-image-preview:large","max-video-preview":"max-video-preview:-1"},"canonical":"https:\/\/www.gaveanews.com\/index.php\/2024\/11\/21\/a-declaracao-de-thiago-carpini-apos-o-triunfo-do-vitoria\/","og_locale":"pt_BR","og_type":"article","og_title":"A declara\u00e7\u00e3o de Thiago Carpini ap\u00f3s o triunfo do Vit\u00f3ria","og_description":"O Vit\u00f3ria conquistou tr\u00eas pontos importantes na luta contra o rebaixamento no triunfo sobre o Crici\u00fama na \u00faltima quarta-feira (20\/11) e o treinador Thiago Carpini cravou que a vantagem num\u00e9rica foi crucial para o resultado. No confronto dos desesperados, o Le\u00e3o foi a Santa Catarina para enfrentar o Crici\u00fama pela 34\u00aa rodada do Campeonato Brasileiro, [&hellip;]","og_url":"https:\/\/www.gaveanews.com\/index.php\/2024\/11\/21\/a-declaracao-de-thiago-carpini-apos-o-triunfo-do-vitoria\/","og_site_name":"G\u00e1vea News","article_publisher":"https:\/\/facebook.com\/gaveaNews\/","article_published_time":"2024-11-21T20:35:00+00:00","og_image":[{"width":640,"height":426,"url":"https:\/\/www.gaveanews.com\/wp-content\/uploads\/IMAGEM_NOTICIA_3-1.webp","type":"image\/jpeg"}],"author":"Marco Menezes","twitter_card":"summary_large_image","twitter_misc":{"Escrito por":"Marco Menezes","Est. tempo de leitura":"3 minutos"},"schema":{"@context":"https:\/\/schema.org","@graph":[{"@type":"NewsArticle","@id":"https:\/\/www.gaveanews.com\/index.php\/2024\/11\/21\/a-declaracao-de-thiago-carpini-apos-o-triunfo-do-vitoria\/#article","isPartOf":{"@id":"https:\/\/www.gaveanews.com\/index.php\/2024\/11\/21\/a-declaracao-de-thiago-carpini-apos-o-triunfo-do-vitoria\/"},"author":{"name":"Marco Menezes","@id":"https:\/\/www.gaveanews.com\/#\/schema\/person\/a9f62fe75380c6bada1b2fc49bc23d69"},"headline":"A declara\u00e7\u00e3o de Thiago Carpini ap\u00f3s o triunfo do Vit\u00f3ria","datePublished":"2024-11-21T20:35:00+00:00","mainEntityOfPage":{"@id":"https:\/\/www.gaveanews.com\/index.php\/2024\/11\/21\/a-declaracao-de-thiago-carpini-apos-o-triunfo-do-vitoria\/"},"wordCount":385,"commentCount":0,"image":{"@id":"https:\/\/www.gaveanews.com\/index.php\/2024\/11\/21\/a-declaracao-de-thiago-carpini-apos-o-triunfo-do-vitoria\/#primaryimage"},"thumbnailUrl":"https:\/\/www.gaveanews.com\/wp-content\/uploads\/IMAGEM_NOTICIA_3-1.webp","articleSection":["Crici\u00fama","Vit\u00f3ria"],"inLanguage":"pt-BR","potentialAction":[{"@type":"CommentAction","name":"Comment","target":["https:\/\/www.gaveanews.com\/index.php\/2024\/11\/21\/a-declaracao-de-thiago-carpini-apos-o-triunfo-do-vitoria\/#respond"]}],"copyrightYear":"2024","copyrightHolder":{"@id":"https:\/\/www.gaveanews.com\/#organization"}},{"@type":"WebPage","@id":"https:\/\/www.gaveanews.com\/index.php\/2024\/11\/21\/a-declaracao-de-thiago-carpini-apos-o-triunfo-do-vitoria\/","url":"https:\/\/www.gaveanews.com\/index.php\/2024\/11\/21\/a-declaracao-de-thiago-carpini-apos-o-triunfo-do-vitoria\/","name":"A declara\u00e7\u00e3o de Thiago Carpini ap\u00f3s o triunfo do Vit\u00f3ria","isPartOf":{"@id":"https:\/\/www.gaveanews.com\/#website"},"primaryImageOfPage":{"@id":"https:\/\/www.gaveanews.com\/index.php\/2024\/11\/21\/a-declaracao-de-thiago-carpini-apos-o-triunfo-do-vitoria\/#primaryimage"},"image":{"@id":"https:\/\/www.gaveanews.com\/index.php\/2024\/11\/21\/a-declaracao-de-thiago-carpini-apos-o-triunfo-do-vitoria\/#primaryimage"},"thumbnailUrl":"https:\/\/www.gaveanews.com\/wp-content\/uploads\/IMAGEM_NOTICIA_3-1.webp","datePublished":"2024-11-21T20:35:00+00:00","author":{"@id":"https:\/\/www.gaveanews.com\/#\/schema\/person\/a9f62fe75380c6bada1b2fc49bc23d69"},"breadcrumb":{"@id":"https:\/\/www.gaveanews.com\/index.php\/2024\/11\/21\/a-declaracao-de-thiago-carpini-apos-o-triunfo-do-vitoria\/#breadcrumb"},"inLanguage":"pt-BR","potentialAction":[{"@type":"ReadAction","target":["https:\/\/www.gaveanews.com\/index.php\/2024\/11\/21\/a-declaracao-de-thiago-carpini-apos-o-triunfo-do-vitoria\/"]}]},{"@type":"ImageObject","inLanguage":"pt-BR","@id":"https:\/\/www.gaveanews.com\/index.php\/2024\/11\/21\/a-declaracao-de-thiago-carpini-apos-o-triunfo-do-vitoria\/#primaryimage","url":"https:\/\/www.gaveanews.com\/wp-content\/uploads\/IMAGEM_NOTICIA_3-1.webp","contentUrl":"https:\/\/www.gaveanews.com\/wp-content\/uploads\/IMAGEM_NOTICIA_3-1.webp","width":640,"height":426,"caption":"Foto: Victor Ferreira\/EC Vit\u00f3ria"},{"@type":"BreadcrumbList","@id":"https:\/\/www.gaveanews.com\/index.php\/2024\/11\/21\/a-declaracao-de-thiago-carpini-apos-o-triunfo-do-vitoria\/#breadcrumb","itemListElement":[{"@type":"ListItem","position":1,"name":"Home","item":"https:\/\/www.gaveanews.com\/"},{"@type":"ListItem","position":2,"name":"A declara\u00e7\u00e3o de Thiago Carpini ap\u00f3s o triunfo do Vit\u00f3ria"}]},{"@type":"WebSite","@id":"https:\/\/www.gaveanews.com\/#website","url":"https:\/\/www.gaveanews.com\/","name":"G\u00e1vea News","description":"Veja todas as not\u00edcias sobre o Flamengo: Contrata\u00e7\u00f5es, categorias de base, resultados das partidas, tabela de classifica\u00e7\u00e3o, pr\u00f3ximos jogos!","potentialAction":[{"@type":"SearchAction","target":{"@type":"EntryPoint","urlTemplate":"https:\/\/www.gaveanews.com\/?s={search_term_string}"},"query-input":{"@type":"PropertyValueSpecification","valueRequired":true,"valueName":"search_term_string"}}],"inLanguage":"pt-BR"},{"@type":"Person","@id":"https:\/\/www.gaveanews.com\/#\/schema\/person\/a9f62fe75380c6bada1b2fc49bc23d69","name":"Marco Menezes","image":{"@type":"ImageObject","inLanguage":"pt-BR","@id":"https:\/\/www.gaveanews.com\/#\/schema\/person\/image\/","url":"https:\/\/secure.gravatar.com\/avatar\/a1d148ae17fc8bfc5dbccffd07979e8bd2c9ba494221779de86ec2c7907b71ec?s=96&d=mm&r=g","contentUrl":"https:\/\/secure.gravatar.com\/avatar\/a1d148ae17fc8bfc5dbccffd07979e8bd2c9ba494221779de86ec2c7907b71ec?s=96&d=mm&r=g","caption":"Marco Menezes"}}]}},"_links":{"self":[{"href":"https:\/\/www.gaveanews.com\/index.php\/wp-json\/wp\/v2\/posts\/188529","targetHints":{"allow":["GET"]}}],"collection":[{"href":"https:\/\/www.gaveanews.com\/index.php\/wp-json\/wp\/v2\/posts"}],"about":[{"href":"https:\/\/www.gaveanews.com\/index.php\/wp-json\/wp\/v2\/types\/post"}],"author":[{"embeddable":true,"href":"https:\/\/www.gaveanews.com\/index.php\/wp-json\/wp\/v2\/users\/29"}],"replies":[{"embeddable":true,"href":"https:\/\/www.gaveanews.com\/index.php\/wp-json\/wp\/v2\/comments?post=188529"}],"version-history":[{"count":2,"href":"https:\/\/www.gaveanews.com\/index.php\/wp-json\/wp\/v2\/posts\/188529\/revisions"}],"predecessor-version":[{"id":188576,"href":"https:\/\/www.gaveanews.com\/index.php\/wp-json\/wp\/v2\/posts\/188529\/revisions\/188576"}],"wp:featuredmedia":[{"embeddable":true,"href":"https:\/\/www.gaveanews.com\/index.php\/wp-json\/wp\/v2\/media\/154111"}],"wp:attachment":[{"href":"https:\/\/www.gaveanews.com\/index.php\/wp-json\/wp\/v2\/media?parent=188529"}],"wp:term":[{"taxonomy":"category","embeddable":true,"href":"https:\/\/www.gaveanews.com\/index.php\/wp-json\/wp\/v2\/categories?post=188529"},{"taxonomy":"post_tag","embeddable":true,"href":"https:\/\/www.gaveanews.com\/index.php\/wp-json\/wp\/v2\/tags?post=188529"}],"curies":[{"name":"wp","href":"https:\/\/api.w.org\/{rel}","templated":true}]}}