{"id":188553,"date":"2024-11-21T19:25:00","date_gmt":"2024-11-21T22:25:00","guid":{"rendered":"https:\/\/www.gaveanews.com\/?p=188553"},"modified":"2024-11-21T19:12:44","modified_gmt":"2024-11-21T22:12:44","slug":"jogadores-do-santos-estao-insatisfeitos-com-a-diretoria","status":"publish","type":"post","link":"https:\/\/www.gaveanews.com\/index.php\/2024\/11\/21\/jogadores-do-santos-estao-insatisfeitos-com-a-diretoria\/","title":{"rendered":"Jogadores do Santos est\u00e3o insatisfeitos com a diretoria"},"content":{"rendered":"\n<h2 class=\"wp-block-heading\" id=\"h-jogadores-estao-chateados-pela-saida-do-carille\">Jogadores est\u00e3o chateados pela sa\u00edda do Carille<\/h2>\n\n\n\n<p>Com rodadas de anteced\u00eancia, o Santos assegurou o retorno \u00e0 elite do Campeonato Brasileiro, al\u00e9m de ter conquistado o t\u00edtulo, concluindo uma temporada repleta de controv\u00e9rsias e cr\u00edticas.<\/p>\n\n\n\n<ul class=\"wp-block-list\">\n<li><a href=\"https:\/\/www.gaveanews.com\/index.php\/2024\/11\/21\/chegada-de-neymar-jogador-na-mira-da-europa-e-situacao-de-ex-treinador-as-ultimas-noticias-do-santos\/\">Chegada de Neymar, jogador na mira da Europa e situa\u00e7\u00e3o de ex-treinador: as \u00faltimas not\u00edcias do Santos<\/a><\/li>\n\n\n\n<li><a href=\"https:\/\/www.gaveanews.com\/index.php\/2024\/11\/21\/chegada-de-luis-castro-recado-para-carille-e-declaracao-de-cicinho-sobre-neymar-as-ultimas-noticias-do-santos\/\">Chegada de Lu\u00eds Castro, recado para Carille e declara\u00e7\u00e3o de Cicinho sobre Neymar: as \u00faltimas not\u00edcias do Santos<br><\/a><\/li>\n<\/ul>\n\n\n\n<p>Depois de assegurar o t\u00edtulo, a diretoria do Santos anunciou de imediato a sa\u00edda do t\u00e9cnico F\u00e1bio Carille. Ele n\u00e3o \u00e9 mais treinador e nem mesmo permanecer\u00e1 no time neste \u00faltimo ano.<\/p>\n\n\n\n<p>Contudo, uma not\u00edcia inesperada foi divulgada nesta quinta-feira (21) segundo a jornalista Gabriela Brino, os jogadores est\u00e3o desapontados com a sa\u00edda do treinador e n\u00e3o t\u00eam interesse em disputar a \u00faltima partida, contra o Sport.<\/p>\n\n\n\n<figure class=\"wp-block-image size-large\"><img loading=\"lazy\" decoding=\"async\" width=\"1024\" height=\"778\" src=\"https:\/\/www.gaveanews.com\/wp-content\/uploads\/Carille-treinando-o-Santos-em-2024-1024x778.webp\" alt=\"\" class=\"wp-image-153907\" srcset=\"https:\/\/www.gaveanews.com\/wp-content\/uploads\/Carille-treinando-o-Santos-em-2024-1024x778.webp 1024w, https:\/\/www.gaveanews.com\/wp-content\/uploads\/Carille-treinando-o-Santos-em-2024-300x228.webp 300w, https:\/\/www.gaveanews.com\/wp-content\/uploads\/Carille-treinando-o-Santos-em-2024-768x584.webp 768w, https:\/\/www.gaveanews.com\/wp-content\/uploads\/Carille-treinando-o-Santos-em-2024-1536x1167.webp 1536w, https:\/\/www.gaveanews.com\/wp-content\/uploads\/Carille-treinando-o-Santos-em-2024-553x420.webp 553w, https:\/\/www.gaveanews.com\/wp-content\/uploads\/Carille-treinando-o-Santos-em-2024-1105x840.webp 1105w, https:\/\/www.gaveanews.com\/wp-content\/uploads\/Carille-treinando-o-Santos-em-2024-80x60.webp 80w, https:\/\/www.gaveanews.com\/wp-content\/uploads\/Carille-treinando-o-Santos-em-2024-100x76.webp 100w, https:\/\/www.gaveanews.com\/wp-content\/uploads\/Carille-treinando-o-Santos-em-2024-640x486.webp 640w, https:\/\/www.gaveanews.com\/wp-content\/uploads\/Carille-treinando-o-Santos-em-2024-1280x973.webp 1280w, https:\/\/www.gaveanews.com\/wp-content\/uploads\/Carille-treinando-o-Santos-em-2024-681x518.webp 681w, https:\/\/www.gaveanews.com\/wp-content\/uploads\/Carille-treinando-o-Santos-em-2024-1362x1035.webp 1362w, https:\/\/www.gaveanews.com\/wp-content\/uploads\/Carille-treinando-o-Santos-em-2024.webp 1600w\" sizes=\"auto, (max-width: 1024px) 100vw, 1024px\" \/><figcaption class=\"wp-element-caption\">Carille treinando o Santos em 2024 (Foto: Reprodu\u00e7\u00e3o\/Santos)<\/figcaption><\/figure>\n\n\n\n<p>\u00c9 importante destacar que a diretoria optou por confiar o grupo profissional a Leandro Zago, treinador do Sub-20 e do time de aspirantes, que foi eliminado nas semifinais do Campeonato Brasileiro da categoria, na segunda-feira (18), nos p\u00eanaltis, para o Botafogo.<\/p>\n\n\n\n<p>Muitos pensavam que Marcelo Fernandes, auxiliar fixo do Peixe, seria designado para trabalhar durante a semana. No entanto, o objetivo \u00e9 tamb\u00e9m proteger o profissional, especialmente em um per\u00edodo turbulento.<\/p>\n\n\n\n<p>\u00c9 importante salientar que o Santos possui uma d\u00edvida de R$ 4,1 milh\u00f5es para com F\u00e1bio Carille, sendo R$ 2,6 milh\u00f5es referentes \u00e0 multa rescis\u00f3ria pela quebra do contrato e mais R$ 1,5 milh\u00e3o referentes \u00e0 premia\u00e7\u00e3o pelo t\u00edtulo da S\u00e9rie B do Brasileir\u00e3o.<\/p>\n\n\n\n<p>Portanto, Marcelo Teixeira est\u00e1 atualmente em negocia\u00e7\u00f5es com o empres\u00e1rio Paulo Pitombeira, com o objetivo de resolver essa quest\u00e3o e encontrar a maneira mais eficaz de realizar o pagamento.<\/p>\n\n\n\n<p>Os dois lados est\u00e3o confiantes de que um acordo ser\u00e1 celebrado nos pr\u00f3ximos dias, muito provavelmente com um parcelamento da d\u00edvida.<\/p>\n\n\n\n<p>Embora os n\u00fameros sejam positivos, com mais de 60% de aproveitamento dos pontos disputados, a situa\u00e7\u00e3o do t\u00e9cnico se tornou insustent\u00e1vel ap\u00f3s a torcida o hostilizar e o insultar durante a cerim\u00f4nia de premia\u00e7\u00e3o do t\u00edtulo da S\u00e9rie B no campo da Vila Viva Sorte.<\/p>\n\n\n\n<p>Embora a temporada de 2024 ainda esteja em curso, o planejamento do Peixe est\u00e1 totalmente focado no pr\u00f3ximo ano. O primeiro passo \u00e9 selecionar o candidato para o posto que Carille estava ocupando.<\/p>\n","protected":false},"excerpt":{"rendered":"<p>Jogadores est\u00e3o chateados pela sa\u00edda do Carille Com rodadas de anteced\u00eancia, o Santos assegurou o retorno \u00e0 elite do Campeonato Brasileiro, al\u00e9m de ter conquistado o t\u00edtulo, concluindo uma temporada repleta de controv\u00e9rsias e cr\u00edticas. Depois de assegurar o t\u00edtulo, a diretoria do Santos anunciou de imediato a sa\u00edda do t\u00e9cnico F\u00e1bio Carille. Ele n\u00e3o [&hellip;]<\/p>\n","protected":false},"author":16,"featured_media":152156,"comment_status":"open","ping_status":"closed","sticky":false,"template":"","format":"standard","meta":{"footnotes":""},"categories":[139],"tags":[],"class_list":["post-188553","post","type-post","status-publish","format-standard","has-post-thumbnail","hentry","category-santos"],"yoast_head":"<!-- This site is optimized with the Yoast SEO Premium plugin v24.2 (Yoast SEO v26.9) - https:\/\/yoast.com\/product\/yoast-seo-premium-wordpress\/ -->\n<title>Jogadores do Santos est\u00e3o insatisfeitos com a diretoria<\/title>\n<meta name=\"description\" content=\"Jogadores do Santos est\u00e3o insatisfeitos com a diretoria\" \/>\n<meta name=\"robots\" content=\"index, follow, max-snippet:-1, max-image-preview:large, max-video-preview:-1\" \/>\n<link rel=\"canonical\" href=\"https:\/\/www.gaveanews.com\/index.php\/2024\/11\/21\/jogadores-do-santos-estao-insatisfeitos-com-a-diretoria\/\" \/>\n<meta property=\"og:locale\" content=\"pt_BR\" \/>\n<meta property=\"og:type\" content=\"article\" \/>\n<meta property=\"og:title\" content=\"Jogadores do Santos est\u00e3o insatisfeitos com a diretoria\" \/>\n<meta property=\"og:description\" content=\"Jogadores do Santos est\u00e3o insatisfeitos com a diretoria\" \/>\n<meta property=\"og:url\" content=\"https:\/\/www.gaveanews.com\/index.php\/2024\/11\/21\/jogadores-do-santos-estao-insatisfeitos-com-a-diretoria\/\" \/>\n<meta property=\"og:site_name\" content=\"G\u00e1vea News\" \/>\n<meta property=\"article:publisher\" content=\"https:\/\/facebook.com\/gaveaNews\/\" \/>\n<meta property=\"article:published_time\" content=\"2024-11-21T22:25:00+00:00\" \/>\n<meta property=\"og:image\" content=\"https:\/\/www.gaveanews.com\/wp-content\/uploads\/Escudo-do-Santos-1.webp\" \/>\n\t<meta property=\"og:image:width\" content=\"1300\" \/>\n\t<meta property=\"og:image:height\" content=\"1056\" \/>\n\t<meta property=\"og:image:type\" content=\"image\/webp\" \/>\n<meta name=\"author\" content=\"D\u00e9bora Figueiredo\" \/>\n<meta name=\"twitter:card\" content=\"summary_large_image\" \/>\n<meta name=\"twitter:label1\" content=\"Escrito por\" \/>\n\t<meta name=\"twitter:data1\" content=\"D\u00e9bora Figueiredo\" \/>\n\t<meta name=\"twitter:label2\" content=\"Est. tempo de leitura\" \/>\n\t<meta name=\"twitter:data2\" content=\"3 minutos\" \/>\n<script type=\"application\/ld+json\" class=\"yoast-schema-graph\">{\"@context\":\"https:\/\/schema.org\",\"@graph\":[{\"@type\":\"NewsArticle\",\"@id\":\"https:\/\/www.gaveanews.com\/index.php\/2024\/11\/21\/jogadores-do-santos-estao-insatisfeitos-com-a-diretoria\/#article\",\"isPartOf\":{\"@id\":\"https:\/\/www.gaveanews.com\/index.php\/2024\/11\/21\/jogadores-do-santos-estao-insatisfeitos-com-a-diretoria\/\"},\"author\":{\"name\":\"D\u00e9bora Figueiredo\",\"@id\":\"https:\/\/www.gaveanews.com\/#\/schema\/person\/37122681a8575a5c8db05a56f099a5e4\"},\"headline\":\"Jogadores do Santos est\u00e3o insatisfeitos com a diretoria\",\"datePublished\":\"2024-11-21T22:25:00+00:00\",\"mainEntityOfPage\":{\"@id\":\"https:\/\/www.gaveanews.com\/index.php\/2024\/11\/21\/jogadores-do-santos-estao-insatisfeitos-com-a-diretoria\/\"},\"wordCount\":434,\"commentCount\":0,\"image\":{\"@id\":\"https:\/\/www.gaveanews.com\/index.php\/2024\/11\/21\/jogadores-do-santos-estao-insatisfeitos-com-a-diretoria\/#primaryimage\"},\"thumbnailUrl\":\"https:\/\/www.gaveanews.com\/wp-content\/uploads\/Escudo-do-Santos-1.webp\",\"articleSection\":[\"Santos\"],\"inLanguage\":\"pt-BR\",\"potentialAction\":[{\"@type\":\"CommentAction\",\"name\":\"Comment\",\"target\":[\"https:\/\/www.gaveanews.com\/index.php\/2024\/11\/21\/jogadores-do-santos-estao-insatisfeitos-com-a-diretoria\/#respond\"]}],\"copyrightYear\":\"2024\",\"copyrightHolder\":{\"@id\":\"https:\/\/www.gaveanews.com\/#organization\"}},{\"@type\":\"WebPage\",\"@id\":\"https:\/\/www.gaveanews.com\/index.php\/2024\/11\/21\/jogadores-do-santos-estao-insatisfeitos-com-a-diretoria\/\",\"url\":\"https:\/\/www.gaveanews.com\/index.php\/2024\/11\/21\/jogadores-do-santos-estao-insatisfeitos-com-a-diretoria\/\",\"name\":\"Jogadores do Santos est\u00e3o insatisfeitos com a diretoria\",\"isPartOf\":{\"@id\":\"https:\/\/www.gaveanews.com\/#website\"},\"primaryImageOfPage\":{\"@id\":\"https:\/\/www.gaveanews.com\/index.php\/2024\/11\/21\/jogadores-do-santos-estao-insatisfeitos-com-a-diretoria\/#primaryimage\"},\"image\":{\"@id\":\"https:\/\/www.gaveanews.com\/index.php\/2024\/11\/21\/jogadores-do-santos-estao-insatisfeitos-com-a-diretoria\/#primaryimage\"},\"thumbnailUrl\":\"https:\/\/www.gaveanews.com\/wp-content\/uploads\/Escudo-do-Santos-1.webp\",\"datePublished\":\"2024-11-21T22:25:00+00:00\",\"author\":{\"@id\":\"https:\/\/www.gaveanews.com\/#\/schema\/person\/37122681a8575a5c8db05a56f099a5e4\"},\"description\":\"Jogadores do Santos est\u00e3o insatisfeitos com a diretoria\",\"breadcrumb\":{\"@id\":\"https:\/\/www.gaveanews.com\/index.php\/2024\/11\/21\/jogadores-do-santos-estao-insatisfeitos-com-a-diretoria\/#breadcrumb\"},\"inLanguage\":\"pt-BR\",\"potentialAction\":[{\"@type\":\"ReadAction\",\"target\":[\"https:\/\/www.gaveanews.com\/index.php\/2024\/11\/21\/jogadores-do-santos-estao-insatisfeitos-com-a-diretoria\/\"]}]},{\"@type\":\"ImageObject\",\"inLanguage\":\"pt-BR\",\"@id\":\"https:\/\/www.gaveanews.com\/index.php\/2024\/11\/21\/jogadores-do-santos-estao-insatisfeitos-com-a-diretoria\/#primaryimage\",\"url\":\"https:\/\/www.gaveanews.com\/wp-content\/uploads\/Escudo-do-Santos-1.webp\",\"contentUrl\":\"https:\/\/www.gaveanews.com\/wp-content\/uploads\/Escudo-do-Santos-1.webp\",\"width\":1300,\"height\":1056,\"caption\":\"Escudo do Santos (Foto: Reprodu\u00e7\u00e3o\/Instagram)\"},{\"@type\":\"BreadcrumbList\",\"@id\":\"https:\/\/www.gaveanews.com\/index.php\/2024\/11\/21\/jogadores-do-santos-estao-insatisfeitos-com-a-diretoria\/#breadcrumb\",\"itemListElement\":[{\"@type\":\"ListItem\",\"position\":1,\"name\":\"Home\",\"item\":\"https:\/\/www.gaveanews.com\/\"},{\"@type\":\"ListItem\",\"position\":2,\"name\":\"Jogadores do Santos est\u00e3o insatisfeitos com a diretoria\"}]},{\"@type\":\"WebSite\",\"@id\":\"https:\/\/www.gaveanews.com\/#website\",\"url\":\"https:\/\/www.gaveanews.com\/\",\"name\":\"G\u00e1vea News\",\"description\":\"Veja todas as not\u00edcias sobre o Flamengo: Contrata\u00e7\u00f5es, categorias de base, resultados das partidas, tabela de classifica\u00e7\u00e3o, pr\u00f3ximos jogos!\",\"potentialAction\":[{\"@type\":\"SearchAction\",\"target\":{\"@type\":\"EntryPoint\",\"urlTemplate\":\"https:\/\/www.gaveanews.com\/?s={search_term_string}\"},\"query-input\":{\"@type\":\"PropertyValueSpecification\",\"valueRequired\":true,\"valueName\":\"search_term_string\"}}],\"inLanguage\":\"pt-BR\"},{\"@type\":\"Person\",\"@id\":\"https:\/\/www.gaveanews.com\/#\/schema\/person\/37122681a8575a5c8db05a56f099a5e4\",\"name\":\"D\u00e9bora Figueiredo\",\"image\":{\"@type\":\"ImageObject\",\"inLanguage\":\"pt-BR\",\"@id\":\"https:\/\/www.gaveanews.com\/#\/schema\/person\/image\/\",\"url\":\"https:\/\/secure.gravatar.com\/avatar\/1f44802859351588499d26f52aed1d15796ce17e67602895b72837c08018868d?s=96&d=mm&r=g\",\"contentUrl\":\"https:\/\/secure.gravatar.com\/avatar\/1f44802859351588499d26f52aed1d15796ce17e67602895b72837c08018868d?s=96&d=mm&r=g\",\"caption\":\"D\u00e9bora Figueiredo\"}}]}<\/script>\n<!-- \/ Yoast SEO Premium plugin. -->","yoast_head_json":{"title":"Jogadores do Santos est\u00e3o insatisfeitos com a diretoria","description":"Jogadores do Santos est\u00e3o insatisfeitos com a diretoria","robots":{"index":"index","follow":"follow","max-snippet":"max-snippet:-1","max-image-preview":"max-image-preview:large","max-video-preview":"max-video-preview:-1"},"canonical":"https:\/\/www.gaveanews.com\/index.php\/2024\/11\/21\/jogadores-do-santos-estao-insatisfeitos-com-a-diretoria\/","og_locale":"pt_BR","og_type":"article","og_title":"Jogadores do Santos est\u00e3o insatisfeitos com a diretoria","og_description":"Jogadores do Santos est\u00e3o insatisfeitos com a diretoria","og_url":"https:\/\/www.gaveanews.com\/index.php\/2024\/11\/21\/jogadores-do-santos-estao-insatisfeitos-com-a-diretoria\/","og_site_name":"G\u00e1vea News","article_publisher":"https:\/\/facebook.com\/gaveaNews\/","article_published_time":"2024-11-21T22:25:00+00:00","og_image":[{"width":1300,"height":1056,"url":"https:\/\/www.gaveanews.com\/wp-content\/uploads\/Escudo-do-Santos-1.webp","type":"image\/webp"}],"author":"D\u00e9bora Figueiredo","twitter_card":"summary_large_image","twitter_misc":{"Escrito por":"D\u00e9bora Figueiredo","Est. tempo de leitura":"3 minutos"},"schema":{"@context":"https:\/\/schema.org","@graph":[{"@type":"NewsArticle","@id":"https:\/\/www.gaveanews.com\/index.php\/2024\/11\/21\/jogadores-do-santos-estao-insatisfeitos-com-a-diretoria\/#article","isPartOf":{"@id":"https:\/\/www.gaveanews.com\/index.php\/2024\/11\/21\/jogadores-do-santos-estao-insatisfeitos-com-a-diretoria\/"},"author":{"name":"D\u00e9bora Figueiredo","@id":"https:\/\/www.gaveanews.com\/#\/schema\/person\/37122681a8575a5c8db05a56f099a5e4"},"headline":"Jogadores do Santos est\u00e3o insatisfeitos com a diretoria","datePublished":"2024-11-21T22:25:00+00:00","mainEntityOfPage":{"@id":"https:\/\/www.gaveanews.com\/index.php\/2024\/11\/21\/jogadores-do-santos-estao-insatisfeitos-com-a-diretoria\/"},"wordCount":434,"commentCount":0,"image":{"@id":"https:\/\/www.gaveanews.com\/index.php\/2024\/11\/21\/jogadores-do-santos-estao-insatisfeitos-com-a-diretoria\/#primaryimage"},"thumbnailUrl":"https:\/\/www.gaveanews.com\/wp-content\/uploads\/Escudo-do-Santos-1.webp","articleSection":["Santos"],"inLanguage":"pt-BR","potentialAction":[{"@type":"CommentAction","name":"Comment","target":["https:\/\/www.gaveanews.com\/index.php\/2024\/11\/21\/jogadores-do-santos-estao-insatisfeitos-com-a-diretoria\/#respond"]}],"copyrightYear":"2024","copyrightHolder":{"@id":"https:\/\/www.gaveanews.com\/#organization"}},{"@type":"WebPage","@id":"https:\/\/www.gaveanews.com\/index.php\/2024\/11\/21\/jogadores-do-santos-estao-insatisfeitos-com-a-diretoria\/","url":"https:\/\/www.gaveanews.com\/index.php\/2024\/11\/21\/jogadores-do-santos-estao-insatisfeitos-com-a-diretoria\/","name":"Jogadores do Santos est\u00e3o insatisfeitos com a diretoria","isPartOf":{"@id":"https:\/\/www.gaveanews.com\/#website"},"primaryImageOfPage":{"@id":"https:\/\/www.gaveanews.com\/index.php\/2024\/11\/21\/jogadores-do-santos-estao-insatisfeitos-com-a-diretoria\/#primaryimage"},"image":{"@id":"https:\/\/www.gaveanews.com\/index.php\/2024\/11\/21\/jogadores-do-santos-estao-insatisfeitos-com-a-diretoria\/#primaryimage"},"thumbnailUrl":"https:\/\/www.gaveanews.com\/wp-content\/uploads\/Escudo-do-Santos-1.webp","datePublished":"2024-11-21T22:25:00+00:00","author":{"@id":"https:\/\/www.gaveanews.com\/#\/schema\/person\/37122681a8575a5c8db05a56f099a5e4"},"description":"Jogadores do Santos est\u00e3o insatisfeitos com a diretoria","breadcrumb":{"@id":"https:\/\/www.gaveanews.com\/index.php\/2024\/11\/21\/jogadores-do-santos-estao-insatisfeitos-com-a-diretoria\/#breadcrumb"},"inLanguage":"pt-BR","potentialAction":[{"@type":"ReadAction","target":["https:\/\/www.gaveanews.com\/index.php\/2024\/11\/21\/jogadores-do-santos-estao-insatisfeitos-com-a-diretoria\/"]}]},{"@type":"ImageObject","inLanguage":"pt-BR","@id":"https:\/\/www.gaveanews.com\/index.php\/2024\/11\/21\/jogadores-do-santos-estao-insatisfeitos-com-a-diretoria\/#primaryimage","url":"https:\/\/www.gaveanews.com\/wp-content\/uploads\/Escudo-do-Santos-1.webp","contentUrl":"https:\/\/www.gaveanews.com\/wp-content\/uploads\/Escudo-do-Santos-1.webp","width":1300,"height":1056,"caption":"Escudo do Santos (Foto: Reprodu\u00e7\u00e3o\/Instagram)"},{"@type":"BreadcrumbList","@id":"https:\/\/www.gaveanews.com\/index.php\/2024\/11\/21\/jogadores-do-santos-estao-insatisfeitos-com-a-diretoria\/#breadcrumb","itemListElement":[{"@type":"ListItem","position":1,"name":"Home","item":"https:\/\/www.gaveanews.com\/"},{"@type":"ListItem","position":2,"name":"Jogadores do Santos est\u00e3o insatisfeitos com a diretoria"}]},{"@type":"WebSite","@id":"https:\/\/www.gaveanews.com\/#website","url":"https:\/\/www.gaveanews.com\/","name":"G\u00e1vea News","description":"Veja todas as not\u00edcias sobre o Flamengo: Contrata\u00e7\u00f5es, categorias de base, resultados das partidas, tabela de classifica\u00e7\u00e3o, pr\u00f3ximos jogos!","potentialAction":[{"@type":"SearchAction","target":{"@type":"EntryPoint","urlTemplate":"https:\/\/www.gaveanews.com\/?s={search_term_string}"},"query-input":{"@type":"PropertyValueSpecification","valueRequired":true,"valueName":"search_term_string"}}],"inLanguage":"pt-BR"},{"@type":"Person","@id":"https:\/\/www.gaveanews.com\/#\/schema\/person\/37122681a8575a5c8db05a56f099a5e4","name":"D\u00e9bora Figueiredo","image":{"@type":"ImageObject","inLanguage":"pt-BR","@id":"https:\/\/www.gaveanews.com\/#\/schema\/person\/image\/","url":"https:\/\/secure.gravatar.com\/avatar\/1f44802859351588499d26f52aed1d15796ce17e67602895b72837c08018868d?s=96&d=mm&r=g","contentUrl":"https:\/\/secure.gravatar.com\/avatar\/1f44802859351588499d26f52aed1d15796ce17e67602895b72837c08018868d?s=96&d=mm&r=g","caption":"D\u00e9bora Figueiredo"}}]}},"_links":{"self":[{"href":"https:\/\/www.gaveanews.com\/index.php\/wp-json\/wp\/v2\/posts\/188553","targetHints":{"allow":["GET"]}}],"collection":[{"href":"https:\/\/www.gaveanews.com\/index.php\/wp-json\/wp\/v2\/posts"}],"about":[{"href":"https:\/\/www.gaveanews.com\/index.php\/wp-json\/wp\/v2\/types\/post"}],"author":[{"embeddable":true,"href":"https:\/\/www.gaveanews.com\/index.php\/wp-json\/wp\/v2\/users\/16"}],"replies":[{"embeddable":true,"href":"https:\/\/www.gaveanews.com\/index.php\/wp-json\/wp\/v2\/comments?post=188553"}],"version-history":[{"count":1,"href":"https:\/\/www.gaveanews.com\/index.php\/wp-json\/wp\/v2\/posts\/188553\/revisions"}],"predecessor-version":[{"id":188562,"href":"https:\/\/www.gaveanews.com\/index.php\/wp-json\/wp\/v2\/posts\/188553\/revisions\/188562"}],"wp:featuredmedia":[{"embeddable":true,"href":"https:\/\/www.gaveanews.com\/index.php\/wp-json\/wp\/v2\/media\/152156"}],"wp:attachment":[{"href":"https:\/\/www.gaveanews.com\/index.php\/wp-json\/wp\/v2\/media?parent=188553"}],"wp:term":[{"taxonomy":"category","embeddable":true,"href":"https:\/\/www.gaveanews.com\/index.php\/wp-json\/wp\/v2\/categories?post=188553"},{"taxonomy":"post_tag","embeddable":true,"href":"https:\/\/www.gaveanews.com\/index.php\/wp-json\/wp\/v2\/tags?post=188553"}],"curies":[{"name":"wp","href":"https:\/\/api.w.org\/{rel}","templated":true}]}}