{"id":188776,"date":"2024-11-22T11:10:00","date_gmt":"2024-11-22T14:10:00","guid":{"rendered":"https:\/\/www.gaveanews.com\/?p=188776"},"modified":"2024-11-22T10:57:52","modified_gmt":"2024-11-22T13:57:52","slug":"a-declaracao-de-hulkenberg-direcionada-a-gabriel-bortoleto","status":"publish","type":"post","link":"https:\/\/www.gaveanews.com\/index.php\/2024\/11\/22\/a-declaracao-de-hulkenberg-direcionada-a-gabriel-bortoleto\/","title":{"rendered":"A declara\u00e7\u00e3o de H\u00fclkenberg direcionada a Gabriel Bortoleto"},"content":{"rendered":"\n<h2 class=\"wp-block-heading\" id=\"h-hulkenberg-comenta-chegada-de-gabriel-bortoleto-a-sauber-e-diferenca-de-idade-entre-os-dois\">H\u00fclkenberg comenta chegada de Gabriel Bortoleto \u00e0 Sauber e diferen\u00e7a de idade entre os dois<\/h2>\n\n\n\n<p>Nico H\u00fclkenberg falou pela primeira vez sobre Gabriel Bortoleto como seu novo companheiro na Sauber para a temporada de 2025 da F\u00f3rmula 1. Em coletiva de imprensa em Las Vegas, o alem\u00e3o, de 37 anos, destacou a diferen\u00e7a de 17 anos entre ele e Bortoleto, que ser\u00e1 o piloto mais jovem da equipe.<\/p>\n\n\n\n<ul class=\"wp-block-list\">\n<li><a href=\"https:\/\/www.gaveanews.com\/index.php\/2024\/08\/22\/restricao-da-fia-prejudicou-bastante-a-red-bull-na-f1\/\">Restri\u00e7\u00e3o da FIA prejudicou bastante a Red Bull na F1<\/a><\/li>\n\n\n\n<li><a href=\"https:\/\/www.gaveanews.com\/index.php\/2024\/10\/24\/a-declaracao-da-mercedes-direcionada-a-verstappen\/\">A declara\u00e7\u00e3o da Mercedes direcionada a Verstappen<\/a><\/li>\n<\/ul>\n\n\n\n<p>H\u00fclkenberg admitiu que conhece pouco sobre a carreira do brasileiro, mas elogiou os feitos de Bortoleto nas categorias de base.<\/p>\n\n\n\n<p>\u201cAinda n\u00e3o tive a oportunidade de conviver ou conversar com ele. Tamb\u00e9m n\u00e3o vi nenhum dado espec\u00edfico, mas sei que ele conquistou o t\u00edtulo da F\u00f3rmula 3 no seu primeiro ano e est\u00e1 liderando a F\u00f3rmula 2 atualmente. Ent\u00e3o, parece que ele est\u00e1 aprendendo rapidamente e se adaptando bem. Tenho certeza de que ele sabe como pilotar\u201d, afirmou.<\/p>\n\n\n\n<p>O contraste de idade entre os dois pilotos foi comparado \u00e0 situa\u00e7\u00e3o vivida por H\u00fclkenberg com Rubens Barrichello na Williams, em 2010. Naquela \u00e9poca, Barrichello era 20 anos mais velho que Nico.<\/p>\n\n\n\n<figure class=\"wp-block-embed is-type-photo is-provider-flickr wp-block-embed-flickr\"><div class=\"wp-block-embed__wrapper\">\n<a href=\"https:\/\/www.flickr.com\/photos\/201155970@N03\/54112478193\/in\/dateposted-public\/\"><img loading=\"lazy\" decoding=\"async\" src=\"https:\/\/live.staticflickr.com\/65535\/54112478193_e61a0cf735_z.webp\" alt=\"imagem_2024-11-02_165417539\" width=\"640\" height=\"426\" \/><\/a>\n<\/div><\/figure>\n\n\n\n<p>\u201cSim, de fora parece uma boa combina\u00e7\u00e3o. \u00c9 uma grande diferen\u00e7a, mas n\u00e3o \u00e9 t\u00e3o extremo. Entre mim e Rubens, foram 20 anos. \u00c9 um pouco menos, mas \u00e9 uma situa\u00e7\u00e3o semelhante\u201d, comentou o alem\u00e3o.<\/p>\n\n\n\n<p>Para a temporada de 2025, a Sauber aposta na mistura de experi\u00eancia e juventude. H\u00fclkenberg, consolidado na F\u00f3rmula 1, reconheceu que ser\u00e1 necess\u00e1rio adaptar a din\u00e2mica dentro da equipe com a chegada do jovem brasileiro. Apesar de n\u00e3o conhecer profundamente a trajet\u00f3ria de Bortoleto, o alem\u00e3o mostrou-se aberto e respeitoso com o novo companheiro.<\/p>\n\n\n\n<p>A dupla enfrentar\u00e1 desafios distintos na equipe su\u00ed\u00e7a. Enquanto H\u00fclkenberg precisar\u00e1 ajustar sua experi\u00eancia ao novo momento do time, Bortoleto entra com a motiva\u00e7\u00e3o de provar seu talento no principal cen\u00e1rio do automobilismo mundial. H\u00fclkenberg tamb\u00e9m mencionou a import\u00e2ncia da prepara\u00e7\u00e3o para a temporada e as expectativas de adapta\u00e7\u00e3o m\u00fatua na equipe.<\/p>\n","protected":false},"excerpt":{"rendered":"<p>H\u00fclkenberg comenta chegada de Gabriel Bortoleto \u00e0 Sauber e diferen\u00e7a de idade entre os dois Nico H\u00fclkenberg falou pela primeira vez sobre Gabriel Bortoleto como seu novo companheiro na Sauber para a temporada de 2025 da F\u00f3rmula 1. Em coletiva de imprensa em Las Vegas, o alem\u00e3o, de 37 anos, destacou a diferen\u00e7a de 17 [&hellip;]<\/p>\n","protected":false},"author":20,"featured_media":121650,"comment_status":"open","ping_status":"closed","sticky":false,"template":"","format":"standard","meta":{"footnotes":""},"categories":[451],"tags":[],"class_list":["post-188776","post","type-post","status-publish","format-standard","has-post-thumbnail","hentry","category-f1"],"yoast_head":"<!-- This site is optimized with the Yoast SEO Premium plugin v24.2 (Yoast SEO v26.9) - https:\/\/yoast.com\/product\/yoast-seo-premium-wordpress\/ -->\n<title>A declara\u00e7\u00e3o de H\u00fclkenberg direcionada a Gabriel Bortoleto<\/title>\n<meta name=\"robots\" content=\"index, follow, max-snippet:-1, max-image-preview:large, max-video-preview:-1\" \/>\n<link rel=\"canonical\" href=\"https:\/\/www.gaveanews.com\/index.php\/2024\/11\/22\/a-declaracao-de-hulkenberg-direcionada-a-gabriel-bortoleto\/\" \/>\n<meta property=\"og:locale\" content=\"pt_BR\" \/>\n<meta property=\"og:type\" content=\"article\" \/>\n<meta property=\"og:title\" content=\"A declara\u00e7\u00e3o de H\u00fclkenberg direcionada a Gabriel Bortoleto\" \/>\n<meta property=\"og:description\" content=\"H\u00fclkenberg comenta chegada de Gabriel Bortoleto \u00e0 Sauber e diferen\u00e7a de idade entre os dois Nico H\u00fclkenberg falou pela primeira vez sobre Gabriel Bortoleto como seu novo companheiro na Sauber para a temporada de 2025 da F\u00f3rmula 1. Em coletiva de imprensa em Las Vegas, o alem\u00e3o, de 37 anos, destacou a diferen\u00e7a de 17 [&hellip;]\" \/>\n<meta property=\"og:url\" content=\"https:\/\/www.gaveanews.com\/index.php\/2024\/11\/22\/a-declaracao-de-hulkenberg-direcionada-a-gabriel-bortoleto\/\" \/>\n<meta property=\"og:site_name\" content=\"G\u00e1vea News\" \/>\n<meta property=\"article:publisher\" content=\"https:\/\/facebook.com\/gaveaNews\/\" \/>\n<meta property=\"article:published_time\" content=\"2024-11-22T14:10:00+00:00\" \/>\n<meta property=\"og:image\" content=\"https:\/\/www.gaveanews.com\/wp-content\/uploads\/f1.webp\" \/>\n\t<meta property=\"og:image:width\" content=\"1280\" \/>\n\t<meta property=\"og:image:height\" content=\"720\" \/>\n\t<meta property=\"og:image:type\" content=\"image\/webp\" \/>\n<meta name=\"author\" content=\"Lucas Barros\" \/>\n<meta name=\"twitter:card\" content=\"summary_large_image\" \/>\n<meta name=\"twitter:label1\" content=\"Escrito por\" \/>\n\t<meta name=\"twitter:data1\" content=\"Lucas Barros\" \/>\n\t<meta name=\"twitter:label2\" content=\"Est. tempo de leitura\" \/>\n\t<meta name=\"twitter:data2\" content=\"3 minutos\" \/>\n<script type=\"application\/ld+json\" class=\"yoast-schema-graph\">{\"@context\":\"https:\/\/schema.org\",\"@graph\":[{\"@type\":\"NewsArticle\",\"@id\":\"https:\/\/www.gaveanews.com\/index.php\/2024\/11\/22\/a-declaracao-de-hulkenberg-direcionada-a-gabriel-bortoleto\/#article\",\"isPartOf\":{\"@id\":\"https:\/\/www.gaveanews.com\/index.php\/2024\/11\/22\/a-declaracao-de-hulkenberg-direcionada-a-gabriel-bortoleto\/\"},\"author\":{\"name\":\"Lucas Barros\",\"@id\":\"https:\/\/www.gaveanews.com\/#\/schema\/person\/2abf0cfa878f5f899daa5f781e82264c\"},\"headline\":\"A declara\u00e7\u00e3o de H\u00fclkenberg direcionada a Gabriel Bortoleto\",\"datePublished\":\"2024-11-22T14:10:00+00:00\",\"mainEntityOfPage\":{\"@id\":\"https:\/\/www.gaveanews.com\/index.php\/2024\/11\/22\/a-declaracao-de-hulkenberg-direcionada-a-gabriel-bortoleto\/\"},\"wordCount\":381,\"commentCount\":0,\"image\":{\"@id\":\"https:\/\/www.gaveanews.com\/index.php\/2024\/11\/22\/a-declaracao-de-hulkenberg-direcionada-a-gabriel-bortoleto\/#primaryimage\"},\"thumbnailUrl\":\"https:\/\/www.gaveanews.com\/wp-content\/uploads\/f1.webp\",\"articleSection\":[\"F1\"],\"inLanguage\":\"pt-BR\",\"potentialAction\":[{\"@type\":\"CommentAction\",\"name\":\"Comment\",\"target\":[\"https:\/\/www.gaveanews.com\/index.php\/2024\/11\/22\/a-declaracao-de-hulkenberg-direcionada-a-gabriel-bortoleto\/#respond\"]}],\"copyrightYear\":\"2024\",\"copyrightHolder\":{\"@id\":\"https:\/\/www.gaveanews.com\/#organization\"}},{\"@type\":\"WebPage\",\"@id\":\"https:\/\/www.gaveanews.com\/index.php\/2024\/11\/22\/a-declaracao-de-hulkenberg-direcionada-a-gabriel-bortoleto\/\",\"url\":\"https:\/\/www.gaveanews.com\/index.php\/2024\/11\/22\/a-declaracao-de-hulkenberg-direcionada-a-gabriel-bortoleto\/\",\"name\":\"A declara\u00e7\u00e3o de H\u00fclkenberg direcionada a Gabriel Bortoleto\",\"isPartOf\":{\"@id\":\"https:\/\/www.gaveanews.com\/#website\"},\"primaryImageOfPage\":{\"@id\":\"https:\/\/www.gaveanews.com\/index.php\/2024\/11\/22\/a-declaracao-de-hulkenberg-direcionada-a-gabriel-bortoleto\/#primaryimage\"},\"image\":{\"@id\":\"https:\/\/www.gaveanews.com\/index.php\/2024\/11\/22\/a-declaracao-de-hulkenberg-direcionada-a-gabriel-bortoleto\/#primaryimage\"},\"thumbnailUrl\":\"https:\/\/www.gaveanews.com\/wp-content\/uploads\/f1.webp\",\"datePublished\":\"2024-11-22T14:10:00+00:00\",\"author\":{\"@id\":\"https:\/\/www.gaveanews.com\/#\/schema\/person\/2abf0cfa878f5f899daa5f781e82264c\"},\"breadcrumb\":{\"@id\":\"https:\/\/www.gaveanews.com\/index.php\/2024\/11\/22\/a-declaracao-de-hulkenberg-direcionada-a-gabriel-bortoleto\/#breadcrumb\"},\"inLanguage\":\"pt-BR\",\"potentialAction\":[{\"@type\":\"ReadAction\",\"target\":[\"https:\/\/www.gaveanews.com\/index.php\/2024\/11\/22\/a-declaracao-de-hulkenberg-direcionada-a-gabriel-bortoleto\/\"]}]},{\"@type\":\"ImageObject\",\"inLanguage\":\"pt-BR\",\"@id\":\"https:\/\/www.gaveanews.com\/index.php\/2024\/11\/22\/a-declaracao-de-hulkenberg-direcionada-a-gabriel-bortoleto\/#primaryimage\",\"url\":\"https:\/\/www.gaveanews.com\/wp-content\/uploads\/f1.webp\",\"contentUrl\":\"https:\/\/www.gaveanews.com\/wp-content\/uploads\/f1.webp\",\"width\":1280,\"height\":720,\"caption\":\"Logo da Formula 1 (Foto: Reprodu\u00e7\u00e3o)\"},{\"@type\":\"BreadcrumbList\",\"@id\":\"https:\/\/www.gaveanews.com\/index.php\/2024\/11\/22\/a-declaracao-de-hulkenberg-direcionada-a-gabriel-bortoleto\/#breadcrumb\",\"itemListElement\":[{\"@type\":\"ListItem\",\"position\":1,\"name\":\"Home\",\"item\":\"https:\/\/www.gaveanews.com\/\"},{\"@type\":\"ListItem\",\"position\":2,\"name\":\"A declara\u00e7\u00e3o de H\u00fclkenberg direcionada a Gabriel Bortoleto\"}]},{\"@type\":\"WebSite\",\"@id\":\"https:\/\/www.gaveanews.com\/#website\",\"url\":\"https:\/\/www.gaveanews.com\/\",\"name\":\"G\u00e1vea News\",\"description\":\"Veja todas as not\u00edcias sobre o Flamengo: Contrata\u00e7\u00f5es, categorias de base, resultados das partidas, tabela de classifica\u00e7\u00e3o, pr\u00f3ximos jogos!\",\"potentialAction\":[{\"@type\":\"SearchAction\",\"target\":{\"@type\":\"EntryPoint\",\"urlTemplate\":\"https:\/\/www.gaveanews.com\/?s={search_term_string}\"},\"query-input\":{\"@type\":\"PropertyValueSpecification\",\"valueRequired\":true,\"valueName\":\"search_term_string\"}}],\"inLanguage\":\"pt-BR\"},{\"@type\":\"Person\",\"@id\":\"https:\/\/www.gaveanews.com\/#\/schema\/person\/2abf0cfa878f5f899daa5f781e82264c\",\"name\":\"Lucas Barros\",\"image\":{\"@type\":\"ImageObject\",\"inLanguage\":\"pt-BR\",\"@id\":\"https:\/\/www.gaveanews.com\/#\/schema\/person\/image\/\",\"url\":\"https:\/\/secure.gravatar.com\/avatar\/67a6069eba66bf6fd7c80b70e1331baa3dbc3d6df5012d5c22eff29c7d59e0b0?s=96&d=mm&r=g\",\"contentUrl\":\"https:\/\/secure.gravatar.com\/avatar\/67a6069eba66bf6fd7c80b70e1331baa3dbc3d6df5012d5c22eff29c7d59e0b0?s=96&d=mm&r=g\",\"caption\":\"Lucas Barros\"}}]}<\/script>\n<!-- \/ Yoast SEO Premium plugin. -->","yoast_head_json":{"title":"A declara\u00e7\u00e3o de H\u00fclkenberg direcionada a Gabriel Bortoleto","robots":{"index":"index","follow":"follow","max-snippet":"max-snippet:-1","max-image-preview":"max-image-preview:large","max-video-preview":"max-video-preview:-1"},"canonical":"https:\/\/www.gaveanews.com\/index.php\/2024\/11\/22\/a-declaracao-de-hulkenberg-direcionada-a-gabriel-bortoleto\/","og_locale":"pt_BR","og_type":"article","og_title":"A declara\u00e7\u00e3o de H\u00fclkenberg direcionada a Gabriel Bortoleto","og_description":"H\u00fclkenberg comenta chegada de Gabriel Bortoleto \u00e0 Sauber e diferen\u00e7a de idade entre os dois Nico H\u00fclkenberg falou pela primeira vez sobre Gabriel Bortoleto como seu novo companheiro na Sauber para a temporada de 2025 da F\u00f3rmula 1. Em coletiva de imprensa em Las Vegas, o alem\u00e3o, de 37 anos, destacou a diferen\u00e7a de 17 [&hellip;]","og_url":"https:\/\/www.gaveanews.com\/index.php\/2024\/11\/22\/a-declaracao-de-hulkenberg-direcionada-a-gabriel-bortoleto\/","og_site_name":"G\u00e1vea News","article_publisher":"https:\/\/facebook.com\/gaveaNews\/","article_published_time":"2024-11-22T14:10:00+00:00","og_image":[{"width":1280,"height":720,"url":"https:\/\/www.gaveanews.com\/wp-content\/uploads\/f1.webp","type":"image\/webp"}],"author":"Lucas Barros","twitter_card":"summary_large_image","twitter_misc":{"Escrito por":"Lucas Barros","Est. tempo de leitura":"3 minutos"},"schema":{"@context":"https:\/\/schema.org","@graph":[{"@type":"NewsArticle","@id":"https:\/\/www.gaveanews.com\/index.php\/2024\/11\/22\/a-declaracao-de-hulkenberg-direcionada-a-gabriel-bortoleto\/#article","isPartOf":{"@id":"https:\/\/www.gaveanews.com\/index.php\/2024\/11\/22\/a-declaracao-de-hulkenberg-direcionada-a-gabriel-bortoleto\/"},"author":{"name":"Lucas Barros","@id":"https:\/\/www.gaveanews.com\/#\/schema\/person\/2abf0cfa878f5f899daa5f781e82264c"},"headline":"A declara\u00e7\u00e3o de H\u00fclkenberg direcionada a Gabriel Bortoleto","datePublished":"2024-11-22T14:10:00+00:00","mainEntityOfPage":{"@id":"https:\/\/www.gaveanews.com\/index.php\/2024\/11\/22\/a-declaracao-de-hulkenberg-direcionada-a-gabriel-bortoleto\/"},"wordCount":381,"commentCount":0,"image":{"@id":"https:\/\/www.gaveanews.com\/index.php\/2024\/11\/22\/a-declaracao-de-hulkenberg-direcionada-a-gabriel-bortoleto\/#primaryimage"},"thumbnailUrl":"https:\/\/www.gaveanews.com\/wp-content\/uploads\/f1.webp","articleSection":["F1"],"inLanguage":"pt-BR","potentialAction":[{"@type":"CommentAction","name":"Comment","target":["https:\/\/www.gaveanews.com\/index.php\/2024\/11\/22\/a-declaracao-de-hulkenberg-direcionada-a-gabriel-bortoleto\/#respond"]}],"copyrightYear":"2024","copyrightHolder":{"@id":"https:\/\/www.gaveanews.com\/#organization"}},{"@type":"WebPage","@id":"https:\/\/www.gaveanews.com\/index.php\/2024\/11\/22\/a-declaracao-de-hulkenberg-direcionada-a-gabriel-bortoleto\/","url":"https:\/\/www.gaveanews.com\/index.php\/2024\/11\/22\/a-declaracao-de-hulkenberg-direcionada-a-gabriel-bortoleto\/","name":"A declara\u00e7\u00e3o de H\u00fclkenberg direcionada a Gabriel Bortoleto","isPartOf":{"@id":"https:\/\/www.gaveanews.com\/#website"},"primaryImageOfPage":{"@id":"https:\/\/www.gaveanews.com\/index.php\/2024\/11\/22\/a-declaracao-de-hulkenberg-direcionada-a-gabriel-bortoleto\/#primaryimage"},"image":{"@id":"https:\/\/www.gaveanews.com\/index.php\/2024\/11\/22\/a-declaracao-de-hulkenberg-direcionada-a-gabriel-bortoleto\/#primaryimage"},"thumbnailUrl":"https:\/\/www.gaveanews.com\/wp-content\/uploads\/f1.webp","datePublished":"2024-11-22T14:10:00+00:00","author":{"@id":"https:\/\/www.gaveanews.com\/#\/schema\/person\/2abf0cfa878f5f899daa5f781e82264c"},"breadcrumb":{"@id":"https:\/\/www.gaveanews.com\/index.php\/2024\/11\/22\/a-declaracao-de-hulkenberg-direcionada-a-gabriel-bortoleto\/#breadcrumb"},"inLanguage":"pt-BR","potentialAction":[{"@type":"ReadAction","target":["https:\/\/www.gaveanews.com\/index.php\/2024\/11\/22\/a-declaracao-de-hulkenberg-direcionada-a-gabriel-bortoleto\/"]}]},{"@type":"ImageObject","inLanguage":"pt-BR","@id":"https:\/\/www.gaveanews.com\/index.php\/2024\/11\/22\/a-declaracao-de-hulkenberg-direcionada-a-gabriel-bortoleto\/#primaryimage","url":"https:\/\/www.gaveanews.com\/wp-content\/uploads\/f1.webp","contentUrl":"https:\/\/www.gaveanews.com\/wp-content\/uploads\/f1.webp","width":1280,"height":720,"caption":"Logo da Formula 1 (Foto: Reprodu\u00e7\u00e3o)"},{"@type":"BreadcrumbList","@id":"https:\/\/www.gaveanews.com\/index.php\/2024\/11\/22\/a-declaracao-de-hulkenberg-direcionada-a-gabriel-bortoleto\/#breadcrumb","itemListElement":[{"@type":"ListItem","position":1,"name":"Home","item":"https:\/\/www.gaveanews.com\/"},{"@type":"ListItem","position":2,"name":"A declara\u00e7\u00e3o de H\u00fclkenberg direcionada a Gabriel Bortoleto"}]},{"@type":"WebSite","@id":"https:\/\/www.gaveanews.com\/#website","url":"https:\/\/www.gaveanews.com\/","name":"G\u00e1vea News","description":"Veja todas as not\u00edcias sobre o Flamengo: Contrata\u00e7\u00f5es, categorias de base, resultados das partidas, tabela de classifica\u00e7\u00e3o, pr\u00f3ximos jogos!","potentialAction":[{"@type":"SearchAction","target":{"@type":"EntryPoint","urlTemplate":"https:\/\/www.gaveanews.com\/?s={search_term_string}"},"query-input":{"@type":"PropertyValueSpecification","valueRequired":true,"valueName":"search_term_string"}}],"inLanguage":"pt-BR"},{"@type":"Person","@id":"https:\/\/www.gaveanews.com\/#\/schema\/person\/2abf0cfa878f5f899daa5f781e82264c","name":"Lucas Barros","image":{"@type":"ImageObject","inLanguage":"pt-BR","@id":"https:\/\/www.gaveanews.com\/#\/schema\/person\/image\/","url":"https:\/\/secure.gravatar.com\/avatar\/67a6069eba66bf6fd7c80b70e1331baa3dbc3d6df5012d5c22eff29c7d59e0b0?s=96&d=mm&r=g","contentUrl":"https:\/\/secure.gravatar.com\/avatar\/67a6069eba66bf6fd7c80b70e1331baa3dbc3d6df5012d5c22eff29c7d59e0b0?s=96&d=mm&r=g","caption":"Lucas Barros"}}]}},"_links":{"self":[{"href":"https:\/\/www.gaveanews.com\/index.php\/wp-json\/wp\/v2\/posts\/188776","targetHints":{"allow":["GET"]}}],"collection":[{"href":"https:\/\/www.gaveanews.com\/index.php\/wp-json\/wp\/v2\/posts"}],"about":[{"href":"https:\/\/www.gaveanews.com\/index.php\/wp-json\/wp\/v2\/types\/post"}],"author":[{"embeddable":true,"href":"https:\/\/www.gaveanews.com\/index.php\/wp-json\/wp\/v2\/users\/20"}],"replies":[{"embeddable":true,"href":"https:\/\/www.gaveanews.com\/index.php\/wp-json\/wp\/v2\/comments?post=188776"}],"version-history":[{"count":2,"href":"https:\/\/www.gaveanews.com\/index.php\/wp-json\/wp\/v2\/posts\/188776\/revisions"}],"predecessor-version":[{"id":188951,"href":"https:\/\/www.gaveanews.com\/index.php\/wp-json\/wp\/v2\/posts\/188776\/revisions\/188951"}],"wp:featuredmedia":[{"embeddable":true,"href":"https:\/\/www.gaveanews.com\/index.php\/wp-json\/wp\/v2\/media\/121650"}],"wp:attachment":[{"href":"https:\/\/www.gaveanews.com\/index.php\/wp-json\/wp\/v2\/media?parent=188776"}],"wp:term":[{"taxonomy":"category","embeddable":true,"href":"https:\/\/www.gaveanews.com\/index.php\/wp-json\/wp\/v2\/categories?post=188776"},{"taxonomy":"post_tag","embeddable":true,"href":"https:\/\/www.gaveanews.com\/index.php\/wp-json\/wp\/v2\/tags?post=188776"}],"curies":[{"name":"wp","href":"https:\/\/api.w.org\/{rel}","templated":true}]}}