{"id":188824,"date":"2024-11-22T06:00:00","date_gmt":"2024-11-22T09:00:00","guid":{"rendered":"https:\/\/www.gaveanews.com\/?p=188824"},"modified":"2024-11-22T00:59:53","modified_gmt":"2024-11-22T03:59:53","slug":"despedida-do-gabigol-valor-de-naming-rights-e-homenagem-para-diego-ribas-as-ultimas-noticias-do-flamengo","status":"publish","type":"post","link":"https:\/\/www.gaveanews.com\/index.php\/2024\/11\/22\/despedida-do-gabigol-valor-de-naming-rights-e-homenagem-para-diego-ribas-as-ultimas-noticias-do-flamengo\/","title":{"rendered":"Despedida do Gabigol, valor de Naming Rights e homenagem para Diego Ribas: as \u00faltimas not\u00edcias do Flamengo"},"content":{"rendered":"\n<p>Nas \u00faltimas horas, o foco das not\u00edcias sobre o Flamengo se concentram nos bastidores do clube, com destaques como a despedida de Gabigol e a homenagem para Diego Ribas.<\/p>\n\n\n\n<p>Por conta deste contexto, leia abaixo um resumo preparado pela equipe do portal G\u00e1vea News para lhe manter muito bem informado!<\/p>\n\n\n\n<h2 class=\"wp-block-heading\" id=\"h-homenagem-para-diego-ribas\">Homenagem para Diego Ribas<\/h2>\n\n\n\n<p>Diego Ribas, ex-meia do Flamengo e \u00eddolo do Werder Bremen, ser\u00e1 homenageado pelo clube alem\u00e3o em um jogo de despedida marcado para 22 de mar\u00e7o de 2025, no Weserstadion. A cerim\u00f4nia celebra sua passagem marcante pelo Werder, onde conquistou t\u00edtulos como a Copa da Liga da Alemanha (2007) e a Copa da Alemanha (2009), al\u00e9m de ser eleito o melhor meio-campista da Bundesliga em sua \u00faltima temporada no clube.<strong><a href=\"https:\/\/www.gaveanews.com\/index.php\/2024\/11\/21\/diego-ribas-ira-receber-homenagem-na-europa\/\"> (leia a mat\u00e9ria completa)<\/a><\/strong><\/p>\n\n\n\n<figure class=\"wp-block-image size-full\"><img loading=\"lazy\" decoding=\"async\" width=\"1000\" height=\"666\" src=\"https:\/\/www.gaveanews.com\/wp-content\/uploads\/Diego-Ribas-concede-entrevista-coletiva-no-Ninho-do-Urubu.webp\" alt=\"\" class=\"wp-image-84964\" srcset=\"https:\/\/www.gaveanews.com\/wp-content\/uploads\/Diego-Ribas-concede-entrevista-coletiva-no-Ninho-do-Urubu.webp 1000w, https:\/\/www.gaveanews.com\/wp-content\/uploads\/Diego-Ribas-concede-entrevista-coletiva-no-Ninho-do-Urubu-300x200.webp 300w, https:\/\/www.gaveanews.com\/wp-content\/uploads\/Diego-Ribas-concede-entrevista-coletiva-no-Ninho-do-Urubu-768x511.webp 768w, https:\/\/www.gaveanews.com\/wp-content\/uploads\/Diego-Ribas-concede-entrevista-coletiva-no-Ninho-do-Urubu-631x420.webp 631w, https:\/\/www.gaveanews.com\/wp-content\/uploads\/Diego-Ribas-concede-entrevista-coletiva-no-Ninho-do-Urubu-640x426.webp 640w, https:\/\/www.gaveanews.com\/wp-content\/uploads\/Diego-Ribas-concede-entrevista-coletiva-no-Ninho-do-Urubu-681x454.webp 681w, https:\/\/www.gaveanews.com\/wp-content\/uploads\/Diego-Ribas-concede-entrevista-coletiva-no-Ninho-do-Urubu-100x67.webp 100w\" sizes=\"auto, (max-width: 1000px) 100vw, 1000px\" \/><figcaption class=\"wp-element-caption\">Diego Ribas concede entrevista coletiva no Ninho do Urubu (Foto: Marcelo Cortes\/Flamengo)<\/figcaption><\/figure>\n\n\n\n<p>Durante sua passagem pelo Werder Bremen, Diego acumulou 132 jogos, 54 gols e 42 assist\u00eancias, sendo pe\u00e7a-chave em conquistas e momentos hist\u00f3ricos, como o vice-campeonato da Bundesliga em 2007\/08 e o vice da Copa da Uefa em 2008\/09. <\/p>\n\n\n\n<p>Sua assist\u00eancia na final da Copa da Alemanha de 2009, para o gol decisivo de Mesut \u00d6zil, consolidou sua import\u00e2ncia no clube.<\/p>\n\n\n\n<p>A homenagem reflete a rela\u00e7\u00e3o especial entre Diego e o Werder Bremen, que v\u00ea no ex-jogador um s\u00edmbolo de uma era de sucesso. A torcida alem\u00e3 aguarda ansiosa por esse reencontro, que celebra uma carreira brilhante e refor\u00e7a o carinho m\u00fatuo entre o atleta e o clube.<\/p>\n\n\n\n<h2 class=\"wp-block-heading\" id=\"h-valor-de-naming-rights\">Valor de Naming Rights<\/h2>\n\n\n\n<p>O Flamengo projeta arrecadar at\u00e9 R$ 1,47 bilh\u00e3o em 20 anos com os Naming Rights de seu futuro est\u00e1dio, que ser\u00e1 constru\u00eddo no terreno do Gas\u00f4metro. A comercializa\u00e7\u00e3o do nome do est\u00e1dio \u00e9 uma das principais estrat\u00e9gias financeiras para viabilizar a obra e manter a competitividade esportiva do clube. O c\u00e1lculo \u00e9 baseado em uma propor\u00e7\u00e3o entre contratos similares e o patroc\u00ednio m\u00e1ster projetado para 2025, estimado em R$ 115 milh\u00f5es, com uma receita anual de at\u00e9 R$ 80,5 milh\u00f5es (leia a mat\u00e9ria completa).<\/p>\n\n\n\n<figure class=\"wp-block-image size-full\"><img loading=\"lazy\" decoding=\"async\" width=\"1000\" height=\"562\" src=\"https:\/\/www.gaveanews.com\/wp-content\/uploads\/Estadio-do-Flamengo-Projeto.webp\" alt=\"\" class=\"wp-image-149081\" srcset=\"https:\/\/www.gaveanews.com\/wp-content\/uploads\/Estadio-do-Flamengo-Projeto.webp 1000w, https:\/\/www.gaveanews.com\/wp-content\/uploads\/Estadio-do-Flamengo-Projeto-300x169.webp 300w, https:\/\/www.gaveanews.com\/wp-content\/uploads\/Estadio-do-Flamengo-Projeto-768x432.webp 768w, https:\/\/www.gaveanews.com\/wp-content\/uploads\/Estadio-do-Flamengo-Projeto-747x420.webp 747w, https:\/\/www.gaveanews.com\/wp-content\/uploads\/Estadio-do-Flamengo-Projeto-640x360.webp 640w, https:\/\/www.gaveanews.com\/wp-content\/uploads\/Estadio-do-Flamengo-Projeto-681x383.webp 681w, https:\/\/www.gaveanews.com\/wp-content\/uploads\/Estadio-do-Flamengo-Projeto-100x56.webp 100w\" sizes=\"auto, (max-width: 1000px) 100vw, 1000px\" \/><figcaption class=\"wp-element-caption\">Est\u00e1dio do Flamengo (Foto: Divulga\u00e7\u00e3o)<\/figcaption><\/figure>\n\n\n\n<p>Al\u00e9m dos Naming Rights, o clube tamb\u00e9m planeja explorar outras exclusividades comerciais, como os Pouring Rights, que garantem exclusividade na venda de bebidas no est\u00e1dio. Essas iniciativas refor\u00e7am a viabilidade econ\u00f4mica do projeto, cuja conclus\u00e3o est\u00e1 prevista para os pr\u00f3ximos anos.<\/p>\n\n\n\n<p>Apesar do otimismo, a diretoria reconhece os altos custos envolvidos e a necessidade de equilibrar finan\u00e7as e desempenho esportivo. O planejamento financeiro detalhado busca assegurar que o est\u00e1dio n\u00e3o comprometa os investimentos no time, mantendo o Flamengo competitivo no cen\u00e1rio nacional e internacional.<\/p>\n\n\n\n<h2 class=\"wp-block-heading\" id=\"h-despedida-do-gabigol\">Despedida do Gabigol<\/h2>\n\n\n\n<p>Marcos Braz, vice-presidente de futebol do Flamengo, confirmou os planos para a despedida de Gabigol, que ocorrer\u00e1 at\u00e9 o final de 2024, quando seu contrato se encerra. Gabigol deixar\u00e1 o clube ap\u00f3s 304 partidas, 160 gols e 13 t\u00edtulos, consolidando-se como um dos maiores \u00eddolos da hist\u00f3ria rubro-negra. O atacante ter\u00e1 seus dois \u00faltimos jogos no Maracan\u00e3, contra Internacional (1\u00ba de dezembro) e Vit\u00f3ria (8 de dezembro), marcados como ocasi\u00f5es especiais para sua despedida.<strong><a href=\"https:\/\/www.gaveanews.com\/index.php\/2024\/11\/21\/a-declaracao-de-marcos-braz-sobre-a-despedida-de-gabigol\/\"> (leia a mat\u00e9ria completa)<\/a><\/strong><\/p>\n\n\n\n<figure class=\"wp-block-image size-full\"><img loading=\"lazy\" decoding=\"async\" width=\"640\" height=\"400\" src=\"https:\/\/www.gaveanews.com\/wp-content\/uploads\/gabigol-flamengo-atacante-x-amazonas-maracana-copa-do-brasil.webp\" alt=\"\" class=\"wp-image-143806\" srcset=\"https:\/\/www.gaveanews.com\/wp-content\/uploads\/gabigol-flamengo-atacante-x-amazonas-maracana-copa-do-brasil.webp 640w, https:\/\/www.gaveanews.com\/wp-content\/uploads\/gabigol-flamengo-atacante-x-amazonas-maracana-copa-do-brasil-300x188.webp 300w, https:\/\/www.gaveanews.com\/wp-content\/uploads\/gabigol-flamengo-atacante-x-amazonas-maracana-copa-do-brasil-100x63.webp 100w\" sizes=\"auto, (max-width: 640px) 100vw, 640px\" \/><figcaption class=\"wp-element-caption\">Foto: Marcelo Cortes \/ Flamengo<\/figcaption><\/figure>\n\n\n\n<p>Mesmo afastado recentemente por atos de indisciplina, Gabigol retornar\u00e1 para o jogo contra o Fortaleza no dia 26 de novembro, podendo participar de mais algumas partidas antes de se despedir oficialmente. Marcos Braz destacou a import\u00e2ncia de Gabigol na hist\u00f3ria recente do Flamengo, afirmando que sua trajet\u00f3ria no clube \u00e9 &#8220;uma hist\u00f3ria de Cinderela, de final feliz&#8221;.<\/p>\n\n\n\n<p>A despedida promete ser uma celebra\u00e7\u00e3o \u00e0 altura do impacto de Gabigol no Flamengo, refletindo sua contribui\u00e7\u00e3o nos anos mais vitoriosos do clube. A diretoria prepara homenagens que simbolizem a conex\u00e3o especial entre o jogador e a torcida, encerrando sua passagem com gratid\u00e3o e reconhecimento.<\/p>\n","protected":false},"excerpt":{"rendered":"<p>Nas \u00faltimas horas, o foco das not\u00edcias sobre o Flamengo se concentram nos bastidores do clube, com destaques como a despedida de Gabigol e a homenagem para Diego Ribas. Por conta deste contexto, leia abaixo um resumo preparado pela equipe do portal G\u00e1vea News para lhe manter muito bem informado! Homenagem para Diego Ribas Diego [&hellip;]<\/p>\n","protected":false},"author":27,"featured_media":151992,"comment_status":"open","ping_status":"closed","sticky":false,"template":"","format":"standard","meta":{"footnotes":""},"categories":[1],"tags":[],"class_list":["post-188824","post","type-post","status-publish","format-standard","has-post-thumbnail","hentry","category-flamengo"],"yoast_head":"<!-- This site is optimized with the Yoast SEO Premium plugin v24.2 (Yoast SEO v26.9) - https:\/\/yoast.com\/product\/yoast-seo-premium-wordpress\/ -->\n<title>Despedida do Gabigol, valor de Naming Rights e homenagem para Diego Ribas: as \u00faltimas not\u00edcias do Flamengo<\/title>\n<meta name=\"robots\" content=\"index, follow, max-snippet:-1, max-image-preview:large, max-video-preview:-1\" \/>\n<link rel=\"canonical\" href=\"https:\/\/www.gaveanews.com\/index.php\/2024\/11\/22\/despedida-do-gabigol-valor-de-naming-rights-e-homenagem-para-diego-ribas-as-ultimas-noticias-do-flamengo\/\" \/>\n<meta property=\"og:locale\" content=\"pt_BR\" \/>\n<meta property=\"og:type\" content=\"article\" \/>\n<meta property=\"og:title\" content=\"Despedida do Gabigol, valor de Naming Rights e homenagem para Diego Ribas: as \u00faltimas not\u00edcias do Flamengo\" \/>\n<meta property=\"og:description\" content=\"Nas \u00faltimas horas, o foco das not\u00edcias sobre o Flamengo se concentram nos bastidores do clube, com destaques como a despedida de Gabigol e a homenagem para Diego Ribas. Por conta deste contexto, leia abaixo um resumo preparado pela equipe do portal G\u00e1vea News para lhe manter muito bem informado! Homenagem para Diego Ribas Diego [&hellip;]\" \/>\n<meta property=\"og:url\" content=\"https:\/\/www.gaveanews.com\/index.php\/2024\/11\/22\/despedida-do-gabigol-valor-de-naming-rights-e-homenagem-para-diego-ribas-as-ultimas-noticias-do-flamengo\/\" \/>\n<meta property=\"og:site_name\" content=\"G\u00e1vea News\" \/>\n<meta property=\"article:publisher\" content=\"https:\/\/facebook.com\/gaveaNews\/\" \/>\n<meta property=\"article:published_time\" content=\"2024-11-22T09:00:00+00:00\" \/>\n<meta property=\"og:image\" content=\"https:\/\/www.gaveanews.com\/wp-content\/uploads\/Gabigol-durante-Flamengo-x-Fortaleza-pelo-Brasileirao-2024.webp\" \/>\n\t<meta property=\"og:image:width\" content=\"2000\" \/>\n\t<meta property=\"og:image:height\" content=\"1333\" \/>\n\t<meta property=\"og:image:type\" content=\"image\/webp\" \/>\n<meta name=\"author\" content=\"Matheus Felipe\" \/>\n<meta name=\"twitter:card\" content=\"summary_large_image\" \/>\n<meta name=\"twitter:label1\" content=\"Escrito por\" \/>\n\t<meta name=\"twitter:data1\" content=\"Matheus Felipe\" \/>\n\t<meta name=\"twitter:label2\" content=\"Est. tempo de leitura\" \/>\n\t<meta name=\"twitter:data2\" content=\"5 minutos\" \/>\n<script type=\"application\/ld+json\" class=\"yoast-schema-graph\">{\"@context\":\"https:\/\/schema.org\",\"@graph\":[{\"@type\":\"NewsArticle\",\"@id\":\"https:\/\/www.gaveanews.com\/index.php\/2024\/11\/22\/despedida-do-gabigol-valor-de-naming-rights-e-homenagem-para-diego-ribas-as-ultimas-noticias-do-flamengo\/#article\",\"isPartOf\":{\"@id\":\"https:\/\/www.gaveanews.com\/index.php\/2024\/11\/22\/despedida-do-gabigol-valor-de-naming-rights-e-homenagem-para-diego-ribas-as-ultimas-noticias-do-flamengo\/\"},\"author\":{\"name\":\"Matheus Felipe\",\"@id\":\"https:\/\/www.gaveanews.com\/#\/schema\/person\/8207cd4627f56151707418bfc835b2fb\"},\"headline\":\"Despedida do Gabigol, valor de Naming Rights e homenagem para Diego Ribas: as \u00faltimas not\u00edcias do Flamengo\",\"datePublished\":\"2024-11-22T09:00:00+00:00\",\"mainEntityOfPage\":{\"@id\":\"https:\/\/www.gaveanews.com\/index.php\/2024\/11\/22\/despedida-do-gabigol-valor-de-naming-rights-e-homenagem-para-diego-ribas-as-ultimas-noticias-do-flamengo\/\"},\"wordCount\":661,\"commentCount\":0,\"image\":{\"@id\":\"https:\/\/www.gaveanews.com\/index.php\/2024\/11\/22\/despedida-do-gabigol-valor-de-naming-rights-e-homenagem-para-diego-ribas-as-ultimas-noticias-do-flamengo\/#primaryimage\"},\"thumbnailUrl\":\"https:\/\/www.gaveanews.com\/wp-content\/uploads\/Gabigol-durante-Flamengo-x-Fortaleza-pelo-Brasileirao-2024.webp\",\"articleSection\":[\"Flamengo\"],\"inLanguage\":\"pt-BR\",\"potentialAction\":[{\"@type\":\"CommentAction\",\"name\":\"Comment\",\"target\":[\"https:\/\/www.gaveanews.com\/index.php\/2024\/11\/22\/despedida-do-gabigol-valor-de-naming-rights-e-homenagem-para-diego-ribas-as-ultimas-noticias-do-flamengo\/#respond\"]}],\"copyrightYear\":\"2024\",\"copyrightHolder\":{\"@id\":\"https:\/\/www.gaveanews.com\/#organization\"}},{\"@type\":\"WebPage\",\"@id\":\"https:\/\/www.gaveanews.com\/index.php\/2024\/11\/22\/despedida-do-gabigol-valor-de-naming-rights-e-homenagem-para-diego-ribas-as-ultimas-noticias-do-flamengo\/\",\"url\":\"https:\/\/www.gaveanews.com\/index.php\/2024\/11\/22\/despedida-do-gabigol-valor-de-naming-rights-e-homenagem-para-diego-ribas-as-ultimas-noticias-do-flamengo\/\",\"name\":\"Despedida do Gabigol, valor de Naming Rights e homenagem para Diego Ribas: as \u00faltimas not\u00edcias do Flamengo\",\"isPartOf\":{\"@id\":\"https:\/\/www.gaveanews.com\/#website\"},\"primaryImageOfPage\":{\"@id\":\"https:\/\/www.gaveanews.com\/index.php\/2024\/11\/22\/despedida-do-gabigol-valor-de-naming-rights-e-homenagem-para-diego-ribas-as-ultimas-noticias-do-flamengo\/#primaryimage\"},\"image\":{\"@id\":\"https:\/\/www.gaveanews.com\/index.php\/2024\/11\/22\/despedida-do-gabigol-valor-de-naming-rights-e-homenagem-para-diego-ribas-as-ultimas-noticias-do-flamengo\/#primaryimage\"},\"thumbnailUrl\":\"https:\/\/www.gaveanews.com\/wp-content\/uploads\/Gabigol-durante-Flamengo-x-Fortaleza-pelo-Brasileirao-2024.webp\",\"datePublished\":\"2024-11-22T09:00:00+00:00\",\"author\":{\"@id\":\"https:\/\/www.gaveanews.com\/#\/schema\/person\/8207cd4627f56151707418bfc835b2fb\"},\"breadcrumb\":{\"@id\":\"https:\/\/www.gaveanews.com\/index.php\/2024\/11\/22\/despedida-do-gabigol-valor-de-naming-rights-e-homenagem-para-diego-ribas-as-ultimas-noticias-do-flamengo\/#breadcrumb\"},\"inLanguage\":\"pt-BR\",\"potentialAction\":[{\"@type\":\"ReadAction\",\"target\":[\"https:\/\/www.gaveanews.com\/index.php\/2024\/11\/22\/despedida-do-gabigol-valor-de-naming-rights-e-homenagem-para-diego-ribas-as-ultimas-noticias-do-flamengo\/\"]}]},{\"@type\":\"ImageObject\",\"inLanguage\":\"pt-BR\",\"@id\":\"https:\/\/www.gaveanews.com\/index.php\/2024\/11\/22\/despedida-do-gabigol-valor-de-naming-rights-e-homenagem-para-diego-ribas-as-ultimas-noticias-do-flamengo\/#primaryimage\",\"url\":\"https:\/\/www.gaveanews.com\/wp-content\/uploads\/Gabigol-durante-Flamengo-x-Fortaleza-pelo-Brasileirao-2024.webp\",\"contentUrl\":\"https:\/\/www.gaveanews.com\/wp-content\/uploads\/Gabigol-durante-Flamengo-x-Fortaleza-pelo-Brasileirao-2024.webp\",\"width\":2000,\"height\":1333,\"caption\":\"Gabigol durante Flamengo x Fortaleza pelo Brasileir\u00e3o 2024 (Foto: Reprodu\u00e7\u00e3o\/Flamengo)\"},{\"@type\":\"BreadcrumbList\",\"@id\":\"https:\/\/www.gaveanews.com\/index.php\/2024\/11\/22\/despedida-do-gabigol-valor-de-naming-rights-e-homenagem-para-diego-ribas-as-ultimas-noticias-do-flamengo\/#breadcrumb\",\"itemListElement\":[{\"@type\":\"ListItem\",\"position\":1,\"name\":\"Home\",\"item\":\"https:\/\/www.gaveanews.com\/\"},{\"@type\":\"ListItem\",\"position\":2,\"name\":\"Despedida do Gabigol, valor de Naming Rights e homenagem para Diego Ribas: as \u00faltimas not\u00edcias do Flamengo\"}]},{\"@type\":\"WebSite\",\"@id\":\"https:\/\/www.gaveanews.com\/#website\",\"url\":\"https:\/\/www.gaveanews.com\/\",\"name\":\"G\u00e1vea News\",\"description\":\"Veja todas as not\u00edcias sobre o Flamengo: Contrata\u00e7\u00f5es, categorias de base, resultados das partidas, tabela de classifica\u00e7\u00e3o, pr\u00f3ximos jogos!\",\"potentialAction\":[{\"@type\":\"SearchAction\",\"target\":{\"@type\":\"EntryPoint\",\"urlTemplate\":\"https:\/\/www.gaveanews.com\/?s={search_term_string}\"},\"query-input\":{\"@type\":\"PropertyValueSpecification\",\"valueRequired\":true,\"valueName\":\"search_term_string\"}}],\"inLanguage\":\"pt-BR\"},{\"@type\":\"Person\",\"@id\":\"https:\/\/www.gaveanews.com\/#\/schema\/person\/8207cd4627f56151707418bfc835b2fb\",\"name\":\"Matheus Felipe\",\"image\":{\"@type\":\"ImageObject\",\"inLanguage\":\"pt-BR\",\"@id\":\"https:\/\/www.gaveanews.com\/#\/schema\/person\/image\/\",\"url\":\"https:\/\/secure.gravatar.com\/avatar\/a452ffbed9130f726358b298bb3a99ce4bd3c5338411f8440e87e14d74c7c087?s=96&d=mm&r=g\",\"contentUrl\":\"https:\/\/secure.gravatar.com\/avatar\/a452ffbed9130f726358b298bb3a99ce4bd3c5338411f8440e87e14d74c7c087?s=96&d=mm&r=g\",\"caption\":\"Matheus Felipe\"}}]}<\/script>\n<!-- \/ Yoast SEO Premium plugin. -->","yoast_head_json":{"title":"Despedida do Gabigol, valor de Naming Rights e homenagem para Diego Ribas: as \u00faltimas not\u00edcias do Flamengo","robots":{"index":"index","follow":"follow","max-snippet":"max-snippet:-1","max-image-preview":"max-image-preview:large","max-video-preview":"max-video-preview:-1"},"canonical":"https:\/\/www.gaveanews.com\/index.php\/2024\/11\/22\/despedida-do-gabigol-valor-de-naming-rights-e-homenagem-para-diego-ribas-as-ultimas-noticias-do-flamengo\/","og_locale":"pt_BR","og_type":"article","og_title":"Despedida do Gabigol, valor de Naming Rights e homenagem para Diego Ribas: as \u00faltimas not\u00edcias do Flamengo","og_description":"Nas \u00faltimas horas, o foco das not\u00edcias sobre o Flamengo se concentram nos bastidores do clube, com destaques como a despedida de Gabigol e a homenagem para Diego Ribas. Por conta deste contexto, leia abaixo um resumo preparado pela equipe do portal G\u00e1vea News para lhe manter muito bem informado! Homenagem para Diego Ribas Diego [&hellip;]","og_url":"https:\/\/www.gaveanews.com\/index.php\/2024\/11\/22\/despedida-do-gabigol-valor-de-naming-rights-e-homenagem-para-diego-ribas-as-ultimas-noticias-do-flamengo\/","og_site_name":"G\u00e1vea News","article_publisher":"https:\/\/facebook.com\/gaveaNews\/","article_published_time":"2024-11-22T09:00:00+00:00","og_image":[{"width":2000,"height":1333,"url":"https:\/\/www.gaveanews.com\/wp-content\/uploads\/Gabigol-durante-Flamengo-x-Fortaleza-pelo-Brasileirao-2024.webp","type":"image\/webp"}],"author":"Matheus Felipe","twitter_card":"summary_large_image","twitter_misc":{"Escrito por":"Matheus Felipe","Est. tempo de leitura":"5 minutos"},"schema":{"@context":"https:\/\/schema.org","@graph":[{"@type":"NewsArticle","@id":"https:\/\/www.gaveanews.com\/index.php\/2024\/11\/22\/despedida-do-gabigol-valor-de-naming-rights-e-homenagem-para-diego-ribas-as-ultimas-noticias-do-flamengo\/#article","isPartOf":{"@id":"https:\/\/www.gaveanews.com\/index.php\/2024\/11\/22\/despedida-do-gabigol-valor-de-naming-rights-e-homenagem-para-diego-ribas-as-ultimas-noticias-do-flamengo\/"},"author":{"name":"Matheus Felipe","@id":"https:\/\/www.gaveanews.com\/#\/schema\/person\/8207cd4627f56151707418bfc835b2fb"},"headline":"Despedida do Gabigol, valor de Naming Rights e homenagem para Diego Ribas: as \u00faltimas not\u00edcias do Flamengo","datePublished":"2024-11-22T09:00:00+00:00","mainEntityOfPage":{"@id":"https:\/\/www.gaveanews.com\/index.php\/2024\/11\/22\/despedida-do-gabigol-valor-de-naming-rights-e-homenagem-para-diego-ribas-as-ultimas-noticias-do-flamengo\/"},"wordCount":661,"commentCount":0,"image":{"@id":"https:\/\/www.gaveanews.com\/index.php\/2024\/11\/22\/despedida-do-gabigol-valor-de-naming-rights-e-homenagem-para-diego-ribas-as-ultimas-noticias-do-flamengo\/#primaryimage"},"thumbnailUrl":"https:\/\/www.gaveanews.com\/wp-content\/uploads\/Gabigol-durante-Flamengo-x-Fortaleza-pelo-Brasileirao-2024.webp","articleSection":["Flamengo"],"inLanguage":"pt-BR","potentialAction":[{"@type":"CommentAction","name":"Comment","target":["https:\/\/www.gaveanews.com\/index.php\/2024\/11\/22\/despedida-do-gabigol-valor-de-naming-rights-e-homenagem-para-diego-ribas-as-ultimas-noticias-do-flamengo\/#respond"]}],"copyrightYear":"2024","copyrightHolder":{"@id":"https:\/\/www.gaveanews.com\/#organization"}},{"@type":"WebPage","@id":"https:\/\/www.gaveanews.com\/index.php\/2024\/11\/22\/despedida-do-gabigol-valor-de-naming-rights-e-homenagem-para-diego-ribas-as-ultimas-noticias-do-flamengo\/","url":"https:\/\/www.gaveanews.com\/index.php\/2024\/11\/22\/despedida-do-gabigol-valor-de-naming-rights-e-homenagem-para-diego-ribas-as-ultimas-noticias-do-flamengo\/","name":"Despedida do Gabigol, valor de Naming Rights e homenagem para Diego Ribas: as \u00faltimas not\u00edcias do Flamengo","isPartOf":{"@id":"https:\/\/www.gaveanews.com\/#website"},"primaryImageOfPage":{"@id":"https:\/\/www.gaveanews.com\/index.php\/2024\/11\/22\/despedida-do-gabigol-valor-de-naming-rights-e-homenagem-para-diego-ribas-as-ultimas-noticias-do-flamengo\/#primaryimage"},"image":{"@id":"https:\/\/www.gaveanews.com\/index.php\/2024\/11\/22\/despedida-do-gabigol-valor-de-naming-rights-e-homenagem-para-diego-ribas-as-ultimas-noticias-do-flamengo\/#primaryimage"},"thumbnailUrl":"https:\/\/www.gaveanews.com\/wp-content\/uploads\/Gabigol-durante-Flamengo-x-Fortaleza-pelo-Brasileirao-2024.webp","datePublished":"2024-11-22T09:00:00+00:00","author":{"@id":"https:\/\/www.gaveanews.com\/#\/schema\/person\/8207cd4627f56151707418bfc835b2fb"},"breadcrumb":{"@id":"https:\/\/www.gaveanews.com\/index.php\/2024\/11\/22\/despedida-do-gabigol-valor-de-naming-rights-e-homenagem-para-diego-ribas-as-ultimas-noticias-do-flamengo\/#breadcrumb"},"inLanguage":"pt-BR","potentialAction":[{"@type":"ReadAction","target":["https:\/\/www.gaveanews.com\/index.php\/2024\/11\/22\/despedida-do-gabigol-valor-de-naming-rights-e-homenagem-para-diego-ribas-as-ultimas-noticias-do-flamengo\/"]}]},{"@type":"ImageObject","inLanguage":"pt-BR","@id":"https:\/\/www.gaveanews.com\/index.php\/2024\/11\/22\/despedida-do-gabigol-valor-de-naming-rights-e-homenagem-para-diego-ribas-as-ultimas-noticias-do-flamengo\/#primaryimage","url":"https:\/\/www.gaveanews.com\/wp-content\/uploads\/Gabigol-durante-Flamengo-x-Fortaleza-pelo-Brasileirao-2024.webp","contentUrl":"https:\/\/www.gaveanews.com\/wp-content\/uploads\/Gabigol-durante-Flamengo-x-Fortaleza-pelo-Brasileirao-2024.webp","width":2000,"height":1333,"caption":"Gabigol durante Flamengo x Fortaleza pelo Brasileir\u00e3o 2024 (Foto: Reprodu\u00e7\u00e3o\/Flamengo)"},{"@type":"BreadcrumbList","@id":"https:\/\/www.gaveanews.com\/index.php\/2024\/11\/22\/despedida-do-gabigol-valor-de-naming-rights-e-homenagem-para-diego-ribas-as-ultimas-noticias-do-flamengo\/#breadcrumb","itemListElement":[{"@type":"ListItem","position":1,"name":"Home","item":"https:\/\/www.gaveanews.com\/"},{"@type":"ListItem","position":2,"name":"Despedida do Gabigol, valor de Naming Rights e homenagem para Diego Ribas: as \u00faltimas not\u00edcias do Flamengo"}]},{"@type":"WebSite","@id":"https:\/\/www.gaveanews.com\/#website","url":"https:\/\/www.gaveanews.com\/","name":"G\u00e1vea News","description":"Veja todas as not\u00edcias sobre o Flamengo: Contrata\u00e7\u00f5es, categorias de base, resultados das partidas, tabela de classifica\u00e7\u00e3o, pr\u00f3ximos jogos!","potentialAction":[{"@type":"SearchAction","target":{"@type":"EntryPoint","urlTemplate":"https:\/\/www.gaveanews.com\/?s={search_term_string}"},"query-input":{"@type":"PropertyValueSpecification","valueRequired":true,"valueName":"search_term_string"}}],"inLanguage":"pt-BR"},{"@type":"Person","@id":"https:\/\/www.gaveanews.com\/#\/schema\/person\/8207cd4627f56151707418bfc835b2fb","name":"Matheus Felipe","image":{"@type":"ImageObject","inLanguage":"pt-BR","@id":"https:\/\/www.gaveanews.com\/#\/schema\/person\/image\/","url":"https:\/\/secure.gravatar.com\/avatar\/a452ffbed9130f726358b298bb3a99ce4bd3c5338411f8440e87e14d74c7c087?s=96&d=mm&r=g","contentUrl":"https:\/\/secure.gravatar.com\/avatar\/a452ffbed9130f726358b298bb3a99ce4bd3c5338411f8440e87e14d74c7c087?s=96&d=mm&r=g","caption":"Matheus Felipe"}}]}},"_links":{"self":[{"href":"https:\/\/www.gaveanews.com\/index.php\/wp-json\/wp\/v2\/posts\/188824","targetHints":{"allow":["GET"]}}],"collection":[{"href":"https:\/\/www.gaveanews.com\/index.php\/wp-json\/wp\/v2\/posts"}],"about":[{"href":"https:\/\/www.gaveanews.com\/index.php\/wp-json\/wp\/v2\/types\/post"}],"author":[{"embeddable":true,"href":"https:\/\/www.gaveanews.com\/index.php\/wp-json\/wp\/v2\/users\/27"}],"replies":[{"embeddable":true,"href":"https:\/\/www.gaveanews.com\/index.php\/wp-json\/wp\/v2\/comments?post=188824"}],"version-history":[{"count":1,"href":"https:\/\/www.gaveanews.com\/index.php\/wp-json\/wp\/v2\/posts\/188824\/revisions"}],"predecessor-version":[{"id":188828,"href":"https:\/\/www.gaveanews.com\/index.php\/wp-json\/wp\/v2\/posts\/188824\/revisions\/188828"}],"wp:featuredmedia":[{"embeddable":true,"href":"https:\/\/www.gaveanews.com\/index.php\/wp-json\/wp\/v2\/media\/151992"}],"wp:attachment":[{"href":"https:\/\/www.gaveanews.com\/index.php\/wp-json\/wp\/v2\/media?parent=188824"}],"wp:term":[{"taxonomy":"category","embeddable":true,"href":"https:\/\/www.gaveanews.com\/index.php\/wp-json\/wp\/v2\/categories?post=188824"},{"taxonomy":"post_tag","embeddable":true,"href":"https:\/\/www.gaveanews.com\/index.php\/wp-json\/wp\/v2\/tags?post=188824"}],"curies":[{"name":"wp","href":"https:\/\/api.w.org\/{rel}","templated":true}]}}