{"id":188869,"date":"2024-11-22T07:25:00","date_gmt":"2024-11-22T10:25:00","guid":{"rendered":"https:\/\/www.gaveanews.com\/?p=188869"},"modified":"2024-11-22T01:47:41","modified_gmt":"2024-11-22T04:47:41","slug":"jogador-fora-da-temporada-declaracao-de-abel-ferreira-e-recado-de-rogerio-ceni-as-ultimas-noticias-do-bahia","status":"publish","type":"post","link":"https:\/\/www.gaveanews.com\/index.php\/2024\/11\/22\/jogador-fora-da-temporada-declaracao-de-abel-ferreira-e-recado-de-rogerio-ceni-as-ultimas-noticias-do-bahia\/","title":{"rendered":"Jogador fora da temporada, declara\u00e7\u00e3o de Abel Ferreira e recado de Rog\u00e9rio Ceni: as \u00faltimas not\u00edcias do Bahia"},"content":{"rendered":"\n<p>Nas \u00faltimas horas, o foco das not\u00edcias sobre o Bahia se concentram nos bastidores do clube, com destaques como o jogador fora da temporada e o recado de Ceni.<\/p>\n\n\n\n<p>Por conta deste contexto, leia abaixo um resumo preparado pela equipe do portal G\u00e1vea News para lhe manter muito bem informado!<\/p>\n\n\n\n<h2 class=\"wp-block-heading\" id=\"h-recado-de-rogerio-ceni\">Recado de Rog\u00e9rio Ceni<\/h2>\n\n\n\n<p>Ap\u00f3s a derrota do Bahia por 2 a 1 para o Palmeiras, pela 34\u00aa rodada do Brasileir\u00e3o, Rog\u00e9rio Ceni lamentou a falta de mal\u00edcia do time para segurar o resultado. Mesmo saindo na frente com gol de Luciano Rodriguez, a equipe sofreu a virada nos minutos finais, com Raphael Veiga e Flaco L\u00f3pez garantindo a vit\u00f3ria alviverde. A derrota ampliou para seis o n\u00famero de jogos sem vencer, deixando o Bahia amea\u00e7ado na disputa por uma vaga na Libertadores <strong><a href=\"https:\/\/www.gaveanews.com\/index.php\/2024\/11\/21\/a-declaracao-de-rogerio-ceni-apos-a-derrota-do-bahia-3\/\">(leia a mat\u00e9ria completa).<\/a><\/strong><\/p>\n\n\n\n<figure class=\"wp-block-image size-full\"><img loading=\"lazy\" decoding=\"async\" width=\"874\" height=\"463\" src=\"https:\/\/www.gaveanews.com\/wp-content\/uploads\/Rogerio-Ceni-tecnico-do-Bahia-em-entrevista-coletiva-apos-o-classico-contra-o-Vitoria.webp\" alt=\"\" class=\"wp-image-148504\" srcset=\"https:\/\/www.gaveanews.com\/wp-content\/uploads\/Rogerio-Ceni-tecnico-do-Bahia-em-entrevista-coletiva-apos-o-classico-contra-o-Vitoria.webp 874w, https:\/\/www.gaveanews.com\/wp-content\/uploads\/Rogerio-Ceni-tecnico-do-Bahia-em-entrevista-coletiva-apos-o-classico-contra-o-Vitoria-300x160.webp 300w, https:\/\/www.gaveanews.com\/wp-content\/uploads\/Rogerio-Ceni-tecnico-do-Bahia-em-entrevista-coletiva-apos-o-classico-contra-o-Vitoria-768x407.webp 768w, https:\/\/www.gaveanews.com\/wp-content\/uploads\/Rogerio-Ceni-tecnico-do-Bahia-em-entrevista-coletiva-apos-o-classico-contra-o-Vitoria-793x420.webp 793w, https:\/\/www.gaveanews.com\/wp-content\/uploads\/Rogerio-Ceni-tecnico-do-Bahia-em-entrevista-coletiva-apos-o-classico-contra-o-Vitoria-640x339.webp 640w, https:\/\/www.gaveanews.com\/wp-content\/uploads\/Rogerio-Ceni-tecnico-do-Bahia-em-entrevista-coletiva-apos-o-classico-contra-o-Vitoria-681x361.webp 681w, https:\/\/www.gaveanews.com\/wp-content\/uploads\/Rogerio-Ceni-tecnico-do-Bahia-em-entrevista-coletiva-apos-o-classico-contra-o-Vitoria-100x53.webp 100w\" sizes=\"auto, (max-width: 874px) 100vw, 874px\" \/><figcaption class=\"wp-element-caption\">Foto: Let\u00edcia Martins \/ EC Bahia\n<\/figcaption><\/figure>\n\n\n\n<p>Ceni destacou que, apesar do rev\u00e9s, a atua\u00e7\u00e3o foi superior ao Palmeiras, considerando injusto o resultado final. <\/p>\n\n\n\n<p>Ele apontou que detalhes como a mal\u00edcia em momentos decisivos fazem diferen\u00e7a no futebol, ressaltando que sua equipe merecia vencer e demonstrou progresso na confian\u00e7a e no desempenho.<\/p>\n\n\n\n<p>Com a derrota, o Bahia v\u00ea o Vasco e o Corinthians se aproximarem na tabela, aumentando a press\u00e3o para os pr\u00f3ximos jogos. Rog\u00e9rio Ceni mant\u00e9m o foco em melhorar a efici\u00eancia nos resultados, apostando na continuidade das boas atua\u00e7\u00f5es para buscar uma rea\u00e7\u00e3o e alcan\u00e7ar os objetivos da temporada.<\/p>\n\n\n\n<h2 class=\"wp-block-heading\" id=\"h-declaracao-de-abel-ferreira\">Declara\u00e7\u00e3o de Abel Ferreira<\/h2>\n\n\n\n<p>Ap\u00f3s a vit\u00f3ria do Palmeiras por 2 a 1 contra o Bahia, Abel Ferreira elogiou o desempenho de Rony, destacando sua entrega em campo e import\u00e2ncia para o time. Durante a coletiva de imprensa, o t\u00e9cnico afirmou que o camisa 10, mesmo sem o brilho de jogadores como Neymar, compensa com dedica\u00e7\u00e3o e contribui\u00e7\u00e3o t\u00e1tica essencial para a equipe. Abel enfatizou que Rony &#8220;entrega o que tem&#8221; e \u00e9 fundamental nos planos do clube. <strong><a href=\"https:\/\/www.gaveanews.com\/index.php\/2024\/11\/21\/a-declaracao-de-abel-ferreira-direcionada-a-rony-do-palmeiras\/\">(leia a mat\u00e9ria completa)<\/a><\/strong><\/p>\n\n\n\n<figure class=\"wp-block-image size-large\"><img loading=\"lazy\" decoding=\"async\" width=\"1024\" height=\"576\" src=\"https:\/\/www.gaveanews.com\/wp-content\/uploads\/Abel-Ferreira-e-fotografado-passando-instrucoes-durante-um-jogo-do-Palmeiras-1024x576.webp\" alt=\"\" class=\"wp-image-157845\" srcset=\"https:\/\/www.gaveanews.com\/wp-content\/uploads\/Abel-Ferreira-e-fotografado-passando-instrucoes-durante-um-jogo-do-Palmeiras-1024x576.webp 1024w, https:\/\/www.gaveanews.com\/wp-content\/uploads\/Abel-Ferreira-e-fotografado-passando-instrucoes-durante-um-jogo-do-Palmeiras-300x169.webp 300w, https:\/\/www.gaveanews.com\/wp-content\/uploads\/Abel-Ferreira-e-fotografado-passando-instrucoes-durante-um-jogo-do-Palmeiras-768x432.webp 768w, https:\/\/www.gaveanews.com\/wp-content\/uploads\/Abel-Ferreira-e-fotografado-passando-instrucoes-durante-um-jogo-do-Palmeiras-746x420.webp 746w, https:\/\/www.gaveanews.com\/wp-content\/uploads\/Abel-Ferreira-e-fotografado-passando-instrucoes-durante-um-jogo-do-Palmeiras-1493x840.webp 1493w, https:\/\/www.gaveanews.com\/wp-content\/uploads\/Abel-Ferreira-e-fotografado-passando-instrucoes-durante-um-jogo-do-Palmeiras-640x360.webp 640w, https:\/\/www.gaveanews.com\/wp-content\/uploads\/Abel-Ferreira-e-fotografado-passando-instrucoes-durante-um-jogo-do-Palmeiras-1280x720.webp 1280w, https:\/\/www.gaveanews.com\/wp-content\/uploads\/Abel-Ferreira-e-fotografado-passando-instrucoes-durante-um-jogo-do-Palmeiras-681x383.webp 681w, https:\/\/www.gaveanews.com\/wp-content\/uploads\/Abel-Ferreira-e-fotografado-passando-instrucoes-durante-um-jogo-do-Palmeiras-1362x766.webp 1362w, https:\/\/www.gaveanews.com\/wp-content\/uploads\/Abel-Ferreira-e-fotografado-passando-instrucoes-durante-um-jogo-do-Palmeiras-100x56.webp 100w, https:\/\/www.gaveanews.com\/wp-content\/uploads\/Abel-Ferreira-e-fotografado-passando-instrucoes-durante-um-jogo-do-Palmeiras.webp 1500w\" sizes=\"auto, (max-width: 1024px) 100vw, 1024px\" \/><figcaption class=\"wp-element-caption\">Abel Ferreira \u00e9 fotografado passando instru\u00e7\u00f5es durante um jogo do Palmeiras (Foto: Cesar Greco\/Palmeiras)<\/figcaption><\/figure>\n\n\n\n<p>O treinador tamb\u00e9m destacou sua estrat\u00e9gia ao escalar Rony como titular e trazer Flaco L\u00f3pez no momento certo, o que resultou no gol da vit\u00f3ria. Essa precis\u00e3o t\u00e1tica, caracter\u00edstica marcante de Abel, tem sido crucial para o sucesso do Palmeiras, que acumula t\u00edtulos importantes desde sua chegada em 2020, incluindo duas Libertadores e dois Campeonatos Brasileiros.<\/p>\n\n\n\n<p>Abel refor\u00e7ou o esp\u00edrito coletivo que impulsiona o Palmeiras e seu compromisso em extrair o melhor de cada jogador, mantendo o clube competitivo no mais alto n\u00edvel. A declara\u00e7\u00e3o sobre Rony ilustra como a confian\u00e7a no elenco \u00e9 parte central da filosofia de trabalho do treinador portugu\u00eas.<\/p>\n\n\n\n<h2 class=\"wp-block-heading\" id=\"h-jogador-fora-da-temporada\">Jogador fora da temporada<\/h2>\n\n\n\n<p>O Bahia confirmou que o lateral Iago Borduchi est\u00e1 fora do restante da temporada devido a uma les\u00e3o muscular sofrida no in\u00edcio de novembro. Borduchi, que jogou apenas 14 partidas e foi titular em 3 delas, n\u00e3o correspondeu \u00e0s expectativas e perdeu a vaga para Luciano Juba, que tem se destacado como titular absoluto na posi\u00e7\u00e3o com 58 jogos na temporada <strong><a href=\"https:\/\/www.gaveanews.com\/index.php\/2024\/11\/21\/bahia-perde-jogador-para-o-restante-da-temporada\/\">(leia a mat\u00e9ria completa).<\/a><\/strong><\/p>\n\n\n\n<figure class=\"wp-block-image size-full\"><img loading=\"lazy\" decoding=\"async\" width=\"1008\" height=\"672\" src=\"https:\/\/www.gaveanews.com\/wp-content\/uploads\/Iago-anunciado-pelo-Bahia.webp\" alt=\"\" class=\"wp-image-169711\" srcset=\"https:\/\/www.gaveanews.com\/wp-content\/uploads\/Iago-anunciado-pelo-Bahia.webp 1008w, https:\/\/www.gaveanews.com\/wp-content\/uploads\/Iago-anunciado-pelo-Bahia-300x200.webp 300w, https:\/\/www.gaveanews.com\/wp-content\/uploads\/Iago-anunciado-pelo-Bahia-768x512.webp 768w, https:\/\/www.gaveanews.com\/wp-content\/uploads\/Iago-anunciado-pelo-Bahia-630x420.webp 630w, https:\/\/www.gaveanews.com\/wp-content\/uploads\/Iago-anunciado-pelo-Bahia-640x427.webp 640w, https:\/\/www.gaveanews.com\/wp-content\/uploads\/Iago-anunciado-pelo-Bahia-681x454.webp 681w, https:\/\/www.gaveanews.com\/wp-content\/uploads\/Iago-anunciado-pelo-Bahia-100x67.webp 100w\" sizes=\"auto, (max-width: 1008px) 100vw, 1008px\" \/><figcaption class=\"wp-element-caption\">Iago anunciado pelo Bahia (Foto: Reprodu\u00e7\u00e3o\/TV Bah\u00eaa)<\/figcaption><\/figure>\n\n\n\n<p>A derrota para o Palmeiras deixou o Bahia em 8\u00ba lugar na tabela do Brasileir\u00e3o com 46 pontos, mas a equipe pode ser ultrapassada pelo Vasco, dependendo do resultado contra o Internacional. Al\u00e9m disso, o crescimento do Corinthians amea\u00e7a a posi\u00e7\u00e3o baiana, j\u00e1 que a diferen\u00e7a entre os times caiu para dois pontos.<\/p>\n\n\n\n<p>Com jogos decisivos contra Athletico-PR, Cuiab\u00e1, Corinthians e Atl\u00e9tico-GO nas rodadas finais, o t\u00e9cnico Rog\u00e9rio Ceni enfrenta press\u00e3o para garantir resultados positivos. Apesar do apoio da diretoria do Grupo City, a torcida segue insatisfeita com o desempenho do time na reta final do campeonato.<\/p>\n","protected":false},"excerpt":{"rendered":"<p>Nas \u00faltimas horas, o foco das not\u00edcias sobre o Bahia se concentram nos bastidores do clube, com destaques como o jogador fora da temporada e o recado de Ceni. Por conta deste contexto, leia abaixo um resumo preparado pela equipe do portal G\u00e1vea News para lhe manter muito bem informado! Recado de Rog\u00e9rio Ceni Ap\u00f3s [&hellip;]<\/p>\n","protected":false},"author":27,"featured_media":155116,"comment_status":"open","ping_status":"closed","sticky":false,"template":"","format":"standard","meta":{"footnotes":""},"categories":[137],"tags":[],"class_list":["post-188869","post","type-post","status-publish","format-standard","has-post-thumbnail","hentry","category-bahia"],"yoast_head":"<!-- This site is optimized with the Yoast SEO Premium plugin v24.2 (Yoast SEO v26.9) - https:\/\/yoast.com\/product\/yoast-seo-premium-wordpress\/ -->\n<title>Jogador fora da temporada, declara\u00e7\u00e3o de Abel Ferreira e recado de Rog\u00e9rio Ceni: as \u00faltimas not\u00edcias do Bahia<\/title>\n<meta name=\"robots\" content=\"index, follow, max-snippet:-1, max-image-preview:large, max-video-preview:-1\" \/>\n<link rel=\"canonical\" href=\"https:\/\/www.gaveanews.com\/index.php\/2024\/11\/22\/jogador-fora-da-temporada-declaracao-de-abel-ferreira-e-recado-de-rogerio-ceni-as-ultimas-noticias-do-bahia\/\" \/>\n<meta property=\"og:locale\" content=\"pt_BR\" \/>\n<meta property=\"og:type\" content=\"article\" \/>\n<meta property=\"og:title\" content=\"Jogador fora da temporada, declara\u00e7\u00e3o de Abel Ferreira e recado de Rog\u00e9rio Ceni: as \u00faltimas not\u00edcias do Bahia\" \/>\n<meta property=\"og:description\" content=\"Nas \u00faltimas horas, o foco das not\u00edcias sobre o Bahia se concentram nos bastidores do clube, com destaques como o jogador fora da temporada e o recado de Ceni. Por conta deste contexto, leia abaixo um resumo preparado pela equipe do portal G\u00e1vea News para lhe manter muito bem informado! Recado de Rog\u00e9rio Ceni Ap\u00f3s [&hellip;]\" \/>\n<meta property=\"og:url\" content=\"https:\/\/www.gaveanews.com\/index.php\/2024\/11\/22\/jogador-fora-da-temporada-declaracao-de-abel-ferreira-e-recado-de-rogerio-ceni-as-ultimas-noticias-do-bahia\/\" \/>\n<meta property=\"og:site_name\" content=\"G\u00e1vea News\" \/>\n<meta property=\"article:publisher\" content=\"https:\/\/facebook.com\/gaveaNews\/\" \/>\n<meta property=\"article:published_time\" content=\"2024-11-22T10:25:00+00:00\" \/>\n<meta property=\"og:image\" content=\"https:\/\/www.gaveanews.com\/wp-content\/uploads\/Escudo-do-Bahia.webp\" \/>\n\t<meta property=\"og:image:width\" content=\"2048\" \/>\n\t<meta property=\"og:image:height\" content=\"1366\" \/>\n\t<meta property=\"og:image:type\" content=\"image\/jpeg\" \/>\n<meta name=\"author\" content=\"Matheus Felipe\" \/>\n<meta name=\"twitter:card\" content=\"summary_large_image\" \/>\n<meta name=\"twitter:label1\" content=\"Escrito por\" \/>\n\t<meta name=\"twitter:data1\" content=\"Matheus Felipe\" \/>\n\t<meta name=\"twitter:label2\" content=\"Est. tempo de leitura\" \/>\n\t<meta name=\"twitter:data2\" content=\"5 minutos\" \/>\n<script type=\"application\/ld+json\" class=\"yoast-schema-graph\">{\"@context\":\"https:\/\/schema.org\",\"@graph\":[{\"@type\":\"NewsArticle\",\"@id\":\"https:\/\/www.gaveanews.com\/index.php\/2024\/11\/22\/jogador-fora-da-temporada-declaracao-de-abel-ferreira-e-recado-de-rogerio-ceni-as-ultimas-noticias-do-bahia\/#article\",\"isPartOf\":{\"@id\":\"https:\/\/www.gaveanews.com\/index.php\/2024\/11\/22\/jogador-fora-da-temporada-declaracao-de-abel-ferreira-e-recado-de-rogerio-ceni-as-ultimas-noticias-do-bahia\/\"},\"author\":{\"name\":\"Matheus Felipe\",\"@id\":\"https:\/\/www.gaveanews.com\/#\/schema\/person\/8207cd4627f56151707418bfc835b2fb\"},\"headline\":\"Jogador fora da temporada, declara\u00e7\u00e3o de Abel Ferreira e recado de Rog\u00e9rio Ceni: as \u00faltimas not\u00edcias do Bahia\",\"datePublished\":\"2024-11-22T10:25:00+00:00\",\"mainEntityOfPage\":{\"@id\":\"https:\/\/www.gaveanews.com\/index.php\/2024\/11\/22\/jogador-fora-da-temporada-declaracao-de-abel-ferreira-e-recado-de-rogerio-ceni-as-ultimas-noticias-do-bahia\/\"},\"wordCount\":682,\"commentCount\":0,\"image\":{\"@id\":\"https:\/\/www.gaveanews.com\/index.php\/2024\/11\/22\/jogador-fora-da-temporada-declaracao-de-abel-ferreira-e-recado-de-rogerio-ceni-as-ultimas-noticias-do-bahia\/#primaryimage\"},\"thumbnailUrl\":\"https:\/\/www.gaveanews.com\/wp-content\/uploads\/Escudo-do-Bahia.webp\",\"articleSection\":[\"Bahia\"],\"inLanguage\":\"pt-BR\",\"potentialAction\":[{\"@type\":\"CommentAction\",\"name\":\"Comment\",\"target\":[\"https:\/\/www.gaveanews.com\/index.php\/2024\/11\/22\/jogador-fora-da-temporada-declaracao-de-abel-ferreira-e-recado-de-rogerio-ceni-as-ultimas-noticias-do-bahia\/#respond\"]}],\"copyrightYear\":\"2024\",\"copyrightHolder\":{\"@id\":\"https:\/\/www.gaveanews.com\/#organization\"}},{\"@type\":\"WebPage\",\"@id\":\"https:\/\/www.gaveanews.com\/index.php\/2024\/11\/22\/jogador-fora-da-temporada-declaracao-de-abel-ferreira-e-recado-de-rogerio-ceni-as-ultimas-noticias-do-bahia\/\",\"url\":\"https:\/\/www.gaveanews.com\/index.php\/2024\/11\/22\/jogador-fora-da-temporada-declaracao-de-abel-ferreira-e-recado-de-rogerio-ceni-as-ultimas-noticias-do-bahia\/\",\"name\":\"Jogador fora da temporada, declara\u00e7\u00e3o de Abel Ferreira e recado de Rog\u00e9rio Ceni: as \u00faltimas not\u00edcias do Bahia\",\"isPartOf\":{\"@id\":\"https:\/\/www.gaveanews.com\/#website\"},\"primaryImageOfPage\":{\"@id\":\"https:\/\/www.gaveanews.com\/index.php\/2024\/11\/22\/jogador-fora-da-temporada-declaracao-de-abel-ferreira-e-recado-de-rogerio-ceni-as-ultimas-noticias-do-bahia\/#primaryimage\"},\"image\":{\"@id\":\"https:\/\/www.gaveanews.com\/index.php\/2024\/11\/22\/jogador-fora-da-temporada-declaracao-de-abel-ferreira-e-recado-de-rogerio-ceni-as-ultimas-noticias-do-bahia\/#primaryimage\"},\"thumbnailUrl\":\"https:\/\/www.gaveanews.com\/wp-content\/uploads\/Escudo-do-Bahia.webp\",\"datePublished\":\"2024-11-22T10:25:00+00:00\",\"author\":{\"@id\":\"https:\/\/www.gaveanews.com\/#\/schema\/person\/8207cd4627f56151707418bfc835b2fb\"},\"breadcrumb\":{\"@id\":\"https:\/\/www.gaveanews.com\/index.php\/2024\/11\/22\/jogador-fora-da-temporada-declaracao-de-abel-ferreira-e-recado-de-rogerio-ceni-as-ultimas-noticias-do-bahia\/#breadcrumb\"},\"inLanguage\":\"pt-BR\",\"potentialAction\":[{\"@type\":\"ReadAction\",\"target\":[\"https:\/\/www.gaveanews.com\/index.php\/2024\/11\/22\/jogador-fora-da-temporada-declaracao-de-abel-ferreira-e-recado-de-rogerio-ceni-as-ultimas-noticias-do-bahia\/\"]}]},{\"@type\":\"ImageObject\",\"inLanguage\":\"pt-BR\",\"@id\":\"https:\/\/www.gaveanews.com\/index.php\/2024\/11\/22\/jogador-fora-da-temporada-declaracao-de-abel-ferreira-e-recado-de-rogerio-ceni-as-ultimas-noticias-do-bahia\/#primaryimage\",\"url\":\"https:\/\/www.gaveanews.com\/wp-content\/uploads\/Escudo-do-Bahia.webp\",\"contentUrl\":\"https:\/\/www.gaveanews.com\/wp-content\/uploads\/Escudo-do-Bahia.webp\",\"width\":2048,\"height\":1366,\"caption\":\"Escudo do Bahia (Foto: Reprodu\u00e7\u00e3o)\"},{\"@type\":\"BreadcrumbList\",\"@id\":\"https:\/\/www.gaveanews.com\/index.php\/2024\/11\/22\/jogador-fora-da-temporada-declaracao-de-abel-ferreira-e-recado-de-rogerio-ceni-as-ultimas-noticias-do-bahia\/#breadcrumb\",\"itemListElement\":[{\"@type\":\"ListItem\",\"position\":1,\"name\":\"Home\",\"item\":\"https:\/\/www.gaveanews.com\/\"},{\"@type\":\"ListItem\",\"position\":2,\"name\":\"Jogador fora da temporada, declara\u00e7\u00e3o de Abel Ferreira e recado de Rog\u00e9rio Ceni: as \u00faltimas not\u00edcias do Bahia\"}]},{\"@type\":\"WebSite\",\"@id\":\"https:\/\/www.gaveanews.com\/#website\",\"url\":\"https:\/\/www.gaveanews.com\/\",\"name\":\"G\u00e1vea News\",\"description\":\"Veja todas as not\u00edcias sobre o Flamengo: Contrata\u00e7\u00f5es, categorias de base, resultados das partidas, tabela de classifica\u00e7\u00e3o, pr\u00f3ximos jogos!\",\"potentialAction\":[{\"@type\":\"SearchAction\",\"target\":{\"@type\":\"EntryPoint\",\"urlTemplate\":\"https:\/\/www.gaveanews.com\/?s={search_term_string}\"},\"query-input\":{\"@type\":\"PropertyValueSpecification\",\"valueRequired\":true,\"valueName\":\"search_term_string\"}}],\"inLanguage\":\"pt-BR\"},{\"@type\":\"Person\",\"@id\":\"https:\/\/www.gaveanews.com\/#\/schema\/person\/8207cd4627f56151707418bfc835b2fb\",\"name\":\"Matheus Felipe\",\"image\":{\"@type\":\"ImageObject\",\"inLanguage\":\"pt-BR\",\"@id\":\"https:\/\/www.gaveanews.com\/#\/schema\/person\/image\/\",\"url\":\"https:\/\/secure.gravatar.com\/avatar\/a452ffbed9130f726358b298bb3a99ce4bd3c5338411f8440e87e14d74c7c087?s=96&d=mm&r=g\",\"contentUrl\":\"https:\/\/secure.gravatar.com\/avatar\/a452ffbed9130f726358b298bb3a99ce4bd3c5338411f8440e87e14d74c7c087?s=96&d=mm&r=g\",\"caption\":\"Matheus Felipe\"}}]}<\/script>\n<!-- \/ Yoast SEO Premium plugin. -->","yoast_head_json":{"title":"Jogador fora da temporada, declara\u00e7\u00e3o de Abel Ferreira e recado de Rog\u00e9rio Ceni: as \u00faltimas not\u00edcias do Bahia","robots":{"index":"index","follow":"follow","max-snippet":"max-snippet:-1","max-image-preview":"max-image-preview:large","max-video-preview":"max-video-preview:-1"},"canonical":"https:\/\/www.gaveanews.com\/index.php\/2024\/11\/22\/jogador-fora-da-temporada-declaracao-de-abel-ferreira-e-recado-de-rogerio-ceni-as-ultimas-noticias-do-bahia\/","og_locale":"pt_BR","og_type":"article","og_title":"Jogador fora da temporada, declara\u00e7\u00e3o de Abel Ferreira e recado de Rog\u00e9rio Ceni: as \u00faltimas not\u00edcias do Bahia","og_description":"Nas \u00faltimas horas, o foco das not\u00edcias sobre o Bahia se concentram nos bastidores do clube, com destaques como o jogador fora da temporada e o recado de Ceni. Por conta deste contexto, leia abaixo um resumo preparado pela equipe do portal G\u00e1vea News para lhe manter muito bem informado! Recado de Rog\u00e9rio Ceni Ap\u00f3s [&hellip;]","og_url":"https:\/\/www.gaveanews.com\/index.php\/2024\/11\/22\/jogador-fora-da-temporada-declaracao-de-abel-ferreira-e-recado-de-rogerio-ceni-as-ultimas-noticias-do-bahia\/","og_site_name":"G\u00e1vea News","article_publisher":"https:\/\/facebook.com\/gaveaNews\/","article_published_time":"2024-11-22T10:25:00+00:00","og_image":[{"width":2048,"height":1366,"url":"https:\/\/www.gaveanews.com\/wp-content\/uploads\/Escudo-do-Bahia.webp","type":"image\/jpeg"}],"author":"Matheus Felipe","twitter_card":"summary_large_image","twitter_misc":{"Escrito por":"Matheus Felipe","Est. tempo de leitura":"5 minutos"},"schema":{"@context":"https:\/\/schema.org","@graph":[{"@type":"NewsArticle","@id":"https:\/\/www.gaveanews.com\/index.php\/2024\/11\/22\/jogador-fora-da-temporada-declaracao-de-abel-ferreira-e-recado-de-rogerio-ceni-as-ultimas-noticias-do-bahia\/#article","isPartOf":{"@id":"https:\/\/www.gaveanews.com\/index.php\/2024\/11\/22\/jogador-fora-da-temporada-declaracao-de-abel-ferreira-e-recado-de-rogerio-ceni-as-ultimas-noticias-do-bahia\/"},"author":{"name":"Matheus Felipe","@id":"https:\/\/www.gaveanews.com\/#\/schema\/person\/8207cd4627f56151707418bfc835b2fb"},"headline":"Jogador fora da temporada, declara\u00e7\u00e3o de Abel Ferreira e recado de Rog\u00e9rio Ceni: as \u00faltimas not\u00edcias do Bahia","datePublished":"2024-11-22T10:25:00+00:00","mainEntityOfPage":{"@id":"https:\/\/www.gaveanews.com\/index.php\/2024\/11\/22\/jogador-fora-da-temporada-declaracao-de-abel-ferreira-e-recado-de-rogerio-ceni-as-ultimas-noticias-do-bahia\/"},"wordCount":682,"commentCount":0,"image":{"@id":"https:\/\/www.gaveanews.com\/index.php\/2024\/11\/22\/jogador-fora-da-temporada-declaracao-de-abel-ferreira-e-recado-de-rogerio-ceni-as-ultimas-noticias-do-bahia\/#primaryimage"},"thumbnailUrl":"https:\/\/www.gaveanews.com\/wp-content\/uploads\/Escudo-do-Bahia.webp","articleSection":["Bahia"],"inLanguage":"pt-BR","potentialAction":[{"@type":"CommentAction","name":"Comment","target":["https:\/\/www.gaveanews.com\/index.php\/2024\/11\/22\/jogador-fora-da-temporada-declaracao-de-abel-ferreira-e-recado-de-rogerio-ceni-as-ultimas-noticias-do-bahia\/#respond"]}],"copyrightYear":"2024","copyrightHolder":{"@id":"https:\/\/www.gaveanews.com\/#organization"}},{"@type":"WebPage","@id":"https:\/\/www.gaveanews.com\/index.php\/2024\/11\/22\/jogador-fora-da-temporada-declaracao-de-abel-ferreira-e-recado-de-rogerio-ceni-as-ultimas-noticias-do-bahia\/","url":"https:\/\/www.gaveanews.com\/index.php\/2024\/11\/22\/jogador-fora-da-temporada-declaracao-de-abel-ferreira-e-recado-de-rogerio-ceni-as-ultimas-noticias-do-bahia\/","name":"Jogador fora da temporada, declara\u00e7\u00e3o de Abel Ferreira e recado de Rog\u00e9rio Ceni: as \u00faltimas not\u00edcias do Bahia","isPartOf":{"@id":"https:\/\/www.gaveanews.com\/#website"},"primaryImageOfPage":{"@id":"https:\/\/www.gaveanews.com\/index.php\/2024\/11\/22\/jogador-fora-da-temporada-declaracao-de-abel-ferreira-e-recado-de-rogerio-ceni-as-ultimas-noticias-do-bahia\/#primaryimage"},"image":{"@id":"https:\/\/www.gaveanews.com\/index.php\/2024\/11\/22\/jogador-fora-da-temporada-declaracao-de-abel-ferreira-e-recado-de-rogerio-ceni-as-ultimas-noticias-do-bahia\/#primaryimage"},"thumbnailUrl":"https:\/\/www.gaveanews.com\/wp-content\/uploads\/Escudo-do-Bahia.webp","datePublished":"2024-11-22T10:25:00+00:00","author":{"@id":"https:\/\/www.gaveanews.com\/#\/schema\/person\/8207cd4627f56151707418bfc835b2fb"},"breadcrumb":{"@id":"https:\/\/www.gaveanews.com\/index.php\/2024\/11\/22\/jogador-fora-da-temporada-declaracao-de-abel-ferreira-e-recado-de-rogerio-ceni-as-ultimas-noticias-do-bahia\/#breadcrumb"},"inLanguage":"pt-BR","potentialAction":[{"@type":"ReadAction","target":["https:\/\/www.gaveanews.com\/index.php\/2024\/11\/22\/jogador-fora-da-temporada-declaracao-de-abel-ferreira-e-recado-de-rogerio-ceni-as-ultimas-noticias-do-bahia\/"]}]},{"@type":"ImageObject","inLanguage":"pt-BR","@id":"https:\/\/www.gaveanews.com\/index.php\/2024\/11\/22\/jogador-fora-da-temporada-declaracao-de-abel-ferreira-e-recado-de-rogerio-ceni-as-ultimas-noticias-do-bahia\/#primaryimage","url":"https:\/\/www.gaveanews.com\/wp-content\/uploads\/Escudo-do-Bahia.webp","contentUrl":"https:\/\/www.gaveanews.com\/wp-content\/uploads\/Escudo-do-Bahia.webp","width":2048,"height":1366,"caption":"Escudo do Bahia (Foto: Reprodu\u00e7\u00e3o)"},{"@type":"BreadcrumbList","@id":"https:\/\/www.gaveanews.com\/index.php\/2024\/11\/22\/jogador-fora-da-temporada-declaracao-de-abel-ferreira-e-recado-de-rogerio-ceni-as-ultimas-noticias-do-bahia\/#breadcrumb","itemListElement":[{"@type":"ListItem","position":1,"name":"Home","item":"https:\/\/www.gaveanews.com\/"},{"@type":"ListItem","position":2,"name":"Jogador fora da temporada, declara\u00e7\u00e3o de Abel Ferreira e recado de Rog\u00e9rio Ceni: as \u00faltimas not\u00edcias do Bahia"}]},{"@type":"WebSite","@id":"https:\/\/www.gaveanews.com\/#website","url":"https:\/\/www.gaveanews.com\/","name":"G\u00e1vea News","description":"Veja todas as not\u00edcias sobre o Flamengo: Contrata\u00e7\u00f5es, categorias de base, resultados das partidas, tabela de classifica\u00e7\u00e3o, pr\u00f3ximos jogos!","potentialAction":[{"@type":"SearchAction","target":{"@type":"EntryPoint","urlTemplate":"https:\/\/www.gaveanews.com\/?s={search_term_string}"},"query-input":{"@type":"PropertyValueSpecification","valueRequired":true,"valueName":"search_term_string"}}],"inLanguage":"pt-BR"},{"@type":"Person","@id":"https:\/\/www.gaveanews.com\/#\/schema\/person\/8207cd4627f56151707418bfc835b2fb","name":"Matheus Felipe","image":{"@type":"ImageObject","inLanguage":"pt-BR","@id":"https:\/\/www.gaveanews.com\/#\/schema\/person\/image\/","url":"https:\/\/secure.gravatar.com\/avatar\/a452ffbed9130f726358b298bb3a99ce4bd3c5338411f8440e87e14d74c7c087?s=96&d=mm&r=g","contentUrl":"https:\/\/secure.gravatar.com\/avatar\/a452ffbed9130f726358b298bb3a99ce4bd3c5338411f8440e87e14d74c7c087?s=96&d=mm&r=g","caption":"Matheus Felipe"}}]}},"_links":{"self":[{"href":"https:\/\/www.gaveanews.com\/index.php\/wp-json\/wp\/v2\/posts\/188869","targetHints":{"allow":["GET"]}}],"collection":[{"href":"https:\/\/www.gaveanews.com\/index.php\/wp-json\/wp\/v2\/posts"}],"about":[{"href":"https:\/\/www.gaveanews.com\/index.php\/wp-json\/wp\/v2\/types\/post"}],"author":[{"embeddable":true,"href":"https:\/\/www.gaveanews.com\/index.php\/wp-json\/wp\/v2\/users\/27"}],"replies":[{"embeddable":true,"href":"https:\/\/www.gaveanews.com\/index.php\/wp-json\/wp\/v2\/comments?post=188869"}],"version-history":[{"count":1,"href":"https:\/\/www.gaveanews.com\/index.php\/wp-json\/wp\/v2\/posts\/188869\/revisions"}],"predecessor-version":[{"id":188870,"href":"https:\/\/www.gaveanews.com\/index.php\/wp-json\/wp\/v2\/posts\/188869\/revisions\/188870"}],"wp:featuredmedia":[{"embeddable":true,"href":"https:\/\/www.gaveanews.com\/index.php\/wp-json\/wp\/v2\/media\/155116"}],"wp:attachment":[{"href":"https:\/\/www.gaveanews.com\/index.php\/wp-json\/wp\/v2\/media?parent=188869"}],"wp:term":[{"taxonomy":"category","embeddable":true,"href":"https:\/\/www.gaveanews.com\/index.php\/wp-json\/wp\/v2\/categories?post=188869"},{"taxonomy":"post_tag","embeddable":true,"href":"https:\/\/www.gaveanews.com\/index.php\/wp-json\/wp\/v2\/tags?post=188869"}],"curies":[{"name":"wp","href":"https:\/\/api.w.org\/{rel}","templated":true}]}}