{"id":189144,"date":"2024-11-22T21:35:00","date_gmt":"2024-11-23T00:35:00","guid":{"rendered":"https:\/\/www.gaveanews.com\/?p=189144"},"modified":"2024-11-22T19:59:21","modified_gmt":"2024-11-22T22:59:21","slug":"leila-pereira-alcanca-feito-historico-no-comando-do-palmeiras","status":"publish","type":"post","link":"https:\/\/www.gaveanews.com\/index.php\/2024\/11\/22\/leila-pereira-alcanca-feito-historico-no-comando-do-palmeiras\/","title":{"rendered":"Leila Pereira alcan\u00e7a feito hist\u00f3rico no comando do Palmeiras"},"content":{"rendered":"\n<h2 class=\"wp-block-heading\" id=\"h-gestao-da-atual-presidente-do-clube-e-super-vitoriosa-veja-mais\">Gest\u00e3o da atual presidente do clube \u00e9 super vitoriosa; veja mais<\/h2>\n\n\n\n<p>A gest\u00e3o de Leila Pereira \u00e9 super vitoriosa, e o Palmeiras vem colecionando diversos t\u00edtulos, seja na base, no time masculino ou time feminino. Na \u00faltima quarta-feira (20), o time profissional feminino do Verd\u00e3o faturou o Campeonato Paulista e Leila chegou ao seu 33\u00b0 t\u00edtulo em sua gest\u00e3o. <\/p>\n\n\n\n<ul class=\"wp-block-list\">\n<li><a href=\"https:\/\/www.gaveanews.com\/index.php\/2024\/11\/22\/atletico-go-x-palmeiras-pode-ter-alteracao-importante\/\">Atl\u00e9tico-GO x Palmeiras pode ter altera\u00e7\u00e3o importante<\/a><\/li>\n\n\n\n<li><a href=\"https:\/\/www.gaveanews.com\/index.php\/2024\/11\/22\/ele-estava-esquecido-no-palmeiras-mas-agora-vai-ganhar-mais-oportunidades-com-abel-ferreira\/\">Ele estava esquecido no Palmeiras mas agora vai ganhar mais oportunidades com Abel Ferreira<\/a><\/li>\n<\/ul>\n\n\n\n<p>Na conta, entram as competi\u00e7\u00f5es que s\u00e3o organizadas pela Conmebol (Confedera\u00e7\u00e3o Sul-Americana de Futebol), CBF (Confedera\u00e7\u00e3o Brasileira de Futebol) e FPF (Federa\u00e7\u00e3o Paulista de Futebol), que seriam os torneios como Libertadores, Copa do Brasil, Brasileir\u00e3o, Copa do Brasil e Paulist\u00e3o. <\/p>\n\n\n\n<p>No total, desde que Leila Pereira assumiu a presid\u00eancia do Palmeiras, o clube faturou sete<strong>\u00a0<\/strong>trof\u00e9us no futebol masculino profissional,\u00a0tr\u00eas<strong>\u00a0<\/strong>no futebol feminino profissional e mais\u00a023<strong>\u00a0<\/strong>nas categorias de base, que vem sendo muito forte pelos grandes investimentos nos \u00faltimos anos. <\/p>\n\n\n\n<p>Esse n\u00famero pode aumentar ainda esse ano, j\u00e1 que o Palmeiras segue vivo na disputa do t\u00edtulo do Campeonato Brasileiro de 2024. Nesse momento, o Verd\u00e3o \u00e9 o vice-l\u00edder da competi\u00e7\u00e3o com 67 pontos, apenas dois a menos que o l\u00edder Botafogo. Vale lembrar que as equipes ainda possuem um confronto direto. Portanto, o clube de Leila Pereira depende apenas de si para empilhar mais uma ta\u00e7a. <\/p>\n\n\n\n<h2 class=\"wp-block-heading\" id=\"h-titulos-na-gestao-de-leila-pereira\">T\u00edtulos na gest\u00e3o de Leila Pereira:<\/h2>\n\n\n\n<ul class=\"wp-block-list\">\n<li><strong>Futebol masculino:<\/strong><\/li>\n\n\n\n<li>Campeonato Brasileiro (2022 e 2023)<\/li>\n\n\n\n<li>Campeonato Paulista (2022, 2023 e 2024)<\/li>\n\n\n\n<li>Recopa Sul-Americana (2022)<\/li>\n\n\n\n<li>Supercopa do Brasil (2023)<\/li>\n<\/ul>\n\n\n\n<ul class=\"wp-block-list\">\n<li><strong>Futebol feminino:<\/strong><\/li>\n\n\n\n<li>CONMEBOL Libertadores (2022)<\/li>\n\n\n\n<li>Campeonato Paulista (2022 e 2024)<\/li>\n<\/ul>\n\n\n\n<ul class=\"wp-block-list\">\n<li><strong>Sub-20:<\/strong><\/li>\n\n\n\n<li>Copa S\u00e3o Paulo de Futebol J\u00fanior (2022 e 2023)<\/li>\n\n\n\n<li>Campeonato Brasileiro (2022 e 2024)<\/li>\n\n\n\n<li>Copa do Brasil (2022)<\/li>\n\n\n\n<li>Supercopa do Brasil (2022)<\/li>\n\n\n\n<li>Campeonato Paulista (2023)<\/li>\n<\/ul>\n\n\n\n<ul class=\"wp-block-list\">\n<li><strong>Sub-17:<\/strong><\/li>\n\n\n\n<li>Campeonato Brasileiro (2022 e 2023)<\/li>\n\n\n\n<li>Copa do Brasil (2022 e 2023)<\/li>\n\n\n\n<li>Supercopa do Brasil (2022)<\/li>\n\n\n\n<li>Campeonato Paulista (2022)<\/li>\n<\/ul>\n\n\n\n<ul class=\"wp-block-list\">\n<li><strong>Sub-15:<\/strong><\/li>\n\n\n\n<li>Campeonato Paulista (2022, 2023 e 2024)<\/li>\n<\/ul>\n\n\n\n<ul class=\"wp-block-list\">\n<li><strong>Sub-14:<\/strong><\/li>\n\n\n\n<li>Campeonato Paulista (2023)<\/li>\n\n\n\n<li>Conmebol Magic Cup (2022)<\/li>\n<\/ul>\n\n\n\n<ul class=\"wp-block-list\">\n<li><strong>Sub-13:<\/strong><\/li>\n\n\n\n<li>CONMEBOL Libertadores (2022 e 2024)<\/li>\n\n\n\n<li>Campeonato Paulista (2022 e 2023)<\/li>\n<\/ul>\n\n\n\n<ul class=\"wp-block-list\">\n<li><strong>Sub-11:<\/strong><\/li>\n\n\n\n<li>Campeonato Paulista (2023)<\/li>\n<\/ul>\n","protected":false},"excerpt":{"rendered":"<p>Gest\u00e3o da atual presidente do clube \u00e9 super vitoriosa; veja mais A gest\u00e3o de Leila Pereira \u00e9 super vitoriosa, e o Palmeiras vem colecionando diversos t\u00edtulos, seja na base, no time masculino ou time feminino. Na \u00faltima quarta-feira (20), o time profissional feminino do Verd\u00e3o faturou o Campeonato Paulista e Leila chegou ao seu 33\u00b0 [&hellip;]<\/p>\n","protected":false},"author":21,"featured_media":108277,"comment_status":"open","ping_status":"closed","sticky":false,"template":"","format":"standard","meta":{"footnotes":""},"categories":[150],"tags":[],"class_list":["post-189144","post","type-post","status-publish","format-standard","has-post-thumbnail","hentry","category-palmeiras"],"yoast_head":"<!-- This site is optimized with the Yoast SEO Premium plugin v24.2 (Yoast SEO v26.9) - https:\/\/yoast.com\/product\/yoast-seo-premium-wordpress\/ -->\n<title>Leila Pereira alcan\u00e7a feito hist\u00f3rico no comando do Palmeiras<\/title>\n<meta name=\"robots\" content=\"index, follow, max-snippet:-1, max-image-preview:large, max-video-preview:-1\" \/>\n<link rel=\"canonical\" href=\"https:\/\/www.gaveanews.com\/index.php\/2024\/11\/22\/leila-pereira-alcanca-feito-historico-no-comando-do-palmeiras\/\" \/>\n<meta property=\"og:locale\" content=\"pt_BR\" \/>\n<meta property=\"og:type\" content=\"article\" \/>\n<meta property=\"og:title\" content=\"Leila Pereira alcan\u00e7a feito hist\u00f3rico no comando do Palmeiras\" \/>\n<meta property=\"og:description\" content=\"Gest\u00e3o da atual presidente do clube \u00e9 super vitoriosa; veja mais A gest\u00e3o de Leila Pereira \u00e9 super vitoriosa, e o Palmeiras vem colecionando diversos t\u00edtulos, seja na base, no time masculino ou time feminino. Na \u00faltima quarta-feira (20), o time profissional feminino do Verd\u00e3o faturou o Campeonato Paulista e Leila chegou ao seu 33\u00b0 [&hellip;]\" \/>\n<meta property=\"og:url\" content=\"https:\/\/www.gaveanews.com\/index.php\/2024\/11\/22\/leila-pereira-alcanca-feito-historico-no-comando-do-palmeiras\/\" \/>\n<meta property=\"og:site_name\" content=\"G\u00e1vea News\" \/>\n<meta property=\"article:publisher\" content=\"https:\/\/facebook.com\/gaveaNews\/\" \/>\n<meta property=\"article:published_time\" content=\"2024-11-23T00:35:00+00:00\" \/>\n<meta property=\"og:image\" content=\"https:\/\/www.gaveanews.com\/wp-content\/uploads\/Leila-Pereira-durante-coletiva-do-Palmeiras.webp\" \/>\n\t<meta property=\"og:image:width\" content=\"1200\" \/>\n\t<meta property=\"og:image:height\" content=\"750\" \/>\n\t<meta property=\"og:image:type\" content=\"image\/webp\" \/>\n<meta name=\"author\" content=\"Andr\u00e9 Serra\" \/>\n<meta name=\"twitter:card\" content=\"summary_large_image\" \/>\n<meta name=\"twitter:label1\" content=\"Escrito por\" \/>\n\t<meta name=\"twitter:data1\" content=\"Andr\u00e9 Serra\" \/>\n\t<meta name=\"twitter:label2\" content=\"Est. tempo de leitura\" \/>\n\t<meta name=\"twitter:data2\" content=\"3 minutos\" \/>\n<script type=\"application\/ld+json\" class=\"yoast-schema-graph\">{\"@context\":\"https:\/\/schema.org\",\"@graph\":[{\"@type\":\"NewsArticle\",\"@id\":\"https:\/\/www.gaveanews.com\/index.php\/2024\/11\/22\/leila-pereira-alcanca-feito-historico-no-comando-do-palmeiras\/#article\",\"isPartOf\":{\"@id\":\"https:\/\/www.gaveanews.com\/index.php\/2024\/11\/22\/leila-pereira-alcanca-feito-historico-no-comando-do-palmeiras\/\"},\"author\":{\"name\":\"Andr\u00e9 Serra\",\"@id\":\"https:\/\/www.gaveanews.com\/#\/schema\/person\/0277a79a1289c451c281ec0411d84f0c\"},\"headline\":\"Leila Pereira alcan\u00e7a feito hist\u00f3rico no comando do Palmeiras\",\"datePublished\":\"2024-11-23T00:35:00+00:00\",\"mainEntityOfPage\":{\"@id\":\"https:\/\/www.gaveanews.com\/index.php\/2024\/11\/22\/leila-pereira-alcanca-feito-historico-no-comando-do-palmeiras\/\"},\"wordCount\":340,\"commentCount\":0,\"image\":{\"@id\":\"https:\/\/www.gaveanews.com\/index.php\/2024\/11\/22\/leila-pereira-alcanca-feito-historico-no-comando-do-palmeiras\/#primaryimage\"},\"thumbnailUrl\":\"https:\/\/www.gaveanews.com\/wp-content\/uploads\/Leila-Pereira-durante-coletiva-do-Palmeiras.webp\",\"articleSection\":[\"Palmeiras\"],\"inLanguage\":\"pt-BR\",\"potentialAction\":[{\"@type\":\"CommentAction\",\"name\":\"Comment\",\"target\":[\"https:\/\/www.gaveanews.com\/index.php\/2024\/11\/22\/leila-pereira-alcanca-feito-historico-no-comando-do-palmeiras\/#respond\"]}],\"copyrightYear\":\"2024\",\"copyrightHolder\":{\"@id\":\"https:\/\/www.gaveanews.com\/#organization\"}},{\"@type\":\"WebPage\",\"@id\":\"https:\/\/www.gaveanews.com\/index.php\/2024\/11\/22\/leila-pereira-alcanca-feito-historico-no-comando-do-palmeiras\/\",\"url\":\"https:\/\/www.gaveanews.com\/index.php\/2024\/11\/22\/leila-pereira-alcanca-feito-historico-no-comando-do-palmeiras\/\",\"name\":\"Leila Pereira alcan\u00e7a feito hist\u00f3rico no comando do Palmeiras\",\"isPartOf\":{\"@id\":\"https:\/\/www.gaveanews.com\/#website\"},\"primaryImageOfPage\":{\"@id\":\"https:\/\/www.gaveanews.com\/index.php\/2024\/11\/22\/leila-pereira-alcanca-feito-historico-no-comando-do-palmeiras\/#primaryimage\"},\"image\":{\"@id\":\"https:\/\/www.gaveanews.com\/index.php\/2024\/11\/22\/leila-pereira-alcanca-feito-historico-no-comando-do-palmeiras\/#primaryimage\"},\"thumbnailUrl\":\"https:\/\/www.gaveanews.com\/wp-content\/uploads\/Leila-Pereira-durante-coletiva-do-Palmeiras.webp\",\"datePublished\":\"2024-11-23T00:35:00+00:00\",\"author\":{\"@id\":\"https:\/\/www.gaveanews.com\/#\/schema\/person\/0277a79a1289c451c281ec0411d84f0c\"},\"breadcrumb\":{\"@id\":\"https:\/\/www.gaveanews.com\/index.php\/2024\/11\/22\/leila-pereira-alcanca-feito-historico-no-comando-do-palmeiras\/#breadcrumb\"},\"inLanguage\":\"pt-BR\",\"potentialAction\":[{\"@type\":\"ReadAction\",\"target\":[\"https:\/\/www.gaveanews.com\/index.php\/2024\/11\/22\/leila-pereira-alcanca-feito-historico-no-comando-do-palmeiras\/\"]}]},{\"@type\":\"ImageObject\",\"inLanguage\":\"pt-BR\",\"@id\":\"https:\/\/www.gaveanews.com\/index.php\/2024\/11\/22\/leila-pereira-alcanca-feito-historico-no-comando-do-palmeiras\/#primaryimage\",\"url\":\"https:\/\/www.gaveanews.com\/wp-content\/uploads\/Leila-Pereira-durante-coletiva-do-Palmeiras.webp\",\"contentUrl\":\"https:\/\/www.gaveanews.com\/wp-content\/uploads\/Leila-Pereira-durante-coletiva-do-Palmeiras.webp\",\"width\":1200,\"height\":750,\"caption\":\"Leila Pereira durante coletiva do Palmeiras (Foto: Reprodu\u00e7\u00e3o)\"},{\"@type\":\"BreadcrumbList\",\"@id\":\"https:\/\/www.gaveanews.com\/index.php\/2024\/11\/22\/leila-pereira-alcanca-feito-historico-no-comando-do-palmeiras\/#breadcrumb\",\"itemListElement\":[{\"@type\":\"ListItem\",\"position\":1,\"name\":\"Home\",\"item\":\"https:\/\/www.gaveanews.com\/\"},{\"@type\":\"ListItem\",\"position\":2,\"name\":\"Leila Pereira alcan\u00e7a feito hist\u00f3rico no comando do Palmeiras\"}]},{\"@type\":\"WebSite\",\"@id\":\"https:\/\/www.gaveanews.com\/#website\",\"url\":\"https:\/\/www.gaveanews.com\/\",\"name\":\"G\u00e1vea News\",\"description\":\"Veja todas as not\u00edcias sobre o Flamengo: Contrata\u00e7\u00f5es, categorias de base, resultados das partidas, tabela de classifica\u00e7\u00e3o, pr\u00f3ximos jogos!\",\"potentialAction\":[{\"@type\":\"SearchAction\",\"target\":{\"@type\":\"EntryPoint\",\"urlTemplate\":\"https:\/\/www.gaveanews.com\/?s={search_term_string}\"},\"query-input\":{\"@type\":\"PropertyValueSpecification\",\"valueRequired\":true,\"valueName\":\"search_term_string\"}}],\"inLanguage\":\"pt-BR\"},{\"@type\":\"Person\",\"@id\":\"https:\/\/www.gaveanews.com\/#\/schema\/person\/0277a79a1289c451c281ec0411d84f0c\",\"name\":\"Andr\u00e9 Serra\",\"image\":{\"@type\":\"ImageObject\",\"inLanguage\":\"pt-BR\",\"@id\":\"https:\/\/www.gaveanews.com\/#\/schema\/person\/image\/\",\"url\":\"https:\/\/secure.gravatar.com\/avatar\/d7231369fe48db93292b3e88eb2162dbd9a34a47a8437d9ef3bcaca2a86a83d7?s=96&d=mm&r=g\",\"contentUrl\":\"https:\/\/secure.gravatar.com\/avatar\/d7231369fe48db93292b3e88eb2162dbd9a34a47a8437d9ef3bcaca2a86a83d7?s=96&d=mm&r=g\",\"caption\":\"Andr\u00e9 Serra\"}}]}<\/script>\n<!-- \/ Yoast SEO Premium plugin. -->","yoast_head_json":{"title":"Leila Pereira alcan\u00e7a feito hist\u00f3rico no comando do Palmeiras","robots":{"index":"index","follow":"follow","max-snippet":"max-snippet:-1","max-image-preview":"max-image-preview:large","max-video-preview":"max-video-preview:-1"},"canonical":"https:\/\/www.gaveanews.com\/index.php\/2024\/11\/22\/leila-pereira-alcanca-feito-historico-no-comando-do-palmeiras\/","og_locale":"pt_BR","og_type":"article","og_title":"Leila Pereira alcan\u00e7a feito hist\u00f3rico no comando do Palmeiras","og_description":"Gest\u00e3o da atual presidente do clube \u00e9 super vitoriosa; veja mais A gest\u00e3o de Leila Pereira \u00e9 super vitoriosa, e o Palmeiras vem colecionando diversos t\u00edtulos, seja na base, no time masculino ou time feminino. Na \u00faltima quarta-feira (20), o time profissional feminino do Verd\u00e3o faturou o Campeonato Paulista e Leila chegou ao seu 33\u00b0 [&hellip;]","og_url":"https:\/\/www.gaveanews.com\/index.php\/2024\/11\/22\/leila-pereira-alcanca-feito-historico-no-comando-do-palmeiras\/","og_site_name":"G\u00e1vea News","article_publisher":"https:\/\/facebook.com\/gaveaNews\/","article_published_time":"2024-11-23T00:35:00+00:00","og_image":[{"width":1200,"height":750,"url":"https:\/\/www.gaveanews.com\/wp-content\/uploads\/Leila-Pereira-durante-coletiva-do-Palmeiras.webp","type":"image\/webp"}],"author":"Andr\u00e9 Serra","twitter_card":"summary_large_image","twitter_misc":{"Escrito por":"Andr\u00e9 Serra","Est. tempo de leitura":"3 minutos"},"schema":{"@context":"https:\/\/schema.org","@graph":[{"@type":"NewsArticle","@id":"https:\/\/www.gaveanews.com\/index.php\/2024\/11\/22\/leila-pereira-alcanca-feito-historico-no-comando-do-palmeiras\/#article","isPartOf":{"@id":"https:\/\/www.gaveanews.com\/index.php\/2024\/11\/22\/leila-pereira-alcanca-feito-historico-no-comando-do-palmeiras\/"},"author":{"name":"Andr\u00e9 Serra","@id":"https:\/\/www.gaveanews.com\/#\/schema\/person\/0277a79a1289c451c281ec0411d84f0c"},"headline":"Leila Pereira alcan\u00e7a feito hist\u00f3rico no comando do Palmeiras","datePublished":"2024-11-23T00:35:00+00:00","mainEntityOfPage":{"@id":"https:\/\/www.gaveanews.com\/index.php\/2024\/11\/22\/leila-pereira-alcanca-feito-historico-no-comando-do-palmeiras\/"},"wordCount":340,"commentCount":0,"image":{"@id":"https:\/\/www.gaveanews.com\/index.php\/2024\/11\/22\/leila-pereira-alcanca-feito-historico-no-comando-do-palmeiras\/#primaryimage"},"thumbnailUrl":"https:\/\/www.gaveanews.com\/wp-content\/uploads\/Leila-Pereira-durante-coletiva-do-Palmeiras.webp","articleSection":["Palmeiras"],"inLanguage":"pt-BR","potentialAction":[{"@type":"CommentAction","name":"Comment","target":["https:\/\/www.gaveanews.com\/index.php\/2024\/11\/22\/leila-pereira-alcanca-feito-historico-no-comando-do-palmeiras\/#respond"]}],"copyrightYear":"2024","copyrightHolder":{"@id":"https:\/\/www.gaveanews.com\/#organization"}},{"@type":"WebPage","@id":"https:\/\/www.gaveanews.com\/index.php\/2024\/11\/22\/leila-pereira-alcanca-feito-historico-no-comando-do-palmeiras\/","url":"https:\/\/www.gaveanews.com\/index.php\/2024\/11\/22\/leila-pereira-alcanca-feito-historico-no-comando-do-palmeiras\/","name":"Leila Pereira alcan\u00e7a feito hist\u00f3rico no comando do Palmeiras","isPartOf":{"@id":"https:\/\/www.gaveanews.com\/#website"},"primaryImageOfPage":{"@id":"https:\/\/www.gaveanews.com\/index.php\/2024\/11\/22\/leila-pereira-alcanca-feito-historico-no-comando-do-palmeiras\/#primaryimage"},"image":{"@id":"https:\/\/www.gaveanews.com\/index.php\/2024\/11\/22\/leila-pereira-alcanca-feito-historico-no-comando-do-palmeiras\/#primaryimage"},"thumbnailUrl":"https:\/\/www.gaveanews.com\/wp-content\/uploads\/Leila-Pereira-durante-coletiva-do-Palmeiras.webp","datePublished":"2024-11-23T00:35:00+00:00","author":{"@id":"https:\/\/www.gaveanews.com\/#\/schema\/person\/0277a79a1289c451c281ec0411d84f0c"},"breadcrumb":{"@id":"https:\/\/www.gaveanews.com\/index.php\/2024\/11\/22\/leila-pereira-alcanca-feito-historico-no-comando-do-palmeiras\/#breadcrumb"},"inLanguage":"pt-BR","potentialAction":[{"@type":"ReadAction","target":["https:\/\/www.gaveanews.com\/index.php\/2024\/11\/22\/leila-pereira-alcanca-feito-historico-no-comando-do-palmeiras\/"]}]},{"@type":"ImageObject","inLanguage":"pt-BR","@id":"https:\/\/www.gaveanews.com\/index.php\/2024\/11\/22\/leila-pereira-alcanca-feito-historico-no-comando-do-palmeiras\/#primaryimage","url":"https:\/\/www.gaveanews.com\/wp-content\/uploads\/Leila-Pereira-durante-coletiva-do-Palmeiras.webp","contentUrl":"https:\/\/www.gaveanews.com\/wp-content\/uploads\/Leila-Pereira-durante-coletiva-do-Palmeiras.webp","width":1200,"height":750,"caption":"Leila Pereira durante coletiva do Palmeiras (Foto: Reprodu\u00e7\u00e3o)"},{"@type":"BreadcrumbList","@id":"https:\/\/www.gaveanews.com\/index.php\/2024\/11\/22\/leila-pereira-alcanca-feito-historico-no-comando-do-palmeiras\/#breadcrumb","itemListElement":[{"@type":"ListItem","position":1,"name":"Home","item":"https:\/\/www.gaveanews.com\/"},{"@type":"ListItem","position":2,"name":"Leila Pereira alcan\u00e7a feito hist\u00f3rico no comando do Palmeiras"}]},{"@type":"WebSite","@id":"https:\/\/www.gaveanews.com\/#website","url":"https:\/\/www.gaveanews.com\/","name":"G\u00e1vea News","description":"Veja todas as not\u00edcias sobre o Flamengo: Contrata\u00e7\u00f5es, categorias de base, resultados das partidas, tabela de classifica\u00e7\u00e3o, pr\u00f3ximos jogos!","potentialAction":[{"@type":"SearchAction","target":{"@type":"EntryPoint","urlTemplate":"https:\/\/www.gaveanews.com\/?s={search_term_string}"},"query-input":{"@type":"PropertyValueSpecification","valueRequired":true,"valueName":"search_term_string"}}],"inLanguage":"pt-BR"},{"@type":"Person","@id":"https:\/\/www.gaveanews.com\/#\/schema\/person\/0277a79a1289c451c281ec0411d84f0c","name":"Andr\u00e9 Serra","image":{"@type":"ImageObject","inLanguage":"pt-BR","@id":"https:\/\/www.gaveanews.com\/#\/schema\/person\/image\/","url":"https:\/\/secure.gravatar.com\/avatar\/d7231369fe48db93292b3e88eb2162dbd9a34a47a8437d9ef3bcaca2a86a83d7?s=96&d=mm&r=g","contentUrl":"https:\/\/secure.gravatar.com\/avatar\/d7231369fe48db93292b3e88eb2162dbd9a34a47a8437d9ef3bcaca2a86a83d7?s=96&d=mm&r=g","caption":"Andr\u00e9 Serra"}}]}},"_links":{"self":[{"href":"https:\/\/www.gaveanews.com\/index.php\/wp-json\/wp\/v2\/posts\/189144","targetHints":{"allow":["GET"]}}],"collection":[{"href":"https:\/\/www.gaveanews.com\/index.php\/wp-json\/wp\/v2\/posts"}],"about":[{"href":"https:\/\/www.gaveanews.com\/index.php\/wp-json\/wp\/v2\/types\/post"}],"author":[{"embeddable":true,"href":"https:\/\/www.gaveanews.com\/index.php\/wp-json\/wp\/v2\/users\/21"}],"replies":[{"embeddable":true,"href":"https:\/\/www.gaveanews.com\/index.php\/wp-json\/wp\/v2\/comments?post=189144"}],"version-history":[{"count":1,"href":"https:\/\/www.gaveanews.com\/index.php\/wp-json\/wp\/v2\/posts\/189144\/revisions"}],"predecessor-version":[{"id":189149,"href":"https:\/\/www.gaveanews.com\/index.php\/wp-json\/wp\/v2\/posts\/189144\/revisions\/189149"}],"wp:featuredmedia":[{"embeddable":true,"href":"https:\/\/www.gaveanews.com\/index.php\/wp-json\/wp\/v2\/media\/108277"}],"wp:attachment":[{"href":"https:\/\/www.gaveanews.com\/index.php\/wp-json\/wp\/v2\/media?parent=189144"}],"wp:term":[{"taxonomy":"category","embeddable":true,"href":"https:\/\/www.gaveanews.com\/index.php\/wp-json\/wp\/v2\/categories?post=189144"},{"taxonomy":"post_tag","embeddable":true,"href":"https:\/\/www.gaveanews.com\/index.php\/wp-json\/wp\/v2\/tags?post=189144"}],"curies":[{"name":"wp","href":"https:\/\/api.w.org\/{rel}","templated":true}]}}