{"id":189243,"date":"2024-11-24T05:15:00","date_gmt":"2024-11-24T08:15:00","guid":{"rendered":"https:\/\/www.gaveanews.com\/?p=189243"},"modified":"2024-11-24T02:00:19","modified_gmt":"2024-11-24T05:00:19","slug":"mais-um-time-esta-confirmado-na-copa-do-na-copa-do-brasil","status":"publish","type":"post","link":"https:\/\/www.gaveanews.com\/index.php\/2024\/11\/24\/mais-um-time-esta-confirmado-na-copa-do-na-copa-do-brasil\/","title":{"rendered":"Mais um time est\u00e1 confirmado na Copa do na Copa do Brasil"},"content":{"rendered":"\n<p>A equipe da Portuguesa ter\u00e1 o seu calend\u00e1rio cheio no ano de 2025. Isso porque o clube lusitano conquistou a t\u00e3o sonhada vaga para disputar a Copa do Brasil na noite de quinta-feira (21).<\/p>\n\n\n\n<ul class=\"wp-block-list\">\n<li><a href=\"https:\/\/www.gaveanews.com\/index.php\/2022\/06\/26\/sbt-faz-proposta-alta-pela-copa-do-brasil-mas-cbf-da-preferencia-para-a-globo-entenda\/\">SBT faz proposta alta pela Copa do Brasil mas CBF d\u00e1 prefer\u00eancia para a Globo; entenda<\/a><\/li>\n\n\n\n<li><a href=\"https:\/\/www.gaveanews.com\/index.php\/2023\/04\/26\/copa-do-brasil-tecnico-do-maringa-fala-sobre-postura-em-jogo-de-volta-contra-o-flamengo\/\">Copa do Brasil: t\u00e9cnico do Maring\u00e1 fala sobre postura em jogo de volta contra o Flamengo<\/a><\/li>\n<\/ul>\n\n\n\n<h2 class=\"wp-block-heading\" id=\"h-disputara-tres-competicoes\">Disputar\u00e1 tr\u00eas competi\u00e7\u00f5es<\/h2>\n\n\n\n<p>Com isso, a equipe atualmente disputar\u00e1 <strong>tr\u00eas <\/strong>competi\u00e7\u00f5es na pr\u00f3xima temporada, sendo elas: o <strong>Campeonato Paulista<\/strong>, o <strong>Brasileir\u00e3o S\u00e9rie D<\/strong> e a <strong>Copa do Brasil<\/strong>.<\/p>\n\n\n\n<p>Onde a Copa do Brasil era a \u00faltima oportunidade que faltava para a classifica\u00e7\u00e3o da Portuguesa, que se encaixou ap\u00f3s a derrota do Vasco para o Internacional, nesta quinta (21), pelo Brasileir\u00e3o.<\/p>\n\n\n\n<p>Isto acabou garantindo ao S\u00e3o Paulo ter ao menos a oitava coloca\u00e7\u00e3o na tabela do Campeonato Brasileiro do ano de 2024.<\/p>\n\n\n\n<h2 class=\"wp-block-heading\" id=\"h-entenda-como-funciona-as-classificacoes\">Entenda como funciona as classifica\u00e7\u00f5es<\/h2>\n\n\n\n<p>E caso n\u00e3o saiba, os oito primeiros colocados da tabela v\u00e3o direto para a terceira fase da Copa do Brasil do ano que est\u00e1 por vir, ap\u00f3s o fim do Campeonato Brasileiro do ano anterior.<\/p>\n\n\n\n<p>Assim, com a coloca\u00e7\u00e3o do S\u00e3o Paulo, abriu-se mais uma vaga na primeira fase via Campeonato Paulista, e a Lusa era a equipe pr\u00f3xima da fila para conseguir participar.<\/p>\n\n\n\n<h2 class=\"wp-block-heading\" id=\"h-conheca-os-clubes-garantidos-na-terceira-fase-da-copa-do-brasil-de-2025\">Conhe\u00e7a os clubes garantidos na terceira fase da Copa do Brasil de 2025:<\/h2>\n\n\n\n<ul class=\"wp-block-list\">\n<li><strong>Botafogo<\/strong>\u00a0(se classificou para Libertadores via Brasileiro);<\/li>\n\n\n\n<li><strong>Palmeiras<\/strong>\u00a0(se classificou para Libertadores via Brasileiro);<\/li>\n\n\n\n<li><strong>Fortaleza<\/strong>\u00a0(se classificou para Libertadores via Brasileiro);<\/li>\n\n\n\n<li><strong>Internacional<\/strong>\u00a0(se classificou para Libertadores via Brasileiro);<\/li>\n\n\n\n<li><strong>Paysandu<\/strong>\u00a0(campe\u00e3o da Copa Verde);<\/li>\n\n\n\n<li><strong>Flamengo\u00a0<\/strong>(se classificou para Libertadores como campe\u00e3o da Copa do Brasil);<\/li>\n\n\n\n<li><strong>CRB<\/strong>\u00a0(classificado com o vice-campeonato da Copa do Nordeste);<\/li>\n\n\n\n<li><strong>Santos<\/strong>\u00a0(campe\u00e3o da S\u00e9rie B do Brasileiro);<\/li>\n\n\n\n<li><strong>S\u00e3o Paulo<\/strong>\u00a0(garantido no G-8 do Brasileir\u00e3o)<\/li>\n\n\n\n<li>Outras tr\u00eas vagas via Brasileiro\/classifica\u00e7\u00e3o para Libertadores.<\/li>\n<\/ul>\n\n\n\n<h2 class=\"wp-block-heading\" id=\"h-entenda-como-a-lusa-conseguiu-a-vaga\">Entenda como a Lusa conseguiu a vaga<\/h2>\n\n\n\n<p>Com isso, a Lusa, por ter se classificado para as quartas de final do Paulist\u00e3o deste ano, ainda poderia conquistar uma vaga na Copa do Brasil do ano que vem <strong>dependendo de uma combina\u00e7\u00e3o de fatores<\/strong>.<\/p>\n\n\n\n<p>Entre eles, como ficariam os posicionamentos de <strong>Palmeiras <\/strong>e <strong>S\u00e3o Paulo<\/strong> que precisavam ficar entre os <strong>oito primeiros<\/strong> pelo Brasileir\u00e3o.<\/p>\n\n\n\n<p>Al\u00e9m disso, a Lusa ainda precisava que o outros clubes paulistas, como <strong>Santos <\/strong>ou <strong>Novorizontino<\/strong>, ainda <strong>conquistassem a S\u00e9rie B<\/strong>.<\/p>\n\n\n\n<p>Onde a equipe <strong>santista <\/strong>se sagrou campe\u00e3 no \u00faltimo fim de semana, e o <strong>Palmeiras<\/strong>, que est\u00e1 como o atual vice-l\u00edder do Brasileir\u00e3o, j\u00e1 havia assegurado seu passaporte.<\/p>\n\n\n\n<p>Com isso, s\u00f3 restava \u00e0 equipe do <strong>S\u00e3o Paulo<\/strong> cumprir o seu papel e, com isso, ainda dar a chance da <strong>Lusa <\/strong>conquistar a sua vaga tamb\u00e9m.<\/p>\n\n\n\n<h2 class=\"wp-block-heading\" id=\"h-conheca-as-equipes-classificadas-para-copa-do-brasil-2025-ate-o-momento\">Conhe\u00e7a as equipes classificadas para Copa do Brasil 2025 at\u00e9 o momento:<\/h2>\n\n\n\n<ul class=\"wp-block-list\">\n<li><strong>Acre:<\/strong>\u00a0Independ\u00eancia e Humait\u00e1;<\/li>\n\n\n\n<li><strong>Alagoas:\u00a0<\/strong>CSE, CRB, ASA e CSA;<\/li>\n\n\n\n<li><strong>Amap\u00e1:\u00a0<\/strong>Orat\u00f3rio e Trem;<\/li>\n\n\n\n<li><strong>Amazonas:\u00a0<\/strong>Amazonas e Manaus;<\/li>\n\n\n\n<li><strong>Bahia:\u00a0<\/strong>Bahia, Vit\u00f3ria e Barcelona de Ilh\u00e9us;<\/li>\n\n\n\n<li><strong>Cear\u00e1:\u00a0<\/strong>Cear\u00e1, Maracan\u00e3, Fortaleza e (campe\u00e3o Ta\u00e7a Fares Lopes);<\/li>\n\n\n\n<li><strong>Distrito Federal:<\/strong>\u00a0Capital-DF e Ceil\u00e2ndia;<\/li>\n\n\n\n<li><strong>Esp\u00edrito Santo:<\/strong>\u00a0Rio Branco-ES e Rio Branco VN;<\/li>\n\n\n\n<li><strong>Goi\u00e1s:<\/strong>\u00a0Atl\u00e9tico-GO, Vila Nova e Aparecidense;<\/li>\n\n\n\n<li><strong>Maranh\u00e3o:\u00a0<\/strong>Sampaio Corr\u00eaa e Maranh\u00e3o;<\/li>\n\n\n\n<li><strong>Mato Grosso:<\/strong>\u00a0Uni\u00e3o Rondon\u00f3polis, Cuiab\u00e1 e Oper\u00e1rio VG;<\/li>\n\n\n\n<li><strong>Mato Grosso do Sul:<\/strong>\u00a0Dourados e Oper\u00e1rio-MS.<\/li>\n\n\n\n<li><strong>Minas Gerais:<\/strong>\u00a0Tombense, Am\u00e9rica-MG, Cruzeiro, Atl\u00e9tico-MG e Athletic Club;<\/li>\n\n\n\n<li><strong>Par\u00e1:\u00a0<\/strong>Paysandu, Remo, Tuna Luso e S\u00e3o Francisco-PA;<\/li>\n\n\n\n<li><strong>Para\u00edba:\u00a0<\/strong>Botafogo-PB e Sousa;<\/li>\n\n\n\n<li><strong>Paran\u00e1:\u00a0<\/strong>Athletico-PR, Maring\u00e1, Coritiba, Oper\u00e1rio-PR e FC Cascavel;<\/li>\n\n\n\n<li><strong>Pernambuco:<\/strong>\u00a0Sport, Retr\u00f4 e N\u00e1utico;<\/li>\n\n\n\n<li><strong>Piau\u00ed:<\/strong>\u00a0Altos e Parnahyba;<\/li>\n\n\n\n<li><strong>S\u00e3o Paulo:\u00a0<\/strong>Palmeiras, Santos, Bragantino, Novorizontino, S\u00e3o Paulo, Inter de Limeira, Votuporanguense, Ponte Preta e Portuguesa.<\/li>\n\n\n\n<li><strong>Rio de Janeiro:\u00a0<\/strong>Flamengo, Fluminense, Nova Igua\u00e7u, Vasco, Botafogo, Portuguesa-RJ e Olaria;<\/li>\n\n\n\n<li><strong>Rio Grande do Norte:\u00a0<\/strong>Am\u00e9rica-RN e Santa Cruz-RN;<\/li>\n\n\n\n<li><strong>Rio Grande do Sul:<\/strong>\u00a0Gr\u00eamio, Juventude, Internacional, Caxias e (campe\u00e3o da Copa FGF);<\/li>\n\n\n\n<li><strong>Rond\u00f4nia:\u00a0<\/strong>Barcelona-RO e Porto Velho;<\/li>\n\n\n\n<li><strong>Roraima:\u00a0<\/strong>S\u00e3o Raimundo-RR e GAS;<\/li>\n\n\n\n<li><strong>Santa Catarina:<\/strong>\u00a0Brusque, Crici\u00fama e Conc\u00f3rdia ;<\/li>\n\n\n\n<li><strong>Sergipe:<\/strong>\u00a0Confian\u00e7a e Sergipe.<\/li>\n\n\n\n<li><strong>Tocantins:\u00a0<\/strong>Uni\u00e3o-TO e Tocantin\u00f3polis.<\/li>\n<\/ul>\n","protected":false},"excerpt":{"rendered":"<p>A equipe da Portuguesa ter\u00e1 o seu calend\u00e1rio cheio no ano de 2025. Isso porque o clube lusitano conquistou a t\u00e3o sonhada vaga para disputar a Copa do Brasil na noite de quinta-feira (21). Disputar\u00e1 tr\u00eas competi\u00e7\u00f5es Com isso, a equipe atualmente disputar\u00e1 tr\u00eas competi\u00e7\u00f5es na pr\u00f3xima temporada, sendo elas: o Campeonato Paulista, o Brasileir\u00e3o [&hellip;]<\/p>\n","protected":false},"author":22,"featured_media":89335,"comment_status":"open","ping_status":"closed","sticky":false,"template":"","format":"standard","meta":{"footnotes":""},"categories":[47],"tags":[],"class_list":["post-189243","post","type-post","status-publish","format-standard","has-post-thumbnail","hentry","category-destaques"],"yoast_head":"<!-- This site is optimized with the Yoast SEO Premium plugin v24.2 (Yoast SEO v26.9) - https:\/\/yoast.com\/product\/yoast-seo-premium-wordpress\/ -->\n<title>Mais um time est\u00e1 confirmado na Copa do na Copa do Brasil<\/title>\n<meta name=\"robots\" content=\"index, follow, max-snippet:-1, max-image-preview:large, max-video-preview:-1\" \/>\n<link rel=\"canonical\" href=\"https:\/\/www.gaveanews.com\/index.php\/2024\/11\/24\/mais-um-time-esta-confirmado-na-copa-do-na-copa-do-brasil\/\" \/>\n<meta property=\"og:locale\" content=\"pt_BR\" \/>\n<meta property=\"og:type\" content=\"article\" \/>\n<meta property=\"og:title\" content=\"Mais um time est\u00e1 confirmado na Copa do na Copa do Brasil\" \/>\n<meta property=\"og:description\" content=\"A equipe da Portuguesa ter\u00e1 o seu calend\u00e1rio cheio no ano de 2025. Isso porque o clube lusitano conquistou a t\u00e3o sonhada vaga para disputar a Copa do Brasil na noite de quinta-feira (21). Disputar\u00e1 tr\u00eas competi\u00e7\u00f5es Com isso, a equipe atualmente disputar\u00e1 tr\u00eas competi\u00e7\u00f5es na pr\u00f3xima temporada, sendo elas: o Campeonato Paulista, o Brasileir\u00e3o [&hellip;]\" \/>\n<meta property=\"og:url\" content=\"https:\/\/www.gaveanews.com\/index.php\/2024\/11\/24\/mais-um-time-esta-confirmado-na-copa-do-na-copa-do-brasil\/\" \/>\n<meta property=\"og:site_name\" content=\"G\u00e1vea News\" \/>\n<meta property=\"article:publisher\" content=\"https:\/\/facebook.com\/gaveaNews\/\" \/>\n<meta property=\"article:published_time\" content=\"2024-11-24T08:15:00+00:00\" \/>\n<meta property=\"og:image\" content=\"https:\/\/www.gaveanews.com\/wp-content\/uploads\/Taca-da-Copa-do-Brasil-1.webp\" \/>\n\t<meta property=\"og:image:width\" content=\"799\" \/>\n\t<meta property=\"og:image:height\" content=\"534\" \/>\n\t<meta property=\"og:image:type\" content=\"image\/jpeg\" \/>\n<meta name=\"author\" content=\"Emilly Lima\" \/>\n<meta name=\"twitter:card\" content=\"summary_large_image\" \/>\n<meta name=\"twitter:label1\" content=\"Escrito por\" \/>\n\t<meta name=\"twitter:data1\" content=\"Emilly Lima\" \/>\n\t<meta name=\"twitter:label2\" content=\"Est. tempo de leitura\" \/>\n\t<meta name=\"twitter:data2\" content=\"4 minutos\" \/>\n<script type=\"application\/ld+json\" class=\"yoast-schema-graph\">{\"@context\":\"https:\/\/schema.org\",\"@graph\":[{\"@type\":\"NewsArticle\",\"@id\":\"https:\/\/www.gaveanews.com\/index.php\/2024\/11\/24\/mais-um-time-esta-confirmado-na-copa-do-na-copa-do-brasil\/#article\",\"isPartOf\":{\"@id\":\"https:\/\/www.gaveanews.com\/index.php\/2024\/11\/24\/mais-um-time-esta-confirmado-na-copa-do-na-copa-do-brasil\/\"},\"author\":{\"name\":\"Emilly Lima\",\"@id\":\"https:\/\/www.gaveanews.com\/#\/schema\/person\/8597dbe3f4d8513dd20048ce95a1895b\"},\"headline\":\"Mais um time est\u00e1 confirmado na Copa do na Copa do Brasil\",\"datePublished\":\"2024-11-24T08:15:00+00:00\",\"mainEntityOfPage\":{\"@id\":\"https:\/\/www.gaveanews.com\/index.php\/2024\/11\/24\/mais-um-time-esta-confirmado-na-copa-do-na-copa-do-brasil\/\"},\"wordCount\":722,\"commentCount\":0,\"image\":{\"@id\":\"https:\/\/www.gaveanews.com\/index.php\/2024\/11\/24\/mais-um-time-esta-confirmado-na-copa-do-na-copa-do-brasil\/#primaryimage\"},\"thumbnailUrl\":\"https:\/\/www.gaveanews.com\/wp-content\/uploads\/Taca-da-Copa-do-Brasil-1.webp\",\"articleSection\":[\"Destaques\"],\"inLanguage\":\"pt-BR\",\"potentialAction\":[{\"@type\":\"CommentAction\",\"name\":\"Comment\",\"target\":[\"https:\/\/www.gaveanews.com\/index.php\/2024\/11\/24\/mais-um-time-esta-confirmado-na-copa-do-na-copa-do-brasil\/#respond\"]}],\"copyrightYear\":\"2024\",\"copyrightHolder\":{\"@id\":\"https:\/\/www.gaveanews.com\/#organization\"}},{\"@type\":\"WebPage\",\"@id\":\"https:\/\/www.gaveanews.com\/index.php\/2024\/11\/24\/mais-um-time-esta-confirmado-na-copa-do-na-copa-do-brasil\/\",\"url\":\"https:\/\/www.gaveanews.com\/index.php\/2024\/11\/24\/mais-um-time-esta-confirmado-na-copa-do-na-copa-do-brasil\/\",\"name\":\"Mais um time est\u00e1 confirmado na Copa do na Copa do Brasil\",\"isPartOf\":{\"@id\":\"https:\/\/www.gaveanews.com\/#website\"},\"primaryImageOfPage\":{\"@id\":\"https:\/\/www.gaveanews.com\/index.php\/2024\/11\/24\/mais-um-time-esta-confirmado-na-copa-do-na-copa-do-brasil\/#primaryimage\"},\"image\":{\"@id\":\"https:\/\/www.gaveanews.com\/index.php\/2024\/11\/24\/mais-um-time-esta-confirmado-na-copa-do-na-copa-do-brasil\/#primaryimage\"},\"thumbnailUrl\":\"https:\/\/www.gaveanews.com\/wp-content\/uploads\/Taca-da-Copa-do-Brasil-1.webp\",\"datePublished\":\"2024-11-24T08:15:00+00:00\",\"author\":{\"@id\":\"https:\/\/www.gaveanews.com\/#\/schema\/person\/8597dbe3f4d8513dd20048ce95a1895b\"},\"breadcrumb\":{\"@id\":\"https:\/\/www.gaveanews.com\/index.php\/2024\/11\/24\/mais-um-time-esta-confirmado-na-copa-do-na-copa-do-brasil\/#breadcrumb\"},\"inLanguage\":\"pt-BR\",\"potentialAction\":[{\"@type\":\"ReadAction\",\"target\":[\"https:\/\/www.gaveanews.com\/index.php\/2024\/11\/24\/mais-um-time-esta-confirmado-na-copa-do-na-copa-do-brasil\/\"]}]},{\"@type\":\"ImageObject\",\"inLanguage\":\"pt-BR\",\"@id\":\"https:\/\/www.gaveanews.com\/index.php\/2024\/11\/24\/mais-um-time-esta-confirmado-na-copa-do-na-copa-do-brasil\/#primaryimage\",\"url\":\"https:\/\/www.gaveanews.com\/wp-content\/uploads\/Taca-da-Copa-do-Brasil-1.webp\",\"contentUrl\":\"https:\/\/www.gaveanews.com\/wp-content\/uploads\/Taca-da-Copa-do-Brasil-1.webp\",\"width\":799,\"height\":534,\"caption\":\"Ta\u00e7a da Copa do Brasil (Foto: Paula Reis\/Flamengo)\"},{\"@type\":\"BreadcrumbList\",\"@id\":\"https:\/\/www.gaveanews.com\/index.php\/2024\/11\/24\/mais-um-time-esta-confirmado-na-copa-do-na-copa-do-brasil\/#breadcrumb\",\"itemListElement\":[{\"@type\":\"ListItem\",\"position\":1,\"name\":\"Home\",\"item\":\"https:\/\/www.gaveanews.com\/\"},{\"@type\":\"ListItem\",\"position\":2,\"name\":\"Mais um time est\u00e1 confirmado na Copa do na Copa do Brasil\"}]},{\"@type\":\"WebSite\",\"@id\":\"https:\/\/www.gaveanews.com\/#website\",\"url\":\"https:\/\/www.gaveanews.com\/\",\"name\":\"G\u00e1vea News\",\"description\":\"Veja todas as not\u00edcias sobre o Flamengo: Contrata\u00e7\u00f5es, categorias de base, resultados das partidas, tabela de classifica\u00e7\u00e3o, pr\u00f3ximos jogos!\",\"potentialAction\":[{\"@type\":\"SearchAction\",\"target\":{\"@type\":\"EntryPoint\",\"urlTemplate\":\"https:\/\/www.gaveanews.com\/?s={search_term_string}\"},\"query-input\":{\"@type\":\"PropertyValueSpecification\",\"valueRequired\":true,\"valueName\":\"search_term_string\"}}],\"inLanguage\":\"pt-BR\"},{\"@type\":\"Person\",\"@id\":\"https:\/\/www.gaveanews.com\/#\/schema\/person\/8597dbe3f4d8513dd20048ce95a1895b\",\"name\":\"Emilly Lima\",\"image\":{\"@type\":\"ImageObject\",\"inLanguage\":\"pt-BR\",\"@id\":\"https:\/\/www.gaveanews.com\/#\/schema\/person\/image\/\",\"url\":\"https:\/\/secure.gravatar.com\/avatar\/ddb4d0548bae01de3cb52e0fe30386754e9c41797565aa0a5bf4440ab4f7c0be?s=96&d=mm&r=g\",\"contentUrl\":\"https:\/\/secure.gravatar.com\/avatar\/ddb4d0548bae01de3cb52e0fe30386754e9c41797565aa0a5bf4440ab4f7c0be?s=96&d=mm&r=g\",\"caption\":\"Emilly Lima\"}}]}<\/script>\n<!-- \/ Yoast SEO Premium plugin. -->","yoast_head_json":{"title":"Mais um time est\u00e1 confirmado na Copa do na Copa do Brasil","robots":{"index":"index","follow":"follow","max-snippet":"max-snippet:-1","max-image-preview":"max-image-preview:large","max-video-preview":"max-video-preview:-1"},"canonical":"https:\/\/www.gaveanews.com\/index.php\/2024\/11\/24\/mais-um-time-esta-confirmado-na-copa-do-na-copa-do-brasil\/","og_locale":"pt_BR","og_type":"article","og_title":"Mais um time est\u00e1 confirmado na Copa do na Copa do Brasil","og_description":"A equipe da Portuguesa ter\u00e1 o seu calend\u00e1rio cheio no ano de 2025. Isso porque o clube lusitano conquistou a t\u00e3o sonhada vaga para disputar a Copa do Brasil na noite de quinta-feira (21). Disputar\u00e1 tr\u00eas competi\u00e7\u00f5es Com isso, a equipe atualmente disputar\u00e1 tr\u00eas competi\u00e7\u00f5es na pr\u00f3xima temporada, sendo elas: o Campeonato Paulista, o Brasileir\u00e3o [&hellip;]","og_url":"https:\/\/www.gaveanews.com\/index.php\/2024\/11\/24\/mais-um-time-esta-confirmado-na-copa-do-na-copa-do-brasil\/","og_site_name":"G\u00e1vea News","article_publisher":"https:\/\/facebook.com\/gaveaNews\/","article_published_time":"2024-11-24T08:15:00+00:00","og_image":[{"width":799,"height":534,"url":"https:\/\/www.gaveanews.com\/wp-content\/uploads\/Taca-da-Copa-do-Brasil-1.webp","type":"image\/jpeg"}],"author":"Emilly Lima","twitter_card":"summary_large_image","twitter_misc":{"Escrito por":"Emilly Lima","Est. tempo de leitura":"4 minutos"},"schema":{"@context":"https:\/\/schema.org","@graph":[{"@type":"NewsArticle","@id":"https:\/\/www.gaveanews.com\/index.php\/2024\/11\/24\/mais-um-time-esta-confirmado-na-copa-do-na-copa-do-brasil\/#article","isPartOf":{"@id":"https:\/\/www.gaveanews.com\/index.php\/2024\/11\/24\/mais-um-time-esta-confirmado-na-copa-do-na-copa-do-brasil\/"},"author":{"name":"Emilly Lima","@id":"https:\/\/www.gaveanews.com\/#\/schema\/person\/8597dbe3f4d8513dd20048ce95a1895b"},"headline":"Mais um time est\u00e1 confirmado na Copa do na Copa do Brasil","datePublished":"2024-11-24T08:15:00+00:00","mainEntityOfPage":{"@id":"https:\/\/www.gaveanews.com\/index.php\/2024\/11\/24\/mais-um-time-esta-confirmado-na-copa-do-na-copa-do-brasil\/"},"wordCount":722,"commentCount":0,"image":{"@id":"https:\/\/www.gaveanews.com\/index.php\/2024\/11\/24\/mais-um-time-esta-confirmado-na-copa-do-na-copa-do-brasil\/#primaryimage"},"thumbnailUrl":"https:\/\/www.gaveanews.com\/wp-content\/uploads\/Taca-da-Copa-do-Brasil-1.webp","articleSection":["Destaques"],"inLanguage":"pt-BR","potentialAction":[{"@type":"CommentAction","name":"Comment","target":["https:\/\/www.gaveanews.com\/index.php\/2024\/11\/24\/mais-um-time-esta-confirmado-na-copa-do-na-copa-do-brasil\/#respond"]}],"copyrightYear":"2024","copyrightHolder":{"@id":"https:\/\/www.gaveanews.com\/#organization"}},{"@type":"WebPage","@id":"https:\/\/www.gaveanews.com\/index.php\/2024\/11\/24\/mais-um-time-esta-confirmado-na-copa-do-na-copa-do-brasil\/","url":"https:\/\/www.gaveanews.com\/index.php\/2024\/11\/24\/mais-um-time-esta-confirmado-na-copa-do-na-copa-do-brasil\/","name":"Mais um time est\u00e1 confirmado na Copa do na Copa do Brasil","isPartOf":{"@id":"https:\/\/www.gaveanews.com\/#website"},"primaryImageOfPage":{"@id":"https:\/\/www.gaveanews.com\/index.php\/2024\/11\/24\/mais-um-time-esta-confirmado-na-copa-do-na-copa-do-brasil\/#primaryimage"},"image":{"@id":"https:\/\/www.gaveanews.com\/index.php\/2024\/11\/24\/mais-um-time-esta-confirmado-na-copa-do-na-copa-do-brasil\/#primaryimage"},"thumbnailUrl":"https:\/\/www.gaveanews.com\/wp-content\/uploads\/Taca-da-Copa-do-Brasil-1.webp","datePublished":"2024-11-24T08:15:00+00:00","author":{"@id":"https:\/\/www.gaveanews.com\/#\/schema\/person\/8597dbe3f4d8513dd20048ce95a1895b"},"breadcrumb":{"@id":"https:\/\/www.gaveanews.com\/index.php\/2024\/11\/24\/mais-um-time-esta-confirmado-na-copa-do-na-copa-do-brasil\/#breadcrumb"},"inLanguage":"pt-BR","potentialAction":[{"@type":"ReadAction","target":["https:\/\/www.gaveanews.com\/index.php\/2024\/11\/24\/mais-um-time-esta-confirmado-na-copa-do-na-copa-do-brasil\/"]}]},{"@type":"ImageObject","inLanguage":"pt-BR","@id":"https:\/\/www.gaveanews.com\/index.php\/2024\/11\/24\/mais-um-time-esta-confirmado-na-copa-do-na-copa-do-brasil\/#primaryimage","url":"https:\/\/www.gaveanews.com\/wp-content\/uploads\/Taca-da-Copa-do-Brasil-1.webp","contentUrl":"https:\/\/www.gaveanews.com\/wp-content\/uploads\/Taca-da-Copa-do-Brasil-1.webp","width":799,"height":534,"caption":"Ta\u00e7a da Copa do Brasil (Foto: Paula Reis\/Flamengo)"},{"@type":"BreadcrumbList","@id":"https:\/\/www.gaveanews.com\/index.php\/2024\/11\/24\/mais-um-time-esta-confirmado-na-copa-do-na-copa-do-brasil\/#breadcrumb","itemListElement":[{"@type":"ListItem","position":1,"name":"Home","item":"https:\/\/www.gaveanews.com\/"},{"@type":"ListItem","position":2,"name":"Mais um time est\u00e1 confirmado na Copa do na Copa do Brasil"}]},{"@type":"WebSite","@id":"https:\/\/www.gaveanews.com\/#website","url":"https:\/\/www.gaveanews.com\/","name":"G\u00e1vea News","description":"Veja todas as not\u00edcias sobre o Flamengo: Contrata\u00e7\u00f5es, categorias de base, resultados das partidas, tabela de classifica\u00e7\u00e3o, pr\u00f3ximos jogos!","potentialAction":[{"@type":"SearchAction","target":{"@type":"EntryPoint","urlTemplate":"https:\/\/www.gaveanews.com\/?s={search_term_string}"},"query-input":{"@type":"PropertyValueSpecification","valueRequired":true,"valueName":"search_term_string"}}],"inLanguage":"pt-BR"},{"@type":"Person","@id":"https:\/\/www.gaveanews.com\/#\/schema\/person\/8597dbe3f4d8513dd20048ce95a1895b","name":"Emilly Lima","image":{"@type":"ImageObject","inLanguage":"pt-BR","@id":"https:\/\/www.gaveanews.com\/#\/schema\/person\/image\/","url":"https:\/\/secure.gravatar.com\/avatar\/ddb4d0548bae01de3cb52e0fe30386754e9c41797565aa0a5bf4440ab4f7c0be?s=96&d=mm&r=g","contentUrl":"https:\/\/secure.gravatar.com\/avatar\/ddb4d0548bae01de3cb52e0fe30386754e9c41797565aa0a5bf4440ab4f7c0be?s=96&d=mm&r=g","caption":"Emilly Lima"}}]}},"_links":{"self":[{"href":"https:\/\/www.gaveanews.com\/index.php\/wp-json\/wp\/v2\/posts\/189243","targetHints":{"allow":["GET"]}}],"collection":[{"href":"https:\/\/www.gaveanews.com\/index.php\/wp-json\/wp\/v2\/posts"}],"about":[{"href":"https:\/\/www.gaveanews.com\/index.php\/wp-json\/wp\/v2\/types\/post"}],"author":[{"embeddable":true,"href":"https:\/\/www.gaveanews.com\/index.php\/wp-json\/wp\/v2\/users\/22"}],"replies":[{"embeddable":true,"href":"https:\/\/www.gaveanews.com\/index.php\/wp-json\/wp\/v2\/comments?post=189243"}],"version-history":[{"count":1,"href":"https:\/\/www.gaveanews.com\/index.php\/wp-json\/wp\/v2\/posts\/189243\/revisions"}],"predecessor-version":[{"id":189253,"href":"https:\/\/www.gaveanews.com\/index.php\/wp-json\/wp\/v2\/posts\/189243\/revisions\/189253"}],"wp:featuredmedia":[{"embeddable":true,"href":"https:\/\/www.gaveanews.com\/index.php\/wp-json\/wp\/v2\/media\/89335"}],"wp:attachment":[{"href":"https:\/\/www.gaveanews.com\/index.php\/wp-json\/wp\/v2\/media?parent=189243"}],"wp:term":[{"taxonomy":"category","embeddable":true,"href":"https:\/\/www.gaveanews.com\/index.php\/wp-json\/wp\/v2\/categories?post=189243"},{"taxonomy":"post_tag","embeddable":true,"href":"https:\/\/www.gaveanews.com\/index.php\/wp-json\/wp\/v2\/tags?post=189243"}],"curies":[{"name":"wp","href":"https:\/\/api.w.org\/{rel}","templated":true}]}}