{"id":189258,"date":"2024-11-23T06:20:33","date_gmt":"2024-11-23T09:20:33","guid":{"rendered":"https:\/\/www.gaveanews.com\/?p=189258"},"modified":"2024-11-23T06:05:57","modified_gmt":"2024-11-23T09:05:57","slug":"a-declaracao-de-andre-silva-direcionada-a-calleri-do-sao-paulo-2","status":"publish","type":"post","link":"https:\/\/www.gaveanews.com\/index.php\/2024\/11\/23\/a-declaracao-de-andre-silva-direcionada-a-calleri-do-sao-paulo-2\/","title":{"rendered":"A declara\u00e7\u00e3o de Andr\u00e9 Silva direcionada a Calleri, do S\u00e3o Paulo"},"content":{"rendered":"\n<h2 class=\"wp-block-heading\" id=\"h-temos-que-trabalhar-para-depois-colher-disse-andre-silva\">&#8220;Temos que trabalhar para depois colher&#8221;, disse Andr\u00e9 Silva <\/h2>\n\n\n\n<p>A hist\u00f3ria de Andr\u00e9 Silva no futebol \u00e9 marcada por uma reviravolta improv\u00e1vel, que come\u00e7ou quase por acaso em 2019, no Arouca, de Portugal. Prestes a embarcar de volta ao Brasil, o jogador foi chamado \u00e0s pressas para um amistoso devido \u00e0 aus\u00eancia do centroavante titular. O que parecia ser apenas mais uma partida tornou-se o ponto de virada de sua carreira.<\/p>\n\n\n\n<ul class=\"wp-block-list\">\n<li><a href=\"https:\/\/www.gaveanews.com\/index.php\/2024\/11\/22\/zubeldia-recebe-boa-noticia-no-sao-paulo-2\/\">Zubeld\u00eda recebe boa not\u00edcia no S\u00e3o Paulo<\/a><\/li>\n\n\n\n<li><a href=\"https:\/\/www.gaveanews.com\/index.php\/2024\/11\/18\/a-declaracao-de-andre-silva-direcionada-a-calleri-do-sao-paulo\/\">A declara\u00e7\u00e3o de Andr\u00e9 Silva direcionada a Calleri, do S\u00e3o Paulo<\/a><\/li>\n<\/ul>\n\n\n\n<p>Em dois minutos em campo, Andr\u00e9 marcou um gol, convencendo o t\u00e9cnico Armando Evangelista de que ele tinha o perfil ideal para atuar como centroavante. A mudan\u00e7a foi decisiva: na temporada, ele anotou 12 gols e ajudou o time a subir de divis\u00e3o.<\/p>\n\n\n\n<p>&#8220;Eu nem imaginava que aquela oportunidade mudaria minha vida. Quando o treinador me prop\u00f4s mudar de posi\u00e7\u00e3o, aceitei o desafio. Foi assim que a minha carreira decolou&#8221;, relembra Andr\u00e9.<\/p>\n\n\n\n<p>Agora no S\u00e3o Paulo, Andr\u00e9 Silva vive um momento de ascens\u00e3o. Com sete gols em 38 jogos na temporada, ele vem sendo decisivo nas \u00faltimas partidas, muitas vezes saindo do banco de reservas. Nesta quarta-feira, contra o Atl\u00e9tico-MG, deve ser titular, substituindo Calleri, que sofre com dores musculares.<\/p>\n\n\n\n<p>Apesar de disputar posi\u00e7\u00e3o com o \u00eddolo argentino, Andr\u00e9 valoriza a rela\u00e7\u00e3o respeitosa que mant\u00e9m com o companheiro.<\/p>\n\n\n\n<p>&#8220;Estou sempre dispon\u00edvel e disposto para ajudar o S\u00e3o Paulo. Seja com um, cinco, 90 ou 45 minutos. Tenho trabalhado com bastante humildade e respeito aos companheiros para tamb\u00e9m conseguir mais minutos. Acredito na meritocracia tamb\u00e9m. Sempre respeitando o companheiro que est\u00e1 disputando a posi\u00e7\u00e3o comigo, \u00e9 uma disputa sadia e respeitosa. Calleri tem muita hist\u00f3ria dentro do clube, conversamos bastante e temos uma amizade bacana. Mas encaro com respeito e muito trabalho que foi assim que aprendi na minha vida: temos que trabalhar para depois colher&#8221;, afirma.<\/p>\n\n\n\n<p>Andr\u00e9 Silva tamb\u00e9m destacou a paix\u00e3o pelo Tricolor como principal motivo para optar pelo clube, mesmo recebendo propostas de Vasco e Cruzeiro.<\/p>\n\n\n\n<p>&#8220;Recebi outros convites, at\u00e9 com remunera\u00e7\u00f5es mais altas, mas sempre fui apaixonado pelo S\u00e3o Paulo. \u00c9 o maior clube do Brasil para mim. A estrutura e a hist\u00f3ria daqui me motivaram muito. Estou feliz por fazer parte disso&#8221;, revelou.<\/p>\n","protected":false},"excerpt":{"rendered":"<p>&#8220;Temos que trabalhar para depois colher&#8221;, disse Andr\u00e9 Silva A hist\u00f3ria de Andr\u00e9 Silva no futebol \u00e9 marcada por uma reviravolta improv\u00e1vel, que come\u00e7ou quase por acaso em 2019, no Arouca, de Portugal. Prestes a embarcar de volta ao Brasil, o jogador foi chamado \u00e0s pressas para um amistoso devido \u00e0 aus\u00eancia do centroavante titular. [&hellip;]<\/p>\n","protected":false},"author":17,"featured_media":173176,"comment_status":"open","ping_status":"closed","sticky":false,"template":"","format":"standard","meta":{"footnotes":""},"categories":[151],"tags":[],"class_list":["post-189258","post","type-post","status-publish","format-standard","has-post-thumbnail","hentry","category-sao-paulo"],"yoast_head":"<!-- This site is optimized with the Yoast SEO Premium plugin v24.2 (Yoast SEO v26.9) - https:\/\/yoast.com\/product\/yoast-seo-premium-wordpress\/ -->\n<title>A declara\u00e7\u00e3o de Andr\u00e9 Silva direcionada a Calleri, do S\u00e3o Paulo<\/title>\n<meta name=\"robots\" content=\"index, follow, max-snippet:-1, max-image-preview:large, max-video-preview:-1\" \/>\n<link rel=\"canonical\" href=\"https:\/\/www.gaveanews.com\/index.php\/2024\/11\/23\/a-declaracao-de-andre-silva-direcionada-a-calleri-do-sao-paulo-2\/\" \/>\n<meta property=\"og:locale\" content=\"pt_BR\" \/>\n<meta property=\"og:type\" content=\"article\" \/>\n<meta property=\"og:title\" content=\"A declara\u00e7\u00e3o de Andr\u00e9 Silva direcionada a Calleri, do S\u00e3o Paulo\" \/>\n<meta property=\"og:description\" content=\"&#8220;Temos que trabalhar para depois colher&#8221;, disse Andr\u00e9 Silva A hist\u00f3ria de Andr\u00e9 Silva no futebol \u00e9 marcada por uma reviravolta improv\u00e1vel, que come\u00e7ou quase por acaso em 2019, no Arouca, de Portugal. Prestes a embarcar de volta ao Brasil, o jogador foi chamado \u00e0s pressas para um amistoso devido \u00e0 aus\u00eancia do centroavante titular. [&hellip;]\" \/>\n<meta property=\"og:url\" content=\"https:\/\/www.gaveanews.com\/index.php\/2024\/11\/23\/a-declaracao-de-andre-silva-direcionada-a-calleri-do-sao-paulo-2\/\" \/>\n<meta property=\"og:site_name\" content=\"G\u00e1vea News\" \/>\n<meta property=\"article:publisher\" content=\"https:\/\/facebook.com\/gaveaNews\/\" \/>\n<meta property=\"article:published_time\" content=\"2024-11-23T09:20:33+00:00\" \/>\n<meta property=\"og:image\" content=\"https:\/\/www.gaveanews.com\/wp-content\/uploads\/Andre-Silva-anunciado-pelo-Sao-Paulo.webp\" \/>\n\t<meta property=\"og:image:width\" content=\"984\" \/>\n\t<meta property=\"og:image:height\" content=\"768\" \/>\n\t<meta property=\"og:image:type\" content=\"image\/jpeg\" \/>\n<meta name=\"author\" content=\"Geovanna Thomaz\" \/>\n<meta name=\"twitter:card\" content=\"summary_large_image\" \/>\n<meta name=\"twitter:label1\" content=\"Escrito por\" \/>\n\t<meta name=\"twitter:data1\" content=\"Geovanna Thomaz\" \/>\n\t<meta name=\"twitter:label2\" content=\"Est. tempo de leitura\" \/>\n\t<meta name=\"twitter:data2\" content=\"3 minutos\" \/>\n<script type=\"application\/ld+json\" class=\"yoast-schema-graph\">{\"@context\":\"https:\/\/schema.org\",\"@graph\":[{\"@type\":\"NewsArticle\",\"@id\":\"https:\/\/www.gaveanews.com\/index.php\/2024\/11\/23\/a-declaracao-de-andre-silva-direcionada-a-calleri-do-sao-paulo-2\/#article\",\"isPartOf\":{\"@id\":\"https:\/\/www.gaveanews.com\/index.php\/2024\/11\/23\/a-declaracao-de-andre-silva-direcionada-a-calleri-do-sao-paulo-2\/\"},\"author\":{\"name\":\"Geovanna Thomaz\",\"@id\":\"https:\/\/www.gaveanews.com\/#\/schema\/person\/f42654babcd2b2014a1a65af82b081f1\"},\"headline\":\"A declara\u00e7\u00e3o de Andr\u00e9 Silva direcionada a Calleri, do S\u00e3o Paulo\",\"datePublished\":\"2024-11-23T09:20:33+00:00\",\"mainEntityOfPage\":{\"@id\":\"https:\/\/www.gaveanews.com\/index.php\/2024\/11\/23\/a-declaracao-de-andre-silva-direcionada-a-calleri-do-sao-paulo-2\/\"},\"wordCount\":411,\"commentCount\":0,\"image\":{\"@id\":\"https:\/\/www.gaveanews.com\/index.php\/2024\/11\/23\/a-declaracao-de-andre-silva-direcionada-a-calleri-do-sao-paulo-2\/#primaryimage\"},\"thumbnailUrl\":\"https:\/\/www.gaveanews.com\/wp-content\/uploads\/Andre-Silva-anunciado-pelo-Sao-Paulo.webp\",\"articleSection\":[\"S\u00e3o Paulo\"],\"inLanguage\":\"pt-BR\",\"potentialAction\":[{\"@type\":\"CommentAction\",\"name\":\"Comment\",\"target\":[\"https:\/\/www.gaveanews.com\/index.php\/2024\/11\/23\/a-declaracao-de-andre-silva-direcionada-a-calleri-do-sao-paulo-2\/#respond\"]}],\"copyrightYear\":\"2024\",\"copyrightHolder\":{\"@id\":\"https:\/\/www.gaveanews.com\/#organization\"}},{\"@type\":\"WebPage\",\"@id\":\"https:\/\/www.gaveanews.com\/index.php\/2024\/11\/23\/a-declaracao-de-andre-silva-direcionada-a-calleri-do-sao-paulo-2\/\",\"url\":\"https:\/\/www.gaveanews.com\/index.php\/2024\/11\/23\/a-declaracao-de-andre-silva-direcionada-a-calleri-do-sao-paulo-2\/\",\"name\":\"A declara\u00e7\u00e3o de Andr\u00e9 Silva direcionada a Calleri, do S\u00e3o Paulo\",\"isPartOf\":{\"@id\":\"https:\/\/www.gaveanews.com\/#website\"},\"primaryImageOfPage\":{\"@id\":\"https:\/\/www.gaveanews.com\/index.php\/2024\/11\/23\/a-declaracao-de-andre-silva-direcionada-a-calleri-do-sao-paulo-2\/#primaryimage\"},\"image\":{\"@id\":\"https:\/\/www.gaveanews.com\/index.php\/2024\/11\/23\/a-declaracao-de-andre-silva-direcionada-a-calleri-do-sao-paulo-2\/#primaryimage\"},\"thumbnailUrl\":\"https:\/\/www.gaveanews.com\/wp-content\/uploads\/Andre-Silva-anunciado-pelo-Sao-Paulo.webp\",\"datePublished\":\"2024-11-23T09:20:33+00:00\",\"author\":{\"@id\":\"https:\/\/www.gaveanews.com\/#\/schema\/person\/f42654babcd2b2014a1a65af82b081f1\"},\"breadcrumb\":{\"@id\":\"https:\/\/www.gaveanews.com\/index.php\/2024\/11\/23\/a-declaracao-de-andre-silva-direcionada-a-calleri-do-sao-paulo-2\/#breadcrumb\"},\"inLanguage\":\"pt-BR\",\"potentialAction\":[{\"@type\":\"ReadAction\",\"target\":[\"https:\/\/www.gaveanews.com\/index.php\/2024\/11\/23\/a-declaracao-de-andre-silva-direcionada-a-calleri-do-sao-paulo-2\/\"]}]},{\"@type\":\"ImageObject\",\"inLanguage\":\"pt-BR\",\"@id\":\"https:\/\/www.gaveanews.com\/index.php\/2024\/11\/23\/a-declaracao-de-andre-silva-direcionada-a-calleri-do-sao-paulo-2\/#primaryimage\",\"url\":\"https:\/\/www.gaveanews.com\/wp-content\/uploads\/Andre-Silva-anunciado-pelo-Sao-Paulo.webp\",\"contentUrl\":\"https:\/\/www.gaveanews.com\/wp-content\/uploads\/Andre-Silva-anunciado-pelo-Sao-Paulo.webp\",\"width\":984,\"height\":768,\"caption\":\"Andr\u00e9 Silva anunciado pelo S\u00e3o Paulo (Foto: Reprodu\u00e7\u00e3o)\"},{\"@type\":\"BreadcrumbList\",\"@id\":\"https:\/\/www.gaveanews.com\/index.php\/2024\/11\/23\/a-declaracao-de-andre-silva-direcionada-a-calleri-do-sao-paulo-2\/#breadcrumb\",\"itemListElement\":[{\"@type\":\"ListItem\",\"position\":1,\"name\":\"Home\",\"item\":\"https:\/\/www.gaveanews.com\/\"},{\"@type\":\"ListItem\",\"position\":2,\"name\":\"A declara\u00e7\u00e3o de Andr\u00e9 Silva direcionada a Calleri, do S\u00e3o Paulo\"}]},{\"@type\":\"WebSite\",\"@id\":\"https:\/\/www.gaveanews.com\/#website\",\"url\":\"https:\/\/www.gaveanews.com\/\",\"name\":\"G\u00e1vea News\",\"description\":\"Veja todas as not\u00edcias sobre o Flamengo: Contrata\u00e7\u00f5es, categorias de base, resultados das partidas, tabela de classifica\u00e7\u00e3o, pr\u00f3ximos jogos!\",\"potentialAction\":[{\"@type\":\"SearchAction\",\"target\":{\"@type\":\"EntryPoint\",\"urlTemplate\":\"https:\/\/www.gaveanews.com\/?s={search_term_string}\"},\"query-input\":{\"@type\":\"PropertyValueSpecification\",\"valueRequired\":true,\"valueName\":\"search_term_string\"}}],\"inLanguage\":\"pt-BR\"},{\"@type\":\"Person\",\"@id\":\"https:\/\/www.gaveanews.com\/#\/schema\/person\/f42654babcd2b2014a1a65af82b081f1\",\"name\":\"Geovanna Thomaz\",\"image\":{\"@type\":\"ImageObject\",\"inLanguage\":\"pt-BR\",\"@id\":\"https:\/\/www.gaveanews.com\/#\/schema\/person\/image\/\",\"url\":\"https:\/\/secure.gravatar.com\/avatar\/4092073255489533afb558984b49b64268c47198af8623cc82a925ae9fb7118a?s=96&d=mm&r=g\",\"contentUrl\":\"https:\/\/secure.gravatar.com\/avatar\/4092073255489533afb558984b49b64268c47198af8623cc82a925ae9fb7118a?s=96&d=mm&r=g\",\"caption\":\"Geovanna Thomaz\"}}]}<\/script>\n<!-- \/ Yoast SEO Premium plugin. -->","yoast_head_json":{"title":"A declara\u00e7\u00e3o de Andr\u00e9 Silva direcionada a Calleri, do S\u00e3o Paulo","robots":{"index":"index","follow":"follow","max-snippet":"max-snippet:-1","max-image-preview":"max-image-preview:large","max-video-preview":"max-video-preview:-1"},"canonical":"https:\/\/www.gaveanews.com\/index.php\/2024\/11\/23\/a-declaracao-de-andre-silva-direcionada-a-calleri-do-sao-paulo-2\/","og_locale":"pt_BR","og_type":"article","og_title":"A declara\u00e7\u00e3o de Andr\u00e9 Silva direcionada a Calleri, do S\u00e3o Paulo","og_description":"&#8220;Temos que trabalhar para depois colher&#8221;, disse Andr\u00e9 Silva A hist\u00f3ria de Andr\u00e9 Silva no futebol \u00e9 marcada por uma reviravolta improv\u00e1vel, que come\u00e7ou quase por acaso em 2019, no Arouca, de Portugal. Prestes a embarcar de volta ao Brasil, o jogador foi chamado \u00e0s pressas para um amistoso devido \u00e0 aus\u00eancia do centroavante titular. [&hellip;]","og_url":"https:\/\/www.gaveanews.com\/index.php\/2024\/11\/23\/a-declaracao-de-andre-silva-direcionada-a-calleri-do-sao-paulo-2\/","og_site_name":"G\u00e1vea News","article_publisher":"https:\/\/facebook.com\/gaveaNews\/","article_published_time":"2024-11-23T09:20:33+00:00","og_image":[{"width":984,"height":768,"url":"https:\/\/www.gaveanews.com\/wp-content\/uploads\/Andre-Silva-anunciado-pelo-Sao-Paulo.webp","type":"image\/jpeg"}],"author":"Geovanna Thomaz","twitter_card":"summary_large_image","twitter_misc":{"Escrito por":"Geovanna Thomaz","Est. tempo de leitura":"3 minutos"},"schema":{"@context":"https:\/\/schema.org","@graph":[{"@type":"NewsArticle","@id":"https:\/\/www.gaveanews.com\/index.php\/2024\/11\/23\/a-declaracao-de-andre-silva-direcionada-a-calleri-do-sao-paulo-2\/#article","isPartOf":{"@id":"https:\/\/www.gaveanews.com\/index.php\/2024\/11\/23\/a-declaracao-de-andre-silva-direcionada-a-calleri-do-sao-paulo-2\/"},"author":{"name":"Geovanna Thomaz","@id":"https:\/\/www.gaveanews.com\/#\/schema\/person\/f42654babcd2b2014a1a65af82b081f1"},"headline":"A declara\u00e7\u00e3o de Andr\u00e9 Silva direcionada a Calleri, do S\u00e3o Paulo","datePublished":"2024-11-23T09:20:33+00:00","mainEntityOfPage":{"@id":"https:\/\/www.gaveanews.com\/index.php\/2024\/11\/23\/a-declaracao-de-andre-silva-direcionada-a-calleri-do-sao-paulo-2\/"},"wordCount":411,"commentCount":0,"image":{"@id":"https:\/\/www.gaveanews.com\/index.php\/2024\/11\/23\/a-declaracao-de-andre-silva-direcionada-a-calleri-do-sao-paulo-2\/#primaryimage"},"thumbnailUrl":"https:\/\/www.gaveanews.com\/wp-content\/uploads\/Andre-Silva-anunciado-pelo-Sao-Paulo.webp","articleSection":["S\u00e3o Paulo"],"inLanguage":"pt-BR","potentialAction":[{"@type":"CommentAction","name":"Comment","target":["https:\/\/www.gaveanews.com\/index.php\/2024\/11\/23\/a-declaracao-de-andre-silva-direcionada-a-calleri-do-sao-paulo-2\/#respond"]}],"copyrightYear":"2024","copyrightHolder":{"@id":"https:\/\/www.gaveanews.com\/#organization"}},{"@type":"WebPage","@id":"https:\/\/www.gaveanews.com\/index.php\/2024\/11\/23\/a-declaracao-de-andre-silva-direcionada-a-calleri-do-sao-paulo-2\/","url":"https:\/\/www.gaveanews.com\/index.php\/2024\/11\/23\/a-declaracao-de-andre-silva-direcionada-a-calleri-do-sao-paulo-2\/","name":"A declara\u00e7\u00e3o de Andr\u00e9 Silva direcionada a Calleri, do S\u00e3o Paulo","isPartOf":{"@id":"https:\/\/www.gaveanews.com\/#website"},"primaryImageOfPage":{"@id":"https:\/\/www.gaveanews.com\/index.php\/2024\/11\/23\/a-declaracao-de-andre-silva-direcionada-a-calleri-do-sao-paulo-2\/#primaryimage"},"image":{"@id":"https:\/\/www.gaveanews.com\/index.php\/2024\/11\/23\/a-declaracao-de-andre-silva-direcionada-a-calleri-do-sao-paulo-2\/#primaryimage"},"thumbnailUrl":"https:\/\/www.gaveanews.com\/wp-content\/uploads\/Andre-Silva-anunciado-pelo-Sao-Paulo.webp","datePublished":"2024-11-23T09:20:33+00:00","author":{"@id":"https:\/\/www.gaveanews.com\/#\/schema\/person\/f42654babcd2b2014a1a65af82b081f1"},"breadcrumb":{"@id":"https:\/\/www.gaveanews.com\/index.php\/2024\/11\/23\/a-declaracao-de-andre-silva-direcionada-a-calleri-do-sao-paulo-2\/#breadcrumb"},"inLanguage":"pt-BR","potentialAction":[{"@type":"ReadAction","target":["https:\/\/www.gaveanews.com\/index.php\/2024\/11\/23\/a-declaracao-de-andre-silva-direcionada-a-calleri-do-sao-paulo-2\/"]}]},{"@type":"ImageObject","inLanguage":"pt-BR","@id":"https:\/\/www.gaveanews.com\/index.php\/2024\/11\/23\/a-declaracao-de-andre-silva-direcionada-a-calleri-do-sao-paulo-2\/#primaryimage","url":"https:\/\/www.gaveanews.com\/wp-content\/uploads\/Andre-Silva-anunciado-pelo-Sao-Paulo.webp","contentUrl":"https:\/\/www.gaveanews.com\/wp-content\/uploads\/Andre-Silva-anunciado-pelo-Sao-Paulo.webp","width":984,"height":768,"caption":"Andr\u00e9 Silva anunciado pelo S\u00e3o Paulo (Foto: Reprodu\u00e7\u00e3o)"},{"@type":"BreadcrumbList","@id":"https:\/\/www.gaveanews.com\/index.php\/2024\/11\/23\/a-declaracao-de-andre-silva-direcionada-a-calleri-do-sao-paulo-2\/#breadcrumb","itemListElement":[{"@type":"ListItem","position":1,"name":"Home","item":"https:\/\/www.gaveanews.com\/"},{"@type":"ListItem","position":2,"name":"A declara\u00e7\u00e3o de Andr\u00e9 Silva direcionada a Calleri, do S\u00e3o Paulo"}]},{"@type":"WebSite","@id":"https:\/\/www.gaveanews.com\/#website","url":"https:\/\/www.gaveanews.com\/","name":"G\u00e1vea News","description":"Veja todas as not\u00edcias sobre o Flamengo: Contrata\u00e7\u00f5es, categorias de base, resultados das partidas, tabela de classifica\u00e7\u00e3o, pr\u00f3ximos jogos!","potentialAction":[{"@type":"SearchAction","target":{"@type":"EntryPoint","urlTemplate":"https:\/\/www.gaveanews.com\/?s={search_term_string}"},"query-input":{"@type":"PropertyValueSpecification","valueRequired":true,"valueName":"search_term_string"}}],"inLanguage":"pt-BR"},{"@type":"Person","@id":"https:\/\/www.gaveanews.com\/#\/schema\/person\/f42654babcd2b2014a1a65af82b081f1","name":"Geovanna Thomaz","image":{"@type":"ImageObject","inLanguage":"pt-BR","@id":"https:\/\/www.gaveanews.com\/#\/schema\/person\/image\/","url":"https:\/\/secure.gravatar.com\/avatar\/4092073255489533afb558984b49b64268c47198af8623cc82a925ae9fb7118a?s=96&d=mm&r=g","contentUrl":"https:\/\/secure.gravatar.com\/avatar\/4092073255489533afb558984b49b64268c47198af8623cc82a925ae9fb7118a?s=96&d=mm&r=g","caption":"Geovanna Thomaz"}}]}},"_links":{"self":[{"href":"https:\/\/www.gaveanews.com\/index.php\/wp-json\/wp\/v2\/posts\/189258","targetHints":{"allow":["GET"]}}],"collection":[{"href":"https:\/\/www.gaveanews.com\/index.php\/wp-json\/wp\/v2\/posts"}],"about":[{"href":"https:\/\/www.gaveanews.com\/index.php\/wp-json\/wp\/v2\/types\/post"}],"author":[{"embeddable":true,"href":"https:\/\/www.gaveanews.com\/index.php\/wp-json\/wp\/v2\/users\/17"}],"replies":[{"embeddable":true,"href":"https:\/\/www.gaveanews.com\/index.php\/wp-json\/wp\/v2\/comments?post=189258"}],"version-history":[{"count":1,"href":"https:\/\/www.gaveanews.com\/index.php\/wp-json\/wp\/v2\/posts\/189258\/revisions"}],"predecessor-version":[{"id":189261,"href":"https:\/\/www.gaveanews.com\/index.php\/wp-json\/wp\/v2\/posts\/189258\/revisions\/189261"}],"wp:featuredmedia":[{"embeddable":true,"href":"https:\/\/www.gaveanews.com\/index.php\/wp-json\/wp\/v2\/media\/173176"}],"wp:attachment":[{"href":"https:\/\/www.gaveanews.com\/index.php\/wp-json\/wp\/v2\/media?parent=189258"}],"wp:term":[{"taxonomy":"category","embeddable":true,"href":"https:\/\/www.gaveanews.com\/index.php\/wp-json\/wp\/v2\/categories?post=189258"},{"taxonomy":"post_tag","embeddable":true,"href":"https:\/\/www.gaveanews.com\/index.php\/wp-json\/wp\/v2\/tags?post=189258"}],"curies":[{"name":"wp","href":"https:\/\/api.w.org\/{rel}","templated":true}]}}