{"id":189273,"date":"2024-11-22T22:50:00","date_gmt":"2024-11-23T01:50:00","guid":{"rendered":"https:\/\/www.gaveanews.com\/?p=189273"},"modified":"2024-11-22T22:12:55","modified_gmt":"2024-11-23T01:12:55","slug":"capitaes-sem-faixa-calleri-lucas-e-rafinha-assumem-lideranca-do-sao-paulo","status":"publish","type":"post","link":"https:\/\/www.gaveanews.com\/index.php\/2024\/11\/22\/capitaes-sem-faixa-calleri-lucas-e-rafinha-assumem-lideranca-do-sao-paulo\/","title":{"rendered":"Capit\u00e3es sem faixa! Calleri, Lucas e Rafinha assumem lideran\u00e7a do S\u00e3o Paulo"},"content":{"rendered":"\n<h2 class=\"wp-block-heading\" id=\"h-rafinha-calleri-e-lucas-liderancas-que-transformam-o-ambiente-do-sao-paulo\">Rafinha, Calleri e Lucas: lideran\u00e7as que transformam o ambiente do S\u00e3o Paulo<\/h2>\n\n\n\n<p>Rafinha, Calleri e Lucas Moura n\u00e3o s\u00e3o apenas pilares t\u00e9cnicos do S\u00e3o Paulo em 2024, mas tamb\u00e9m s\u00edmbolos de lideran\u00e7a e uni\u00e3o dentro e fora de campo. O trio, que divide a tarja de capit\u00e3o, desempenha papel importante no dia a dia do CT da Barra Funda, seja em decis\u00f5es estrat\u00e9gicas ou no relacionamento com elenco e diretoria.<\/p>\n\n\n\n<ul class=\"wp-block-list\">\n<li><a href=\"https:\/\/www.gaveanews.com\/index.php\/2024\/11\/22\/zubeldia-recebe-boa-noticia-no-sao-paulo-2\/\">Zubeld\u00eda recebe boa not\u00edcia no S\u00e3o Paulo<\/a><\/li>\n\n\n\n<li><a href=\"https:\/\/www.gaveanews.com\/index.php\/2024\/11\/20\/a-declaracao-de-hernanes-sobre-lucas-moura\/\">A declara\u00e7\u00e3o de Hernanes sobre Lucas Moura<\/a><\/li>\n<\/ul>\n\n\n\n<p>Desde o in\u00edcio da temporada, os tr\u00eas jogadores participaram de discuss\u00f5es importantes, como a defini\u00e7\u00e3o das premia\u00e7\u00f5es por metas alcan\u00e7adas. Em janeiro, em reuni\u00e3o com a diretoria, ajudaram a estabelecer valores para competi\u00e7\u00f5es como Brasileir\u00e3o, Copa do Brasil e Libertadores, al\u00e9m de metas pontuais em jogos decisivos.<\/p>\n\n\n\n<p>Em situa\u00e7\u00f5es espec\u00edficas, como antes de cl\u00e1ssicos ou partidas importantes, eles ainda articulam o pagamento de bichos extras, refor\u00e7ando o comprometimento da equipe.<\/p>\n\n\n\n<p>A influ\u00eancia do trio se estende al\u00e9m das quatro linhas. Mesmo lesionados ou fora de combate, jogadores como Calleri e Rafinha fazem quest\u00e3o de estar ao lado do time. Em partidas no Morumbi ou em outros est\u00e1dios, ambos acompanham o grupo, contribuindo com apoio moral.<\/p>\n\n\n\n<p>Esse comprometimento tamb\u00e9m se manifesta em gestos marcantes, como a presen\u00e7a de Calleri e Rafinha no vel\u00f3rio de Izquierdo, jogador do Nacional-URU, em agosto. O gesto simbolizou a solidariedade do S\u00e3o Paulo em um momento delicado.<\/p>\n\n\n\n<p>Rafinha e Calleri tamb\u00e9m foram protagonistas em momentos que refor\u00e7aram a rela\u00e7\u00e3o do clube com sua torcida. Antes da semifinal da Copa do Brasil contra o Corinthians, o duo interveio diretamente para garantir a festa da torcida na recep\u00e7\u00e3o ao \u00f4nibus da equipe, o famoso &#8220;corredor de fogo&#8221;.<\/p>\n\n\n\n<p>Ap\u00f3s conversas com o diretor Carlos Belmonte e a Pol\u00edcia Militar, os jogadores conseguiram liberar a celebra\u00e7\u00e3o, considerada fundamental pelo elenco.<\/p>\n\n\n\n<p>A conviv\u00eancia no CT \u00e9 recheada de momentos leves, como rodas de samba lideradas por Rafinha e Lucas. Essas atividades ajudam a descontrair antes dos jogos e fortalecem os la\u00e7os entre os atletas. J\u00e1 Calleri contribui apresentando m\u00fasicas latinas, refor\u00e7ando a identidade multicultural do elenco.<\/p>\n\n\n\n<p>Para os jovens que sa\u00edram de Cotia, Lucas Moura \u00e9 mais do que um companheiro: ele \u00e9 um mentor. O jogador, \u00eddolo da base tricolor, tem sido uma refer\u00eancia em aconselhamento.<\/p>\n\n\n\n<p>Segundo Carlos Belmonte, o trabalho das lideran\u00e7as foi essencial para que o S\u00e3o Paulo reagisse no Brasileir\u00e3o ap\u00f3s elimina\u00e7\u00f5es dolorosas na Copa do Brasil e Libertadores.<\/p>\n\n\n\n<p>&#8220;Nosso elenco tem muito comprometimento. Essas lideran\u00e7as, como Rafinha, Luiz Gustavo, Lucas e Calleri, foram fundamentais para que o time se recomponha rapidamente e mantenha o foco no objetivo de voltar \u00e0 Libertadores&#8221;, afirmou.<\/p>\n","protected":false},"excerpt":{"rendered":"<p>Rafinha, Calleri e Lucas: lideran\u00e7as que transformam o ambiente do S\u00e3o Paulo Rafinha, Calleri e Lucas Moura n\u00e3o s\u00e3o apenas pilares t\u00e9cnicos do S\u00e3o Paulo em 2024, mas tamb\u00e9m s\u00edmbolos de lideran\u00e7a e uni\u00e3o dentro e fora de campo. O trio, que divide a tarja de capit\u00e3o, desempenha papel importante no dia a dia do [&hellip;]<\/p>\n","protected":false},"author":17,"featured_media":156438,"comment_status":"open","ping_status":"closed","sticky":false,"template":"","format":"standard","meta":{"footnotes":""},"categories":[151],"tags":[],"class_list":["post-189273","post","type-post","status-publish","format-standard","has-post-thumbnail","hentry","category-sao-paulo"],"yoast_head":"<!-- This site is optimized with the Yoast SEO Premium plugin v24.2 (Yoast SEO v26.9) - https:\/\/yoast.com\/product\/yoast-seo-premium-wordpress\/ -->\n<title>Capit\u00e3es sem faixa! Calleri, Lucas e Rafinha assumem lideran\u00e7a do S\u00e3o Paulo<\/title>\n<meta name=\"robots\" content=\"index, follow, max-snippet:-1, max-image-preview:large, max-video-preview:-1\" \/>\n<link rel=\"canonical\" href=\"https:\/\/www.gaveanews.com\/index.php\/2024\/11\/22\/capitaes-sem-faixa-calleri-lucas-e-rafinha-assumem-lideranca-do-sao-paulo\/\" \/>\n<meta property=\"og:locale\" content=\"pt_BR\" \/>\n<meta property=\"og:type\" content=\"article\" \/>\n<meta property=\"og:title\" content=\"Capit\u00e3es sem faixa! Calleri, Lucas e Rafinha assumem lideran\u00e7a do S\u00e3o Paulo\" \/>\n<meta property=\"og:description\" content=\"Rafinha, Calleri e Lucas: lideran\u00e7as que transformam o ambiente do S\u00e3o Paulo Rafinha, Calleri e Lucas Moura n\u00e3o s\u00e3o apenas pilares t\u00e9cnicos do S\u00e3o Paulo em 2024, mas tamb\u00e9m s\u00edmbolos de lideran\u00e7a e uni\u00e3o dentro e fora de campo. O trio, que divide a tarja de capit\u00e3o, desempenha papel importante no dia a dia do [&hellip;]\" \/>\n<meta property=\"og:url\" content=\"https:\/\/www.gaveanews.com\/index.php\/2024\/11\/22\/capitaes-sem-faixa-calleri-lucas-e-rafinha-assumem-lideranca-do-sao-paulo\/\" \/>\n<meta property=\"og:site_name\" content=\"G\u00e1vea News\" \/>\n<meta property=\"article:publisher\" content=\"https:\/\/facebook.com\/gaveaNews\/\" \/>\n<meta property=\"article:published_time\" content=\"2024-11-23T01:50:00+00:00\" \/>\n<meta property=\"og:image\" content=\"https:\/\/www.gaveanews.com\/wp-content\/uploads\/Rafinha-durante-o-jogo-entre-Sao-Paulo-x-Flamengo-pelo-Brasileirao-2024-no-Morumbi.webp\" \/>\n\t<meta property=\"og:image:width\" content=\"800\" \/>\n\t<meta property=\"og:image:height\" content=\"534\" \/>\n\t<meta property=\"og:image:type\" content=\"image\/jpeg\" \/>\n<meta name=\"author\" content=\"Geovanna Thomaz\" \/>\n<meta name=\"twitter:card\" content=\"summary_large_image\" \/>\n<meta name=\"twitter:label1\" content=\"Escrito por\" \/>\n\t<meta name=\"twitter:data1\" content=\"Geovanna Thomaz\" \/>\n\t<meta name=\"twitter:label2\" content=\"Est. tempo de leitura\" \/>\n\t<meta name=\"twitter:data2\" content=\"3 minutos\" \/>\n<script type=\"application\/ld+json\" class=\"yoast-schema-graph\">{\"@context\":\"https:\/\/schema.org\",\"@graph\":[{\"@type\":\"NewsArticle\",\"@id\":\"https:\/\/www.gaveanews.com\/index.php\/2024\/11\/22\/capitaes-sem-faixa-calleri-lucas-e-rafinha-assumem-lideranca-do-sao-paulo\/#article\",\"isPartOf\":{\"@id\":\"https:\/\/www.gaveanews.com\/index.php\/2024\/11\/22\/capitaes-sem-faixa-calleri-lucas-e-rafinha-assumem-lideranca-do-sao-paulo\/\"},\"author\":{\"name\":\"Geovanna Thomaz\",\"@id\":\"https:\/\/www.gaveanews.com\/#\/schema\/person\/f42654babcd2b2014a1a65af82b081f1\"},\"headline\":\"Capit\u00e3es sem faixa! Calleri, Lucas e Rafinha assumem lideran\u00e7a do S\u00e3o Paulo\",\"datePublished\":\"2024-11-23T01:50:00+00:00\",\"mainEntityOfPage\":{\"@id\":\"https:\/\/www.gaveanews.com\/index.php\/2024\/11\/22\/capitaes-sem-faixa-calleri-lucas-e-rafinha-assumem-lideranca-do-sao-paulo\/\"},\"wordCount\":508,\"commentCount\":0,\"image\":{\"@id\":\"https:\/\/www.gaveanews.com\/index.php\/2024\/11\/22\/capitaes-sem-faixa-calleri-lucas-e-rafinha-assumem-lideranca-do-sao-paulo\/#primaryimage\"},\"thumbnailUrl\":\"https:\/\/www.gaveanews.com\/wp-content\/uploads\/Rafinha-durante-o-jogo-entre-Sao-Paulo-x-Flamengo-pelo-Brasileirao-2024-no-Morumbi.webp\",\"articleSection\":[\"S\u00e3o Paulo\"],\"inLanguage\":\"pt-BR\",\"potentialAction\":[{\"@type\":\"CommentAction\",\"name\":\"Comment\",\"target\":[\"https:\/\/www.gaveanews.com\/index.php\/2024\/11\/22\/capitaes-sem-faixa-calleri-lucas-e-rafinha-assumem-lideranca-do-sao-paulo\/#respond\"]}],\"copyrightYear\":\"2024\",\"copyrightHolder\":{\"@id\":\"https:\/\/www.gaveanews.com\/#organization\"}},{\"@type\":\"WebPage\",\"@id\":\"https:\/\/www.gaveanews.com\/index.php\/2024\/11\/22\/capitaes-sem-faixa-calleri-lucas-e-rafinha-assumem-lideranca-do-sao-paulo\/\",\"url\":\"https:\/\/www.gaveanews.com\/index.php\/2024\/11\/22\/capitaes-sem-faixa-calleri-lucas-e-rafinha-assumem-lideranca-do-sao-paulo\/\",\"name\":\"Capit\u00e3es sem faixa! Calleri, Lucas e Rafinha assumem lideran\u00e7a do S\u00e3o Paulo\",\"isPartOf\":{\"@id\":\"https:\/\/www.gaveanews.com\/#website\"},\"primaryImageOfPage\":{\"@id\":\"https:\/\/www.gaveanews.com\/index.php\/2024\/11\/22\/capitaes-sem-faixa-calleri-lucas-e-rafinha-assumem-lideranca-do-sao-paulo\/#primaryimage\"},\"image\":{\"@id\":\"https:\/\/www.gaveanews.com\/index.php\/2024\/11\/22\/capitaes-sem-faixa-calleri-lucas-e-rafinha-assumem-lideranca-do-sao-paulo\/#primaryimage\"},\"thumbnailUrl\":\"https:\/\/www.gaveanews.com\/wp-content\/uploads\/Rafinha-durante-o-jogo-entre-Sao-Paulo-x-Flamengo-pelo-Brasileirao-2024-no-Morumbi.webp\",\"datePublished\":\"2024-11-23T01:50:00+00:00\",\"author\":{\"@id\":\"https:\/\/www.gaveanews.com\/#\/schema\/person\/f42654babcd2b2014a1a65af82b081f1\"},\"breadcrumb\":{\"@id\":\"https:\/\/www.gaveanews.com\/index.php\/2024\/11\/22\/capitaes-sem-faixa-calleri-lucas-e-rafinha-assumem-lideranca-do-sao-paulo\/#breadcrumb\"},\"inLanguage\":\"pt-BR\",\"potentialAction\":[{\"@type\":\"ReadAction\",\"target\":[\"https:\/\/www.gaveanews.com\/index.php\/2024\/11\/22\/capitaes-sem-faixa-calleri-lucas-e-rafinha-assumem-lideranca-do-sao-paulo\/\"]}]},{\"@type\":\"ImageObject\",\"inLanguage\":\"pt-BR\",\"@id\":\"https:\/\/www.gaveanews.com\/index.php\/2024\/11\/22\/capitaes-sem-faixa-calleri-lucas-e-rafinha-assumem-lideranca-do-sao-paulo\/#primaryimage\",\"url\":\"https:\/\/www.gaveanews.com\/wp-content\/uploads\/Rafinha-durante-o-jogo-entre-Sao-Paulo-x-Flamengo-pelo-Brasileirao-2024-no-Morumbi.webp\",\"contentUrl\":\"https:\/\/www.gaveanews.com\/wp-content\/uploads\/Rafinha-durante-o-jogo-entre-Sao-Paulo-x-Flamengo-pelo-Brasileirao-2024-no-Morumbi.webp\",\"width\":800,\"height\":534,\"caption\":\"Rafinha durante o jogo entre S\u00e3o Paulo x Flamengo pelo Brasileir\u00e3o 2024 no Morumbi (Foto: Paulo Pinto\/ S\u00e3o Paulo)\"},{\"@type\":\"BreadcrumbList\",\"@id\":\"https:\/\/www.gaveanews.com\/index.php\/2024\/11\/22\/capitaes-sem-faixa-calleri-lucas-e-rafinha-assumem-lideranca-do-sao-paulo\/#breadcrumb\",\"itemListElement\":[{\"@type\":\"ListItem\",\"position\":1,\"name\":\"Home\",\"item\":\"https:\/\/www.gaveanews.com\/\"},{\"@type\":\"ListItem\",\"position\":2,\"name\":\"Capit\u00e3es sem faixa! Calleri, Lucas e Rafinha assumem lideran\u00e7a do S\u00e3o Paulo\"}]},{\"@type\":\"WebSite\",\"@id\":\"https:\/\/www.gaveanews.com\/#website\",\"url\":\"https:\/\/www.gaveanews.com\/\",\"name\":\"G\u00e1vea News\",\"description\":\"Veja todas as not\u00edcias sobre o Flamengo: Contrata\u00e7\u00f5es, categorias de base, resultados das partidas, tabela de classifica\u00e7\u00e3o, pr\u00f3ximos jogos!\",\"potentialAction\":[{\"@type\":\"SearchAction\",\"target\":{\"@type\":\"EntryPoint\",\"urlTemplate\":\"https:\/\/www.gaveanews.com\/?s={search_term_string}\"},\"query-input\":{\"@type\":\"PropertyValueSpecification\",\"valueRequired\":true,\"valueName\":\"search_term_string\"}}],\"inLanguage\":\"pt-BR\"},{\"@type\":\"Person\",\"@id\":\"https:\/\/www.gaveanews.com\/#\/schema\/person\/f42654babcd2b2014a1a65af82b081f1\",\"name\":\"Geovanna Thomaz\",\"image\":{\"@type\":\"ImageObject\",\"inLanguage\":\"pt-BR\",\"@id\":\"https:\/\/www.gaveanews.com\/#\/schema\/person\/image\/\",\"url\":\"https:\/\/secure.gravatar.com\/avatar\/4092073255489533afb558984b49b64268c47198af8623cc82a925ae9fb7118a?s=96&d=mm&r=g\",\"contentUrl\":\"https:\/\/secure.gravatar.com\/avatar\/4092073255489533afb558984b49b64268c47198af8623cc82a925ae9fb7118a?s=96&d=mm&r=g\",\"caption\":\"Geovanna Thomaz\"}}]}<\/script>\n<!-- \/ Yoast SEO Premium plugin. -->","yoast_head_json":{"title":"Capit\u00e3es sem faixa! Calleri, Lucas e Rafinha assumem lideran\u00e7a do S\u00e3o Paulo","robots":{"index":"index","follow":"follow","max-snippet":"max-snippet:-1","max-image-preview":"max-image-preview:large","max-video-preview":"max-video-preview:-1"},"canonical":"https:\/\/www.gaveanews.com\/index.php\/2024\/11\/22\/capitaes-sem-faixa-calleri-lucas-e-rafinha-assumem-lideranca-do-sao-paulo\/","og_locale":"pt_BR","og_type":"article","og_title":"Capit\u00e3es sem faixa! Calleri, Lucas e Rafinha assumem lideran\u00e7a do S\u00e3o Paulo","og_description":"Rafinha, Calleri e Lucas: lideran\u00e7as que transformam o ambiente do S\u00e3o Paulo Rafinha, Calleri e Lucas Moura n\u00e3o s\u00e3o apenas pilares t\u00e9cnicos do S\u00e3o Paulo em 2024, mas tamb\u00e9m s\u00edmbolos de lideran\u00e7a e uni\u00e3o dentro e fora de campo. O trio, que divide a tarja de capit\u00e3o, desempenha papel importante no dia a dia do [&hellip;]","og_url":"https:\/\/www.gaveanews.com\/index.php\/2024\/11\/22\/capitaes-sem-faixa-calleri-lucas-e-rafinha-assumem-lideranca-do-sao-paulo\/","og_site_name":"G\u00e1vea News","article_publisher":"https:\/\/facebook.com\/gaveaNews\/","article_published_time":"2024-11-23T01:50:00+00:00","og_image":[{"width":800,"height":534,"url":"https:\/\/www.gaveanews.com\/wp-content\/uploads\/Rafinha-durante-o-jogo-entre-Sao-Paulo-x-Flamengo-pelo-Brasileirao-2024-no-Morumbi.webp","type":"image\/jpeg"}],"author":"Geovanna Thomaz","twitter_card":"summary_large_image","twitter_misc":{"Escrito por":"Geovanna Thomaz","Est. tempo de leitura":"3 minutos"},"schema":{"@context":"https:\/\/schema.org","@graph":[{"@type":"NewsArticle","@id":"https:\/\/www.gaveanews.com\/index.php\/2024\/11\/22\/capitaes-sem-faixa-calleri-lucas-e-rafinha-assumem-lideranca-do-sao-paulo\/#article","isPartOf":{"@id":"https:\/\/www.gaveanews.com\/index.php\/2024\/11\/22\/capitaes-sem-faixa-calleri-lucas-e-rafinha-assumem-lideranca-do-sao-paulo\/"},"author":{"name":"Geovanna Thomaz","@id":"https:\/\/www.gaveanews.com\/#\/schema\/person\/f42654babcd2b2014a1a65af82b081f1"},"headline":"Capit\u00e3es sem faixa! Calleri, Lucas e Rafinha assumem lideran\u00e7a do S\u00e3o Paulo","datePublished":"2024-11-23T01:50:00+00:00","mainEntityOfPage":{"@id":"https:\/\/www.gaveanews.com\/index.php\/2024\/11\/22\/capitaes-sem-faixa-calleri-lucas-e-rafinha-assumem-lideranca-do-sao-paulo\/"},"wordCount":508,"commentCount":0,"image":{"@id":"https:\/\/www.gaveanews.com\/index.php\/2024\/11\/22\/capitaes-sem-faixa-calleri-lucas-e-rafinha-assumem-lideranca-do-sao-paulo\/#primaryimage"},"thumbnailUrl":"https:\/\/www.gaveanews.com\/wp-content\/uploads\/Rafinha-durante-o-jogo-entre-Sao-Paulo-x-Flamengo-pelo-Brasileirao-2024-no-Morumbi.webp","articleSection":["S\u00e3o Paulo"],"inLanguage":"pt-BR","potentialAction":[{"@type":"CommentAction","name":"Comment","target":["https:\/\/www.gaveanews.com\/index.php\/2024\/11\/22\/capitaes-sem-faixa-calleri-lucas-e-rafinha-assumem-lideranca-do-sao-paulo\/#respond"]}],"copyrightYear":"2024","copyrightHolder":{"@id":"https:\/\/www.gaveanews.com\/#organization"}},{"@type":"WebPage","@id":"https:\/\/www.gaveanews.com\/index.php\/2024\/11\/22\/capitaes-sem-faixa-calleri-lucas-e-rafinha-assumem-lideranca-do-sao-paulo\/","url":"https:\/\/www.gaveanews.com\/index.php\/2024\/11\/22\/capitaes-sem-faixa-calleri-lucas-e-rafinha-assumem-lideranca-do-sao-paulo\/","name":"Capit\u00e3es sem faixa! Calleri, Lucas e Rafinha assumem lideran\u00e7a do S\u00e3o Paulo","isPartOf":{"@id":"https:\/\/www.gaveanews.com\/#website"},"primaryImageOfPage":{"@id":"https:\/\/www.gaveanews.com\/index.php\/2024\/11\/22\/capitaes-sem-faixa-calleri-lucas-e-rafinha-assumem-lideranca-do-sao-paulo\/#primaryimage"},"image":{"@id":"https:\/\/www.gaveanews.com\/index.php\/2024\/11\/22\/capitaes-sem-faixa-calleri-lucas-e-rafinha-assumem-lideranca-do-sao-paulo\/#primaryimage"},"thumbnailUrl":"https:\/\/www.gaveanews.com\/wp-content\/uploads\/Rafinha-durante-o-jogo-entre-Sao-Paulo-x-Flamengo-pelo-Brasileirao-2024-no-Morumbi.webp","datePublished":"2024-11-23T01:50:00+00:00","author":{"@id":"https:\/\/www.gaveanews.com\/#\/schema\/person\/f42654babcd2b2014a1a65af82b081f1"},"breadcrumb":{"@id":"https:\/\/www.gaveanews.com\/index.php\/2024\/11\/22\/capitaes-sem-faixa-calleri-lucas-e-rafinha-assumem-lideranca-do-sao-paulo\/#breadcrumb"},"inLanguage":"pt-BR","potentialAction":[{"@type":"ReadAction","target":["https:\/\/www.gaveanews.com\/index.php\/2024\/11\/22\/capitaes-sem-faixa-calleri-lucas-e-rafinha-assumem-lideranca-do-sao-paulo\/"]}]},{"@type":"ImageObject","inLanguage":"pt-BR","@id":"https:\/\/www.gaveanews.com\/index.php\/2024\/11\/22\/capitaes-sem-faixa-calleri-lucas-e-rafinha-assumem-lideranca-do-sao-paulo\/#primaryimage","url":"https:\/\/www.gaveanews.com\/wp-content\/uploads\/Rafinha-durante-o-jogo-entre-Sao-Paulo-x-Flamengo-pelo-Brasileirao-2024-no-Morumbi.webp","contentUrl":"https:\/\/www.gaveanews.com\/wp-content\/uploads\/Rafinha-durante-o-jogo-entre-Sao-Paulo-x-Flamengo-pelo-Brasileirao-2024-no-Morumbi.webp","width":800,"height":534,"caption":"Rafinha durante o jogo entre S\u00e3o Paulo x Flamengo pelo Brasileir\u00e3o 2024 no Morumbi (Foto: Paulo Pinto\/ S\u00e3o Paulo)"},{"@type":"BreadcrumbList","@id":"https:\/\/www.gaveanews.com\/index.php\/2024\/11\/22\/capitaes-sem-faixa-calleri-lucas-e-rafinha-assumem-lideranca-do-sao-paulo\/#breadcrumb","itemListElement":[{"@type":"ListItem","position":1,"name":"Home","item":"https:\/\/www.gaveanews.com\/"},{"@type":"ListItem","position":2,"name":"Capit\u00e3es sem faixa! Calleri, Lucas e Rafinha assumem lideran\u00e7a do S\u00e3o Paulo"}]},{"@type":"WebSite","@id":"https:\/\/www.gaveanews.com\/#website","url":"https:\/\/www.gaveanews.com\/","name":"G\u00e1vea News","description":"Veja todas as not\u00edcias sobre o Flamengo: Contrata\u00e7\u00f5es, categorias de base, resultados das partidas, tabela de classifica\u00e7\u00e3o, pr\u00f3ximos jogos!","potentialAction":[{"@type":"SearchAction","target":{"@type":"EntryPoint","urlTemplate":"https:\/\/www.gaveanews.com\/?s={search_term_string}"},"query-input":{"@type":"PropertyValueSpecification","valueRequired":true,"valueName":"search_term_string"}}],"inLanguage":"pt-BR"},{"@type":"Person","@id":"https:\/\/www.gaveanews.com\/#\/schema\/person\/f42654babcd2b2014a1a65af82b081f1","name":"Geovanna Thomaz","image":{"@type":"ImageObject","inLanguage":"pt-BR","@id":"https:\/\/www.gaveanews.com\/#\/schema\/person\/image\/","url":"https:\/\/secure.gravatar.com\/avatar\/4092073255489533afb558984b49b64268c47198af8623cc82a925ae9fb7118a?s=96&d=mm&r=g","contentUrl":"https:\/\/secure.gravatar.com\/avatar\/4092073255489533afb558984b49b64268c47198af8623cc82a925ae9fb7118a?s=96&d=mm&r=g","caption":"Geovanna Thomaz"}}]}},"_links":{"self":[{"href":"https:\/\/www.gaveanews.com\/index.php\/wp-json\/wp\/v2\/posts\/189273","targetHints":{"allow":["GET"]}}],"collection":[{"href":"https:\/\/www.gaveanews.com\/index.php\/wp-json\/wp\/v2\/posts"}],"about":[{"href":"https:\/\/www.gaveanews.com\/index.php\/wp-json\/wp\/v2\/types\/post"}],"author":[{"embeddable":true,"href":"https:\/\/www.gaveanews.com\/index.php\/wp-json\/wp\/v2\/users\/17"}],"replies":[{"embeddable":true,"href":"https:\/\/www.gaveanews.com\/index.php\/wp-json\/wp\/v2\/comments?post=189273"}],"version-history":[{"count":1,"href":"https:\/\/www.gaveanews.com\/index.php\/wp-json\/wp\/v2\/posts\/189273\/revisions"}],"predecessor-version":[{"id":189275,"href":"https:\/\/www.gaveanews.com\/index.php\/wp-json\/wp\/v2\/posts\/189273\/revisions\/189275"}],"wp:featuredmedia":[{"embeddable":true,"href":"https:\/\/www.gaveanews.com\/index.php\/wp-json\/wp\/v2\/media\/156438"}],"wp:attachment":[{"href":"https:\/\/www.gaveanews.com\/index.php\/wp-json\/wp\/v2\/media?parent=189273"}],"wp:term":[{"taxonomy":"category","embeddable":true,"href":"https:\/\/www.gaveanews.com\/index.php\/wp-json\/wp\/v2\/categories?post=189273"},{"taxonomy":"post_tag","embeddable":true,"href":"https:\/\/www.gaveanews.com\/index.php\/wp-json\/wp\/v2\/tags?post=189273"}],"curies":[{"name":"wp","href":"https:\/\/api.w.org\/{rel}","templated":true}]}}