{"id":189450,"date":"2024-11-24T10:15:00","date_gmt":"2024-11-24T13:15:00","guid":{"rendered":"https:\/\/www.gaveanews.com\/?p=189450"},"modified":"2024-11-24T02:44:15","modified_gmt":"2024-11-24T05:44:15","slug":"ele-esta-com-problema-muscular-mas-ainda-assim-jogou-a-ultima-partida-do-fluminense","status":"publish","type":"post","link":"https:\/\/www.gaveanews.com\/index.php\/2024\/11\/24\/ele-esta-com-problema-muscular-mas-ainda-assim-jogou-a-ultima-partida-do-fluminense\/","title":{"rendered":"Ele est\u00e1 com problema muscular mas ainda assim jogou a \u00faltima partida do Fluminense"},"content":{"rendered":"\n<p>Na \u00faltima sexta-feira (22), Germ\u00e1n Cano mostrou mais uma vez por que \u00e9 considerado um dos pilares do Fluminense. Mesmo atuando no sacrif\u00edcio, o atacante marcou o gol de empate do Tricolor contra o Fortaleza no Maracan\u00e3, demonstrando comprometimento com a equipe em um momento crucial. Por\u00e9m, sua declara\u00e7\u00e3o p\u00f3s-jogo trouxe \u00e0 tona um detalhe importante sobre sua condi\u00e7\u00e3o f\u00edsica.<\/p>\n\n\n\n<ul class=\"wp-block-list\">\n<li><a href=\"https:\/\/www.gaveanews.com\/index.php\/2024\/11\/23\/fluminense-x-fortaleza-a-declaracao-de-lucas-sasha\/\">Fluminense x Fortaleza: a declara\u00e7\u00e3o de Lucas Sasha<\/a><\/li>\n\n\n\n<li><a href=\"https:\/\/www.gaveanews.com\/index.php\/2024\/11\/19\/diretoria-do-fluminense-toma-atitude-importante-para-2024\/\">Diretoria do Fluminense toma atitude importante para 2025<\/a><\/li>\n<\/ul>\n\n\n\n<h2 class=\"wp-block-heading\" id=\"h-atuacao-no-sacrificio\">Atua\u00e7\u00e3o no sacrif\u00edcio<\/h2>\n\n\n\n<p>Ap\u00f3s a partida, Cano revelou que estava lidando com um problema muscular na perna esquerda. Vale destacar que, mesmo enfrentando dificuldades f\u00edsicas, o atacante foi decisivo no duelo. Em suas palavras:<\/p>\n\n\n\n<p>\u201cN\u00e3o estava machucado. Estava com um problema no m\u00fasculo da perna esquerda. Ficou um pouco embolado. Eu tamb\u00e9m estava com uma pequena dor. Continuei jogando e terminei a partida bem\u201d afirmou Cano na zona mista.<\/p>\n\n\n\n<p>Al\u00e9m disso, o t\u00e9cnico Mano Menezes tamb\u00e9m refor\u00e7ou essa quest\u00e3o em sua coletiva, destacando a entrega do jogador. Isso porque, mesmo longe de sua melhor forma f\u00edsica, Cano contribuiu de maneira direta para evitar a derrota do Fluminense.<\/p>\n\n\n\n<h2 class=\"wp-block-heading\" id=\"h-o-impacto-de-cano-no-fluminense\">O impacto de Cano no Fluminense<\/h2>\n\n\n\n<p>Cano segue sendo uma pe\u00e7a indispens\u00e1vel para o Fluminense, tanto dentro quanto fora de campo. Sendo assim, seu desempenho contra o Fortaleza refor\u00e7a a imagem de um jogador comprometido, que coloca as necessidades da equipe acima de sua condi\u00e7\u00e3o pessoal.<\/p>\n\n\n\n<p>Por isso, \u00e9 fundamental que o clube acompanhe de perto sua recupera\u00e7\u00e3o. Afinal, o Fluminense depende de sua presen\u00e7a, especialmente em momentos decisivos da temporada. Dessa maneira, preserv\u00e1-lo tamb\u00e9m \u00e9 essencial para o desempenho futuro do time.<\/p>\n\n\n\n<h2 class=\"wp-block-heading\" id=\"h-desse-jeito-a-torcida-confia\">Desse jeito, a torcida confia<\/h2>\n\n\n\n<p>Cabe ressaltar que a torcida tricolor tem total confian\u00e7a no argentino, que j\u00e1 demonstrou in\u00fameras vezes sua capacidade de decidir partidas. Com isso, Germ\u00e1n Cano segue como um s\u00edmbolo do esp\u00edrito de luta do Fluminense, mostrando que, mesmo no sacrif\u00edcio, sua entrega continua sendo um diferencial.<\/p>\n","protected":false},"excerpt":{"rendered":"<p>Na \u00faltima sexta-feira (22), Germ\u00e1n Cano mostrou mais uma vez por que \u00e9 considerado um dos pilares do Fluminense. Mesmo atuando no sacrif\u00edcio, o atacante marcou o gol de empate do Tricolor contra o Fortaleza no Maracan\u00e3, demonstrando comprometimento com a equipe em um momento crucial. Por\u00e9m, sua declara\u00e7\u00e3o p\u00f3s-jogo trouxe \u00e0 tona um detalhe [&hellip;]<\/p>\n","protected":false},"author":24,"featured_media":170376,"comment_status":"open","ping_status":"closed","sticky":false,"template":"","format":"standard","meta":{"footnotes":""},"categories":[145,146],"tags":[],"class_list":["post-189450","post","type-post","status-publish","format-standard","has-post-thumbnail","hentry","category-fluminense","category-fortaleza"],"yoast_head":"<!-- This site is optimized with the Yoast SEO Premium plugin v24.2 (Yoast SEO v26.9) - https:\/\/yoast.com\/product\/yoast-seo-premium-wordpress\/ -->\n<title>Ele est\u00e1 com problema muscular mas ainda assim jogou a \u00faltima partida do Fluminense<\/title>\n<meta name=\"robots\" content=\"index, follow, max-snippet:-1, max-image-preview:large, max-video-preview:-1\" \/>\n<link rel=\"canonical\" href=\"https:\/\/www.gaveanews.com\/index.php\/2024\/11\/24\/ele-esta-com-problema-muscular-mas-ainda-assim-jogou-a-ultima-partida-do-fluminense\/\" \/>\n<meta property=\"og:locale\" content=\"pt_BR\" \/>\n<meta property=\"og:type\" content=\"article\" \/>\n<meta property=\"og:title\" content=\"Ele est\u00e1 com problema muscular mas ainda assim jogou a \u00faltima partida do Fluminense\" \/>\n<meta property=\"og:description\" content=\"Na \u00faltima sexta-feira (22), Germ\u00e1n Cano mostrou mais uma vez por que \u00e9 considerado um dos pilares do Fluminense. Mesmo atuando no sacrif\u00edcio, o atacante marcou o gol de empate do Tricolor contra o Fortaleza no Maracan\u00e3, demonstrando comprometimento com a equipe em um momento crucial. Por\u00e9m, sua declara\u00e7\u00e3o p\u00f3s-jogo trouxe \u00e0 tona um detalhe [&hellip;]\" \/>\n<meta property=\"og:url\" content=\"https:\/\/www.gaveanews.com\/index.php\/2024\/11\/24\/ele-esta-com-problema-muscular-mas-ainda-assim-jogou-a-ultima-partida-do-fluminense\/\" \/>\n<meta property=\"og:site_name\" content=\"G\u00e1vea News\" \/>\n<meta property=\"article:publisher\" content=\"https:\/\/facebook.com\/gaveaNews\/\" \/>\n<meta property=\"article:published_time\" content=\"2024-11-24T13:15:00+00:00\" \/>\n<meta property=\"og:image\" content=\"https:\/\/www.gaveanews.com\/wp-content\/uploads\/German-Cano-em-acao-pelo-Fluminense.webp\" \/>\n\t<meta property=\"og:image:width\" content=\"908\" \/>\n\t<meta property=\"og:image:height\" content=\"637\" \/>\n\t<meta property=\"og:image:type\" content=\"image\/jpeg\" \/>\n<meta name=\"author\" content=\"Leandro Cardoso\" \/>\n<meta name=\"twitter:card\" content=\"summary_large_image\" \/>\n<meta name=\"twitter:label1\" content=\"Escrito por\" \/>\n\t<meta name=\"twitter:data1\" content=\"Leandro Cardoso\" \/>\n\t<meta name=\"twitter:label2\" content=\"Est. tempo de leitura\" \/>\n\t<meta name=\"twitter:data2\" content=\"2 minutos\" \/>\n<script type=\"application\/ld+json\" class=\"yoast-schema-graph\">{\"@context\":\"https:\/\/schema.org\",\"@graph\":[{\"@type\":\"NewsArticle\",\"@id\":\"https:\/\/www.gaveanews.com\/index.php\/2024\/11\/24\/ele-esta-com-problema-muscular-mas-ainda-assim-jogou-a-ultima-partida-do-fluminense\/#article\",\"isPartOf\":{\"@id\":\"https:\/\/www.gaveanews.com\/index.php\/2024\/11\/24\/ele-esta-com-problema-muscular-mas-ainda-assim-jogou-a-ultima-partida-do-fluminense\/\"},\"author\":{\"name\":\"Leandro Cardoso\",\"@id\":\"https:\/\/www.gaveanews.com\/#\/schema\/person\/2424ec6409bc3f068411fc5e4e9b6168\"},\"headline\":\"Ele est\u00e1 com problema muscular mas ainda assim jogou a \u00faltima partida do Fluminense\",\"datePublished\":\"2024-11-24T13:15:00+00:00\",\"mainEntityOfPage\":{\"@id\":\"https:\/\/www.gaveanews.com\/index.php\/2024\/11\/24\/ele-esta-com-problema-muscular-mas-ainda-assim-jogou-a-ultima-partida-do-fluminense\/\"},\"wordCount\":360,\"commentCount\":0,\"image\":{\"@id\":\"https:\/\/www.gaveanews.com\/index.php\/2024\/11\/24\/ele-esta-com-problema-muscular-mas-ainda-assim-jogou-a-ultima-partida-do-fluminense\/#primaryimage\"},\"thumbnailUrl\":\"https:\/\/www.gaveanews.com\/wp-content\/uploads\/German-Cano-em-acao-pelo-Fluminense.webp\",\"articleSection\":[\"Fluminense\",\"Fortaleza\"],\"inLanguage\":\"pt-BR\",\"potentialAction\":[{\"@type\":\"CommentAction\",\"name\":\"Comment\",\"target\":[\"https:\/\/www.gaveanews.com\/index.php\/2024\/11\/24\/ele-esta-com-problema-muscular-mas-ainda-assim-jogou-a-ultima-partida-do-fluminense\/#respond\"]}],\"copyrightYear\":\"2024\",\"copyrightHolder\":{\"@id\":\"https:\/\/www.gaveanews.com\/#organization\"}},{\"@type\":\"WebPage\",\"@id\":\"https:\/\/www.gaveanews.com\/index.php\/2024\/11\/24\/ele-esta-com-problema-muscular-mas-ainda-assim-jogou-a-ultima-partida-do-fluminense\/\",\"url\":\"https:\/\/www.gaveanews.com\/index.php\/2024\/11\/24\/ele-esta-com-problema-muscular-mas-ainda-assim-jogou-a-ultima-partida-do-fluminense\/\",\"name\":\"Ele est\u00e1 com problema muscular mas ainda assim jogou a \u00faltima partida do Fluminense\",\"isPartOf\":{\"@id\":\"https:\/\/www.gaveanews.com\/#website\"},\"primaryImageOfPage\":{\"@id\":\"https:\/\/www.gaveanews.com\/index.php\/2024\/11\/24\/ele-esta-com-problema-muscular-mas-ainda-assim-jogou-a-ultima-partida-do-fluminense\/#primaryimage\"},\"image\":{\"@id\":\"https:\/\/www.gaveanews.com\/index.php\/2024\/11\/24\/ele-esta-com-problema-muscular-mas-ainda-assim-jogou-a-ultima-partida-do-fluminense\/#primaryimage\"},\"thumbnailUrl\":\"https:\/\/www.gaveanews.com\/wp-content\/uploads\/German-Cano-em-acao-pelo-Fluminense.webp\",\"datePublished\":\"2024-11-24T13:15:00+00:00\",\"author\":{\"@id\":\"https:\/\/www.gaveanews.com\/#\/schema\/person\/2424ec6409bc3f068411fc5e4e9b6168\"},\"breadcrumb\":{\"@id\":\"https:\/\/www.gaveanews.com\/index.php\/2024\/11\/24\/ele-esta-com-problema-muscular-mas-ainda-assim-jogou-a-ultima-partida-do-fluminense\/#breadcrumb\"},\"inLanguage\":\"pt-BR\",\"potentialAction\":[{\"@type\":\"ReadAction\",\"target\":[\"https:\/\/www.gaveanews.com\/index.php\/2024\/11\/24\/ele-esta-com-problema-muscular-mas-ainda-assim-jogou-a-ultima-partida-do-fluminense\/\"]}]},{\"@type\":\"ImageObject\",\"inLanguage\":\"pt-BR\",\"@id\":\"https:\/\/www.gaveanews.com\/index.php\/2024\/11\/24\/ele-esta-com-problema-muscular-mas-ainda-assim-jogou-a-ultima-partida-do-fluminense\/#primaryimage\",\"url\":\"https:\/\/www.gaveanews.com\/wp-content\/uploads\/German-Cano-em-acao-pelo-Fluminense.webp\",\"contentUrl\":\"https:\/\/www.gaveanews.com\/wp-content\/uploads\/German-Cano-em-acao-pelo-Fluminense.webp\",\"width\":908,\"height\":637,\"caption\":\"Germ\u00e1n Cano em a\u00e7\u00e3o pelo Fluminense (Foto: Lucas Mer\u00e7on\/Fluminense)\"},{\"@type\":\"BreadcrumbList\",\"@id\":\"https:\/\/www.gaveanews.com\/index.php\/2024\/11\/24\/ele-esta-com-problema-muscular-mas-ainda-assim-jogou-a-ultima-partida-do-fluminense\/#breadcrumb\",\"itemListElement\":[{\"@type\":\"ListItem\",\"position\":1,\"name\":\"Home\",\"item\":\"https:\/\/www.gaveanews.com\/\"},{\"@type\":\"ListItem\",\"position\":2,\"name\":\"Ele est\u00e1 com problema muscular mas ainda assim jogou a \u00faltima partida do Fluminense\"}]},{\"@type\":\"WebSite\",\"@id\":\"https:\/\/www.gaveanews.com\/#website\",\"url\":\"https:\/\/www.gaveanews.com\/\",\"name\":\"G\u00e1vea News\",\"description\":\"Veja todas as not\u00edcias sobre o Flamengo: Contrata\u00e7\u00f5es, categorias de base, resultados das partidas, tabela de classifica\u00e7\u00e3o, pr\u00f3ximos jogos!\",\"potentialAction\":[{\"@type\":\"SearchAction\",\"target\":{\"@type\":\"EntryPoint\",\"urlTemplate\":\"https:\/\/www.gaveanews.com\/?s={search_term_string}\"},\"query-input\":{\"@type\":\"PropertyValueSpecification\",\"valueRequired\":true,\"valueName\":\"search_term_string\"}}],\"inLanguage\":\"pt-BR\"},{\"@type\":\"Person\",\"@id\":\"https:\/\/www.gaveanews.com\/#\/schema\/person\/2424ec6409bc3f068411fc5e4e9b6168\",\"name\":\"Leandro Cardoso\",\"image\":{\"@type\":\"ImageObject\",\"inLanguage\":\"pt-BR\",\"@id\":\"https:\/\/www.gaveanews.com\/#\/schema\/person\/image\/\",\"url\":\"https:\/\/secure.gravatar.com\/avatar\/8ca179f9b55eefe9f376f5493ef25475bfa59fbc28ce937f6076ce20e523098f?s=96&d=mm&r=g\",\"contentUrl\":\"https:\/\/secure.gravatar.com\/avatar\/8ca179f9b55eefe9f376f5493ef25475bfa59fbc28ce937f6076ce20e523098f?s=96&d=mm&r=g\",\"caption\":\"Leandro Cardoso\"}}]}<\/script>\n<!-- \/ Yoast SEO Premium plugin. -->","yoast_head_json":{"title":"Ele est\u00e1 com problema muscular mas ainda assim jogou a \u00faltima partida do Fluminense","robots":{"index":"index","follow":"follow","max-snippet":"max-snippet:-1","max-image-preview":"max-image-preview:large","max-video-preview":"max-video-preview:-1"},"canonical":"https:\/\/www.gaveanews.com\/index.php\/2024\/11\/24\/ele-esta-com-problema-muscular-mas-ainda-assim-jogou-a-ultima-partida-do-fluminense\/","og_locale":"pt_BR","og_type":"article","og_title":"Ele est\u00e1 com problema muscular mas ainda assim jogou a \u00faltima partida do Fluminense","og_description":"Na \u00faltima sexta-feira (22), Germ\u00e1n Cano mostrou mais uma vez por que \u00e9 considerado um dos pilares do Fluminense. Mesmo atuando no sacrif\u00edcio, o atacante marcou o gol de empate do Tricolor contra o Fortaleza no Maracan\u00e3, demonstrando comprometimento com a equipe em um momento crucial. Por\u00e9m, sua declara\u00e7\u00e3o p\u00f3s-jogo trouxe \u00e0 tona um detalhe [&hellip;]","og_url":"https:\/\/www.gaveanews.com\/index.php\/2024\/11\/24\/ele-esta-com-problema-muscular-mas-ainda-assim-jogou-a-ultima-partida-do-fluminense\/","og_site_name":"G\u00e1vea News","article_publisher":"https:\/\/facebook.com\/gaveaNews\/","article_published_time":"2024-11-24T13:15:00+00:00","og_image":[{"width":908,"height":637,"url":"https:\/\/www.gaveanews.com\/wp-content\/uploads\/German-Cano-em-acao-pelo-Fluminense.webp","type":"image\/jpeg"}],"author":"Leandro Cardoso","twitter_card":"summary_large_image","twitter_misc":{"Escrito por":"Leandro Cardoso","Est. tempo de leitura":"2 minutos"},"schema":{"@context":"https:\/\/schema.org","@graph":[{"@type":"NewsArticle","@id":"https:\/\/www.gaveanews.com\/index.php\/2024\/11\/24\/ele-esta-com-problema-muscular-mas-ainda-assim-jogou-a-ultima-partida-do-fluminense\/#article","isPartOf":{"@id":"https:\/\/www.gaveanews.com\/index.php\/2024\/11\/24\/ele-esta-com-problema-muscular-mas-ainda-assim-jogou-a-ultima-partida-do-fluminense\/"},"author":{"name":"Leandro Cardoso","@id":"https:\/\/www.gaveanews.com\/#\/schema\/person\/2424ec6409bc3f068411fc5e4e9b6168"},"headline":"Ele est\u00e1 com problema muscular mas ainda assim jogou a \u00faltima partida do Fluminense","datePublished":"2024-11-24T13:15:00+00:00","mainEntityOfPage":{"@id":"https:\/\/www.gaveanews.com\/index.php\/2024\/11\/24\/ele-esta-com-problema-muscular-mas-ainda-assim-jogou-a-ultima-partida-do-fluminense\/"},"wordCount":360,"commentCount":0,"image":{"@id":"https:\/\/www.gaveanews.com\/index.php\/2024\/11\/24\/ele-esta-com-problema-muscular-mas-ainda-assim-jogou-a-ultima-partida-do-fluminense\/#primaryimage"},"thumbnailUrl":"https:\/\/www.gaveanews.com\/wp-content\/uploads\/German-Cano-em-acao-pelo-Fluminense.webp","articleSection":["Fluminense","Fortaleza"],"inLanguage":"pt-BR","potentialAction":[{"@type":"CommentAction","name":"Comment","target":["https:\/\/www.gaveanews.com\/index.php\/2024\/11\/24\/ele-esta-com-problema-muscular-mas-ainda-assim-jogou-a-ultima-partida-do-fluminense\/#respond"]}],"copyrightYear":"2024","copyrightHolder":{"@id":"https:\/\/www.gaveanews.com\/#organization"}},{"@type":"WebPage","@id":"https:\/\/www.gaveanews.com\/index.php\/2024\/11\/24\/ele-esta-com-problema-muscular-mas-ainda-assim-jogou-a-ultima-partida-do-fluminense\/","url":"https:\/\/www.gaveanews.com\/index.php\/2024\/11\/24\/ele-esta-com-problema-muscular-mas-ainda-assim-jogou-a-ultima-partida-do-fluminense\/","name":"Ele est\u00e1 com problema muscular mas ainda assim jogou a \u00faltima partida do Fluminense","isPartOf":{"@id":"https:\/\/www.gaveanews.com\/#website"},"primaryImageOfPage":{"@id":"https:\/\/www.gaveanews.com\/index.php\/2024\/11\/24\/ele-esta-com-problema-muscular-mas-ainda-assim-jogou-a-ultima-partida-do-fluminense\/#primaryimage"},"image":{"@id":"https:\/\/www.gaveanews.com\/index.php\/2024\/11\/24\/ele-esta-com-problema-muscular-mas-ainda-assim-jogou-a-ultima-partida-do-fluminense\/#primaryimage"},"thumbnailUrl":"https:\/\/www.gaveanews.com\/wp-content\/uploads\/German-Cano-em-acao-pelo-Fluminense.webp","datePublished":"2024-11-24T13:15:00+00:00","author":{"@id":"https:\/\/www.gaveanews.com\/#\/schema\/person\/2424ec6409bc3f068411fc5e4e9b6168"},"breadcrumb":{"@id":"https:\/\/www.gaveanews.com\/index.php\/2024\/11\/24\/ele-esta-com-problema-muscular-mas-ainda-assim-jogou-a-ultima-partida-do-fluminense\/#breadcrumb"},"inLanguage":"pt-BR","potentialAction":[{"@type":"ReadAction","target":["https:\/\/www.gaveanews.com\/index.php\/2024\/11\/24\/ele-esta-com-problema-muscular-mas-ainda-assim-jogou-a-ultima-partida-do-fluminense\/"]}]},{"@type":"ImageObject","inLanguage":"pt-BR","@id":"https:\/\/www.gaveanews.com\/index.php\/2024\/11\/24\/ele-esta-com-problema-muscular-mas-ainda-assim-jogou-a-ultima-partida-do-fluminense\/#primaryimage","url":"https:\/\/www.gaveanews.com\/wp-content\/uploads\/German-Cano-em-acao-pelo-Fluminense.webp","contentUrl":"https:\/\/www.gaveanews.com\/wp-content\/uploads\/German-Cano-em-acao-pelo-Fluminense.webp","width":908,"height":637,"caption":"Germ\u00e1n Cano em a\u00e7\u00e3o pelo Fluminense (Foto: Lucas Mer\u00e7on\/Fluminense)"},{"@type":"BreadcrumbList","@id":"https:\/\/www.gaveanews.com\/index.php\/2024\/11\/24\/ele-esta-com-problema-muscular-mas-ainda-assim-jogou-a-ultima-partida-do-fluminense\/#breadcrumb","itemListElement":[{"@type":"ListItem","position":1,"name":"Home","item":"https:\/\/www.gaveanews.com\/"},{"@type":"ListItem","position":2,"name":"Ele est\u00e1 com problema muscular mas ainda assim jogou a \u00faltima partida do Fluminense"}]},{"@type":"WebSite","@id":"https:\/\/www.gaveanews.com\/#website","url":"https:\/\/www.gaveanews.com\/","name":"G\u00e1vea News","description":"Veja todas as not\u00edcias sobre o Flamengo: Contrata\u00e7\u00f5es, categorias de base, resultados das partidas, tabela de classifica\u00e7\u00e3o, pr\u00f3ximos jogos!","potentialAction":[{"@type":"SearchAction","target":{"@type":"EntryPoint","urlTemplate":"https:\/\/www.gaveanews.com\/?s={search_term_string}"},"query-input":{"@type":"PropertyValueSpecification","valueRequired":true,"valueName":"search_term_string"}}],"inLanguage":"pt-BR"},{"@type":"Person","@id":"https:\/\/www.gaveanews.com\/#\/schema\/person\/2424ec6409bc3f068411fc5e4e9b6168","name":"Leandro Cardoso","image":{"@type":"ImageObject","inLanguage":"pt-BR","@id":"https:\/\/www.gaveanews.com\/#\/schema\/person\/image\/","url":"https:\/\/secure.gravatar.com\/avatar\/8ca179f9b55eefe9f376f5493ef25475bfa59fbc28ce937f6076ce20e523098f?s=96&d=mm&r=g","contentUrl":"https:\/\/secure.gravatar.com\/avatar\/8ca179f9b55eefe9f376f5493ef25475bfa59fbc28ce937f6076ce20e523098f?s=96&d=mm&r=g","caption":"Leandro Cardoso"}}]}},"_links":{"self":[{"href":"https:\/\/www.gaveanews.com\/index.php\/wp-json\/wp\/v2\/posts\/189450","targetHints":{"allow":["GET"]}}],"collection":[{"href":"https:\/\/www.gaveanews.com\/index.php\/wp-json\/wp\/v2\/posts"}],"about":[{"href":"https:\/\/www.gaveanews.com\/index.php\/wp-json\/wp\/v2\/types\/post"}],"author":[{"embeddable":true,"href":"https:\/\/www.gaveanews.com\/index.php\/wp-json\/wp\/v2\/users\/24"}],"replies":[{"embeddable":true,"href":"https:\/\/www.gaveanews.com\/index.php\/wp-json\/wp\/v2\/comments?post=189450"}],"version-history":[{"count":1,"href":"https:\/\/www.gaveanews.com\/index.php\/wp-json\/wp\/v2\/posts\/189450\/revisions"}],"predecessor-version":[{"id":189468,"href":"https:\/\/www.gaveanews.com\/index.php\/wp-json\/wp\/v2\/posts\/189450\/revisions\/189468"}],"wp:featuredmedia":[{"embeddable":true,"href":"https:\/\/www.gaveanews.com\/index.php\/wp-json\/wp\/v2\/media\/170376"}],"wp:attachment":[{"href":"https:\/\/www.gaveanews.com\/index.php\/wp-json\/wp\/v2\/media?parent=189450"}],"wp:term":[{"taxonomy":"category","embeddable":true,"href":"https:\/\/www.gaveanews.com\/index.php\/wp-json\/wp\/v2\/categories?post=189450"},{"taxonomy":"post_tag","embeddable":true,"href":"https:\/\/www.gaveanews.com\/index.php\/wp-json\/wp\/v2\/tags?post=189450"}],"curies":[{"name":"wp","href":"https:\/\/api.w.org\/{rel}","templated":true}]}}