{"id":189577,"date":"2024-11-23T20:40:00","date_gmt":"2024-11-23T23:40:00","guid":{"rendered":"https:\/\/www.gaveanews.com\/?p=189577"},"modified":"2024-11-23T18:18:32","modified_gmt":"2024-11-23T21:18:32","slug":"saidas-importantes-capitaes-sem-faixa-e-recado-de-andre-silva-as-ultimas-noticias-do-sao-paulo","status":"publish","type":"post","link":"https:\/\/www.gaveanews.com\/index.php\/2024\/11\/23\/saidas-importantes-capitaes-sem-faixa-e-recado-de-andre-silva-as-ultimas-noticias-do-sao-paulo\/","title":{"rendered":"Sa\u00eddas importantes, capit\u00e3es sem faixa e recado de Andr\u00e9 Silva: as \u00faltimas not\u00edcias do S\u00e3o Paulo"},"content":{"rendered":"\n<p>Nas \u00faltimas horas, o foco das not\u00edcias sobre o S\u00e3o Paulo se concentram nos bastidores do clube, com destaques como as sa\u00eddas importantes e os capit\u00e3es sem faixa.<\/p>\n\n\n\n<p>Por conta deste contexto, leia abaixo um resumo preparado pela equipe do portal G\u00e1vea News para lhe manter muito bem informado!<\/p>\n\n\n\n<h2 class=\"wp-block-heading\" id=\"h-recado-de-andre-silva\">Recado de Andr\u00e9 Silva<\/h2>\n\n\n\n<p>Andr\u00e9 Silva, atacante contratado pelo S\u00e3o Paulo nesta temporada por 3,5 milh\u00f5es de euros (cerca de R$ 18,8 milh\u00f5es), revelou que sua escolha pelo clube foi motivada por uma paix\u00e3o antiga e pela estrutura oferecida. Mesmo recebendo propostas do Vasco e Cruzeiro, que ofereciam condi\u00e7\u00f5es financeiras mais vantajosas, o jogador optou pelo Tricolor Paulista por considerar o S\u00e3o Paulo &#8220;o maior clube do Brasil&#8221;. Ele destacou tamb\u00e9m a influ\u00eancia da cidade e o impacto positivo da decis\u00e3o em sua vida familiar <strong><a href=\"https:\/\/www.gaveanews.com\/index.php\/2024\/11\/22\/andre-silva-revela-por-que-escolheu-o-sao-paulo\/\">(leia a mat\u00e9ria completa).<\/a><\/strong><\/p>\n\n\n\n<figure class=\"wp-block-image size-full\"><img loading=\"lazy\" decoding=\"async\" width=\"984\" height=\"768\" src=\"https:\/\/www.gaveanews.com\/wp-content\/uploads\/Andre-Silva-anunciado-pelo-Sao-Paulo.webp\" alt=\"\" class=\"wp-image-173176\" srcset=\"https:\/\/www.gaveanews.com\/wp-content\/uploads\/Andre-Silva-anunciado-pelo-Sao-Paulo.webp 984w, https:\/\/www.gaveanews.com\/wp-content\/uploads\/Andre-Silva-anunciado-pelo-Sao-Paulo-300x234.webp 300w, https:\/\/www.gaveanews.com\/wp-content\/uploads\/Andre-Silva-anunciado-pelo-Sao-Paulo-768x599.webp 768w, https:\/\/www.gaveanews.com\/wp-content\/uploads\/Andre-Silva-anunciado-pelo-Sao-Paulo-538x420.webp 538w, https:\/\/www.gaveanews.com\/wp-content\/uploads\/Andre-Silva-anunciado-pelo-Sao-Paulo-640x500.webp 640w, https:\/\/www.gaveanews.com\/wp-content\/uploads\/Andre-Silva-anunciado-pelo-Sao-Paulo-681x532.webp 681w, https:\/\/www.gaveanews.com\/wp-content\/uploads\/Andre-Silva-anunciado-pelo-Sao-Paulo-511x400.webp 511w, https:\/\/www.gaveanews.com\/wp-content\/uploads\/Andre-Silva-anunciado-pelo-Sao-Paulo-100x78.webp 100w\" sizes=\"auto, (max-width: 984px) 100vw, 984px\" \/><figcaption class=\"wp-element-caption\">Andr\u00e9 Silva anunciado pelo S\u00e3o Paulo (Foto: Reprodu\u00e7\u00e3o)<\/figcaption><\/figure>\n\n\n\n<p>Desde sua chegada, Andr\u00e9 j\u00e1 disputou 39 partidas e marcou oito gols, incluindo um decisivo contra o Athletico-PR na pen\u00faltima rodada do Brasileir\u00e3o. <\/p>\n\n\n\n<p>O atacante mant\u00e9m uma postura humilde e competitiva, elogiando seu companheiro de posi\u00e7\u00e3o Calleri, com quem disputa a titularidade. Segundo ele, a rivalidade no ataque \u00e9 marcada por respeito m\u00fatuo e uma disputa saud\u00e1vel, refletindo seu compromisso com o trabalho e a meritocracia.<\/p>\n\n\n\n<p>Andr\u00e9 tamb\u00e9m enfatizou sua admira\u00e7\u00e3o pelo clube e sua felicidade em vestir a camisa tricolor. Ele considera especial a experi\u00eancia de jogar no Morumbi e a oportunidade de participar de competi\u00e7\u00f5es importantes, como a Libertadores. Para o atacante, o S\u00e3o Paulo \u00e9 sin\u00f4nimo de grandeza e tradi\u00e7\u00e3o, refor\u00e7ando a import\u00e2ncia de sua escolha na constru\u00e7\u00e3o de sua trajet\u00f3ria no futebol brasileiro.<\/p>\n\n\n\n<h2 class=\"wp-block-heading\" id=\"h-capitaes-sem-faixa\">Capit\u00e3es sem faixa<\/h2>\n\n\n\n<p>Calleri, Lucas Moura e Rafinha t\u00eam se destacado como l\u00edderes no S\u00e3o Paulo, desempenhando pap\u00e9is fundamentais dentro e fora de campo. O trio, que compartilha a responsabilidade de capit\u00e3o, lidera iniciativas como defini\u00e7\u00e3o de premia\u00e7\u00f5es por metas e motiva\u00e7\u00e3o do elenco em partidas decisivas. Mesmo quando lesionados ou fora de combate, eles acompanham o time, refor\u00e7ando a uni\u00e3o e o comprometimento do grupo <strong><a href=\"https:\/\/www.gaveanews.com\/index.php\/2024\/11\/22\/capitaes-sem-faixa-calleri-lucas-e-rafinha-assumem-lideranca-do-sao-paulo\/\">(leia a mat\u00e9ria completa).<\/a><\/strong><\/p>\n\n\n\n<figure class=\"wp-block-image size-large\"><img loading=\"lazy\" decoding=\"async\" width=\"822\" height=\"1024\" src=\"https:\/\/www.gaveanews.com\/wp-content\/uploads\/Jonathan-Calleri-em-acao-pelo-Sao-Paulo-822x1024.webp\" alt=\"\" class=\"wp-image-148324\" srcset=\"https:\/\/www.gaveanews.com\/wp-content\/uploads\/Jonathan-Calleri-em-acao-pelo-Sao-Paulo-822x1024.webp 822w, https:\/\/www.gaveanews.com\/wp-content\/uploads\/Jonathan-Calleri-em-acao-pelo-Sao-Paulo-241x300.webp 241w, https:\/\/www.gaveanews.com\/wp-content\/uploads\/Jonathan-Calleri-em-acao-pelo-Sao-Paulo-768x957.webp 768w, https:\/\/www.gaveanews.com\/wp-content\/uploads\/Jonathan-Calleri-em-acao-pelo-Sao-Paulo-337x420.webp 337w, https:\/\/www.gaveanews.com\/wp-content\/uploads\/Jonathan-Calleri-em-acao-pelo-Sao-Paulo-674x840.webp 674w, https:\/\/www.gaveanews.com\/wp-content\/uploads\/Jonathan-Calleri-em-acao-pelo-Sao-Paulo-640x798.webp 640w, https:\/\/www.gaveanews.com\/wp-content\/uploads\/Jonathan-Calleri-em-acao-pelo-Sao-Paulo-681x849.webp 681w, https:\/\/www.gaveanews.com\/wp-content\/uploads\/Jonathan-Calleri-em-acao-pelo-Sao-Paulo-100x125.webp 100w, https:\/\/www.gaveanews.com\/wp-content\/uploads\/Jonathan-Calleri-em-acao-pelo-Sao-Paulo.webp 1080w\" sizes=\"auto, (max-width: 822px) 100vw, 822px\" \/><figcaption class=\"wp-element-caption\">Jonathan Calleri em a\u00e7\u00e3o pelo S\u00e3o Paulo (Foto: Reprodu\u00e7\u00e3o\/Instagram)<\/figcaption><\/figure>\n\n\n\n<p>Al\u00e9m de seu impacto t\u00e9cnico, os tr\u00eas influenciam o ambiente no CT da Barra Funda, promovendo integra\u00e7\u00e3o com atividades como rodas de samba lideradas por Rafinha e Lucas e a apresenta\u00e7\u00e3o de m\u00fasicas latinas por Calleri. A rela\u00e7\u00e3o do grupo com a torcida tamb\u00e9m \u00e9 fortalecida por suas interven\u00e7\u00f5es, como a organiza\u00e7\u00e3o do &#8220;corredor de fogo&#8221; antes de um cl\u00e1ssico decisivo contra o Corinthians pela Copa do Brasil.<\/p>\n\n\n\n<p>Carlos Belmonte, diretor do clube, reconheceu a import\u00e2ncia do trio para a recupera\u00e7\u00e3o do time ap\u00f3s elimina\u00e7\u00f5es em competi\u00e7\u00f5es importantes. A postura de lideran\u00e7a dos jogadores, aliada ao apoio aos jovens vindos de Cotia, foi essencial para manter o foco na busca por objetivos como a vaga direta para a Libertadores, reafirmando o papel central de Calleri, Lucas e Rafinha na reconstru\u00e7\u00e3o do S\u00e3o Paulo em 2024.<\/p>\n\n\n\n<h2 class=\"wp-block-heading\" id=\"h-saidas-importantes\">Sa\u00eddas importantes<\/h2>\n\n\n\n<p>O S\u00e3o Paulo dever\u00e1 promover mudan\u00e7as significativas no elenco para 2025, com a sa\u00edda de tr\u00eas meio-campistas: Rodrigo Nestor, Giuliano Galoppo e Rodriguinho. Os jogadores n\u00e3o se encaixam no esquema t\u00e1tico de Luiz Zubeld\u00eda e t\u00eam recebido pouco tempo em campo. Nestor, destaque na conquista da Copa do Brasil de 2023, perdeu espa\u00e7o ap\u00f3s uma les\u00e3o e desperta interesse do Bahia, que deve apresentar uma proposta em torno de 7 milh\u00f5es de euros para contrat\u00e1-lo <strong><a href=\"https:\/\/www.gaveanews.com\/index.php\/2024\/11\/22\/sao-paulo-devera-ter-saida-de-tres-jogadores-em-2025\/\">(leia a mat\u00e9ria completa).<\/a><\/strong><\/p>\n\n\n\n<figure class=\"wp-block-image size-large\"><img loading=\"lazy\" decoding=\"async\" width=\"819\" height=\"1024\" src=\"https:\/\/www.gaveanews.com\/wp-content\/uploads\/Galoppo-em-acao-pelo-Sao-Paulo-819x1024.webp\" alt=\"\" class=\"wp-image-142730\" srcset=\"https:\/\/www.gaveanews.com\/wp-content\/uploads\/Galoppo-em-acao-pelo-Sao-Paulo-819x1024.webp 819w, https:\/\/www.gaveanews.com\/wp-content\/uploads\/Galoppo-em-acao-pelo-Sao-Paulo-240x300.webp 240w, https:\/\/www.gaveanews.com\/wp-content\/uploads\/Galoppo-em-acao-pelo-Sao-Paulo-768x960.webp 768w, https:\/\/www.gaveanews.com\/wp-content\/uploads\/Galoppo-em-acao-pelo-Sao-Paulo-336x420.webp 336w, https:\/\/www.gaveanews.com\/wp-content\/uploads\/Galoppo-em-acao-pelo-Sao-Paulo-672x840.webp 672w, https:\/\/www.gaveanews.com\/wp-content\/uploads\/Galoppo-em-acao-pelo-Sao-Paulo-640x800.webp 640w, https:\/\/www.gaveanews.com\/wp-content\/uploads\/Galoppo-em-acao-pelo-Sao-Paulo-681x851.webp 681w, https:\/\/www.gaveanews.com\/wp-content\/uploads\/Galoppo-em-acao-pelo-Sao-Paulo-100x125.webp 100w, https:\/\/www.gaveanews.com\/wp-content\/uploads\/Galoppo-em-acao-pelo-Sao-Paulo.webp 1080w\" sizes=\"auto, (max-width: 819px) 100vw, 819px\" \/><figcaption class=\"wp-element-caption\">Galoppo em a\u00e7\u00e3o pelo S\u00e3o Paulo (Foto: Reprodu\u00e7\u00e3o\/Instagram)<\/figcaption><\/figure>\n\n\n\n<p>Giuliano Galoppo, por sua vez, est\u00e1 lesionado e fora da reta final da temporada. Ele ocupa apenas a 23\u00aa posi\u00e7\u00e3o no elenco em termos de minutos jogados e \u00e9 cotado para retornar ao futebol argentino, j\u00e1 que recebeu sondagens na \u00faltima janela de transfer\u00eancias. J\u00e1 Rodriguinho, revelado em Cotia, possui poucas oportunidades na equipe principal e deve ser emprestado para ganhar experi\u00eancia e maior minutagem.<\/p>\n\n\n\n<p>As sa\u00eddas s\u00e3o parte de um planejamento que visa ajustar o meio-campo do Tricolor, que contar\u00e1 com op\u00e7\u00f5es como Pablo Maia, Alisson, Bobadilla, Marcos Ant\u00f4nio e Santi Longo. A movimenta\u00e7\u00e3o tamb\u00e9m busca abrir espa\u00e7o para refor\u00e7os e equilibrar o elenco diante da classifica\u00e7\u00e3o para competi\u00e7\u00f5es importantes, como a Libertadores.<\/p>\n","protected":false},"excerpt":{"rendered":"<p>Nas \u00faltimas horas, o foco das not\u00edcias sobre o S\u00e3o Paulo se concentram nos bastidores do clube, com destaques como as sa\u00eddas importantes e os capit\u00e3es sem faixa. Por conta deste contexto, leia abaixo um resumo preparado pela equipe do portal G\u00e1vea News para lhe manter muito bem informado! Recado de Andr\u00e9 Silva Andr\u00e9 Silva, [&hellip;]<\/p>\n","protected":false},"author":27,"featured_media":154249,"comment_status":"open","ping_status":"closed","sticky":false,"template":"","format":"standard","meta":{"footnotes":""},"categories":[151],"tags":[],"class_list":["post-189577","post","type-post","status-publish","format-standard","has-post-thumbnail","hentry","category-sao-paulo"],"yoast_head":"<!-- This site is optimized with the Yoast SEO Premium plugin v24.2 (Yoast SEO v26.9) - https:\/\/yoast.com\/product\/yoast-seo-premium-wordpress\/ -->\n<title>Sa\u00eddas importantes, capit\u00e3es sem faixa e recado de Andr\u00e9 Silva: as \u00faltimas not\u00edcias do S\u00e3o Paulo<\/title>\n<meta name=\"robots\" content=\"index, follow, max-snippet:-1, max-image-preview:large, max-video-preview:-1\" \/>\n<link rel=\"canonical\" href=\"https:\/\/www.gaveanews.com\/index.php\/2024\/11\/23\/saidas-importantes-capitaes-sem-faixa-e-recado-de-andre-silva-as-ultimas-noticias-do-sao-paulo\/\" \/>\n<meta property=\"og:locale\" content=\"pt_BR\" \/>\n<meta property=\"og:type\" content=\"article\" \/>\n<meta property=\"og:title\" content=\"Sa\u00eddas importantes, capit\u00e3es sem faixa e recado de Andr\u00e9 Silva: as \u00faltimas not\u00edcias do S\u00e3o Paulo\" \/>\n<meta property=\"og:description\" content=\"Nas \u00faltimas horas, o foco das not\u00edcias sobre o S\u00e3o Paulo se concentram nos bastidores do clube, com destaques como as sa\u00eddas importantes e os capit\u00e3es sem faixa. Por conta deste contexto, leia abaixo um resumo preparado pela equipe do portal G\u00e1vea News para lhe manter muito bem informado! Recado de Andr\u00e9 Silva Andr\u00e9 Silva, [&hellip;]\" \/>\n<meta property=\"og:url\" content=\"https:\/\/www.gaveanews.com\/index.php\/2024\/11\/23\/saidas-importantes-capitaes-sem-faixa-e-recado-de-andre-silva-as-ultimas-noticias-do-sao-paulo\/\" \/>\n<meta property=\"og:site_name\" content=\"G\u00e1vea News\" \/>\n<meta property=\"article:publisher\" content=\"https:\/\/facebook.com\/gaveaNews\/\" \/>\n<meta property=\"article:published_time\" content=\"2024-11-23T23:40:00+00:00\" \/>\n<meta property=\"og:image\" content=\"https:\/\/www.gaveanews.com\/wp-content\/uploads\/Bandeira-do-Sao-Paulo-no-Morumbis-em-2024.webp\" \/>\n\t<meta property=\"og:image:width\" content=\"1000\" \/>\n\t<meta property=\"og:image:height\" content=\"667\" \/>\n\t<meta property=\"og:image:type\" content=\"image\/webp\" \/>\n<meta name=\"author\" content=\"Matheus Felipe\" \/>\n<meta name=\"twitter:card\" content=\"summary_large_image\" \/>\n<meta name=\"twitter:label1\" content=\"Escrito por\" \/>\n\t<meta name=\"twitter:data1\" content=\"Matheus Felipe\" \/>\n\t<meta name=\"twitter:label2\" content=\"Est. tempo de leitura\" \/>\n\t<meta name=\"twitter:data2\" content=\"5 minutos\" \/>\n<script type=\"application\/ld+json\" class=\"yoast-schema-graph\">{\"@context\":\"https:\/\/schema.org\",\"@graph\":[{\"@type\":\"NewsArticle\",\"@id\":\"https:\/\/www.gaveanews.com\/index.php\/2024\/11\/23\/saidas-importantes-capitaes-sem-faixa-e-recado-de-andre-silva-as-ultimas-noticias-do-sao-paulo\/#article\",\"isPartOf\":{\"@id\":\"https:\/\/www.gaveanews.com\/index.php\/2024\/11\/23\/saidas-importantes-capitaes-sem-faixa-e-recado-de-andre-silva-as-ultimas-noticias-do-sao-paulo\/\"},\"author\":{\"name\":\"Matheus Felipe\",\"@id\":\"https:\/\/www.gaveanews.com\/#\/schema\/person\/8207cd4627f56151707418bfc835b2fb\"},\"headline\":\"Sa\u00eddas importantes, capit\u00e3es sem faixa e recado de Andr\u00e9 Silva: as \u00faltimas not\u00edcias do S\u00e3o Paulo\",\"datePublished\":\"2024-11-23T23:40:00+00:00\",\"mainEntityOfPage\":{\"@id\":\"https:\/\/www.gaveanews.com\/index.php\/2024\/11\/23\/saidas-importantes-capitaes-sem-faixa-e-recado-de-andre-silva-as-ultimas-noticias-do-sao-paulo\/\"},\"wordCount\":799,\"commentCount\":0,\"image\":{\"@id\":\"https:\/\/www.gaveanews.com\/index.php\/2024\/11\/23\/saidas-importantes-capitaes-sem-faixa-e-recado-de-andre-silva-as-ultimas-noticias-do-sao-paulo\/#primaryimage\"},\"thumbnailUrl\":\"https:\/\/www.gaveanews.com\/wp-content\/uploads\/Bandeira-do-Sao-Paulo-no-Morumbis-em-2024.webp\",\"articleSection\":[\"S\u00e3o Paulo\"],\"inLanguage\":\"pt-BR\",\"potentialAction\":[{\"@type\":\"CommentAction\",\"name\":\"Comment\",\"target\":[\"https:\/\/www.gaveanews.com\/index.php\/2024\/11\/23\/saidas-importantes-capitaes-sem-faixa-e-recado-de-andre-silva-as-ultimas-noticias-do-sao-paulo\/#respond\"]}],\"copyrightYear\":\"2024\",\"copyrightHolder\":{\"@id\":\"https:\/\/www.gaveanews.com\/#organization\"}},{\"@type\":\"WebPage\",\"@id\":\"https:\/\/www.gaveanews.com\/index.php\/2024\/11\/23\/saidas-importantes-capitaes-sem-faixa-e-recado-de-andre-silva-as-ultimas-noticias-do-sao-paulo\/\",\"url\":\"https:\/\/www.gaveanews.com\/index.php\/2024\/11\/23\/saidas-importantes-capitaes-sem-faixa-e-recado-de-andre-silva-as-ultimas-noticias-do-sao-paulo\/\",\"name\":\"Sa\u00eddas importantes, capit\u00e3es sem faixa e recado de Andr\u00e9 Silva: as \u00faltimas not\u00edcias do S\u00e3o Paulo\",\"isPartOf\":{\"@id\":\"https:\/\/www.gaveanews.com\/#website\"},\"primaryImageOfPage\":{\"@id\":\"https:\/\/www.gaveanews.com\/index.php\/2024\/11\/23\/saidas-importantes-capitaes-sem-faixa-e-recado-de-andre-silva-as-ultimas-noticias-do-sao-paulo\/#primaryimage\"},\"image\":{\"@id\":\"https:\/\/www.gaveanews.com\/index.php\/2024\/11\/23\/saidas-importantes-capitaes-sem-faixa-e-recado-de-andre-silva-as-ultimas-noticias-do-sao-paulo\/#primaryimage\"},\"thumbnailUrl\":\"https:\/\/www.gaveanews.com\/wp-content\/uploads\/Bandeira-do-Sao-Paulo-no-Morumbis-em-2024.webp\",\"datePublished\":\"2024-11-23T23:40:00+00:00\",\"author\":{\"@id\":\"https:\/\/www.gaveanews.com\/#\/schema\/person\/8207cd4627f56151707418bfc835b2fb\"},\"breadcrumb\":{\"@id\":\"https:\/\/www.gaveanews.com\/index.php\/2024\/11\/23\/saidas-importantes-capitaes-sem-faixa-e-recado-de-andre-silva-as-ultimas-noticias-do-sao-paulo\/#breadcrumb\"},\"inLanguage\":\"pt-BR\",\"potentialAction\":[{\"@type\":\"ReadAction\",\"target\":[\"https:\/\/www.gaveanews.com\/index.php\/2024\/11\/23\/saidas-importantes-capitaes-sem-faixa-e-recado-de-andre-silva-as-ultimas-noticias-do-sao-paulo\/\"]}]},{\"@type\":\"ImageObject\",\"inLanguage\":\"pt-BR\",\"@id\":\"https:\/\/www.gaveanews.com\/index.php\/2024\/11\/23\/saidas-importantes-capitaes-sem-faixa-e-recado-de-andre-silva-as-ultimas-noticias-do-sao-paulo\/#primaryimage\",\"url\":\"https:\/\/www.gaveanews.com\/wp-content\/uploads\/Bandeira-do-Sao-Paulo-no-Morumbis-em-2024.webp\",\"contentUrl\":\"https:\/\/www.gaveanews.com\/wp-content\/uploads\/Bandeira-do-Sao-Paulo-no-Morumbis-em-2024.webp\",\"width\":1000,\"height\":667,\"caption\":\"Bandeira do S\u00e3o Paulo no Morumbis em 2024 (Foto: Reprodu\u00e7\u00e3o\/S\u00e3o Paulo)\"},{\"@type\":\"BreadcrumbList\",\"@id\":\"https:\/\/www.gaveanews.com\/index.php\/2024\/11\/23\/saidas-importantes-capitaes-sem-faixa-e-recado-de-andre-silva-as-ultimas-noticias-do-sao-paulo\/#breadcrumb\",\"itemListElement\":[{\"@type\":\"ListItem\",\"position\":1,\"name\":\"Home\",\"item\":\"https:\/\/www.gaveanews.com\/\"},{\"@type\":\"ListItem\",\"position\":2,\"name\":\"Sa\u00eddas importantes, capit\u00e3es sem faixa e recado de Andr\u00e9 Silva: as \u00faltimas not\u00edcias do S\u00e3o Paulo\"}]},{\"@type\":\"WebSite\",\"@id\":\"https:\/\/www.gaveanews.com\/#website\",\"url\":\"https:\/\/www.gaveanews.com\/\",\"name\":\"G\u00e1vea News\",\"description\":\"Veja todas as not\u00edcias sobre o Flamengo: Contrata\u00e7\u00f5es, categorias de base, resultados das partidas, tabela de classifica\u00e7\u00e3o, pr\u00f3ximos jogos!\",\"potentialAction\":[{\"@type\":\"SearchAction\",\"target\":{\"@type\":\"EntryPoint\",\"urlTemplate\":\"https:\/\/www.gaveanews.com\/?s={search_term_string}\"},\"query-input\":{\"@type\":\"PropertyValueSpecification\",\"valueRequired\":true,\"valueName\":\"search_term_string\"}}],\"inLanguage\":\"pt-BR\"},{\"@type\":\"Person\",\"@id\":\"https:\/\/www.gaveanews.com\/#\/schema\/person\/8207cd4627f56151707418bfc835b2fb\",\"name\":\"Matheus Felipe\",\"image\":{\"@type\":\"ImageObject\",\"inLanguage\":\"pt-BR\",\"@id\":\"https:\/\/www.gaveanews.com\/#\/schema\/person\/image\/\",\"url\":\"https:\/\/secure.gravatar.com\/avatar\/a452ffbed9130f726358b298bb3a99ce4bd3c5338411f8440e87e14d74c7c087?s=96&d=mm&r=g\",\"contentUrl\":\"https:\/\/secure.gravatar.com\/avatar\/a452ffbed9130f726358b298bb3a99ce4bd3c5338411f8440e87e14d74c7c087?s=96&d=mm&r=g\",\"caption\":\"Matheus Felipe\"}}]}<\/script>\n<!-- \/ Yoast SEO Premium plugin. -->","yoast_head_json":{"title":"Sa\u00eddas importantes, capit\u00e3es sem faixa e recado de Andr\u00e9 Silva: as \u00faltimas not\u00edcias do S\u00e3o Paulo","robots":{"index":"index","follow":"follow","max-snippet":"max-snippet:-1","max-image-preview":"max-image-preview:large","max-video-preview":"max-video-preview:-1"},"canonical":"https:\/\/www.gaveanews.com\/index.php\/2024\/11\/23\/saidas-importantes-capitaes-sem-faixa-e-recado-de-andre-silva-as-ultimas-noticias-do-sao-paulo\/","og_locale":"pt_BR","og_type":"article","og_title":"Sa\u00eddas importantes, capit\u00e3es sem faixa e recado de Andr\u00e9 Silva: as \u00faltimas not\u00edcias do S\u00e3o Paulo","og_description":"Nas \u00faltimas horas, o foco das not\u00edcias sobre o S\u00e3o Paulo se concentram nos bastidores do clube, com destaques como as sa\u00eddas importantes e os capit\u00e3es sem faixa. Por conta deste contexto, leia abaixo um resumo preparado pela equipe do portal G\u00e1vea News para lhe manter muito bem informado! Recado de Andr\u00e9 Silva Andr\u00e9 Silva, [&hellip;]","og_url":"https:\/\/www.gaveanews.com\/index.php\/2024\/11\/23\/saidas-importantes-capitaes-sem-faixa-e-recado-de-andre-silva-as-ultimas-noticias-do-sao-paulo\/","og_site_name":"G\u00e1vea News","article_publisher":"https:\/\/facebook.com\/gaveaNews\/","article_published_time":"2024-11-23T23:40:00+00:00","og_image":[{"width":1000,"height":667,"url":"https:\/\/www.gaveanews.com\/wp-content\/uploads\/Bandeira-do-Sao-Paulo-no-Morumbis-em-2024.webp","type":"image\/webp"}],"author":"Matheus Felipe","twitter_card":"summary_large_image","twitter_misc":{"Escrito por":"Matheus Felipe","Est. tempo de leitura":"5 minutos"},"schema":{"@context":"https:\/\/schema.org","@graph":[{"@type":"NewsArticle","@id":"https:\/\/www.gaveanews.com\/index.php\/2024\/11\/23\/saidas-importantes-capitaes-sem-faixa-e-recado-de-andre-silva-as-ultimas-noticias-do-sao-paulo\/#article","isPartOf":{"@id":"https:\/\/www.gaveanews.com\/index.php\/2024\/11\/23\/saidas-importantes-capitaes-sem-faixa-e-recado-de-andre-silva-as-ultimas-noticias-do-sao-paulo\/"},"author":{"name":"Matheus Felipe","@id":"https:\/\/www.gaveanews.com\/#\/schema\/person\/8207cd4627f56151707418bfc835b2fb"},"headline":"Sa\u00eddas importantes, capit\u00e3es sem faixa e recado de Andr\u00e9 Silva: as \u00faltimas not\u00edcias do S\u00e3o Paulo","datePublished":"2024-11-23T23:40:00+00:00","mainEntityOfPage":{"@id":"https:\/\/www.gaveanews.com\/index.php\/2024\/11\/23\/saidas-importantes-capitaes-sem-faixa-e-recado-de-andre-silva-as-ultimas-noticias-do-sao-paulo\/"},"wordCount":799,"commentCount":0,"image":{"@id":"https:\/\/www.gaveanews.com\/index.php\/2024\/11\/23\/saidas-importantes-capitaes-sem-faixa-e-recado-de-andre-silva-as-ultimas-noticias-do-sao-paulo\/#primaryimage"},"thumbnailUrl":"https:\/\/www.gaveanews.com\/wp-content\/uploads\/Bandeira-do-Sao-Paulo-no-Morumbis-em-2024.webp","articleSection":["S\u00e3o Paulo"],"inLanguage":"pt-BR","potentialAction":[{"@type":"CommentAction","name":"Comment","target":["https:\/\/www.gaveanews.com\/index.php\/2024\/11\/23\/saidas-importantes-capitaes-sem-faixa-e-recado-de-andre-silva-as-ultimas-noticias-do-sao-paulo\/#respond"]}],"copyrightYear":"2024","copyrightHolder":{"@id":"https:\/\/www.gaveanews.com\/#organization"}},{"@type":"WebPage","@id":"https:\/\/www.gaveanews.com\/index.php\/2024\/11\/23\/saidas-importantes-capitaes-sem-faixa-e-recado-de-andre-silva-as-ultimas-noticias-do-sao-paulo\/","url":"https:\/\/www.gaveanews.com\/index.php\/2024\/11\/23\/saidas-importantes-capitaes-sem-faixa-e-recado-de-andre-silva-as-ultimas-noticias-do-sao-paulo\/","name":"Sa\u00eddas importantes, capit\u00e3es sem faixa e recado de Andr\u00e9 Silva: as \u00faltimas not\u00edcias do S\u00e3o Paulo","isPartOf":{"@id":"https:\/\/www.gaveanews.com\/#website"},"primaryImageOfPage":{"@id":"https:\/\/www.gaveanews.com\/index.php\/2024\/11\/23\/saidas-importantes-capitaes-sem-faixa-e-recado-de-andre-silva-as-ultimas-noticias-do-sao-paulo\/#primaryimage"},"image":{"@id":"https:\/\/www.gaveanews.com\/index.php\/2024\/11\/23\/saidas-importantes-capitaes-sem-faixa-e-recado-de-andre-silva-as-ultimas-noticias-do-sao-paulo\/#primaryimage"},"thumbnailUrl":"https:\/\/www.gaveanews.com\/wp-content\/uploads\/Bandeira-do-Sao-Paulo-no-Morumbis-em-2024.webp","datePublished":"2024-11-23T23:40:00+00:00","author":{"@id":"https:\/\/www.gaveanews.com\/#\/schema\/person\/8207cd4627f56151707418bfc835b2fb"},"breadcrumb":{"@id":"https:\/\/www.gaveanews.com\/index.php\/2024\/11\/23\/saidas-importantes-capitaes-sem-faixa-e-recado-de-andre-silva-as-ultimas-noticias-do-sao-paulo\/#breadcrumb"},"inLanguage":"pt-BR","potentialAction":[{"@type":"ReadAction","target":["https:\/\/www.gaveanews.com\/index.php\/2024\/11\/23\/saidas-importantes-capitaes-sem-faixa-e-recado-de-andre-silva-as-ultimas-noticias-do-sao-paulo\/"]}]},{"@type":"ImageObject","inLanguage":"pt-BR","@id":"https:\/\/www.gaveanews.com\/index.php\/2024\/11\/23\/saidas-importantes-capitaes-sem-faixa-e-recado-de-andre-silva-as-ultimas-noticias-do-sao-paulo\/#primaryimage","url":"https:\/\/www.gaveanews.com\/wp-content\/uploads\/Bandeira-do-Sao-Paulo-no-Morumbis-em-2024.webp","contentUrl":"https:\/\/www.gaveanews.com\/wp-content\/uploads\/Bandeira-do-Sao-Paulo-no-Morumbis-em-2024.webp","width":1000,"height":667,"caption":"Bandeira do S\u00e3o Paulo no Morumbis em 2024 (Foto: Reprodu\u00e7\u00e3o\/S\u00e3o Paulo)"},{"@type":"BreadcrumbList","@id":"https:\/\/www.gaveanews.com\/index.php\/2024\/11\/23\/saidas-importantes-capitaes-sem-faixa-e-recado-de-andre-silva-as-ultimas-noticias-do-sao-paulo\/#breadcrumb","itemListElement":[{"@type":"ListItem","position":1,"name":"Home","item":"https:\/\/www.gaveanews.com\/"},{"@type":"ListItem","position":2,"name":"Sa\u00eddas importantes, capit\u00e3es sem faixa e recado de Andr\u00e9 Silva: as \u00faltimas not\u00edcias do S\u00e3o Paulo"}]},{"@type":"WebSite","@id":"https:\/\/www.gaveanews.com\/#website","url":"https:\/\/www.gaveanews.com\/","name":"G\u00e1vea News","description":"Veja todas as not\u00edcias sobre o Flamengo: Contrata\u00e7\u00f5es, categorias de base, resultados das partidas, tabela de classifica\u00e7\u00e3o, pr\u00f3ximos jogos!","potentialAction":[{"@type":"SearchAction","target":{"@type":"EntryPoint","urlTemplate":"https:\/\/www.gaveanews.com\/?s={search_term_string}"},"query-input":{"@type":"PropertyValueSpecification","valueRequired":true,"valueName":"search_term_string"}}],"inLanguage":"pt-BR"},{"@type":"Person","@id":"https:\/\/www.gaveanews.com\/#\/schema\/person\/8207cd4627f56151707418bfc835b2fb","name":"Matheus Felipe","image":{"@type":"ImageObject","inLanguage":"pt-BR","@id":"https:\/\/www.gaveanews.com\/#\/schema\/person\/image\/","url":"https:\/\/secure.gravatar.com\/avatar\/a452ffbed9130f726358b298bb3a99ce4bd3c5338411f8440e87e14d74c7c087?s=96&d=mm&r=g","contentUrl":"https:\/\/secure.gravatar.com\/avatar\/a452ffbed9130f726358b298bb3a99ce4bd3c5338411f8440e87e14d74c7c087?s=96&d=mm&r=g","caption":"Matheus Felipe"}}]}},"_links":{"self":[{"href":"https:\/\/www.gaveanews.com\/index.php\/wp-json\/wp\/v2\/posts\/189577","targetHints":{"allow":["GET"]}}],"collection":[{"href":"https:\/\/www.gaveanews.com\/index.php\/wp-json\/wp\/v2\/posts"}],"about":[{"href":"https:\/\/www.gaveanews.com\/index.php\/wp-json\/wp\/v2\/types\/post"}],"author":[{"embeddable":true,"href":"https:\/\/www.gaveanews.com\/index.php\/wp-json\/wp\/v2\/users\/27"}],"replies":[{"embeddable":true,"href":"https:\/\/www.gaveanews.com\/index.php\/wp-json\/wp\/v2\/comments?post=189577"}],"version-history":[{"count":1,"href":"https:\/\/www.gaveanews.com\/index.php\/wp-json\/wp\/v2\/posts\/189577\/revisions"}],"predecessor-version":[{"id":189583,"href":"https:\/\/www.gaveanews.com\/index.php\/wp-json\/wp\/v2\/posts\/189577\/revisions\/189583"}],"wp:featuredmedia":[{"embeddable":true,"href":"https:\/\/www.gaveanews.com\/index.php\/wp-json\/wp\/v2\/media\/154249"}],"wp:attachment":[{"href":"https:\/\/www.gaveanews.com\/index.php\/wp-json\/wp\/v2\/media?parent=189577"}],"wp:term":[{"taxonomy":"category","embeddable":true,"href":"https:\/\/www.gaveanews.com\/index.php\/wp-json\/wp\/v2\/categories?post=189577"},{"taxonomy":"post_tag","embeddable":true,"href":"https:\/\/www.gaveanews.com\/index.php\/wp-json\/wp\/v2\/tags?post=189577"}],"curies":[{"name":"wp","href":"https:\/\/api.w.org\/{rel}","templated":true}]}}